{"id":138109,"date":"2022-12-03T18:25:30","date_gmt":"2022-12-03T17:25:30","guid":{"rendered":"https:\/\/www.bellunopress.it\/?p=138109"},"modified":"2022-12-03T18:25:30","modified_gmt":"2022-12-03T17:25:30","slug":"ciclabile-via-feltre-e-corsie-ciclabili-di-belluno-lettera-al-sindaco-e-allassessore-dal-presidente-fiab-belluno","status":"publish","type":"post","link":"https:\/\/www.bellunopress.it\/fr\/2022\/12\/03\/ciclabile-via-feltre-e-corsie-ciclabili-di-belluno-lettera-al-sindaco-e-allassessore-dal-presidente-fiab-belluno\/","title":{"rendered":"Ciclabile via Feltre e corsie ciclabili di Belluno.  Lettera al sindaco e all&#8217;assessore dal presidente Fiab Belluno"},"content":{"rendered":"<figure id=\"attachment_127563\" aria-describedby=\"caption-attachment-127563\" style=\"width: 693px\" class=\"wp-caption alignleft\"><img loading=\"lazy\" decoding=\"async\" class=\"size-full wp-image-127563\" src=\"https:\/\/www.bellunopress.it\/wp-content\/uploads\/2021\/09\/Fiab-Belluno-amici-della-bicicletta-Pierluigi-Trevisan.jpg\" alt=\"\" width=\"693\" height=\"383\" srcset=\"https:\/\/www.bellunopress.it\/wp-content\/uploads\/2021\/09\/Fiab-Belluno-amici-della-bicicletta-Pierluigi-Trevisan.jpg 693w, https:\/\/www.bellunopress.it\/wp-content\/uploads\/2021\/09\/Fiab-Belluno-amici-della-bicicletta-Pierluigi-Trevisan-500x276.jpg 500w\" sizes=\"auto, (max-width: 693px) 100vw, 693px\" \/><figcaption id=\"caption-attachment-127563\" class=\"wp-caption-text\">Pierluigi Trevisan &#8211; Presidente Fiab Belluno<\/figcaption><\/figure>\n<p>A proposito dell\u2019articolo sulla ciclabile di via Feltre, comparso sul Corriere delle Alpi in data<br \/>\n2\/12\/22, FIAB Belluno concorda con le osservazioni del consigliere La Grua sulle pietose<br \/>\ncondizioni della pista ciclabile e sollecita quindi l\u2019amministrazione comunale ad un urgente<br \/>\nintervento manutentivo, con ripristino dell\u2019asfalto arancione in modo da evidenziare la pista<br \/>\nciclabile e aumentarne cos\u00ec la sicurezza.<\/p>\n<p>Vorremmo invece sapere dove l\u2019assessore Roccon ha intenzione di spostare la pista ciclabile di via Feltre, infatti quella che l\u2019assessore Roccon definisce \u201cuna ciclabile che va rivista nella sua collocazione, pericolosa e non certo citabile tra le ciclabili di Belluno\u201d \u00e8 una storica ciclabile in corsia riservata, sicura e da sempre molto utilizzata. Oggi, dopo l\u2019ultimazione della ciclabile di via Prade, \u00e8 diventata ancor pi\u00f9 fondamentale per collegare il centro con Giamosa e Salce. Semmai questa ciclabile andrebbe raddoppiata dall\u2019altra parte della strada per favorire ai ciclisti l\u2019ingresso da Salce verso il centro.<\/p>\n<p>Inoltre, l\u2019assessore afferma che \u201cle corsie ciclabili eseguite lungo le strade cittadine ne aumentano la pericolosit\u00e0\u201d. FIAB Belluno sottolinea che le corsie ciclabili sono previste dal Codice della Strada (Art. 3, comma 1, n. 12 bis e 12 ter) che ha (Art. 1) come obiettivo primario \u201cla sicurezza e la tutela della salute e delle persone\u2026nella circolazione stradale\u201d. Il Codice della Strada rafforza il tema della sicurezza, assieme a quello della mobilit\u00e0 sostenibile e della promozione della mobilit\u00e0 ciclistica, nell\u2019Art. 2: \u201cLe norme e i provvedimenti attuativi si ispirano ai principi della sicurezza stradale e della mobilit\u00e0 sostenibile, perseguendo gli obiettivi: di ridurre i costi economici, sociali ed ambientali derivanti dal traffico veicolare; di migliorare il livello di qualit\u00e0 della vita dei cittadini anche attraverso una razionale utilizzazione del territorio; di migliorare la fluidit\u00e0 della circolazione; di promuovere l&#8217;uso dei velocipedi.\u201d<\/p>\n<p>Ora, se il legislatore avesse rilevato che le corsie ciclabili sono pericolose, non le avrebbe inserite nel codice della strada. Inoltre, Il Piano Generale della Mobilit\u00e0 Ciclistica Urbana ed Extraurbana, documento ufficiale del Ministero delle infrastrutture<br \/>\n(https:\/\/www.mit.gov.it\/nfsmitgov\/files\/media\/notizia\/2022-<br \/>\n08\/PG%20Mobilit%C3%A0%20Ciclista%20e%20allegati.pdf)<br \/>\na pag. 7 dice che va data \u201cpriorit\u00e0 all&#8217;utilizzo sistematico della bicicletta come forma di mobilit\u00e0 quotidiana da agevolare rispetto all&#8217;uso individuale del mezzo privato a motore\u201d e che (pag. 44) lo spazio delle strade urbane destinato alla ciclabilit\u00e0 e alla pedonalit\u00e0 va non ridotto, bens\u00ec aumentato, razionalizzando quello per la circolazione e sosta dei veicoli privati. Va anche sottolineato che nella Missione 2 \u201cRivoluzione Verde e Transizione Ecologica\u201d del PNRR, la Misura 4 \u201cSviluppare un trasporto locale pi\u00f9 sostenibile\u201d prevede alcune direttrici chiare: investire in mobilit\u00e0 \u201csoft\u201d, favorendo l\u2019intermodalit\u00e0 e l&#8217;utilizzo di biciclette con nuovi percorsi ciclabili urbani. https:\/\/www.mite.gov.it\/pagina\/misura-4-sviluppare-un-trasporto-locale-piu-sostenibile<\/p>\n<p>In questo quadro generale si inseriscono le corsie ciclabili che non sono un elemento di pericolosit\u00e0, ma al contrario sono un elemento di sicurezza poich\u00e9 la linea bianca tratteggiata sul lato destro della strada definisce lo spazio comunque occupato da chi va in bicicletta e allerta l\u2019automobilista che quel segmento della carreggiata \u00e8 percorso dalle biciclette e quindi \u00e8 bene prestare attenzione.<br \/>\nL\u2019elemento di sicurezza non \u00e8 solo per chi va in bici, ma anche per chi va in macchina, in quanto suggerisce all\u2019automobilista un comportamento prudente, riducendo la velocit\u00e0 e lasciando spazio al ciclista, invece di sfiorarlo mettendone a repentaglio la sicurezza e, troppo spesso, la vita.<br \/>\nQuello che \u00e8 pericoloso non sono le corsie ciclabili, ma il comportamento degli automobilisti<br \/>\nquando, ad es., non rispettano il limite di velocit\u00e0, che in ambito urbano dovrebbe essere dovunque di 30 km\/h, oppure, sorpassando il ciclista, lo sfiorano mettendone a rischio l\u2019equilibrio e la vita, oppure si distraggono, ad es. messaggiando al telefonino, per cui non \u201cvedono\u201d il ciclista e lo investono in pieno.<br \/>\nAppurato quindi che gli interventi realizzati per la Bicipolitana, segnatamente le corsie ciclabili, sono assolutamente a norma e aumentano la sicurezza di ciclisti e automobilisti, invitiamo l\u2019amministrazione a ripristinare il manto asfaltato delle corsie ciclabili dove \u00e8 stato rovinato per i lavori di posa delle linee della fibra ottica e a ripristinare la segnaletica orizzontale (striscia bianca tratteggiata e pittogrammi con la bicicletta), infatti, qualora questi interventi non vengano eseguiti, determinando cos\u00ec la scomparsa de facto delle corsie ciclabili, nel caso di un incidente ad un ciclista ci potrebbero essere ricadute legali nei confronti della stessa amministrazione comunale a causa della mancata manutenzione delle corsie ciclabili esistenti.<br \/>\n<strong>Pierluigi Trevisan &#8211; Presidente FIAB Belluno<\/strong><br \/>\nwww.bellunoinbici.it &#8211; Email: fiab@bellunoinbici.it<\/p>","protected":false},"excerpt":{"rendered":"<p>A proposito dell\u2019articolo sulla ciclabile di via Feltre, comparso sul Corriere delle Alpi in data 2\/12\/22, FIAB Belluno concorda con le osservazioni del consigliere La Grua sulle pietose condizioni della pista ciclabile e sollecita quindi l\u2019amministrazione comunale ad un urgente intervento manutentivo, con ripristino dell\u2019asfalto arancione in modo da evidenziare la pista ciclabile e aumentarne [&hellip;]<\/p>\n","protected":false},"author":2,"featured_media":127563,"comment_status":"closed","ping_status":"open","sticky":false,"template":"","format":"standard","meta":{"footnotes":""},"categories":[5,4],"tags":[],"class_list":["post-138109","post","type-post","status-publish","format-standard","has-post-thumbnail","category-cronaca","category-sport"],"yoast_head":"<!-- This site is optimized with the Yoast SEO plugin v28.4 - https:\/\/yoast.com\/product\/yoast-seo-wordpress\/ -->\n<title>Ciclabile via Feltre e corsie ciclabili di Belluno. Lettera al sindaco e all&#039;assessore dal presidente Fiab Belluno - Bellunopress - Dolomiti<\/title>\n<meta name=\"robots\" content=\"index, follow, max-snippet:-1, max-image-preview:large, max-video-preview:-1\" \/>\n<link rel=\"canonical\" href=\"https:\/\/www.bellunopress.it\/fr\/2022\/12\/03\/ciclabile-via-feltre-e-corsie-ciclabili-di-belluno-lettera-al-sindaco-e-allassessore-dal-presidente-fiab-belluno\/\" \/>\n<meta property=\"og:locale\" content=\"fr_FR\" \/>\n<meta property=\"og:type\" content=\"article\" \/>\n<meta property=\"og:title\" content=\"Ciclabile via Feltre e corsie ciclabili di Belluno. Lettera al sindaco e all&#039;assessore dal presidente Fiab Belluno - Bellunopress - Dolomiti\" \/>\n<meta property=\"og:description\" content=\"A proposito dell\u2019articolo sulla ciclabile di via Feltre, comparso sul Corriere delle Alpi in data 2\/12\/22, FIAB Belluno concorda con le osservazioni del consigliere La Grua sulle pietose condizioni della pista ciclabile e sollecita quindi l\u2019amministrazione comunale ad un urgente intervento manutentivo, con ripristino dell\u2019asfalto arancione in modo da evidenziare la pista ciclabile e aumentarne [&hellip;]\" \/>\n<meta property=\"og:url\" content=\"https:\/\/www.bellunopress.it\/fr\/2022\/12\/03\/ciclabile-via-feltre-e-corsie-ciclabili-di-belluno-lettera-al-sindaco-e-allassessore-dal-presidente-fiab-belluno\/\" \/>\n<meta property=\"og:site_name\" content=\"Bellunopress - Dolomiti\" \/>\n<meta property=\"article:publisher\" content=\"https:\/\/www.facebook.com\/profile.php?id=100008943462799\" \/>\n<meta property=\"article:published_time\" content=\"2022-12-03T17:25:30+00:00\" \/>\n<meta property=\"og:image\" content=\"https:\/\/www.bellunopress.it\/wp-content\/uploads\/2021\/09\/Fiab-Belluno-amici-della-bicicletta-Pierluigi-Trevisan.jpg\" \/>\n\t<meta property=\"og:image:width\" content=\"693\" \/>\n\t<meta property=\"og:image:height\" content=\"383\" \/>\n\t<meta property=\"og:image:type\" content=\"image\/jpeg\" \/>\n<meta name=\"author\" content=\"redazione\" \/>\n<meta name=\"twitter:card\" content=\"summary_large_image\" \/>\n<meta name=\"twitter:creator\" content=\"@bellunopress\" \/>\n<meta name=\"twitter:site\" content=\"@bellunopress\" \/>\n<meta name=\"twitter:label1\" content=\"\u00c9crit par\" \/>\n\t<meta name=\"twitter:data1\" content=\"redazione\" \/>\n\t<meta name=\"twitter:label2\" content=\"Dur\u00e9e de lecture estim\u00e9e\" \/>\n\t<meta name=\"twitter:data2\" content=\"5 minutes\" \/>\n<script type=\"application\/ld+json\" class=\"yoast-schema-graph\">{\"@context\":\"https:\\\/\\\/schema.org\",\"@graph\":[{\"@type\":\"Article\",\"@id\":\"https:\\\/\\\/www.bellunopress.it\\\/2022\\\/12\\\/03\\\/ciclabile-via-feltre-e-corsie-ciclabili-di-belluno-lettera-al-sindaco-e-allassessore-dal-presidente-fiab-belluno\\\/#article\",\"isPartOf\":{\"@id\":\"https:\\\/\\\/www.bellunopress.it\\\/2022\\\/12\\\/03\\\/ciclabile-via-feltre-e-corsie-ciclabili-di-belluno-lettera-al-sindaco-e-allassessore-dal-presidente-fiab-belluno\\\/\"},\"author\":{\"name\":\"redazione\",\"@id\":\"https:\\\/\\\/www.bellunopress.it\\\/#\\\/schema\\\/person\\\/79bb06722b37ece1c03d3e94beb30d73\"},\"headline\":\"Ciclabile via Feltre e corsie ciclabili di Belluno. Lettera al sindaco e all&#8217;assessore dal presidente Fiab Belluno\",\"datePublished\":\"2022-12-03T17:25:30+00:00\",\"mainEntityOfPage\":{\"@id\":\"https:\\\/\\\/www.bellunopress.it\\\/2022\\\/12\\\/03\\\/ciclabile-via-feltre-e-corsie-ciclabili-di-belluno-lettera-al-sindaco-e-allassessore-dal-presidente-fiab-belluno\\\/\"},\"wordCount\":781,\"publisher\":{\"@id\":\"https:\\\/\\\/www.bellunopress.it\\\/#organization\"},\"image\":{\"@id\":\"https:\\\/\\\/www.bellunopress.it\\\/2022\\\/12\\\/03\\\/ciclabile-via-feltre-e-corsie-ciclabili-di-belluno-lettera-al-sindaco-e-allassessore-dal-presidente-fiab-belluno\\\/#primaryimage\"},\"thumbnailUrl\":\"https:\\\/\\\/www.bellunopress.it\\\/wp-content\\\/uploads\\\/2021\\\/09\\\/Fiab-Belluno-amici-della-bicicletta-Pierluigi-Trevisan.jpg\",\"articleSection\":[\"Cronaca\\\/Politica\",\"Sport, tempo libero\"],\"inLanguage\":\"fr-FR\"},{\"@type\":\"WebPage\",\"@id\":\"https:\\\/\\\/www.bellunopress.it\\\/2022\\\/12\\\/03\\\/ciclabile-via-feltre-e-corsie-ciclabili-di-belluno-lettera-al-sindaco-e-allassessore-dal-presidente-fiab-belluno\\\/\",\"url\":\"https:\\\/\\\/www.bellunopress.it\\\/2022\\\/12\\\/03\\\/ciclabile-via-feltre-e-corsie-ciclabili-di-belluno-lettera-al-sindaco-e-allassessore-dal-presidente-fiab-belluno\\\/\",\"name\":\"Ciclabile via Feltre e corsie ciclabili di Belluno. Lettera al sindaco e all'assessore dal presidente Fiab Belluno - Bellunopress - Dolomiti\",\"isPartOf\":{\"@id\":\"https:\\\/\\\/www.bellunopress.it\\\/#website\"},\"primaryImageOfPage\":{\"@id\":\"https:\\\/\\\/www.bellunopress.it\\\/2022\\\/12\\\/03\\\/ciclabile-via-feltre-e-corsie-ciclabili-di-belluno-lettera-al-sindaco-e-allassessore-dal-presidente-fiab-belluno\\\/#primaryimage\"},\"image\":{\"@id\":\"https:\\\/\\\/www.bellunopress.it\\\/2022\\\/12\\\/03\\\/ciclabile-via-feltre-e-corsie-ciclabili-di-belluno-lettera-al-sindaco-e-allassessore-dal-presidente-fiab-belluno\\\/#primaryimage\"},\"thumbnailUrl\":\"https:\\\/\\\/www.bellunopress.it\\\/wp-content\\\/uploads\\\/2021\\\/09\\\/Fiab-Belluno-amici-della-bicicletta-Pierluigi-Trevisan.jpg\",\"datePublished\":\"2022-12-03T17:25:30+00:00\",\"breadcrumb\":{\"@id\":\"https:\\\/\\\/www.bellunopress.it\\\/2022\\\/12\\\/03\\\/ciclabile-via-feltre-e-corsie-ciclabili-di-belluno-lettera-al-sindaco-e-allassessore-dal-presidente-fiab-belluno\\\/#breadcrumb\"},\"inLanguage\":\"fr-FR\",\"potentialAction\":[{\"@type\":\"ReadAction\",\"target\":[\"https:\\\/\\\/www.bellunopress.it\\\/2022\\\/12\\\/03\\\/ciclabile-via-feltre-e-corsie-ciclabili-di-belluno-lettera-al-sindaco-e-allassessore-dal-presidente-fiab-belluno\\\/\"]}]},{\"@type\":\"ImageObject\",\"inLanguage\":\"fr-FR\",\"@id\":\"https:\\\/\\\/www.bellunopress.it\\\/2022\\\/12\\\/03\\\/ciclabile-via-feltre-e-corsie-ciclabili-di-belluno-lettera-al-sindaco-e-allassessore-dal-presidente-fiab-belluno\\\/#primaryimage\",\"url\":\"https:\\\/\\\/www.bellunopress.it\\\/wp-content\\\/uploads\\\/2021\\\/09\\\/Fiab-Belluno-amici-della-bicicletta-Pierluigi-Trevisan.jpg\",\"contentUrl\":\"https:\\\/\\\/www.bellunopress.it\\\/wp-content\\\/uploads\\\/2021\\\/09\\\/Fiab-Belluno-amici-della-bicicletta-Pierluigi-Trevisan.jpg\",\"width\":693,\"height\":383,\"caption\":\"Pierluigi Trevisan - Presidente Fiab Belluno\"},{\"@type\":\"BreadcrumbList\",\"@id\":\"https:\\\/\\\/www.bellunopress.it\\\/2022\\\/12\\\/03\\\/ciclabile-via-feltre-e-corsie-ciclabili-di-belluno-lettera-al-sindaco-e-allassessore-dal-presidente-fiab-belluno\\\/#breadcrumb\",\"itemListElement\":[{\"@type\":\"ListItem\",\"position\":1,\"name\":\"Home\",\"item\":\"https:\\\/\\\/www.bellunopress.it\\\/\"},{\"@type\":\"ListItem\",\"position\":2,\"name\":\"Ciclabile via Feltre e corsie ciclabili di Belluno. Lettera al sindaco e all&#8217;assessore dal presidente Fiab Belluno\"}]},{\"@type\":\"WebSite\",\"@id\":\"https:\\\/\\\/www.bellunopress.it\\\/#website\",\"url\":\"https:\\\/\\\/www.bellunopress.it\\\/\",\"name\":\"Bellunopress - Dolomiti\",\"description\":\"e-mail: redazione@bellunopress.it\",\"publisher\":{\"@id\":\"https:\\\/\\\/www.bellunopress.it\\\/#organization\"},\"potentialAction\":[{\"@type\":\"SearchAction\",\"target\":{\"@type\":\"EntryPoint\",\"urlTemplate\":\"https:\\\/\\\/www.bellunopress.it\\\/?s={search_term_string}\"},\"query-input\":{\"@type\":\"PropertyValueSpecification\",\"valueRequired\":true,\"valueName\":\"search_term_string\"}}],\"inLanguage\":\"fr-FR\"},{\"@type\":\"Organization\",\"@id\":\"https:\\\/\\\/www.bellunopress.it\\\/#organization\",\"name\":\"Bellunopress\",\"url\":\"https:\\\/\\\/www.bellunopress.it\\\/\",\"logo\":{\"@type\":\"ImageObject\",\"inLanguage\":\"fr-FR\",\"@id\":\"https:\\\/\\\/www.bellunopress.it\\\/#\\\/schema\\\/logo\\\/image\\\/\",\"url\":\"https:\\\/\\\/www.bellunopress.it\\\/wp-content\\\/uploads\\\/2011\\\/05\\\/cropped-logo-bellunopress-.jpg\",\"contentUrl\":\"https:\\\/\\\/www.bellunopress.it\\\/wp-content\\\/uploads\\\/2011\\\/05\\\/cropped-logo-bellunopress-.jpg\",\"width\":512,\"height\":512,\"caption\":\"Bellunopress\"},\"image\":{\"@id\":\"https:\\\/\\\/www.bellunopress.it\\\/#\\\/schema\\\/logo\\\/image\\\/\"},\"sameAs\":[\"https:\\\/\\\/www.facebook.com\\\/profile.php?id=100008943462799\",\"https:\\\/\\\/x.com\\\/bellunopress\",\"https:\\\/\\\/www.linkedin.com\\\/hp\\\/?dnr=JBzUWaJfMUw8vbXJJ2tVW5-I3jZKvC4wsoxE&amp;amp;amp;amp;amp;amp;trk=nav_responsive_tab_home\",\"https:\\\/\\\/www.youtube.com\\\/channel\\\/UCxL0wu1uN0_3_7hGG0306cw\"]},{\"@type\":\"Person\",\"@id\":\"https:\\\/\\\/www.bellunopress.it\\\/#\\\/schema\\\/person\\\/79bb06722b37ece1c03d3e94beb30d73\",\"name\":\"redazione\",\"image\":{\"@type\":\"ImageObject\",\"inLanguage\":\"fr-FR\",\"@id\":\"https:\\\/\\\/secure.gravatar.com\\\/avatar\\\/37d968a2e67a6fd04c169c4bdef102d0bc5d31b2546345219e348575eb80e9a0?s=96&d=mm&r=g\",\"url\":\"https:\\\/\\\/secure.gravatar.com\\\/avatar\\\/37d968a2e67a6fd04c169c4bdef102d0bc5d31b2546345219e348575eb80e9a0?s=96&d=mm&r=g\",\"contentUrl\":\"https:\\\/\\\/secure.gravatar.com\\\/avatar\\\/37d968a2e67a6fd04c169c4bdef102d0bc5d31b2546345219e348575eb80e9a0?s=96&d=mm&r=g\",\"caption\":\"redazione\"},\"sameAs\":[\"http:\\\/\\\/www.bellunopress.it\",\"https:\\\/\\\/x.com\\\/bellunopress\"],\"url\":\"https:\\\/\\\/www.bellunopress.it\\\/fr\\\/author\\\/redazione\\\/\"}]}<\/script>\n<!-- \/ Yoast SEO plugin. -->","yoast_head_json":{"title":"Ciclabile via Feltre e corsie ciclabili di Belluno. Lettera al sindaco e all'assessore dal presidente Fiab Belluno - Bellunopress - Dolomiti","robots":{"index":"index","follow":"follow","max-snippet":"max-snippet:-1","max-image-preview":"max-image-preview:large","max-video-preview":"max-video-preview:-1"},"canonical":"https:\/\/www.bellunopress.it\/fr\/2022\/12\/03\/ciclabile-via-feltre-e-corsie-ciclabili-di-belluno-lettera-al-sindaco-e-allassessore-dal-presidente-fiab-belluno\/","og_locale":"fr_FR","og_type":"article","og_title":"Ciclabile via Feltre e corsie ciclabili di Belluno. Lettera al sindaco e all'assessore dal presidente Fiab Belluno - Bellunopress - Dolomiti","og_description":"A proposito dell\u2019articolo sulla ciclabile di via Feltre, comparso sul Corriere delle Alpi in data 2\/12\/22, FIAB Belluno concorda con le osservazioni del consigliere La Grua sulle pietose condizioni della pista ciclabile e sollecita quindi l\u2019amministrazione comunale ad un urgente intervento manutentivo, con ripristino dell\u2019asfalto arancione in modo da evidenziare la pista ciclabile e aumentarne [&hellip;]","og_url":"https:\/\/www.bellunopress.it\/fr\/2022\/12\/03\/ciclabile-via-feltre-e-corsie-ciclabili-di-belluno-lettera-al-sindaco-e-allassessore-dal-presidente-fiab-belluno\/","og_site_name":"Bellunopress - Dolomiti","article_publisher":"https:\/\/www.facebook.com\/profile.php?id=100008943462799","article_published_time":"2022-12-03T17:25:30+00:00","og_image":[{"width":693,"height":383,"url":"https:\/\/www.bellunopress.it\/wp-content\/uploads\/2021\/09\/Fiab-Belluno-amici-della-bicicletta-Pierluigi-Trevisan.jpg","type":"image\/jpeg"}],"author":"redazione","twitter_card":"summary_large_image","twitter_creator":"@bellunopress","twitter_site":"@bellunopress","twitter_misc":{"\u00c9crit par":"redazione","Dur\u00e9e de lecture estim\u00e9e":"5 minutes"},"schema":{"@context":"https:\/\/schema.org","@graph":[{"@type":"Article","@id":"https:\/\/www.bellunopress.it\/2022\/12\/03\/ciclabile-via-feltre-e-corsie-ciclabili-di-belluno-lettera-al-sindaco-e-allassessore-dal-presidente-fiab-belluno\/#article","isPartOf":{"@id":"https:\/\/www.bellunopress.it\/2022\/12\/03\/ciclabile-via-feltre-e-corsie-ciclabili-di-belluno-lettera-al-sindaco-e-allassessore-dal-presidente-fiab-belluno\/"},"author":{"name":"redazione","@id":"https:\/\/www.bellunopress.it\/#\/schema\/person\/79bb06722b37ece1c03d3e94beb30d73"},"headline":"Ciclabile via Feltre e corsie ciclabili di Belluno. Lettera al sindaco e all&#8217;assessore dal presidente Fiab Belluno","datePublished":"2022-12-03T17:25:30+00:00","mainEntityOfPage":{"@id":"https:\/\/www.bellunopress.it\/2022\/12\/03\/ciclabile-via-feltre-e-corsie-ciclabili-di-belluno-lettera-al-sindaco-e-allassessore-dal-presidente-fiab-belluno\/"},"wordCount":781,"publisher":{"@id":"https:\/\/www.bellunopress.it\/#organization"},"image":{"@id":"https:\/\/www.bellunopress.it\/2022\/12\/03\/ciclabile-via-feltre-e-corsie-ciclabili-di-belluno-lettera-al-sindaco-e-allassessore-dal-presidente-fiab-belluno\/#primaryimage"},"thumbnailUrl":"https:\/\/www.bellunopress.it\/wp-content\/uploads\/2021\/09\/Fiab-Belluno-amici-della-bicicletta-Pierluigi-Trevisan.jpg","articleSection":["Cronaca\/Politica","Sport, tempo libero"],"inLanguage":"fr-FR"},{"@type":"WebPage","@id":"https:\/\/www.bellunopress.it\/2022\/12\/03\/ciclabile-via-feltre-e-corsie-ciclabili-di-belluno-lettera-al-sindaco-e-allassessore-dal-presidente-fiab-belluno\/","url":"https:\/\/www.bellunopress.it\/2022\/12\/03\/ciclabile-via-feltre-e-corsie-ciclabili-di-belluno-lettera-al-sindaco-e-allassessore-dal-presidente-fiab-belluno\/","name":"Ciclabile via Feltre e corsie ciclabili di Belluno. Lettera al sindaco e all'assessore dal presidente Fiab Belluno - Bellunopress - Dolomiti","isPartOf":{"@id":"https:\/\/www.bellunopress.it\/#website"},"primaryImageOfPage":{"@id":"https:\/\/www.bellunopress.it\/2022\/12\/03\/ciclabile-via-feltre-e-corsie-ciclabili-di-belluno-lettera-al-sindaco-e-allassessore-dal-presidente-fiab-belluno\/#primaryimage"},"image":{"@id":"https:\/\/www.bellunopress.it\/2022\/12\/03\/ciclabile-via-feltre-e-corsie-ciclabili-di-belluno-lettera-al-sindaco-e-allassessore-dal-presidente-fiab-belluno\/#primaryimage"},"thumbnailUrl":"https:\/\/www.bellunopress.it\/wp-content\/uploads\/2021\/09\/Fiab-Belluno-amici-della-bicicletta-Pierluigi-Trevisan.jpg","datePublished":"2022-12-03T17:25:30+00:00","breadcrumb":{"@id":"https:\/\/www.bellunopress.it\/2022\/12\/03\/ciclabile-via-feltre-e-corsie-ciclabili-di-belluno-lettera-al-sindaco-e-allassessore-dal-presidente-fiab-belluno\/#breadcrumb"},"inLanguage":"fr-FR","potentialAction":[{"@type":"ReadAction","target":["https:\/\/www.bellunopress.it\/2022\/12\/03\/ciclabile-via-feltre-e-corsie-ciclabili-di-belluno-lettera-al-sindaco-e-allassessore-dal-presidente-fiab-belluno\/"]}]},{"@type":"ImageObject","inLanguage":"fr-FR","@id":"https:\/\/www.bellunopress.it\/2022\/12\/03\/ciclabile-via-feltre-e-corsie-ciclabili-di-belluno-lettera-al-sindaco-e-allassessore-dal-presidente-fiab-belluno\/#primaryimage","url":"https:\/\/www.bellunopress.it\/wp-content\/uploads\/2021\/09\/Fiab-Belluno-amici-della-bicicletta-Pierluigi-Trevisan.jpg","contentUrl":"https:\/\/www.bellunopress.it\/wp-content\/uploads\/2021\/09\/Fiab-Belluno-amici-della-bicicletta-Pierluigi-Trevisan.jpg","width":693,"height":383,"caption":"Pierluigi Trevisan - Presidente Fiab Belluno"},{"@type":"BreadcrumbList","@id":"https:\/\/www.bellunopress.it\/2022\/12\/03\/ciclabile-via-feltre-e-corsie-ciclabili-di-belluno-lettera-al-sindaco-e-allassessore-dal-presidente-fiab-belluno\/#breadcrumb","itemListElement":[{"@type":"ListItem","position":1,"name":"Home","item":"https:\/\/www.bellunopress.it\/"},{"@type":"ListItem","position":2,"name":"Ciclabile via Feltre e corsie ciclabili di Belluno. Lettera al sindaco e all&#8217;assessore dal presidente Fiab Belluno"}]},{"@type":"WebSite","@id":"https:\/\/www.bellunopress.it\/#website","url":"https:\/\/www.bellunopress.it\/","name":"Bellunopress - Dolomiti","description":"e-mail: redazione@bellunopress.it","publisher":{"@id":"https:\/\/www.bellunopress.it\/#organization"},"potentialAction":[{"@type":"SearchAction","target":{"@type":"EntryPoint","urlTemplate":"https:\/\/www.bellunopress.it\/?s={search_term_string}"},"query-input":{"@type":"PropertyValueSpecification","valueRequired":true,"valueName":"search_term_string"}}],"inLanguage":"fr-FR"},{"@type":"Organization","@id":"https:\/\/www.bellunopress.it\/#organization","name":"Bellunopress","url":"https:\/\/www.bellunopress.it\/","logo":{"@type":"ImageObject","inLanguage":"fr-FR","@id":"https:\/\/www.bellunopress.it\/#\/schema\/logo\/image\/","url":"https:\/\/www.bellunopress.it\/wp-content\/uploads\/2011\/05\/cropped-logo-bellunopress-.jpg","contentUrl":"https:\/\/www.bellunopress.it\/wp-content\/uploads\/2011\/05\/cropped-logo-bellunopress-.jpg","width":512,"height":512,"caption":"Bellunopress"},"image":{"@id":"https:\/\/www.bellunopress.it\/#\/schema\/logo\/image\/"},"sameAs":["https:\/\/www.facebook.com\/profile.php?id=100008943462799","https:\/\/x.com\/bellunopress","https:\/\/www.linkedin.com\/hp\/?dnr=JBzUWaJfMUw8vbXJJ2tVW5-I3jZKvC4wsoxE&amp;amp;amp;amp;amp;amp;trk=nav_responsive_tab_home","https:\/\/www.youtube.com\/channel\/UCxL0wu1uN0_3_7hGG0306cw"]},{"@type":"Person","@id":"https:\/\/www.bellunopress.it\/#\/schema\/person\/79bb06722b37ece1c03d3e94beb30d73","name":"r\u00e9daction","image":{"@type":"ImageObject","inLanguage":"fr-FR","@id":"https:\/\/secure.gravatar.com\/avatar\/37d968a2e67a6fd04c169c4bdef102d0bc5d31b2546345219e348575eb80e9a0?s=96&d=mm&r=g","url":"https:\/\/secure.gravatar.com\/avatar\/37d968a2e67a6fd04c169c4bdef102d0bc5d31b2546345219e348575eb80e9a0?s=96&d=mm&r=g","contentUrl":"https:\/\/secure.gravatar.com\/avatar\/37d968a2e67a6fd04c169c4bdef102d0bc5d31b2546345219e348575eb80e9a0?s=96&d=mm&r=g","caption":"redazione"},"sameAs":["http:\/\/www.bellunopress.it","https:\/\/x.com\/bellunopress"],"url":"https:\/\/www.bellunopress.it\/fr\/author\/redazione\/"}]}},"_links":{"self":[{"href":"https:\/\/www.bellunopress.it\/fr\/wp-json\/wp\/v2\/posts\/138109","targetHints":{"allow":["GET"]}}],"collection":[{"href":"https:\/\/www.bellunopress.it\/fr\/wp-json\/wp\/v2\/posts"}],"about":[{"href":"https:\/\/www.bellunopress.it\/fr\/wp-json\/wp\/v2\/types\/post"}],"author":[{"embeddable":true,"href":"https:\/\/www.bellunopress.it\/fr\/wp-json\/wp\/v2\/users\/2"}],"replies":[{"embeddable":true,"href":"https:\/\/www.bellunopress.it\/fr\/wp-json\/wp\/v2\/comments?post=138109"}],"version-history":[{"count":1,"href":"https:\/\/www.bellunopress.it\/fr\/wp-json\/wp\/v2\/posts\/138109\/revisions"}],"predecessor-version":[{"id":138110,"href":"https:\/\/www.bellunopress.it\/fr\/wp-json\/wp\/v2\/posts\/138109\/revisions\/138110"}],"wp:featuredmedia":[{"embeddable":true,"href":"https:\/\/www.bellunopress.it\/fr\/wp-json\/wp\/v2\/media\/127563"}],"wp:attachment":[{"href":"https:\/\/www.bellunopress.it\/fr\/wp-json\/wp\/v2\/media?parent=138109"}],"wp:term":[{"taxonomy":"category","embeddable":true,"href":"https:\/\/www.bellunopress.it\/fr\/wp-json\/wp\/v2\/categories?post=138109"},{"taxonomy":"post_tag","embeddable":true,"href":"https:\/\/www.bellunopress.it\/fr\/wp-json\/wp\/v2\/tags?post=138109"}],"curies":[{"name":"wp","href":"https:\/\/api.w.org\/{rel}","templated":true}]}}