{"id":138107,"date":"2022-12-03T18:12:09","date_gmt":"2022-12-03T17:12:09","guid":{"rendered":"https:\/\/www.bellunopress.it\/?p=138107"},"modified":"2022-12-03T18:12:09","modified_gmt":"2022-12-03T17:12:09","slug":"riparte-il-biodigestore-di-dolomiti-ambiente","status":"publish","type":"post","link":"https:\/\/www.bellunopress.it\/fr\/2022\/12\/03\/riparte-il-biodigestore-di-dolomiti-ambiente\/","title":{"rendered":"Riparte il biodigestore di Dolomiti Ambiente"},"content":{"rendered":"<figure id=\"attachment_126637\" aria-describedby=\"caption-attachment-126637\" style=\"width: 800px\" class=\"wp-caption alignleft\"><img loading=\"lazy\" decoding=\"async\" class=\"size-full wp-image-126637\" src=\"https:\/\/www.bellunopress.it\/wp-content\/uploads\/2021\/08\/Biodigestore-Masarot_edited.jpg\" alt=\"\" width=\"800\" height=\"600\" srcset=\"https:\/\/www.bellunopress.it\/wp-content\/uploads\/2021\/08\/Biodigestore-Masarot_edited.jpg 800w, https:\/\/www.bellunopress.it\/wp-content\/uploads\/2021\/08\/Biodigestore-Masarot_edited-500x375.jpg 500w, https:\/\/www.bellunopress.it\/wp-content\/uploads\/2021\/08\/Biodigestore-Masarot_edited-696x522.jpg 696w, https:\/\/www.bellunopress.it\/wp-content\/uploads\/2021\/08\/Biodigestore-Masarot_edited-560x420.jpg 560w, https:\/\/www.bellunopress.it\/wp-content\/uploads\/2021\/08\/Biodigestore-Masarot_edited-80x60.jpg 80w, https:\/\/www.bellunopress.it\/wp-content\/uploads\/2021\/08\/Biodigestore-Masarot_edited-265x198.jpg 265w\" sizes=\"auto, (max-width: 800px) 100vw, 800px\" \/><figcaption id=\"caption-attachment-126637\" class=\"wp-caption-text\">Biodigestore del Maserot<\/figcaption><\/figure>\n<p><em>L&#8217;impianto \u00e8 tornato alla piena operativit\u00e0 dopo i fermi per guasto del 2020 e 2021<\/em><br \/>\n<em>Deola: \u00abMaserot strategico per chiudere il ciclo rifiuti a livello territoriale\u00bb<\/em><\/p>\n<p>\u00abL&#8217;impianto del Maserot \u00e8 strategico per il Bellunese. Consente una capacit\u00e0 di autogestione del territorio sul fronte di un servizio essenziale quale \u00e8 quello del trattamento rifiuti. In pi\u00f9, ha il valore aggiunto di chiudere all&#8217;interno della provincia l&#8217;intero ciclo di gestione dell&#8217;umido, dalla raccolta alla trasformazione in compost, attraverso un processo che consente di produrre biogas e di vendere energia elettrica al gestore nazionale. In periodo di rincaro energetico non \u00e8 un particolare trascurabile\u00bb.<\/p>\n<p>Lo ha detto questa mattina il consigliere provinciale delegato all&#8217;ambiente Simone Deola, accompagnando la stampa nel press tour all&#8217;impianto di Dolomiti Ambiente spa (in localit\u00e0 Maserot, a Santa Giustina).<br \/>\nL&#8217;impianto tratta su due linee differenti il Rsu (rifiuto solido urbano, vale a dire il secondo non riciclabile) di tutta la provincia, esclusa la Valboite. E tutto il Forsu (frazione organica dei rifiuti urbani) dell&#8217;intero territorio provinciale. Il rifiuto umido alimenta un biodigestore che attraverso un processo di fermentazione trasforma la frazione umida in compost utilizzabile come fertilizzante, fornendo al contempo biogas per la produzione di energia elettrica. Proprio il trattamento del Forsu, efficientato negli anni, ha consentito di ottimizzare i costi di gestione della societ\u00e0, dato che oggi nessun residuo umido necessita di gestione esterna. Senza contare che la produzione di energia elettrica viene ceduta al gestore nazionale aumentando i ricavi della societ\u00e0.<\/p>\n<p>\u00abIl valore del biodigestore, a livello economico e ambientale per la funzione che svolge nel processo di trattamento del rifiuto, si \u00e8 visto perfettamente negli ultimi due anni, quando a causa di un problema biologico prima e di un guasto meccanico poi \u00e8 rimasto fermo\u00bb spiega Angelo Smaniotto, amministratore unico di Dolomiti Ambiente spa. \u00abNel primo caso si \u00e8 interrotto il processo di fermentazione dei batteri, nel secondo abbiamo dovuto svuotare l&#8217;impianto e riparare il danno. Il che ha significato un blocco della normale operativit\u00e0 e costi aggiuntivi non previsti, che hanno avuto incidenza sul bilancio. Il ritorno alla piena operativit\u00e0 \u00e8 immediatamente riscontrabile nella situazione al 31 agosto di quest&#8217;anno, che mostra un risultato positivo di 160mila euro. Risultato che consente di prevedere il conseguimento di un utile di esercizio al 31 dicembre\u00bb.<\/p>\n<p>Nel computo dei ricavi della societ\u00e0, oltre alla produzione di energia elettrica da biogas, si contano la tariffa di gestione del Forsu e quella del Rsu. In futuro andr\u00e0 aggiunto anche un cogeneratore recuperato di recente nella sua funzionalit\u00e0 e di prossima entrata in funzione.<br \/>\n\u00abDolomiti Ambiente \u00e8 una societ\u00e0 fondamentale per una gestione territoriale e provinciale del servizio di raccolta e trattamento rifiuti\u00bb sintetizza il consigliere Deola. \u00abLa legge Madia impone alla Provincia di dismettere le sue quote, ma \u00e8 chiaro il valore della sua funzione, tanto che i sindaci hanno dato mandato alle societ\u00e0 di gestione della raccolta &#8211; le quattro che operano in provincia &#8211; di concludere l&#8217;acquisto. \u00c8 un esempio di autonomia praticata, e di lungimiranza, per poter proseguire su un servizio che negli anni \u00e8 riuscito a contemperare sia la sostenibilit\u00e0 economica sia una logica ambientale corretta\u00bb.<\/p>","protected":false},"excerpt":{"rendered":"<p>L&#8217;impianto \u00e8 tornato alla piena operativit\u00e0 dopo i fermi per guasto del 2020 e 2021 Deola: \u00abMaserot strategico per chiudere il ciclo rifiuti a livello territoriale\u00bb \u00abL&#8217;impianto del Maserot \u00e8 strategico per il Bellunese. Consente una capacit\u00e0 di autogestione del territorio sul fronte di un servizio essenziale quale \u00e8 quello del trattamento rifiuti. In pi\u00f9, [&hellip;]<\/p>\n","protected":false},"author":2,"featured_media":126637,"comment_status":"closed","ping_status":"open","sticky":false,"template":"","format":"standard","meta":{"footnotes":""},"categories":[36,26],"tags":[],"class_list":["post-138107","post","type-post","status-publish","format-standard","has-post-thumbnail","category-lavoro-economia","category-prima-pagina"],"yoast_head":"<!-- This site is optimized with the Yoast SEO plugin v28.4 - https:\/\/yoast.com\/product\/yoast-seo-wordpress\/ -->\n<title>Riparte il biodigestore di Dolomiti Ambiente - Bellunopress - Dolomiti<\/title>\n<meta name=\"robots\" content=\"index, follow, max-snippet:-1, max-image-preview:large, max-video-preview:-1\" \/>\n<link rel=\"canonical\" href=\"https:\/\/www.bellunopress.it\/fr\/2022\/12\/03\/riparte-il-biodigestore-di-dolomiti-ambiente\/\" \/>\n<meta property=\"og:locale\" content=\"fr_FR\" \/>\n<meta property=\"og:type\" content=\"article\" \/>\n<meta property=\"og:title\" content=\"Riparte il biodigestore di Dolomiti Ambiente - Bellunopress - Dolomiti\" \/>\n<meta property=\"og:description\" content=\"L&#8217;impianto \u00e8 tornato alla piena operativit\u00e0 dopo i fermi per guasto del 2020 e 2021 Deola: \u00abMaserot strategico per chiudere il ciclo rifiuti a livello territoriale\u00bb \u00abL&#8217;impianto del Maserot \u00e8 strategico per il Bellunese. Consente una capacit\u00e0 di autogestione del territorio sul fronte di un servizio essenziale quale \u00e8 quello del trattamento rifiuti. In pi\u00f9, [&hellip;]\" \/>\n<meta property=\"og:url\" content=\"https:\/\/www.bellunopress.it\/fr\/2022\/12\/03\/riparte-il-biodigestore-di-dolomiti-ambiente\/\" \/>\n<meta property=\"og:site_name\" content=\"Bellunopress - Dolomiti\" \/>\n<meta property=\"article:publisher\" content=\"https:\/\/www.facebook.com\/profile.php?id=100008943462799\" \/>\n<meta property=\"article:published_time\" content=\"2022-12-03T17:12:09+00:00\" \/>\n<meta property=\"og:image\" content=\"https:\/\/www.bellunopress.it\/wp-content\/uploads\/2021\/08\/Biodigestore-Masarot_edited.jpg\" \/>\n\t<meta property=\"og:image:width\" content=\"800\" \/>\n\t<meta property=\"og:image:height\" content=\"600\" \/>\n\t<meta property=\"og:image:type\" content=\"image\/jpeg\" \/>\n<meta name=\"author\" content=\"redazione\" \/>\n<meta name=\"twitter:card\" content=\"summary_large_image\" \/>\n<meta name=\"twitter:creator\" content=\"@bellunopress\" \/>\n<meta name=\"twitter:site\" content=\"@bellunopress\" \/>\n<meta name=\"twitter:label1\" content=\"Written by\" \/>\n\t<meta name=\"twitter:data1\" content=\"redazione\" \/>\n\t<meta name=\"twitter:label2\" content=\"Est. reading time\" \/>\n\t<meta name=\"twitter:data2\" content=\"3 minutes\" \/>\n<script type=\"application\/ld+json\" class=\"yoast-schema-graph\">{\"@context\":\"https:\\\/\\\/schema.org\",\"@graph\":[{\"@type\":\"Article\",\"@id\":\"https:\\\/\\\/www.bellunopress.it\\\/2022\\\/12\\\/03\\\/riparte-il-biodigestore-di-dolomiti-ambiente\\\/#article\",\"isPartOf\":{\"@id\":\"https:\\\/\\\/www.bellunopress.it\\\/2022\\\/12\\\/03\\\/riparte-il-biodigestore-di-dolomiti-ambiente\\\/\"},\"author\":{\"name\":\"redazione\",\"@id\":\"https:\\\/\\\/www.bellunopress.it\\\/#\\\/schema\\\/person\\\/79bb06722b37ece1c03d3e94beb30d73\"},\"headline\":\"Riparte il biodigestore di Dolomiti Ambiente\",\"datePublished\":\"2022-12-03T17:12:09+00:00\",\"mainEntityOfPage\":{\"@id\":\"https:\\\/\\\/www.bellunopress.it\\\/2022\\\/12\\\/03\\\/riparte-il-biodigestore-di-dolomiti-ambiente\\\/\"},\"wordCount\":532,\"publisher\":{\"@id\":\"https:\\\/\\\/www.bellunopress.it\\\/#organization\"},\"image\":{\"@id\":\"https:\\\/\\\/www.bellunopress.it\\\/2022\\\/12\\\/03\\\/riparte-il-biodigestore-di-dolomiti-ambiente\\\/#primaryimage\"},\"thumbnailUrl\":\"https:\\\/\\\/www.bellunopress.it\\\/wp-content\\\/uploads\\\/2021\\\/08\\\/Biodigestore-Masarot_edited.jpg\",\"articleSection\":[\"Lavoro, Economia, Turismo\",\"Prima Pagina\"],\"inLanguage\":\"fr-FR\"},{\"@type\":\"WebPage\",\"@id\":\"https:\\\/\\\/www.bellunopress.it\\\/2022\\\/12\\\/03\\\/riparte-il-biodigestore-di-dolomiti-ambiente\\\/\",\"url\":\"https:\\\/\\\/www.bellunopress.it\\\/2022\\\/12\\\/03\\\/riparte-il-biodigestore-di-dolomiti-ambiente\\\/\",\"name\":\"Riparte il biodigestore di Dolomiti Ambiente - Bellunopress - Dolomiti\",\"isPartOf\":{\"@id\":\"https:\\\/\\\/www.bellunopress.it\\\/#website\"},\"primaryImageOfPage\":{\"@id\":\"https:\\\/\\\/www.bellunopress.it\\\/2022\\\/12\\\/03\\\/riparte-il-biodigestore-di-dolomiti-ambiente\\\/#primaryimage\"},\"image\":{\"@id\":\"https:\\\/\\\/www.bellunopress.it\\\/2022\\\/12\\\/03\\\/riparte-il-biodigestore-di-dolomiti-ambiente\\\/#primaryimage\"},\"thumbnailUrl\":\"https:\\\/\\\/www.bellunopress.it\\\/wp-content\\\/uploads\\\/2021\\\/08\\\/Biodigestore-Masarot_edited.jpg\",\"datePublished\":\"2022-12-03T17:12:09+00:00\",\"breadcrumb\":{\"@id\":\"https:\\\/\\\/www.bellunopress.it\\\/2022\\\/12\\\/03\\\/riparte-il-biodigestore-di-dolomiti-ambiente\\\/#breadcrumb\"},\"inLanguage\":\"fr-FR\",\"potentialAction\":[{\"@type\":\"ReadAction\",\"target\":[\"https:\\\/\\\/www.bellunopress.it\\\/2022\\\/12\\\/03\\\/riparte-il-biodigestore-di-dolomiti-ambiente\\\/\"]}]},{\"@type\":\"ImageObject\",\"inLanguage\":\"fr-FR\",\"@id\":\"https:\\\/\\\/www.bellunopress.it\\\/2022\\\/12\\\/03\\\/riparte-il-biodigestore-di-dolomiti-ambiente\\\/#primaryimage\",\"url\":\"https:\\\/\\\/www.bellunopress.it\\\/wp-content\\\/uploads\\\/2021\\\/08\\\/Biodigestore-Masarot_edited.jpg\",\"contentUrl\":\"https:\\\/\\\/www.bellunopress.it\\\/wp-content\\\/uploads\\\/2021\\\/08\\\/Biodigestore-Masarot_edited.jpg\",\"width\":800,\"height\":600,\"caption\":\"Biodigestore del Maserot\"},{\"@type\":\"BreadcrumbList\",\"@id\":\"https:\\\/\\\/www.bellunopress.it\\\/2022\\\/12\\\/03\\\/riparte-il-biodigestore-di-dolomiti-ambiente\\\/#breadcrumb\",\"itemListElement\":[{\"@type\":\"ListItem\",\"position\":1,\"name\":\"Home\",\"item\":\"https:\\\/\\\/www.bellunopress.it\\\/\"},{\"@type\":\"ListItem\",\"position\":2,\"name\":\"Riparte il biodigestore di Dolomiti Ambiente\"}]},{\"@type\":\"WebSite\",\"@id\":\"https:\\\/\\\/www.bellunopress.it\\\/#website\",\"url\":\"https:\\\/\\\/www.bellunopress.it\\\/\",\"name\":\"Bellunopress - Dolomiti\",\"description\":\"e-mail: redazione@bellunopress.it\",\"publisher\":{\"@id\":\"https:\\\/\\\/www.bellunopress.it\\\/#organization\"},\"potentialAction\":[{\"@type\":\"SearchAction\",\"target\":{\"@type\":\"EntryPoint\",\"urlTemplate\":\"https:\\\/\\\/www.bellunopress.it\\\/?s={search_term_string}\"},\"query-input\":{\"@type\":\"PropertyValueSpecification\",\"valueRequired\":true,\"valueName\":\"search_term_string\"}}],\"inLanguage\":\"fr-FR\"},{\"@type\":\"Organization\",\"@id\":\"https:\\\/\\\/www.bellunopress.it\\\/#organization\",\"name\":\"Bellunopress\",\"url\":\"https:\\\/\\\/www.bellunopress.it\\\/\",\"logo\":{\"@type\":\"ImageObject\",\"inLanguage\":\"fr-FR\",\"@id\":\"https:\\\/\\\/www.bellunopress.it\\\/#\\\/schema\\\/logo\\\/image\\\/\",\"url\":\"https:\\\/\\\/www.bellunopress.it\\\/wp-content\\\/uploads\\\/2011\\\/05\\\/cropped-logo-bellunopress-.jpg\",\"contentUrl\":\"https:\\\/\\\/www.bellunopress.it\\\/wp-content\\\/uploads\\\/2011\\\/05\\\/cropped-logo-bellunopress-.jpg\",\"width\":512,\"height\":512,\"caption\":\"Bellunopress\"},\"image\":{\"@id\":\"https:\\\/\\\/www.bellunopress.it\\\/#\\\/schema\\\/logo\\\/image\\\/\"},\"sameAs\":[\"https:\\\/\\\/www.facebook.com\\\/profile.php?id=100008943462799\",\"https:\\\/\\\/x.com\\\/bellunopress\",\"https:\\\/\\\/www.linkedin.com\\\/hp\\\/?dnr=JBzUWaJfMUw8vbXJJ2tVW5-I3jZKvC4wsoxE&amp;amp;amp;amp;amp;amp;trk=nav_responsive_tab_home\",\"https:\\\/\\\/www.youtube.com\\\/channel\\\/UCxL0wu1uN0_3_7hGG0306cw\"]},{\"@type\":\"Person\",\"@id\":\"https:\\\/\\\/www.bellunopress.it\\\/#\\\/schema\\\/person\\\/79bb06722b37ece1c03d3e94beb30d73\",\"name\":\"redazione\",\"image\":{\"@type\":\"ImageObject\",\"inLanguage\":\"fr-FR\",\"@id\":\"https:\\\/\\\/secure.gravatar.com\\\/avatar\\\/37d968a2e67a6fd04c169c4bdef102d0bc5d31b2546345219e348575eb80e9a0?s=96&d=mm&r=g\",\"url\":\"https:\\\/\\\/secure.gravatar.com\\\/avatar\\\/37d968a2e67a6fd04c169c4bdef102d0bc5d31b2546345219e348575eb80e9a0?s=96&d=mm&r=g\",\"contentUrl\":\"https:\\\/\\\/secure.gravatar.com\\\/avatar\\\/37d968a2e67a6fd04c169c4bdef102d0bc5d31b2546345219e348575eb80e9a0?s=96&d=mm&r=g\",\"caption\":\"redazione\"},\"sameAs\":[\"http:\\\/\\\/www.bellunopress.it\",\"https:\\\/\\\/x.com\\\/bellunopress\"],\"url\":\"https:\\\/\\\/www.bellunopress.it\\\/fr\\\/author\\\/redazione\\\/\"}]}<\/script>\n<!-- \/ Yoast SEO plugin. -->","yoast_head_json":{"title":"Riparte il biodigestore di Dolomiti Ambiente - Bellunopress - Dolomiti","robots":{"index":"index","follow":"follow","max-snippet":"max-snippet:-1","max-image-preview":"max-image-preview:large","max-video-preview":"max-video-preview:-1"},"canonical":"https:\/\/www.bellunopress.it\/fr\/2022\/12\/03\/riparte-il-biodigestore-di-dolomiti-ambiente\/","og_locale":"fr_FR","og_type":"article","og_title":"Riparte il biodigestore di Dolomiti Ambiente - Bellunopress - Dolomiti","og_description":"L&#8217;impianto \u00e8 tornato alla piena operativit\u00e0 dopo i fermi per guasto del 2020 e 2021 Deola: \u00abMaserot strategico per chiudere il ciclo rifiuti a livello territoriale\u00bb \u00abL&#8217;impianto del Maserot \u00e8 strategico per il Bellunese. Consente una capacit\u00e0 di autogestione del territorio sul fronte di un servizio essenziale quale \u00e8 quello del trattamento rifiuti. In pi\u00f9, [&hellip;]","og_url":"https:\/\/www.bellunopress.it\/fr\/2022\/12\/03\/riparte-il-biodigestore-di-dolomiti-ambiente\/","og_site_name":"Bellunopress - Dolomiti","article_publisher":"https:\/\/www.facebook.com\/profile.php?id=100008943462799","article_published_time":"2022-12-03T17:12:09+00:00","og_image":[{"width":800,"height":600,"url":"https:\/\/www.bellunopress.it\/wp-content\/uploads\/2021\/08\/Biodigestore-Masarot_edited.jpg","type":"image\/jpeg"}],"author":"redazione","twitter_card":"summary_large_image","twitter_creator":"@bellunopress","twitter_site":"@bellunopress","twitter_misc":{"Written by":"redazione","Est. reading time":"3 minutes"},"schema":{"@context":"https:\/\/schema.org","@graph":[{"@type":"Article","@id":"https:\/\/www.bellunopress.it\/2022\/12\/03\/riparte-il-biodigestore-di-dolomiti-ambiente\/#article","isPartOf":{"@id":"https:\/\/www.bellunopress.it\/2022\/12\/03\/riparte-il-biodigestore-di-dolomiti-ambiente\/"},"author":{"name":"redazione","@id":"https:\/\/www.bellunopress.it\/#\/schema\/person\/79bb06722b37ece1c03d3e94beb30d73"},"headline":"Riparte il biodigestore di Dolomiti Ambiente","datePublished":"2022-12-03T17:12:09+00:00","mainEntityOfPage":{"@id":"https:\/\/www.bellunopress.it\/2022\/12\/03\/riparte-il-biodigestore-di-dolomiti-ambiente\/"},"wordCount":532,"publisher":{"@id":"https:\/\/www.bellunopress.it\/#organization"},"image":{"@id":"https:\/\/www.bellunopress.it\/2022\/12\/03\/riparte-il-biodigestore-di-dolomiti-ambiente\/#primaryimage"},"thumbnailUrl":"https:\/\/www.bellunopress.it\/wp-content\/uploads\/2021\/08\/Biodigestore-Masarot_edited.jpg","articleSection":["Lavoro, Economia, Turismo","Prima Pagina"],"inLanguage":"fr-FR"},{"@type":"WebPage","@id":"https:\/\/www.bellunopress.it\/2022\/12\/03\/riparte-il-biodigestore-di-dolomiti-ambiente\/","url":"https:\/\/www.bellunopress.it\/2022\/12\/03\/riparte-il-biodigestore-di-dolomiti-ambiente\/","name":"Riparte il biodigestore di Dolomiti Ambiente - Bellunopress - Dolomiti","isPartOf":{"@id":"https:\/\/www.bellunopress.it\/#website"},"primaryImageOfPage":{"@id":"https:\/\/www.bellunopress.it\/2022\/12\/03\/riparte-il-biodigestore-di-dolomiti-ambiente\/#primaryimage"},"image":{"@id":"https:\/\/www.bellunopress.it\/2022\/12\/03\/riparte-il-biodigestore-di-dolomiti-ambiente\/#primaryimage"},"thumbnailUrl":"https:\/\/www.bellunopress.it\/wp-content\/uploads\/2021\/08\/Biodigestore-Masarot_edited.jpg","datePublished":"2022-12-03T17:12:09+00:00","breadcrumb":{"@id":"https:\/\/www.bellunopress.it\/2022\/12\/03\/riparte-il-biodigestore-di-dolomiti-ambiente\/#breadcrumb"},"inLanguage":"fr-FR","potentialAction":[{"@type":"ReadAction","target":["https:\/\/www.bellunopress.it\/2022\/12\/03\/riparte-il-biodigestore-di-dolomiti-ambiente\/"]}]},{"@type":"ImageObject","inLanguage":"fr-FR","@id":"https:\/\/www.bellunopress.it\/2022\/12\/03\/riparte-il-biodigestore-di-dolomiti-ambiente\/#primaryimage","url":"https:\/\/www.bellunopress.it\/wp-content\/uploads\/2021\/08\/Biodigestore-Masarot_edited.jpg","contentUrl":"https:\/\/www.bellunopress.it\/wp-content\/uploads\/2021\/08\/Biodigestore-Masarot_edited.jpg","width":800,"height":600,"caption":"Biodigestore del Maserot"},{"@type":"BreadcrumbList","@id":"https:\/\/www.bellunopress.it\/2022\/12\/03\/riparte-il-biodigestore-di-dolomiti-ambiente\/#breadcrumb","itemListElement":[{"@type":"ListItem","position":1,"name":"Home","item":"https:\/\/www.bellunopress.it\/"},{"@type":"ListItem","position":2,"name":"Riparte il biodigestore di Dolomiti Ambiente"}]},{"@type":"WebSite","@id":"https:\/\/www.bellunopress.it\/#website","url":"https:\/\/www.bellunopress.it\/","name":"Bellunopress - Dolomiti","description":"e-mail: redazione@bellunopress.it","publisher":{"@id":"https:\/\/www.bellunopress.it\/#organization"},"potentialAction":[{"@type":"SearchAction","target":{"@type":"EntryPoint","urlTemplate":"https:\/\/www.bellunopress.it\/?s={search_term_string}"},"query-input":{"@type":"PropertyValueSpecification","valueRequired":true,"valueName":"search_term_string"}}],"inLanguage":"fr-FR"},{"@type":"Organization","@id":"https:\/\/www.bellunopress.it\/#organization","name":"Bellunopress","url":"https:\/\/www.bellunopress.it\/","logo":{"@type":"ImageObject","inLanguage":"fr-FR","@id":"https:\/\/www.bellunopress.it\/#\/schema\/logo\/image\/","url":"https:\/\/www.bellunopress.it\/wp-content\/uploads\/2011\/05\/cropped-logo-bellunopress-.jpg","contentUrl":"https:\/\/www.bellunopress.it\/wp-content\/uploads\/2011\/05\/cropped-logo-bellunopress-.jpg","width":512,"height":512,"caption":"Bellunopress"},"image":{"@id":"https:\/\/www.bellunopress.it\/#\/schema\/logo\/image\/"},"sameAs":["https:\/\/www.facebook.com\/profile.php?id=100008943462799","https:\/\/x.com\/bellunopress","https:\/\/www.linkedin.com\/hp\/?dnr=JBzUWaJfMUw8vbXJJ2tVW5-I3jZKvC4wsoxE&amp;amp;amp;amp;amp;amp;trk=nav_responsive_tab_home","https:\/\/www.youtube.com\/channel\/UCxL0wu1uN0_3_7hGG0306cw"]},{"@type":"Person","@id":"https:\/\/www.bellunopress.it\/#\/schema\/person\/79bb06722b37ece1c03d3e94beb30d73","name":"r\u00e9daction","image":{"@type":"ImageObject","inLanguage":"fr-FR","@id":"https:\/\/secure.gravatar.com\/avatar\/37d968a2e67a6fd04c169c4bdef102d0bc5d31b2546345219e348575eb80e9a0?s=96&d=mm&r=g","url":"https:\/\/secure.gravatar.com\/avatar\/37d968a2e67a6fd04c169c4bdef102d0bc5d31b2546345219e348575eb80e9a0?s=96&d=mm&r=g","contentUrl":"https:\/\/secure.gravatar.com\/avatar\/37d968a2e67a6fd04c169c4bdef102d0bc5d31b2546345219e348575eb80e9a0?s=96&d=mm&r=g","caption":"redazione"},"sameAs":["http:\/\/www.bellunopress.it","https:\/\/x.com\/bellunopress"],"url":"https:\/\/www.bellunopress.it\/fr\/author\/redazione\/"}]}},"_links":{"self":[{"href":"https:\/\/www.bellunopress.it\/fr\/wp-json\/wp\/v2\/posts\/138107","targetHints":{"allow":["GET"]}}],"collection":[{"href":"https:\/\/www.bellunopress.it\/fr\/wp-json\/wp\/v2\/posts"}],"about":[{"href":"https:\/\/www.bellunopress.it\/fr\/wp-json\/wp\/v2\/types\/post"}],"author":[{"embeddable":true,"href":"https:\/\/www.bellunopress.it\/fr\/wp-json\/wp\/v2\/users\/2"}],"replies":[{"embeddable":true,"href":"https:\/\/www.bellunopress.it\/fr\/wp-json\/wp\/v2\/comments?post=138107"}],"version-history":[{"count":1,"href":"https:\/\/www.bellunopress.it\/fr\/wp-json\/wp\/v2\/posts\/138107\/revisions"}],"predecessor-version":[{"id":138108,"href":"https:\/\/www.bellunopress.it\/fr\/wp-json\/wp\/v2\/posts\/138107\/revisions\/138108"}],"wp:featuredmedia":[{"embeddable":true,"href":"https:\/\/www.bellunopress.it\/fr\/wp-json\/wp\/v2\/media\/126637"}],"wp:attachment":[{"href":"https:\/\/www.bellunopress.it\/fr\/wp-json\/wp\/v2\/media?parent=138107"}],"wp:term":[{"taxonomy":"category","embeddable":true,"href":"https:\/\/www.bellunopress.it\/fr\/wp-json\/wp\/v2\/categories?post=138107"},{"taxonomy":"post_tag","embeddable":true,"href":"https:\/\/www.bellunopress.it\/fr\/wp-json\/wp\/v2\/tags?post=138107"}],"curies":[{"name":"wp","href":"https:\/\/api.w.org\/{rel}","templated":true}]}}