{"id":138104,"date":"2022-12-03T17:31:07","date_gmt":"2022-12-03T16:31:07","guid":{"rendered":"https:\/\/www.bellunopress.it\/?p=138104"},"modified":"2023-11-29T08:09:48","modified_gmt":"2023-11-29T07:09:48","slug":"linquietante-morte-di-lea-luzzatto-in-rete-il-nuovo-ebook-di-roberto-de-nart-sul-caso-giudiziario-che-turbo-la-citta-nel-dopoguerra","status":"publish","type":"post","link":"https:\/\/www.bellunopress.it\/fr\/2022\/12\/03\/linquietante-morte-di-lea-luzzatto-in-rete-il-nuovo-ebook-di-roberto-de-nart-sul-caso-giudiziario-che-turbo-la-citta-nel-dopoguerra\/","title":{"rendered":"L&#8217;inquietante morte di Lea Luzzatto. In rete il nuovo eBook di Roberto De Nart sul caso giudiziario che turb\u00f2 la citt\u00e0 nel dopoguerra"},"content":{"rendered":"<p><img loading=\"lazy\" decoding=\"async\" class=\"alignleft size-full wp-image-138105\" src=\"https:\/\/www.bellunopress.it\/wp-content\/uploads\/2022\/12\/Linquietante-morte-di-Lea-Luzzatto-eBook.jpg\" alt=\"\" width=\"507\" height=\"815\" srcset=\"https:\/\/www.bellunopress.it\/wp-content\/uploads\/2022\/12\/Linquietante-morte-di-Lea-Luzzatto-eBook.jpg 507w, https:\/\/www.bellunopress.it\/wp-content\/uploads\/2022\/12\/Linquietante-morte-di-Lea-Luzzatto-eBook-311x500.jpg 311w, https:\/\/www.bellunopress.it\/wp-content\/uploads\/2022\/12\/Linquietante-morte-di-Lea-Luzzatto-eBook-261x420.jpg 261w\" sizes=\"auto, (max-width: 507px) 100vw, 507px\" \/>Un caso giudiziario che turb\u00f2 la citt\u00e0 di Belluno nell&#8217;immediato dopoguerra, la misteriosa morte di una ragazza. Delitto o disgrazia? Siamo nel dicembre del 1946, la Seconda guerra mondiale \u00e8 terminata da pochi mesi e a Norimberga si stanno celebrando i processi ai nazisti per i crimini commessi. La sera del 17 dicembre 1946 a Belluno il termometro \u00e8 sceso a 10 gradi sotto lo zero. In fondo alle scale della villetta in via Feltre n.1, chiamata \u201cCasa Polit\u201d oggi sede di una comunit\u00e0 alloggio, giace riverso in una pozza di sangue il corpo senza vita di una ragazza di 23 anni. Il suo nome \u00e8 Lea Luzzatto, insegnante, si era da poco laureata in Lettere all\u2019Universit\u00e0 di Padova e avrebbe dovuto sposarsi nella primavera dell\u2019anno successivo con un ragazzo di Busto Arsizio conosciuto in citt\u00e0 quando prestava servizio militare come ufficiale dell\u2019esercito. Il caso fece molto scalpore in citt\u00e0, perch\u00e9 coinvolgeva una famiglia nota della borghesia bellunese. Lo zio della vittima, ingegner Polit fratello della madre, era dirigente della Provincia, comandante dei vigili del fuoco di Belluno e presidente dell&#8217;ospedale.<\/p>\n<p>\u201cIl tragico caso Luzzatto si innesta in una situazione di fatto tipicamente provinciale, chiusa e irretita, e gi\u00e0 a prima vista non ideale per la libera ricerca della verit\u00e0. Se processo ci sar\u00e0, sar\u00e0 processo grosso e difficile\u201d scriver\u00e0 l\u2019inviato del Corriere d\u2019Informazione Egisto Corradi nel febbraio del 1948.<\/p>\n<p>I dettagli della vicenda processuale li racconta il giornalista bellunese <a href=\"http:\/\/www.robertodenart.com\">Roberto De Nart<\/a> nel suo nuovo libro dal titolo \u201cL&#8217;inquietante morte di Lea Luzzatto\u201d tratto dagli atti processuali conservati all\u2019Archivio di Stato di Venezia.<\/p>\n<p>Su Amazon l&#8217;<a href=\"https:\/\/www.amazon.it\/dp\/B0BNXH7Q79\/ref=sr_1_1?__mk_it_IT=\u00c5M\u00c5\u017d\u00d5\u00d1&amp;crid=3799U5F01GWMG&amp;keywords=de+nart+l%27inquietante+morte+di+lea+luzzatto&amp;qid=1670083736&amp;sprefix=de+nart+l+inquietante+morte+di+lea+luzzatto%2Caps%2C86&amp;sr=8-1\">eBook<\/a> gi\u00e0 disponibile e su <a href=\"https:\/\/store.streetlib.com\/novita\/linquietante-morte-di-lea-luzzatto-690303\/\">streetlib<\/a><\/p>\n<p>Il formato cartaceo nelle librerie e nelle edicole di Belluno.<\/p>\n<div class=\"youtube-embed\" data-video_id=\"yBKQlkz08zU\"><iframe loading=\"lazy\" title=\"1946 &quot;L&#039;inquietante morte di Lea Luzzatto&quot; 23 anni.  Una ricerca storica di Roberto De Nart\" width=\"696\" height=\"392\" src=\"https:\/\/www.youtube.com\/embed\/yBKQlkz08zU?feature=oembed&#038;enablejsapi=1\" frameborder=\"0\" allow=\"accelerometer; autoplay; clipboard-write; encrypted-media; gyroscope; picture-in-picture; web-share\" allowfullscreen><\/iframe><\/div>\n<p>&nbsp;<\/p>\n<p>&nbsp;<\/p>\n<p>&nbsp;<\/p>","protected":false},"excerpt":{"rendered":"<p>Un caso giudiziario che turb\u00f2 la citt\u00e0 di Belluno nell&#8217;immediato dopoguerra, la misteriosa morte di una ragazza. Delitto o disgrazia? Siamo nel dicembre del 1946, la Seconda guerra mondiale \u00e8 terminata da pochi mesi e a Norimberga si stanno celebrando i processi ai nazisti per i crimini commessi. La sera del 17 dicembre 1946 a [&hellip;]<\/p>\n","protected":false},"author":2,"featured_media":138105,"comment_status":"closed","ping_status":"open","sticky":false,"template":"","format":"standard","meta":{"footnotes":""},"categories":[3,3446,25],"tags":[3552,100],"class_list":["post-138104","post","type-post","status-publish","format-standard","has-post-thumbnail","category-arte-cultura-spettacoli-scienza-archivi","category-featured","category-pausa-caffe","tag-lea-luzzatto","tag-roberto-de-nart"],"yoast_head":"<!-- This site is optimized with the Yoast SEO plugin v28.4 - https:\/\/yoast.com\/product\/yoast-seo-wordpress\/ -->\n<title>L&#039;inquietante morte di Lea Luzzatto. In rete il nuovo eBook di Roberto De Nart sul caso giudiziario che turb\u00f2 la citt\u00e0 nel dopoguerra - Bellunopress - Dolomiti<\/title>\n<meta name=\"robots\" content=\"index, follow, max-snippet:-1, max-image-preview:large, max-video-preview:-1\" \/>\n<link rel=\"canonical\" href=\"https:\/\/www.bellunopress.it\/fr\/2022\/12\/03\/linquietante-morte-di-lea-luzzatto-in-rete-il-nuovo-ebook-di-roberto-de-nart-sul-caso-giudiziario-che-turbo-la-citta-nel-dopoguerra\/\" \/>\n<meta property=\"og:locale\" content=\"fr_FR\" \/>\n<meta property=\"og:type\" content=\"article\" \/>\n<meta property=\"og:title\" content=\"L&#039;inquietante morte di Lea Luzzatto. In rete il nuovo eBook di Roberto De Nart sul caso giudiziario che turb\u00f2 la citt\u00e0 nel dopoguerra - Bellunopress - Dolomiti\" \/>\n<meta property=\"og:description\" content=\"Un caso giudiziario che turb\u00f2 la citt\u00e0 di Belluno nell&#8217;immediato dopoguerra, la misteriosa morte di una ragazza. Delitto o disgrazia? Siamo nel dicembre del 1946, la Seconda guerra mondiale \u00e8 terminata da pochi mesi e a Norimberga si stanno celebrando i processi ai nazisti per i crimini commessi. La sera del 17 dicembre 1946 a [&hellip;]\" \/>\n<meta property=\"og:url\" content=\"https:\/\/www.bellunopress.it\/fr\/2022\/12\/03\/linquietante-morte-di-lea-luzzatto-in-rete-il-nuovo-ebook-di-roberto-de-nart-sul-caso-giudiziario-che-turbo-la-citta-nel-dopoguerra\/\" \/>\n<meta property=\"og:site_name\" content=\"Bellunopress - Dolomiti\" \/>\n<meta property=\"article:publisher\" content=\"https:\/\/www.facebook.com\/profile.php?id=100008943462799\" \/>\n<meta property=\"article:published_time\" content=\"2022-12-03T16:31:07+00:00\" \/>\n<meta property=\"article:modified_time\" content=\"2023-11-29T07:09:48+00:00\" \/>\n<meta property=\"og:image\" content=\"https:\/\/www.bellunopress.it\/wp-content\/uploads\/2022\/12\/Linquietante-morte-di-Lea-Luzzatto-eBook.jpg\" \/>\n\t<meta property=\"og:image:width\" content=\"507\" \/>\n\t<meta property=\"og:image:height\" content=\"815\" \/>\n\t<meta property=\"og:image:type\" content=\"image\/jpeg\" \/>\n<meta name=\"author\" content=\"redazione\" \/>\n<meta name=\"twitter:card\" content=\"summary_large_image\" \/>\n<meta name=\"twitter:creator\" content=\"@bellunopress\" \/>\n<meta name=\"twitter:site\" content=\"@bellunopress\" \/>\n<meta name=\"twitter:label1\" content=\"Written by\" \/>\n\t<meta name=\"twitter:data1\" content=\"redazione\" \/>\n\t<meta name=\"twitter:label2\" content=\"Est. reading time\" \/>\n\t<meta name=\"twitter:data2\" content=\"2 minutes\" \/>\n<script type=\"application\/ld+json\" class=\"yoast-schema-graph\">{\"@context\":\"https:\\\/\\\/schema.org\",\"@graph\":[{\"@type\":\"Article\",\"@id\":\"https:\\\/\\\/www.bellunopress.it\\\/2022\\\/12\\\/03\\\/linquietante-morte-di-lea-luzzatto-in-rete-il-nuovo-ebook-di-roberto-de-nart-sul-caso-giudiziario-che-turbo-la-citta-nel-dopoguerra\\\/#article\",\"isPartOf\":{\"@id\":\"https:\\\/\\\/www.bellunopress.it\\\/2022\\\/12\\\/03\\\/linquietante-morte-di-lea-luzzatto-in-rete-il-nuovo-ebook-di-roberto-de-nart-sul-caso-giudiziario-che-turbo-la-citta-nel-dopoguerra\\\/\"},\"author\":{\"name\":\"redazione\",\"@id\":\"https:\\\/\\\/www.bellunopress.it\\\/#\\\/schema\\\/person\\\/79bb06722b37ece1c03d3e94beb30d73\"},\"headline\":\"L&#8217;inquietante morte di Lea Luzzatto. In rete il nuovo eBook di Roberto De Nart sul caso giudiziario che turb\u00f2 la citt\u00e0 nel dopoguerra\",\"datePublished\":\"2022-12-03T16:31:07+00:00\",\"dateModified\":\"2023-11-29T07:09:48+00:00\",\"mainEntityOfPage\":{\"@id\":\"https:\\\/\\\/www.bellunopress.it\\\/2022\\\/12\\\/03\\\/linquietante-morte-di-lea-luzzatto-in-rete-il-nuovo-ebook-di-roberto-de-nart-sul-caso-giudiziario-che-turbo-la-citta-nel-dopoguerra\\\/\"},\"wordCount\":318,\"publisher\":{\"@id\":\"https:\\\/\\\/www.bellunopress.it\\\/#organization\"},\"image\":{\"@id\":\"https:\\\/\\\/www.bellunopress.it\\\/2022\\\/12\\\/03\\\/linquietante-morte-di-lea-luzzatto-in-rete-il-nuovo-ebook-di-roberto-de-nart-sul-caso-giudiziario-che-turbo-la-citta-nel-dopoguerra\\\/#primaryimage\"},\"thumbnailUrl\":\"https:\\\/\\\/www.bellunopress.it\\\/wp-content\\\/uploads\\\/2022\\\/12\\\/Linquietante-morte-di-Lea-Luzzatto-eBook.jpg\",\"keywords\":[\"Lea Luzzatto\",\"Roberto De Nart\"],\"articleSection\":[\"Arte, Cultura, Spettacoli, Scienza\",\"Featured\",\"Pausa Caff\u00e8\"],\"inLanguage\":\"fr-FR\"},{\"@type\":\"WebPage\",\"@id\":\"https:\\\/\\\/www.bellunopress.it\\\/2022\\\/12\\\/03\\\/linquietante-morte-di-lea-luzzatto-in-rete-il-nuovo-ebook-di-roberto-de-nart-sul-caso-giudiziario-che-turbo-la-citta-nel-dopoguerra\\\/\",\"url\":\"https:\\\/\\\/www.bellunopress.it\\\/2022\\\/12\\\/03\\\/linquietante-morte-di-lea-luzzatto-in-rete-il-nuovo-ebook-di-roberto-de-nart-sul-caso-giudiziario-che-turbo-la-citta-nel-dopoguerra\\\/\",\"name\":\"L'inquietante morte di Lea Luzzatto. In rete il nuovo eBook di Roberto De Nart sul caso giudiziario che turb\u00f2 la citt\u00e0 nel dopoguerra - Bellunopress - Dolomiti\",\"isPartOf\":{\"@id\":\"https:\\\/\\\/www.bellunopress.it\\\/#website\"},\"primaryImageOfPage\":{\"@id\":\"https:\\\/\\\/www.bellunopress.it\\\/2022\\\/12\\\/03\\\/linquietante-morte-di-lea-luzzatto-in-rete-il-nuovo-ebook-di-roberto-de-nart-sul-caso-giudiziario-che-turbo-la-citta-nel-dopoguerra\\\/#primaryimage\"},\"image\":{\"@id\":\"https:\\\/\\\/www.bellunopress.it\\\/2022\\\/12\\\/03\\\/linquietante-morte-di-lea-luzzatto-in-rete-il-nuovo-ebook-di-roberto-de-nart-sul-caso-giudiziario-che-turbo-la-citta-nel-dopoguerra\\\/#primaryimage\"},\"thumbnailUrl\":\"https:\\\/\\\/www.bellunopress.it\\\/wp-content\\\/uploads\\\/2022\\\/12\\\/Linquietante-morte-di-Lea-Luzzatto-eBook.jpg\",\"datePublished\":\"2022-12-03T16:31:07+00:00\",\"dateModified\":\"2023-11-29T07:09:48+00:00\",\"breadcrumb\":{\"@id\":\"https:\\\/\\\/www.bellunopress.it\\\/2022\\\/12\\\/03\\\/linquietante-morte-di-lea-luzzatto-in-rete-il-nuovo-ebook-di-roberto-de-nart-sul-caso-giudiziario-che-turbo-la-citta-nel-dopoguerra\\\/#breadcrumb\"},\"inLanguage\":\"fr-FR\",\"potentialAction\":[{\"@type\":\"ReadAction\",\"target\":[\"https:\\\/\\\/www.bellunopress.it\\\/2022\\\/12\\\/03\\\/linquietante-morte-di-lea-luzzatto-in-rete-il-nuovo-ebook-di-roberto-de-nart-sul-caso-giudiziario-che-turbo-la-citta-nel-dopoguerra\\\/\"]}]},{\"@type\":\"ImageObject\",\"inLanguage\":\"fr-FR\",\"@id\":\"https:\\\/\\\/www.bellunopress.it\\\/2022\\\/12\\\/03\\\/linquietante-morte-di-lea-luzzatto-in-rete-il-nuovo-ebook-di-roberto-de-nart-sul-caso-giudiziario-che-turbo-la-citta-nel-dopoguerra\\\/#primaryimage\",\"url\":\"https:\\\/\\\/www.bellunopress.it\\\/wp-content\\\/uploads\\\/2022\\\/12\\\/Linquietante-morte-di-Lea-Luzzatto-eBook.jpg\",\"contentUrl\":\"https:\\\/\\\/www.bellunopress.it\\\/wp-content\\\/uploads\\\/2022\\\/12\\\/Linquietante-morte-di-Lea-Luzzatto-eBook.jpg\",\"width\":507,\"height\":815},{\"@type\":\"BreadcrumbList\",\"@id\":\"https:\\\/\\\/www.bellunopress.it\\\/2022\\\/12\\\/03\\\/linquietante-morte-di-lea-luzzatto-in-rete-il-nuovo-ebook-di-roberto-de-nart-sul-caso-giudiziario-che-turbo-la-citta-nel-dopoguerra\\\/#breadcrumb\",\"itemListElement\":[{\"@type\":\"ListItem\",\"position\":1,\"name\":\"Home\",\"item\":\"https:\\\/\\\/www.bellunopress.it\\\/\"},{\"@type\":\"ListItem\",\"position\":2,\"name\":\"L&#8217;inquietante morte di Lea Luzzatto. In rete il nuovo eBook di Roberto De Nart sul caso giudiziario che turb\u00f2 la citt\u00e0 nel dopoguerra\"}]},{\"@type\":\"WebSite\",\"@id\":\"https:\\\/\\\/www.bellunopress.it\\\/#website\",\"url\":\"https:\\\/\\\/www.bellunopress.it\\\/\",\"name\":\"Bellunopress - Dolomiti\",\"description\":\"e-mail: redazione@bellunopress.it\",\"publisher\":{\"@id\":\"https:\\\/\\\/www.bellunopress.it\\\/#organization\"},\"potentialAction\":[{\"@type\":\"SearchAction\",\"target\":{\"@type\":\"EntryPoint\",\"urlTemplate\":\"https:\\\/\\\/www.bellunopress.it\\\/?s={search_term_string}\"},\"query-input\":{\"@type\":\"PropertyValueSpecification\",\"valueRequired\":true,\"valueName\":\"search_term_string\"}}],\"inLanguage\":\"fr-FR\"},{\"@type\":\"Organization\",\"@id\":\"https:\\\/\\\/www.bellunopress.it\\\/#organization\",\"name\":\"Bellunopress\",\"url\":\"https:\\\/\\\/www.bellunopress.it\\\/\",\"logo\":{\"@type\":\"ImageObject\",\"inLanguage\":\"fr-FR\",\"@id\":\"https:\\\/\\\/www.bellunopress.it\\\/#\\\/schema\\\/logo\\\/image\\\/\",\"url\":\"https:\\\/\\\/www.bellunopress.it\\\/wp-content\\\/uploads\\\/2011\\\/05\\\/cropped-logo-bellunopress-.jpg\",\"contentUrl\":\"https:\\\/\\\/www.bellunopress.it\\\/wp-content\\\/uploads\\\/2011\\\/05\\\/cropped-logo-bellunopress-.jpg\",\"width\":512,\"height\":512,\"caption\":\"Bellunopress\"},\"image\":{\"@id\":\"https:\\\/\\\/www.bellunopress.it\\\/#\\\/schema\\\/logo\\\/image\\\/\"},\"sameAs\":[\"https:\\\/\\\/www.facebook.com\\\/profile.php?id=100008943462799\",\"https:\\\/\\\/x.com\\\/bellunopress\",\"https:\\\/\\\/www.linkedin.com\\\/hp\\\/?dnr=JBzUWaJfMUw8vbXJJ2tVW5-I3jZKvC4wsoxE&amp;amp;amp;amp;amp;amp;trk=nav_responsive_tab_home\",\"https:\\\/\\\/www.youtube.com\\\/channel\\\/UCxL0wu1uN0_3_7hGG0306cw\"]},{\"@type\":\"Person\",\"@id\":\"https:\\\/\\\/www.bellunopress.it\\\/#\\\/schema\\\/person\\\/79bb06722b37ece1c03d3e94beb30d73\",\"name\":\"redazione\",\"image\":{\"@type\":\"ImageObject\",\"inLanguage\":\"fr-FR\",\"@id\":\"https:\\\/\\\/secure.gravatar.com\\\/avatar\\\/37d968a2e67a6fd04c169c4bdef102d0bc5d31b2546345219e348575eb80e9a0?s=96&d=mm&r=g\",\"url\":\"https:\\\/\\\/secure.gravatar.com\\\/avatar\\\/37d968a2e67a6fd04c169c4bdef102d0bc5d31b2546345219e348575eb80e9a0?s=96&d=mm&r=g\",\"contentUrl\":\"https:\\\/\\\/secure.gravatar.com\\\/avatar\\\/37d968a2e67a6fd04c169c4bdef102d0bc5d31b2546345219e348575eb80e9a0?s=96&d=mm&r=g\",\"caption\":\"redazione\"},\"sameAs\":[\"http:\\\/\\\/www.bellunopress.it\",\"https:\\\/\\\/x.com\\\/bellunopress\"],\"url\":\"https:\\\/\\\/www.bellunopress.it\\\/fr\\\/author\\\/redazione\\\/\"}]}<\/script>\n<!-- \/ Yoast SEO plugin. -->","yoast_head_json":{"title":"L'inquietante morte di Lea Luzzatto. In rete il nuovo eBook di Roberto De Nart sul caso giudiziario che turb\u00f2 la citt\u00e0 nel dopoguerra - Bellunopress - Dolomiti","robots":{"index":"index","follow":"follow","max-snippet":"max-snippet:-1","max-image-preview":"max-image-preview:large","max-video-preview":"max-video-preview:-1"},"canonical":"https:\/\/www.bellunopress.it\/fr\/2022\/12\/03\/linquietante-morte-di-lea-luzzatto-in-rete-il-nuovo-ebook-di-roberto-de-nart-sul-caso-giudiziario-che-turbo-la-citta-nel-dopoguerra\/","og_locale":"fr_FR","og_type":"article","og_title":"L'inquietante morte di Lea Luzzatto. In rete il nuovo eBook di Roberto De Nart sul caso giudiziario che turb\u00f2 la citt\u00e0 nel dopoguerra - Bellunopress - Dolomiti","og_description":"Un caso giudiziario che turb\u00f2 la citt\u00e0 di Belluno nell&#8217;immediato dopoguerra, la misteriosa morte di una ragazza. Delitto o disgrazia? Siamo nel dicembre del 1946, la Seconda guerra mondiale \u00e8 terminata da pochi mesi e a Norimberga si stanno celebrando i processi ai nazisti per i crimini commessi. La sera del 17 dicembre 1946 a [&hellip;]","og_url":"https:\/\/www.bellunopress.it\/fr\/2022\/12\/03\/linquietante-morte-di-lea-luzzatto-in-rete-il-nuovo-ebook-di-roberto-de-nart-sul-caso-giudiziario-che-turbo-la-citta-nel-dopoguerra\/","og_site_name":"Bellunopress - Dolomiti","article_publisher":"https:\/\/www.facebook.com\/profile.php?id=100008943462799","article_published_time":"2022-12-03T16:31:07+00:00","article_modified_time":"2023-11-29T07:09:48+00:00","og_image":[{"width":507,"height":815,"url":"https:\/\/www.bellunopress.it\/wp-content\/uploads\/2022\/12\/Linquietante-morte-di-Lea-Luzzatto-eBook.jpg","type":"image\/jpeg"}],"author":"redazione","twitter_card":"summary_large_image","twitter_creator":"@bellunopress","twitter_site":"@bellunopress","twitter_misc":{"Written by":"redazione","Est. reading time":"2 minutes"},"schema":{"@context":"https:\/\/schema.org","@graph":[{"@type":"Article","@id":"https:\/\/www.bellunopress.it\/2022\/12\/03\/linquietante-morte-di-lea-luzzatto-in-rete-il-nuovo-ebook-di-roberto-de-nart-sul-caso-giudiziario-che-turbo-la-citta-nel-dopoguerra\/#article","isPartOf":{"@id":"https:\/\/www.bellunopress.it\/2022\/12\/03\/linquietante-morte-di-lea-luzzatto-in-rete-il-nuovo-ebook-di-roberto-de-nart-sul-caso-giudiziario-che-turbo-la-citta-nel-dopoguerra\/"},"author":{"name":"redazione","@id":"https:\/\/www.bellunopress.it\/#\/schema\/person\/79bb06722b37ece1c03d3e94beb30d73"},"headline":"L&#8217;inquietante morte di Lea Luzzatto. In rete il nuovo eBook di Roberto De Nart sul caso giudiziario che turb\u00f2 la citt\u00e0 nel dopoguerra","datePublished":"2022-12-03T16:31:07+00:00","dateModified":"2023-11-29T07:09:48+00:00","mainEntityOfPage":{"@id":"https:\/\/www.bellunopress.it\/2022\/12\/03\/linquietante-morte-di-lea-luzzatto-in-rete-il-nuovo-ebook-di-roberto-de-nart-sul-caso-giudiziario-che-turbo-la-citta-nel-dopoguerra\/"},"wordCount":318,"publisher":{"@id":"https:\/\/www.bellunopress.it\/#organization"},"image":{"@id":"https:\/\/www.bellunopress.it\/2022\/12\/03\/linquietante-morte-di-lea-luzzatto-in-rete-il-nuovo-ebook-di-roberto-de-nart-sul-caso-giudiziario-che-turbo-la-citta-nel-dopoguerra\/#primaryimage"},"thumbnailUrl":"https:\/\/www.bellunopress.it\/wp-content\/uploads\/2022\/12\/Linquietante-morte-di-Lea-Luzzatto-eBook.jpg","keywords":["Lea Luzzatto","Roberto De Nart"],"articleSection":["Arte, Cultura, Spettacoli, Scienza","Featured","Pausa Caff\u00e8"],"inLanguage":"fr-FR"},{"@type":"WebPage","@id":"https:\/\/www.bellunopress.it\/2022\/12\/03\/linquietante-morte-di-lea-luzzatto-in-rete-il-nuovo-ebook-di-roberto-de-nart-sul-caso-giudiziario-che-turbo-la-citta-nel-dopoguerra\/","url":"https:\/\/www.bellunopress.it\/2022\/12\/03\/linquietante-morte-di-lea-luzzatto-in-rete-il-nuovo-ebook-di-roberto-de-nart-sul-caso-giudiziario-che-turbo-la-citta-nel-dopoguerra\/","name":"L'inquietante morte di Lea Luzzatto. In rete il nuovo eBook di Roberto De Nart sul caso giudiziario che turb\u00f2 la citt\u00e0 nel dopoguerra - Bellunopress - Dolomiti","isPartOf":{"@id":"https:\/\/www.bellunopress.it\/#website"},"primaryImageOfPage":{"@id":"https:\/\/www.bellunopress.it\/2022\/12\/03\/linquietante-morte-di-lea-luzzatto-in-rete-il-nuovo-ebook-di-roberto-de-nart-sul-caso-giudiziario-che-turbo-la-citta-nel-dopoguerra\/#primaryimage"},"image":{"@id":"https:\/\/www.bellunopress.it\/2022\/12\/03\/linquietante-morte-di-lea-luzzatto-in-rete-il-nuovo-ebook-di-roberto-de-nart-sul-caso-giudiziario-che-turbo-la-citta-nel-dopoguerra\/#primaryimage"},"thumbnailUrl":"https:\/\/www.bellunopress.it\/wp-content\/uploads\/2022\/12\/Linquietante-morte-di-Lea-Luzzatto-eBook.jpg","datePublished":"2022-12-03T16:31:07+00:00","dateModified":"2023-11-29T07:09:48+00:00","breadcrumb":{"@id":"https:\/\/www.bellunopress.it\/2022\/12\/03\/linquietante-morte-di-lea-luzzatto-in-rete-il-nuovo-ebook-di-roberto-de-nart-sul-caso-giudiziario-che-turbo-la-citta-nel-dopoguerra\/#breadcrumb"},"inLanguage":"fr-FR","potentialAction":[{"@type":"ReadAction","target":["https:\/\/www.bellunopress.it\/2022\/12\/03\/linquietante-morte-di-lea-luzzatto-in-rete-il-nuovo-ebook-di-roberto-de-nart-sul-caso-giudiziario-che-turbo-la-citta-nel-dopoguerra\/"]}]},{"@type":"ImageObject","inLanguage":"fr-FR","@id":"https:\/\/www.bellunopress.it\/2022\/12\/03\/linquietante-morte-di-lea-luzzatto-in-rete-il-nuovo-ebook-di-roberto-de-nart-sul-caso-giudiziario-che-turbo-la-citta-nel-dopoguerra\/#primaryimage","url":"https:\/\/www.bellunopress.it\/wp-content\/uploads\/2022\/12\/Linquietante-morte-di-Lea-Luzzatto-eBook.jpg","contentUrl":"https:\/\/www.bellunopress.it\/wp-content\/uploads\/2022\/12\/Linquietante-morte-di-Lea-Luzzatto-eBook.jpg","width":507,"height":815},{"@type":"BreadcrumbList","@id":"https:\/\/www.bellunopress.it\/2022\/12\/03\/linquietante-morte-di-lea-luzzatto-in-rete-il-nuovo-ebook-di-roberto-de-nart-sul-caso-giudiziario-che-turbo-la-citta-nel-dopoguerra\/#breadcrumb","itemListElement":[{"@type":"ListItem","position":1,"name":"Home","item":"https:\/\/www.bellunopress.it\/"},{"@type":"ListItem","position":2,"name":"L&#8217;inquietante morte di Lea Luzzatto. In rete il nuovo eBook di Roberto De Nart sul caso giudiziario che turb\u00f2 la citt\u00e0 nel dopoguerra"}]},{"@type":"WebSite","@id":"https:\/\/www.bellunopress.it\/#website","url":"https:\/\/www.bellunopress.it\/","name":"Bellunopress - Dolomiti","description":"e-mail: redazione@bellunopress.it","publisher":{"@id":"https:\/\/www.bellunopress.it\/#organization"},"potentialAction":[{"@type":"SearchAction","target":{"@type":"EntryPoint","urlTemplate":"https:\/\/www.bellunopress.it\/?s={search_term_string}"},"query-input":{"@type":"PropertyValueSpecification","valueRequired":true,"valueName":"search_term_string"}}],"inLanguage":"fr-FR"},{"@type":"Organization","@id":"https:\/\/www.bellunopress.it\/#organization","name":"Bellunopress","url":"https:\/\/www.bellunopress.it\/","logo":{"@type":"ImageObject","inLanguage":"fr-FR","@id":"https:\/\/www.bellunopress.it\/#\/schema\/logo\/image\/","url":"https:\/\/www.bellunopress.it\/wp-content\/uploads\/2011\/05\/cropped-logo-bellunopress-.jpg","contentUrl":"https:\/\/www.bellunopress.it\/wp-content\/uploads\/2011\/05\/cropped-logo-bellunopress-.jpg","width":512,"height":512,"caption":"Bellunopress"},"image":{"@id":"https:\/\/www.bellunopress.it\/#\/schema\/logo\/image\/"},"sameAs":["https:\/\/www.facebook.com\/profile.php?id=100008943462799","https:\/\/x.com\/bellunopress","https:\/\/www.linkedin.com\/hp\/?dnr=JBzUWaJfMUw8vbXJJ2tVW5-I3jZKvC4wsoxE&amp;amp;amp;amp;amp;amp;trk=nav_responsive_tab_home","https:\/\/www.youtube.com\/channel\/UCxL0wu1uN0_3_7hGG0306cw"]},{"@type":"Person","@id":"https:\/\/www.bellunopress.it\/#\/schema\/person\/79bb06722b37ece1c03d3e94beb30d73","name":"r\u00e9daction","image":{"@type":"ImageObject","inLanguage":"fr-FR","@id":"https:\/\/secure.gravatar.com\/avatar\/37d968a2e67a6fd04c169c4bdef102d0bc5d31b2546345219e348575eb80e9a0?s=96&d=mm&r=g","url":"https:\/\/secure.gravatar.com\/avatar\/37d968a2e67a6fd04c169c4bdef102d0bc5d31b2546345219e348575eb80e9a0?s=96&d=mm&r=g","contentUrl":"https:\/\/secure.gravatar.com\/avatar\/37d968a2e67a6fd04c169c4bdef102d0bc5d31b2546345219e348575eb80e9a0?s=96&d=mm&r=g","caption":"redazione"},"sameAs":["http:\/\/www.bellunopress.it","https:\/\/x.com\/bellunopress"],"url":"https:\/\/www.bellunopress.it\/fr\/author\/redazione\/"}]}},"_links":{"self":[{"href":"https:\/\/www.bellunopress.it\/fr\/wp-json\/wp\/v2\/posts\/138104","targetHints":{"allow":["GET"]}}],"collection":[{"href":"https:\/\/www.bellunopress.it\/fr\/wp-json\/wp\/v2\/posts"}],"about":[{"href":"https:\/\/www.bellunopress.it\/fr\/wp-json\/wp\/v2\/types\/post"}],"author":[{"embeddable":true,"href":"https:\/\/www.bellunopress.it\/fr\/wp-json\/wp\/v2\/users\/2"}],"replies":[{"embeddable":true,"href":"https:\/\/www.bellunopress.it\/fr\/wp-json\/wp\/v2\/comments?post=138104"}],"version-history":[{"count":6,"href":"https:\/\/www.bellunopress.it\/fr\/wp-json\/wp\/v2\/posts\/138104\/revisions"}],"predecessor-version":[{"id":146292,"href":"https:\/\/www.bellunopress.it\/fr\/wp-json\/wp\/v2\/posts\/138104\/revisions\/146292"}],"wp:featuredmedia":[{"embeddable":true,"href":"https:\/\/www.bellunopress.it\/fr\/wp-json\/wp\/v2\/media\/138105"}],"wp:attachment":[{"href":"https:\/\/www.bellunopress.it\/fr\/wp-json\/wp\/v2\/media?parent=138104"}],"wp:term":[{"taxonomy":"category","embeddable":true,"href":"https:\/\/www.bellunopress.it\/fr\/wp-json\/wp\/v2\/categories?post=138104"},{"taxonomy":"post_tag","embeddable":true,"href":"https:\/\/www.bellunopress.it\/fr\/wp-json\/wp\/v2\/tags?post=138104"}],"curies":[{"name":"wp","href":"https:\/\/api.w.org\/{rel}","templated":true}]}}