{"id":138102,"date":"2022-12-03T17:04:51","date_gmt":"2022-12-03T16:04:51","guid":{"rendered":"https:\/\/www.bellunopress.it\/?p=138102"},"modified":"2022-12-03T17:04:51","modified_gmt":"2022-12-03T16:04:51","slug":"cordoglio-per-la-scomparsa-del-dottor-alvise-moschini","status":"publish","type":"post","link":"https:\/\/www.bellunopress.it\/fr\/2022\/12\/03\/cordoglio-per-la-scomparsa-del-dottor-alvise-moschini\/","title":{"rendered":"Cordoglio per la scomparsa del dottor Alvise Moschini"},"content":{"rendered":"<p><img loading=\"lazy\" decoding=\"async\" class=\"alignleft size-full wp-image-119261\" src=\"https:\/\/www.bellunopress.it\/wp-content\/uploads\/2020\/11\/lutto_edited.jpg\" alt=\"\" width=\"800\" height=\"445\" srcset=\"https:\/\/www.bellunopress.it\/wp-content\/uploads\/2020\/11\/lutto_edited.jpg 800w, https:\/\/www.bellunopress.it\/wp-content\/uploads\/2020\/11\/lutto_edited-500x278.jpg 500w, https:\/\/www.bellunopress.it\/wp-content\/uploads\/2020\/11\/lutto_edited-696x387.jpg 696w, https:\/\/www.bellunopress.it\/wp-content\/uploads\/2020\/11\/lutto_edited-755x420.jpg 755w\" sizes=\"auto, (max-width: 800px) 100vw, 800px\" \/>Feltre, 3 dicembre 2022 &#8211; Nella mattinata di oggi, all\u2019ospedale di Feltre che tanto ha amato, circondato dai suoi cari, \u00e8 morto il dottor Alvise Moschini, storico primario della Chirurgia di Feltre.<\/p>\n<p>L\u2019Ulss Dolomiti, profondamente addolorata per la scomparsa di uno dei professionisti che pi\u00f9 hanno fatto crescere l\u2019ospedale di Feltre e un\u2019intera generazione di medici, esprime il suo cordoglio e la vicinanza alla famiglia del dottor Moschini.<\/p>\n<p>Nato il 9 novembre 1940 nel padovano, Alvise Moschini si era formato all\u2019Universit\u00e0 di Padova per poi approdare a Feltre nel maggio 1980. Fin da subito si fece riconoscere ed apprezzare per le sue doti di chirurgo, la capacit\u00e0 di far crescere i collaboratori e soprattutto per la grande umanit\u00e0.<br \/>\n\u00c8 stato direttore della Chirurgia di Feltre fino al 2006, con una attivit\u00e0 chirurgica di oltre 30 mila interventi e lo sviluppo, al Santa Maria del Prato, di nuovi campi come l\u2019introduzione delle tecniche mininvasive in chirurgia e l\u2019avvio del servizio di day surgery.<br \/>\nMolto apprezzato per le doti umane, di rara cortesia e disponibilit\u00e0, era un riferimento per tutto l\u2019ospedale oltre che per la comunit\u00e0 feltrina, da cui era molto amato e in cui era attivo nella vita sociale e professionale. Ha sempre riservato grande attenzione alle persone, aveva una spiccata umanit\u00e0 che abbinava alla competenza e alla continua ricerca. Sempre disponibile, senza guardare l\u2019orologio, l\u2019ospedale era la sua seconda casa e la sua porta era sempre aperta. Ha fatto crescere una solida generazione di giovani professionisti col suo esempio e con i suoi insegnamenti, spronandoli ad innovare e coltivare un clima di collaborazione, punto di forza non solo del reparto da lui diretto ma di tutto l\u2019ospedale.<\/p>\n<p>\u201cCon lui se ne va un autentico pilastro della storia recente dell\u2019ospedale di Feltre e della sanit\u00e0 feltrina, un uomo che \u00e8 riuscito a lasciare una profonda traccia di s\u00e9 sia dentro che fuori le sale operatorie\u201d.<br \/>\nCon queste parole il sindaco di Feltre Vivina Fusaro, esprime a nome personale, dell\u2019Amministrazione e di tutta la citt\u00e0 il profondo cordoglio per la scomparsa, avvenuta stamane all\u2019et\u00e0 di 82 anni, del dottor Alvise Moschini, a lungo medico e primario del reparto di chirurgia del \u201cSanta Maria del Parto\u201d.<br \/>\n\u201cQuelle con cui lo ricordiamo oggi sono parole molto sentite. Chiunque abbia avuto modo di conoscerlo, aggiunge il sindaco di Feltre, ne ha apprezzato sia le grandi capacit\u00e0 mediche e professionali &#8211; che lo videro protagonista di una stagione luminosa della chirurgia feltrina a partire dall\u2019inizio degli anni \u201880 del secolo scorso, quando giunse nella nostra citt\u00e0-, sia le straordinarie doti umane di disponibilit\u00e0, discrezione ed equilibrio. Ai familiari e agli amici giunga il cordoglio sincero di tutta la comunit\u00e0 feltrina, che porter\u00e0 vivo nel cuore con gratitudine il ricordo del dottor Moschini\u201d, conclude il sindaco Fusaro.<\/p>\n<p>&nbsp;<\/p>","protected":false},"excerpt":{"rendered":"<p>Feltre, 3 dicembre 2022 &#8211; Nella mattinata di oggi, all\u2019ospedale di Feltre che tanto ha amato, circondato dai suoi cari, \u00e8 morto il dottor Alvise Moschini, storico primario della Chirurgia di Feltre. L\u2019Ulss Dolomiti, profondamente addolorata per la scomparsa di uno dei professionisti che pi\u00f9 hanno fatto crescere l\u2019ospedale di Feltre e un\u2019intera generazione di [&hellip;]<\/p>\n","protected":false},"author":2,"featured_media":119261,"comment_status":"closed","ping_status":"open","sticky":false,"template":"","format":"standard","meta":{"footnotes":""},"categories":[5,26],"tags":[],"class_list":["post-138102","post","type-post","status-publish","format-standard","has-post-thumbnail","category-cronaca","category-prima-pagina"],"yoast_head":"<!-- This site is optimized with the Yoast SEO plugin v28.4 - https:\/\/yoast.com\/product\/yoast-seo-wordpress\/ -->\n<title>Cordoglio per la scomparsa del dottor Alvise Moschini - Bellunopress - Dolomiti<\/title>\n<meta name=\"robots\" content=\"index, follow, max-snippet:-1, max-image-preview:large, max-video-preview:-1\" \/>\n<link rel=\"canonical\" href=\"https:\/\/www.bellunopress.it\/fr\/2022\/12\/03\/cordoglio-per-la-scomparsa-del-dottor-alvise-moschini\/\" \/>\n<meta property=\"og:locale\" content=\"fr_FR\" \/>\n<meta property=\"og:type\" content=\"article\" \/>\n<meta property=\"og:title\" content=\"Cordoglio per la scomparsa del dottor Alvise Moschini - Bellunopress - Dolomiti\" \/>\n<meta property=\"og:description\" content=\"Feltre, 3 dicembre 2022 &#8211; Nella mattinata di oggi, all\u2019ospedale di Feltre che tanto ha amato, circondato dai suoi cari, \u00e8 morto il dottor Alvise Moschini, storico primario della Chirurgia di Feltre. L\u2019Ulss Dolomiti, profondamente addolorata per la scomparsa di uno dei professionisti che pi\u00f9 hanno fatto crescere l\u2019ospedale di Feltre e un\u2019intera generazione di [&hellip;]\" \/>\n<meta property=\"og:url\" content=\"https:\/\/www.bellunopress.it\/fr\/2022\/12\/03\/cordoglio-per-la-scomparsa-del-dottor-alvise-moschini\/\" \/>\n<meta property=\"og:site_name\" content=\"Bellunopress - Dolomiti\" \/>\n<meta property=\"article:publisher\" content=\"https:\/\/www.facebook.com\/profile.php?id=100008943462799\" \/>\n<meta property=\"article:published_time\" content=\"2022-12-03T16:04:51+00:00\" \/>\n<meta property=\"og:image\" content=\"https:\/\/www.bellunopress.it\/wp-content\/uploads\/2020\/11\/lutto_edited.jpg\" \/>\n\t<meta property=\"og:image:width\" content=\"800\" \/>\n\t<meta property=\"og:image:height\" content=\"445\" \/>\n\t<meta property=\"og:image:type\" content=\"image\/jpeg\" \/>\n<meta name=\"author\" content=\"redazione\" \/>\n<meta name=\"twitter:card\" content=\"summary_large_image\" \/>\n<meta name=\"twitter:creator\" content=\"@bellunopress\" \/>\n<meta name=\"twitter:site\" content=\"@bellunopress\" \/>\n<meta name=\"twitter:label1\" content=\"\u00c9crit par\" \/>\n\t<meta name=\"twitter:data1\" content=\"redazione\" \/>\n\t<meta name=\"twitter:label2\" content=\"Dur\u00e9e de lecture estim\u00e9e\" \/>\n\t<meta name=\"twitter:data2\" content=\"3 minutes\" \/>\n<script type=\"application\/ld+json\" class=\"yoast-schema-graph\">{\"@context\":\"https:\\\/\\\/schema.org\",\"@graph\":[{\"@type\":\"Article\",\"@id\":\"https:\\\/\\\/www.bellunopress.it\\\/2022\\\/12\\\/03\\\/cordoglio-per-la-scomparsa-del-dottor-alvise-moschini\\\/#article\",\"isPartOf\":{\"@id\":\"https:\\\/\\\/www.bellunopress.it\\\/2022\\\/12\\\/03\\\/cordoglio-per-la-scomparsa-del-dottor-alvise-moschini\\\/\"},\"author\":{\"name\":\"redazione\",\"@id\":\"https:\\\/\\\/www.bellunopress.it\\\/#\\\/schema\\\/person\\\/79bb06722b37ece1c03d3e94beb30d73\"},\"headline\":\"Cordoglio per la scomparsa del dottor Alvise Moschini\",\"datePublished\":\"2022-12-03T16:04:51+00:00\",\"mainEntityOfPage\":{\"@id\":\"https:\\\/\\\/www.bellunopress.it\\\/2022\\\/12\\\/03\\\/cordoglio-per-la-scomparsa-del-dottor-alvise-moschini\\\/\"},\"wordCount\":473,\"publisher\":{\"@id\":\"https:\\\/\\\/www.bellunopress.it\\\/#organization\"},\"image\":{\"@id\":\"https:\\\/\\\/www.bellunopress.it\\\/2022\\\/12\\\/03\\\/cordoglio-per-la-scomparsa-del-dottor-alvise-moschini\\\/#primaryimage\"},\"thumbnailUrl\":\"https:\\\/\\\/www.bellunopress.it\\\/wp-content\\\/uploads\\\/2020\\\/11\\\/lutto_edited.jpg\",\"articleSection\":[\"Cronaca\\\/Politica\",\"Prima Pagina\"],\"inLanguage\":\"fr-FR\"},{\"@type\":\"WebPage\",\"@id\":\"https:\\\/\\\/www.bellunopress.it\\\/2022\\\/12\\\/03\\\/cordoglio-per-la-scomparsa-del-dottor-alvise-moschini\\\/\",\"url\":\"https:\\\/\\\/www.bellunopress.it\\\/2022\\\/12\\\/03\\\/cordoglio-per-la-scomparsa-del-dottor-alvise-moschini\\\/\",\"name\":\"Cordoglio per la scomparsa del dottor Alvise Moschini - Bellunopress - Dolomiti\",\"isPartOf\":{\"@id\":\"https:\\\/\\\/www.bellunopress.it\\\/#website\"},\"primaryImageOfPage\":{\"@id\":\"https:\\\/\\\/www.bellunopress.it\\\/2022\\\/12\\\/03\\\/cordoglio-per-la-scomparsa-del-dottor-alvise-moschini\\\/#primaryimage\"},\"image\":{\"@id\":\"https:\\\/\\\/www.bellunopress.it\\\/2022\\\/12\\\/03\\\/cordoglio-per-la-scomparsa-del-dottor-alvise-moschini\\\/#primaryimage\"},\"thumbnailUrl\":\"https:\\\/\\\/www.bellunopress.it\\\/wp-content\\\/uploads\\\/2020\\\/11\\\/lutto_edited.jpg\",\"datePublished\":\"2022-12-03T16:04:51+00:00\",\"breadcrumb\":{\"@id\":\"https:\\\/\\\/www.bellunopress.it\\\/2022\\\/12\\\/03\\\/cordoglio-per-la-scomparsa-del-dottor-alvise-moschini\\\/#breadcrumb\"},\"inLanguage\":\"fr-FR\",\"potentialAction\":[{\"@type\":\"ReadAction\",\"target\":[\"https:\\\/\\\/www.bellunopress.it\\\/2022\\\/12\\\/03\\\/cordoglio-per-la-scomparsa-del-dottor-alvise-moschini\\\/\"]}]},{\"@type\":\"ImageObject\",\"inLanguage\":\"fr-FR\",\"@id\":\"https:\\\/\\\/www.bellunopress.it\\\/2022\\\/12\\\/03\\\/cordoglio-per-la-scomparsa-del-dottor-alvise-moschini\\\/#primaryimage\",\"url\":\"https:\\\/\\\/www.bellunopress.it\\\/wp-content\\\/uploads\\\/2020\\\/11\\\/lutto_edited.jpg\",\"contentUrl\":\"https:\\\/\\\/www.bellunopress.it\\\/wp-content\\\/uploads\\\/2020\\\/11\\\/lutto_edited.jpg\",\"width\":800,\"height\":445},{\"@type\":\"BreadcrumbList\",\"@id\":\"https:\\\/\\\/www.bellunopress.it\\\/2022\\\/12\\\/03\\\/cordoglio-per-la-scomparsa-del-dottor-alvise-moschini\\\/#breadcrumb\",\"itemListElement\":[{\"@type\":\"ListItem\",\"position\":1,\"name\":\"Home\",\"item\":\"https:\\\/\\\/www.bellunopress.it\\\/\"},{\"@type\":\"ListItem\",\"position\":2,\"name\":\"Cordoglio per la scomparsa del dottor Alvise Moschini\"}]},{\"@type\":\"WebSite\",\"@id\":\"https:\\\/\\\/www.bellunopress.it\\\/#website\",\"url\":\"https:\\\/\\\/www.bellunopress.it\\\/\",\"name\":\"Bellunopress - Dolomiti\",\"description\":\"e-mail: redazione@bellunopress.it\",\"publisher\":{\"@id\":\"https:\\\/\\\/www.bellunopress.it\\\/#organization\"},\"potentialAction\":[{\"@type\":\"SearchAction\",\"target\":{\"@type\":\"EntryPoint\",\"urlTemplate\":\"https:\\\/\\\/www.bellunopress.it\\\/?s={search_term_string}\"},\"query-input\":{\"@type\":\"PropertyValueSpecification\",\"valueRequired\":true,\"valueName\":\"search_term_string\"}}],\"inLanguage\":\"fr-FR\"},{\"@type\":\"Organization\",\"@id\":\"https:\\\/\\\/www.bellunopress.it\\\/#organization\",\"name\":\"Bellunopress\",\"url\":\"https:\\\/\\\/www.bellunopress.it\\\/\",\"logo\":{\"@type\":\"ImageObject\",\"inLanguage\":\"fr-FR\",\"@id\":\"https:\\\/\\\/www.bellunopress.it\\\/#\\\/schema\\\/logo\\\/image\\\/\",\"url\":\"https:\\\/\\\/www.bellunopress.it\\\/wp-content\\\/uploads\\\/2011\\\/05\\\/cropped-logo-bellunopress-.jpg\",\"contentUrl\":\"https:\\\/\\\/www.bellunopress.it\\\/wp-content\\\/uploads\\\/2011\\\/05\\\/cropped-logo-bellunopress-.jpg\",\"width\":512,\"height\":512,\"caption\":\"Bellunopress\"},\"image\":{\"@id\":\"https:\\\/\\\/www.bellunopress.it\\\/#\\\/schema\\\/logo\\\/image\\\/\"},\"sameAs\":[\"https:\\\/\\\/www.facebook.com\\\/profile.php?id=100008943462799\",\"https:\\\/\\\/x.com\\\/bellunopress\",\"https:\\\/\\\/www.linkedin.com\\\/hp\\\/?dnr=JBzUWaJfMUw8vbXJJ2tVW5-I3jZKvC4wsoxE&amp;amp;amp;amp;amp;amp;trk=nav_responsive_tab_home\",\"https:\\\/\\\/www.youtube.com\\\/channel\\\/UCxL0wu1uN0_3_7hGG0306cw\"]},{\"@type\":\"Person\",\"@id\":\"https:\\\/\\\/www.bellunopress.it\\\/#\\\/schema\\\/person\\\/79bb06722b37ece1c03d3e94beb30d73\",\"name\":\"redazione\",\"image\":{\"@type\":\"ImageObject\",\"inLanguage\":\"fr-FR\",\"@id\":\"https:\\\/\\\/secure.gravatar.com\\\/avatar\\\/37d968a2e67a6fd04c169c4bdef102d0bc5d31b2546345219e348575eb80e9a0?s=96&d=mm&r=g\",\"url\":\"https:\\\/\\\/secure.gravatar.com\\\/avatar\\\/37d968a2e67a6fd04c169c4bdef102d0bc5d31b2546345219e348575eb80e9a0?s=96&d=mm&r=g\",\"contentUrl\":\"https:\\\/\\\/secure.gravatar.com\\\/avatar\\\/37d968a2e67a6fd04c169c4bdef102d0bc5d31b2546345219e348575eb80e9a0?s=96&d=mm&r=g\",\"caption\":\"redazione\"},\"sameAs\":[\"http:\\\/\\\/www.bellunopress.it\",\"https:\\\/\\\/x.com\\\/bellunopress\"],\"url\":\"https:\\\/\\\/www.bellunopress.it\\\/fr\\\/author\\\/redazione\\\/\"}]}<\/script>\n<!-- \/ Yoast SEO plugin. -->","yoast_head_json":{"title":"Cordoglio per la scomparsa del dottor Alvise Moschini - Bellunopress - Dolomiti","robots":{"index":"index","follow":"follow","max-snippet":"max-snippet:-1","max-image-preview":"max-image-preview:large","max-video-preview":"max-video-preview:-1"},"canonical":"https:\/\/www.bellunopress.it\/fr\/2022\/12\/03\/cordoglio-per-la-scomparsa-del-dottor-alvise-moschini\/","og_locale":"fr_FR","og_type":"article","og_title":"Cordoglio per la scomparsa del dottor Alvise Moschini - Bellunopress - Dolomiti","og_description":"Feltre, 3 dicembre 2022 &#8211; Nella mattinata di oggi, all\u2019ospedale di Feltre che tanto ha amato, circondato dai suoi cari, \u00e8 morto il dottor Alvise Moschini, storico primario della Chirurgia di Feltre. L\u2019Ulss Dolomiti, profondamente addolorata per la scomparsa di uno dei professionisti che pi\u00f9 hanno fatto crescere l\u2019ospedale di Feltre e un\u2019intera generazione di [&hellip;]","og_url":"https:\/\/www.bellunopress.it\/fr\/2022\/12\/03\/cordoglio-per-la-scomparsa-del-dottor-alvise-moschini\/","og_site_name":"Bellunopress - Dolomiti","article_publisher":"https:\/\/www.facebook.com\/profile.php?id=100008943462799","article_published_time":"2022-12-03T16:04:51+00:00","og_image":[{"width":800,"height":445,"url":"https:\/\/www.bellunopress.it\/wp-content\/uploads\/2020\/11\/lutto_edited.jpg","type":"image\/jpeg"}],"author":"redazione","twitter_card":"summary_large_image","twitter_creator":"@bellunopress","twitter_site":"@bellunopress","twitter_misc":{"\u00c9crit par":"redazione","Dur\u00e9e de lecture estim\u00e9e":"3 minutes"},"schema":{"@context":"https:\/\/schema.org","@graph":[{"@type":"Article","@id":"https:\/\/www.bellunopress.it\/2022\/12\/03\/cordoglio-per-la-scomparsa-del-dottor-alvise-moschini\/#article","isPartOf":{"@id":"https:\/\/www.bellunopress.it\/2022\/12\/03\/cordoglio-per-la-scomparsa-del-dottor-alvise-moschini\/"},"author":{"name":"redazione","@id":"https:\/\/www.bellunopress.it\/#\/schema\/person\/79bb06722b37ece1c03d3e94beb30d73"},"headline":"Cordoglio per la scomparsa del dottor Alvise Moschini","datePublished":"2022-12-03T16:04:51+00:00","mainEntityOfPage":{"@id":"https:\/\/www.bellunopress.it\/2022\/12\/03\/cordoglio-per-la-scomparsa-del-dottor-alvise-moschini\/"},"wordCount":473,"publisher":{"@id":"https:\/\/www.bellunopress.it\/#organization"},"image":{"@id":"https:\/\/www.bellunopress.it\/2022\/12\/03\/cordoglio-per-la-scomparsa-del-dottor-alvise-moschini\/#primaryimage"},"thumbnailUrl":"https:\/\/www.bellunopress.it\/wp-content\/uploads\/2020\/11\/lutto_edited.jpg","articleSection":["Cronaca\/Politica","Prima Pagina"],"inLanguage":"fr-FR"},{"@type":"WebPage","@id":"https:\/\/www.bellunopress.it\/2022\/12\/03\/cordoglio-per-la-scomparsa-del-dottor-alvise-moschini\/","url":"https:\/\/www.bellunopress.it\/2022\/12\/03\/cordoglio-per-la-scomparsa-del-dottor-alvise-moschini\/","name":"Cordoglio per la scomparsa del dottor Alvise Moschini - Bellunopress - Dolomiti","isPartOf":{"@id":"https:\/\/www.bellunopress.it\/#website"},"primaryImageOfPage":{"@id":"https:\/\/www.bellunopress.it\/2022\/12\/03\/cordoglio-per-la-scomparsa-del-dottor-alvise-moschini\/#primaryimage"},"image":{"@id":"https:\/\/www.bellunopress.it\/2022\/12\/03\/cordoglio-per-la-scomparsa-del-dottor-alvise-moschini\/#primaryimage"},"thumbnailUrl":"https:\/\/www.bellunopress.it\/wp-content\/uploads\/2020\/11\/lutto_edited.jpg","datePublished":"2022-12-03T16:04:51+00:00","breadcrumb":{"@id":"https:\/\/www.bellunopress.it\/2022\/12\/03\/cordoglio-per-la-scomparsa-del-dottor-alvise-moschini\/#breadcrumb"},"inLanguage":"fr-FR","potentialAction":[{"@type":"ReadAction","target":["https:\/\/www.bellunopress.it\/2022\/12\/03\/cordoglio-per-la-scomparsa-del-dottor-alvise-moschini\/"]}]},{"@type":"ImageObject","inLanguage":"fr-FR","@id":"https:\/\/www.bellunopress.it\/2022\/12\/03\/cordoglio-per-la-scomparsa-del-dottor-alvise-moschini\/#primaryimage","url":"https:\/\/www.bellunopress.it\/wp-content\/uploads\/2020\/11\/lutto_edited.jpg","contentUrl":"https:\/\/www.bellunopress.it\/wp-content\/uploads\/2020\/11\/lutto_edited.jpg","width":800,"height":445},{"@type":"BreadcrumbList","@id":"https:\/\/www.bellunopress.it\/2022\/12\/03\/cordoglio-per-la-scomparsa-del-dottor-alvise-moschini\/#breadcrumb","itemListElement":[{"@type":"ListItem","position":1,"name":"Home","item":"https:\/\/www.bellunopress.it\/"},{"@type":"ListItem","position":2,"name":"Cordoglio per la scomparsa del dottor Alvise Moschini"}]},{"@type":"WebSite","@id":"https:\/\/www.bellunopress.it\/#website","url":"https:\/\/www.bellunopress.it\/","name":"Bellunopress - Dolomiti","description":"e-mail: redazione@bellunopress.it","publisher":{"@id":"https:\/\/www.bellunopress.it\/#organization"},"potentialAction":[{"@type":"SearchAction","target":{"@type":"EntryPoint","urlTemplate":"https:\/\/www.bellunopress.it\/?s={search_term_string}"},"query-input":{"@type":"PropertyValueSpecification","valueRequired":true,"valueName":"search_term_string"}}],"inLanguage":"fr-FR"},{"@type":"Organization","@id":"https:\/\/www.bellunopress.it\/#organization","name":"Bellunopress","url":"https:\/\/www.bellunopress.it\/","logo":{"@type":"ImageObject","inLanguage":"fr-FR","@id":"https:\/\/www.bellunopress.it\/#\/schema\/logo\/image\/","url":"https:\/\/www.bellunopress.it\/wp-content\/uploads\/2011\/05\/cropped-logo-bellunopress-.jpg","contentUrl":"https:\/\/www.bellunopress.it\/wp-content\/uploads\/2011\/05\/cropped-logo-bellunopress-.jpg","width":512,"height":512,"caption":"Bellunopress"},"image":{"@id":"https:\/\/www.bellunopress.it\/#\/schema\/logo\/image\/"},"sameAs":["https:\/\/www.facebook.com\/profile.php?id=100008943462799","https:\/\/x.com\/bellunopress","https:\/\/www.linkedin.com\/hp\/?dnr=JBzUWaJfMUw8vbXJJ2tVW5-I3jZKvC4wsoxE&amp;amp;amp;amp;amp;amp;trk=nav_responsive_tab_home","https:\/\/www.youtube.com\/channel\/UCxL0wu1uN0_3_7hGG0306cw"]},{"@type":"Person","@id":"https:\/\/www.bellunopress.it\/#\/schema\/person\/79bb06722b37ece1c03d3e94beb30d73","name":"r\u00e9daction","image":{"@type":"ImageObject","inLanguage":"fr-FR","@id":"https:\/\/secure.gravatar.com\/avatar\/37d968a2e67a6fd04c169c4bdef102d0bc5d31b2546345219e348575eb80e9a0?s=96&d=mm&r=g","url":"https:\/\/secure.gravatar.com\/avatar\/37d968a2e67a6fd04c169c4bdef102d0bc5d31b2546345219e348575eb80e9a0?s=96&d=mm&r=g","contentUrl":"https:\/\/secure.gravatar.com\/avatar\/37d968a2e67a6fd04c169c4bdef102d0bc5d31b2546345219e348575eb80e9a0?s=96&d=mm&r=g","caption":"redazione"},"sameAs":["http:\/\/www.bellunopress.it","https:\/\/x.com\/bellunopress"],"url":"https:\/\/www.bellunopress.it\/fr\/author\/redazione\/"}]}},"_links":{"self":[{"href":"https:\/\/www.bellunopress.it\/fr\/wp-json\/wp\/v2\/posts\/138102","targetHints":{"allow":["GET"]}}],"collection":[{"href":"https:\/\/www.bellunopress.it\/fr\/wp-json\/wp\/v2\/posts"}],"about":[{"href":"https:\/\/www.bellunopress.it\/fr\/wp-json\/wp\/v2\/types\/post"}],"author":[{"embeddable":true,"href":"https:\/\/www.bellunopress.it\/fr\/wp-json\/wp\/v2\/users\/2"}],"replies":[{"embeddable":true,"href":"https:\/\/www.bellunopress.it\/fr\/wp-json\/wp\/v2\/comments?post=138102"}],"version-history":[{"count":1,"href":"https:\/\/www.bellunopress.it\/fr\/wp-json\/wp\/v2\/posts\/138102\/revisions"}],"predecessor-version":[{"id":138103,"href":"https:\/\/www.bellunopress.it\/fr\/wp-json\/wp\/v2\/posts\/138102\/revisions\/138103"}],"wp:featuredmedia":[{"embeddable":true,"href":"https:\/\/www.bellunopress.it\/fr\/wp-json\/wp\/v2\/media\/119261"}],"wp:attachment":[{"href":"https:\/\/www.bellunopress.it\/fr\/wp-json\/wp\/v2\/media?parent=138102"}],"wp:term":[{"taxonomy":"category","embeddable":true,"href":"https:\/\/www.bellunopress.it\/fr\/wp-json\/wp\/v2\/categories?post=138102"},{"taxonomy":"post_tag","embeddable":true,"href":"https:\/\/www.bellunopress.it\/fr\/wp-json\/wp\/v2\/tags?post=138102"}],"curies":[{"name":"wp","href":"https:\/\/api.w.org\/{rel}","templated":true}]}}