{"id":138099,"date":"2022-12-03T08:17:28","date_gmt":"2022-12-03T07:17:28","guid":{"rendered":"https:\/\/www.bellunopress.it\/?p=138099"},"modified":"2022-12-03T08:17:28","modified_gmt":"2022-12-03T07:17:28","slug":"la-consulta-e-i-vaccini-di-filiberto-dal-molin","status":"publish","type":"post","link":"https:\/\/www.bellunopress.it\/fr\/2022\/12\/03\/la-consulta-e-i-vaccini-di-filiberto-dal-molin\/","title":{"rendered":"La Consulta e i vaccini     * di Filiberto Dal Molin"},"content":{"rendered":"<figure id=\"attachment_125420\" aria-describedby=\"caption-attachment-125420\" style=\"width: 600px\" class=\"wp-caption alignleft\"><img loading=\"lazy\" decoding=\"async\" class=\"size-full wp-image-125420\" src=\"https:\/\/www.bellunopress.it\/wp-content\/uploads\/2021\/06\/corte-costituzionale_edited.jpg\" alt=\"\" width=\"600\" height=\"400\" srcset=\"https:\/\/www.bellunopress.it\/wp-content\/uploads\/2021\/06\/corte-costituzionale_edited.jpg 600w, https:\/\/www.bellunopress.it\/wp-content\/uploads\/2021\/06\/corte-costituzionale_edited-500x333.jpg 500w\" sizes=\"auto, (max-width: 600px) 100vw, 600px\" \/><figcaption id=\"caption-attachment-125420\" class=\"wp-caption-text\">Palazzo della Consulta, Piazza del Quirinale &#8211; Roma. Dal 1951 sede della Corte Costituzionale<\/figcaption><\/figure>\n<p>Abbiamo avuto in questi giorni la ventura di sapere come si sono articolate le discussioni e le argomentazioni in tema di obbligo vaccinale anti Covid-19 tra la Consulta e i molti avvocati intervenuti a difendere i loro clienti dissenzienti nei confronti del vaccino. Non possiamo permetterci di definire di quale sostanza sia fatta la conclusione finale del dibattito, per\u00f2 l\u2019olfatto ci d\u00e0 delle indicazioni precise.<\/p>\n<p>Senza riprendere i molti argomenti che ci consentono di circostanziare motivazioni e caratteristiche di questo inganno universale e questo insulto alla libert\u00e0 di accettare o rifiutare le terapie (che ciascuno di noi ha il diritto di esercitare per s\u00e9 stesso) abbiamo accertato che l\u2019efficacia delle terapie, che definiamo domestiche o ambulatoriali, gi\u00e0 usate da vent\u2019anni per viremie dello stesso ceppo, non sia mai stata messa in discussione scientificamente.<\/p>\n<p>Tale efficacia, ottenibile con una vasta gamma di farmaci di uso comune, \u00e8 stata dimostrata valida e sostenuta da moltissimi medici e gruppi di studiosi di tutto il mondo ed \u00e8 stata comunicata fin dall\u2019inizio ai responsabili della politica sanitaria: ma Speranza &amp; Company l\u2019hanno completamente ignorata.<\/p>\n<p>Non solo ci avrebbe evitato un disastro economico globale e l\u2019inefficienza dei nostri ospedali nei confronti di tutte le altre patologie in corso, ma ci avrebbe evitato il numero straordinariamente elevato delle complicanze post-vaccinali e dei decessi, soprattutto tra i pi\u00f9 giovani.<\/p>\n<p>E\u2019 stata completamente ignorata perch\u00e9 contraria alla motivazione stessa che ci ha portato a questa cosiddetta \u201cpandemia\u201d e cio\u00e8 l\u2019esigenza programmatica di vaccinare tutta la popolazione mondiale, non tanto e non solo per un pericolo pandemico incipiente o in corso, ma proprio come terapia preventiva. In accordo col programma espressa circa 50 anni fa da Henry Gadsen, ceo della Merks &amp;Company, autorevole figura delle industrie del farmaco. Costui ha bellamente dichiarato che il loro obiettivo era quello di guadagnare non solo dai malati, ma anche dai sani. Ci sono riusciti da anni e ormai la loro clientela in questi giorni ha raggiunto gli 8 miliardi.<\/p>\n<p>Che convenga investire nella industria del farmaco pare che l\u2019abbiano capito anche i giudici della Consulta; molto prima l\u2019ha capito Ursula von der Leyen nella scelta del marito e nei rapporti (che ha voluto totalmente segreti) con le industrie dei vaccini, alle quali ha versato circa 30 miliardi della nostra Comunit\u00e0 Europea.<\/p>\n<p>Filiberto Dal Molin<\/p>","protected":false},"excerpt":{"rendered":"<p>Abbiamo avuto in questi giorni la ventura di sapere come si sono articolate le discussioni e le argomentazioni in tema di obbligo vaccinale anti Covid-19 tra la Consulta e i molti avvocati intervenuti a difendere i loro clienti dissenzienti nei confronti del vaccino. Non possiamo permetterci di definire di quale sostanza sia fatta la conclusione [&hellip;]<\/p>\n","protected":false},"author":2,"featured_media":137400,"comment_status":"closed","ping_status":"open","sticky":false,"template":"","format":"standard","meta":{"footnotes":""},"categories":[5,26,17],"tags":[],"class_list":["post-138099","post","type-post","status-publish","format-standard","has-post-thumbnail","category-cronaca","category-prima-pagina","category-sanita"],"yoast_head":"<!-- This site is optimized with the Yoast SEO plugin v28.4 - https:\/\/yoast.com\/product\/yoast-seo-wordpress\/ -->\n<title>La Consulta e i vaccini   * di Filiberto Dal Molin - Bellunopress - Dolomiti<\/title>\n<meta name=\"robots\" content=\"index, follow, max-snippet:-1, max-image-preview:large, max-video-preview:-1\" \/>\n<link rel=\"canonical\" href=\"https:\/\/www.bellunopress.it\/fr\/2022\/12\/03\/la-consulta-e-i-vaccini-di-filiberto-dal-molin\/\" \/>\n<meta property=\"og:locale\" content=\"fr_FR\" \/>\n<meta property=\"og:type\" content=\"article\" \/>\n<meta property=\"og:title\" content=\"La Consulta e i vaccini   * di Filiberto Dal Molin - Bellunopress - Dolomiti\" \/>\n<meta property=\"og:description\" content=\"Abbiamo avuto in questi giorni la ventura di sapere come si sono articolate le discussioni e le argomentazioni in tema di obbligo vaccinale anti Covid-19 tra la Consulta e i molti avvocati intervenuti a difendere i loro clienti dissenzienti nei confronti del vaccino. Non possiamo permetterci di definire di quale sostanza sia fatta la conclusione [&hellip;]\" \/>\n<meta property=\"og:url\" content=\"https:\/\/www.bellunopress.it\/fr\/2022\/12\/03\/la-consulta-e-i-vaccini-di-filiberto-dal-molin\/\" \/>\n<meta property=\"og:site_name\" content=\"Bellunopress - Dolomiti\" \/>\n<meta property=\"article:publisher\" content=\"https:\/\/www.facebook.com\/profile.php?id=100008943462799\" \/>\n<meta property=\"article:published_time\" content=\"2022-12-03T07:17:28+00:00\" \/>\n<meta property=\"og:image\" content=\"https:\/\/www.bellunopress.it\/wp-content\/uploads\/2022\/11\/Corte-Costituzionale_edited.jpg\" \/>\n\t<meta property=\"og:image:width\" content=\"776\" \/>\n\t<meta property=\"og:image:height\" content=\"467\" \/>\n\t<meta property=\"og:image:type\" content=\"image\/jpeg\" \/>\n<meta name=\"author\" content=\"redazione\" \/>\n<meta name=\"twitter:card\" content=\"summary_large_image\" \/>\n<meta name=\"twitter:creator\" content=\"@bellunopress\" \/>\n<meta name=\"twitter:site\" content=\"@bellunopress\" \/>\n<meta name=\"twitter:label1\" content=\"\u00c9crit par\" \/>\n\t<meta name=\"twitter:data1\" content=\"redazione\" \/>\n\t<meta name=\"twitter:label2\" content=\"Dur\u00e9e de lecture estim\u00e9e\" \/>\n\t<meta name=\"twitter:data2\" content=\"3 minutes\" \/>\n<script type=\"application\/ld+json\" class=\"yoast-schema-graph\">{\"@context\":\"https:\\\/\\\/schema.org\",\"@graph\":[{\"@type\":\"Article\",\"@id\":\"https:\\\/\\\/www.bellunopress.it\\\/2022\\\/12\\\/03\\\/la-consulta-e-i-vaccini-di-filiberto-dal-molin\\\/#article\",\"isPartOf\":{\"@id\":\"https:\\\/\\\/www.bellunopress.it\\\/2022\\\/12\\\/03\\\/la-consulta-e-i-vaccini-di-filiberto-dal-molin\\\/\"},\"author\":{\"name\":\"redazione\",\"@id\":\"https:\\\/\\\/www.bellunopress.it\\\/#\\\/schema\\\/person\\\/79bb06722b37ece1c03d3e94beb30d73\"},\"headline\":\"La Consulta e i vaccini * di Filiberto Dal Molin\",\"datePublished\":\"2022-12-03T07:17:28+00:00\",\"mainEntityOfPage\":{\"@id\":\"https:\\\/\\\/www.bellunopress.it\\\/2022\\\/12\\\/03\\\/la-consulta-e-i-vaccini-di-filiberto-dal-molin\\\/\"},\"wordCount\":416,\"publisher\":{\"@id\":\"https:\\\/\\\/www.bellunopress.it\\\/#organization\"},\"image\":{\"@id\":\"https:\\\/\\\/www.bellunopress.it\\\/2022\\\/12\\\/03\\\/la-consulta-e-i-vaccini-di-filiberto-dal-molin\\\/#primaryimage\"},\"thumbnailUrl\":\"https:\\\/\\\/www.bellunopress.it\\\/wp-content\\\/uploads\\\/2022\\\/11\\\/Corte-Costituzionale_edited.jpg\",\"articleSection\":[\"Cronaca\\\/Politica\",\"Prima Pagina\",\"Sanit\u00e0 Medicina\"],\"inLanguage\":\"fr-FR\"},{\"@type\":\"WebPage\",\"@id\":\"https:\\\/\\\/www.bellunopress.it\\\/2022\\\/12\\\/03\\\/la-consulta-e-i-vaccini-di-filiberto-dal-molin\\\/\",\"url\":\"https:\\\/\\\/www.bellunopress.it\\\/2022\\\/12\\\/03\\\/la-consulta-e-i-vaccini-di-filiberto-dal-molin\\\/\",\"name\":\"La Consulta e i vaccini * di Filiberto Dal Molin - Bellunopress - Dolomiti\",\"isPartOf\":{\"@id\":\"https:\\\/\\\/www.bellunopress.it\\\/#website\"},\"primaryImageOfPage\":{\"@id\":\"https:\\\/\\\/www.bellunopress.it\\\/2022\\\/12\\\/03\\\/la-consulta-e-i-vaccini-di-filiberto-dal-molin\\\/#primaryimage\"},\"image\":{\"@id\":\"https:\\\/\\\/www.bellunopress.it\\\/2022\\\/12\\\/03\\\/la-consulta-e-i-vaccini-di-filiberto-dal-molin\\\/#primaryimage\"},\"thumbnailUrl\":\"https:\\\/\\\/www.bellunopress.it\\\/wp-content\\\/uploads\\\/2022\\\/11\\\/Corte-Costituzionale_edited.jpg\",\"datePublished\":\"2022-12-03T07:17:28+00:00\",\"breadcrumb\":{\"@id\":\"https:\\\/\\\/www.bellunopress.it\\\/2022\\\/12\\\/03\\\/la-consulta-e-i-vaccini-di-filiberto-dal-molin\\\/#breadcrumb\"},\"inLanguage\":\"fr-FR\",\"potentialAction\":[{\"@type\":\"ReadAction\",\"target\":[\"https:\\\/\\\/www.bellunopress.it\\\/2022\\\/12\\\/03\\\/la-consulta-e-i-vaccini-di-filiberto-dal-molin\\\/\"]}]},{\"@type\":\"ImageObject\",\"inLanguage\":\"fr-FR\",\"@id\":\"https:\\\/\\\/www.bellunopress.it\\\/2022\\\/12\\\/03\\\/la-consulta-e-i-vaccini-di-filiberto-dal-molin\\\/#primaryimage\",\"url\":\"https:\\\/\\\/www.bellunopress.it\\\/wp-content\\\/uploads\\\/2022\\\/11\\\/Corte-Costituzionale_edited.jpg\",\"contentUrl\":\"https:\\\/\\\/www.bellunopress.it\\\/wp-content\\\/uploads\\\/2022\\\/11\\\/Corte-Costituzionale_edited.jpg\",\"width\":776,\"height\":467,\"caption\":\"Corte Costituzionale - Roma\"},{\"@type\":\"BreadcrumbList\",\"@id\":\"https:\\\/\\\/www.bellunopress.it\\\/2022\\\/12\\\/03\\\/la-consulta-e-i-vaccini-di-filiberto-dal-molin\\\/#breadcrumb\",\"itemListElement\":[{\"@type\":\"ListItem\",\"position\":1,\"name\":\"Home\",\"item\":\"https:\\\/\\\/www.bellunopress.it\\\/\"},{\"@type\":\"ListItem\",\"position\":2,\"name\":\"La Consulta e i vaccini * di Filiberto Dal Molin\"}]},{\"@type\":\"WebSite\",\"@id\":\"https:\\\/\\\/www.bellunopress.it\\\/#website\",\"url\":\"https:\\\/\\\/www.bellunopress.it\\\/\",\"name\":\"Bellunopress - Dolomiti\",\"description\":\"e-mail: redazione@bellunopress.it\",\"publisher\":{\"@id\":\"https:\\\/\\\/www.bellunopress.it\\\/#organization\"},\"potentialAction\":[{\"@type\":\"SearchAction\",\"target\":{\"@type\":\"EntryPoint\",\"urlTemplate\":\"https:\\\/\\\/www.bellunopress.it\\\/?s={search_term_string}\"},\"query-input\":{\"@type\":\"PropertyValueSpecification\",\"valueRequired\":true,\"valueName\":\"search_term_string\"}}],\"inLanguage\":\"fr-FR\"},{\"@type\":\"Organization\",\"@id\":\"https:\\\/\\\/www.bellunopress.it\\\/#organization\",\"name\":\"Bellunopress\",\"url\":\"https:\\\/\\\/www.bellunopress.it\\\/\",\"logo\":{\"@type\":\"ImageObject\",\"inLanguage\":\"fr-FR\",\"@id\":\"https:\\\/\\\/www.bellunopress.it\\\/#\\\/schema\\\/logo\\\/image\\\/\",\"url\":\"https:\\\/\\\/www.bellunopress.it\\\/wp-content\\\/uploads\\\/2011\\\/05\\\/cropped-logo-bellunopress-.jpg\",\"contentUrl\":\"https:\\\/\\\/www.bellunopress.it\\\/wp-content\\\/uploads\\\/2011\\\/05\\\/cropped-logo-bellunopress-.jpg\",\"width\":512,\"height\":512,\"caption\":\"Bellunopress\"},\"image\":{\"@id\":\"https:\\\/\\\/www.bellunopress.it\\\/#\\\/schema\\\/logo\\\/image\\\/\"},\"sameAs\":[\"https:\\\/\\\/www.facebook.com\\\/profile.php?id=100008943462799\",\"https:\\\/\\\/x.com\\\/bellunopress\",\"https:\\\/\\\/www.linkedin.com\\\/hp\\\/?dnr=JBzUWaJfMUw8vbXJJ2tVW5-I3jZKvC4wsoxE&amp;amp;amp;amp;amp;amp;trk=nav_responsive_tab_home\",\"https:\\\/\\\/www.youtube.com\\\/channel\\\/UCxL0wu1uN0_3_7hGG0306cw\"]},{\"@type\":\"Person\",\"@id\":\"https:\\\/\\\/www.bellunopress.it\\\/#\\\/schema\\\/person\\\/79bb06722b37ece1c03d3e94beb30d73\",\"name\":\"redazione\",\"image\":{\"@type\":\"ImageObject\",\"inLanguage\":\"fr-FR\",\"@id\":\"https:\\\/\\\/secure.gravatar.com\\\/avatar\\\/37d968a2e67a6fd04c169c4bdef102d0bc5d31b2546345219e348575eb80e9a0?s=96&d=mm&r=g\",\"url\":\"https:\\\/\\\/secure.gravatar.com\\\/avatar\\\/37d968a2e67a6fd04c169c4bdef102d0bc5d31b2546345219e348575eb80e9a0?s=96&d=mm&r=g\",\"contentUrl\":\"https:\\\/\\\/secure.gravatar.com\\\/avatar\\\/37d968a2e67a6fd04c169c4bdef102d0bc5d31b2546345219e348575eb80e9a0?s=96&d=mm&r=g\",\"caption\":\"redazione\"},\"sameAs\":[\"http:\\\/\\\/www.bellunopress.it\",\"https:\\\/\\\/x.com\\\/bellunopress\"],\"url\":\"https:\\\/\\\/www.bellunopress.it\\\/fr\\\/author\\\/redazione\\\/\"}]}<\/script>\n<!-- \/ Yoast SEO plugin. -->","yoast_head_json":{"title":"La Consulta e i vaccini   * di Filiberto Dal Molin - Bellunopress - Dolomiti","robots":{"index":"index","follow":"follow","max-snippet":"max-snippet:-1","max-image-preview":"max-image-preview:large","max-video-preview":"max-video-preview:-1"},"canonical":"https:\/\/www.bellunopress.it\/fr\/2022\/12\/03\/la-consulta-e-i-vaccini-di-filiberto-dal-molin\/","og_locale":"fr_FR","og_type":"article","og_title":"La Consulta e i vaccini   * di Filiberto Dal Molin - Bellunopress - Dolomiti","og_description":"Abbiamo avuto in questi giorni la ventura di sapere come si sono articolate le discussioni e le argomentazioni in tema di obbligo vaccinale anti Covid-19 tra la Consulta e i molti avvocati intervenuti a difendere i loro clienti dissenzienti nei confronti del vaccino. Non possiamo permetterci di definire di quale sostanza sia fatta la conclusione [&hellip;]","og_url":"https:\/\/www.bellunopress.it\/fr\/2022\/12\/03\/la-consulta-e-i-vaccini-di-filiberto-dal-molin\/","og_site_name":"Bellunopress - Dolomiti","article_publisher":"https:\/\/www.facebook.com\/profile.php?id=100008943462799","article_published_time":"2022-12-03T07:17:28+00:00","og_image":[{"width":776,"height":467,"url":"https:\/\/www.bellunopress.it\/wp-content\/uploads\/2022\/11\/Corte-Costituzionale_edited.jpg","type":"image\/jpeg"}],"author":"redazione","twitter_card":"summary_large_image","twitter_creator":"@bellunopress","twitter_site":"@bellunopress","twitter_misc":{"\u00c9crit par":"redazione","Dur\u00e9e de lecture estim\u00e9e":"3 minutes"},"schema":{"@context":"https:\/\/schema.org","@graph":[{"@type":"Article","@id":"https:\/\/www.bellunopress.it\/2022\/12\/03\/la-consulta-e-i-vaccini-di-filiberto-dal-molin\/#article","isPartOf":{"@id":"https:\/\/www.bellunopress.it\/2022\/12\/03\/la-consulta-e-i-vaccini-di-filiberto-dal-molin\/"},"author":{"name":"redazione","@id":"https:\/\/www.bellunopress.it\/#\/schema\/person\/79bb06722b37ece1c03d3e94beb30d73"},"headline":"La Consulta e i vaccini * di Filiberto Dal Molin","datePublished":"2022-12-03T07:17:28+00:00","mainEntityOfPage":{"@id":"https:\/\/www.bellunopress.it\/2022\/12\/03\/la-consulta-e-i-vaccini-di-filiberto-dal-molin\/"},"wordCount":416,"publisher":{"@id":"https:\/\/www.bellunopress.it\/#organization"},"image":{"@id":"https:\/\/www.bellunopress.it\/2022\/12\/03\/la-consulta-e-i-vaccini-di-filiberto-dal-molin\/#primaryimage"},"thumbnailUrl":"https:\/\/www.bellunopress.it\/wp-content\/uploads\/2022\/11\/Corte-Costituzionale_edited.jpg","articleSection":["Cronaca\/Politica","Prima Pagina","Sanit\u00e0 Medicina"],"inLanguage":"fr-FR"},{"@type":"WebPage","@id":"https:\/\/www.bellunopress.it\/2022\/12\/03\/la-consulta-e-i-vaccini-di-filiberto-dal-molin\/","url":"https:\/\/www.bellunopress.it\/2022\/12\/03\/la-consulta-e-i-vaccini-di-filiberto-dal-molin\/","name":"La Consulta e i vaccini * di Filiberto Dal Molin - Bellunopress - Dolomiti","isPartOf":{"@id":"https:\/\/www.bellunopress.it\/#website"},"primaryImageOfPage":{"@id":"https:\/\/www.bellunopress.it\/2022\/12\/03\/la-consulta-e-i-vaccini-di-filiberto-dal-molin\/#primaryimage"},"image":{"@id":"https:\/\/www.bellunopress.it\/2022\/12\/03\/la-consulta-e-i-vaccini-di-filiberto-dal-molin\/#primaryimage"},"thumbnailUrl":"https:\/\/www.bellunopress.it\/wp-content\/uploads\/2022\/11\/Corte-Costituzionale_edited.jpg","datePublished":"2022-12-03T07:17:28+00:00","breadcrumb":{"@id":"https:\/\/www.bellunopress.it\/2022\/12\/03\/la-consulta-e-i-vaccini-di-filiberto-dal-molin\/#breadcrumb"},"inLanguage":"fr-FR","potentialAction":[{"@type":"ReadAction","target":["https:\/\/www.bellunopress.it\/2022\/12\/03\/la-consulta-e-i-vaccini-di-filiberto-dal-molin\/"]}]},{"@type":"ImageObject","inLanguage":"fr-FR","@id":"https:\/\/www.bellunopress.it\/2022\/12\/03\/la-consulta-e-i-vaccini-di-filiberto-dal-molin\/#primaryimage","url":"https:\/\/www.bellunopress.it\/wp-content\/uploads\/2022\/11\/Corte-Costituzionale_edited.jpg","contentUrl":"https:\/\/www.bellunopress.it\/wp-content\/uploads\/2022\/11\/Corte-Costituzionale_edited.jpg","width":776,"height":467,"caption":"Corte Costituzionale - Roma"},{"@type":"BreadcrumbList","@id":"https:\/\/www.bellunopress.it\/2022\/12\/03\/la-consulta-e-i-vaccini-di-filiberto-dal-molin\/#breadcrumb","itemListElement":[{"@type":"ListItem","position":1,"name":"Home","item":"https:\/\/www.bellunopress.it\/"},{"@type":"ListItem","position":2,"name":"La Consulta e i vaccini * di Filiberto Dal Molin"}]},{"@type":"WebSite","@id":"https:\/\/www.bellunopress.it\/#website","url":"https:\/\/www.bellunopress.it\/","name":"Bellunopress - Dolomiti","description":"e-mail: redazione@bellunopress.it","publisher":{"@id":"https:\/\/www.bellunopress.it\/#organization"},"potentialAction":[{"@type":"SearchAction","target":{"@type":"EntryPoint","urlTemplate":"https:\/\/www.bellunopress.it\/?s={search_term_string}"},"query-input":{"@type":"PropertyValueSpecification","valueRequired":true,"valueName":"search_term_string"}}],"inLanguage":"fr-FR"},{"@type":"Organization","@id":"https:\/\/www.bellunopress.it\/#organization","name":"Bellunopress","url":"https:\/\/www.bellunopress.it\/","logo":{"@type":"ImageObject","inLanguage":"fr-FR","@id":"https:\/\/www.bellunopress.it\/#\/schema\/logo\/image\/","url":"https:\/\/www.bellunopress.it\/wp-content\/uploads\/2011\/05\/cropped-logo-bellunopress-.jpg","contentUrl":"https:\/\/www.bellunopress.it\/wp-content\/uploads\/2011\/05\/cropped-logo-bellunopress-.jpg","width":512,"height":512,"caption":"Bellunopress"},"image":{"@id":"https:\/\/www.bellunopress.it\/#\/schema\/logo\/image\/"},"sameAs":["https:\/\/www.facebook.com\/profile.php?id=100008943462799","https:\/\/x.com\/bellunopress","https:\/\/www.linkedin.com\/hp\/?dnr=JBzUWaJfMUw8vbXJJ2tVW5-I3jZKvC4wsoxE&amp;amp;amp;amp;amp;amp;trk=nav_responsive_tab_home","https:\/\/www.youtube.com\/channel\/UCxL0wu1uN0_3_7hGG0306cw"]},{"@type":"Person","@id":"https:\/\/www.bellunopress.it\/#\/schema\/person\/79bb06722b37ece1c03d3e94beb30d73","name":"r\u00e9daction","image":{"@type":"ImageObject","inLanguage":"fr-FR","@id":"https:\/\/secure.gravatar.com\/avatar\/37d968a2e67a6fd04c169c4bdef102d0bc5d31b2546345219e348575eb80e9a0?s=96&d=mm&r=g","url":"https:\/\/secure.gravatar.com\/avatar\/37d968a2e67a6fd04c169c4bdef102d0bc5d31b2546345219e348575eb80e9a0?s=96&d=mm&r=g","contentUrl":"https:\/\/secure.gravatar.com\/avatar\/37d968a2e67a6fd04c169c4bdef102d0bc5d31b2546345219e348575eb80e9a0?s=96&d=mm&r=g","caption":"redazione"},"sameAs":["http:\/\/www.bellunopress.it","https:\/\/x.com\/bellunopress"],"url":"https:\/\/www.bellunopress.it\/fr\/author\/redazione\/"}]}},"_links":{"self":[{"href":"https:\/\/www.bellunopress.it\/fr\/wp-json\/wp\/v2\/posts\/138099","targetHints":{"allow":["GET"]}}],"collection":[{"href":"https:\/\/www.bellunopress.it\/fr\/wp-json\/wp\/v2\/posts"}],"about":[{"href":"https:\/\/www.bellunopress.it\/fr\/wp-json\/wp\/v2\/types\/post"}],"author":[{"embeddable":true,"href":"https:\/\/www.bellunopress.it\/fr\/wp-json\/wp\/v2\/users\/2"}],"replies":[{"embeddable":true,"href":"https:\/\/www.bellunopress.it\/fr\/wp-json\/wp\/v2\/comments?post=138099"}],"version-history":[{"count":2,"href":"https:\/\/www.bellunopress.it\/fr\/wp-json\/wp\/v2\/posts\/138099\/revisions"}],"predecessor-version":[{"id":138101,"href":"https:\/\/www.bellunopress.it\/fr\/wp-json\/wp\/v2\/posts\/138099\/revisions\/138101"}],"wp:featuredmedia":[{"embeddable":true,"href":"https:\/\/www.bellunopress.it\/fr\/wp-json\/wp\/v2\/media\/137400"}],"wp:attachment":[{"href":"https:\/\/www.bellunopress.it\/fr\/wp-json\/wp\/v2\/media?parent=138099"}],"wp:term":[{"taxonomy":"category","embeddable":true,"href":"https:\/\/www.bellunopress.it\/fr\/wp-json\/wp\/v2\/categories?post=138099"},{"taxonomy":"post_tag","embeddable":true,"href":"https:\/\/www.bellunopress.it\/fr\/wp-json\/wp\/v2\/tags?post=138099"}],"curies":[{"name":"wp","href":"https:\/\/api.w.org\/{rel}","templated":true}]}}