{"id":138073,"date":"2022-12-01T15:31:39","date_gmt":"2022-12-01T14:31:39","guid":{"rendered":"https:\/\/www.bellunopress.it\/?p=138073"},"modified":"2022-12-01T19:44:27","modified_gmt":"2022-12-01T18:44:27","slug":"mostra-fotografica-dedicata-a-buzzati-dal-5-al-23-dicembre-alla-biblioteca-di-sedico","status":"publish","type":"post","link":"https:\/\/www.bellunopress.it\/fr\/2022\/12\/01\/mostra-fotografica-dedicata-a-buzzati-dal-5-al-23-dicembre-alla-biblioteca-di-sedico\/","title":{"rendered":"Mostra fotografica dedicata a Buzzati. Dal 5 al 23 dicembre alla Biblioteca di Sedico"},"content":{"rendered":"<p><img loading=\"lazy\" decoding=\"async\" class=\"alignleft size-full wp-image-138074\" src=\"https:\/\/www.bellunopress.it\/wp-content\/uploads\/2022\/12\/visioni-buzzatiane-mostra-foto.jpg\" alt=\"\" width=\"1000\" height=\"407\" srcset=\"https:\/\/www.bellunopress.it\/wp-content\/uploads\/2022\/12\/visioni-buzzatiane-mostra-foto.jpg 1000w, https:\/\/www.bellunopress.it\/wp-content\/uploads\/2022\/12\/visioni-buzzatiane-mostra-foto-500x204.jpg 500w, https:\/\/www.bellunopress.it\/wp-content\/uploads\/2022\/12\/visioni-buzzatiane-mostra-foto-696x283.jpg 696w\" sizes=\"auto, (max-width: 1000px) 100vw, 1000px\" \/>Sar\u00e0 la Biblioteca Civica di Sedico ad ospitare la sesta tappa della mostra fotografica del Collettivo Meraki &#8220;Visioni buzzatiane: natura, uomo, mistero&#8221;, dal 5 al 23 dicembre, curata da Valentina Pellegrinon.<\/p>\n<p>In mostra le fotografie realizzate dagli artisti del Collettivo Meraki &#8211; Mauro Case, Matteo Dalle Feste, Paolo Mecca, Irene Pampanin e Stefano Perenzin &#8211; che hanno avuto l&#8217;idea di interpretare attraverso la visione fotografica le atmosfere e le sensazioni evocate da una selezione di opere del giornalista, scrittore e pittore bellunese Dino Buzzati nel 50\u00b0 anniversario dalla sua scomparsa.<\/p>\n<p>Le opere esposte, realizzate con diverse tecniche fotografiche (dalla tradizionale pellicola al digitale, dal bianco e nero al colore, fino all&#8217;infrarosso), sono accompagnate da brevi citazioni buzzatiane lette ed interpretate dal gruppo teatrale Bretelle Lasche, ascoltabili con il proprio smartphone durante la visita.<\/p>\n<p>La mostra, presentata per la prima volta al pubblico nell&#8217;ottobre 2021 in occasione della 25\u00b0 edizione della rassegna culturale Oltre Le Vette a Villa Buzzati San Pellegrino (dove Dino Buzzati nacque nel 1906), \u00e8 stata esposta nel corso del 2022 a Pieve d&#8217;Alpago, Limana, Sospirolo e Borgo Piave.<\/p>\n<p>Ingresso gratuito: luned\u00ec, mercoled\u00ec e venerd\u00ec dalle 14.30 alle 18.00; marted\u00ec dalle 15.00 alle 19.00; gioved\u00ec dalle 8.30 alle 12.00 e dalle 15.00 alle 19.00; sabato dalle 8.00 alle 12.00 e dalle 15.00 alle 17.00. Info: collettivo.meraki@gmail.com<\/p>\n<p>&nbsp;<\/p>\n<p>IL COLLETTIVO MERAKI<br \/>\nIl collettivo Meraki \u00e8 composto da artisti bellunesi che hanno unito la loro passione per la fotografia dando vita a un&#8217;innovativa realt\u00e0 culturale per la provincia di Belluno. Il nome, Meraki, \u00e8 di origine greca e significa letteralmente &#8220;essenza di noi stessi&#8221;, fare qualcosa con l&#8217;anima, l&#8217;amore e la creativit\u00e0. Nato sotto il segno del lockdown, il collettivo si presenta al pubblico con questa seconda esperienza che rappresenta l&#8217;inizio di una serie di altri progetti.<\/p>\n<p>&nbsp;<\/p>\n<p>&nbsp;<\/p>","protected":false},"excerpt":{"rendered":"<p>Sar\u00e0 la Biblioteca Civica di Sedico ad ospitare la sesta tappa della mostra fotografica del Collettivo Meraki &#8220;Visioni buzzatiane: natura, uomo, mistero&#8221;, dal 5 al 23 dicembre, curata da Valentina Pellegrinon. In mostra le fotografie realizzate dagli artisti del Collettivo Meraki &#8211; Mauro Case, Matteo Dalle Feste, Paolo Mecca, Irene Pampanin e Stefano Perenzin &#8211; [&hellip;]<\/p>\n","protected":false},"author":2,"featured_media":138074,"comment_status":"closed","ping_status":"open","sticky":false,"template":"","format":"standard","meta":{"footnotes":""},"categories":[27,25],"tags":[],"class_list":["post-138073","post","type-post","status-publish","format-standard","has-post-thumbnail","category-appuntamenti","category-pausa-caffe"],"yoast_head":"<!-- This site is optimized with the Yoast SEO plugin v28.4 - https:\/\/yoast.com\/product\/yoast-seo-wordpress\/ -->\n<title>Mostra fotografica dedicata a Buzzati. Dal 5 al 23 dicembre alla Biblioteca di Sedico - Bellunopress - Dolomiti<\/title>\n<meta name=\"robots\" content=\"index, follow, max-snippet:-1, max-image-preview:large, max-video-preview:-1\" \/>\n<link rel=\"canonical\" href=\"https:\/\/www.bellunopress.it\/fr\/2022\/12\/01\/mostra-fotografica-dedicata-a-buzzati-dal-5-al-23-dicembre-alla-biblioteca-di-sedico\/\" \/>\n<meta property=\"og:locale\" content=\"fr_FR\" \/>\n<meta property=\"og:type\" content=\"article\" \/>\n<meta property=\"og:title\" content=\"Mostra fotografica dedicata a Buzzati. Dal 5 al 23 dicembre alla Biblioteca di Sedico - Bellunopress - Dolomiti\" \/>\n<meta property=\"og:description\" content=\"Sar\u00e0 la Biblioteca Civica di Sedico ad ospitare la sesta tappa della mostra fotografica del Collettivo Meraki &#8220;Visioni buzzatiane: natura, uomo, mistero&#8221;, dal 5 al 23 dicembre, curata da Valentina Pellegrinon. In mostra le fotografie realizzate dagli artisti del Collettivo Meraki &#8211; Mauro Case, Matteo Dalle Feste, Paolo Mecca, Irene Pampanin e Stefano Perenzin &#8211; [&hellip;]\" \/>\n<meta property=\"og:url\" content=\"https:\/\/www.bellunopress.it\/fr\/2022\/12\/01\/mostra-fotografica-dedicata-a-buzzati-dal-5-al-23-dicembre-alla-biblioteca-di-sedico\/\" \/>\n<meta property=\"og:site_name\" content=\"Bellunopress - Dolomiti\" \/>\n<meta property=\"article:publisher\" content=\"https:\/\/www.facebook.com\/profile.php?id=100008943462799\" \/>\n<meta property=\"article:published_time\" content=\"2022-12-01T14:31:39+00:00\" \/>\n<meta property=\"article:modified_time\" content=\"2022-12-01T18:44:27+00:00\" \/>\n<meta property=\"og:image\" content=\"https:\/\/www.bellunopress.it\/wp-content\/uploads\/2022\/12\/visioni-buzzatiane-mostra-foto.jpg\" \/>\n\t<meta property=\"og:image:width\" content=\"1000\" \/>\n\t<meta property=\"og:image:height\" content=\"407\" \/>\n\t<meta property=\"og:image:type\" content=\"image\/jpeg\" \/>\n<meta name=\"author\" content=\"redazione\" \/>\n<meta name=\"twitter:card\" content=\"summary_large_image\" \/>\n<meta name=\"twitter:creator\" content=\"@bellunopress\" \/>\n<meta name=\"twitter:site\" content=\"@bellunopress\" \/>\n<meta name=\"twitter:label1\" content=\"Written by\" \/>\n\t<meta name=\"twitter:data1\" content=\"redazione\" \/>\n\t<meta name=\"twitter:label2\" content=\"Est. reading time\" \/>\n\t<meta name=\"twitter:data2\" content=\"2 minutes\" \/>\n<script type=\"application\/ld+json\" class=\"yoast-schema-graph\">{\"@context\":\"https:\\\/\\\/schema.org\",\"@graph\":[{\"@type\":\"Article\",\"@id\":\"https:\\\/\\\/www.bellunopress.it\\\/2022\\\/12\\\/01\\\/mostra-fotografica-dedicata-a-buzzati-dal-5-al-23-dicembre-alla-biblioteca-di-sedico\\\/#article\",\"isPartOf\":{\"@id\":\"https:\\\/\\\/www.bellunopress.it\\\/2022\\\/12\\\/01\\\/mostra-fotografica-dedicata-a-buzzati-dal-5-al-23-dicembre-alla-biblioteca-di-sedico\\\/\"},\"author\":{\"name\":\"redazione\",\"@id\":\"https:\\\/\\\/www.bellunopress.it\\\/#\\\/schema\\\/person\\\/79bb06722b37ece1c03d3e94beb30d73\"},\"headline\":\"Mostra fotografica dedicata a Buzzati. Dal 5 al 23 dicembre alla Biblioteca di Sedico\",\"datePublished\":\"2022-12-01T14:31:39+00:00\",\"dateModified\":\"2022-12-01T18:44:27+00:00\",\"mainEntityOfPage\":{\"@id\":\"https:\\\/\\\/www.bellunopress.it\\\/2022\\\/12\\\/01\\\/mostra-fotografica-dedicata-a-buzzati-dal-5-al-23-dicembre-alla-biblioteca-di-sedico\\\/\"},\"wordCount\":300,\"publisher\":{\"@id\":\"https:\\\/\\\/www.bellunopress.it\\\/#organization\"},\"image\":{\"@id\":\"https:\\\/\\\/www.bellunopress.it\\\/2022\\\/12\\\/01\\\/mostra-fotografica-dedicata-a-buzzati-dal-5-al-23-dicembre-alla-biblioteca-di-sedico\\\/#primaryimage\"},\"thumbnailUrl\":\"https:\\\/\\\/www.bellunopress.it\\\/wp-content\\\/uploads\\\/2022\\\/12\\\/visioni-buzzatiane-mostra-foto.jpg\",\"articleSection\":[\"Appuntamenti, Eventi\",\"Pausa Caff\u00e8\"],\"inLanguage\":\"fr-FR\"},{\"@type\":\"WebPage\",\"@id\":\"https:\\\/\\\/www.bellunopress.it\\\/2022\\\/12\\\/01\\\/mostra-fotografica-dedicata-a-buzzati-dal-5-al-23-dicembre-alla-biblioteca-di-sedico\\\/\",\"url\":\"https:\\\/\\\/www.bellunopress.it\\\/2022\\\/12\\\/01\\\/mostra-fotografica-dedicata-a-buzzati-dal-5-al-23-dicembre-alla-biblioteca-di-sedico\\\/\",\"name\":\"Mostra fotografica dedicata a Buzzati. Dal 5 al 23 dicembre alla Biblioteca di Sedico - Bellunopress - Dolomiti\",\"isPartOf\":{\"@id\":\"https:\\\/\\\/www.bellunopress.it\\\/#website\"},\"primaryImageOfPage\":{\"@id\":\"https:\\\/\\\/www.bellunopress.it\\\/2022\\\/12\\\/01\\\/mostra-fotografica-dedicata-a-buzzati-dal-5-al-23-dicembre-alla-biblioteca-di-sedico\\\/#primaryimage\"},\"image\":{\"@id\":\"https:\\\/\\\/www.bellunopress.it\\\/2022\\\/12\\\/01\\\/mostra-fotografica-dedicata-a-buzzati-dal-5-al-23-dicembre-alla-biblioteca-di-sedico\\\/#primaryimage\"},\"thumbnailUrl\":\"https:\\\/\\\/www.bellunopress.it\\\/wp-content\\\/uploads\\\/2022\\\/12\\\/visioni-buzzatiane-mostra-foto.jpg\",\"datePublished\":\"2022-12-01T14:31:39+00:00\",\"dateModified\":\"2022-12-01T18:44:27+00:00\",\"breadcrumb\":{\"@id\":\"https:\\\/\\\/www.bellunopress.it\\\/2022\\\/12\\\/01\\\/mostra-fotografica-dedicata-a-buzzati-dal-5-al-23-dicembre-alla-biblioteca-di-sedico\\\/#breadcrumb\"},\"inLanguage\":\"fr-FR\",\"potentialAction\":[{\"@type\":\"ReadAction\",\"target\":[\"https:\\\/\\\/www.bellunopress.it\\\/2022\\\/12\\\/01\\\/mostra-fotografica-dedicata-a-buzzati-dal-5-al-23-dicembre-alla-biblioteca-di-sedico\\\/\"]}]},{\"@type\":\"ImageObject\",\"inLanguage\":\"fr-FR\",\"@id\":\"https:\\\/\\\/www.bellunopress.it\\\/2022\\\/12\\\/01\\\/mostra-fotografica-dedicata-a-buzzati-dal-5-al-23-dicembre-alla-biblioteca-di-sedico\\\/#primaryimage\",\"url\":\"https:\\\/\\\/www.bellunopress.it\\\/wp-content\\\/uploads\\\/2022\\\/12\\\/visioni-buzzatiane-mostra-foto.jpg\",\"contentUrl\":\"https:\\\/\\\/www.bellunopress.it\\\/wp-content\\\/uploads\\\/2022\\\/12\\\/visioni-buzzatiane-mostra-foto.jpg\",\"width\":1000,\"height\":407},{\"@type\":\"BreadcrumbList\",\"@id\":\"https:\\\/\\\/www.bellunopress.it\\\/2022\\\/12\\\/01\\\/mostra-fotografica-dedicata-a-buzzati-dal-5-al-23-dicembre-alla-biblioteca-di-sedico\\\/#breadcrumb\",\"itemListElement\":[{\"@type\":\"ListItem\",\"position\":1,\"name\":\"Home\",\"item\":\"https:\\\/\\\/www.bellunopress.it\\\/\"},{\"@type\":\"ListItem\",\"position\":2,\"name\":\"Mostra fotografica dedicata a Buzzati. Dal 5 al 23 dicembre alla Biblioteca di Sedico\"}]},{\"@type\":\"WebSite\",\"@id\":\"https:\\\/\\\/www.bellunopress.it\\\/#website\",\"url\":\"https:\\\/\\\/www.bellunopress.it\\\/\",\"name\":\"Bellunopress - Dolomiti\",\"description\":\"e-mail: redazione@bellunopress.it\",\"publisher\":{\"@id\":\"https:\\\/\\\/www.bellunopress.it\\\/#organization\"},\"potentialAction\":[{\"@type\":\"SearchAction\",\"target\":{\"@type\":\"EntryPoint\",\"urlTemplate\":\"https:\\\/\\\/www.bellunopress.it\\\/?s={search_term_string}\"},\"query-input\":{\"@type\":\"PropertyValueSpecification\",\"valueRequired\":true,\"valueName\":\"search_term_string\"}}],\"inLanguage\":\"fr-FR\"},{\"@type\":\"Organization\",\"@id\":\"https:\\\/\\\/www.bellunopress.it\\\/#organization\",\"name\":\"Bellunopress\",\"url\":\"https:\\\/\\\/www.bellunopress.it\\\/\",\"logo\":{\"@type\":\"ImageObject\",\"inLanguage\":\"fr-FR\",\"@id\":\"https:\\\/\\\/www.bellunopress.it\\\/#\\\/schema\\\/logo\\\/image\\\/\",\"url\":\"https:\\\/\\\/www.bellunopress.it\\\/wp-content\\\/uploads\\\/2011\\\/05\\\/cropped-logo-bellunopress-.jpg\",\"contentUrl\":\"https:\\\/\\\/www.bellunopress.it\\\/wp-content\\\/uploads\\\/2011\\\/05\\\/cropped-logo-bellunopress-.jpg\",\"width\":512,\"height\":512,\"caption\":\"Bellunopress\"},\"image\":{\"@id\":\"https:\\\/\\\/www.bellunopress.it\\\/#\\\/schema\\\/logo\\\/image\\\/\"},\"sameAs\":[\"https:\\\/\\\/www.facebook.com\\\/profile.php?id=100008943462799\",\"https:\\\/\\\/x.com\\\/bellunopress\",\"https:\\\/\\\/www.linkedin.com\\\/hp\\\/?dnr=JBzUWaJfMUw8vbXJJ2tVW5-I3jZKvC4wsoxE&amp;amp;amp;amp;amp;amp;trk=nav_responsive_tab_home\",\"https:\\\/\\\/www.youtube.com\\\/channel\\\/UCxL0wu1uN0_3_7hGG0306cw\"]},{\"@type\":\"Person\",\"@id\":\"https:\\\/\\\/www.bellunopress.it\\\/#\\\/schema\\\/person\\\/79bb06722b37ece1c03d3e94beb30d73\",\"name\":\"redazione\",\"image\":{\"@type\":\"ImageObject\",\"inLanguage\":\"fr-FR\",\"@id\":\"https:\\\/\\\/secure.gravatar.com\\\/avatar\\\/37d968a2e67a6fd04c169c4bdef102d0bc5d31b2546345219e348575eb80e9a0?s=96&d=mm&r=g\",\"url\":\"https:\\\/\\\/secure.gravatar.com\\\/avatar\\\/37d968a2e67a6fd04c169c4bdef102d0bc5d31b2546345219e348575eb80e9a0?s=96&d=mm&r=g\",\"contentUrl\":\"https:\\\/\\\/secure.gravatar.com\\\/avatar\\\/37d968a2e67a6fd04c169c4bdef102d0bc5d31b2546345219e348575eb80e9a0?s=96&d=mm&r=g\",\"caption\":\"redazione\"},\"sameAs\":[\"http:\\\/\\\/www.bellunopress.it\",\"https:\\\/\\\/x.com\\\/bellunopress\"],\"url\":\"https:\\\/\\\/www.bellunopress.it\\\/fr\\\/author\\\/redazione\\\/\"}]}<\/script>\n<!-- \/ Yoast SEO plugin. -->","yoast_head_json":{"title":"Mostra fotografica dedicata a Buzzati. Dal 5 al 23 dicembre alla Biblioteca di Sedico - Bellunopress - Dolomiti","robots":{"index":"index","follow":"follow","max-snippet":"max-snippet:-1","max-image-preview":"max-image-preview:large","max-video-preview":"max-video-preview:-1"},"canonical":"https:\/\/www.bellunopress.it\/fr\/2022\/12\/01\/mostra-fotografica-dedicata-a-buzzati-dal-5-al-23-dicembre-alla-biblioteca-di-sedico\/","og_locale":"fr_FR","og_type":"article","og_title":"Mostra fotografica dedicata a Buzzati. Dal 5 al 23 dicembre alla Biblioteca di Sedico - Bellunopress - Dolomiti","og_description":"Sar\u00e0 la Biblioteca Civica di Sedico ad ospitare la sesta tappa della mostra fotografica del Collettivo Meraki &#8220;Visioni buzzatiane: natura, uomo, mistero&#8221;, dal 5 al 23 dicembre, curata da Valentina Pellegrinon. In mostra le fotografie realizzate dagli artisti del Collettivo Meraki &#8211; Mauro Case, Matteo Dalle Feste, Paolo Mecca, Irene Pampanin e Stefano Perenzin &#8211; [&hellip;]","og_url":"https:\/\/www.bellunopress.it\/fr\/2022\/12\/01\/mostra-fotografica-dedicata-a-buzzati-dal-5-al-23-dicembre-alla-biblioteca-di-sedico\/","og_site_name":"Bellunopress - Dolomiti","article_publisher":"https:\/\/www.facebook.com\/profile.php?id=100008943462799","article_published_time":"2022-12-01T14:31:39+00:00","article_modified_time":"2022-12-01T18:44:27+00:00","og_image":[{"width":1000,"height":407,"url":"https:\/\/www.bellunopress.it\/wp-content\/uploads\/2022\/12\/visioni-buzzatiane-mostra-foto.jpg","type":"image\/jpeg"}],"author":"redazione","twitter_card":"summary_large_image","twitter_creator":"@bellunopress","twitter_site":"@bellunopress","twitter_misc":{"Written by":"redazione","Est. reading time":"2 minutes"},"schema":{"@context":"https:\/\/schema.org","@graph":[{"@type":"Article","@id":"https:\/\/www.bellunopress.it\/2022\/12\/01\/mostra-fotografica-dedicata-a-buzzati-dal-5-al-23-dicembre-alla-biblioteca-di-sedico\/#article","isPartOf":{"@id":"https:\/\/www.bellunopress.it\/2022\/12\/01\/mostra-fotografica-dedicata-a-buzzati-dal-5-al-23-dicembre-alla-biblioteca-di-sedico\/"},"author":{"name":"redazione","@id":"https:\/\/www.bellunopress.it\/#\/schema\/person\/79bb06722b37ece1c03d3e94beb30d73"},"headline":"Mostra fotografica dedicata a Buzzati. Dal 5 al 23 dicembre alla Biblioteca di Sedico","datePublished":"2022-12-01T14:31:39+00:00","dateModified":"2022-12-01T18:44:27+00:00","mainEntityOfPage":{"@id":"https:\/\/www.bellunopress.it\/2022\/12\/01\/mostra-fotografica-dedicata-a-buzzati-dal-5-al-23-dicembre-alla-biblioteca-di-sedico\/"},"wordCount":300,"publisher":{"@id":"https:\/\/www.bellunopress.it\/#organization"},"image":{"@id":"https:\/\/www.bellunopress.it\/2022\/12\/01\/mostra-fotografica-dedicata-a-buzzati-dal-5-al-23-dicembre-alla-biblioteca-di-sedico\/#primaryimage"},"thumbnailUrl":"https:\/\/www.bellunopress.it\/wp-content\/uploads\/2022\/12\/visioni-buzzatiane-mostra-foto.jpg","articleSection":["Appuntamenti, Eventi","Pausa Caff\u00e8"],"inLanguage":"fr-FR"},{"@type":"WebPage","@id":"https:\/\/www.bellunopress.it\/2022\/12\/01\/mostra-fotografica-dedicata-a-buzzati-dal-5-al-23-dicembre-alla-biblioteca-di-sedico\/","url":"https:\/\/www.bellunopress.it\/2022\/12\/01\/mostra-fotografica-dedicata-a-buzzati-dal-5-al-23-dicembre-alla-biblioteca-di-sedico\/","name":"Mostra fotografica dedicata a Buzzati. Dal 5 al 23 dicembre alla Biblioteca di Sedico - Bellunopress - Dolomiti","isPartOf":{"@id":"https:\/\/www.bellunopress.it\/#website"},"primaryImageOfPage":{"@id":"https:\/\/www.bellunopress.it\/2022\/12\/01\/mostra-fotografica-dedicata-a-buzzati-dal-5-al-23-dicembre-alla-biblioteca-di-sedico\/#primaryimage"},"image":{"@id":"https:\/\/www.bellunopress.it\/2022\/12\/01\/mostra-fotografica-dedicata-a-buzzati-dal-5-al-23-dicembre-alla-biblioteca-di-sedico\/#primaryimage"},"thumbnailUrl":"https:\/\/www.bellunopress.it\/wp-content\/uploads\/2022\/12\/visioni-buzzatiane-mostra-foto.jpg","datePublished":"2022-12-01T14:31:39+00:00","dateModified":"2022-12-01T18:44:27+00:00","breadcrumb":{"@id":"https:\/\/www.bellunopress.it\/2022\/12\/01\/mostra-fotografica-dedicata-a-buzzati-dal-5-al-23-dicembre-alla-biblioteca-di-sedico\/#breadcrumb"},"inLanguage":"fr-FR","potentialAction":[{"@type":"ReadAction","target":["https:\/\/www.bellunopress.it\/2022\/12\/01\/mostra-fotografica-dedicata-a-buzzati-dal-5-al-23-dicembre-alla-biblioteca-di-sedico\/"]}]},{"@type":"ImageObject","inLanguage":"fr-FR","@id":"https:\/\/www.bellunopress.it\/2022\/12\/01\/mostra-fotografica-dedicata-a-buzzati-dal-5-al-23-dicembre-alla-biblioteca-di-sedico\/#primaryimage","url":"https:\/\/www.bellunopress.it\/wp-content\/uploads\/2022\/12\/visioni-buzzatiane-mostra-foto.jpg","contentUrl":"https:\/\/www.bellunopress.it\/wp-content\/uploads\/2022\/12\/visioni-buzzatiane-mostra-foto.jpg","width":1000,"height":407},{"@type":"BreadcrumbList","@id":"https:\/\/www.bellunopress.it\/2022\/12\/01\/mostra-fotografica-dedicata-a-buzzati-dal-5-al-23-dicembre-alla-biblioteca-di-sedico\/#breadcrumb","itemListElement":[{"@type":"ListItem","position":1,"name":"Home","item":"https:\/\/www.bellunopress.it\/"},{"@type":"ListItem","position":2,"name":"Mostra fotografica dedicata a Buzzati. Dal 5 al 23 dicembre alla Biblioteca di Sedico"}]},{"@type":"WebSite","@id":"https:\/\/www.bellunopress.it\/#website","url":"https:\/\/www.bellunopress.it\/","name":"Bellunopress - Dolomiti","description":"e-mail: redazione@bellunopress.it","publisher":{"@id":"https:\/\/www.bellunopress.it\/#organization"},"potentialAction":[{"@type":"SearchAction","target":{"@type":"EntryPoint","urlTemplate":"https:\/\/www.bellunopress.it\/?s={search_term_string}"},"query-input":{"@type":"PropertyValueSpecification","valueRequired":true,"valueName":"search_term_string"}}],"inLanguage":"fr-FR"},{"@type":"Organization","@id":"https:\/\/www.bellunopress.it\/#organization","name":"Bellunopress","url":"https:\/\/www.bellunopress.it\/","logo":{"@type":"ImageObject","inLanguage":"fr-FR","@id":"https:\/\/www.bellunopress.it\/#\/schema\/logo\/image\/","url":"https:\/\/www.bellunopress.it\/wp-content\/uploads\/2011\/05\/cropped-logo-bellunopress-.jpg","contentUrl":"https:\/\/www.bellunopress.it\/wp-content\/uploads\/2011\/05\/cropped-logo-bellunopress-.jpg","width":512,"height":512,"caption":"Bellunopress"},"image":{"@id":"https:\/\/www.bellunopress.it\/#\/schema\/logo\/image\/"},"sameAs":["https:\/\/www.facebook.com\/profile.php?id=100008943462799","https:\/\/x.com\/bellunopress","https:\/\/www.linkedin.com\/hp\/?dnr=JBzUWaJfMUw8vbXJJ2tVW5-I3jZKvC4wsoxE&amp;amp;amp;amp;amp;amp;trk=nav_responsive_tab_home","https:\/\/www.youtube.com\/channel\/UCxL0wu1uN0_3_7hGG0306cw"]},{"@type":"Person","@id":"https:\/\/www.bellunopress.it\/#\/schema\/person\/79bb06722b37ece1c03d3e94beb30d73","name":"r\u00e9daction","image":{"@type":"ImageObject","inLanguage":"fr-FR","@id":"https:\/\/secure.gravatar.com\/avatar\/37d968a2e67a6fd04c169c4bdef102d0bc5d31b2546345219e348575eb80e9a0?s=96&d=mm&r=g","url":"https:\/\/secure.gravatar.com\/avatar\/37d968a2e67a6fd04c169c4bdef102d0bc5d31b2546345219e348575eb80e9a0?s=96&d=mm&r=g","contentUrl":"https:\/\/secure.gravatar.com\/avatar\/37d968a2e67a6fd04c169c4bdef102d0bc5d31b2546345219e348575eb80e9a0?s=96&d=mm&r=g","caption":"redazione"},"sameAs":["http:\/\/www.bellunopress.it","https:\/\/x.com\/bellunopress"],"url":"https:\/\/www.bellunopress.it\/fr\/author\/redazione\/"}]}},"_links":{"self":[{"href":"https:\/\/www.bellunopress.it\/fr\/wp-json\/wp\/v2\/posts\/138073","targetHints":{"allow":["GET"]}}],"collection":[{"href":"https:\/\/www.bellunopress.it\/fr\/wp-json\/wp\/v2\/posts"}],"about":[{"href":"https:\/\/www.bellunopress.it\/fr\/wp-json\/wp\/v2\/types\/post"}],"author":[{"embeddable":true,"href":"https:\/\/www.bellunopress.it\/fr\/wp-json\/wp\/v2\/users\/2"}],"replies":[{"embeddable":true,"href":"https:\/\/www.bellunopress.it\/fr\/wp-json\/wp\/v2\/comments?post=138073"}],"version-history":[{"count":1,"href":"https:\/\/www.bellunopress.it\/fr\/wp-json\/wp\/v2\/posts\/138073\/revisions"}],"predecessor-version":[{"id":138075,"href":"https:\/\/www.bellunopress.it\/fr\/wp-json\/wp\/v2\/posts\/138073\/revisions\/138075"}],"wp:featuredmedia":[{"embeddable":true,"href":"https:\/\/www.bellunopress.it\/fr\/wp-json\/wp\/v2\/media\/138074"}],"wp:attachment":[{"href":"https:\/\/www.bellunopress.it\/fr\/wp-json\/wp\/v2\/media?parent=138073"}],"wp:term":[{"taxonomy":"category","embeddable":true,"href":"https:\/\/www.bellunopress.it\/fr\/wp-json\/wp\/v2\/categories?post=138073"},{"taxonomy":"post_tag","embeddable":true,"href":"https:\/\/www.bellunopress.it\/fr\/wp-json\/wp\/v2\/tags?post=138073"}],"curies":[{"name":"wp","href":"https:\/\/api.w.org\/{rel}","templated":true}]}}