{"id":138070,"date":"2022-12-01T18:31:05","date_gmt":"2022-12-01T17:31:05","guid":{"rendered":"https:\/\/www.bellunopress.it\/?p=138070"},"modified":"2022-12-01T18:31:37","modified_gmt":"2022-12-01T17:31:37","slug":"cortina-skiworld-aprono-gli-impianti-con-un-dicembre-pieno-di-appuntamenti","status":"publish","type":"post","link":"https:\/\/www.bellunopress.it\/fr\/2022\/12\/01\/cortina-skiworld-aprono-gli-impianti-con-un-dicembre-pieno-di-appuntamenti\/","title":{"rendered":"Cortina Skiworld, aprono gli impianti con un dicembre pieno di appuntamenti"},"content":{"rendered":"<p>Tanti gli eventi per celebrare l&#8217;inizio dell&#8217;inverno in pista. Aspettando il Cortina Fashion Weekend, da domani si scia oltre che in Col Gallina sulla pista Ovest, anche sulle piste Lacedelli e Potor con la seggiovia 5 Torri, e in Faloria sulla pista Tondi. E solo per questo fine settimana celebriamo l&#8217;inizio della stagione invernale con un regalo: si paga solo l&#8217;80% dello skipass<\/p>\n<figure id=\"attachment_129960\" aria-describedby=\"caption-attachment-129960\" style=\"width: 1000px\" class=\"wp-caption alignleft\"><img loading=\"lazy\" decoding=\"async\" class=\"size-full wp-image-129960\" src=\"https:\/\/www.bellunopress.it\/wp-content\/uploads\/2021\/12\/Cortina-Fashion-Weekend-foto-Bandion_edited.jpg\" alt=\"\" width=\"1000\" height=\"668\" srcset=\"https:\/\/www.bellunopress.it\/wp-content\/uploads\/2021\/12\/Cortina-Fashion-Weekend-foto-Bandion_edited.jpg 1000w, https:\/\/www.bellunopress.it\/wp-content\/uploads\/2021\/12\/Cortina-Fashion-Weekend-foto-Bandion_edited-500x334.jpg 500w, https:\/\/www.bellunopress.it\/wp-content\/uploads\/2021\/12\/Cortina-Fashion-Weekend-foto-Bandion_edited-696x465.jpg 696w, https:\/\/www.bellunopress.it\/wp-content\/uploads\/2021\/12\/Cortina-Fashion-Weekend-foto-Bandion_edited-629x420.jpg 629w\" sizes=\"auto, (max-width: 1000px) 100vw, 1000px\" \/><figcaption id=\"caption-attachment-129960\" class=\"wp-caption-text\">Cortina d&#8217;Ampezzo (Foto Bandion)<\/figcaption><\/figure>\n<p>\u00adCortina d&#8217;Ampezzo, 1\u00b0 dicembre 2022 &#8211; Dalle passerelle milanesi all&#8217;enrosadira delle Dolomiti: la moda sale in quota con il Cortina Fashion Weekend, l&#8217;evento che da dodici anni segna l&#8217;avvio della stagione invernale ampezzana, che quest&#8217;anno si tinge di rosa. \u00c8 infatti questo il pantone di questa edizione, dall&#8217;8 all&#8217;11 dicembre 2022, che oltre ad inaugurazioni ed eventi in centro prevede anche appuntamenti, musica, e divertimento sulle piste di Cortina.<\/p>\n<p>Proseguono intanto le aperture degli impianti di Cortina Skiworld per l&#8217;inverno. Nel weekend di venerd\u00ec 2, sabato 3 e domenica 4 dicembre saranno aperti la seggiovia del Col Gallina con la pista Ovest, la seggiovia 5 Torri con le piste Lacedelli e Potor, e la funivia del Faloria con la pista Tondi. Col Gallina e 5 Torri saranno operative fino a fine stagione, mentre la funivia Faloria chiuder\u00e0 il 5 e 6 dicembre per poi riaprire definitivamente mercoled\u00ec 7. Acquistando uno skipass di valle (mattutino, pomeridiano, giornaliero o plurigiornaliero) da venerd\u00ec 2 dicembre a domenica 4 dicembre, lo skipass costa solo l&#8217;80%.<\/p>\n<p>Questo particolare skipass in promozione \u00e8 acquistabile unicamente presso le casse fisiche degli impianti o dell&#8217;ufficio Skipass in via Marconi 15 a Cortina.<\/p>\n<p>&nbsp;<\/p>\n<p><strong>CORTINA FASHION WEEKEND<\/strong><\/p>\n<p>Venerd\u00ec 9 dicembre, alle 17, una suggestiva fiaccolata di oltre 60 maestri di sci illuminer\u00e0 le piste di Socrepes ai piedi delle Tofane. Uno spettacolo che non va mai fuori moda, nonch\u00e9 un momento simbolico che unisce sport, natura e moda, per dare luce \u2013 letteralmente \u2013 sia al Cortina Fashion Weekend sulle piste mondiali sia alla nuova collaborazione tra la societ\u00e0 Ista e Cortina For Us, organizzatrice del Cortina Fashion Weekend, di cui \u00e8 diventata socia da quest&#8217;anno con l&#8217;obiettivo di sostenere ed aiutare a promuovere le attivit\u00e0 dell&#8217;associazione. L&#8217;evento \u00e8 realizzato in collaborazione con la Scuola Sci Cortina e della Scuola Sci Azzurra.<\/p>\n<p>Sempre venerd\u00ec, alle 18 in piazza Angelo Dibona, Fondazione Cortina presenta &#8220;To the next!&#8221;, un momento dedicato al lancio dei grandi eventi sportivi della stagione invernale 2022\/2023 della Regina delle Dolomiti. Seguir\u00e0 lo spettacolo &#8220;Hanami show&#8221;.<\/p>\n<p>Domenica 11, invece, Chalet Tofane ospiter\u00e0 il Pink Closing Party, che dalle 13 festegger\u00e0 il successo di un&#8217;altra edizione del Cortina Fashion Weekend con una scoppiettante festa di chiusura a tema &#8220;rosa&#8221;. Tutte le info e gli aggiornamenti del programma Cortina Fashion Weekend sul sito:<\/p>\n<p>&nbsp;<\/p>\n<p><strong>A CORTINA<\/strong><\/p>\n<p>Gli appuntamenti del Cortina Fashion Weekend inizieranno gioved\u00ec 8 dicembre alle 18 in piazza Angelo Dibona con l&#8217;inaugurazione ufficiale ed uno spettacolo sensoriale live, cui seguir\u00e0 il brindisi che d\u00e0 ufficialmente inizio alla stagione invernale 2022\/2023.<\/p>\n<p>Si prosegue venerd\u00ec 9 dalle 14 alle 19 alla Ciasa de ra Regoles e all&#8217;Alexander Girardi Hall con (re)generation stories, una serie di talk con protagonisti del mondo del design.<\/p>\n<p>Sabato 10, dalle ore 18 alle 21, il centro sar\u00e0 animato da spettacoli di luci con attrazioni itineranti. Per l&#8217;occasione via Cesare Battisti rester\u00e0 chiusa al traffico e si trasformer\u00e0 in una festa a cielo aperto con dj set ed aperitivi.<\/p>\n<p>&nbsp;<\/p>\n<p><strong>DICEMBRE TRA SCI ED EVENTI<\/strong><\/p>\n<p>Ma le sorprese di dicembre non finiscono qui. Dal 16 al 18 dicembre a Cortina si terr\u00e0 la prima edizione del Cortina Cocktail Weekend.<\/p>\n<p>Per questa occasione sabato 17 e domenica 18 le migliori aziende di attrezzature invernali presenteranno i loro prodotti e novit\u00e0 dell&#8217;inverno 2022-23. A ospitare l&#8217;evento Cortina Ski Test sar\u00e0 il leggendario Schuss, protagonista indiscusso delle gare mondiali di sci alpino. A quota 2.100 metri, proprio ai piedi dei maestosi torrioni che abbracciano lo Schuss, verr\u00e0 allestito un &#8220;villaggio&#8221; dei 13 brand partecipanti dove sar\u00e0 possibile testare le ultime tendenze del mondo sci, scarponi, racchette e accessori, con possibilit\u00e0 di farsi consigliare al meglio da esperti del settore. La partecipazione ai test \u00e8 gratuita, aperta a tutti e non serve la prenotazione.<\/p>\n<p>Domenica 18 dicembre, alle 11, si terr\u00e0 la Mixology&#8217;s Cup, una gara di sci e snowboard nella pista di Socrepes, ai piedi delle maestose Tofane. Competizione ludica aperta a tutti, a partecipazione gratuita per bartender e guest bartender CCW22, non \u00e8 una gara di velocit\u00e0 ma una discesa sulla pista con una coppa Martini piena. L&#8217;evento \u00e8 in collaborazione con la Scuola di Sci Snowdreamers Cortina.<\/p>\n<p>Tornano anche questo inverno alcuni appuntamenti iconici della stagione invernale. Dal 23 dicembre riparte la funivia del Lagazuoi e con lei la mostra che apre la stagione del Lagazuoi Expo Dolomiti, &#8220;La terra, il cielo e la montagna in mezzo&#8221;, un&#8217;esposizione che vuole raccontare i valori e la filosofia che uniscono il polo espositivo al brand altoatesino leader nella produzione di attrezzature di montagna.<\/p>\n<p>La societ\u00e0 Tofana ripropone per il 29 dicembre 2022 e per il 10 febbraio 2023 le ormai famose Astrocene a Col Drusci\u00e9, una serata tra buon cibo e osservazione delle stelle, con la visita all&#8217;osservatorio astronomico di Col Drusci\u00e9. Chi volesse invece ammirare il sole dall&#8217;Osservatorio potr\u00e0 farlo mercoled\u00ec 21 e 28 dicembre 2022 e mercoled\u00ec 4 gennaio 2023, mentre sar\u00e0 possibile osservare le stelle da Col Drusci\u00e9 ogni sabato sera. Dal tramonto all&#8217;alba: sono previste per il 5 e 27 gennaio, e 11 e 28 febbraio, le sciate all&#8217;alba, un momento unico per godersi le piste con i primi raggi del sole. Sempre sulle piste del Col Drusci\u00e9 \u00e8 prevista la Cortina Snow Run il 25 febbraio 2023, una gara di corsa in notturna lungo le piste Olimpiche e dei Mondiali di sci 2021. Anche quest&#8217;anno, oltre al percorso di circa 17 chilometri da completare in massimo 4.30 ore, \u00e8 previsto anche uno short trail di 9,5 chilometri da terminare in due ore.<\/p>","protected":false},"excerpt":{"rendered":"<p>Tanti gli eventi per celebrare l&#8217;inizio dell&#8217;inverno in pista. Aspettando il Cortina Fashion Weekend, da domani si scia oltre che in Col Gallina sulla pista Ovest, anche sulle piste Lacedelli e Potor con la seggiovia 5 Torri, e in Faloria sulla pista Tondi. E solo per questo fine settimana celebriamo l&#8217;inizio della stagione invernale con [&hellip;]<\/p>\n","protected":false},"author":2,"featured_media":129960,"comment_status":"closed","ping_status":"open","sticky":false,"template":"","format":"standard","meta":{"footnotes":""},"categories":[25,4],"tags":[],"class_list":["post-138070","post","type-post","status-publish","format-standard","has-post-thumbnail","category-pausa-caffe","category-sport"],"yoast_head":"<!-- This site is optimized with the Yoast SEO plugin v28.4 - https:\/\/yoast.com\/product\/yoast-seo-wordpress\/ -->\n<title>Cortina Skiworld, aprono gli impianti con un dicembre pieno di appuntamenti - Bellunopress - Dolomiti<\/title>\n<meta name=\"robots\" content=\"index, follow, max-snippet:-1, max-image-preview:large, max-video-preview:-1\" \/>\n<link rel=\"canonical\" href=\"https:\/\/www.bellunopress.it\/fr\/2022\/12\/01\/cortina-skiworld-aprono-gli-impianti-con-un-dicembre-pieno-di-appuntamenti\/\" \/>\n<meta property=\"og:locale\" content=\"fr_FR\" \/>\n<meta property=\"og:type\" content=\"article\" \/>\n<meta property=\"og:title\" content=\"Cortina Skiworld, aprono gli impianti con un dicembre pieno di appuntamenti - Bellunopress - Dolomiti\" \/>\n<meta property=\"og:description\" content=\"Tanti gli eventi per celebrare l&#8217;inizio dell&#8217;inverno in pista. Aspettando il Cortina Fashion Weekend, da domani si scia oltre che in Col Gallina sulla pista Ovest, anche sulle piste Lacedelli e Potor con la seggiovia 5 Torri, e in Faloria sulla pista Tondi. E solo per questo fine settimana celebriamo l&#8217;inizio della stagione invernale con [&hellip;]\" \/>\n<meta property=\"og:url\" content=\"https:\/\/www.bellunopress.it\/fr\/2022\/12\/01\/cortina-skiworld-aprono-gli-impianti-con-un-dicembre-pieno-di-appuntamenti\/\" \/>\n<meta property=\"og:site_name\" content=\"Bellunopress - Dolomiti\" \/>\n<meta property=\"article:publisher\" content=\"https:\/\/www.facebook.com\/profile.php?id=100008943462799\" \/>\n<meta property=\"article:published_time\" content=\"2022-12-01T17:31:05+00:00\" \/>\n<meta property=\"article:modified_time\" content=\"2022-12-01T17:31:37+00:00\" \/>\n<meta property=\"og:image\" content=\"https:\/\/www.bellunopress.it\/wp-content\/uploads\/2021\/12\/Cortina-Fashion-Weekend-foto-Bandion_edited.jpg\" \/>\n\t<meta property=\"og:image:width\" content=\"1000\" \/>\n\t<meta property=\"og:image:height\" content=\"668\" \/>\n\t<meta property=\"og:image:type\" content=\"image\/jpeg\" \/>\n<meta name=\"author\" content=\"redazione\" \/>\n<meta name=\"twitter:card\" content=\"summary_large_image\" \/>\n<meta name=\"twitter:creator\" content=\"@bellunopress\" \/>\n<meta name=\"twitter:site\" content=\"@bellunopress\" \/>\n<meta name=\"twitter:label1\" content=\"\u00c9crit par\" \/>\n\t<meta name=\"twitter:data1\" content=\"redazione\" \/>\n\t<meta name=\"twitter:label2\" content=\"Dur\u00e9e de lecture estim\u00e9e\" \/>\n\t<meta name=\"twitter:data2\" content=\"6 minutes\" \/>\n<script type=\"application\/ld+json\" class=\"yoast-schema-graph\">{\"@context\":\"https:\\\/\\\/schema.org\",\"@graph\":[{\"@type\":\"Article\",\"@id\":\"https:\\\/\\\/www.bellunopress.it\\\/2022\\\/12\\\/01\\\/cortina-skiworld-aprono-gli-impianti-con-un-dicembre-pieno-di-appuntamenti\\\/#article\",\"isPartOf\":{\"@id\":\"https:\\\/\\\/www.bellunopress.it\\\/2022\\\/12\\\/01\\\/cortina-skiworld-aprono-gli-impianti-con-un-dicembre-pieno-di-appuntamenti\\\/\"},\"author\":{\"name\":\"redazione\",\"@id\":\"https:\\\/\\\/www.bellunopress.it\\\/#\\\/schema\\\/person\\\/79bb06722b37ece1c03d3e94beb30d73\"},\"headline\":\"Cortina Skiworld, aprono gli impianti con un dicembre pieno di appuntamenti\",\"datePublished\":\"2022-12-01T17:31:05+00:00\",\"dateModified\":\"2022-12-01T17:31:37+00:00\",\"mainEntityOfPage\":{\"@id\":\"https:\\\/\\\/www.bellunopress.it\\\/2022\\\/12\\\/01\\\/cortina-skiworld-aprono-gli-impianti-con-un-dicembre-pieno-di-appuntamenti\\\/\"},\"wordCount\":964,\"publisher\":{\"@id\":\"https:\\\/\\\/www.bellunopress.it\\\/#organization\"},\"image\":{\"@id\":\"https:\\\/\\\/www.bellunopress.it\\\/2022\\\/12\\\/01\\\/cortina-skiworld-aprono-gli-impianti-con-un-dicembre-pieno-di-appuntamenti\\\/#primaryimage\"},\"thumbnailUrl\":\"https:\\\/\\\/www.bellunopress.it\\\/wp-content\\\/uploads\\\/2021\\\/12\\\/Cortina-Fashion-Weekend-foto-Bandion_edited.jpg\",\"articleSection\":[\"Pausa Caff\u00e8\",\"Sport, tempo libero\"],\"inLanguage\":\"fr-FR\"},{\"@type\":\"WebPage\",\"@id\":\"https:\\\/\\\/www.bellunopress.it\\\/2022\\\/12\\\/01\\\/cortina-skiworld-aprono-gli-impianti-con-un-dicembre-pieno-di-appuntamenti\\\/\",\"url\":\"https:\\\/\\\/www.bellunopress.it\\\/2022\\\/12\\\/01\\\/cortina-skiworld-aprono-gli-impianti-con-un-dicembre-pieno-di-appuntamenti\\\/\",\"name\":\"Cortina Skiworld, aprono gli impianti con un dicembre pieno di appuntamenti - Bellunopress - Dolomiti\",\"isPartOf\":{\"@id\":\"https:\\\/\\\/www.bellunopress.it\\\/#website\"},\"primaryImageOfPage\":{\"@id\":\"https:\\\/\\\/www.bellunopress.it\\\/2022\\\/12\\\/01\\\/cortina-skiworld-aprono-gli-impianti-con-un-dicembre-pieno-di-appuntamenti\\\/#primaryimage\"},\"image\":{\"@id\":\"https:\\\/\\\/www.bellunopress.it\\\/2022\\\/12\\\/01\\\/cortina-skiworld-aprono-gli-impianti-con-un-dicembre-pieno-di-appuntamenti\\\/#primaryimage\"},\"thumbnailUrl\":\"https:\\\/\\\/www.bellunopress.it\\\/wp-content\\\/uploads\\\/2021\\\/12\\\/Cortina-Fashion-Weekend-foto-Bandion_edited.jpg\",\"datePublished\":\"2022-12-01T17:31:05+00:00\",\"dateModified\":\"2022-12-01T17:31:37+00:00\",\"breadcrumb\":{\"@id\":\"https:\\\/\\\/www.bellunopress.it\\\/2022\\\/12\\\/01\\\/cortina-skiworld-aprono-gli-impianti-con-un-dicembre-pieno-di-appuntamenti\\\/#breadcrumb\"},\"inLanguage\":\"fr-FR\",\"potentialAction\":[{\"@type\":\"ReadAction\",\"target\":[\"https:\\\/\\\/www.bellunopress.it\\\/2022\\\/12\\\/01\\\/cortina-skiworld-aprono-gli-impianti-con-un-dicembre-pieno-di-appuntamenti\\\/\"]}]},{\"@type\":\"ImageObject\",\"inLanguage\":\"fr-FR\",\"@id\":\"https:\\\/\\\/www.bellunopress.it\\\/2022\\\/12\\\/01\\\/cortina-skiworld-aprono-gli-impianti-con-un-dicembre-pieno-di-appuntamenti\\\/#primaryimage\",\"url\":\"https:\\\/\\\/www.bellunopress.it\\\/wp-content\\\/uploads\\\/2021\\\/12\\\/Cortina-Fashion-Weekend-foto-Bandion_edited.jpg\",\"contentUrl\":\"https:\\\/\\\/www.bellunopress.it\\\/wp-content\\\/uploads\\\/2021\\\/12\\\/Cortina-Fashion-Weekend-foto-Bandion_edited.jpg\",\"width\":1000,\"height\":668,\"caption\":\"Cortina d'Ampezzo (Foto Bandion)\"},{\"@type\":\"BreadcrumbList\",\"@id\":\"https:\\\/\\\/www.bellunopress.it\\\/2022\\\/12\\\/01\\\/cortina-skiworld-aprono-gli-impianti-con-un-dicembre-pieno-di-appuntamenti\\\/#breadcrumb\",\"itemListElement\":[{\"@type\":\"ListItem\",\"position\":1,\"name\":\"Home\",\"item\":\"https:\\\/\\\/www.bellunopress.it\\\/\"},{\"@type\":\"ListItem\",\"position\":2,\"name\":\"Cortina Skiworld, aprono gli impianti con un dicembre pieno di appuntamenti\"}]},{\"@type\":\"WebSite\",\"@id\":\"https:\\\/\\\/www.bellunopress.it\\\/#website\",\"url\":\"https:\\\/\\\/www.bellunopress.it\\\/\",\"name\":\"Bellunopress - Dolomiti\",\"description\":\"e-mail: redazione@bellunopress.it\",\"publisher\":{\"@id\":\"https:\\\/\\\/www.bellunopress.it\\\/#organization\"},\"potentialAction\":[{\"@type\":\"SearchAction\",\"target\":{\"@type\":\"EntryPoint\",\"urlTemplate\":\"https:\\\/\\\/www.bellunopress.it\\\/?s={search_term_string}\"},\"query-input\":{\"@type\":\"PropertyValueSpecification\",\"valueRequired\":true,\"valueName\":\"search_term_string\"}}],\"inLanguage\":\"fr-FR\"},{\"@type\":\"Organization\",\"@id\":\"https:\\\/\\\/www.bellunopress.it\\\/#organization\",\"name\":\"Bellunopress\",\"url\":\"https:\\\/\\\/www.bellunopress.it\\\/\",\"logo\":{\"@type\":\"ImageObject\",\"inLanguage\":\"fr-FR\",\"@id\":\"https:\\\/\\\/www.bellunopress.it\\\/#\\\/schema\\\/logo\\\/image\\\/\",\"url\":\"https:\\\/\\\/www.bellunopress.it\\\/wp-content\\\/uploads\\\/2011\\\/05\\\/cropped-logo-bellunopress-.jpg\",\"contentUrl\":\"https:\\\/\\\/www.bellunopress.it\\\/wp-content\\\/uploads\\\/2011\\\/05\\\/cropped-logo-bellunopress-.jpg\",\"width\":512,\"height\":512,\"caption\":\"Bellunopress\"},\"image\":{\"@id\":\"https:\\\/\\\/www.bellunopress.it\\\/#\\\/schema\\\/logo\\\/image\\\/\"},\"sameAs\":[\"https:\\\/\\\/www.facebook.com\\\/profile.php?id=100008943462799\",\"https:\\\/\\\/x.com\\\/bellunopress\",\"https:\\\/\\\/www.linkedin.com\\\/hp\\\/?dnr=JBzUWaJfMUw8vbXJJ2tVW5-I3jZKvC4wsoxE&amp;amp;amp;amp;amp;amp;trk=nav_responsive_tab_home\",\"https:\\\/\\\/www.youtube.com\\\/channel\\\/UCxL0wu1uN0_3_7hGG0306cw\"]},{\"@type\":\"Person\",\"@id\":\"https:\\\/\\\/www.bellunopress.it\\\/#\\\/schema\\\/person\\\/79bb06722b37ece1c03d3e94beb30d73\",\"name\":\"redazione\",\"image\":{\"@type\":\"ImageObject\",\"inLanguage\":\"fr-FR\",\"@id\":\"https:\\\/\\\/secure.gravatar.com\\\/avatar\\\/37d968a2e67a6fd04c169c4bdef102d0bc5d31b2546345219e348575eb80e9a0?s=96&d=mm&r=g\",\"url\":\"https:\\\/\\\/secure.gravatar.com\\\/avatar\\\/37d968a2e67a6fd04c169c4bdef102d0bc5d31b2546345219e348575eb80e9a0?s=96&d=mm&r=g\",\"contentUrl\":\"https:\\\/\\\/secure.gravatar.com\\\/avatar\\\/37d968a2e67a6fd04c169c4bdef102d0bc5d31b2546345219e348575eb80e9a0?s=96&d=mm&r=g\",\"caption\":\"redazione\"},\"sameAs\":[\"http:\\\/\\\/www.bellunopress.it\",\"https:\\\/\\\/x.com\\\/bellunopress\"],\"url\":\"https:\\\/\\\/www.bellunopress.it\\\/fr\\\/author\\\/redazione\\\/\"}]}<\/script>\n<!-- \/ Yoast SEO plugin. -->","yoast_head_json":{"title":"Cortina Skiworld, aprono gli impianti con un dicembre pieno di appuntamenti - Bellunopress - Dolomiti","robots":{"index":"index","follow":"follow","max-snippet":"max-snippet:-1","max-image-preview":"max-image-preview:large","max-video-preview":"max-video-preview:-1"},"canonical":"https:\/\/www.bellunopress.it\/fr\/2022\/12\/01\/cortina-skiworld-aprono-gli-impianti-con-un-dicembre-pieno-di-appuntamenti\/","og_locale":"fr_FR","og_type":"article","og_title":"Cortina Skiworld, aprono gli impianti con un dicembre pieno di appuntamenti - Bellunopress - Dolomiti","og_description":"Tanti gli eventi per celebrare l&#8217;inizio dell&#8217;inverno in pista. Aspettando il Cortina Fashion Weekend, da domani si scia oltre che in Col Gallina sulla pista Ovest, anche sulle piste Lacedelli e Potor con la seggiovia 5 Torri, e in Faloria sulla pista Tondi. E solo per questo fine settimana celebriamo l&#8217;inizio della stagione invernale con [&hellip;]","og_url":"https:\/\/www.bellunopress.it\/fr\/2022\/12\/01\/cortina-skiworld-aprono-gli-impianti-con-un-dicembre-pieno-di-appuntamenti\/","og_site_name":"Bellunopress - Dolomiti","article_publisher":"https:\/\/www.facebook.com\/profile.php?id=100008943462799","article_published_time":"2022-12-01T17:31:05+00:00","article_modified_time":"2022-12-01T17:31:37+00:00","og_image":[{"width":1000,"height":668,"url":"https:\/\/www.bellunopress.it\/wp-content\/uploads\/2021\/12\/Cortina-Fashion-Weekend-foto-Bandion_edited.jpg","type":"image\/jpeg"}],"author":"redazione","twitter_card":"summary_large_image","twitter_creator":"@bellunopress","twitter_site":"@bellunopress","twitter_misc":{"\u00c9crit par":"redazione","Dur\u00e9e de lecture estim\u00e9e":"6 minutes"},"schema":{"@context":"https:\/\/schema.org","@graph":[{"@type":"Article","@id":"https:\/\/www.bellunopress.it\/2022\/12\/01\/cortina-skiworld-aprono-gli-impianti-con-un-dicembre-pieno-di-appuntamenti\/#article","isPartOf":{"@id":"https:\/\/www.bellunopress.it\/2022\/12\/01\/cortina-skiworld-aprono-gli-impianti-con-un-dicembre-pieno-di-appuntamenti\/"},"author":{"name":"redazione","@id":"https:\/\/www.bellunopress.it\/#\/schema\/person\/79bb06722b37ece1c03d3e94beb30d73"},"headline":"Cortina Skiworld, aprono gli impianti con un dicembre pieno di appuntamenti","datePublished":"2022-12-01T17:31:05+00:00","dateModified":"2022-12-01T17:31:37+00:00","mainEntityOfPage":{"@id":"https:\/\/www.bellunopress.it\/2022\/12\/01\/cortina-skiworld-aprono-gli-impianti-con-un-dicembre-pieno-di-appuntamenti\/"},"wordCount":964,"publisher":{"@id":"https:\/\/www.bellunopress.it\/#organization"},"image":{"@id":"https:\/\/www.bellunopress.it\/2022\/12\/01\/cortina-skiworld-aprono-gli-impianti-con-un-dicembre-pieno-di-appuntamenti\/#primaryimage"},"thumbnailUrl":"https:\/\/www.bellunopress.it\/wp-content\/uploads\/2021\/12\/Cortina-Fashion-Weekend-foto-Bandion_edited.jpg","articleSection":["Pausa Caff\u00e8","Sport, tempo libero"],"inLanguage":"fr-FR"},{"@type":"WebPage","@id":"https:\/\/www.bellunopress.it\/2022\/12\/01\/cortina-skiworld-aprono-gli-impianti-con-un-dicembre-pieno-di-appuntamenti\/","url":"https:\/\/www.bellunopress.it\/2022\/12\/01\/cortina-skiworld-aprono-gli-impianti-con-un-dicembre-pieno-di-appuntamenti\/","name":"Cortina Skiworld, aprono gli impianti con un dicembre pieno di appuntamenti - Bellunopress - Dolomiti","isPartOf":{"@id":"https:\/\/www.bellunopress.it\/#website"},"primaryImageOfPage":{"@id":"https:\/\/www.bellunopress.it\/2022\/12\/01\/cortina-skiworld-aprono-gli-impianti-con-un-dicembre-pieno-di-appuntamenti\/#primaryimage"},"image":{"@id":"https:\/\/www.bellunopress.it\/2022\/12\/01\/cortina-skiworld-aprono-gli-impianti-con-un-dicembre-pieno-di-appuntamenti\/#primaryimage"},"thumbnailUrl":"https:\/\/www.bellunopress.it\/wp-content\/uploads\/2021\/12\/Cortina-Fashion-Weekend-foto-Bandion_edited.jpg","datePublished":"2022-12-01T17:31:05+00:00","dateModified":"2022-12-01T17:31:37+00:00","breadcrumb":{"@id":"https:\/\/www.bellunopress.it\/2022\/12\/01\/cortina-skiworld-aprono-gli-impianti-con-un-dicembre-pieno-di-appuntamenti\/#breadcrumb"},"inLanguage":"fr-FR","potentialAction":[{"@type":"ReadAction","target":["https:\/\/www.bellunopress.it\/2022\/12\/01\/cortina-skiworld-aprono-gli-impianti-con-un-dicembre-pieno-di-appuntamenti\/"]}]},{"@type":"ImageObject","inLanguage":"fr-FR","@id":"https:\/\/www.bellunopress.it\/2022\/12\/01\/cortina-skiworld-aprono-gli-impianti-con-un-dicembre-pieno-di-appuntamenti\/#primaryimage","url":"https:\/\/www.bellunopress.it\/wp-content\/uploads\/2021\/12\/Cortina-Fashion-Weekend-foto-Bandion_edited.jpg","contentUrl":"https:\/\/www.bellunopress.it\/wp-content\/uploads\/2021\/12\/Cortina-Fashion-Weekend-foto-Bandion_edited.jpg","width":1000,"height":668,"caption":"Cortina d'Ampezzo (Foto Bandion)"},{"@type":"BreadcrumbList","@id":"https:\/\/www.bellunopress.it\/2022\/12\/01\/cortina-skiworld-aprono-gli-impianti-con-un-dicembre-pieno-di-appuntamenti\/#breadcrumb","itemListElement":[{"@type":"ListItem","position":1,"name":"Home","item":"https:\/\/www.bellunopress.it\/"},{"@type":"ListItem","position":2,"name":"Cortina Skiworld, aprono gli impianti con un dicembre pieno di appuntamenti"}]},{"@type":"WebSite","@id":"https:\/\/www.bellunopress.it\/#website","url":"https:\/\/www.bellunopress.it\/","name":"Bellunopress - Dolomiti","description":"e-mail: redazione@bellunopress.it","publisher":{"@id":"https:\/\/www.bellunopress.it\/#organization"},"potentialAction":[{"@type":"SearchAction","target":{"@type":"EntryPoint","urlTemplate":"https:\/\/www.bellunopress.it\/?s={search_term_string}"},"query-input":{"@type":"PropertyValueSpecification","valueRequired":true,"valueName":"search_term_string"}}],"inLanguage":"fr-FR"},{"@type":"Organization","@id":"https:\/\/www.bellunopress.it\/#organization","name":"Bellunopress","url":"https:\/\/www.bellunopress.it\/","logo":{"@type":"ImageObject","inLanguage":"fr-FR","@id":"https:\/\/www.bellunopress.it\/#\/schema\/logo\/image\/","url":"https:\/\/www.bellunopress.it\/wp-content\/uploads\/2011\/05\/cropped-logo-bellunopress-.jpg","contentUrl":"https:\/\/www.bellunopress.it\/wp-content\/uploads\/2011\/05\/cropped-logo-bellunopress-.jpg","width":512,"height":512,"caption":"Bellunopress"},"image":{"@id":"https:\/\/www.bellunopress.it\/#\/schema\/logo\/image\/"},"sameAs":["https:\/\/www.facebook.com\/profile.php?id=100008943462799","https:\/\/x.com\/bellunopress","https:\/\/www.linkedin.com\/hp\/?dnr=JBzUWaJfMUw8vbXJJ2tVW5-I3jZKvC4wsoxE&amp;amp;amp;amp;amp;amp;trk=nav_responsive_tab_home","https:\/\/www.youtube.com\/channel\/UCxL0wu1uN0_3_7hGG0306cw"]},{"@type":"Person","@id":"https:\/\/www.bellunopress.it\/#\/schema\/person\/79bb06722b37ece1c03d3e94beb30d73","name":"r\u00e9daction","image":{"@type":"ImageObject","inLanguage":"fr-FR","@id":"https:\/\/secure.gravatar.com\/avatar\/37d968a2e67a6fd04c169c4bdef102d0bc5d31b2546345219e348575eb80e9a0?s=96&d=mm&r=g","url":"https:\/\/secure.gravatar.com\/avatar\/37d968a2e67a6fd04c169c4bdef102d0bc5d31b2546345219e348575eb80e9a0?s=96&d=mm&r=g","contentUrl":"https:\/\/secure.gravatar.com\/avatar\/37d968a2e67a6fd04c169c4bdef102d0bc5d31b2546345219e348575eb80e9a0?s=96&d=mm&r=g","caption":"redazione"},"sameAs":["http:\/\/www.bellunopress.it","https:\/\/x.com\/bellunopress"],"url":"https:\/\/www.bellunopress.it\/fr\/author\/redazione\/"}]}},"_links":{"self":[{"href":"https:\/\/www.bellunopress.it\/fr\/wp-json\/wp\/v2\/posts\/138070","targetHints":{"allow":["GET"]}}],"collection":[{"href":"https:\/\/www.bellunopress.it\/fr\/wp-json\/wp\/v2\/posts"}],"about":[{"href":"https:\/\/www.bellunopress.it\/fr\/wp-json\/wp\/v2\/types\/post"}],"author":[{"embeddable":true,"href":"https:\/\/www.bellunopress.it\/fr\/wp-json\/wp\/v2\/users\/2"}],"replies":[{"embeddable":true,"href":"https:\/\/www.bellunopress.it\/fr\/wp-json\/wp\/v2\/comments?post=138070"}],"version-history":[{"count":2,"href":"https:\/\/www.bellunopress.it\/fr\/wp-json\/wp\/v2\/posts\/138070\/revisions"}],"predecessor-version":[{"id":138072,"href":"https:\/\/www.bellunopress.it\/fr\/wp-json\/wp\/v2\/posts\/138070\/revisions\/138072"}],"wp:featuredmedia":[{"embeddable":true,"href":"https:\/\/www.bellunopress.it\/fr\/wp-json\/wp\/v2\/media\/129960"}],"wp:attachment":[{"href":"https:\/\/www.bellunopress.it\/fr\/wp-json\/wp\/v2\/media?parent=138070"}],"wp:term":[{"taxonomy":"category","embeddable":true,"href":"https:\/\/www.bellunopress.it\/fr\/wp-json\/wp\/v2\/categories?post=138070"},{"taxonomy":"post_tag","embeddable":true,"href":"https:\/\/www.bellunopress.it\/fr\/wp-json\/wp\/v2\/tags?post=138070"}],"curies":[{"name":"wp","href":"https:\/\/api.w.org\/{rel}","templated":true}]}}