{"id":138067,"date":"2022-12-01T15:50:15","date_gmt":"2022-12-01T14:50:15","guid":{"rendered":"https:\/\/www.bellunopress.it\/?p=138067"},"modified":"2022-12-01T15:50:15","modified_gmt":"2022-12-01T14:50:15","slug":"caro-bollette-chiude-lunico-negozio-a-santa-croce-lopposizione-scrive-al-sindaco-di-alpago","status":"publish","type":"post","link":"https:\/\/www.bellunopress.it\/fr\/2022\/12\/01\/caro-bollette-chiude-lunico-negozio-a-santa-croce-lopposizione-scrive-al-sindaco-di-alpago\/","title":{"rendered":"Caro bollette, chiude l&#8217;unico negozio a Santa Croce. L&#8217;opposizione scrive al sindaco di Alpago"},"content":{"rendered":"<p><img loading=\"lazy\" decoding=\"async\" class=\"alignleft size-full wp-image-138068\" src=\"https:\/\/www.bellunopress.it\/wp-content\/uploads\/2022\/12\/Costa-De-Francesch-Da-Re-Chiappin_edited.jpg\" alt=\"\" width=\"889\" height=\"1000\" srcset=\"https:\/\/www.bellunopress.it\/wp-content\/uploads\/2022\/12\/Costa-De-Francesch-Da-Re-Chiappin_edited.jpg 889w, https:\/\/www.bellunopress.it\/wp-content\/uploads\/2022\/12\/Costa-De-Francesch-Da-Re-Chiappin_edited-445x500.jpg 445w, https:\/\/www.bellunopress.it\/wp-content\/uploads\/2022\/12\/Costa-De-Francesch-Da-Re-Chiappin_edited-696x783.jpg 696w, https:\/\/www.bellunopress.it\/wp-content\/uploads\/2022\/12\/Costa-De-Francesch-Da-Re-Chiappin_edited-373x420.jpg 373w\" sizes=\"auto, (max-width: 889px) 100vw, 889px\" \/>Alpago, 1 dicembre 2022 . &#8220;Abbiamo sentito l\u2019esigenza di stimolare l\u2019Amministrazione ad una riflessione comune sul tema della crisi economica che sta colpendo cittadini, imprese ed in particolare anche i piccoli negozi di paese; il casus belli che ha originato questo nostro intervento \u00e8 stato l\u2019aver letto sui quotidiani locali che con il 30.11 chiude l\u2019unico negozio presente nella frazione di Santa Croce, un punto vendita di alimentari, tabacchi, giornali e ricariche telefoniche. \u201cQuesta chiusura ci ha molto preoccupati &#8211; dichiarano i consiglieri Vanessa De Francesch e Federico Costa &#8211; perch\u00e9 temiamo che altri negozi di prossimit\u00e0 siano in sofferenza e possano cessare l\u2019attivit\u00e0, colpiti duramente prima dalla pandemia e poi ora anche con il caro-bollette. L\u2019attenzione alle frazioni periferiche e la garanzia della permanenza dei servizi sul territorio sono dei punti fondanti del nostro programma elettorale e quindi abbiamo ritenuto opportuno segnalare alcune iniziative che il Comune potrebbe intraprendere per prevenire ulteriori chiusure\u201d.<\/p>\n<p>I consiglieri De Francesch e Costa si sono recati a Santa Croce per conoscere le<br \/>\nmotivazioni della chiusura del negozio da parte della sig.ra Mara Chiappin che da diversi anni ne \u00e8 l\u2019esercente, ai quali ha dichiarato che \u201cdopo la pandemia vi \u00e8 stato un calo di utenti e il caro bollette mi ha dato il colpo di grazia. Purtroppo non ho altra scelta, ma mi dispiace molto per gli anziani del paese e la Casa di Riposo alla quale fornivo i giornali quotidianamente\u201d.<br \/>\nUn duro colpo anche per alcune attivit\u00e0 del lago e per i titolari di strutture ricettive (alberghi e B&amp;B), come conferma anche Jessica Da Re titolare del B&amp;B al Lago: \u201csono sicura che questa chiusura comporter\u00e0 dei disagi oltre che agli abitanti, anche ai turisti, che all\u2019atto della prenotazione chiedono sempre la presenza e la tipologia di servizi in prossimit\u00e0 alla struttura e temo che l\u2019assenza di questo importante servizio possa determinare l\u2019allontanamento degli ospiti verso altre destinazioni\u201d.<\/p>\n<p>La lettera inviata dai Consiglieri De Francesch e Costa al Sindaco va nella direzione di stimolare una verifica della situazione di fatto di tutti negozi sul territorio, e di pensare ad aiuti economici straordinari per combattere il caro bollette (i cui costi sono perfino triplicati in alcuni casi) da aggiungersi a quelli gi\u00e0 stanziati con il decreto aiuti quater dal Governo ovvero erogare contributi a fondo perduto o un aiuto nel pagamento degli affitti o in altra forma compresa la defiscalizzazione dei tributi comunali.<br \/>\nNel caso specifico di Santa Croce, invece, i Consiglieri hanno chiesto che venga incentivata una riapertura in tempi celeri del negozio o laddove ci\u00f2 non sia possibile di pensare all\u2019istituzione di servizi navetta con i punti vendita pi\u00f9 vicini e\/o servizi di consegna a domicilio, esigenza che si imporr\u00e0 anche per altre frazioni scarsamente assistite da servizi essenziali.<br \/>\n\u201cIl gruppo \u201cAlpago, insieme per il futuro\u201d &#8211; dichiara la capolista Vanessa De Francesch &#8211; \u201csente ancora forte il proprio mandato elettorale e la rappresentanza sul territorio e per questo ritiene opportuno intervenire in modo propositivo e con tempestivit\u00e0 sulle questioni che toccano da vicino i nostri cittadini\u201d.<\/p>","protected":false},"excerpt":{"rendered":"<p>Alpago, 1 dicembre 2022 . &#8220;Abbiamo sentito l\u2019esigenza di stimolare l\u2019Amministrazione ad una riflessione comune sul tema della crisi economica che sta colpendo cittadini, imprese ed in particolare anche i piccoli negozi di paese; il casus belli che ha originato questo nostro intervento \u00e8 stato l\u2019aver letto sui quotidiani locali che con il 30.11 chiude [&hellip;]<\/p>\n","protected":false},"author":2,"featured_media":138068,"comment_status":"closed","ping_status":"open","sticky":false,"template":"","format":"standard","meta":{"footnotes":""},"categories":[36,26],"tags":[],"class_list":["post-138067","post","type-post","status-publish","format-standard","has-post-thumbnail","category-lavoro-economia","category-prima-pagina"],"yoast_head":"<!-- This site is optimized with the Yoast SEO plugin v28.4 - https:\/\/yoast.com\/product\/yoast-seo-wordpress\/ -->\n<title>Caro bollette, chiude l&#039;unico negozio a Santa Croce. L&#039;opposizione scrive al sindaco di Alpago - Bellunopress - Dolomiti<\/title>\n<meta name=\"robots\" content=\"index, follow, max-snippet:-1, max-image-preview:large, max-video-preview:-1\" \/>\n<link rel=\"canonical\" href=\"https:\/\/www.bellunopress.it\/fr\/2022\/12\/01\/caro-bollette-chiude-lunico-negozio-a-santa-croce-lopposizione-scrive-al-sindaco-di-alpago\/\" \/>\n<meta property=\"og:locale\" content=\"fr_FR\" \/>\n<meta property=\"og:type\" content=\"article\" \/>\n<meta property=\"og:title\" content=\"Caro bollette, chiude l&#039;unico negozio a Santa Croce. L&#039;opposizione scrive al sindaco di Alpago - Bellunopress - Dolomiti\" \/>\n<meta property=\"og:description\" content=\"Alpago, 1 dicembre 2022 . &#8220;Abbiamo sentito l\u2019esigenza di stimolare l\u2019Amministrazione ad una riflessione comune sul tema della crisi economica che sta colpendo cittadini, imprese ed in particolare anche i piccoli negozi di paese; il casus belli che ha originato questo nostro intervento \u00e8 stato l\u2019aver letto sui quotidiani locali che con il 30.11 chiude [&hellip;]\" \/>\n<meta property=\"og:url\" content=\"https:\/\/www.bellunopress.it\/fr\/2022\/12\/01\/caro-bollette-chiude-lunico-negozio-a-santa-croce-lopposizione-scrive-al-sindaco-di-alpago\/\" \/>\n<meta property=\"og:site_name\" content=\"Bellunopress - Dolomiti\" \/>\n<meta property=\"article:publisher\" content=\"https:\/\/www.facebook.com\/profile.php?id=100008943462799\" \/>\n<meta property=\"article:published_time\" content=\"2022-12-01T14:50:15+00:00\" \/>\n<meta property=\"og:image\" content=\"https:\/\/www.bellunopress.it\/wp-content\/uploads\/2022\/12\/Costa-De-Francesch-Da-Re-Chiappin_edited.jpg\" \/>\n\t<meta property=\"og:image:width\" content=\"889\" \/>\n\t<meta property=\"og:image:height\" content=\"1000\" \/>\n\t<meta property=\"og:image:type\" content=\"image\/jpeg\" \/>\n<meta name=\"author\" content=\"redazione\" \/>\n<meta name=\"twitter:card\" content=\"summary_large_image\" \/>\n<meta name=\"twitter:creator\" content=\"@bellunopress\" \/>\n<meta name=\"twitter:site\" content=\"@bellunopress\" \/>\n<meta name=\"twitter:label1\" content=\"\u00c9crit par\" \/>\n\t<meta name=\"twitter:data1\" content=\"redazione\" \/>\n\t<meta name=\"twitter:label2\" content=\"Dur\u00e9e de lecture estim\u00e9e\" \/>\n\t<meta name=\"twitter:data2\" content=\"3 minutes\" \/>\n<script type=\"application\/ld+json\" class=\"yoast-schema-graph\">{\"@context\":\"https:\\\/\\\/schema.org\",\"@graph\":[{\"@type\":\"Article\",\"@id\":\"https:\\\/\\\/www.bellunopress.it\\\/2022\\\/12\\\/01\\\/caro-bollette-chiude-lunico-negozio-a-santa-croce-lopposizione-scrive-al-sindaco-di-alpago\\\/#article\",\"isPartOf\":{\"@id\":\"https:\\\/\\\/www.bellunopress.it\\\/2022\\\/12\\\/01\\\/caro-bollette-chiude-lunico-negozio-a-santa-croce-lopposizione-scrive-al-sindaco-di-alpago\\\/\"},\"author\":{\"name\":\"redazione\",\"@id\":\"https:\\\/\\\/www.bellunopress.it\\\/#\\\/schema\\\/person\\\/79bb06722b37ece1c03d3e94beb30d73\"},\"headline\":\"Caro bollette, chiude l&#8217;unico negozio a Santa Croce. L&#8217;opposizione scrive al sindaco di Alpago\",\"datePublished\":\"2022-12-01T14:50:15+00:00\",\"mainEntityOfPage\":{\"@id\":\"https:\\\/\\\/www.bellunopress.it\\\/2022\\\/12\\\/01\\\/caro-bollette-chiude-lunico-negozio-a-santa-croce-lopposizione-scrive-al-sindaco-di-alpago\\\/\"},\"wordCount\":532,\"publisher\":{\"@id\":\"https:\\\/\\\/www.bellunopress.it\\\/#organization\"},\"image\":{\"@id\":\"https:\\\/\\\/www.bellunopress.it\\\/2022\\\/12\\\/01\\\/caro-bollette-chiude-lunico-negozio-a-santa-croce-lopposizione-scrive-al-sindaco-di-alpago\\\/#primaryimage\"},\"thumbnailUrl\":\"https:\\\/\\\/www.bellunopress.it\\\/wp-content\\\/uploads\\\/2022\\\/12\\\/Costa-De-Francesch-Da-Re-Chiappin_edited.jpg\",\"articleSection\":[\"Lavoro, Economia, Turismo\",\"Prima Pagina\"],\"inLanguage\":\"fr-FR\"},{\"@type\":\"WebPage\",\"@id\":\"https:\\\/\\\/www.bellunopress.it\\\/2022\\\/12\\\/01\\\/caro-bollette-chiude-lunico-negozio-a-santa-croce-lopposizione-scrive-al-sindaco-di-alpago\\\/\",\"url\":\"https:\\\/\\\/www.bellunopress.it\\\/2022\\\/12\\\/01\\\/caro-bollette-chiude-lunico-negozio-a-santa-croce-lopposizione-scrive-al-sindaco-di-alpago\\\/\",\"name\":\"Caro bollette, chiude l'unico negozio a Santa Croce. L'opposizione scrive al sindaco di Alpago - Bellunopress - Dolomiti\",\"isPartOf\":{\"@id\":\"https:\\\/\\\/www.bellunopress.it\\\/#website\"},\"primaryImageOfPage\":{\"@id\":\"https:\\\/\\\/www.bellunopress.it\\\/2022\\\/12\\\/01\\\/caro-bollette-chiude-lunico-negozio-a-santa-croce-lopposizione-scrive-al-sindaco-di-alpago\\\/#primaryimage\"},\"image\":{\"@id\":\"https:\\\/\\\/www.bellunopress.it\\\/2022\\\/12\\\/01\\\/caro-bollette-chiude-lunico-negozio-a-santa-croce-lopposizione-scrive-al-sindaco-di-alpago\\\/#primaryimage\"},\"thumbnailUrl\":\"https:\\\/\\\/www.bellunopress.it\\\/wp-content\\\/uploads\\\/2022\\\/12\\\/Costa-De-Francesch-Da-Re-Chiappin_edited.jpg\",\"datePublished\":\"2022-12-01T14:50:15+00:00\",\"breadcrumb\":{\"@id\":\"https:\\\/\\\/www.bellunopress.it\\\/2022\\\/12\\\/01\\\/caro-bollette-chiude-lunico-negozio-a-santa-croce-lopposizione-scrive-al-sindaco-di-alpago\\\/#breadcrumb\"},\"inLanguage\":\"fr-FR\",\"potentialAction\":[{\"@type\":\"ReadAction\",\"target\":[\"https:\\\/\\\/www.bellunopress.it\\\/2022\\\/12\\\/01\\\/caro-bollette-chiude-lunico-negozio-a-santa-croce-lopposizione-scrive-al-sindaco-di-alpago\\\/\"]}]},{\"@type\":\"ImageObject\",\"inLanguage\":\"fr-FR\",\"@id\":\"https:\\\/\\\/www.bellunopress.it\\\/2022\\\/12\\\/01\\\/caro-bollette-chiude-lunico-negozio-a-santa-croce-lopposizione-scrive-al-sindaco-di-alpago\\\/#primaryimage\",\"url\":\"https:\\\/\\\/www.bellunopress.it\\\/wp-content\\\/uploads\\\/2022\\\/12\\\/Costa-De-Francesch-Da-Re-Chiappin_edited.jpg\",\"contentUrl\":\"https:\\\/\\\/www.bellunopress.it\\\/wp-content\\\/uploads\\\/2022\\\/12\\\/Costa-De-Francesch-Da-Re-Chiappin_edited.jpg\",\"width\":889,\"height\":1000},{\"@type\":\"BreadcrumbList\",\"@id\":\"https:\\\/\\\/www.bellunopress.it\\\/2022\\\/12\\\/01\\\/caro-bollette-chiude-lunico-negozio-a-santa-croce-lopposizione-scrive-al-sindaco-di-alpago\\\/#breadcrumb\",\"itemListElement\":[{\"@type\":\"ListItem\",\"position\":1,\"name\":\"Home\",\"item\":\"https:\\\/\\\/www.bellunopress.it\\\/\"},{\"@type\":\"ListItem\",\"position\":2,\"name\":\"Caro bollette, chiude l&#8217;unico negozio a Santa Croce. L&#8217;opposizione scrive al sindaco di Alpago\"}]},{\"@type\":\"WebSite\",\"@id\":\"https:\\\/\\\/www.bellunopress.it\\\/#website\",\"url\":\"https:\\\/\\\/www.bellunopress.it\\\/\",\"name\":\"Bellunopress - Dolomiti\",\"description\":\"e-mail: redazione@bellunopress.it\",\"publisher\":{\"@id\":\"https:\\\/\\\/www.bellunopress.it\\\/#organization\"},\"potentialAction\":[{\"@type\":\"SearchAction\",\"target\":{\"@type\":\"EntryPoint\",\"urlTemplate\":\"https:\\\/\\\/www.bellunopress.it\\\/?s={search_term_string}\"},\"query-input\":{\"@type\":\"PropertyValueSpecification\",\"valueRequired\":true,\"valueName\":\"search_term_string\"}}],\"inLanguage\":\"fr-FR\"},{\"@type\":\"Organization\",\"@id\":\"https:\\\/\\\/www.bellunopress.it\\\/#organization\",\"name\":\"Bellunopress\",\"url\":\"https:\\\/\\\/www.bellunopress.it\\\/\",\"logo\":{\"@type\":\"ImageObject\",\"inLanguage\":\"fr-FR\",\"@id\":\"https:\\\/\\\/www.bellunopress.it\\\/#\\\/schema\\\/logo\\\/image\\\/\",\"url\":\"https:\\\/\\\/www.bellunopress.it\\\/wp-content\\\/uploads\\\/2011\\\/05\\\/cropped-logo-bellunopress-.jpg\",\"contentUrl\":\"https:\\\/\\\/www.bellunopress.it\\\/wp-content\\\/uploads\\\/2011\\\/05\\\/cropped-logo-bellunopress-.jpg\",\"width\":512,\"height\":512,\"caption\":\"Bellunopress\"},\"image\":{\"@id\":\"https:\\\/\\\/www.bellunopress.it\\\/#\\\/schema\\\/logo\\\/image\\\/\"},\"sameAs\":[\"https:\\\/\\\/www.facebook.com\\\/profile.php?id=100008943462799\",\"https:\\\/\\\/x.com\\\/bellunopress\",\"https:\\\/\\\/www.linkedin.com\\\/hp\\\/?dnr=JBzUWaJfMUw8vbXJJ2tVW5-I3jZKvC4wsoxE&amp;amp;amp;amp;amp;amp;trk=nav_responsive_tab_home\",\"https:\\\/\\\/www.youtube.com\\\/channel\\\/UCxL0wu1uN0_3_7hGG0306cw\"]},{\"@type\":\"Person\",\"@id\":\"https:\\\/\\\/www.bellunopress.it\\\/#\\\/schema\\\/person\\\/79bb06722b37ece1c03d3e94beb30d73\",\"name\":\"redazione\",\"image\":{\"@type\":\"ImageObject\",\"inLanguage\":\"fr-FR\",\"@id\":\"https:\\\/\\\/secure.gravatar.com\\\/avatar\\\/37d968a2e67a6fd04c169c4bdef102d0bc5d31b2546345219e348575eb80e9a0?s=96&d=mm&r=g\",\"url\":\"https:\\\/\\\/secure.gravatar.com\\\/avatar\\\/37d968a2e67a6fd04c169c4bdef102d0bc5d31b2546345219e348575eb80e9a0?s=96&d=mm&r=g\",\"contentUrl\":\"https:\\\/\\\/secure.gravatar.com\\\/avatar\\\/37d968a2e67a6fd04c169c4bdef102d0bc5d31b2546345219e348575eb80e9a0?s=96&d=mm&r=g\",\"caption\":\"redazione\"},\"sameAs\":[\"http:\\\/\\\/www.bellunopress.it\",\"https:\\\/\\\/x.com\\\/bellunopress\"],\"url\":\"https:\\\/\\\/www.bellunopress.it\\\/fr\\\/author\\\/redazione\\\/\"}]}<\/script>\n<!-- \/ Yoast SEO plugin. -->","yoast_head_json":{"title":"Caro bollette, chiude l'unico negozio a Santa Croce. L'opposizione scrive al sindaco di Alpago - Bellunopress - Dolomiti","robots":{"index":"index","follow":"follow","max-snippet":"max-snippet:-1","max-image-preview":"max-image-preview:large","max-video-preview":"max-video-preview:-1"},"canonical":"https:\/\/www.bellunopress.it\/fr\/2022\/12\/01\/caro-bollette-chiude-lunico-negozio-a-santa-croce-lopposizione-scrive-al-sindaco-di-alpago\/","og_locale":"fr_FR","og_type":"article","og_title":"Caro bollette, chiude l'unico negozio a Santa Croce. L'opposizione scrive al sindaco di Alpago - Bellunopress - Dolomiti","og_description":"Alpago, 1 dicembre 2022 . &#8220;Abbiamo sentito l\u2019esigenza di stimolare l\u2019Amministrazione ad una riflessione comune sul tema della crisi economica che sta colpendo cittadini, imprese ed in particolare anche i piccoli negozi di paese; il casus belli che ha originato questo nostro intervento \u00e8 stato l\u2019aver letto sui quotidiani locali che con il 30.11 chiude [&hellip;]","og_url":"https:\/\/www.bellunopress.it\/fr\/2022\/12\/01\/caro-bollette-chiude-lunico-negozio-a-santa-croce-lopposizione-scrive-al-sindaco-di-alpago\/","og_site_name":"Bellunopress - Dolomiti","article_publisher":"https:\/\/www.facebook.com\/profile.php?id=100008943462799","article_published_time":"2022-12-01T14:50:15+00:00","og_image":[{"width":889,"height":1000,"url":"https:\/\/www.bellunopress.it\/wp-content\/uploads\/2022\/12\/Costa-De-Francesch-Da-Re-Chiappin_edited.jpg","type":"image\/jpeg"}],"author":"redazione","twitter_card":"summary_large_image","twitter_creator":"@bellunopress","twitter_site":"@bellunopress","twitter_misc":{"\u00c9crit par":"redazione","Dur\u00e9e de lecture estim\u00e9e":"3 minutes"},"schema":{"@context":"https:\/\/schema.org","@graph":[{"@type":"Article","@id":"https:\/\/www.bellunopress.it\/2022\/12\/01\/caro-bollette-chiude-lunico-negozio-a-santa-croce-lopposizione-scrive-al-sindaco-di-alpago\/#article","isPartOf":{"@id":"https:\/\/www.bellunopress.it\/2022\/12\/01\/caro-bollette-chiude-lunico-negozio-a-santa-croce-lopposizione-scrive-al-sindaco-di-alpago\/"},"author":{"name":"redazione","@id":"https:\/\/www.bellunopress.it\/#\/schema\/person\/79bb06722b37ece1c03d3e94beb30d73"},"headline":"Caro bollette, chiude l&#8217;unico negozio a Santa Croce. L&#8217;opposizione scrive al sindaco di Alpago","datePublished":"2022-12-01T14:50:15+00:00","mainEntityOfPage":{"@id":"https:\/\/www.bellunopress.it\/2022\/12\/01\/caro-bollette-chiude-lunico-negozio-a-santa-croce-lopposizione-scrive-al-sindaco-di-alpago\/"},"wordCount":532,"publisher":{"@id":"https:\/\/www.bellunopress.it\/#organization"},"image":{"@id":"https:\/\/www.bellunopress.it\/2022\/12\/01\/caro-bollette-chiude-lunico-negozio-a-santa-croce-lopposizione-scrive-al-sindaco-di-alpago\/#primaryimage"},"thumbnailUrl":"https:\/\/www.bellunopress.it\/wp-content\/uploads\/2022\/12\/Costa-De-Francesch-Da-Re-Chiappin_edited.jpg","articleSection":["Lavoro, Economia, Turismo","Prima Pagina"],"inLanguage":"fr-FR"},{"@type":"WebPage","@id":"https:\/\/www.bellunopress.it\/2022\/12\/01\/caro-bollette-chiude-lunico-negozio-a-santa-croce-lopposizione-scrive-al-sindaco-di-alpago\/","url":"https:\/\/www.bellunopress.it\/2022\/12\/01\/caro-bollette-chiude-lunico-negozio-a-santa-croce-lopposizione-scrive-al-sindaco-di-alpago\/","name":"Caro bollette, chiude l'unico negozio a Santa Croce. L'opposizione scrive al sindaco di Alpago - Bellunopress - Dolomiti","isPartOf":{"@id":"https:\/\/www.bellunopress.it\/#website"},"primaryImageOfPage":{"@id":"https:\/\/www.bellunopress.it\/2022\/12\/01\/caro-bollette-chiude-lunico-negozio-a-santa-croce-lopposizione-scrive-al-sindaco-di-alpago\/#primaryimage"},"image":{"@id":"https:\/\/www.bellunopress.it\/2022\/12\/01\/caro-bollette-chiude-lunico-negozio-a-santa-croce-lopposizione-scrive-al-sindaco-di-alpago\/#primaryimage"},"thumbnailUrl":"https:\/\/www.bellunopress.it\/wp-content\/uploads\/2022\/12\/Costa-De-Francesch-Da-Re-Chiappin_edited.jpg","datePublished":"2022-12-01T14:50:15+00:00","breadcrumb":{"@id":"https:\/\/www.bellunopress.it\/2022\/12\/01\/caro-bollette-chiude-lunico-negozio-a-santa-croce-lopposizione-scrive-al-sindaco-di-alpago\/#breadcrumb"},"inLanguage":"fr-FR","potentialAction":[{"@type":"ReadAction","target":["https:\/\/www.bellunopress.it\/2022\/12\/01\/caro-bollette-chiude-lunico-negozio-a-santa-croce-lopposizione-scrive-al-sindaco-di-alpago\/"]}]},{"@type":"ImageObject","inLanguage":"fr-FR","@id":"https:\/\/www.bellunopress.it\/2022\/12\/01\/caro-bollette-chiude-lunico-negozio-a-santa-croce-lopposizione-scrive-al-sindaco-di-alpago\/#primaryimage","url":"https:\/\/www.bellunopress.it\/wp-content\/uploads\/2022\/12\/Costa-De-Francesch-Da-Re-Chiappin_edited.jpg","contentUrl":"https:\/\/www.bellunopress.it\/wp-content\/uploads\/2022\/12\/Costa-De-Francesch-Da-Re-Chiappin_edited.jpg","width":889,"height":1000},{"@type":"BreadcrumbList","@id":"https:\/\/www.bellunopress.it\/2022\/12\/01\/caro-bollette-chiude-lunico-negozio-a-santa-croce-lopposizione-scrive-al-sindaco-di-alpago\/#breadcrumb","itemListElement":[{"@type":"ListItem","position":1,"name":"Home","item":"https:\/\/www.bellunopress.it\/"},{"@type":"ListItem","position":2,"name":"Caro bollette, chiude l&#8217;unico negozio a Santa Croce. L&#8217;opposizione scrive al sindaco di Alpago"}]},{"@type":"WebSite","@id":"https:\/\/www.bellunopress.it\/#website","url":"https:\/\/www.bellunopress.it\/","name":"Bellunopress - Dolomiti","description":"e-mail: redazione@bellunopress.it","publisher":{"@id":"https:\/\/www.bellunopress.it\/#organization"},"potentialAction":[{"@type":"SearchAction","target":{"@type":"EntryPoint","urlTemplate":"https:\/\/www.bellunopress.it\/?s={search_term_string}"},"query-input":{"@type":"PropertyValueSpecification","valueRequired":true,"valueName":"search_term_string"}}],"inLanguage":"fr-FR"},{"@type":"Organization","@id":"https:\/\/www.bellunopress.it\/#organization","name":"Bellunopress","url":"https:\/\/www.bellunopress.it\/","logo":{"@type":"ImageObject","inLanguage":"fr-FR","@id":"https:\/\/www.bellunopress.it\/#\/schema\/logo\/image\/","url":"https:\/\/www.bellunopress.it\/wp-content\/uploads\/2011\/05\/cropped-logo-bellunopress-.jpg","contentUrl":"https:\/\/www.bellunopress.it\/wp-content\/uploads\/2011\/05\/cropped-logo-bellunopress-.jpg","width":512,"height":512,"caption":"Bellunopress"},"image":{"@id":"https:\/\/www.bellunopress.it\/#\/schema\/logo\/image\/"},"sameAs":["https:\/\/www.facebook.com\/profile.php?id=100008943462799","https:\/\/x.com\/bellunopress","https:\/\/www.linkedin.com\/hp\/?dnr=JBzUWaJfMUw8vbXJJ2tVW5-I3jZKvC4wsoxE&amp;amp;amp;amp;amp;amp;trk=nav_responsive_tab_home","https:\/\/www.youtube.com\/channel\/UCxL0wu1uN0_3_7hGG0306cw"]},{"@type":"Person","@id":"https:\/\/www.bellunopress.it\/#\/schema\/person\/79bb06722b37ece1c03d3e94beb30d73","name":"r\u00e9daction","image":{"@type":"ImageObject","inLanguage":"fr-FR","@id":"https:\/\/secure.gravatar.com\/avatar\/37d968a2e67a6fd04c169c4bdef102d0bc5d31b2546345219e348575eb80e9a0?s=96&d=mm&r=g","url":"https:\/\/secure.gravatar.com\/avatar\/37d968a2e67a6fd04c169c4bdef102d0bc5d31b2546345219e348575eb80e9a0?s=96&d=mm&r=g","contentUrl":"https:\/\/secure.gravatar.com\/avatar\/37d968a2e67a6fd04c169c4bdef102d0bc5d31b2546345219e348575eb80e9a0?s=96&d=mm&r=g","caption":"redazione"},"sameAs":["http:\/\/www.bellunopress.it","https:\/\/x.com\/bellunopress"],"url":"https:\/\/www.bellunopress.it\/fr\/author\/redazione\/"}]}},"_links":{"self":[{"href":"https:\/\/www.bellunopress.it\/fr\/wp-json\/wp\/v2\/posts\/138067","targetHints":{"allow":["GET"]}}],"collection":[{"href":"https:\/\/www.bellunopress.it\/fr\/wp-json\/wp\/v2\/posts"}],"about":[{"href":"https:\/\/www.bellunopress.it\/fr\/wp-json\/wp\/v2\/types\/post"}],"author":[{"embeddable":true,"href":"https:\/\/www.bellunopress.it\/fr\/wp-json\/wp\/v2\/users\/2"}],"replies":[{"embeddable":true,"href":"https:\/\/www.bellunopress.it\/fr\/wp-json\/wp\/v2\/comments?post=138067"}],"version-history":[{"count":1,"href":"https:\/\/www.bellunopress.it\/fr\/wp-json\/wp\/v2\/posts\/138067\/revisions"}],"predecessor-version":[{"id":138069,"href":"https:\/\/www.bellunopress.it\/fr\/wp-json\/wp\/v2\/posts\/138067\/revisions\/138069"}],"wp:featuredmedia":[{"embeddable":true,"href":"https:\/\/www.bellunopress.it\/fr\/wp-json\/wp\/v2\/media\/138068"}],"wp:attachment":[{"href":"https:\/\/www.bellunopress.it\/fr\/wp-json\/wp\/v2\/media?parent=138067"}],"wp:term":[{"taxonomy":"category","embeddable":true,"href":"https:\/\/www.bellunopress.it\/fr\/wp-json\/wp\/v2\/categories?post=138067"},{"taxonomy":"post_tag","embeddable":true,"href":"https:\/\/www.bellunopress.it\/fr\/wp-json\/wp\/v2\/tags?post=138067"}],"curies":[{"name":"wp","href":"https:\/\/api.w.org\/{rel}","templated":true}]}}