{"id":138065,"date":"2022-12-01T15:29:11","date_gmt":"2022-12-01T14:29:11","guid":{"rendered":"https:\/\/www.bellunopress.it\/?p=138065"},"modified":"2022-12-01T15:29:11","modified_gmt":"2022-12-01T14:29:11","slug":"convenzione-di-calalzo-e-vigo-con-lasilo-nido-di-lozzo-de-carlo-segno-di-unita-del-territorio-calligaro-importante-aiuto-alle-famiglie","status":"publish","type":"post","link":"https:\/\/www.bellunopress.it\/fr\/2022\/12\/01\/convenzione-di-calalzo-e-vigo-con-lasilo-nido-di-lozzo-de-carlo-segno-di-unita-del-territorio-calligaro-importante-aiuto-alle-famiglie\/","title":{"rendered":"Convenzione di Calalzo e Vigo con l&#8217;asilo nido di Lozzo. De Carlo: &#8220;Segno di unit\u00e0 del territorio&#8221;. Calligaro: &#8220;Importante aiuto alle famiglie&#8221;"},"content":{"rendered":"<figure id=\"attachment_120581\" aria-describedby=\"caption-attachment-120581\" style=\"width: 473px\" class=\"wp-caption alignleft\"><img loading=\"lazy\" decoding=\"async\" class=\"size-full wp-image-120581\" src=\"https:\/\/www.bellunopress.it\/wp-content\/uploads\/2021\/01\/Luca-De-Carlo_edited.jpg\" alt=\"\" width=\"473\" height=\"330\" srcset=\"https:\/\/www.bellunopress.it\/wp-content\/uploads\/2021\/01\/Luca-De-Carlo_edited.jpg 473w, https:\/\/www.bellunopress.it\/wp-content\/uploads\/2021\/01\/Luca-De-Carlo_edited-100x70.jpg 100w\" sizes=\"auto, (max-width: 473px) 100vw, 473px\" \/><figcaption id=\"caption-attachment-120581\" class=\"wp-caption-text\">Luca De Carlo, senatore<\/figcaption><\/figure>\n<p>I Comuni di Calalzo di Cadore e di Vigo di Cadore siglano una convenzione con l&#8217;asilo nido di Lozzo di Cadore per sostenere la struttura e garantire il servizio alle famiglie del territorio: nella giornata di ieri, infatti, la giunta di Vigo guidata dal Sindaco Silvia Calligaro ha approvato la delibera che d\u00e0 il via libera convenzione con la struttura di Lozzo, cos\u00ec come fatto da Calalzo, il cui primo cittadino Luca De Carlo aveva da tempo sottolineato l&#8217;importanza del servizio per l&#8217;intero Centro Cadore.<\/p>\n<p>Lo scorso agosto era infatti arrivata la conferma del finanziamento ai comuni per &#8220;incrementare il numero di posti nei servizi educativi per l&#8217;infanzia per il raggiungimento del livello minimo essenziale delle prestazioni&#8221;: un contributo da 120 milioni di euro complessivi a livello nazionale per il 2022, che per i comuni dell&#8217;Unione Montana Centro Cadore ha significato un trasferimento di 7673,12 euro ciascuno.<\/p>\n<p>Come anticipato, l&#8217;idea di unire i comuni del Centro Cadore a supporto del nido lozzese era stata lanciata gi\u00e0 in estate dal sindaco di Calalzo di Cadore e senatore di Fratelli d&#8217;Italia Luca De Carlo, che in questi mesi ha mantenuto la regia dell&#8217;iniziativa: &#8220;Ho sempre sostenuto che questo \u00e8 un servizio fondamentale e strategico per tutta la vallata&#8221;, sottolinea De Carlo. &#8220;La convenzione siglata dai comuni di Calalzo e di Vigo, e sono certo presto anche dagli altri enti del Centro Cadore, \u00e8 il segno di una grande unit\u00e0 del territorio, impegnato a garantire i servizi in montagna e ad aiutare le famiglie che ci vivono e che qui vogliono restare&#8221;.<\/p>\n<p>&#8220;Con questa convenzione&#8221; aggiunge Calligaro &#8220;destiniamo questi fondi direttamente all&#8217;asilo nido di Lozzo di Cadore, garantendo allo stesso tempo un posto in struttura per uno dei nostri bambini. Crediamo sia un importante aiuto alle famiglie, soprattutto per le mamme lavoratrici, che ci consente di sostenere un&#8217;attivit\u00e0 che \u00e8 strumento fondamentale anche per contrastare lo spopolamento della nostra montagna&#8221;.<\/p>","protected":false},"excerpt":{"rendered":"<p>I Comuni di Calalzo di Cadore e di Vigo di Cadore siglano una convenzione con l&#8217;asilo nido di Lozzo di Cadore per sostenere la struttura e garantire il servizio alle famiglie del territorio: nella giornata di ieri, infatti, la giunta di Vigo guidata dal Sindaco Silvia Calligaro ha approvato la delibera che d\u00e0 il via [&hellip;]<\/p>\n","protected":false},"author":2,"featured_media":120581,"comment_status":"closed","ping_status":"open","sticky":false,"template":"","format":"standard","meta":{"footnotes":""},"categories":[8],"tags":[],"class_list":["post-138065","post","type-post","status-publish","format-standard","has-post-thumbnail","category-societa-istituzioni"],"yoast_head":"<!-- This site is optimized with the Yoast SEO plugin v28.4 - https:\/\/yoast.com\/product\/yoast-seo-wordpress\/ -->\n<title>Convenzione di Calalzo e Vigo con l&#039;asilo nido di Lozzo. De Carlo: &quot;Segno di unit\u00e0 del territorio&quot;. Calligaro: &quot;Importante aiuto alle famiglie&quot; - Bellunopress - Dolomiti<\/title>\n<meta name=\"robots\" content=\"index, follow, max-snippet:-1, max-image-preview:large, max-video-preview:-1\" \/>\n<link rel=\"canonical\" href=\"https:\/\/www.bellunopress.it\/fr\/2022\/12\/01\/convenzione-di-calalzo-e-vigo-con-lasilo-nido-di-lozzo-de-carlo-segno-di-unita-del-territorio-calligaro-importante-aiuto-alle-famiglie\/\" \/>\n<meta property=\"og:locale\" content=\"fr_FR\" \/>\n<meta property=\"og:type\" content=\"article\" \/>\n<meta property=\"og:title\" content=\"Convenzione di Calalzo e Vigo con l&#039;asilo nido di Lozzo. De Carlo: &quot;Segno di unit\u00e0 del territorio&quot;. Calligaro: &quot;Importante aiuto alle famiglie&quot; - Bellunopress - Dolomiti\" \/>\n<meta property=\"og:description\" content=\"I Comuni di Calalzo di Cadore e di Vigo di Cadore siglano una convenzione con l&#8217;asilo nido di Lozzo di Cadore per sostenere la struttura e garantire il servizio alle famiglie del territorio: nella giornata di ieri, infatti, la giunta di Vigo guidata dal Sindaco Silvia Calligaro ha approvato la delibera che d\u00e0 il via [&hellip;]\" \/>\n<meta property=\"og:url\" content=\"https:\/\/www.bellunopress.it\/fr\/2022\/12\/01\/convenzione-di-calalzo-e-vigo-con-lasilo-nido-di-lozzo-de-carlo-segno-di-unita-del-territorio-calligaro-importante-aiuto-alle-famiglie\/\" \/>\n<meta property=\"og:site_name\" content=\"Bellunopress - Dolomiti\" \/>\n<meta property=\"article:publisher\" content=\"https:\/\/www.facebook.com\/profile.php?id=100008943462799\" \/>\n<meta property=\"article:published_time\" content=\"2022-12-01T14:29:11+00:00\" \/>\n<meta property=\"og:image\" content=\"https:\/\/www.bellunopress.it\/wp-content\/uploads\/2021\/01\/Luca-De-Carlo_edited.jpg\" \/>\n\t<meta property=\"og:image:width\" content=\"473\" \/>\n\t<meta property=\"og:image:height\" content=\"330\" \/>\n\t<meta property=\"og:image:type\" content=\"image\/jpeg\" \/>\n<meta name=\"author\" content=\"redazione\" \/>\n<meta name=\"twitter:card\" content=\"summary_large_image\" \/>\n<meta name=\"twitter:creator\" content=\"@bellunopress\" \/>\n<meta name=\"twitter:site\" content=\"@bellunopress\" \/>\n<meta name=\"twitter:label1\" content=\"\u00c9crit par\" \/>\n\t<meta name=\"twitter:data1\" content=\"redazione\" \/>\n\t<meta name=\"twitter:label2\" content=\"Dur\u00e9e de lecture estim\u00e9e\" \/>\n\t<meta name=\"twitter:data2\" content=\"2 minutes\" \/>\n<script type=\"application\/ld+json\" class=\"yoast-schema-graph\">{\"@context\":\"https:\\\/\\\/schema.org\",\"@graph\":[{\"@type\":\"Article\",\"@id\":\"https:\\\/\\\/www.bellunopress.it\\\/2022\\\/12\\\/01\\\/convenzione-di-calalzo-e-vigo-con-lasilo-nido-di-lozzo-de-carlo-segno-di-unita-del-territorio-calligaro-importante-aiuto-alle-famiglie\\\/#article\",\"isPartOf\":{\"@id\":\"https:\\\/\\\/www.bellunopress.it\\\/2022\\\/12\\\/01\\\/convenzione-di-calalzo-e-vigo-con-lasilo-nido-di-lozzo-de-carlo-segno-di-unita-del-territorio-calligaro-importante-aiuto-alle-famiglie\\\/\"},\"author\":{\"name\":\"redazione\",\"@id\":\"https:\\\/\\\/www.bellunopress.it\\\/#\\\/schema\\\/person\\\/79bb06722b37ece1c03d3e94beb30d73\"},\"headline\":\"Convenzione di Calalzo e Vigo con l&#8217;asilo nido di Lozzo. De Carlo: &#8220;Segno di unit\u00e0 del territorio&#8221;. Calligaro: &#8220;Importante aiuto alle famiglie&#8221;\",\"datePublished\":\"2022-12-01T14:29:11+00:00\",\"mainEntityOfPage\":{\"@id\":\"https:\\\/\\\/www.bellunopress.it\\\/2022\\\/12\\\/01\\\/convenzione-di-calalzo-e-vigo-con-lasilo-nido-di-lozzo-de-carlo-segno-di-unita-del-territorio-calligaro-importante-aiuto-alle-famiglie\\\/\"},\"wordCount\":355,\"publisher\":{\"@id\":\"https:\\\/\\\/www.bellunopress.it\\\/#organization\"},\"image\":{\"@id\":\"https:\\\/\\\/www.bellunopress.it\\\/2022\\\/12\\\/01\\\/convenzione-di-calalzo-e-vigo-con-lasilo-nido-di-lozzo-de-carlo-segno-di-unita-del-territorio-calligaro-importante-aiuto-alle-famiglie\\\/#primaryimage\"},\"thumbnailUrl\":\"https:\\\/\\\/www.bellunopress.it\\\/wp-content\\\/uploads\\\/2021\\\/01\\\/Luca-De-Carlo_edited.jpg\",\"articleSection\":[\"Societ\u00e0, Associazioni, Istituzioni\"],\"inLanguage\":\"fr-FR\"},{\"@type\":\"WebPage\",\"@id\":\"https:\\\/\\\/www.bellunopress.it\\\/2022\\\/12\\\/01\\\/convenzione-di-calalzo-e-vigo-con-lasilo-nido-di-lozzo-de-carlo-segno-di-unita-del-territorio-calligaro-importante-aiuto-alle-famiglie\\\/\",\"url\":\"https:\\\/\\\/www.bellunopress.it\\\/2022\\\/12\\\/01\\\/convenzione-di-calalzo-e-vigo-con-lasilo-nido-di-lozzo-de-carlo-segno-di-unita-del-territorio-calligaro-importante-aiuto-alle-famiglie\\\/\",\"name\":\"Convenzione di Calalzo e Vigo con l'asilo nido di Lozzo. De Carlo: \\\"Segno di unit\u00e0 del territorio\\\". Calligaro: \\\"Importante aiuto alle famiglie\\\" - Bellunopress - Dolomiti\",\"isPartOf\":{\"@id\":\"https:\\\/\\\/www.bellunopress.it\\\/#website\"},\"primaryImageOfPage\":{\"@id\":\"https:\\\/\\\/www.bellunopress.it\\\/2022\\\/12\\\/01\\\/convenzione-di-calalzo-e-vigo-con-lasilo-nido-di-lozzo-de-carlo-segno-di-unita-del-territorio-calligaro-importante-aiuto-alle-famiglie\\\/#primaryimage\"},\"image\":{\"@id\":\"https:\\\/\\\/www.bellunopress.it\\\/2022\\\/12\\\/01\\\/convenzione-di-calalzo-e-vigo-con-lasilo-nido-di-lozzo-de-carlo-segno-di-unita-del-territorio-calligaro-importante-aiuto-alle-famiglie\\\/#primaryimage\"},\"thumbnailUrl\":\"https:\\\/\\\/www.bellunopress.it\\\/wp-content\\\/uploads\\\/2021\\\/01\\\/Luca-De-Carlo_edited.jpg\",\"datePublished\":\"2022-12-01T14:29:11+00:00\",\"breadcrumb\":{\"@id\":\"https:\\\/\\\/www.bellunopress.it\\\/2022\\\/12\\\/01\\\/convenzione-di-calalzo-e-vigo-con-lasilo-nido-di-lozzo-de-carlo-segno-di-unita-del-territorio-calligaro-importante-aiuto-alle-famiglie\\\/#breadcrumb\"},\"inLanguage\":\"fr-FR\",\"potentialAction\":[{\"@type\":\"ReadAction\",\"target\":[\"https:\\\/\\\/www.bellunopress.it\\\/2022\\\/12\\\/01\\\/convenzione-di-calalzo-e-vigo-con-lasilo-nido-di-lozzo-de-carlo-segno-di-unita-del-territorio-calligaro-importante-aiuto-alle-famiglie\\\/\"]}]},{\"@type\":\"ImageObject\",\"inLanguage\":\"fr-FR\",\"@id\":\"https:\\\/\\\/www.bellunopress.it\\\/2022\\\/12\\\/01\\\/convenzione-di-calalzo-e-vigo-con-lasilo-nido-di-lozzo-de-carlo-segno-di-unita-del-territorio-calligaro-importante-aiuto-alle-famiglie\\\/#primaryimage\",\"url\":\"https:\\\/\\\/www.bellunopress.it\\\/wp-content\\\/uploads\\\/2021\\\/01\\\/Luca-De-Carlo_edited.jpg\",\"contentUrl\":\"https:\\\/\\\/www.bellunopress.it\\\/wp-content\\\/uploads\\\/2021\\\/01\\\/Luca-De-Carlo_edited.jpg\",\"width\":473,\"height\":330,\"caption\":\"Luca De Carlo, senatore\"},{\"@type\":\"BreadcrumbList\",\"@id\":\"https:\\\/\\\/www.bellunopress.it\\\/2022\\\/12\\\/01\\\/convenzione-di-calalzo-e-vigo-con-lasilo-nido-di-lozzo-de-carlo-segno-di-unita-del-territorio-calligaro-importante-aiuto-alle-famiglie\\\/#breadcrumb\",\"itemListElement\":[{\"@type\":\"ListItem\",\"position\":1,\"name\":\"Home\",\"item\":\"https:\\\/\\\/www.bellunopress.it\\\/\"},{\"@type\":\"ListItem\",\"position\":2,\"name\":\"Convenzione di Calalzo e Vigo con l&#8217;asilo nido di Lozzo. De Carlo: &#8220;Segno di unit\u00e0 del territorio&#8221;. Calligaro: &#8220;Importante aiuto alle famiglie&#8221;\"}]},{\"@type\":\"WebSite\",\"@id\":\"https:\\\/\\\/www.bellunopress.it\\\/#website\",\"url\":\"https:\\\/\\\/www.bellunopress.it\\\/\",\"name\":\"Bellunopress - Dolomiti\",\"description\":\"e-mail: redazione@bellunopress.it\",\"publisher\":{\"@id\":\"https:\\\/\\\/www.bellunopress.it\\\/#organization\"},\"potentialAction\":[{\"@type\":\"SearchAction\",\"target\":{\"@type\":\"EntryPoint\",\"urlTemplate\":\"https:\\\/\\\/www.bellunopress.it\\\/?s={search_term_string}\"},\"query-input\":{\"@type\":\"PropertyValueSpecification\",\"valueRequired\":true,\"valueName\":\"search_term_string\"}}],\"inLanguage\":\"fr-FR\"},{\"@type\":\"Organization\",\"@id\":\"https:\\\/\\\/www.bellunopress.it\\\/#organization\",\"name\":\"Bellunopress\",\"url\":\"https:\\\/\\\/www.bellunopress.it\\\/\",\"logo\":{\"@type\":\"ImageObject\",\"inLanguage\":\"fr-FR\",\"@id\":\"https:\\\/\\\/www.bellunopress.it\\\/#\\\/schema\\\/logo\\\/image\\\/\",\"url\":\"https:\\\/\\\/www.bellunopress.it\\\/wp-content\\\/uploads\\\/2011\\\/05\\\/cropped-logo-bellunopress-.jpg\",\"contentUrl\":\"https:\\\/\\\/www.bellunopress.it\\\/wp-content\\\/uploads\\\/2011\\\/05\\\/cropped-logo-bellunopress-.jpg\",\"width\":512,\"height\":512,\"caption\":\"Bellunopress\"},\"image\":{\"@id\":\"https:\\\/\\\/www.bellunopress.it\\\/#\\\/schema\\\/logo\\\/image\\\/\"},\"sameAs\":[\"https:\\\/\\\/www.facebook.com\\\/profile.php?id=100008943462799\",\"https:\\\/\\\/x.com\\\/bellunopress\",\"https:\\\/\\\/www.linkedin.com\\\/hp\\\/?dnr=JBzUWaJfMUw8vbXJJ2tVW5-I3jZKvC4wsoxE&amp;amp;amp;amp;amp;amp;trk=nav_responsive_tab_home\",\"https:\\\/\\\/www.youtube.com\\\/channel\\\/UCxL0wu1uN0_3_7hGG0306cw\"]},{\"@type\":\"Person\",\"@id\":\"https:\\\/\\\/www.bellunopress.it\\\/#\\\/schema\\\/person\\\/79bb06722b37ece1c03d3e94beb30d73\",\"name\":\"redazione\",\"image\":{\"@type\":\"ImageObject\",\"inLanguage\":\"fr-FR\",\"@id\":\"https:\\\/\\\/secure.gravatar.com\\\/avatar\\\/37d968a2e67a6fd04c169c4bdef102d0bc5d31b2546345219e348575eb80e9a0?s=96&d=mm&r=g\",\"url\":\"https:\\\/\\\/secure.gravatar.com\\\/avatar\\\/37d968a2e67a6fd04c169c4bdef102d0bc5d31b2546345219e348575eb80e9a0?s=96&d=mm&r=g\",\"contentUrl\":\"https:\\\/\\\/secure.gravatar.com\\\/avatar\\\/37d968a2e67a6fd04c169c4bdef102d0bc5d31b2546345219e348575eb80e9a0?s=96&d=mm&r=g\",\"caption\":\"redazione\"},\"sameAs\":[\"http:\\\/\\\/www.bellunopress.it\",\"https:\\\/\\\/x.com\\\/bellunopress\"],\"url\":\"https:\\\/\\\/www.bellunopress.it\\\/fr\\\/author\\\/redazione\\\/\"}]}<\/script>\n<!-- \/ Yoast SEO plugin. -->","yoast_head_json":{"title":"Convenzione di Calalzo e Vigo con l'asilo nido di Lozzo. De Carlo: \"Segno di unit\u00e0 del territorio\". Calligaro: \"Importante aiuto alle famiglie\" - Bellunopress - Dolomiti","robots":{"index":"index","follow":"follow","max-snippet":"max-snippet:-1","max-image-preview":"max-image-preview:large","max-video-preview":"max-video-preview:-1"},"canonical":"https:\/\/www.bellunopress.it\/fr\/2022\/12\/01\/convenzione-di-calalzo-e-vigo-con-lasilo-nido-di-lozzo-de-carlo-segno-di-unita-del-territorio-calligaro-importante-aiuto-alle-famiglie\/","og_locale":"fr_FR","og_type":"article","og_title":"Convenzione di Calalzo e Vigo con l'asilo nido di Lozzo. De Carlo: \"Segno di unit\u00e0 del territorio\". Calligaro: \"Importante aiuto alle famiglie\" - Bellunopress - Dolomiti","og_description":"I Comuni di Calalzo di Cadore e di Vigo di Cadore siglano una convenzione con l&#8217;asilo nido di Lozzo di Cadore per sostenere la struttura e garantire il servizio alle famiglie del territorio: nella giornata di ieri, infatti, la giunta di Vigo guidata dal Sindaco Silvia Calligaro ha approvato la delibera che d\u00e0 il via [&hellip;]","og_url":"https:\/\/www.bellunopress.it\/fr\/2022\/12\/01\/convenzione-di-calalzo-e-vigo-con-lasilo-nido-di-lozzo-de-carlo-segno-di-unita-del-territorio-calligaro-importante-aiuto-alle-famiglie\/","og_site_name":"Bellunopress - Dolomiti","article_publisher":"https:\/\/www.facebook.com\/profile.php?id=100008943462799","article_published_time":"2022-12-01T14:29:11+00:00","og_image":[{"width":473,"height":330,"url":"https:\/\/www.bellunopress.it\/wp-content\/uploads\/2021\/01\/Luca-De-Carlo_edited.jpg","type":"image\/jpeg"}],"author":"redazione","twitter_card":"summary_large_image","twitter_creator":"@bellunopress","twitter_site":"@bellunopress","twitter_misc":{"\u00c9crit par":"redazione","Dur\u00e9e de lecture estim\u00e9e":"2 minutes"},"schema":{"@context":"https:\/\/schema.org","@graph":[{"@type":"Article","@id":"https:\/\/www.bellunopress.it\/2022\/12\/01\/convenzione-di-calalzo-e-vigo-con-lasilo-nido-di-lozzo-de-carlo-segno-di-unita-del-territorio-calligaro-importante-aiuto-alle-famiglie\/#article","isPartOf":{"@id":"https:\/\/www.bellunopress.it\/2022\/12\/01\/convenzione-di-calalzo-e-vigo-con-lasilo-nido-di-lozzo-de-carlo-segno-di-unita-del-territorio-calligaro-importante-aiuto-alle-famiglie\/"},"author":{"name":"redazione","@id":"https:\/\/www.bellunopress.it\/#\/schema\/person\/79bb06722b37ece1c03d3e94beb30d73"},"headline":"Convenzione di Calalzo e Vigo con l&#8217;asilo nido di Lozzo. De Carlo: &#8220;Segno di unit\u00e0 del territorio&#8221;. Calligaro: &#8220;Importante aiuto alle famiglie&#8221;","datePublished":"2022-12-01T14:29:11+00:00","mainEntityOfPage":{"@id":"https:\/\/www.bellunopress.it\/2022\/12\/01\/convenzione-di-calalzo-e-vigo-con-lasilo-nido-di-lozzo-de-carlo-segno-di-unita-del-territorio-calligaro-importante-aiuto-alle-famiglie\/"},"wordCount":355,"publisher":{"@id":"https:\/\/www.bellunopress.it\/#organization"},"image":{"@id":"https:\/\/www.bellunopress.it\/2022\/12\/01\/convenzione-di-calalzo-e-vigo-con-lasilo-nido-di-lozzo-de-carlo-segno-di-unita-del-territorio-calligaro-importante-aiuto-alle-famiglie\/#primaryimage"},"thumbnailUrl":"https:\/\/www.bellunopress.it\/wp-content\/uploads\/2021\/01\/Luca-De-Carlo_edited.jpg","articleSection":["Societ\u00e0, Associazioni, Istituzioni"],"inLanguage":"fr-FR"},{"@type":"WebPage","@id":"https:\/\/www.bellunopress.it\/2022\/12\/01\/convenzione-di-calalzo-e-vigo-con-lasilo-nido-di-lozzo-de-carlo-segno-di-unita-del-territorio-calligaro-importante-aiuto-alle-famiglie\/","url":"https:\/\/www.bellunopress.it\/2022\/12\/01\/convenzione-di-calalzo-e-vigo-con-lasilo-nido-di-lozzo-de-carlo-segno-di-unita-del-territorio-calligaro-importante-aiuto-alle-famiglie\/","name":"Convenzione di Calalzo e Vigo con l'asilo nido di Lozzo. De Carlo: \"Segno di unit\u00e0 del territorio\". Calligaro: \"Importante aiuto alle famiglie\" - Bellunopress - Dolomiti","isPartOf":{"@id":"https:\/\/www.bellunopress.it\/#website"},"primaryImageOfPage":{"@id":"https:\/\/www.bellunopress.it\/2022\/12\/01\/convenzione-di-calalzo-e-vigo-con-lasilo-nido-di-lozzo-de-carlo-segno-di-unita-del-territorio-calligaro-importante-aiuto-alle-famiglie\/#primaryimage"},"image":{"@id":"https:\/\/www.bellunopress.it\/2022\/12\/01\/convenzione-di-calalzo-e-vigo-con-lasilo-nido-di-lozzo-de-carlo-segno-di-unita-del-territorio-calligaro-importante-aiuto-alle-famiglie\/#primaryimage"},"thumbnailUrl":"https:\/\/www.bellunopress.it\/wp-content\/uploads\/2021\/01\/Luca-De-Carlo_edited.jpg","datePublished":"2022-12-01T14:29:11+00:00","breadcrumb":{"@id":"https:\/\/www.bellunopress.it\/2022\/12\/01\/convenzione-di-calalzo-e-vigo-con-lasilo-nido-di-lozzo-de-carlo-segno-di-unita-del-territorio-calligaro-importante-aiuto-alle-famiglie\/#breadcrumb"},"inLanguage":"fr-FR","potentialAction":[{"@type":"ReadAction","target":["https:\/\/www.bellunopress.it\/2022\/12\/01\/convenzione-di-calalzo-e-vigo-con-lasilo-nido-di-lozzo-de-carlo-segno-di-unita-del-territorio-calligaro-importante-aiuto-alle-famiglie\/"]}]},{"@type":"ImageObject","inLanguage":"fr-FR","@id":"https:\/\/www.bellunopress.it\/2022\/12\/01\/convenzione-di-calalzo-e-vigo-con-lasilo-nido-di-lozzo-de-carlo-segno-di-unita-del-territorio-calligaro-importante-aiuto-alle-famiglie\/#primaryimage","url":"https:\/\/www.bellunopress.it\/wp-content\/uploads\/2021\/01\/Luca-De-Carlo_edited.jpg","contentUrl":"https:\/\/www.bellunopress.it\/wp-content\/uploads\/2021\/01\/Luca-De-Carlo_edited.jpg","width":473,"height":330,"caption":"Luca De Carlo, senatore"},{"@type":"BreadcrumbList","@id":"https:\/\/www.bellunopress.it\/2022\/12\/01\/convenzione-di-calalzo-e-vigo-con-lasilo-nido-di-lozzo-de-carlo-segno-di-unita-del-territorio-calligaro-importante-aiuto-alle-famiglie\/#breadcrumb","itemListElement":[{"@type":"ListItem","position":1,"name":"Home","item":"https:\/\/www.bellunopress.it\/"},{"@type":"ListItem","position":2,"name":"Convenzione di Calalzo e Vigo con l&#8217;asilo nido di Lozzo. De Carlo: &#8220;Segno di unit\u00e0 del territorio&#8221;. Calligaro: &#8220;Importante aiuto alle famiglie&#8221;"}]},{"@type":"WebSite","@id":"https:\/\/www.bellunopress.it\/#website","url":"https:\/\/www.bellunopress.it\/","name":"Bellunopress - Dolomiti","description":"e-mail: redazione@bellunopress.it","publisher":{"@id":"https:\/\/www.bellunopress.it\/#organization"},"potentialAction":[{"@type":"SearchAction","target":{"@type":"EntryPoint","urlTemplate":"https:\/\/www.bellunopress.it\/?s={search_term_string}"},"query-input":{"@type":"PropertyValueSpecification","valueRequired":true,"valueName":"search_term_string"}}],"inLanguage":"fr-FR"},{"@type":"Organization","@id":"https:\/\/www.bellunopress.it\/#organization","name":"Bellunopress","url":"https:\/\/www.bellunopress.it\/","logo":{"@type":"ImageObject","inLanguage":"fr-FR","@id":"https:\/\/www.bellunopress.it\/#\/schema\/logo\/image\/","url":"https:\/\/www.bellunopress.it\/wp-content\/uploads\/2011\/05\/cropped-logo-bellunopress-.jpg","contentUrl":"https:\/\/www.bellunopress.it\/wp-content\/uploads\/2011\/05\/cropped-logo-bellunopress-.jpg","width":512,"height":512,"caption":"Bellunopress"},"image":{"@id":"https:\/\/www.bellunopress.it\/#\/schema\/logo\/image\/"},"sameAs":["https:\/\/www.facebook.com\/profile.php?id=100008943462799","https:\/\/x.com\/bellunopress","https:\/\/www.linkedin.com\/hp\/?dnr=JBzUWaJfMUw8vbXJJ2tVW5-I3jZKvC4wsoxE&amp;amp;amp;amp;amp;amp;trk=nav_responsive_tab_home","https:\/\/www.youtube.com\/channel\/UCxL0wu1uN0_3_7hGG0306cw"]},{"@type":"Person","@id":"https:\/\/www.bellunopress.it\/#\/schema\/person\/79bb06722b37ece1c03d3e94beb30d73","name":"r\u00e9daction","image":{"@type":"ImageObject","inLanguage":"fr-FR","@id":"https:\/\/secure.gravatar.com\/avatar\/37d968a2e67a6fd04c169c4bdef102d0bc5d31b2546345219e348575eb80e9a0?s=96&d=mm&r=g","url":"https:\/\/secure.gravatar.com\/avatar\/37d968a2e67a6fd04c169c4bdef102d0bc5d31b2546345219e348575eb80e9a0?s=96&d=mm&r=g","contentUrl":"https:\/\/secure.gravatar.com\/avatar\/37d968a2e67a6fd04c169c4bdef102d0bc5d31b2546345219e348575eb80e9a0?s=96&d=mm&r=g","caption":"redazione"},"sameAs":["http:\/\/www.bellunopress.it","https:\/\/x.com\/bellunopress"],"url":"https:\/\/www.bellunopress.it\/fr\/author\/redazione\/"}]}},"_links":{"self":[{"href":"https:\/\/www.bellunopress.it\/fr\/wp-json\/wp\/v2\/posts\/138065","targetHints":{"allow":["GET"]}}],"collection":[{"href":"https:\/\/www.bellunopress.it\/fr\/wp-json\/wp\/v2\/posts"}],"about":[{"href":"https:\/\/www.bellunopress.it\/fr\/wp-json\/wp\/v2\/types\/post"}],"author":[{"embeddable":true,"href":"https:\/\/www.bellunopress.it\/fr\/wp-json\/wp\/v2\/users\/2"}],"replies":[{"embeddable":true,"href":"https:\/\/www.bellunopress.it\/fr\/wp-json\/wp\/v2\/comments?post=138065"}],"version-history":[{"count":1,"href":"https:\/\/www.bellunopress.it\/fr\/wp-json\/wp\/v2\/posts\/138065\/revisions"}],"predecessor-version":[{"id":138066,"href":"https:\/\/www.bellunopress.it\/fr\/wp-json\/wp\/v2\/posts\/138065\/revisions\/138066"}],"wp:featuredmedia":[{"embeddable":true,"href":"https:\/\/www.bellunopress.it\/fr\/wp-json\/wp\/v2\/media\/120581"}],"wp:attachment":[{"href":"https:\/\/www.bellunopress.it\/fr\/wp-json\/wp\/v2\/media?parent=138065"}],"wp:term":[{"taxonomy":"category","embeddable":true,"href":"https:\/\/www.bellunopress.it\/fr\/wp-json\/wp\/v2\/categories?post=138065"},{"taxonomy":"post_tag","embeddable":true,"href":"https:\/\/www.bellunopress.it\/fr\/wp-json\/wp\/v2\/tags?post=138065"}],"curies":[{"name":"wp","href":"https:\/\/api.w.org\/{rel}","templated":true}]}}