{"id":138062,"date":"2022-12-01T15:14:29","date_gmt":"2022-12-01T14:14:29","guid":{"rendered":"https:\/\/www.bellunopress.it\/?p=138062"},"modified":"2022-12-01T15:18:54","modified_gmt":"2022-12-01T14:18:54","slug":"apre-belluno-miraggi-viii-festeggiando-i-10-anni-di-slowmachine","status":"publish","type":"post","link":"https:\/\/www.bellunopress.it\/fr\/2022\/12\/01\/apre-belluno-miraggi-viii-festeggiando-i-10-anni-di-slowmachine\/","title":{"rendered":"Apre Belluno Miraggi VIII festeggiando i 10 anni di SlowMachine"},"content":{"rendered":"<figure id=\"attachment_119366\" aria-describedby=\"caption-attachment-119366\" style=\"width: 800px\" class=\"wp-caption alignleft\"><img loading=\"lazy\" decoding=\"async\" class=\"size-full wp-image-119366\" src=\"https:\/\/www.bellunopress.it\/wp-content\/uploads\/2020\/11\/Rajeev-Badhan-e-Elena-Strada_edited.jpg\" alt=\"\" width=\"800\" height=\"533\" srcset=\"https:\/\/www.bellunopress.it\/wp-content\/uploads\/2020\/11\/Rajeev-Badhan-e-Elena-Strada_edited.jpg 800w, https:\/\/www.bellunopress.it\/wp-content\/uploads\/2020\/11\/Rajeev-Badhan-e-Elena-Strada_edited-500x333.jpg 500w, https:\/\/www.bellunopress.it\/wp-content\/uploads\/2020\/11\/Rajeev-Badhan-e-Elena-Strada_edited-696x464.jpg 696w, https:\/\/www.bellunopress.it\/wp-content\/uploads\/2020\/11\/Rajeev-Badhan-e-Elena-Strada_edited-630x420.jpg 630w\" sizes=\"auto, (max-width: 800px) 100vw, 800px\" \/><figcaption id=\"caption-attachment-119366\" class=\"wp-caption-text\">Elena Strada e Rajeev Badhan<\/figcaption><\/figure>\n<p>Inizia con la performance \u201cVideoDran\u201d l\u2019VIII edizione di Belluno Miraggi.<br \/>\nIn occasione del decennale di SlowMachine, la compagnia ha in programma, nel corso della stagione Belluno Miraggi 22\/23 da lei organizzata, due eventi che ripercorrono il<br \/>\ncammino svolto, mettendo insieme punti particolarmente significativi della sua progettualit\u00e0 e ricerca artistica. Il primo evento a dicembre, la performance multimediale<br \/>\n\u201cVideoDran\u201d e a chiusura della stagione il riallestimento dello spettacolo \u201cNotti\u201d nella<br \/>\nsua nuova versione.<\/p>\n<p>VideoDran \u00e8 il progetto d\u2019esordio di SlowMachine del 2012, che in questa occasione<br \/>\nspeciale verr\u00e0 riallestito, rielaborandone la struttura e pensandone una possibile<br \/>\nevoluzione.<br \/>\nLa performance audiovisiva rimarr\u00e0 allestite tutto il mese di dicembre dall\u20191 al 31 \u2013 esclusi<br \/>\ni giorni 4, 8, 18, 25 e il 26 dicembre \u2013 e sar\u00e0 fruibile da piccoli gruppi di persone,<br \/>\nmassimo 8, alle ore 18:30 presso lo Studio SlowMachine in Via del Piave 4.<br \/>\nIl progetto originale, una parabola visiva sulla solitudine moderna e sulla modernit\u00e0 della<br \/>\nsolitudine con la regia di Rajeev Badhan, dove veniva indagato il rapporto tra uomo e<br \/>\nmultimedialit\u00e0, e l\u2019educazione mediata delle generazioni future, vedeva protagonista del<br \/>\ndramma una famiglia tipo: due genitori, un bambino e una televisione. Il figlio per\u00f2 era in<br \/>\ncarne ed ossa, mentre i genitori, all\u2019interno di due televisori \u2013 in video gli attori Elena<br \/>\nStrada ed Eliseo Cannone, oltre allo stesso Badhan &#8211; in una dimensione familiare mediata,<br \/>\ndove il contatto umano diveniva impossibile.<\/p>\n<p>L\u2019opera VideoDran nasceva con l\u2019intento di mettere in relazione linguaggi artistici simili<br \/>\nnella loro forma espressiva, ma essenzialmente diversi nella loro forma riproduttiva, il<br \/>\nvideo e il teatro. Nel pensare a questi due linguaggi, nel porli in relazione tra essi, si<br \/>\nassisteva ad una paradossale comunicazione tra ci\u00f2 che \u00e8 nel video, perenne e fisso, e la<br \/>\nsua parte in divenire mutevole e fragile sulla scena.<br \/>\nRacconta il regista Rajeev Badhan \u201cNegli ultimi 10 anni, con l\u2019affermarsi del mondo<br \/>\nvirtuale e il diffondersi delle tecnologie sempre pi\u00f9 a portata di mano, il livello di<br \/>\nmediazione nei rapporti interpersonali \u00e8 cresciuto enormemente. Rielaborando il<br \/>\ncontrasto, tra ci\u00f2 che \u00e8 fragile e mutevole e ci\u00f2 che \u00e8 fisso e riproducibile, dopo dieci<br \/>\nanni dal debutto della performance, l\u2019elemento umano si fa sempre pi\u00f9 labile, tende<br \/>\nscomparire. Alla luce di questo, nella riproposizione del lavoro oggi in versione<br \/>\ninstallazione\/performace la presenza umana ha ceduto il posto all\u2019assenza. Una sedia<br \/>\nvuota \u00e8 quello che resta della figura del figlio, reso inaccessibile, invisibile.\u201d<\/p>\n<p>L\u2019ingresso \u00e8 su prenotazione scrivendo a biglietteria@slowmachine.org o telefonando al<br \/>\n328 9252116.<br \/>\nCosto del biglietto 4 \u20ac &#8211; Ingresso gratuito per i possessori dell\u2019abbonamento Belluno<br \/>\nMiraggi 22\/23.<br \/>\nRicordiamo che la campagna abbonamenti prosegue fino all\u201911 dicembre e che \u00e8 attiva la<br \/>\nbiglietteria online. Tutte le info sul sito www.slowmachine.org<\/p>","protected":false},"excerpt":{"rendered":"<p>Inizia con la performance \u201cVideoDran\u201d l\u2019VIII edizione di Belluno Miraggi. In occasione del decennale di SlowMachine, la compagnia ha in programma, nel corso della stagione Belluno Miraggi 22\/23 da lei organizzata, due eventi che ripercorrono il cammino svolto, mettendo insieme punti particolarmente significativi della sua progettualit\u00e0 e ricerca artistica. Il primo evento a dicembre, la [&hellip;]<\/p>\n","protected":false},"author":2,"featured_media":119366,"comment_status":"closed","ping_status":"open","sticky":false,"template":"","format":"standard","meta":{"footnotes":""},"categories":[27,3,25],"tags":[],"class_list":["post-138062","post","type-post","status-publish","format-standard","has-post-thumbnail","category-appuntamenti","category-arte-cultura-spettacoli-scienza-archivi","category-pausa-caffe"],"yoast_head":"<!-- This site is optimized with the Yoast SEO plugin v28.4 - https:\/\/yoast.com\/product\/yoast-seo-wordpress\/ -->\n<title>Apre Belluno Miraggi VIII festeggiando i 10 anni di SlowMachine - Bellunopress - Dolomiti<\/title>\n<meta name=\"robots\" content=\"index, follow, max-snippet:-1, max-image-preview:large, max-video-preview:-1\" \/>\n<link rel=\"canonical\" href=\"https:\/\/www.bellunopress.it\/fr\/2022\/12\/01\/apre-belluno-miraggi-viii-festeggiando-i-10-anni-di-slowmachine\/\" \/>\n<meta property=\"og:locale\" content=\"fr_FR\" \/>\n<meta property=\"og:type\" content=\"article\" \/>\n<meta property=\"og:title\" content=\"Apre Belluno Miraggi VIII festeggiando i 10 anni di SlowMachine - Bellunopress - Dolomiti\" \/>\n<meta property=\"og:description\" content=\"Inizia con la performance \u201cVideoDran\u201d l\u2019VIII edizione di Belluno Miraggi. In occasione del decennale di SlowMachine, la compagnia ha in programma, nel corso della stagione Belluno Miraggi 22\/23 da lei organizzata, due eventi che ripercorrono il cammino svolto, mettendo insieme punti particolarmente significativi della sua progettualit\u00e0 e ricerca artistica. Il primo evento a dicembre, la [&hellip;]\" \/>\n<meta property=\"og:url\" content=\"https:\/\/www.bellunopress.it\/fr\/2022\/12\/01\/apre-belluno-miraggi-viii-festeggiando-i-10-anni-di-slowmachine\/\" \/>\n<meta property=\"og:site_name\" content=\"Bellunopress - Dolomiti\" \/>\n<meta property=\"article:publisher\" content=\"https:\/\/www.facebook.com\/profile.php?id=100008943462799\" \/>\n<meta property=\"article:published_time\" content=\"2022-12-01T14:14:29+00:00\" \/>\n<meta property=\"article:modified_time\" content=\"2022-12-01T14:18:54+00:00\" \/>\n<meta property=\"og:image\" content=\"https:\/\/www.bellunopress.it\/wp-content\/uploads\/2020\/11\/Rajeev-Badhan-e-Elena-Strada_edited.jpg\" \/>\n\t<meta property=\"og:image:width\" content=\"800\" \/>\n\t<meta property=\"og:image:height\" content=\"533\" \/>\n\t<meta property=\"og:image:type\" content=\"image\/jpeg\" \/>\n<meta name=\"author\" content=\"redazione\" \/>\n<meta name=\"twitter:card\" content=\"summary_large_image\" \/>\n<meta name=\"twitter:creator\" content=\"@bellunopress\" \/>\n<meta name=\"twitter:site\" content=\"@bellunopress\" \/>\n<meta name=\"twitter:label1\" content=\"\u00c9crit par\" \/>\n\t<meta name=\"twitter:data1\" content=\"redazione\" \/>\n\t<meta name=\"twitter:label2\" content=\"Dur\u00e9e de lecture estim\u00e9e\" \/>\n\t<meta name=\"twitter:data2\" content=\"3 minutes\" \/>\n<script type=\"application\/ld+json\" class=\"yoast-schema-graph\">{\"@context\":\"https:\\\/\\\/schema.org\",\"@graph\":[{\"@type\":\"Article\",\"@id\":\"https:\\\/\\\/www.bellunopress.it\\\/2022\\\/12\\\/01\\\/apre-belluno-miraggi-viii-festeggiando-i-10-anni-di-slowmachine\\\/#article\",\"isPartOf\":{\"@id\":\"https:\\\/\\\/www.bellunopress.it\\\/2022\\\/12\\\/01\\\/apre-belluno-miraggi-viii-festeggiando-i-10-anni-di-slowmachine\\\/\"},\"author\":{\"name\":\"redazione\",\"@id\":\"https:\\\/\\\/www.bellunopress.it\\\/#\\\/schema\\\/person\\\/79bb06722b37ece1c03d3e94beb30d73\"},\"headline\":\"Apre Belluno Miraggi VIII festeggiando i 10 anni di SlowMachine\",\"datePublished\":\"2022-12-01T14:14:29+00:00\",\"dateModified\":\"2022-12-01T14:18:54+00:00\",\"mainEntityOfPage\":{\"@id\":\"https:\\\/\\\/www.bellunopress.it\\\/2022\\\/12\\\/01\\\/apre-belluno-miraggi-viii-festeggiando-i-10-anni-di-slowmachine\\\/\"},\"wordCount\":460,\"publisher\":{\"@id\":\"https:\\\/\\\/www.bellunopress.it\\\/#organization\"},\"image\":{\"@id\":\"https:\\\/\\\/www.bellunopress.it\\\/2022\\\/12\\\/01\\\/apre-belluno-miraggi-viii-festeggiando-i-10-anni-di-slowmachine\\\/#primaryimage\"},\"thumbnailUrl\":\"https:\\\/\\\/www.bellunopress.it\\\/wp-content\\\/uploads\\\/2020\\\/11\\\/Rajeev-Badhan-e-Elena-Strada_edited.jpg\",\"articleSection\":[\"Appuntamenti, Eventi\",\"Arte, Cultura, Spettacoli, Scienza\",\"Pausa Caff\u00e8\"],\"inLanguage\":\"fr-FR\"},{\"@type\":\"WebPage\",\"@id\":\"https:\\\/\\\/www.bellunopress.it\\\/2022\\\/12\\\/01\\\/apre-belluno-miraggi-viii-festeggiando-i-10-anni-di-slowmachine\\\/\",\"url\":\"https:\\\/\\\/www.bellunopress.it\\\/2022\\\/12\\\/01\\\/apre-belluno-miraggi-viii-festeggiando-i-10-anni-di-slowmachine\\\/\",\"name\":\"Apre Belluno Miraggi VIII festeggiando i 10 anni di SlowMachine - Bellunopress - Dolomiti\",\"isPartOf\":{\"@id\":\"https:\\\/\\\/www.bellunopress.it\\\/#website\"},\"primaryImageOfPage\":{\"@id\":\"https:\\\/\\\/www.bellunopress.it\\\/2022\\\/12\\\/01\\\/apre-belluno-miraggi-viii-festeggiando-i-10-anni-di-slowmachine\\\/#primaryimage\"},\"image\":{\"@id\":\"https:\\\/\\\/www.bellunopress.it\\\/2022\\\/12\\\/01\\\/apre-belluno-miraggi-viii-festeggiando-i-10-anni-di-slowmachine\\\/#primaryimage\"},\"thumbnailUrl\":\"https:\\\/\\\/www.bellunopress.it\\\/wp-content\\\/uploads\\\/2020\\\/11\\\/Rajeev-Badhan-e-Elena-Strada_edited.jpg\",\"datePublished\":\"2022-12-01T14:14:29+00:00\",\"dateModified\":\"2022-12-01T14:18:54+00:00\",\"breadcrumb\":{\"@id\":\"https:\\\/\\\/www.bellunopress.it\\\/2022\\\/12\\\/01\\\/apre-belluno-miraggi-viii-festeggiando-i-10-anni-di-slowmachine\\\/#breadcrumb\"},\"inLanguage\":\"fr-FR\",\"potentialAction\":[{\"@type\":\"ReadAction\",\"target\":[\"https:\\\/\\\/www.bellunopress.it\\\/2022\\\/12\\\/01\\\/apre-belluno-miraggi-viii-festeggiando-i-10-anni-di-slowmachine\\\/\"]}]},{\"@type\":\"ImageObject\",\"inLanguage\":\"fr-FR\",\"@id\":\"https:\\\/\\\/www.bellunopress.it\\\/2022\\\/12\\\/01\\\/apre-belluno-miraggi-viii-festeggiando-i-10-anni-di-slowmachine\\\/#primaryimage\",\"url\":\"https:\\\/\\\/www.bellunopress.it\\\/wp-content\\\/uploads\\\/2020\\\/11\\\/Rajeev-Badhan-e-Elena-Strada_edited.jpg\",\"contentUrl\":\"https:\\\/\\\/www.bellunopress.it\\\/wp-content\\\/uploads\\\/2020\\\/11\\\/Rajeev-Badhan-e-Elena-Strada_edited.jpg\",\"width\":800,\"height\":533,\"caption\":\"Elena Strada e Rajeev Badhan\"},{\"@type\":\"BreadcrumbList\",\"@id\":\"https:\\\/\\\/www.bellunopress.it\\\/2022\\\/12\\\/01\\\/apre-belluno-miraggi-viii-festeggiando-i-10-anni-di-slowmachine\\\/#breadcrumb\",\"itemListElement\":[{\"@type\":\"ListItem\",\"position\":1,\"name\":\"Home\",\"item\":\"https:\\\/\\\/www.bellunopress.it\\\/\"},{\"@type\":\"ListItem\",\"position\":2,\"name\":\"Apre Belluno Miraggi VIII festeggiando i 10 anni di SlowMachine\"}]},{\"@type\":\"WebSite\",\"@id\":\"https:\\\/\\\/www.bellunopress.it\\\/#website\",\"url\":\"https:\\\/\\\/www.bellunopress.it\\\/\",\"name\":\"Bellunopress - Dolomiti\",\"description\":\"e-mail: redazione@bellunopress.it\",\"publisher\":{\"@id\":\"https:\\\/\\\/www.bellunopress.it\\\/#organization\"},\"potentialAction\":[{\"@type\":\"SearchAction\",\"target\":{\"@type\":\"EntryPoint\",\"urlTemplate\":\"https:\\\/\\\/www.bellunopress.it\\\/?s={search_term_string}\"},\"query-input\":{\"@type\":\"PropertyValueSpecification\",\"valueRequired\":true,\"valueName\":\"search_term_string\"}}],\"inLanguage\":\"fr-FR\"},{\"@type\":\"Organization\",\"@id\":\"https:\\\/\\\/www.bellunopress.it\\\/#organization\",\"name\":\"Bellunopress\",\"url\":\"https:\\\/\\\/www.bellunopress.it\\\/\",\"logo\":{\"@type\":\"ImageObject\",\"inLanguage\":\"fr-FR\",\"@id\":\"https:\\\/\\\/www.bellunopress.it\\\/#\\\/schema\\\/logo\\\/image\\\/\",\"url\":\"https:\\\/\\\/www.bellunopress.it\\\/wp-content\\\/uploads\\\/2011\\\/05\\\/cropped-logo-bellunopress-.jpg\",\"contentUrl\":\"https:\\\/\\\/www.bellunopress.it\\\/wp-content\\\/uploads\\\/2011\\\/05\\\/cropped-logo-bellunopress-.jpg\",\"width\":512,\"height\":512,\"caption\":\"Bellunopress\"},\"image\":{\"@id\":\"https:\\\/\\\/www.bellunopress.it\\\/#\\\/schema\\\/logo\\\/image\\\/\"},\"sameAs\":[\"https:\\\/\\\/www.facebook.com\\\/profile.php?id=100008943462799\",\"https:\\\/\\\/x.com\\\/bellunopress\",\"https:\\\/\\\/www.linkedin.com\\\/hp\\\/?dnr=JBzUWaJfMUw8vbXJJ2tVW5-I3jZKvC4wsoxE&amp;amp;amp;amp;amp;amp;trk=nav_responsive_tab_home\",\"https:\\\/\\\/www.youtube.com\\\/channel\\\/UCxL0wu1uN0_3_7hGG0306cw\"]},{\"@type\":\"Person\",\"@id\":\"https:\\\/\\\/www.bellunopress.it\\\/#\\\/schema\\\/person\\\/79bb06722b37ece1c03d3e94beb30d73\",\"name\":\"redazione\",\"image\":{\"@type\":\"ImageObject\",\"inLanguage\":\"fr-FR\",\"@id\":\"https:\\\/\\\/secure.gravatar.com\\\/avatar\\\/37d968a2e67a6fd04c169c4bdef102d0bc5d31b2546345219e348575eb80e9a0?s=96&d=mm&r=g\",\"url\":\"https:\\\/\\\/secure.gravatar.com\\\/avatar\\\/37d968a2e67a6fd04c169c4bdef102d0bc5d31b2546345219e348575eb80e9a0?s=96&d=mm&r=g\",\"contentUrl\":\"https:\\\/\\\/secure.gravatar.com\\\/avatar\\\/37d968a2e67a6fd04c169c4bdef102d0bc5d31b2546345219e348575eb80e9a0?s=96&d=mm&r=g\",\"caption\":\"redazione\"},\"sameAs\":[\"http:\\\/\\\/www.bellunopress.it\",\"https:\\\/\\\/x.com\\\/bellunopress\"],\"url\":\"https:\\\/\\\/www.bellunopress.it\\\/fr\\\/author\\\/redazione\\\/\"}]}<\/script>\n<!-- \/ Yoast SEO plugin. -->","yoast_head_json":{"title":"Apre Belluno Miraggi VIII festeggiando i 10 anni di SlowMachine - Bellunopress - Dolomiti","robots":{"index":"index","follow":"follow","max-snippet":"max-snippet:-1","max-image-preview":"max-image-preview:large","max-video-preview":"max-video-preview:-1"},"canonical":"https:\/\/www.bellunopress.it\/fr\/2022\/12\/01\/apre-belluno-miraggi-viii-festeggiando-i-10-anni-di-slowmachine\/","og_locale":"fr_FR","og_type":"article","og_title":"Apre Belluno Miraggi VIII festeggiando i 10 anni di SlowMachine - Bellunopress - Dolomiti","og_description":"Inizia con la performance \u201cVideoDran\u201d l\u2019VIII edizione di Belluno Miraggi. In occasione del decennale di SlowMachine, la compagnia ha in programma, nel corso della stagione Belluno Miraggi 22\/23 da lei organizzata, due eventi che ripercorrono il cammino svolto, mettendo insieme punti particolarmente significativi della sua progettualit\u00e0 e ricerca artistica. Il primo evento a dicembre, la [&hellip;]","og_url":"https:\/\/www.bellunopress.it\/fr\/2022\/12\/01\/apre-belluno-miraggi-viii-festeggiando-i-10-anni-di-slowmachine\/","og_site_name":"Bellunopress - Dolomiti","article_publisher":"https:\/\/www.facebook.com\/profile.php?id=100008943462799","article_published_time":"2022-12-01T14:14:29+00:00","article_modified_time":"2022-12-01T14:18:54+00:00","og_image":[{"width":800,"height":533,"url":"https:\/\/www.bellunopress.it\/wp-content\/uploads\/2020\/11\/Rajeev-Badhan-e-Elena-Strada_edited.jpg","type":"image\/jpeg"}],"author":"redazione","twitter_card":"summary_large_image","twitter_creator":"@bellunopress","twitter_site":"@bellunopress","twitter_misc":{"\u00c9crit par":"redazione","Dur\u00e9e de lecture estim\u00e9e":"3 minutes"},"schema":{"@context":"https:\/\/schema.org","@graph":[{"@type":"Article","@id":"https:\/\/www.bellunopress.it\/2022\/12\/01\/apre-belluno-miraggi-viii-festeggiando-i-10-anni-di-slowmachine\/#article","isPartOf":{"@id":"https:\/\/www.bellunopress.it\/2022\/12\/01\/apre-belluno-miraggi-viii-festeggiando-i-10-anni-di-slowmachine\/"},"author":{"name":"redazione","@id":"https:\/\/www.bellunopress.it\/#\/schema\/person\/79bb06722b37ece1c03d3e94beb30d73"},"headline":"Apre Belluno Miraggi VIII festeggiando i 10 anni di SlowMachine","datePublished":"2022-12-01T14:14:29+00:00","dateModified":"2022-12-01T14:18:54+00:00","mainEntityOfPage":{"@id":"https:\/\/www.bellunopress.it\/2022\/12\/01\/apre-belluno-miraggi-viii-festeggiando-i-10-anni-di-slowmachine\/"},"wordCount":460,"publisher":{"@id":"https:\/\/www.bellunopress.it\/#organization"},"image":{"@id":"https:\/\/www.bellunopress.it\/2022\/12\/01\/apre-belluno-miraggi-viii-festeggiando-i-10-anni-di-slowmachine\/#primaryimage"},"thumbnailUrl":"https:\/\/www.bellunopress.it\/wp-content\/uploads\/2020\/11\/Rajeev-Badhan-e-Elena-Strada_edited.jpg","articleSection":["Appuntamenti, Eventi","Arte, Cultura, Spettacoli, Scienza","Pausa Caff\u00e8"],"inLanguage":"fr-FR"},{"@type":"WebPage","@id":"https:\/\/www.bellunopress.it\/2022\/12\/01\/apre-belluno-miraggi-viii-festeggiando-i-10-anni-di-slowmachine\/","url":"https:\/\/www.bellunopress.it\/2022\/12\/01\/apre-belluno-miraggi-viii-festeggiando-i-10-anni-di-slowmachine\/","name":"Apre Belluno Miraggi VIII festeggiando i 10 anni di SlowMachine - Bellunopress - Dolomiti","isPartOf":{"@id":"https:\/\/www.bellunopress.it\/#website"},"primaryImageOfPage":{"@id":"https:\/\/www.bellunopress.it\/2022\/12\/01\/apre-belluno-miraggi-viii-festeggiando-i-10-anni-di-slowmachine\/#primaryimage"},"image":{"@id":"https:\/\/www.bellunopress.it\/2022\/12\/01\/apre-belluno-miraggi-viii-festeggiando-i-10-anni-di-slowmachine\/#primaryimage"},"thumbnailUrl":"https:\/\/www.bellunopress.it\/wp-content\/uploads\/2020\/11\/Rajeev-Badhan-e-Elena-Strada_edited.jpg","datePublished":"2022-12-01T14:14:29+00:00","dateModified":"2022-12-01T14:18:54+00:00","breadcrumb":{"@id":"https:\/\/www.bellunopress.it\/2022\/12\/01\/apre-belluno-miraggi-viii-festeggiando-i-10-anni-di-slowmachine\/#breadcrumb"},"inLanguage":"fr-FR","potentialAction":[{"@type":"ReadAction","target":["https:\/\/www.bellunopress.it\/2022\/12\/01\/apre-belluno-miraggi-viii-festeggiando-i-10-anni-di-slowmachine\/"]}]},{"@type":"ImageObject","inLanguage":"fr-FR","@id":"https:\/\/www.bellunopress.it\/2022\/12\/01\/apre-belluno-miraggi-viii-festeggiando-i-10-anni-di-slowmachine\/#primaryimage","url":"https:\/\/www.bellunopress.it\/wp-content\/uploads\/2020\/11\/Rajeev-Badhan-e-Elena-Strada_edited.jpg","contentUrl":"https:\/\/www.bellunopress.it\/wp-content\/uploads\/2020\/11\/Rajeev-Badhan-e-Elena-Strada_edited.jpg","width":800,"height":533,"caption":"Elena Strada e Rajeev Badhan"},{"@type":"BreadcrumbList","@id":"https:\/\/www.bellunopress.it\/2022\/12\/01\/apre-belluno-miraggi-viii-festeggiando-i-10-anni-di-slowmachine\/#breadcrumb","itemListElement":[{"@type":"ListItem","position":1,"name":"Home","item":"https:\/\/www.bellunopress.it\/"},{"@type":"ListItem","position":2,"name":"Apre Belluno Miraggi VIII festeggiando i 10 anni di SlowMachine"}]},{"@type":"WebSite","@id":"https:\/\/www.bellunopress.it\/#website","url":"https:\/\/www.bellunopress.it\/","name":"Bellunopress - Dolomiti","description":"e-mail: redazione@bellunopress.it","publisher":{"@id":"https:\/\/www.bellunopress.it\/#organization"},"potentialAction":[{"@type":"SearchAction","target":{"@type":"EntryPoint","urlTemplate":"https:\/\/www.bellunopress.it\/?s={search_term_string}"},"query-input":{"@type":"PropertyValueSpecification","valueRequired":true,"valueName":"search_term_string"}}],"inLanguage":"fr-FR"},{"@type":"Organization","@id":"https:\/\/www.bellunopress.it\/#organization","name":"Bellunopress","url":"https:\/\/www.bellunopress.it\/","logo":{"@type":"ImageObject","inLanguage":"fr-FR","@id":"https:\/\/www.bellunopress.it\/#\/schema\/logo\/image\/","url":"https:\/\/www.bellunopress.it\/wp-content\/uploads\/2011\/05\/cropped-logo-bellunopress-.jpg","contentUrl":"https:\/\/www.bellunopress.it\/wp-content\/uploads\/2011\/05\/cropped-logo-bellunopress-.jpg","width":512,"height":512,"caption":"Bellunopress"},"image":{"@id":"https:\/\/www.bellunopress.it\/#\/schema\/logo\/image\/"},"sameAs":["https:\/\/www.facebook.com\/profile.php?id=100008943462799","https:\/\/x.com\/bellunopress","https:\/\/www.linkedin.com\/hp\/?dnr=JBzUWaJfMUw8vbXJJ2tVW5-I3jZKvC4wsoxE&amp;amp;amp;amp;amp;amp;trk=nav_responsive_tab_home","https:\/\/www.youtube.com\/channel\/UCxL0wu1uN0_3_7hGG0306cw"]},{"@type":"Person","@id":"https:\/\/www.bellunopress.it\/#\/schema\/person\/79bb06722b37ece1c03d3e94beb30d73","name":"r\u00e9daction","image":{"@type":"ImageObject","inLanguage":"fr-FR","@id":"https:\/\/secure.gravatar.com\/avatar\/37d968a2e67a6fd04c169c4bdef102d0bc5d31b2546345219e348575eb80e9a0?s=96&d=mm&r=g","url":"https:\/\/secure.gravatar.com\/avatar\/37d968a2e67a6fd04c169c4bdef102d0bc5d31b2546345219e348575eb80e9a0?s=96&d=mm&r=g","contentUrl":"https:\/\/secure.gravatar.com\/avatar\/37d968a2e67a6fd04c169c4bdef102d0bc5d31b2546345219e348575eb80e9a0?s=96&d=mm&r=g","caption":"redazione"},"sameAs":["http:\/\/www.bellunopress.it","https:\/\/x.com\/bellunopress"],"url":"https:\/\/www.bellunopress.it\/fr\/author\/redazione\/"}]}},"_links":{"self":[{"href":"https:\/\/www.bellunopress.it\/fr\/wp-json\/wp\/v2\/posts\/138062","targetHints":{"allow":["GET"]}}],"collection":[{"href":"https:\/\/www.bellunopress.it\/fr\/wp-json\/wp\/v2\/posts"}],"about":[{"href":"https:\/\/www.bellunopress.it\/fr\/wp-json\/wp\/v2\/types\/post"}],"author":[{"embeddable":true,"href":"https:\/\/www.bellunopress.it\/fr\/wp-json\/wp\/v2\/users\/2"}],"replies":[{"embeddable":true,"href":"https:\/\/www.bellunopress.it\/fr\/wp-json\/wp\/v2\/comments?post=138062"}],"version-history":[{"count":2,"href":"https:\/\/www.bellunopress.it\/fr\/wp-json\/wp\/v2\/posts\/138062\/revisions"}],"predecessor-version":[{"id":138064,"href":"https:\/\/www.bellunopress.it\/fr\/wp-json\/wp\/v2\/posts\/138062\/revisions\/138064"}],"wp:featuredmedia":[{"embeddable":true,"href":"https:\/\/www.bellunopress.it\/fr\/wp-json\/wp\/v2\/media\/119366"}],"wp:attachment":[{"href":"https:\/\/www.bellunopress.it\/fr\/wp-json\/wp\/v2\/media?parent=138062"}],"wp:term":[{"taxonomy":"category","embeddable":true,"href":"https:\/\/www.bellunopress.it\/fr\/wp-json\/wp\/v2\/categories?post=138062"},{"taxonomy":"post_tag","embeddable":true,"href":"https:\/\/www.bellunopress.it\/fr\/wp-json\/wp\/v2\/tags?post=138062"}],"curies":[{"name":"wp","href":"https:\/\/api.w.org\/{rel}","templated":true}]}}