{"id":138057,"date":"2022-12-01T12:48:42","date_gmt":"2022-12-01T11:48:42","guid":{"rendered":"https:\/\/www.bellunopress.it\/?p=138057"},"modified":"2022-12-01T12:48:42","modified_gmt":"2022-12-01T11:48:42","slug":"progetto-rice-sabato-il-convegno-finale","status":"publish","type":"post","link":"https:\/\/www.bellunopress.it\/fr\/2022\/12\/01\/progetto-rice-sabato-il-convegno-finale\/","title":{"rendered":"Progetto Rice: sabato il convegno finale"},"content":{"rendered":"<figure id=\"attachment_137144\" aria-describedby=\"caption-attachment-137144\" style=\"width: 802px\" class=\"wp-caption alignleft\"><img loading=\"lazy\" decoding=\"async\" class=\"size-full wp-image-137144\" src=\"https:\/\/www.bellunopress.it\/wp-content\/uploads\/2022\/10\/Roberta-Olivotto_edited.jpg\" alt=\"\" width=\"802\" height=\"1000\" srcset=\"https:\/\/www.bellunopress.it\/wp-content\/uploads\/2022\/10\/Roberta-Olivotto_edited.jpg 802w, https:\/\/www.bellunopress.it\/wp-content\/uploads\/2022\/10\/Roberta-Olivotto_edited-401x500.jpg 401w, https:\/\/www.bellunopress.it\/wp-content\/uploads\/2022\/10\/Roberta-Olivotto_edited-696x868.jpg 696w, https:\/\/www.bellunopress.it\/wp-content\/uploads\/2022\/10\/Roberta-Olivotto_edited-337x420.jpg 337w\" sizes=\"auto, (max-width: 802px) 100vw, 802px\" \/><figcaption id=\"caption-attachment-137144\" class=\"wp-caption-text\">Roberta Olivotto, assessore alle Politiche giovanili del Comune di Belluno<\/figcaption><\/figure>\n<p>Belluno tira le fila sul progetto R.I.C.E. Sabato 3 dicembre dalle 9 alle 13 si terr\u00e0, online, il convegno conclusivo dal titolo \u201cBelluno e Borgo Valbelluna: citt\u00e0 dell\u2019educazione tra processi di inclusione e di co-educazione\u201d. L&#8217;evento \u00e8 organizzato dallo IUSVE con la collaborazione del Comune di Belluno, dell&#8217;Universit\u00e0 di Bologna, dell&#8217;Universit\u00e0 di MONS (Belgio) e dei partner del Progetto RICE (Rete Internazionale delle Citt\u00e0 dell&#8217;Educazione).<br \/>\nInterverranno in qualit\u00e0 di relatori Roberto Dainese, professore ordinario all\u2019Universit\u00e0 di Bologna, Mara Padovan coordinatrice responsabile di rete del progetto Rice \u2013 Iusve, Anna Pileri coordinatrice scientifica responsabile della ricerca, del progetto Rice, Iusve e Unibo e Valeria Friso professoressa all\u2019Universit\u00e0 di Bologna.<\/p>\n<p>Sar\u00e0 l\u2019occasione per presentare le attivit\u00e0 svolte nei nidi e nelle scuole dal 2019 ad oggi. A met\u00e0 mattinata infatti, dalle 11 alle 12 circa, uno spazio sar\u00e0 dedicato alle coordinatrici pedagogiche e alle direttrici degli istituti coinvolti che porteranno la loro esperienza e racconteranno le iniziative concrete realizzate e i risultati ottenuti.<\/p>\n<p>\u201cL\u2019appuntamento di sabato rappresenta il punto di conclusione di questa azione immateriale avviata nel 2019 e legata alla rigenerazione urbana e alla riapertura della scuola Gabelli \u2013 spiega l\u2019assessore alle politiche giovanili, Roberta Olivotto -. Punto di chiusura dunque, ma che vuole essere anche punto di partenza e di riflessione sul ruolo di Belluno, del Comune, della comunit\u00e0 e delle famiglie nell\u2019educazione dei ragazzi. Le sfide che la nuova societ\u00e0 ci presenta, l\u2019emergenza educativa e la necessit\u00e0 di inclusione sociale dei giovani possono essere vinte solo con una sinergia tra famiglie, scuola e comunit\u00e0 chiamati, insieme, a reinventare strategie educative per mettere in rete le risorse del territorio e rendere Belluno citt\u00e0 educativa\u201d.<\/p>\n<p>Nel 2019, con la firma ufficiale, Belluno \u00e8 entrata nella Rete Internazionale delle Citt\u00e0 Educative del progetto R.I.C.E. che ha visto il capoluogo affiancarsi ad altre decine di citt\u00e0 italiane e internazionali tra le quali Treviso e Bologna. Lo scopo dell\u2019iniziativa \u00e8 quello di promuovere buone pratiche co \u2013 educative, inclusive e di orientamento nei servizi educativi scolastici e sociali del territorio, rivolte a bambini, adolescenti e giovani tramite il coinvolgimento, anche formativo, di famiglie ed insegnanti.<\/p>\n<p>A Belluno responsabile del coordinamento e dell\u2019implementazione delle diverse azioni educative che sono state sperimentate in provincia in questi tre anni, oltre al Comune di Belluno, \u00e8 stato l\u2019Istituto Universitario Salesiano di Venezia (IUSVE), che ha fornito il supporto scientifico e il proprio know how in materia.<\/p>\n<p>Per partecipare al convegno in presenza \u00e8 necessario iscriversi<br \/>\nattraverso il link: https:\/\/easyroom.salesianimestre.it\/portale\/IUSVE-EVENTI-PSICOLOGIA (che sar\u00e0 messo anche nella home page del sito istituzionale del Comune) o visitando il sito www.iusve.it. Procedura: cliccare su nuova prenotazione\/\/cliccare su Scegli il raggruppamento di servizi\/\/cliccare su Convegno Belluno\/\/cliccare sulla barra AVANTI\/\/cliccare sul calendario la data 3 dicembre \/\/cliccare sulle ore 9\/\/ completare tutti i campi della scheda\/\/ premere la barra avanti \/\/attendete la conferma via mail<br \/>\nDopo aver ricevuto la conferma dell&#8217;iscrizione, inviare una email a p.pasqualetto@iusve.it .<\/p>\n<p>&nbsp;<\/p>\n<p>&nbsp;<\/p>\n<p>&nbsp;<\/p>","protected":false},"excerpt":{"rendered":"<p>Belluno tira le fila sul progetto R.I.C.E. Sabato 3 dicembre dalle 9 alle 13 si terr\u00e0, online, il convegno conclusivo dal titolo \u201cBelluno e Borgo Valbelluna: citt\u00e0 dell\u2019educazione tra processi di inclusione e di co-educazione\u201d. L&#8217;evento \u00e8 organizzato dallo IUSVE con la collaborazione del Comune di Belluno, dell&#8217;Universit\u00e0 di Bologna, dell&#8217;Universit\u00e0 di MONS (Belgio) e [&hellip;]<\/p>\n","protected":false},"author":2,"featured_media":137144,"comment_status":"closed","ping_status":"open","sticky":false,"template":"","format":"standard","meta":{"footnotes":""},"categories":[27,5],"tags":[],"class_list":["post-138057","post","type-post","status-publish","format-standard","has-post-thumbnail","category-appuntamenti","category-cronaca"],"yoast_head":"<!-- This site is optimized with the Yoast SEO plugin v28.4 - https:\/\/yoast.com\/product\/yoast-seo-wordpress\/ -->\n<title>Progetto Rice: sabato il convegno finale - Bellunopress - Dolomiti<\/title>\n<meta name=\"robots\" content=\"index, follow, max-snippet:-1, max-image-preview:large, max-video-preview:-1\" \/>\n<link rel=\"canonical\" href=\"https:\/\/www.bellunopress.it\/fr\/2022\/12\/01\/progetto-rice-sabato-il-convegno-finale\/\" \/>\n<meta property=\"og:locale\" content=\"fr_FR\" \/>\n<meta property=\"og:type\" content=\"article\" \/>\n<meta property=\"og:title\" content=\"Progetto Rice: sabato il convegno finale - Bellunopress - Dolomiti\" \/>\n<meta property=\"og:description\" content=\"Belluno tira le fila sul progetto R.I.C.E. Sabato 3 dicembre dalle 9 alle 13 si terr\u00e0, online, il convegno conclusivo dal titolo \u201cBelluno e Borgo Valbelluna: citt\u00e0 dell\u2019educazione tra processi di inclusione e di co-educazione\u201d. L&#8217;evento \u00e8 organizzato dallo IUSVE con la collaborazione del Comune di Belluno, dell&#8217;Universit\u00e0 di Bologna, dell&#8217;Universit\u00e0 di MONS (Belgio) e [&hellip;]\" \/>\n<meta property=\"og:url\" content=\"https:\/\/www.bellunopress.it\/fr\/2022\/12\/01\/progetto-rice-sabato-il-convegno-finale\/\" \/>\n<meta property=\"og:site_name\" content=\"Bellunopress - Dolomiti\" \/>\n<meta property=\"article:publisher\" content=\"https:\/\/www.facebook.com\/profile.php?id=100008943462799\" \/>\n<meta property=\"article:published_time\" content=\"2022-12-01T11:48:42+00:00\" \/>\n<meta property=\"og:image\" content=\"https:\/\/www.bellunopress.it\/wp-content\/uploads\/2022\/10\/Roberta-Olivotto_edited.jpg\" \/>\n\t<meta property=\"og:image:width\" content=\"802\" \/>\n\t<meta property=\"og:image:height\" content=\"1000\" \/>\n\t<meta property=\"og:image:type\" content=\"image\/jpeg\" \/>\n<meta name=\"author\" content=\"redazione\" \/>\n<meta name=\"twitter:card\" content=\"summary_large_image\" \/>\n<meta name=\"twitter:creator\" content=\"@bellunopress\" \/>\n<meta name=\"twitter:site\" content=\"@bellunopress\" \/>\n<meta name=\"twitter:label1\" content=\"Written by\" \/>\n\t<meta name=\"twitter:data1\" content=\"redazione\" \/>\n\t<meta name=\"twitter:label2\" content=\"Est. reading time\" \/>\n\t<meta name=\"twitter:data2\" content=\"3 minutes\" \/>\n<script type=\"application\/ld+json\" class=\"yoast-schema-graph\">{\"@context\":\"https:\\\/\\\/schema.org\",\"@graph\":[{\"@type\":\"Article\",\"@id\":\"https:\\\/\\\/www.bellunopress.it\\\/2022\\\/12\\\/01\\\/progetto-rice-sabato-il-convegno-finale\\\/#article\",\"isPartOf\":{\"@id\":\"https:\\\/\\\/www.bellunopress.it\\\/2022\\\/12\\\/01\\\/progetto-rice-sabato-il-convegno-finale\\\/\"},\"author\":{\"name\":\"redazione\",\"@id\":\"https:\\\/\\\/www.bellunopress.it\\\/#\\\/schema\\\/person\\\/79bb06722b37ece1c03d3e94beb30d73\"},\"headline\":\"Progetto Rice: sabato il convegno finale\",\"datePublished\":\"2022-12-01T11:48:42+00:00\",\"mainEntityOfPage\":{\"@id\":\"https:\\\/\\\/www.bellunopress.it\\\/2022\\\/12\\\/01\\\/progetto-rice-sabato-il-convegno-finale\\\/\"},\"wordCount\":525,\"publisher\":{\"@id\":\"https:\\\/\\\/www.bellunopress.it\\\/#organization\"},\"image\":{\"@id\":\"https:\\\/\\\/www.bellunopress.it\\\/2022\\\/12\\\/01\\\/progetto-rice-sabato-il-convegno-finale\\\/#primaryimage\"},\"thumbnailUrl\":\"https:\\\/\\\/www.bellunopress.it\\\/wp-content\\\/uploads\\\/2022\\\/10\\\/Roberta-Olivotto_edited.jpg\",\"articleSection\":[\"Appuntamenti, Eventi\",\"Cronaca\\\/Politica\"],\"inLanguage\":\"fr-FR\"},{\"@type\":\"WebPage\",\"@id\":\"https:\\\/\\\/www.bellunopress.it\\\/2022\\\/12\\\/01\\\/progetto-rice-sabato-il-convegno-finale\\\/\",\"url\":\"https:\\\/\\\/www.bellunopress.it\\\/2022\\\/12\\\/01\\\/progetto-rice-sabato-il-convegno-finale\\\/\",\"name\":\"Progetto Rice: sabato il convegno finale - Bellunopress - Dolomiti\",\"isPartOf\":{\"@id\":\"https:\\\/\\\/www.bellunopress.it\\\/#website\"},\"primaryImageOfPage\":{\"@id\":\"https:\\\/\\\/www.bellunopress.it\\\/2022\\\/12\\\/01\\\/progetto-rice-sabato-il-convegno-finale\\\/#primaryimage\"},\"image\":{\"@id\":\"https:\\\/\\\/www.bellunopress.it\\\/2022\\\/12\\\/01\\\/progetto-rice-sabato-il-convegno-finale\\\/#primaryimage\"},\"thumbnailUrl\":\"https:\\\/\\\/www.bellunopress.it\\\/wp-content\\\/uploads\\\/2022\\\/10\\\/Roberta-Olivotto_edited.jpg\",\"datePublished\":\"2022-12-01T11:48:42+00:00\",\"breadcrumb\":{\"@id\":\"https:\\\/\\\/www.bellunopress.it\\\/2022\\\/12\\\/01\\\/progetto-rice-sabato-il-convegno-finale\\\/#breadcrumb\"},\"inLanguage\":\"fr-FR\",\"potentialAction\":[{\"@type\":\"ReadAction\",\"target\":[\"https:\\\/\\\/www.bellunopress.it\\\/2022\\\/12\\\/01\\\/progetto-rice-sabato-il-convegno-finale\\\/\"]}]},{\"@type\":\"ImageObject\",\"inLanguage\":\"fr-FR\",\"@id\":\"https:\\\/\\\/www.bellunopress.it\\\/2022\\\/12\\\/01\\\/progetto-rice-sabato-il-convegno-finale\\\/#primaryimage\",\"url\":\"https:\\\/\\\/www.bellunopress.it\\\/wp-content\\\/uploads\\\/2022\\\/10\\\/Roberta-Olivotto_edited.jpg\",\"contentUrl\":\"https:\\\/\\\/www.bellunopress.it\\\/wp-content\\\/uploads\\\/2022\\\/10\\\/Roberta-Olivotto_edited.jpg\",\"width\":802,\"height\":1000,\"caption\":\"Roberta Olivotto, assessore alla Scuola e alle Politiche giovanili del Comune di Belluno\"},{\"@type\":\"BreadcrumbList\",\"@id\":\"https:\\\/\\\/www.bellunopress.it\\\/2022\\\/12\\\/01\\\/progetto-rice-sabato-il-convegno-finale\\\/#breadcrumb\",\"itemListElement\":[{\"@type\":\"ListItem\",\"position\":1,\"name\":\"Home\",\"item\":\"https:\\\/\\\/www.bellunopress.it\\\/\"},{\"@type\":\"ListItem\",\"position\":2,\"name\":\"Progetto Rice: sabato il convegno finale\"}]},{\"@type\":\"WebSite\",\"@id\":\"https:\\\/\\\/www.bellunopress.it\\\/#website\",\"url\":\"https:\\\/\\\/www.bellunopress.it\\\/\",\"name\":\"Bellunopress - Dolomiti\",\"description\":\"e-mail: redazione@bellunopress.it\",\"publisher\":{\"@id\":\"https:\\\/\\\/www.bellunopress.it\\\/#organization\"},\"potentialAction\":[{\"@type\":\"SearchAction\",\"target\":{\"@type\":\"EntryPoint\",\"urlTemplate\":\"https:\\\/\\\/www.bellunopress.it\\\/?s={search_term_string}\"},\"query-input\":{\"@type\":\"PropertyValueSpecification\",\"valueRequired\":true,\"valueName\":\"search_term_string\"}}],\"inLanguage\":\"fr-FR\"},{\"@type\":\"Organization\",\"@id\":\"https:\\\/\\\/www.bellunopress.it\\\/#organization\",\"name\":\"Bellunopress\",\"url\":\"https:\\\/\\\/www.bellunopress.it\\\/\",\"logo\":{\"@type\":\"ImageObject\",\"inLanguage\":\"fr-FR\",\"@id\":\"https:\\\/\\\/www.bellunopress.it\\\/#\\\/schema\\\/logo\\\/image\\\/\",\"url\":\"https:\\\/\\\/www.bellunopress.it\\\/wp-content\\\/uploads\\\/2011\\\/05\\\/cropped-logo-bellunopress-.jpg\",\"contentUrl\":\"https:\\\/\\\/www.bellunopress.it\\\/wp-content\\\/uploads\\\/2011\\\/05\\\/cropped-logo-bellunopress-.jpg\",\"width\":512,\"height\":512,\"caption\":\"Bellunopress\"},\"image\":{\"@id\":\"https:\\\/\\\/www.bellunopress.it\\\/#\\\/schema\\\/logo\\\/image\\\/\"},\"sameAs\":[\"https:\\\/\\\/www.facebook.com\\\/profile.php?id=100008943462799\",\"https:\\\/\\\/x.com\\\/bellunopress\",\"https:\\\/\\\/www.linkedin.com\\\/hp\\\/?dnr=JBzUWaJfMUw8vbXJJ2tVW5-I3jZKvC4wsoxE&amp;amp;amp;amp;amp;amp;trk=nav_responsive_tab_home\",\"https:\\\/\\\/www.youtube.com\\\/channel\\\/UCxL0wu1uN0_3_7hGG0306cw\"]},{\"@type\":\"Person\",\"@id\":\"https:\\\/\\\/www.bellunopress.it\\\/#\\\/schema\\\/person\\\/79bb06722b37ece1c03d3e94beb30d73\",\"name\":\"redazione\",\"image\":{\"@type\":\"ImageObject\",\"inLanguage\":\"fr-FR\",\"@id\":\"https:\\\/\\\/secure.gravatar.com\\\/avatar\\\/37d968a2e67a6fd04c169c4bdef102d0bc5d31b2546345219e348575eb80e9a0?s=96&d=mm&r=g\",\"url\":\"https:\\\/\\\/secure.gravatar.com\\\/avatar\\\/37d968a2e67a6fd04c169c4bdef102d0bc5d31b2546345219e348575eb80e9a0?s=96&d=mm&r=g\",\"contentUrl\":\"https:\\\/\\\/secure.gravatar.com\\\/avatar\\\/37d968a2e67a6fd04c169c4bdef102d0bc5d31b2546345219e348575eb80e9a0?s=96&d=mm&r=g\",\"caption\":\"redazione\"},\"sameAs\":[\"http:\\\/\\\/www.bellunopress.it\",\"https:\\\/\\\/x.com\\\/bellunopress\"],\"url\":\"https:\\\/\\\/www.bellunopress.it\\\/fr\\\/author\\\/redazione\\\/\"}]}<\/script>\n<!-- \/ Yoast SEO plugin. -->","yoast_head_json":{"title":"Progetto Rice: sabato il convegno finale - Bellunopress - Dolomiti","robots":{"index":"index","follow":"follow","max-snippet":"max-snippet:-1","max-image-preview":"max-image-preview:large","max-video-preview":"max-video-preview:-1"},"canonical":"https:\/\/www.bellunopress.it\/fr\/2022\/12\/01\/progetto-rice-sabato-il-convegno-finale\/","og_locale":"fr_FR","og_type":"article","og_title":"Progetto Rice: sabato il convegno finale - Bellunopress - Dolomiti","og_description":"Belluno tira le fila sul progetto R.I.C.E. Sabato 3 dicembre dalle 9 alle 13 si terr\u00e0, online, il convegno conclusivo dal titolo \u201cBelluno e Borgo Valbelluna: citt\u00e0 dell\u2019educazione tra processi di inclusione e di co-educazione\u201d. L&#8217;evento \u00e8 organizzato dallo IUSVE con la collaborazione del Comune di Belluno, dell&#8217;Universit\u00e0 di Bologna, dell&#8217;Universit\u00e0 di MONS (Belgio) e [&hellip;]","og_url":"https:\/\/www.bellunopress.it\/fr\/2022\/12\/01\/progetto-rice-sabato-il-convegno-finale\/","og_site_name":"Bellunopress - Dolomiti","article_publisher":"https:\/\/www.facebook.com\/profile.php?id=100008943462799","article_published_time":"2022-12-01T11:48:42+00:00","og_image":[{"width":802,"height":1000,"url":"https:\/\/www.bellunopress.it\/wp-content\/uploads\/2022\/10\/Roberta-Olivotto_edited.jpg","type":"image\/jpeg"}],"author":"redazione","twitter_card":"summary_large_image","twitter_creator":"@bellunopress","twitter_site":"@bellunopress","twitter_misc":{"Written by":"redazione","Est. reading time":"3 minutes"},"schema":{"@context":"https:\/\/schema.org","@graph":[{"@type":"Article","@id":"https:\/\/www.bellunopress.it\/2022\/12\/01\/progetto-rice-sabato-il-convegno-finale\/#article","isPartOf":{"@id":"https:\/\/www.bellunopress.it\/2022\/12\/01\/progetto-rice-sabato-il-convegno-finale\/"},"author":{"name":"redazione","@id":"https:\/\/www.bellunopress.it\/#\/schema\/person\/79bb06722b37ece1c03d3e94beb30d73"},"headline":"Progetto Rice: sabato il convegno finale","datePublished":"2022-12-01T11:48:42+00:00","mainEntityOfPage":{"@id":"https:\/\/www.bellunopress.it\/2022\/12\/01\/progetto-rice-sabato-il-convegno-finale\/"},"wordCount":525,"publisher":{"@id":"https:\/\/www.bellunopress.it\/#organization"},"image":{"@id":"https:\/\/www.bellunopress.it\/2022\/12\/01\/progetto-rice-sabato-il-convegno-finale\/#primaryimage"},"thumbnailUrl":"https:\/\/www.bellunopress.it\/wp-content\/uploads\/2022\/10\/Roberta-Olivotto_edited.jpg","articleSection":["Appuntamenti, Eventi","Cronaca\/Politica"],"inLanguage":"fr-FR"},{"@type":"WebPage","@id":"https:\/\/www.bellunopress.it\/2022\/12\/01\/progetto-rice-sabato-il-convegno-finale\/","url":"https:\/\/www.bellunopress.it\/2022\/12\/01\/progetto-rice-sabato-il-convegno-finale\/","name":"Progetto Rice: sabato il convegno finale - Bellunopress - Dolomiti","isPartOf":{"@id":"https:\/\/www.bellunopress.it\/#website"},"primaryImageOfPage":{"@id":"https:\/\/www.bellunopress.it\/2022\/12\/01\/progetto-rice-sabato-il-convegno-finale\/#primaryimage"},"image":{"@id":"https:\/\/www.bellunopress.it\/2022\/12\/01\/progetto-rice-sabato-il-convegno-finale\/#primaryimage"},"thumbnailUrl":"https:\/\/www.bellunopress.it\/wp-content\/uploads\/2022\/10\/Roberta-Olivotto_edited.jpg","datePublished":"2022-12-01T11:48:42+00:00","breadcrumb":{"@id":"https:\/\/www.bellunopress.it\/2022\/12\/01\/progetto-rice-sabato-il-convegno-finale\/#breadcrumb"},"inLanguage":"fr-FR","potentialAction":[{"@type":"ReadAction","target":["https:\/\/www.bellunopress.it\/2022\/12\/01\/progetto-rice-sabato-il-convegno-finale\/"]}]},{"@type":"ImageObject","inLanguage":"fr-FR","@id":"https:\/\/www.bellunopress.it\/2022\/12\/01\/progetto-rice-sabato-il-convegno-finale\/#primaryimage","url":"https:\/\/www.bellunopress.it\/wp-content\/uploads\/2022\/10\/Roberta-Olivotto_edited.jpg","contentUrl":"https:\/\/www.bellunopress.it\/wp-content\/uploads\/2022\/10\/Roberta-Olivotto_edited.jpg","width":802,"height":1000,"caption":"Roberta Olivotto, assessore alla Scuola e alle Politiche giovanili del Comune di Belluno"},{"@type":"BreadcrumbList","@id":"https:\/\/www.bellunopress.it\/2022\/12\/01\/progetto-rice-sabato-il-convegno-finale\/#breadcrumb","itemListElement":[{"@type":"ListItem","position":1,"name":"Home","item":"https:\/\/www.bellunopress.it\/"},{"@type":"ListItem","position":2,"name":"Progetto Rice: sabato il convegno finale"}]},{"@type":"WebSite","@id":"https:\/\/www.bellunopress.it\/#website","url":"https:\/\/www.bellunopress.it\/","name":"Bellunopress - Dolomiti","description":"e-mail: redazione@bellunopress.it","publisher":{"@id":"https:\/\/www.bellunopress.it\/#organization"},"potentialAction":[{"@type":"SearchAction","target":{"@type":"EntryPoint","urlTemplate":"https:\/\/www.bellunopress.it\/?s={search_term_string}"},"query-input":{"@type":"PropertyValueSpecification","valueRequired":true,"valueName":"search_term_string"}}],"inLanguage":"fr-FR"},{"@type":"Organization","@id":"https:\/\/www.bellunopress.it\/#organization","name":"Bellunopress","url":"https:\/\/www.bellunopress.it\/","logo":{"@type":"ImageObject","inLanguage":"fr-FR","@id":"https:\/\/www.bellunopress.it\/#\/schema\/logo\/image\/","url":"https:\/\/www.bellunopress.it\/wp-content\/uploads\/2011\/05\/cropped-logo-bellunopress-.jpg","contentUrl":"https:\/\/www.bellunopress.it\/wp-content\/uploads\/2011\/05\/cropped-logo-bellunopress-.jpg","width":512,"height":512,"caption":"Bellunopress"},"image":{"@id":"https:\/\/www.bellunopress.it\/#\/schema\/logo\/image\/"},"sameAs":["https:\/\/www.facebook.com\/profile.php?id=100008943462799","https:\/\/x.com\/bellunopress","https:\/\/www.linkedin.com\/hp\/?dnr=JBzUWaJfMUw8vbXJJ2tVW5-I3jZKvC4wsoxE&amp;amp;amp;amp;amp;amp;trk=nav_responsive_tab_home","https:\/\/www.youtube.com\/channel\/UCxL0wu1uN0_3_7hGG0306cw"]},{"@type":"Person","@id":"https:\/\/www.bellunopress.it\/#\/schema\/person\/79bb06722b37ece1c03d3e94beb30d73","name":"r\u00e9daction","image":{"@type":"ImageObject","inLanguage":"fr-FR","@id":"https:\/\/secure.gravatar.com\/avatar\/37d968a2e67a6fd04c169c4bdef102d0bc5d31b2546345219e348575eb80e9a0?s=96&d=mm&r=g","url":"https:\/\/secure.gravatar.com\/avatar\/37d968a2e67a6fd04c169c4bdef102d0bc5d31b2546345219e348575eb80e9a0?s=96&d=mm&r=g","contentUrl":"https:\/\/secure.gravatar.com\/avatar\/37d968a2e67a6fd04c169c4bdef102d0bc5d31b2546345219e348575eb80e9a0?s=96&d=mm&r=g","caption":"redazione"},"sameAs":["http:\/\/www.bellunopress.it","https:\/\/x.com\/bellunopress"],"url":"https:\/\/www.bellunopress.it\/fr\/author\/redazione\/"}]}},"_links":{"self":[{"href":"https:\/\/www.bellunopress.it\/fr\/wp-json\/wp\/v2\/posts\/138057","targetHints":{"allow":["GET"]}}],"collection":[{"href":"https:\/\/www.bellunopress.it\/fr\/wp-json\/wp\/v2\/posts"}],"about":[{"href":"https:\/\/www.bellunopress.it\/fr\/wp-json\/wp\/v2\/types\/post"}],"author":[{"embeddable":true,"href":"https:\/\/www.bellunopress.it\/fr\/wp-json\/wp\/v2\/users\/2"}],"replies":[{"embeddable":true,"href":"https:\/\/www.bellunopress.it\/fr\/wp-json\/wp\/v2\/comments?post=138057"}],"version-history":[{"count":1,"href":"https:\/\/www.bellunopress.it\/fr\/wp-json\/wp\/v2\/posts\/138057\/revisions"}],"predecessor-version":[{"id":138058,"href":"https:\/\/www.bellunopress.it\/fr\/wp-json\/wp\/v2\/posts\/138057\/revisions\/138058"}],"wp:featuredmedia":[{"embeddable":true,"href":"https:\/\/www.bellunopress.it\/fr\/wp-json\/wp\/v2\/media\/137144"}],"wp:attachment":[{"href":"https:\/\/www.bellunopress.it\/fr\/wp-json\/wp\/v2\/media?parent=138057"}],"wp:term":[{"taxonomy":"category","embeddable":true,"href":"https:\/\/www.bellunopress.it\/fr\/wp-json\/wp\/v2\/categories?post=138057"},{"taxonomy":"post_tag","embeddable":true,"href":"https:\/\/www.bellunopress.it\/fr\/wp-json\/wp\/v2\/tags?post=138057"}],"curies":[{"name":"wp","href":"https:\/\/api.w.org\/{rel}","templated":true}]}}