{"id":138048,"date":"2022-12-01T08:24:11","date_gmt":"2022-12-01T07:24:11","guid":{"rendered":"https:\/\/www.bellunopress.it\/?p=138048"},"modified":"2022-12-01T08:24:11","modified_gmt":"2022-12-01T07:24:11","slug":"presentata-a-pedavena-la-13ma-edizione-della-corsa-di-babbo-natale-rinviata-all8-dicembre","status":"publish","type":"post","link":"https:\/\/www.bellunopress.it\/fr\/2022\/12\/01\/presentata-a-pedavena-la-13ma-edizione-della-corsa-di-babbo-natale-rinviata-all8-dicembre\/","title":{"rendered":"Presentata a Pedavena la 13ma edizione della Corsa di Babbo Natale, rinviata all&#8217;8 dicembre"},"content":{"rendered":"<p><em><strong><img loading=\"lazy\" decoding=\"async\" class=\"alignleft  wp-image-138049\" src=\"https:\/\/www.bellunopress.it\/wp-content\/uploads\/2022\/12\/corsa-di-babbo-natale-Pedavena_edited.jpg\" alt=\"\" width=\"377\" height=\"377\" srcset=\"https:\/\/www.bellunopress.it\/wp-content\/uploads\/2022\/12\/corsa-di-babbo-natale-Pedavena_edited.jpg 600w, https:\/\/www.bellunopress.it\/wp-content\/uploads\/2022\/12\/corsa-di-babbo-natale-Pedavena_edited-500x500.jpg 500w, https:\/\/www.bellunopress.it\/wp-content\/uploads\/2022\/12\/corsa-di-babbo-natale-Pedavena_edited-300x300.jpg 300w, https:\/\/www.bellunopress.it\/wp-content\/uploads\/2022\/12\/corsa-di-babbo-natale-Pedavena_edited-420x420.jpg 420w\" sizes=\"auto, (max-width: 377px) 100vw, 377px\" \/>Gianpietro Slongo del Giro delle Mura: \u00abLe previsioni meteo sono chiare, la festa sarebbe stata rovinata\u00bb<\/strong><\/em><br \/>\nA Pedavena, presso La Birreria, \u00e8 stata presentata la 13a edizione della Corsa di Babbo Natale. La corsa che si svilupper\u00e0 in due percorsi 6 e 12 chilometri, era in programma inizialmente domenica 4 dicembre. Il Comitato Organizzatore composto dai rappresentanti dell&#8217;Associazione Giro delle Mura &#8220;Citt\u00e0 di Feltre&#8221;, della Pro Loco Pedavena, e della Birreria Pedavena dopo aver osservato le previsioni meteo annunciate per domenica 4 dicembre ha trovato pi\u00f9 opportuno spostare la manifestazione a Gioved\u00ec 8 dicembre, festa dell&#8217;Immacolata.<\/p>\n<p>La presentazione \u00e8 iniziata con l&#8217;intervento del presidente della Proloco Pedavena Elvio Cecchet che ha ringraziato tutti i volontari e ha sottolineato l&#8217;importanza della collaborazione intrapresa con l&#8217;Associazione Giro delle Mura.<br \/>\nLa parola \u00e8 stata data al sindaco di Pedavena Nicola Castellaz. \u00abPedavena \u00e8 animata tutto l&#8217;anno, &#8211; afferma il sindaco Nicola Castellaz &#8211; grazie al costante impegno dei volontari, da eventi di alta caratura che attraggono persone da tutta Italia. La Corsa di Babbo Natale \u00e8 uno degli eventi pi\u00f9 partecipati che chiudono l&#8217;anno in festa con uno scambio di auguri molto particolare e sentito. Si tratta di una manifestazione dedicata in particolare alle scuole e alle famiglie, in grado di abbinare lo sport alla scoperta del nostro bellissimo territorio. Sono molto felice che, dopo una prima sperimentazione, si consolidi il legame con Feltre, dato dal passaggio del percorso nel cuore della citt\u00e0. Questo \u00e8 l&#8217;inizio di un percorso ben preciso dopo il riconoscimento del distretto del commercio Pedavena-Feltre\u00bb.<br \/>\n\u00abRingrazio &#8211; ha concluso il sindaco &#8211; in particolare la Pro Loco Pedavena ed i tanti volontari per il lavoro svolto e auguro a tutti una serena giornata di festa\u00bb.<\/p>\n<p>Dopo il padrone di casa istituzionale la parola \u00e8 passata al padrone di casa logistico visto che proprio la Birreria sar\u00e0 il quartier generale della manifestazione. Lionello Gorza, presidente del Consorzio Turistico Dolomiti Prealpi e titolare della Birreria Pedavena crede molto in questa manifestazione natalizia. \u00abLa Corsa di Babbo Natale &#8211; spiega Lionello Gorza, \u2013 \u00e8 un evento che, grazie all&#8217;aiuto delle associazioni e degli enti locali, \u00e8 sempre cresciuto negli anni ed \u00e8 da sempre tra i pi\u00f9 partecipati e amati dalle famiglie. Quest&#8217;anno confidiamo di poter tornare ai numeri pre pandemia. Dal punto di vista turistico, la manifestazione permetter\u00e0 di far conoscere ai partecipanti gli scorci pi\u00f9 belli di Pedavena e anche di Feltre che torna nel percorso dopo un primo esperimento di successo dell&#8217;edizione 2019. Gli eventi sono il modo pi\u00f9 coinvolgente e diretto di fare promozione del territorio\u00bb.<\/p>\n<p>Prima di passare la parola per le note tecniche c&#8217;\u00e8 stato il saluto dell&#8217;assessore del Comune di Feltre Maurizio Zatta. \u00abUna comunit\u00e0 come Pedavena &#8211; ha detto Zatta &#8211; che instaura queste sinergie di collaborazione con volontari e associazioni di territori limitrofi ha gi\u00e0 vinto. La corsa di Babbo Natale incarna nel proprio dna valori fondamentali come sport, scuola, famiglia e volontariato\u00bb.<\/p>\n<p>Gi\u00e0 dalla tarda mattinata di mercoled\u00ec era nell&#8217;aria lo spostamento di data, ma \u00e8 stato Gianpietro Slongo nel suo intervento a ufficializzare lo slittamento a Gioved\u00ec 8 dicembre. \u00abQuando ci sono queste previsioni meteo &#8211; ha esordito il presidente del Giro delle Mura &#8211; le decisioni da prendere, per quanto sofferte siano, sono abbastanza chiare. La corsa di Babbo Natale \u00e8 una festa dedicata alle scuole e alle famiglie e il maltempo avrebbe sicuramente rovinato questo momento di allegria e di sport\u00bb. \u00abQuando la Proloco di Pedavena e l&#8217;amico Lionello Gorza hanno chiesto all&#8217;Associazione Giro delle Mura di dare una mano, \u00e8 venuto spontaneo confermare la nostra presenza. Lo spirito natalizio e la partecipazione di tante scuole e famiglie sono elementi che si intrecciano molto bene con il Giro della Mura\u00bb.<\/p>\n<p>La manifestazione, abbinata al villaggio natalizio \u00e8 organizzata dall&#8217;Associazione Giro delle Mura &#8220;Citt\u00e0 di Feltre&#8221;, dalla Pro Loco Pedavena, e dalla Birreria Pedavena, sotto l&#8217;egida del CSI e con il patrocinio dei Comuni di Pedavena e Feltre, Regione Veneto, Camera di Commercio di Treviso \u2013 Belluno Dolomiti e Consorzio Turistico Dolomiti Prealpi.<\/p>\n<p>Quindi appuntamento a Gioved\u00ec 8 dicembre, festa dell&#8217;immacolata, partenza ore 10 dalla Fabbrica di Birra di Pedavena e arrivo nel Parco della Birreria pi\u00f9 grande d&#8217;Italia. Per quanto riguarda le iscrizioni per la gara non competitiva saranno aperte sino a pochi istanti prima della partenza. Mentre le iscrizioni per la gara competitiva si chiuderanno marted\u00ec 6 dicembre. A tutti i partecipanti sar\u00e0 consegnato un cappellino griffato &#8220;Babbo Natale&#8221;.<\/p>\n<p><strong>GARA COMPETITIVA 12KM<\/strong><br \/>\n\u00c8 aperta a uomini e donne che abbiano et\u00e0 minima di anni diciotto che dovranno essere compiuti entro il giorno precedente l&#8217;inizio della gara.\u2028I partecipanti dovranno presentare un certificato medico di idoneit\u00e0 all&#8217;attivit\u00e0 sportiva agonistica (Atletica leggera\/Trail o altro equivalente). Le iscrizioni si chiuderanno il 2 dicembre.<\/p>\n<p><strong>CAMMINATA LUDICO MOTORIA 6KM \/ 12KM<\/strong><br \/>\n\u00c8 aperta a tutti e non \u00e8 necessario presentare il certificato medico.\u2028Per quanto riguarda la partecipazione dei minori, la liberatoria dovr\u00e0 essere sottoscritta dall&#8217;adulto che l&#8217;accompagna. Sar\u00e0 possibile iscriversi anche il giorno della gara.<\/p>\n<p><strong>SPECIALE SCUOLE<\/strong><br \/>\nGli organizzatori desiderano far conoscere questa manifestazione a tutti gli studenti della Provincia, delle scuole primarie a quelle superiori di primo e secondo grado, con lo scopo di promuovere la corsa come momento di aggregazione. Per questo intende coinvolgere tutti i ragazzi che frequentano gli istituti scolastici, premiando le prime tre classi pi\u00f9 numerose.\u2028La manifestazione riservata agli studenti si svolger\u00e0 sul percorso di Km 6 per i gruppi scolastici \u00e8 obbligatorio una pre-iscrizione inviata a info@girodellemura.it che verranno raccolte dagli insegnanti del plesso scolastico di appartenenza. Nella classifica verranno conteggiati solamente gli alunni iscritti alle classi, con almeno 15 partecipanti.<\/p>","protected":false},"excerpt":{"rendered":"<p>Gianpietro Slongo del Giro delle Mura: \u00abLe previsioni meteo sono chiare, la festa sarebbe stata rovinata\u00bb A Pedavena, presso La Birreria, \u00e8 stata presentata la 13a edizione della Corsa di Babbo Natale. La corsa che si svilupper\u00e0 in due percorsi 6 e 12 chilometri, era in programma inizialmente domenica 4 dicembre. Il Comitato Organizzatore composto [&hellip;]<\/p>\n","protected":false},"author":2,"featured_media":138049,"comment_status":"closed","ping_status":"open","sticky":false,"template":"","format":"standard","meta":{"footnotes":""},"categories":[25,8,4],"tags":[],"class_list":["post-138048","post","type-post","status-publish","format-standard","has-post-thumbnail","category-pausa-caffe","category-societa-istituzioni","category-sport"],"yoast_head":"<!-- This site is optimized with the Yoast SEO plugin v28.4 - https:\/\/yoast.com\/product\/yoast-seo-wordpress\/ -->\n<title>Presentata a Pedavena la 13ma edizione della Corsa di Babbo Natale, rinviata all&#039;8 dicembre - Bellunopress - Dolomiti<\/title>\n<meta name=\"robots\" content=\"index, follow, max-snippet:-1, max-image-preview:large, max-video-preview:-1\" \/>\n<link rel=\"canonical\" href=\"https:\/\/www.bellunopress.it\/fr\/2022\/12\/01\/presentata-a-pedavena-la-13ma-edizione-della-corsa-di-babbo-natale-rinviata-all8-dicembre\/\" \/>\n<meta property=\"og:locale\" content=\"fr_FR\" \/>\n<meta property=\"og:type\" content=\"article\" \/>\n<meta property=\"og:title\" content=\"Presentata a Pedavena la 13ma edizione della Corsa di Babbo Natale, rinviata all&#039;8 dicembre - Bellunopress - Dolomiti\" \/>\n<meta property=\"og:description\" content=\"Gianpietro Slongo del Giro delle Mura: \u00abLe previsioni meteo sono chiare, la festa sarebbe stata rovinata\u00bb A Pedavena, presso La Birreria, \u00e8 stata presentata la 13a edizione della Corsa di Babbo Natale. La corsa che si svilupper\u00e0 in due percorsi 6 e 12 chilometri, era in programma inizialmente domenica 4 dicembre. Il Comitato Organizzatore composto [&hellip;]\" \/>\n<meta property=\"og:url\" content=\"https:\/\/www.bellunopress.it\/fr\/2022\/12\/01\/presentata-a-pedavena-la-13ma-edizione-della-corsa-di-babbo-natale-rinviata-all8-dicembre\/\" \/>\n<meta property=\"og:site_name\" content=\"Bellunopress - Dolomiti\" \/>\n<meta property=\"article:publisher\" content=\"https:\/\/www.facebook.com\/profile.php?id=100008943462799\" \/>\n<meta property=\"article:published_time\" content=\"2022-12-01T07:24:11+00:00\" \/>\n<meta property=\"og:image\" content=\"https:\/\/www.bellunopress.it\/wp-content\/uploads\/2022\/12\/corsa-di-babbo-natale-Pedavena_edited.jpg\" \/>\n\t<meta property=\"og:image:width\" content=\"600\" \/>\n\t<meta property=\"og:image:height\" content=\"600\" \/>\n\t<meta property=\"og:image:type\" content=\"image\/jpeg\" \/>\n<meta name=\"author\" content=\"redazione\" \/>\n<meta name=\"twitter:card\" content=\"summary_large_image\" \/>\n<meta name=\"twitter:creator\" content=\"@bellunopress\" \/>\n<meta name=\"twitter:site\" content=\"@bellunopress\" \/>\n<meta name=\"twitter:label1\" content=\"\u00c9crit par\" \/>\n\t<meta name=\"twitter:data1\" content=\"redazione\" \/>\n\t<meta name=\"twitter:label2\" content=\"Dur\u00e9e de lecture estim\u00e9e\" \/>\n\t<meta name=\"twitter:data2\" content=\"6 minutes\" \/>\n<script type=\"application\/ld+json\" class=\"yoast-schema-graph\">{\"@context\":\"https:\\\/\\\/schema.org\",\"@graph\":[{\"@type\":\"Article\",\"@id\":\"https:\\\/\\\/www.bellunopress.it\\\/2022\\\/12\\\/01\\\/presentata-a-pedavena-la-13ma-edizione-della-corsa-di-babbo-natale-rinviata-all8-dicembre\\\/#article\",\"isPartOf\":{\"@id\":\"https:\\\/\\\/www.bellunopress.it\\\/2022\\\/12\\\/01\\\/presentata-a-pedavena-la-13ma-edizione-della-corsa-di-babbo-natale-rinviata-all8-dicembre\\\/\"},\"author\":{\"name\":\"redazione\",\"@id\":\"https:\\\/\\\/www.bellunopress.it\\\/#\\\/schema\\\/person\\\/79bb06722b37ece1c03d3e94beb30d73\"},\"headline\":\"Presentata a Pedavena la 13ma edizione della Corsa di Babbo Natale, rinviata all&#8217;8 dicembre\",\"datePublished\":\"2022-12-01T07:24:11+00:00\",\"mainEntityOfPage\":{\"@id\":\"https:\\\/\\\/www.bellunopress.it\\\/2022\\\/12\\\/01\\\/presentata-a-pedavena-la-13ma-edizione-della-corsa-di-babbo-natale-rinviata-all8-dicembre\\\/\"},\"wordCount\":942,\"publisher\":{\"@id\":\"https:\\\/\\\/www.bellunopress.it\\\/#organization\"},\"image\":{\"@id\":\"https:\\\/\\\/www.bellunopress.it\\\/2022\\\/12\\\/01\\\/presentata-a-pedavena-la-13ma-edizione-della-corsa-di-babbo-natale-rinviata-all8-dicembre\\\/#primaryimage\"},\"thumbnailUrl\":\"https:\\\/\\\/www.bellunopress.it\\\/wp-content\\\/uploads\\\/2022\\\/12\\\/corsa-di-babbo-natale-Pedavena_edited.jpg\",\"articleSection\":[\"Pausa Caff\u00e8\",\"Societ\u00e0, Associazioni, Istituzioni\",\"Sport, tempo libero\"],\"inLanguage\":\"fr-FR\"},{\"@type\":\"WebPage\",\"@id\":\"https:\\\/\\\/www.bellunopress.it\\\/2022\\\/12\\\/01\\\/presentata-a-pedavena-la-13ma-edizione-della-corsa-di-babbo-natale-rinviata-all8-dicembre\\\/\",\"url\":\"https:\\\/\\\/www.bellunopress.it\\\/2022\\\/12\\\/01\\\/presentata-a-pedavena-la-13ma-edizione-della-corsa-di-babbo-natale-rinviata-all8-dicembre\\\/\",\"name\":\"Presentata a Pedavena la 13ma edizione della Corsa di Babbo Natale, rinviata all'8 dicembre - Bellunopress - Dolomiti\",\"isPartOf\":{\"@id\":\"https:\\\/\\\/www.bellunopress.it\\\/#website\"},\"primaryImageOfPage\":{\"@id\":\"https:\\\/\\\/www.bellunopress.it\\\/2022\\\/12\\\/01\\\/presentata-a-pedavena-la-13ma-edizione-della-corsa-di-babbo-natale-rinviata-all8-dicembre\\\/#primaryimage\"},\"image\":{\"@id\":\"https:\\\/\\\/www.bellunopress.it\\\/2022\\\/12\\\/01\\\/presentata-a-pedavena-la-13ma-edizione-della-corsa-di-babbo-natale-rinviata-all8-dicembre\\\/#primaryimage\"},\"thumbnailUrl\":\"https:\\\/\\\/www.bellunopress.it\\\/wp-content\\\/uploads\\\/2022\\\/12\\\/corsa-di-babbo-natale-Pedavena_edited.jpg\",\"datePublished\":\"2022-12-01T07:24:11+00:00\",\"breadcrumb\":{\"@id\":\"https:\\\/\\\/www.bellunopress.it\\\/2022\\\/12\\\/01\\\/presentata-a-pedavena-la-13ma-edizione-della-corsa-di-babbo-natale-rinviata-all8-dicembre\\\/#breadcrumb\"},\"inLanguage\":\"fr-FR\",\"potentialAction\":[{\"@type\":\"ReadAction\",\"target\":[\"https:\\\/\\\/www.bellunopress.it\\\/2022\\\/12\\\/01\\\/presentata-a-pedavena-la-13ma-edizione-della-corsa-di-babbo-natale-rinviata-all8-dicembre\\\/\"]}]},{\"@type\":\"ImageObject\",\"inLanguage\":\"fr-FR\",\"@id\":\"https:\\\/\\\/www.bellunopress.it\\\/2022\\\/12\\\/01\\\/presentata-a-pedavena-la-13ma-edizione-della-corsa-di-babbo-natale-rinviata-all8-dicembre\\\/#primaryimage\",\"url\":\"https:\\\/\\\/www.bellunopress.it\\\/wp-content\\\/uploads\\\/2022\\\/12\\\/corsa-di-babbo-natale-Pedavena_edited.jpg\",\"contentUrl\":\"https:\\\/\\\/www.bellunopress.it\\\/wp-content\\\/uploads\\\/2022\\\/12\\\/corsa-di-babbo-natale-Pedavena_edited.jpg\",\"width\":600,\"height\":600},{\"@type\":\"BreadcrumbList\",\"@id\":\"https:\\\/\\\/www.bellunopress.it\\\/2022\\\/12\\\/01\\\/presentata-a-pedavena-la-13ma-edizione-della-corsa-di-babbo-natale-rinviata-all8-dicembre\\\/#breadcrumb\",\"itemListElement\":[{\"@type\":\"ListItem\",\"position\":1,\"name\":\"Home\",\"item\":\"https:\\\/\\\/www.bellunopress.it\\\/\"},{\"@type\":\"ListItem\",\"position\":2,\"name\":\"Presentata a Pedavena la 13ma edizione della Corsa di Babbo Natale, rinviata all&#8217;8 dicembre\"}]},{\"@type\":\"WebSite\",\"@id\":\"https:\\\/\\\/www.bellunopress.it\\\/#website\",\"url\":\"https:\\\/\\\/www.bellunopress.it\\\/\",\"name\":\"Bellunopress - Dolomiti\",\"description\":\"e-mail: redazione@bellunopress.it\",\"publisher\":{\"@id\":\"https:\\\/\\\/www.bellunopress.it\\\/#organization\"},\"potentialAction\":[{\"@type\":\"SearchAction\",\"target\":{\"@type\":\"EntryPoint\",\"urlTemplate\":\"https:\\\/\\\/www.bellunopress.it\\\/?s={search_term_string}\"},\"query-input\":{\"@type\":\"PropertyValueSpecification\",\"valueRequired\":true,\"valueName\":\"search_term_string\"}}],\"inLanguage\":\"fr-FR\"},{\"@type\":\"Organization\",\"@id\":\"https:\\\/\\\/www.bellunopress.it\\\/#organization\",\"name\":\"Bellunopress\",\"url\":\"https:\\\/\\\/www.bellunopress.it\\\/\",\"logo\":{\"@type\":\"ImageObject\",\"inLanguage\":\"fr-FR\",\"@id\":\"https:\\\/\\\/www.bellunopress.it\\\/#\\\/schema\\\/logo\\\/image\\\/\",\"url\":\"https:\\\/\\\/www.bellunopress.it\\\/wp-content\\\/uploads\\\/2011\\\/05\\\/cropped-logo-bellunopress-.jpg\",\"contentUrl\":\"https:\\\/\\\/www.bellunopress.it\\\/wp-content\\\/uploads\\\/2011\\\/05\\\/cropped-logo-bellunopress-.jpg\",\"width\":512,\"height\":512,\"caption\":\"Bellunopress\"},\"image\":{\"@id\":\"https:\\\/\\\/www.bellunopress.it\\\/#\\\/schema\\\/logo\\\/image\\\/\"},\"sameAs\":[\"https:\\\/\\\/www.facebook.com\\\/profile.php?id=100008943462799\",\"https:\\\/\\\/x.com\\\/bellunopress\",\"https:\\\/\\\/www.linkedin.com\\\/hp\\\/?dnr=JBzUWaJfMUw8vbXJJ2tVW5-I3jZKvC4wsoxE&amp;amp;amp;amp;amp;amp;trk=nav_responsive_tab_home\",\"https:\\\/\\\/www.youtube.com\\\/channel\\\/UCxL0wu1uN0_3_7hGG0306cw\"]},{\"@type\":\"Person\",\"@id\":\"https:\\\/\\\/www.bellunopress.it\\\/#\\\/schema\\\/person\\\/79bb06722b37ece1c03d3e94beb30d73\",\"name\":\"redazione\",\"image\":{\"@type\":\"ImageObject\",\"inLanguage\":\"fr-FR\",\"@id\":\"https:\\\/\\\/secure.gravatar.com\\\/avatar\\\/37d968a2e67a6fd04c169c4bdef102d0bc5d31b2546345219e348575eb80e9a0?s=96&d=mm&r=g\",\"url\":\"https:\\\/\\\/secure.gravatar.com\\\/avatar\\\/37d968a2e67a6fd04c169c4bdef102d0bc5d31b2546345219e348575eb80e9a0?s=96&d=mm&r=g\",\"contentUrl\":\"https:\\\/\\\/secure.gravatar.com\\\/avatar\\\/37d968a2e67a6fd04c169c4bdef102d0bc5d31b2546345219e348575eb80e9a0?s=96&d=mm&r=g\",\"caption\":\"redazione\"},\"sameAs\":[\"http:\\\/\\\/www.bellunopress.it\",\"https:\\\/\\\/x.com\\\/bellunopress\"],\"url\":\"https:\\\/\\\/www.bellunopress.it\\\/fr\\\/author\\\/redazione\\\/\"}]}<\/script>\n<!-- \/ Yoast SEO plugin. -->","yoast_head_json":{"title":"Presentata a Pedavena la 13ma edizione della Corsa di Babbo Natale, rinviata all'8 dicembre - Bellunopress - Dolomiti","robots":{"index":"index","follow":"follow","max-snippet":"max-snippet:-1","max-image-preview":"max-image-preview:large","max-video-preview":"max-video-preview:-1"},"canonical":"https:\/\/www.bellunopress.it\/fr\/2022\/12\/01\/presentata-a-pedavena-la-13ma-edizione-della-corsa-di-babbo-natale-rinviata-all8-dicembre\/","og_locale":"fr_FR","og_type":"article","og_title":"Presentata a Pedavena la 13ma edizione della Corsa di Babbo Natale, rinviata all'8 dicembre - Bellunopress - Dolomiti","og_description":"Gianpietro Slongo del Giro delle Mura: \u00abLe previsioni meteo sono chiare, la festa sarebbe stata rovinata\u00bb A Pedavena, presso La Birreria, \u00e8 stata presentata la 13a edizione della Corsa di Babbo Natale. La corsa che si svilupper\u00e0 in due percorsi 6 e 12 chilometri, era in programma inizialmente domenica 4 dicembre. Il Comitato Organizzatore composto [&hellip;]","og_url":"https:\/\/www.bellunopress.it\/fr\/2022\/12\/01\/presentata-a-pedavena-la-13ma-edizione-della-corsa-di-babbo-natale-rinviata-all8-dicembre\/","og_site_name":"Bellunopress - Dolomiti","article_publisher":"https:\/\/www.facebook.com\/profile.php?id=100008943462799","article_published_time":"2022-12-01T07:24:11+00:00","og_image":[{"width":600,"height":600,"url":"https:\/\/www.bellunopress.it\/wp-content\/uploads\/2022\/12\/corsa-di-babbo-natale-Pedavena_edited.jpg","type":"image\/jpeg"}],"author":"redazione","twitter_card":"summary_large_image","twitter_creator":"@bellunopress","twitter_site":"@bellunopress","twitter_misc":{"\u00c9crit par":"redazione","Dur\u00e9e de lecture estim\u00e9e":"6 minutes"},"schema":{"@context":"https:\/\/schema.org","@graph":[{"@type":"Article","@id":"https:\/\/www.bellunopress.it\/2022\/12\/01\/presentata-a-pedavena-la-13ma-edizione-della-corsa-di-babbo-natale-rinviata-all8-dicembre\/#article","isPartOf":{"@id":"https:\/\/www.bellunopress.it\/2022\/12\/01\/presentata-a-pedavena-la-13ma-edizione-della-corsa-di-babbo-natale-rinviata-all8-dicembre\/"},"author":{"name":"redazione","@id":"https:\/\/www.bellunopress.it\/#\/schema\/person\/79bb06722b37ece1c03d3e94beb30d73"},"headline":"Presentata a Pedavena la 13ma edizione della Corsa di Babbo Natale, rinviata all&#8217;8 dicembre","datePublished":"2022-12-01T07:24:11+00:00","mainEntityOfPage":{"@id":"https:\/\/www.bellunopress.it\/2022\/12\/01\/presentata-a-pedavena-la-13ma-edizione-della-corsa-di-babbo-natale-rinviata-all8-dicembre\/"},"wordCount":942,"publisher":{"@id":"https:\/\/www.bellunopress.it\/#organization"},"image":{"@id":"https:\/\/www.bellunopress.it\/2022\/12\/01\/presentata-a-pedavena-la-13ma-edizione-della-corsa-di-babbo-natale-rinviata-all8-dicembre\/#primaryimage"},"thumbnailUrl":"https:\/\/www.bellunopress.it\/wp-content\/uploads\/2022\/12\/corsa-di-babbo-natale-Pedavena_edited.jpg","articleSection":["Pausa Caff\u00e8","Societ\u00e0, Associazioni, Istituzioni","Sport, tempo libero"],"inLanguage":"fr-FR"},{"@type":"WebPage","@id":"https:\/\/www.bellunopress.it\/2022\/12\/01\/presentata-a-pedavena-la-13ma-edizione-della-corsa-di-babbo-natale-rinviata-all8-dicembre\/","url":"https:\/\/www.bellunopress.it\/2022\/12\/01\/presentata-a-pedavena-la-13ma-edizione-della-corsa-di-babbo-natale-rinviata-all8-dicembre\/","name":"Presentata a Pedavena la 13ma edizione della Corsa di Babbo Natale, rinviata all'8 dicembre - Bellunopress - Dolomiti","isPartOf":{"@id":"https:\/\/www.bellunopress.it\/#website"},"primaryImageOfPage":{"@id":"https:\/\/www.bellunopress.it\/2022\/12\/01\/presentata-a-pedavena-la-13ma-edizione-della-corsa-di-babbo-natale-rinviata-all8-dicembre\/#primaryimage"},"image":{"@id":"https:\/\/www.bellunopress.it\/2022\/12\/01\/presentata-a-pedavena-la-13ma-edizione-della-corsa-di-babbo-natale-rinviata-all8-dicembre\/#primaryimage"},"thumbnailUrl":"https:\/\/www.bellunopress.it\/wp-content\/uploads\/2022\/12\/corsa-di-babbo-natale-Pedavena_edited.jpg","datePublished":"2022-12-01T07:24:11+00:00","breadcrumb":{"@id":"https:\/\/www.bellunopress.it\/2022\/12\/01\/presentata-a-pedavena-la-13ma-edizione-della-corsa-di-babbo-natale-rinviata-all8-dicembre\/#breadcrumb"},"inLanguage":"fr-FR","potentialAction":[{"@type":"ReadAction","target":["https:\/\/www.bellunopress.it\/2022\/12\/01\/presentata-a-pedavena-la-13ma-edizione-della-corsa-di-babbo-natale-rinviata-all8-dicembre\/"]}]},{"@type":"ImageObject","inLanguage":"fr-FR","@id":"https:\/\/www.bellunopress.it\/2022\/12\/01\/presentata-a-pedavena-la-13ma-edizione-della-corsa-di-babbo-natale-rinviata-all8-dicembre\/#primaryimage","url":"https:\/\/www.bellunopress.it\/wp-content\/uploads\/2022\/12\/corsa-di-babbo-natale-Pedavena_edited.jpg","contentUrl":"https:\/\/www.bellunopress.it\/wp-content\/uploads\/2022\/12\/corsa-di-babbo-natale-Pedavena_edited.jpg","width":600,"height":600},{"@type":"BreadcrumbList","@id":"https:\/\/www.bellunopress.it\/2022\/12\/01\/presentata-a-pedavena-la-13ma-edizione-della-corsa-di-babbo-natale-rinviata-all8-dicembre\/#breadcrumb","itemListElement":[{"@type":"ListItem","position":1,"name":"Home","item":"https:\/\/www.bellunopress.it\/"},{"@type":"ListItem","position":2,"name":"Presentata a Pedavena la 13ma edizione della Corsa di Babbo Natale, rinviata all&#8217;8 dicembre"}]},{"@type":"WebSite","@id":"https:\/\/www.bellunopress.it\/#website","url":"https:\/\/www.bellunopress.it\/","name":"Bellunopress - Dolomiti","description":"e-mail: redazione@bellunopress.it","publisher":{"@id":"https:\/\/www.bellunopress.it\/#organization"},"potentialAction":[{"@type":"SearchAction","target":{"@type":"EntryPoint","urlTemplate":"https:\/\/www.bellunopress.it\/?s={search_term_string}"},"query-input":{"@type":"PropertyValueSpecification","valueRequired":true,"valueName":"search_term_string"}}],"inLanguage":"fr-FR"},{"@type":"Organization","@id":"https:\/\/www.bellunopress.it\/#organization","name":"Bellunopress","url":"https:\/\/www.bellunopress.it\/","logo":{"@type":"ImageObject","inLanguage":"fr-FR","@id":"https:\/\/www.bellunopress.it\/#\/schema\/logo\/image\/","url":"https:\/\/www.bellunopress.it\/wp-content\/uploads\/2011\/05\/cropped-logo-bellunopress-.jpg","contentUrl":"https:\/\/www.bellunopress.it\/wp-content\/uploads\/2011\/05\/cropped-logo-bellunopress-.jpg","width":512,"height":512,"caption":"Bellunopress"},"image":{"@id":"https:\/\/www.bellunopress.it\/#\/schema\/logo\/image\/"},"sameAs":["https:\/\/www.facebook.com\/profile.php?id=100008943462799","https:\/\/x.com\/bellunopress","https:\/\/www.linkedin.com\/hp\/?dnr=JBzUWaJfMUw8vbXJJ2tVW5-I3jZKvC4wsoxE&amp;amp;amp;amp;amp;amp;trk=nav_responsive_tab_home","https:\/\/www.youtube.com\/channel\/UCxL0wu1uN0_3_7hGG0306cw"]},{"@type":"Person","@id":"https:\/\/www.bellunopress.it\/#\/schema\/person\/79bb06722b37ece1c03d3e94beb30d73","name":"r\u00e9daction","image":{"@type":"ImageObject","inLanguage":"fr-FR","@id":"https:\/\/secure.gravatar.com\/avatar\/37d968a2e67a6fd04c169c4bdef102d0bc5d31b2546345219e348575eb80e9a0?s=96&d=mm&r=g","url":"https:\/\/secure.gravatar.com\/avatar\/37d968a2e67a6fd04c169c4bdef102d0bc5d31b2546345219e348575eb80e9a0?s=96&d=mm&r=g","contentUrl":"https:\/\/secure.gravatar.com\/avatar\/37d968a2e67a6fd04c169c4bdef102d0bc5d31b2546345219e348575eb80e9a0?s=96&d=mm&r=g","caption":"redazione"},"sameAs":["http:\/\/www.bellunopress.it","https:\/\/x.com\/bellunopress"],"url":"https:\/\/www.bellunopress.it\/fr\/author\/redazione\/"}]}},"_links":{"self":[{"href":"https:\/\/www.bellunopress.it\/fr\/wp-json\/wp\/v2\/posts\/138048","targetHints":{"allow":["GET"]}}],"collection":[{"href":"https:\/\/www.bellunopress.it\/fr\/wp-json\/wp\/v2\/posts"}],"about":[{"href":"https:\/\/www.bellunopress.it\/fr\/wp-json\/wp\/v2\/types\/post"}],"author":[{"embeddable":true,"href":"https:\/\/www.bellunopress.it\/fr\/wp-json\/wp\/v2\/users\/2"}],"replies":[{"embeddable":true,"href":"https:\/\/www.bellunopress.it\/fr\/wp-json\/wp\/v2\/comments?post=138048"}],"version-history":[{"count":1,"href":"https:\/\/www.bellunopress.it\/fr\/wp-json\/wp\/v2\/posts\/138048\/revisions"}],"predecessor-version":[{"id":138050,"href":"https:\/\/www.bellunopress.it\/fr\/wp-json\/wp\/v2\/posts\/138048\/revisions\/138050"}],"wp:featuredmedia":[{"embeddable":true,"href":"https:\/\/www.bellunopress.it\/fr\/wp-json\/wp\/v2\/media\/138049"}],"wp:attachment":[{"href":"https:\/\/www.bellunopress.it\/fr\/wp-json\/wp\/v2\/media?parent=138048"}],"wp:term":[{"taxonomy":"category","embeddable":true,"href":"https:\/\/www.bellunopress.it\/fr\/wp-json\/wp\/v2\/categories?post=138048"},{"taxonomy":"post_tag","embeddable":true,"href":"https:\/\/www.bellunopress.it\/fr\/wp-json\/wp\/v2\/tags?post=138048"}],"curies":[{"name":"wp","href":"https:\/\/api.w.org\/{rel}","templated":true}]}}