{"id":138046,"date":"2022-12-01T08:16:31","date_gmt":"2022-12-01T07:16:31","guid":{"rendered":"https:\/\/www.bellunopress.it\/?p=138046"},"modified":"2022-12-01T08:16:31","modified_gmt":"2022-12-01T07:16:31","slug":"feltre-raccolta-rifiuti-disservizi-sanzioni-subappalti","status":"publish","type":"post","link":"https:\/\/www.bellunopress.it\/fr\/2022\/12\/01\/feltre-raccolta-rifiuti-disservizi-sanzioni-subappalti\/","title":{"rendered":"Feltre, raccolta rifiuti. Disservizi, sanzioni, subappalti"},"content":{"rendered":"<p><img loading=\"lazy\" decoding=\"async\" class=\"alignleft size-full wp-image-123649\" src=\"https:\/\/www.bellunopress.it\/wp-content\/uploads\/2021\/04\/lettera-mail_edited.jpg\" alt=\"\" width=\"962\" height=\"1000\" srcset=\"https:\/\/www.bellunopress.it\/wp-content\/uploads\/2021\/04\/lettera-mail_edited.jpg 962w, https:\/\/www.bellunopress.it\/wp-content\/uploads\/2021\/04\/lettera-mail_edited-481x500.jpg 481w, https:\/\/www.bellunopress.it\/wp-content\/uploads\/2021\/04\/lettera-mail_edited-696x723.jpg 696w, https:\/\/www.bellunopress.it\/wp-content\/uploads\/2021\/04\/lettera-mail_edited-404x420.jpg 404w\" sizes=\"auto, (max-width: 962px) 100vw, 962px\" \/>106. S\u00ec 106 sembra siano le sanzioni elevate per abbandono di rifiuto fuori dai cassonetti per l\u2019anno 2022. Un dato che arriva dalle segnalazioni pervenute da diversi residenti feltrini che nei 3\/4 giorni che ruotano intorno al 6 novembre denunciavano il blocco totale del funzionamento del display dei cassonetti del secco indifferenziato su diverse isole ecologiche di Feltre. Purtroppo alcuni cittadini ,dopo aver girovagato a vuoto alla ricerca di un cassonetto funzionante, per sfinimento e lievitati di rabbia, si sono arresi abbandonando a terra il rifiuto.<br \/>\nSicuramente un comportamento scorretto perch\u00e9 tale gesto comporta un conseguente ulteriore lavoro di raccolta che va a caricarsi sulle spalle del resto della comunit\u00e0, ma che non \u00e8 passato inosservato agli occhi delle telecamere che hanno poi commissionato le relative sanzioni da 250 euro anche se il Regolamento Comunale approvato con delibera n.66 del 21-12-2020 prevede un minimo di 50 euro .<\/p>\n<p>Ripeto, un gesto scorretto da parte degli utenti ma che fa alzare la guardia su quel servizio che, su disposizione dell\u2019ente nazionale ARERA (Autorita\u2019 di regolazione per energia reti e ambienti) doveva offrire un servizio concorrenziale, efficiente e vigilare sullo stesso a tutela del consumatore, ma che in realt\u00e0 non si sta dimostrando tale.<\/p>\n<p>Facendo un analisi fra quella che era la gestione della raccolta del rifiuto del prima in capo al Comune di Feltre e quella iniziata con la Bellunum nel giugno 2019, non si \u00e8 manifestata nel servizio, la tanto acclamata economia di scala, ma si riscontrano dei forti aumenti di costo dello stesso pari a 400.000 mila euro in due anni e mezzo.<br \/>\nDiversamente, grazie all\u2019eccelso operato delle allora maestranze in capo al Comune di Feltre che hanno operato fino al 2019, si riuscivano a recuperare da vetro, ferro, carta, e manutenzione interna delle chiavette oltre 200.00 euro, entrate che sembra si siano in questi due anni azzerate.<br \/>\nAspetti che non vanno sottovalutati e se, come giunge dalle possibili disposizioni passate nel Consiglio Comunale del 28 novembre 2022, per appianare un possibile sbilancio per l\u2019annualit\u00e0 2023, l\u2019Amministrazione Fusaro ritiene opportuno sopperire alzando le tasse IRPEF E TARI, ritengo altrettanto doveroso fare le pulci seriamente al PEF della Bellunum che ci sta fornendo il servizio.<br \/>\nUn servizio che effettivamente come dimostrano anche le 106 sanzioni, talvolta non \u00e8 efficiente a dovere, un servizio che ha smantellato il tanto acclamato software dotato di brevetto che doveva rilevare il troppo pieno del cassonetto e trasmetterlo all\u2019ente di raccolta per lo svuotamento.<br \/>\nFinanze dei contribuenti che ne sostenevano i costi di manutenzione (7 euro ogni mese a cassonetto), un software facente parte del patrimonio che ha valso la quota per il Comune di Feltre in Bellunum del 28% ma che se smantellato comporta un risparmio sui costi di gestione. Mi farebbe piacere conoscere come cittadina, i risparmi provenienti dalla gestione del personale dell\u2019ecocentro in quanto mi risulta che la Bellunum si avvalga di reperire personale tramite appalti con cooperative fuori regione che poi subappaltano a 6 euro ora per contratti che variano da 3 ai 20 giorni a cooperative locali. Retribuzioni ben distanti dai 45 euro contabilizzati per il dipendente dalla azienda Bellunum.<\/p>\n<p>A queste sollecitazioni, ma ne potrei aggiungere tante altre che pongo all\u2019attenzione della attuale amministrazione, spero di avere altrettante risposte sia sul servizio erogato dall\u2019ente Bellunum, sia dalla stessa amministrazione che dovrebbe a mio avviso, prima di aumentare i costi a carico del cittadini, debba verificare e garantire il servizio verificandone i costi tramite una corretta e oculata gestione aziendale.<\/p>\n<p><strong>Nadia Forlin &#8211; Feltre<\/strong><\/p>","protected":false},"excerpt":{"rendered":"<p>106. S\u00ec 106 sembra siano le sanzioni elevate per abbandono di rifiuto fuori dai cassonetti per l\u2019anno 2022. Un dato che arriva dalle segnalazioni pervenute da diversi residenti feltrini che nei 3\/4 giorni che ruotano intorno al 6 novembre denunciavano il blocco totale del funzionamento del display dei cassonetti del secco indifferenziato su diverse isole [&hellip;]<\/p>\n","protected":false},"author":2,"featured_media":123649,"comment_status":"closed","ping_status":"open","sticky":false,"template":"","format":"standard","meta":{"footnotes":""},"categories":[1],"tags":[],"class_list":["post-138046","post","type-post","status-publish","format-standard","has-post-thumbnail","category-leo"],"yoast_head":"<!-- This site is optimized with the Yoast SEO plugin v28.4 - https:\/\/yoast.com\/product\/yoast-seo-wordpress\/ -->\n<title>Feltre, raccolta rifiuti. Disservizi, sanzioni, subappalti - Bellunopress - Dolomiti<\/title>\n<meta name=\"robots\" content=\"index, follow, max-snippet:-1, max-image-preview:large, max-video-preview:-1\" \/>\n<link rel=\"canonical\" href=\"https:\/\/www.bellunopress.it\/fr\/2022\/12\/01\/feltre-raccolta-rifiuti-disservizi-sanzioni-subappalti\/\" \/>\n<meta property=\"og:locale\" content=\"fr_FR\" \/>\n<meta property=\"og:type\" content=\"article\" \/>\n<meta property=\"og:title\" content=\"Feltre, raccolta rifiuti. Disservizi, sanzioni, subappalti - Bellunopress - Dolomiti\" \/>\n<meta property=\"og:description\" content=\"106. S\u00ec 106 sembra siano le sanzioni elevate per abbandono di rifiuto fuori dai cassonetti per l\u2019anno 2022. Un dato che arriva dalle segnalazioni pervenute da diversi residenti feltrini che nei 3\/4 giorni che ruotano intorno al 6 novembre denunciavano il blocco totale del funzionamento del display dei cassonetti del secco indifferenziato su diverse isole [&hellip;]\" \/>\n<meta property=\"og:url\" content=\"https:\/\/www.bellunopress.it\/fr\/2022\/12\/01\/feltre-raccolta-rifiuti-disservizi-sanzioni-subappalti\/\" \/>\n<meta property=\"og:site_name\" content=\"Bellunopress - Dolomiti\" \/>\n<meta property=\"article:publisher\" content=\"https:\/\/www.facebook.com\/profile.php?id=100008943462799\" \/>\n<meta property=\"article:published_time\" content=\"2022-12-01T07:16:31+00:00\" \/>\n<meta property=\"og:image\" content=\"https:\/\/www.bellunopress.it\/wp-content\/uploads\/2021\/04\/lettera-mail_edited.jpg\" \/>\n\t<meta property=\"og:image:width\" content=\"962\" \/>\n\t<meta property=\"og:image:height\" content=\"1000\" \/>\n\t<meta property=\"og:image:type\" content=\"image\/jpeg\" \/>\n<meta name=\"author\" content=\"redazione\" \/>\n<meta name=\"twitter:card\" content=\"summary_large_image\" \/>\n<meta name=\"twitter:creator\" content=\"@bellunopress\" \/>\n<meta name=\"twitter:site\" content=\"@bellunopress\" \/>\n<meta name=\"twitter:label1\" content=\"\u00c9crit par\" \/>\n\t<meta name=\"twitter:data1\" content=\"redazione\" \/>\n\t<meta name=\"twitter:label2\" content=\"Dur\u00e9e de lecture estim\u00e9e\" \/>\n\t<meta name=\"twitter:data2\" content=\"4 minutes\" \/>\n<script type=\"application\/ld+json\" class=\"yoast-schema-graph\">{\"@context\":\"https:\\\/\\\/schema.org\",\"@graph\":[{\"@type\":\"Article\",\"@id\":\"https:\\\/\\\/www.bellunopress.it\\\/2022\\\/12\\\/01\\\/feltre-raccolta-rifiuti-disservizi-sanzioni-subappalti\\\/#article\",\"isPartOf\":{\"@id\":\"https:\\\/\\\/www.bellunopress.it\\\/2022\\\/12\\\/01\\\/feltre-raccolta-rifiuti-disservizi-sanzioni-subappalti\\\/\"},\"author\":{\"name\":\"redazione\",\"@id\":\"https:\\\/\\\/www.bellunopress.it\\\/#\\\/schema\\\/person\\\/79bb06722b37ece1c03d3e94beb30d73\"},\"headline\":\"Feltre, raccolta rifiuti. Disservizi, sanzioni, subappalti\",\"datePublished\":\"2022-12-01T07:16:31+00:00\",\"mainEntityOfPage\":{\"@id\":\"https:\\\/\\\/www.bellunopress.it\\\/2022\\\/12\\\/01\\\/feltre-raccolta-rifiuti-disservizi-sanzioni-subappalti\\\/\"},\"wordCount\":575,\"publisher\":{\"@id\":\"https:\\\/\\\/www.bellunopress.it\\\/#organization\"},\"image\":{\"@id\":\"https:\\\/\\\/www.bellunopress.it\\\/2022\\\/12\\\/01\\\/feltre-raccolta-rifiuti-disservizi-sanzioni-subappalti\\\/#primaryimage\"},\"thumbnailUrl\":\"https:\\\/\\\/www.bellunopress.it\\\/wp-content\\\/uploads\\\/2021\\\/04\\\/lettera-mail_edited.jpg\",\"articleSection\":[\"Lettere Opinioni\"],\"inLanguage\":\"fr-FR\"},{\"@type\":\"WebPage\",\"@id\":\"https:\\\/\\\/www.bellunopress.it\\\/2022\\\/12\\\/01\\\/feltre-raccolta-rifiuti-disservizi-sanzioni-subappalti\\\/\",\"url\":\"https:\\\/\\\/www.bellunopress.it\\\/2022\\\/12\\\/01\\\/feltre-raccolta-rifiuti-disservizi-sanzioni-subappalti\\\/\",\"name\":\"Feltre, raccolta rifiuti. Disservizi, sanzioni, subappalti - Bellunopress - Dolomiti\",\"isPartOf\":{\"@id\":\"https:\\\/\\\/www.bellunopress.it\\\/#website\"},\"primaryImageOfPage\":{\"@id\":\"https:\\\/\\\/www.bellunopress.it\\\/2022\\\/12\\\/01\\\/feltre-raccolta-rifiuti-disservizi-sanzioni-subappalti\\\/#primaryimage\"},\"image\":{\"@id\":\"https:\\\/\\\/www.bellunopress.it\\\/2022\\\/12\\\/01\\\/feltre-raccolta-rifiuti-disservizi-sanzioni-subappalti\\\/#primaryimage\"},\"thumbnailUrl\":\"https:\\\/\\\/www.bellunopress.it\\\/wp-content\\\/uploads\\\/2021\\\/04\\\/lettera-mail_edited.jpg\",\"datePublished\":\"2022-12-01T07:16:31+00:00\",\"breadcrumb\":{\"@id\":\"https:\\\/\\\/www.bellunopress.it\\\/2022\\\/12\\\/01\\\/feltre-raccolta-rifiuti-disservizi-sanzioni-subappalti\\\/#breadcrumb\"},\"inLanguage\":\"fr-FR\",\"potentialAction\":[{\"@type\":\"ReadAction\",\"target\":[\"https:\\\/\\\/www.bellunopress.it\\\/2022\\\/12\\\/01\\\/feltre-raccolta-rifiuti-disservizi-sanzioni-subappalti\\\/\"]}]},{\"@type\":\"ImageObject\",\"inLanguage\":\"fr-FR\",\"@id\":\"https:\\\/\\\/www.bellunopress.it\\\/2022\\\/12\\\/01\\\/feltre-raccolta-rifiuti-disservizi-sanzioni-subappalti\\\/#primaryimage\",\"url\":\"https:\\\/\\\/www.bellunopress.it\\\/wp-content\\\/uploads\\\/2021\\\/04\\\/lettera-mail_edited.jpg\",\"contentUrl\":\"https:\\\/\\\/www.bellunopress.it\\\/wp-content\\\/uploads\\\/2021\\\/04\\\/lettera-mail_edited.jpg\",\"width\":962,\"height\":1000},{\"@type\":\"BreadcrumbList\",\"@id\":\"https:\\\/\\\/www.bellunopress.it\\\/2022\\\/12\\\/01\\\/feltre-raccolta-rifiuti-disservizi-sanzioni-subappalti\\\/#breadcrumb\",\"itemListElement\":[{\"@type\":\"ListItem\",\"position\":1,\"name\":\"Home\",\"item\":\"https:\\\/\\\/www.bellunopress.it\\\/\"},{\"@type\":\"ListItem\",\"position\":2,\"name\":\"Feltre, raccolta rifiuti. Disservizi, sanzioni, subappalti\"}]},{\"@type\":\"WebSite\",\"@id\":\"https:\\\/\\\/www.bellunopress.it\\\/#website\",\"url\":\"https:\\\/\\\/www.bellunopress.it\\\/\",\"name\":\"Bellunopress - Dolomiti\",\"description\":\"e-mail: redazione@bellunopress.it\",\"publisher\":{\"@id\":\"https:\\\/\\\/www.bellunopress.it\\\/#organization\"},\"potentialAction\":[{\"@type\":\"SearchAction\",\"target\":{\"@type\":\"EntryPoint\",\"urlTemplate\":\"https:\\\/\\\/www.bellunopress.it\\\/?s={search_term_string}\"},\"query-input\":{\"@type\":\"PropertyValueSpecification\",\"valueRequired\":true,\"valueName\":\"search_term_string\"}}],\"inLanguage\":\"fr-FR\"},{\"@type\":\"Organization\",\"@id\":\"https:\\\/\\\/www.bellunopress.it\\\/#organization\",\"name\":\"Bellunopress\",\"url\":\"https:\\\/\\\/www.bellunopress.it\\\/\",\"logo\":{\"@type\":\"ImageObject\",\"inLanguage\":\"fr-FR\",\"@id\":\"https:\\\/\\\/www.bellunopress.it\\\/#\\\/schema\\\/logo\\\/image\\\/\",\"url\":\"https:\\\/\\\/www.bellunopress.it\\\/wp-content\\\/uploads\\\/2011\\\/05\\\/cropped-logo-bellunopress-.jpg\",\"contentUrl\":\"https:\\\/\\\/www.bellunopress.it\\\/wp-content\\\/uploads\\\/2011\\\/05\\\/cropped-logo-bellunopress-.jpg\",\"width\":512,\"height\":512,\"caption\":\"Bellunopress\"},\"image\":{\"@id\":\"https:\\\/\\\/www.bellunopress.it\\\/#\\\/schema\\\/logo\\\/image\\\/\"},\"sameAs\":[\"https:\\\/\\\/www.facebook.com\\\/profile.php?id=100008943462799\",\"https:\\\/\\\/x.com\\\/bellunopress\",\"https:\\\/\\\/www.linkedin.com\\\/hp\\\/?dnr=JBzUWaJfMUw8vbXJJ2tVW5-I3jZKvC4wsoxE&amp;amp;amp;amp;amp;amp;trk=nav_responsive_tab_home\",\"https:\\\/\\\/www.youtube.com\\\/channel\\\/UCxL0wu1uN0_3_7hGG0306cw\"]},{\"@type\":\"Person\",\"@id\":\"https:\\\/\\\/www.bellunopress.it\\\/#\\\/schema\\\/person\\\/79bb06722b37ece1c03d3e94beb30d73\",\"name\":\"redazione\",\"image\":{\"@type\":\"ImageObject\",\"inLanguage\":\"fr-FR\",\"@id\":\"https:\\\/\\\/secure.gravatar.com\\\/avatar\\\/37d968a2e67a6fd04c169c4bdef102d0bc5d31b2546345219e348575eb80e9a0?s=96&d=mm&r=g\",\"url\":\"https:\\\/\\\/secure.gravatar.com\\\/avatar\\\/37d968a2e67a6fd04c169c4bdef102d0bc5d31b2546345219e348575eb80e9a0?s=96&d=mm&r=g\",\"contentUrl\":\"https:\\\/\\\/secure.gravatar.com\\\/avatar\\\/37d968a2e67a6fd04c169c4bdef102d0bc5d31b2546345219e348575eb80e9a0?s=96&d=mm&r=g\",\"caption\":\"redazione\"},\"sameAs\":[\"http:\\\/\\\/www.bellunopress.it\",\"https:\\\/\\\/x.com\\\/bellunopress\"],\"url\":\"https:\\\/\\\/www.bellunopress.it\\\/fr\\\/author\\\/redazione\\\/\"}]}<\/script>\n<!-- \/ Yoast SEO plugin. -->","yoast_head_json":{"title":"Feltre, raccolta rifiuti. Disservizi, sanzioni, subappalti - Bellunopress - Dolomiti","robots":{"index":"index","follow":"follow","max-snippet":"max-snippet:-1","max-image-preview":"max-image-preview:large","max-video-preview":"max-video-preview:-1"},"canonical":"https:\/\/www.bellunopress.it\/fr\/2022\/12\/01\/feltre-raccolta-rifiuti-disservizi-sanzioni-subappalti\/","og_locale":"fr_FR","og_type":"article","og_title":"Feltre, raccolta rifiuti. Disservizi, sanzioni, subappalti - Bellunopress - Dolomiti","og_description":"106. S\u00ec 106 sembra siano le sanzioni elevate per abbandono di rifiuto fuori dai cassonetti per l\u2019anno 2022. Un dato che arriva dalle segnalazioni pervenute da diversi residenti feltrini che nei 3\/4 giorni che ruotano intorno al 6 novembre denunciavano il blocco totale del funzionamento del display dei cassonetti del secco indifferenziato su diverse isole [&hellip;]","og_url":"https:\/\/www.bellunopress.it\/fr\/2022\/12\/01\/feltre-raccolta-rifiuti-disservizi-sanzioni-subappalti\/","og_site_name":"Bellunopress - Dolomiti","article_publisher":"https:\/\/www.facebook.com\/profile.php?id=100008943462799","article_published_time":"2022-12-01T07:16:31+00:00","og_image":[{"width":962,"height":1000,"url":"https:\/\/www.bellunopress.it\/wp-content\/uploads\/2021\/04\/lettera-mail_edited.jpg","type":"image\/jpeg"}],"author":"redazione","twitter_card":"summary_large_image","twitter_creator":"@bellunopress","twitter_site":"@bellunopress","twitter_misc":{"\u00c9crit par":"redazione","Dur\u00e9e de lecture estim\u00e9e":"4 minutes"},"schema":{"@context":"https:\/\/schema.org","@graph":[{"@type":"Article","@id":"https:\/\/www.bellunopress.it\/2022\/12\/01\/feltre-raccolta-rifiuti-disservizi-sanzioni-subappalti\/#article","isPartOf":{"@id":"https:\/\/www.bellunopress.it\/2022\/12\/01\/feltre-raccolta-rifiuti-disservizi-sanzioni-subappalti\/"},"author":{"name":"redazione","@id":"https:\/\/www.bellunopress.it\/#\/schema\/person\/79bb06722b37ece1c03d3e94beb30d73"},"headline":"Feltre, raccolta rifiuti. Disservizi, sanzioni, subappalti","datePublished":"2022-12-01T07:16:31+00:00","mainEntityOfPage":{"@id":"https:\/\/www.bellunopress.it\/2022\/12\/01\/feltre-raccolta-rifiuti-disservizi-sanzioni-subappalti\/"},"wordCount":575,"publisher":{"@id":"https:\/\/www.bellunopress.it\/#organization"},"image":{"@id":"https:\/\/www.bellunopress.it\/2022\/12\/01\/feltre-raccolta-rifiuti-disservizi-sanzioni-subappalti\/#primaryimage"},"thumbnailUrl":"https:\/\/www.bellunopress.it\/wp-content\/uploads\/2021\/04\/lettera-mail_edited.jpg","articleSection":["Lettere Opinioni"],"inLanguage":"fr-FR"},{"@type":"WebPage","@id":"https:\/\/www.bellunopress.it\/2022\/12\/01\/feltre-raccolta-rifiuti-disservizi-sanzioni-subappalti\/","url":"https:\/\/www.bellunopress.it\/2022\/12\/01\/feltre-raccolta-rifiuti-disservizi-sanzioni-subappalti\/","name":"Feltre, raccolta rifiuti. Disservizi, sanzioni, subappalti - Bellunopress - Dolomiti","isPartOf":{"@id":"https:\/\/www.bellunopress.it\/#website"},"primaryImageOfPage":{"@id":"https:\/\/www.bellunopress.it\/2022\/12\/01\/feltre-raccolta-rifiuti-disservizi-sanzioni-subappalti\/#primaryimage"},"image":{"@id":"https:\/\/www.bellunopress.it\/2022\/12\/01\/feltre-raccolta-rifiuti-disservizi-sanzioni-subappalti\/#primaryimage"},"thumbnailUrl":"https:\/\/www.bellunopress.it\/wp-content\/uploads\/2021\/04\/lettera-mail_edited.jpg","datePublished":"2022-12-01T07:16:31+00:00","breadcrumb":{"@id":"https:\/\/www.bellunopress.it\/2022\/12\/01\/feltre-raccolta-rifiuti-disservizi-sanzioni-subappalti\/#breadcrumb"},"inLanguage":"fr-FR","potentialAction":[{"@type":"ReadAction","target":["https:\/\/www.bellunopress.it\/2022\/12\/01\/feltre-raccolta-rifiuti-disservizi-sanzioni-subappalti\/"]}]},{"@type":"ImageObject","inLanguage":"fr-FR","@id":"https:\/\/www.bellunopress.it\/2022\/12\/01\/feltre-raccolta-rifiuti-disservizi-sanzioni-subappalti\/#primaryimage","url":"https:\/\/www.bellunopress.it\/wp-content\/uploads\/2021\/04\/lettera-mail_edited.jpg","contentUrl":"https:\/\/www.bellunopress.it\/wp-content\/uploads\/2021\/04\/lettera-mail_edited.jpg","width":962,"height":1000},{"@type":"BreadcrumbList","@id":"https:\/\/www.bellunopress.it\/2022\/12\/01\/feltre-raccolta-rifiuti-disservizi-sanzioni-subappalti\/#breadcrumb","itemListElement":[{"@type":"ListItem","position":1,"name":"Home","item":"https:\/\/www.bellunopress.it\/"},{"@type":"ListItem","position":2,"name":"Feltre, raccolta rifiuti. Disservizi, sanzioni, subappalti"}]},{"@type":"WebSite","@id":"https:\/\/www.bellunopress.it\/#website","url":"https:\/\/www.bellunopress.it\/","name":"Bellunopress - Dolomiti","description":"e-mail: redazione@bellunopress.it","publisher":{"@id":"https:\/\/www.bellunopress.it\/#organization"},"potentialAction":[{"@type":"SearchAction","target":{"@type":"EntryPoint","urlTemplate":"https:\/\/www.bellunopress.it\/?s={search_term_string}"},"query-input":{"@type":"PropertyValueSpecification","valueRequired":true,"valueName":"search_term_string"}}],"inLanguage":"fr-FR"},{"@type":"Organization","@id":"https:\/\/www.bellunopress.it\/#organization","name":"Bellunopress","url":"https:\/\/www.bellunopress.it\/","logo":{"@type":"ImageObject","inLanguage":"fr-FR","@id":"https:\/\/www.bellunopress.it\/#\/schema\/logo\/image\/","url":"https:\/\/www.bellunopress.it\/wp-content\/uploads\/2011\/05\/cropped-logo-bellunopress-.jpg","contentUrl":"https:\/\/www.bellunopress.it\/wp-content\/uploads\/2011\/05\/cropped-logo-bellunopress-.jpg","width":512,"height":512,"caption":"Bellunopress"},"image":{"@id":"https:\/\/www.bellunopress.it\/#\/schema\/logo\/image\/"},"sameAs":["https:\/\/www.facebook.com\/profile.php?id=100008943462799","https:\/\/x.com\/bellunopress","https:\/\/www.linkedin.com\/hp\/?dnr=JBzUWaJfMUw8vbXJJ2tVW5-I3jZKvC4wsoxE&amp;amp;amp;amp;amp;amp;trk=nav_responsive_tab_home","https:\/\/www.youtube.com\/channel\/UCxL0wu1uN0_3_7hGG0306cw"]},{"@type":"Person","@id":"https:\/\/www.bellunopress.it\/#\/schema\/person\/79bb06722b37ece1c03d3e94beb30d73","name":"r\u00e9daction","image":{"@type":"ImageObject","inLanguage":"fr-FR","@id":"https:\/\/secure.gravatar.com\/avatar\/37d968a2e67a6fd04c169c4bdef102d0bc5d31b2546345219e348575eb80e9a0?s=96&d=mm&r=g","url":"https:\/\/secure.gravatar.com\/avatar\/37d968a2e67a6fd04c169c4bdef102d0bc5d31b2546345219e348575eb80e9a0?s=96&d=mm&r=g","contentUrl":"https:\/\/secure.gravatar.com\/avatar\/37d968a2e67a6fd04c169c4bdef102d0bc5d31b2546345219e348575eb80e9a0?s=96&d=mm&r=g","caption":"redazione"},"sameAs":["http:\/\/www.bellunopress.it","https:\/\/x.com\/bellunopress"],"url":"https:\/\/www.bellunopress.it\/fr\/author\/redazione\/"}]}},"_links":{"self":[{"href":"https:\/\/www.bellunopress.it\/fr\/wp-json\/wp\/v2\/posts\/138046","targetHints":{"allow":["GET"]}}],"collection":[{"href":"https:\/\/www.bellunopress.it\/fr\/wp-json\/wp\/v2\/posts"}],"about":[{"href":"https:\/\/www.bellunopress.it\/fr\/wp-json\/wp\/v2\/types\/post"}],"author":[{"embeddable":true,"href":"https:\/\/www.bellunopress.it\/fr\/wp-json\/wp\/v2\/users\/2"}],"replies":[{"embeddable":true,"href":"https:\/\/www.bellunopress.it\/fr\/wp-json\/wp\/v2\/comments?post=138046"}],"version-history":[{"count":1,"href":"https:\/\/www.bellunopress.it\/fr\/wp-json\/wp\/v2\/posts\/138046\/revisions"}],"predecessor-version":[{"id":138047,"href":"https:\/\/www.bellunopress.it\/fr\/wp-json\/wp\/v2\/posts\/138046\/revisions\/138047"}],"wp:featuredmedia":[{"embeddable":true,"href":"https:\/\/www.bellunopress.it\/fr\/wp-json\/wp\/v2\/media\/123649"}],"wp:attachment":[{"href":"https:\/\/www.bellunopress.it\/fr\/wp-json\/wp\/v2\/media?parent=138046"}],"wp:term":[{"taxonomy":"category","embeddable":true,"href":"https:\/\/www.bellunopress.it\/fr\/wp-json\/wp\/v2\/categories?post=138046"},{"taxonomy":"post_tag","embeddable":true,"href":"https:\/\/www.bellunopress.it\/fr\/wp-json\/wp\/v2\/tags?post=138046"}],"curies":[{"name":"wp","href":"https:\/\/api.w.org\/{rel}","templated":true}]}}