{"id":138040,"date":"2022-11-30T16:48:35","date_gmt":"2022-11-30T15:48:35","guid":{"rendered":"https:\/\/www.bellunopress.it\/?p=138040"},"modified":"2022-11-30T16:48:35","modified_gmt":"2022-11-30T15:48:35","slug":"vino-arte-in-villa-in-valbelluna-prima-edizione-sabato-a-villa-miari-fulcis-a-modolo","status":"publish","type":"post","link":"https:\/\/www.bellunopress.it\/fr\/2022\/11\/30\/vino-arte-in-villa-in-valbelluna-prima-edizione-sabato-a-villa-miari-fulcis-a-modolo\/","title":{"rendered":"Vino &#038; Arte in Villa in Valbelluna, prima edizione. Sabato a Villa Miari Fulcis a Modolo"},"content":{"rendered":"<p><img loading=\"lazy\" decoding=\"async\" class=\"alignleft size-full wp-image-138041\" src=\"https:\/\/www.bellunopress.it\/wp-content\/uploads\/2022\/11\/vini-e-arte-in-villa-2022_edited.jpg\" alt=\"\" width=\"803\" height=\"1000\" srcset=\"https:\/\/www.bellunopress.it\/wp-content\/uploads\/2022\/11\/vini-e-arte-in-villa-2022_edited.jpg 803w, https:\/\/www.bellunopress.it\/wp-content\/uploads\/2022\/11\/vini-e-arte-in-villa-2022_edited-402x500.jpg 402w, https:\/\/www.bellunopress.it\/wp-content\/uploads\/2022\/11\/vini-e-arte-in-villa-2022_edited-696x867.jpg 696w, https:\/\/www.bellunopress.it\/wp-content\/uploads\/2022\/11\/vini-e-arte-in-villa-2022_edited-337x420.jpg 337w\" sizes=\"auto, (max-width: 803px) 100vw, 803px\" \/>Feltre, 30\/11\/2022\u00a0\u00a0Grazie ad un contributo della Regione Veneto e la collaborazione tra Consorzio Dolomiti Prealpi, Villa Miari Fulcis e Villa San Liberale sono in arrivo due date tra arte e vini in storiche location: il prossimo sabato 3 dicembre a Modolo di Belluno e il 17 dicembre a Cart di Feltre.<\/p>\n<p>\u201cSono lieto ed entusiasta di ospitare la prima data di questo evento che vede coinvolti importanti attori del settore turistico e dell\u2019accoglienza, oltre a forze giovani\u201d ha dichiarato Francesco Miari Fulcis, che aprir\u00e0 le porte della sua villa sabato 3 dalle ore 16.<br \/>\n\u201cVilla Miari Fulcis a Modolo \u00e8 un luogo particolarmente apprezzato per l\u2019allestimento di eventi durante tutto l\u2019anno, ma grazie a questo particolare progetto valorizzeremo le \u201cricchezze\u201d del territorio a tutto tondo oltre che con l\u2019arte con i sapori\u201d.<\/p>\n<p>Jannik Pra Levis sar\u00e0 curatore, con Beatrice Timillero, dell\u2019esposizione.<br \/>\n\u201cCon i cinque artisti aderenti a questa mostra di pittura collettiva abbiamo deciso di intitolare l\u2019esposizione &lt;HEIMWEH&gt;, un termine \u201cintraducibile\u201d dal tedesco ma la cui etimologia pu\u00f2 essere ricondotta alla sensazione di \u201cnostalgia di casa\u201d, poich\u00e9 il filo comune degli artisti \u00e8, oltre che l\u2019et\u00e0, la provenienza dalla provincia di Belluno e la volont\u00e0 di trasferirsi a Venezia per darsi e dare un\u2019opportunit\u00e0 alla propria vocazione e talento presso l\u2019Accademia delle Belle Arti.\u201d<\/p>\n<p>Sulla scelta di HEIMWEH come titolo, puntualizza: \u201cAlcuni degli artisti partecipanti attualmente lavorano con un proprio studio all\u2019estero, altri proseguono con gli studi di specializzazione, tuttavia il \u201critorno a casa\u201d non \u00e8 nostalgico, \u00e8 consapevole e vuole portare rinnovo al territorio di provenienza. Questa mostra collettiva \u00e8 un\u2019opportunit\u00e0 per loro ma anche per dare luce ad un sito interessante della realt\u00e0 dove sono nati.\u201d<\/p>\n<p>\u201cOgni stanza dell\u2019Ottocentesca villa rappresenter\u00e0 una personalit\u00e0 dei cinque giovani artisti bellunesi (Ariele Bacchetti, Valentina Cima, Noemi Durighello, Rovers Malaj e Beatrice Pra Floriani) e la visita sar\u00e0 senza un particolare percorso, per apprezzare opere e l\u2019inedita apertura di Villa Miari Fulcis ciascuno con i propri tempi e magari facendosi raccontare l\u2019ispirazione proprio dal pittore, che sar\u00e0 presente in sala.\u201d conclude Pra Levis.<\/p>\n<p>L\u2019evento di sabato 3 dicembre ore 16 \u00e8 aperto al pubblico e completamente gratuito. Gli ospiti partecipanti verranno omaggiati di un calice di vino del Consorzio Vini Coste del Feltrino e cicchetti Enaip Veneto Istituto di Feltre.<\/p>\n<p>&nbsp;<\/p>\n<p>&nbsp;<\/p>","protected":false},"excerpt":{"rendered":"<p>Feltre, 30\/11\/2022\u00a0\u00a0Grazie ad un contributo della Regione Veneto e la collaborazione tra Consorzio Dolomiti Prealpi, Villa Miari Fulcis e Villa San Liberale sono in arrivo due date tra arte e vini in storiche location: il prossimo sabato 3 dicembre a Modolo di Belluno e il 17 dicembre a Cart di Feltre. \u201cSono lieto ed entusiasta [&hellip;]<\/p>\n","protected":false},"author":2,"featured_media":138041,"comment_status":"closed","ping_status":"open","sticky":false,"template":"","format":"standard","meta":{"footnotes":""},"categories":[27,3393,25],"tags":[],"class_list":["post-138040","post","type-post","status-publish","format-standard","has-post-thumbnail","category-appuntamenti","category-eventi-enogastronomici","category-pausa-caffe"],"yoast_head":"<!-- This site is optimized with the Yoast SEO plugin v28.4 - https:\/\/yoast.com\/product\/yoast-seo-wordpress\/ -->\n<title>Vino &amp; Arte in Villa in Valbelluna, prima edizione. Sabato a Villa Miari Fulcis a Modolo - Bellunopress - Dolomiti<\/title>\n<meta name=\"robots\" content=\"index, follow, max-snippet:-1, max-image-preview:large, max-video-preview:-1\" \/>\n<link rel=\"canonical\" href=\"https:\/\/www.bellunopress.it\/fr\/2022\/11\/30\/vino-arte-in-villa-in-valbelluna-prima-edizione-sabato-a-villa-miari-fulcis-a-modolo\/\" \/>\n<meta property=\"og:locale\" content=\"fr_FR\" \/>\n<meta property=\"og:type\" content=\"article\" \/>\n<meta property=\"og:title\" content=\"Vino &amp; Arte in Villa in Valbelluna, prima edizione. Sabato a Villa Miari Fulcis a Modolo - Bellunopress - Dolomiti\" \/>\n<meta property=\"og:description\" content=\"Feltre, 30\/11\/2022\u00a0\u00a0Grazie ad un contributo della Regione Veneto e la collaborazione tra Consorzio Dolomiti Prealpi, Villa Miari Fulcis e Villa San Liberale sono in arrivo due date tra arte e vini in storiche location: il prossimo sabato 3 dicembre a Modolo di Belluno e il 17 dicembre a Cart di Feltre. \u201cSono lieto ed entusiasta [&hellip;]\" \/>\n<meta property=\"og:url\" content=\"https:\/\/www.bellunopress.it\/fr\/2022\/11\/30\/vino-arte-in-villa-in-valbelluna-prima-edizione-sabato-a-villa-miari-fulcis-a-modolo\/\" \/>\n<meta property=\"og:site_name\" content=\"Bellunopress - Dolomiti\" \/>\n<meta property=\"article:publisher\" content=\"https:\/\/www.facebook.com\/profile.php?id=100008943462799\" \/>\n<meta property=\"article:published_time\" content=\"2022-11-30T15:48:35+00:00\" \/>\n<meta property=\"og:image\" content=\"https:\/\/www.bellunopress.it\/wp-content\/uploads\/2022\/11\/vini-e-arte-in-villa-2022_edited.jpg\" \/>\n\t<meta property=\"og:image:width\" content=\"803\" \/>\n\t<meta property=\"og:image:height\" content=\"1000\" \/>\n\t<meta property=\"og:image:type\" content=\"image\/jpeg\" \/>\n<meta name=\"author\" content=\"redazione\" \/>\n<meta name=\"twitter:card\" content=\"summary_large_image\" \/>\n<meta name=\"twitter:creator\" content=\"@bellunopress\" \/>\n<meta name=\"twitter:site\" content=\"@bellunopress\" \/>\n<meta name=\"twitter:label1\" content=\"\u00c9crit par\" \/>\n\t<meta name=\"twitter:data1\" content=\"redazione\" \/>\n\t<meta name=\"twitter:label2\" content=\"Dur\u00e9e de lecture estim\u00e9e\" \/>\n\t<meta name=\"twitter:data2\" content=\"3 minutes\" \/>\n<script type=\"application\/ld+json\" class=\"yoast-schema-graph\">{\"@context\":\"https:\\\/\\\/schema.org\",\"@graph\":[{\"@type\":\"Article\",\"@id\":\"https:\\\/\\\/www.bellunopress.it\\\/2022\\\/11\\\/30\\\/vino-arte-in-villa-in-valbelluna-prima-edizione-sabato-a-villa-miari-fulcis-a-modolo\\\/#article\",\"isPartOf\":{\"@id\":\"https:\\\/\\\/www.bellunopress.it\\\/2022\\\/11\\\/30\\\/vino-arte-in-villa-in-valbelluna-prima-edizione-sabato-a-villa-miari-fulcis-a-modolo\\\/\"},\"author\":{\"name\":\"redazione\",\"@id\":\"https:\\\/\\\/www.bellunopress.it\\\/#\\\/schema\\\/person\\\/79bb06722b37ece1c03d3e94beb30d73\"},\"headline\":\"Vino &#038; Arte in Villa in Valbelluna, prima edizione. Sabato a Villa Miari Fulcis a Modolo\",\"datePublished\":\"2022-11-30T15:48:35+00:00\",\"mainEntityOfPage\":{\"@id\":\"https:\\\/\\\/www.bellunopress.it\\\/2022\\\/11\\\/30\\\/vino-arte-in-villa-in-valbelluna-prima-edizione-sabato-a-villa-miari-fulcis-a-modolo\\\/\"},\"wordCount\":400,\"publisher\":{\"@id\":\"https:\\\/\\\/www.bellunopress.it\\\/#organization\"},\"image\":{\"@id\":\"https:\\\/\\\/www.bellunopress.it\\\/2022\\\/11\\\/30\\\/vino-arte-in-villa-in-valbelluna-prima-edizione-sabato-a-villa-miari-fulcis-a-modolo\\\/#primaryimage\"},\"thumbnailUrl\":\"https:\\\/\\\/www.bellunopress.it\\\/wp-content\\\/uploads\\\/2022\\\/11\\\/vini-e-arte-in-villa-2022_edited.jpg\",\"articleSection\":[\"Appuntamenti, Eventi\",\"Eventi enogastronomici\",\"Pausa Caff\u00e8\"],\"inLanguage\":\"fr-FR\"},{\"@type\":\"WebPage\",\"@id\":\"https:\\\/\\\/www.bellunopress.it\\\/2022\\\/11\\\/30\\\/vino-arte-in-villa-in-valbelluna-prima-edizione-sabato-a-villa-miari-fulcis-a-modolo\\\/\",\"url\":\"https:\\\/\\\/www.bellunopress.it\\\/2022\\\/11\\\/30\\\/vino-arte-in-villa-in-valbelluna-prima-edizione-sabato-a-villa-miari-fulcis-a-modolo\\\/\",\"name\":\"Vino & Arte in Villa in Valbelluna, prima edizione. Sabato a Villa Miari Fulcis a Modolo - Bellunopress - Dolomiti\",\"isPartOf\":{\"@id\":\"https:\\\/\\\/www.bellunopress.it\\\/#website\"},\"primaryImageOfPage\":{\"@id\":\"https:\\\/\\\/www.bellunopress.it\\\/2022\\\/11\\\/30\\\/vino-arte-in-villa-in-valbelluna-prima-edizione-sabato-a-villa-miari-fulcis-a-modolo\\\/#primaryimage\"},\"image\":{\"@id\":\"https:\\\/\\\/www.bellunopress.it\\\/2022\\\/11\\\/30\\\/vino-arte-in-villa-in-valbelluna-prima-edizione-sabato-a-villa-miari-fulcis-a-modolo\\\/#primaryimage\"},\"thumbnailUrl\":\"https:\\\/\\\/www.bellunopress.it\\\/wp-content\\\/uploads\\\/2022\\\/11\\\/vini-e-arte-in-villa-2022_edited.jpg\",\"datePublished\":\"2022-11-30T15:48:35+00:00\",\"breadcrumb\":{\"@id\":\"https:\\\/\\\/www.bellunopress.it\\\/2022\\\/11\\\/30\\\/vino-arte-in-villa-in-valbelluna-prima-edizione-sabato-a-villa-miari-fulcis-a-modolo\\\/#breadcrumb\"},\"inLanguage\":\"fr-FR\",\"potentialAction\":[{\"@type\":\"ReadAction\",\"target\":[\"https:\\\/\\\/www.bellunopress.it\\\/2022\\\/11\\\/30\\\/vino-arte-in-villa-in-valbelluna-prima-edizione-sabato-a-villa-miari-fulcis-a-modolo\\\/\"]}]},{\"@type\":\"ImageObject\",\"inLanguage\":\"fr-FR\",\"@id\":\"https:\\\/\\\/www.bellunopress.it\\\/2022\\\/11\\\/30\\\/vino-arte-in-villa-in-valbelluna-prima-edizione-sabato-a-villa-miari-fulcis-a-modolo\\\/#primaryimage\",\"url\":\"https:\\\/\\\/www.bellunopress.it\\\/wp-content\\\/uploads\\\/2022\\\/11\\\/vini-e-arte-in-villa-2022_edited.jpg\",\"contentUrl\":\"https:\\\/\\\/www.bellunopress.it\\\/wp-content\\\/uploads\\\/2022\\\/11\\\/vini-e-arte-in-villa-2022_edited.jpg\",\"width\":803,\"height\":1000},{\"@type\":\"BreadcrumbList\",\"@id\":\"https:\\\/\\\/www.bellunopress.it\\\/2022\\\/11\\\/30\\\/vino-arte-in-villa-in-valbelluna-prima-edizione-sabato-a-villa-miari-fulcis-a-modolo\\\/#breadcrumb\",\"itemListElement\":[{\"@type\":\"ListItem\",\"position\":1,\"name\":\"Home\",\"item\":\"https:\\\/\\\/www.bellunopress.it\\\/\"},{\"@type\":\"ListItem\",\"position\":2,\"name\":\"Vino &#038; Arte in Villa in Valbelluna, prima edizione. Sabato a Villa Miari Fulcis a Modolo\"}]},{\"@type\":\"WebSite\",\"@id\":\"https:\\\/\\\/www.bellunopress.it\\\/#website\",\"url\":\"https:\\\/\\\/www.bellunopress.it\\\/\",\"name\":\"Bellunopress - Dolomiti\",\"description\":\"e-mail: redazione@bellunopress.it\",\"publisher\":{\"@id\":\"https:\\\/\\\/www.bellunopress.it\\\/#organization\"},\"potentialAction\":[{\"@type\":\"SearchAction\",\"target\":{\"@type\":\"EntryPoint\",\"urlTemplate\":\"https:\\\/\\\/www.bellunopress.it\\\/?s={search_term_string}\"},\"query-input\":{\"@type\":\"PropertyValueSpecification\",\"valueRequired\":true,\"valueName\":\"search_term_string\"}}],\"inLanguage\":\"fr-FR\"},{\"@type\":\"Organization\",\"@id\":\"https:\\\/\\\/www.bellunopress.it\\\/#organization\",\"name\":\"Bellunopress\",\"url\":\"https:\\\/\\\/www.bellunopress.it\\\/\",\"logo\":{\"@type\":\"ImageObject\",\"inLanguage\":\"fr-FR\",\"@id\":\"https:\\\/\\\/www.bellunopress.it\\\/#\\\/schema\\\/logo\\\/image\\\/\",\"url\":\"https:\\\/\\\/www.bellunopress.it\\\/wp-content\\\/uploads\\\/2011\\\/05\\\/cropped-logo-bellunopress-.jpg\",\"contentUrl\":\"https:\\\/\\\/www.bellunopress.it\\\/wp-content\\\/uploads\\\/2011\\\/05\\\/cropped-logo-bellunopress-.jpg\",\"width\":512,\"height\":512,\"caption\":\"Bellunopress\"},\"image\":{\"@id\":\"https:\\\/\\\/www.bellunopress.it\\\/#\\\/schema\\\/logo\\\/image\\\/\"},\"sameAs\":[\"https:\\\/\\\/www.facebook.com\\\/profile.php?id=100008943462799\",\"https:\\\/\\\/x.com\\\/bellunopress\",\"https:\\\/\\\/www.linkedin.com\\\/hp\\\/?dnr=JBzUWaJfMUw8vbXJJ2tVW5-I3jZKvC4wsoxE&amp;amp;amp;amp;amp;amp;trk=nav_responsive_tab_home\",\"https:\\\/\\\/www.youtube.com\\\/channel\\\/UCxL0wu1uN0_3_7hGG0306cw\"]},{\"@type\":\"Person\",\"@id\":\"https:\\\/\\\/www.bellunopress.it\\\/#\\\/schema\\\/person\\\/79bb06722b37ece1c03d3e94beb30d73\",\"name\":\"redazione\",\"image\":{\"@type\":\"ImageObject\",\"inLanguage\":\"fr-FR\",\"@id\":\"https:\\\/\\\/secure.gravatar.com\\\/avatar\\\/37d968a2e67a6fd04c169c4bdef102d0bc5d31b2546345219e348575eb80e9a0?s=96&d=mm&r=g\",\"url\":\"https:\\\/\\\/secure.gravatar.com\\\/avatar\\\/37d968a2e67a6fd04c169c4bdef102d0bc5d31b2546345219e348575eb80e9a0?s=96&d=mm&r=g\",\"contentUrl\":\"https:\\\/\\\/secure.gravatar.com\\\/avatar\\\/37d968a2e67a6fd04c169c4bdef102d0bc5d31b2546345219e348575eb80e9a0?s=96&d=mm&r=g\",\"caption\":\"redazione\"},\"sameAs\":[\"http:\\\/\\\/www.bellunopress.it\",\"https:\\\/\\\/x.com\\\/bellunopress\"],\"url\":\"https:\\\/\\\/www.bellunopress.it\\\/fr\\\/author\\\/redazione\\\/\"}]}<\/script>\n<!-- \/ Yoast SEO plugin. -->","yoast_head_json":{"title":"Vino & Arte in Villa in Valbelluna, prima edizione. Sabato a Villa Miari Fulcis a Modolo - Bellunopress - Dolomiti","robots":{"index":"index","follow":"follow","max-snippet":"max-snippet:-1","max-image-preview":"max-image-preview:large","max-video-preview":"max-video-preview:-1"},"canonical":"https:\/\/www.bellunopress.it\/fr\/2022\/11\/30\/vino-arte-in-villa-in-valbelluna-prima-edizione-sabato-a-villa-miari-fulcis-a-modolo\/","og_locale":"fr_FR","og_type":"article","og_title":"Vino & Arte in Villa in Valbelluna, prima edizione. Sabato a Villa Miari Fulcis a Modolo - Bellunopress - Dolomiti","og_description":"Feltre, 30\/11\/2022\u00a0\u00a0Grazie ad un contributo della Regione Veneto e la collaborazione tra Consorzio Dolomiti Prealpi, Villa Miari Fulcis e Villa San Liberale sono in arrivo due date tra arte e vini in storiche location: il prossimo sabato 3 dicembre a Modolo di Belluno e il 17 dicembre a Cart di Feltre. \u201cSono lieto ed entusiasta [&hellip;]","og_url":"https:\/\/www.bellunopress.it\/fr\/2022\/11\/30\/vino-arte-in-villa-in-valbelluna-prima-edizione-sabato-a-villa-miari-fulcis-a-modolo\/","og_site_name":"Bellunopress - Dolomiti","article_publisher":"https:\/\/www.facebook.com\/profile.php?id=100008943462799","article_published_time":"2022-11-30T15:48:35+00:00","og_image":[{"width":803,"height":1000,"url":"https:\/\/www.bellunopress.it\/wp-content\/uploads\/2022\/11\/vini-e-arte-in-villa-2022_edited.jpg","type":"image\/jpeg"}],"author":"redazione","twitter_card":"summary_large_image","twitter_creator":"@bellunopress","twitter_site":"@bellunopress","twitter_misc":{"\u00c9crit par":"redazione","Dur\u00e9e de lecture estim\u00e9e":"3 minutes"},"schema":{"@context":"https:\/\/schema.org","@graph":[{"@type":"Article","@id":"https:\/\/www.bellunopress.it\/2022\/11\/30\/vino-arte-in-villa-in-valbelluna-prima-edizione-sabato-a-villa-miari-fulcis-a-modolo\/#article","isPartOf":{"@id":"https:\/\/www.bellunopress.it\/2022\/11\/30\/vino-arte-in-villa-in-valbelluna-prima-edizione-sabato-a-villa-miari-fulcis-a-modolo\/"},"author":{"name":"redazione","@id":"https:\/\/www.bellunopress.it\/#\/schema\/person\/79bb06722b37ece1c03d3e94beb30d73"},"headline":"Vino &#038; Arte in Villa in Valbelluna, prima edizione. Sabato a Villa Miari Fulcis a Modolo","datePublished":"2022-11-30T15:48:35+00:00","mainEntityOfPage":{"@id":"https:\/\/www.bellunopress.it\/2022\/11\/30\/vino-arte-in-villa-in-valbelluna-prima-edizione-sabato-a-villa-miari-fulcis-a-modolo\/"},"wordCount":400,"publisher":{"@id":"https:\/\/www.bellunopress.it\/#organization"},"image":{"@id":"https:\/\/www.bellunopress.it\/2022\/11\/30\/vino-arte-in-villa-in-valbelluna-prima-edizione-sabato-a-villa-miari-fulcis-a-modolo\/#primaryimage"},"thumbnailUrl":"https:\/\/www.bellunopress.it\/wp-content\/uploads\/2022\/11\/vini-e-arte-in-villa-2022_edited.jpg","articleSection":["Appuntamenti, Eventi","Eventi enogastronomici","Pausa Caff\u00e8"],"inLanguage":"fr-FR"},{"@type":"WebPage","@id":"https:\/\/www.bellunopress.it\/2022\/11\/30\/vino-arte-in-villa-in-valbelluna-prima-edizione-sabato-a-villa-miari-fulcis-a-modolo\/","url":"https:\/\/www.bellunopress.it\/2022\/11\/30\/vino-arte-in-villa-in-valbelluna-prima-edizione-sabato-a-villa-miari-fulcis-a-modolo\/","name":"Vino & Arte in Villa in Valbelluna, prima edizione. Sabato a Villa Miari Fulcis a Modolo - Bellunopress - Dolomiti","isPartOf":{"@id":"https:\/\/www.bellunopress.it\/#website"},"primaryImageOfPage":{"@id":"https:\/\/www.bellunopress.it\/2022\/11\/30\/vino-arte-in-villa-in-valbelluna-prima-edizione-sabato-a-villa-miari-fulcis-a-modolo\/#primaryimage"},"image":{"@id":"https:\/\/www.bellunopress.it\/2022\/11\/30\/vino-arte-in-villa-in-valbelluna-prima-edizione-sabato-a-villa-miari-fulcis-a-modolo\/#primaryimage"},"thumbnailUrl":"https:\/\/www.bellunopress.it\/wp-content\/uploads\/2022\/11\/vini-e-arte-in-villa-2022_edited.jpg","datePublished":"2022-11-30T15:48:35+00:00","breadcrumb":{"@id":"https:\/\/www.bellunopress.it\/2022\/11\/30\/vino-arte-in-villa-in-valbelluna-prima-edizione-sabato-a-villa-miari-fulcis-a-modolo\/#breadcrumb"},"inLanguage":"fr-FR","potentialAction":[{"@type":"ReadAction","target":["https:\/\/www.bellunopress.it\/2022\/11\/30\/vino-arte-in-villa-in-valbelluna-prima-edizione-sabato-a-villa-miari-fulcis-a-modolo\/"]}]},{"@type":"ImageObject","inLanguage":"fr-FR","@id":"https:\/\/www.bellunopress.it\/2022\/11\/30\/vino-arte-in-villa-in-valbelluna-prima-edizione-sabato-a-villa-miari-fulcis-a-modolo\/#primaryimage","url":"https:\/\/www.bellunopress.it\/wp-content\/uploads\/2022\/11\/vini-e-arte-in-villa-2022_edited.jpg","contentUrl":"https:\/\/www.bellunopress.it\/wp-content\/uploads\/2022\/11\/vini-e-arte-in-villa-2022_edited.jpg","width":803,"height":1000},{"@type":"BreadcrumbList","@id":"https:\/\/www.bellunopress.it\/2022\/11\/30\/vino-arte-in-villa-in-valbelluna-prima-edizione-sabato-a-villa-miari-fulcis-a-modolo\/#breadcrumb","itemListElement":[{"@type":"ListItem","position":1,"name":"Home","item":"https:\/\/www.bellunopress.it\/"},{"@type":"ListItem","position":2,"name":"Vino &#038; Arte in Villa in Valbelluna, prima edizione. Sabato a Villa Miari Fulcis a Modolo"}]},{"@type":"WebSite","@id":"https:\/\/www.bellunopress.it\/#website","url":"https:\/\/www.bellunopress.it\/","name":"Bellunopress - Dolomiti","description":"e-mail: redazione@bellunopress.it","publisher":{"@id":"https:\/\/www.bellunopress.it\/#organization"},"potentialAction":[{"@type":"SearchAction","target":{"@type":"EntryPoint","urlTemplate":"https:\/\/www.bellunopress.it\/?s={search_term_string}"},"query-input":{"@type":"PropertyValueSpecification","valueRequired":true,"valueName":"search_term_string"}}],"inLanguage":"fr-FR"},{"@type":"Organization","@id":"https:\/\/www.bellunopress.it\/#organization","name":"Bellunopress","url":"https:\/\/www.bellunopress.it\/","logo":{"@type":"ImageObject","inLanguage":"fr-FR","@id":"https:\/\/www.bellunopress.it\/#\/schema\/logo\/image\/","url":"https:\/\/www.bellunopress.it\/wp-content\/uploads\/2011\/05\/cropped-logo-bellunopress-.jpg","contentUrl":"https:\/\/www.bellunopress.it\/wp-content\/uploads\/2011\/05\/cropped-logo-bellunopress-.jpg","width":512,"height":512,"caption":"Bellunopress"},"image":{"@id":"https:\/\/www.bellunopress.it\/#\/schema\/logo\/image\/"},"sameAs":["https:\/\/www.facebook.com\/profile.php?id=100008943462799","https:\/\/x.com\/bellunopress","https:\/\/www.linkedin.com\/hp\/?dnr=JBzUWaJfMUw8vbXJJ2tVW5-I3jZKvC4wsoxE&amp;amp;amp;amp;amp;amp;trk=nav_responsive_tab_home","https:\/\/www.youtube.com\/channel\/UCxL0wu1uN0_3_7hGG0306cw"]},{"@type":"Person","@id":"https:\/\/www.bellunopress.it\/#\/schema\/person\/79bb06722b37ece1c03d3e94beb30d73","name":"r\u00e9daction","image":{"@type":"ImageObject","inLanguage":"fr-FR","@id":"https:\/\/secure.gravatar.com\/avatar\/37d968a2e67a6fd04c169c4bdef102d0bc5d31b2546345219e348575eb80e9a0?s=96&d=mm&r=g","url":"https:\/\/secure.gravatar.com\/avatar\/37d968a2e67a6fd04c169c4bdef102d0bc5d31b2546345219e348575eb80e9a0?s=96&d=mm&r=g","contentUrl":"https:\/\/secure.gravatar.com\/avatar\/37d968a2e67a6fd04c169c4bdef102d0bc5d31b2546345219e348575eb80e9a0?s=96&d=mm&r=g","caption":"redazione"},"sameAs":["http:\/\/www.bellunopress.it","https:\/\/x.com\/bellunopress"],"url":"https:\/\/www.bellunopress.it\/fr\/author\/redazione\/"}]}},"_links":{"self":[{"href":"https:\/\/www.bellunopress.it\/fr\/wp-json\/wp\/v2\/posts\/138040","targetHints":{"allow":["GET"]}}],"collection":[{"href":"https:\/\/www.bellunopress.it\/fr\/wp-json\/wp\/v2\/posts"}],"about":[{"href":"https:\/\/www.bellunopress.it\/fr\/wp-json\/wp\/v2\/types\/post"}],"author":[{"embeddable":true,"href":"https:\/\/www.bellunopress.it\/fr\/wp-json\/wp\/v2\/users\/2"}],"replies":[{"embeddable":true,"href":"https:\/\/www.bellunopress.it\/fr\/wp-json\/wp\/v2\/comments?post=138040"}],"version-history":[{"count":1,"href":"https:\/\/www.bellunopress.it\/fr\/wp-json\/wp\/v2\/posts\/138040\/revisions"}],"predecessor-version":[{"id":138042,"href":"https:\/\/www.bellunopress.it\/fr\/wp-json\/wp\/v2\/posts\/138040\/revisions\/138042"}],"wp:featuredmedia":[{"embeddable":true,"href":"https:\/\/www.bellunopress.it\/fr\/wp-json\/wp\/v2\/media\/138041"}],"wp:attachment":[{"href":"https:\/\/www.bellunopress.it\/fr\/wp-json\/wp\/v2\/media?parent=138040"}],"wp:term":[{"taxonomy":"category","embeddable":true,"href":"https:\/\/www.bellunopress.it\/fr\/wp-json\/wp\/v2\/categories?post=138040"},{"taxonomy":"post_tag","embeddable":true,"href":"https:\/\/www.bellunopress.it\/fr\/wp-json\/wp\/v2\/tags?post=138040"}],"curies":[{"name":"wp","href":"https:\/\/api.w.org\/{rel}","templated":true}]}}