{"id":138038,"date":"2022-11-30T15:48:35","date_gmt":"2022-11-30T14:48:35","guid":{"rendered":"https:\/\/www.bellunopress.it\/?p=138038"},"modified":"2022-11-30T15:48:35","modified_gmt":"2022-11-30T14:48:35","slug":"infiltrazioni-criminalita-organizzata-nel-tessuto-economico-del-veneto","status":"publish","type":"post","link":"https:\/\/www.bellunopress.it\/fr\/2022\/11\/30\/infiltrazioni-criminalita-organizzata-nel-tessuto-economico-del-veneto\/","title":{"rendered":"Infiltrazioni criminalit\u00e0 organizzata nel tessuto economico del Veneto"},"content":{"rendered":"<figure id=\"attachment_128063\" aria-describedby=\"caption-attachment-128063\" style=\"width: 685px\" class=\"wp-caption alignleft\"><img loading=\"lazy\" decoding=\"async\" class=\"size-full wp-image-128063\" src=\"https:\/\/www.bellunopress.it\/wp-content\/uploads\/2021\/09\/Moreno-De-Col-Presidente-CNA-Veneto-25_09_021_edited.jpg\" alt=\"\" width=\"685\" height=\"800\" srcset=\"https:\/\/www.bellunopress.it\/wp-content\/uploads\/2021\/09\/Moreno-De-Col-Presidente-CNA-Veneto-25_09_021_edited.jpg 685w, https:\/\/www.bellunopress.it\/wp-content\/uploads\/2021\/09\/Moreno-De-Col-Presidente-CNA-Veneto-25_09_021_edited-428x500.jpg 428w, https:\/\/www.bellunopress.it\/wp-content\/uploads\/2021\/09\/Moreno-De-Col-Presidente-CNA-Veneto-25_09_021_edited-360x420.jpg 360w\" sizes=\"auto, (max-width: 685px) 100vw, 685px\" \/><figcaption id=\"caption-attachment-128063\" class=\"wp-caption-text\">Moreno De Col presidente CNA Veneto<\/figcaption><\/figure>\n<p>Marghera, 30 novembre 2022. Quello dell\u2019infiltrazione della criminalit\u00e0 organizzata nelle Imprese del Nord Est \u00e8 purtroppo uno dei fenomeni che in questi ultimi anni sta seriamente preoccupando il tessuto socio-economico e tutti i cittadini veneti.<br \/>\nLa questione \u00e8 stata oggetto di un interessante Convegno dal titolo \u201cLe infiltrazioni della criminalit\u00e0 organizzata nelle Imprese del Nord Est\u201d svoltosi ieri, marted\u00ec 29 novembre, nella sede della Camera di Commercio di Padova, a cui ha partecipato anche il Presidente CNA Veneto Moreno De Col.<\/p>\n<p>\u00abLa legalit\u00e0 assume un ruolo importantissimo e nei momenti di difficolt\u00e0, per l\u2019impresa l\u2019affiancamento dell\u2019associazione pu\u00f2 essere determinante per superare i problemi \u2013 ha commentato nel suo intervento il Presidente CNA Veneto Moreno De Col \u2013. Il nostro ruolo di corpo intermedio ci impone quindi la necessit\u00e0 di lavorare ad una cultura della legalit\u00e0 che deve essere alla base di un patto per combattere distorsioni ed azioni illegali. Nel mondo dell\u2019artigianato e della piccola impresa che rappresentiamo, il problema non \u00e8 tanto rischiare di cadere in giri sbagliati per ottenere lavori o appalti, quanto quello di trovarsi in crisi di liquidit\u00e0. Cito solo alcune situazioni che pesano o che possono incidere in modo determinante: i crediti edilizi bloccati; l\u2019aumento enorme dei costi energetici; le difficolt\u00e0 di accesso al credito; l\u2019aumento dell\u2019inflazione e tassi di interesse alti. Ecco che in tali situazioni, purtroppo molto comuni, anche le nostre piccole imprese &#8211; penso al settore dell\u2019edilizia, della logistica, dei pubblici esercizi, ma non solo &#8211; possono essere avvicinate da malavitosi che sembrano disponibili ad aiutare per superare le difficolt\u00e0, poi strozzano e mettono in ostaggio gli imprenditori.<br \/>\nDi fronte a tali problematiche il ruolo dei confidi assume un\u2019importanza rilevante per affiancare le imprese nei momenti di difficolt\u00e0 in ordine alla mancanza di liquidit\u00e0, ma purtroppo il sistema non viene sufficientemente riconosciuto e considerato dal sistema bancario.<br \/>\nVa sottolineato come al momento non si abbiano segnalazioni di criticit\u00e0 da parte delle nostre sedi territoriali, e non vi siano evidenze di infiltrazioni malavitose nel nostro sistema associativo, ma visto il periodo comunque difficile, monitoriamo attentamente l\u2019evoluzione della situazione.<br \/>\nCome Associazione di categoria noi siamo sentinelle e collaboriamo con le forze dell\u2019ordine, ma non riusciamo ad intercettare tutte le imprese. Per questo dobbiamo lavorare tutti assieme per rafforzare la rete tra istituzioni e corpi intermedi al fine di stringere le maglie anche in veneto per evitare il diffondersi dell\u2019illegalit\u00e0. Per costruire una rete sicura: cosicch\u00e9 ogni imprenditore in difficolt\u00e0 o vittima di estorsione possa rivolgersi a noi per trovare assistenza legale, psicologica e sociale.\u00bb<\/p>\n<p>&nbsp;<\/p>\n<p>&nbsp;<\/p>\n<p>&nbsp;<\/p>","protected":false},"excerpt":{"rendered":"<p>Marghera, 30 novembre 2022. Quello dell\u2019infiltrazione della criminalit\u00e0 organizzata nelle Imprese del Nord Est \u00e8 purtroppo uno dei fenomeni che in questi ultimi anni sta seriamente preoccupando il tessuto socio-economico e tutti i cittadini veneti. La questione \u00e8 stata oggetto di un interessante Convegno dal titolo \u201cLe infiltrazioni della criminalit\u00e0 organizzata nelle Imprese del Nord [&hellip;]<\/p>\n","protected":false},"author":2,"featured_media":128063,"comment_status":"closed","ping_status":"open","sticky":false,"template":"","format":"standard","meta":{"footnotes":""},"categories":[36,26],"tags":[],"class_list":["post-138038","post","type-post","status-publish","format-standard","has-post-thumbnail","category-lavoro-economia","category-prima-pagina"],"yoast_head":"<!-- This site is optimized with the Yoast SEO plugin v28.4 - https:\/\/yoast.com\/product\/yoast-seo-wordpress\/ -->\n<title>Infiltrazioni criminalit\u00e0 organizzata nel tessuto economico del Veneto - Bellunopress - Dolomiti<\/title>\n<meta name=\"robots\" content=\"index, follow, max-snippet:-1, max-image-preview:large, max-video-preview:-1\" \/>\n<link rel=\"canonical\" href=\"https:\/\/www.bellunopress.it\/fr\/2022\/11\/30\/infiltrazioni-criminalita-organizzata-nel-tessuto-economico-del-veneto\/\" \/>\n<meta property=\"og:locale\" content=\"fr_FR\" \/>\n<meta property=\"og:type\" content=\"article\" \/>\n<meta property=\"og:title\" content=\"Infiltrazioni criminalit\u00e0 organizzata nel tessuto economico del Veneto - Bellunopress - Dolomiti\" \/>\n<meta property=\"og:description\" content=\"Marghera, 30 novembre 2022. Quello dell\u2019infiltrazione della criminalit\u00e0 organizzata nelle Imprese del Nord Est \u00e8 purtroppo uno dei fenomeni che in questi ultimi anni sta seriamente preoccupando il tessuto socio-economico e tutti i cittadini veneti. La questione \u00e8 stata oggetto di un interessante Convegno dal titolo \u201cLe infiltrazioni della criminalit\u00e0 organizzata nelle Imprese del Nord [&hellip;]\" \/>\n<meta property=\"og:url\" content=\"https:\/\/www.bellunopress.it\/fr\/2022\/11\/30\/infiltrazioni-criminalita-organizzata-nel-tessuto-economico-del-veneto\/\" \/>\n<meta property=\"og:site_name\" content=\"Bellunopress - Dolomiti\" \/>\n<meta property=\"article:publisher\" content=\"https:\/\/www.facebook.com\/profile.php?id=100008943462799\" \/>\n<meta property=\"article:published_time\" content=\"2022-11-30T14:48:35+00:00\" \/>\n<meta property=\"og:image\" content=\"https:\/\/www.bellunopress.it\/wp-content\/uploads\/2021\/09\/Moreno-De-Col-Presidente-CNA-Veneto-25_09_021_edited.jpg\" \/>\n\t<meta property=\"og:image:width\" content=\"685\" \/>\n\t<meta property=\"og:image:height\" content=\"800\" \/>\n\t<meta property=\"og:image:type\" content=\"image\/jpeg\" \/>\n<meta name=\"author\" content=\"redazione\" \/>\n<meta name=\"twitter:card\" content=\"summary_large_image\" \/>\n<meta name=\"twitter:creator\" content=\"@bellunopress\" \/>\n<meta name=\"twitter:site\" content=\"@bellunopress\" \/>\n<meta name=\"twitter:label1\" content=\"Written by\" \/>\n\t<meta name=\"twitter:data1\" content=\"redazione\" \/>\n\t<meta name=\"twitter:label2\" content=\"Est. reading time\" \/>\n\t<meta name=\"twitter:data2\" content=\"3 minutes\" \/>\n<script type=\"application\/ld+json\" class=\"yoast-schema-graph\">{\"@context\":\"https:\\\/\\\/schema.org\",\"@graph\":[{\"@type\":\"Article\",\"@id\":\"https:\\\/\\\/www.bellunopress.it\\\/2022\\\/11\\\/30\\\/infiltrazioni-criminalita-organizzata-nel-tessuto-economico-del-veneto\\\/#article\",\"isPartOf\":{\"@id\":\"https:\\\/\\\/www.bellunopress.it\\\/2022\\\/11\\\/30\\\/infiltrazioni-criminalita-organizzata-nel-tessuto-economico-del-veneto\\\/\"},\"author\":{\"name\":\"redazione\",\"@id\":\"https:\\\/\\\/www.bellunopress.it\\\/#\\\/schema\\\/person\\\/79bb06722b37ece1c03d3e94beb30d73\"},\"headline\":\"Infiltrazioni criminalit\u00e0 organizzata nel tessuto economico del Veneto\",\"datePublished\":\"2022-11-30T14:48:35+00:00\",\"mainEntityOfPage\":{\"@id\":\"https:\\\/\\\/www.bellunopress.it\\\/2022\\\/11\\\/30\\\/infiltrazioni-criminalita-organizzata-nel-tessuto-economico-del-veneto\\\/\"},\"wordCount\":449,\"publisher\":{\"@id\":\"https:\\\/\\\/www.bellunopress.it\\\/#organization\"},\"image\":{\"@id\":\"https:\\\/\\\/www.bellunopress.it\\\/2022\\\/11\\\/30\\\/infiltrazioni-criminalita-organizzata-nel-tessuto-economico-del-veneto\\\/#primaryimage\"},\"thumbnailUrl\":\"https:\\\/\\\/www.bellunopress.it\\\/wp-content\\\/uploads\\\/2021\\\/09\\\/Moreno-De-Col-Presidente-CNA-Veneto-25_09_021_edited.jpg\",\"articleSection\":[\"Lavoro, Economia, Turismo\",\"Prima Pagina\"],\"inLanguage\":\"fr-FR\"},{\"@type\":\"WebPage\",\"@id\":\"https:\\\/\\\/www.bellunopress.it\\\/2022\\\/11\\\/30\\\/infiltrazioni-criminalita-organizzata-nel-tessuto-economico-del-veneto\\\/\",\"url\":\"https:\\\/\\\/www.bellunopress.it\\\/2022\\\/11\\\/30\\\/infiltrazioni-criminalita-organizzata-nel-tessuto-economico-del-veneto\\\/\",\"name\":\"Infiltrazioni criminalit\u00e0 organizzata nel tessuto economico del Veneto - Bellunopress - Dolomiti\",\"isPartOf\":{\"@id\":\"https:\\\/\\\/www.bellunopress.it\\\/#website\"},\"primaryImageOfPage\":{\"@id\":\"https:\\\/\\\/www.bellunopress.it\\\/2022\\\/11\\\/30\\\/infiltrazioni-criminalita-organizzata-nel-tessuto-economico-del-veneto\\\/#primaryimage\"},\"image\":{\"@id\":\"https:\\\/\\\/www.bellunopress.it\\\/2022\\\/11\\\/30\\\/infiltrazioni-criminalita-organizzata-nel-tessuto-economico-del-veneto\\\/#primaryimage\"},\"thumbnailUrl\":\"https:\\\/\\\/www.bellunopress.it\\\/wp-content\\\/uploads\\\/2021\\\/09\\\/Moreno-De-Col-Presidente-CNA-Veneto-25_09_021_edited.jpg\",\"datePublished\":\"2022-11-30T14:48:35+00:00\",\"breadcrumb\":{\"@id\":\"https:\\\/\\\/www.bellunopress.it\\\/2022\\\/11\\\/30\\\/infiltrazioni-criminalita-organizzata-nel-tessuto-economico-del-veneto\\\/#breadcrumb\"},\"inLanguage\":\"fr-FR\",\"potentialAction\":[{\"@type\":\"ReadAction\",\"target\":[\"https:\\\/\\\/www.bellunopress.it\\\/2022\\\/11\\\/30\\\/infiltrazioni-criminalita-organizzata-nel-tessuto-economico-del-veneto\\\/\"]}]},{\"@type\":\"ImageObject\",\"inLanguage\":\"fr-FR\",\"@id\":\"https:\\\/\\\/www.bellunopress.it\\\/2022\\\/11\\\/30\\\/infiltrazioni-criminalita-organizzata-nel-tessuto-economico-del-veneto\\\/#primaryimage\",\"url\":\"https:\\\/\\\/www.bellunopress.it\\\/wp-content\\\/uploads\\\/2021\\\/09\\\/Moreno-De-Col-Presidente-CNA-Veneto-25_09_021_edited.jpg\",\"contentUrl\":\"https:\\\/\\\/www.bellunopress.it\\\/wp-content\\\/uploads\\\/2021\\\/09\\\/Moreno-De-Col-Presidente-CNA-Veneto-25_09_021_edited.jpg\",\"width\":685,\"height\":800,\"caption\":\"Moreno De Col presidente CNA Veneto\"},{\"@type\":\"BreadcrumbList\",\"@id\":\"https:\\\/\\\/www.bellunopress.it\\\/2022\\\/11\\\/30\\\/infiltrazioni-criminalita-organizzata-nel-tessuto-economico-del-veneto\\\/#breadcrumb\",\"itemListElement\":[{\"@type\":\"ListItem\",\"position\":1,\"name\":\"Home\",\"item\":\"https:\\\/\\\/www.bellunopress.it\\\/\"},{\"@type\":\"ListItem\",\"position\":2,\"name\":\"Infiltrazioni criminalit\u00e0 organizzata nel tessuto economico del Veneto\"}]},{\"@type\":\"WebSite\",\"@id\":\"https:\\\/\\\/www.bellunopress.it\\\/#website\",\"url\":\"https:\\\/\\\/www.bellunopress.it\\\/\",\"name\":\"Bellunopress - Dolomiti\",\"description\":\"e-mail: redazione@bellunopress.it\",\"publisher\":{\"@id\":\"https:\\\/\\\/www.bellunopress.it\\\/#organization\"},\"potentialAction\":[{\"@type\":\"SearchAction\",\"target\":{\"@type\":\"EntryPoint\",\"urlTemplate\":\"https:\\\/\\\/www.bellunopress.it\\\/?s={search_term_string}\"},\"query-input\":{\"@type\":\"PropertyValueSpecification\",\"valueRequired\":true,\"valueName\":\"search_term_string\"}}],\"inLanguage\":\"fr-FR\"},{\"@type\":\"Organization\",\"@id\":\"https:\\\/\\\/www.bellunopress.it\\\/#organization\",\"name\":\"Bellunopress\",\"url\":\"https:\\\/\\\/www.bellunopress.it\\\/\",\"logo\":{\"@type\":\"ImageObject\",\"inLanguage\":\"fr-FR\",\"@id\":\"https:\\\/\\\/www.bellunopress.it\\\/#\\\/schema\\\/logo\\\/image\\\/\",\"url\":\"https:\\\/\\\/www.bellunopress.it\\\/wp-content\\\/uploads\\\/2011\\\/05\\\/cropped-logo-bellunopress-.jpg\",\"contentUrl\":\"https:\\\/\\\/www.bellunopress.it\\\/wp-content\\\/uploads\\\/2011\\\/05\\\/cropped-logo-bellunopress-.jpg\",\"width\":512,\"height\":512,\"caption\":\"Bellunopress\"},\"image\":{\"@id\":\"https:\\\/\\\/www.bellunopress.it\\\/#\\\/schema\\\/logo\\\/image\\\/\"},\"sameAs\":[\"https:\\\/\\\/www.facebook.com\\\/profile.php?id=100008943462799\",\"https:\\\/\\\/x.com\\\/bellunopress\",\"https:\\\/\\\/www.linkedin.com\\\/hp\\\/?dnr=JBzUWaJfMUw8vbXJJ2tVW5-I3jZKvC4wsoxE&amp;amp;amp;amp;amp;amp;trk=nav_responsive_tab_home\",\"https:\\\/\\\/www.youtube.com\\\/channel\\\/UCxL0wu1uN0_3_7hGG0306cw\"]},{\"@type\":\"Person\",\"@id\":\"https:\\\/\\\/www.bellunopress.it\\\/#\\\/schema\\\/person\\\/79bb06722b37ece1c03d3e94beb30d73\",\"name\":\"redazione\",\"image\":{\"@type\":\"ImageObject\",\"inLanguage\":\"fr-FR\",\"@id\":\"https:\\\/\\\/secure.gravatar.com\\\/avatar\\\/37d968a2e67a6fd04c169c4bdef102d0bc5d31b2546345219e348575eb80e9a0?s=96&d=mm&r=g\",\"url\":\"https:\\\/\\\/secure.gravatar.com\\\/avatar\\\/37d968a2e67a6fd04c169c4bdef102d0bc5d31b2546345219e348575eb80e9a0?s=96&d=mm&r=g\",\"contentUrl\":\"https:\\\/\\\/secure.gravatar.com\\\/avatar\\\/37d968a2e67a6fd04c169c4bdef102d0bc5d31b2546345219e348575eb80e9a0?s=96&d=mm&r=g\",\"caption\":\"redazione\"},\"sameAs\":[\"http:\\\/\\\/www.bellunopress.it\",\"https:\\\/\\\/x.com\\\/bellunopress\"],\"url\":\"https:\\\/\\\/www.bellunopress.it\\\/fr\\\/author\\\/redazione\\\/\"}]}<\/script>\n<!-- \/ Yoast SEO plugin. -->","yoast_head_json":{"title":"Infiltrazioni criminalit\u00e0 organizzata nel tessuto economico del Veneto - Bellunopress - Dolomiti","robots":{"index":"index","follow":"follow","max-snippet":"max-snippet:-1","max-image-preview":"max-image-preview:large","max-video-preview":"max-video-preview:-1"},"canonical":"https:\/\/www.bellunopress.it\/fr\/2022\/11\/30\/infiltrazioni-criminalita-organizzata-nel-tessuto-economico-del-veneto\/","og_locale":"fr_FR","og_type":"article","og_title":"Infiltrazioni criminalit\u00e0 organizzata nel tessuto economico del Veneto - Bellunopress - Dolomiti","og_description":"Marghera, 30 novembre 2022. Quello dell\u2019infiltrazione della criminalit\u00e0 organizzata nelle Imprese del Nord Est \u00e8 purtroppo uno dei fenomeni che in questi ultimi anni sta seriamente preoccupando il tessuto socio-economico e tutti i cittadini veneti. La questione \u00e8 stata oggetto di un interessante Convegno dal titolo \u201cLe infiltrazioni della criminalit\u00e0 organizzata nelle Imprese del Nord [&hellip;]","og_url":"https:\/\/www.bellunopress.it\/fr\/2022\/11\/30\/infiltrazioni-criminalita-organizzata-nel-tessuto-economico-del-veneto\/","og_site_name":"Bellunopress - Dolomiti","article_publisher":"https:\/\/www.facebook.com\/profile.php?id=100008943462799","article_published_time":"2022-11-30T14:48:35+00:00","og_image":[{"width":685,"height":800,"url":"https:\/\/www.bellunopress.it\/wp-content\/uploads\/2021\/09\/Moreno-De-Col-Presidente-CNA-Veneto-25_09_021_edited.jpg","type":"image\/jpeg"}],"author":"redazione","twitter_card":"summary_large_image","twitter_creator":"@bellunopress","twitter_site":"@bellunopress","twitter_misc":{"Written by":"redazione","Est. reading time":"3 minutes"},"schema":{"@context":"https:\/\/schema.org","@graph":[{"@type":"Article","@id":"https:\/\/www.bellunopress.it\/2022\/11\/30\/infiltrazioni-criminalita-organizzata-nel-tessuto-economico-del-veneto\/#article","isPartOf":{"@id":"https:\/\/www.bellunopress.it\/2022\/11\/30\/infiltrazioni-criminalita-organizzata-nel-tessuto-economico-del-veneto\/"},"author":{"name":"redazione","@id":"https:\/\/www.bellunopress.it\/#\/schema\/person\/79bb06722b37ece1c03d3e94beb30d73"},"headline":"Infiltrazioni criminalit\u00e0 organizzata nel tessuto economico del Veneto","datePublished":"2022-11-30T14:48:35+00:00","mainEntityOfPage":{"@id":"https:\/\/www.bellunopress.it\/2022\/11\/30\/infiltrazioni-criminalita-organizzata-nel-tessuto-economico-del-veneto\/"},"wordCount":449,"publisher":{"@id":"https:\/\/www.bellunopress.it\/#organization"},"image":{"@id":"https:\/\/www.bellunopress.it\/2022\/11\/30\/infiltrazioni-criminalita-organizzata-nel-tessuto-economico-del-veneto\/#primaryimage"},"thumbnailUrl":"https:\/\/www.bellunopress.it\/wp-content\/uploads\/2021\/09\/Moreno-De-Col-Presidente-CNA-Veneto-25_09_021_edited.jpg","articleSection":["Lavoro, Economia, Turismo","Prima Pagina"],"inLanguage":"fr-FR"},{"@type":"WebPage","@id":"https:\/\/www.bellunopress.it\/2022\/11\/30\/infiltrazioni-criminalita-organizzata-nel-tessuto-economico-del-veneto\/","url":"https:\/\/www.bellunopress.it\/2022\/11\/30\/infiltrazioni-criminalita-organizzata-nel-tessuto-economico-del-veneto\/","name":"Infiltrazioni criminalit\u00e0 organizzata nel tessuto economico del Veneto - Bellunopress - Dolomiti","isPartOf":{"@id":"https:\/\/www.bellunopress.it\/#website"},"primaryImageOfPage":{"@id":"https:\/\/www.bellunopress.it\/2022\/11\/30\/infiltrazioni-criminalita-organizzata-nel-tessuto-economico-del-veneto\/#primaryimage"},"image":{"@id":"https:\/\/www.bellunopress.it\/2022\/11\/30\/infiltrazioni-criminalita-organizzata-nel-tessuto-economico-del-veneto\/#primaryimage"},"thumbnailUrl":"https:\/\/www.bellunopress.it\/wp-content\/uploads\/2021\/09\/Moreno-De-Col-Presidente-CNA-Veneto-25_09_021_edited.jpg","datePublished":"2022-11-30T14:48:35+00:00","breadcrumb":{"@id":"https:\/\/www.bellunopress.it\/2022\/11\/30\/infiltrazioni-criminalita-organizzata-nel-tessuto-economico-del-veneto\/#breadcrumb"},"inLanguage":"fr-FR","potentialAction":[{"@type":"ReadAction","target":["https:\/\/www.bellunopress.it\/2022\/11\/30\/infiltrazioni-criminalita-organizzata-nel-tessuto-economico-del-veneto\/"]}]},{"@type":"ImageObject","inLanguage":"fr-FR","@id":"https:\/\/www.bellunopress.it\/2022\/11\/30\/infiltrazioni-criminalita-organizzata-nel-tessuto-economico-del-veneto\/#primaryimage","url":"https:\/\/www.bellunopress.it\/wp-content\/uploads\/2021\/09\/Moreno-De-Col-Presidente-CNA-Veneto-25_09_021_edited.jpg","contentUrl":"https:\/\/www.bellunopress.it\/wp-content\/uploads\/2021\/09\/Moreno-De-Col-Presidente-CNA-Veneto-25_09_021_edited.jpg","width":685,"height":800,"caption":"Moreno De Col presidente CNA Veneto"},{"@type":"BreadcrumbList","@id":"https:\/\/www.bellunopress.it\/2022\/11\/30\/infiltrazioni-criminalita-organizzata-nel-tessuto-economico-del-veneto\/#breadcrumb","itemListElement":[{"@type":"ListItem","position":1,"name":"Home","item":"https:\/\/www.bellunopress.it\/"},{"@type":"ListItem","position":2,"name":"Infiltrazioni criminalit\u00e0 organizzata nel tessuto economico del Veneto"}]},{"@type":"WebSite","@id":"https:\/\/www.bellunopress.it\/#website","url":"https:\/\/www.bellunopress.it\/","name":"Bellunopress - Dolomiti","description":"e-mail: redazione@bellunopress.it","publisher":{"@id":"https:\/\/www.bellunopress.it\/#organization"},"potentialAction":[{"@type":"SearchAction","target":{"@type":"EntryPoint","urlTemplate":"https:\/\/www.bellunopress.it\/?s={search_term_string}"},"query-input":{"@type":"PropertyValueSpecification","valueRequired":true,"valueName":"search_term_string"}}],"inLanguage":"fr-FR"},{"@type":"Organization","@id":"https:\/\/www.bellunopress.it\/#organization","name":"Bellunopress","url":"https:\/\/www.bellunopress.it\/","logo":{"@type":"ImageObject","inLanguage":"fr-FR","@id":"https:\/\/www.bellunopress.it\/#\/schema\/logo\/image\/","url":"https:\/\/www.bellunopress.it\/wp-content\/uploads\/2011\/05\/cropped-logo-bellunopress-.jpg","contentUrl":"https:\/\/www.bellunopress.it\/wp-content\/uploads\/2011\/05\/cropped-logo-bellunopress-.jpg","width":512,"height":512,"caption":"Bellunopress"},"image":{"@id":"https:\/\/www.bellunopress.it\/#\/schema\/logo\/image\/"},"sameAs":["https:\/\/www.facebook.com\/profile.php?id=100008943462799","https:\/\/x.com\/bellunopress","https:\/\/www.linkedin.com\/hp\/?dnr=JBzUWaJfMUw8vbXJJ2tVW5-I3jZKvC4wsoxE&amp;amp;amp;amp;amp;amp;trk=nav_responsive_tab_home","https:\/\/www.youtube.com\/channel\/UCxL0wu1uN0_3_7hGG0306cw"]},{"@type":"Person","@id":"https:\/\/www.bellunopress.it\/#\/schema\/person\/79bb06722b37ece1c03d3e94beb30d73","name":"r\u00e9daction","image":{"@type":"ImageObject","inLanguage":"fr-FR","@id":"https:\/\/secure.gravatar.com\/avatar\/37d968a2e67a6fd04c169c4bdef102d0bc5d31b2546345219e348575eb80e9a0?s=96&d=mm&r=g","url":"https:\/\/secure.gravatar.com\/avatar\/37d968a2e67a6fd04c169c4bdef102d0bc5d31b2546345219e348575eb80e9a0?s=96&d=mm&r=g","contentUrl":"https:\/\/secure.gravatar.com\/avatar\/37d968a2e67a6fd04c169c4bdef102d0bc5d31b2546345219e348575eb80e9a0?s=96&d=mm&r=g","caption":"redazione"},"sameAs":["http:\/\/www.bellunopress.it","https:\/\/x.com\/bellunopress"],"url":"https:\/\/www.bellunopress.it\/fr\/author\/redazione\/"}]}},"_links":{"self":[{"href":"https:\/\/www.bellunopress.it\/fr\/wp-json\/wp\/v2\/posts\/138038","targetHints":{"allow":["GET"]}}],"collection":[{"href":"https:\/\/www.bellunopress.it\/fr\/wp-json\/wp\/v2\/posts"}],"about":[{"href":"https:\/\/www.bellunopress.it\/fr\/wp-json\/wp\/v2\/types\/post"}],"author":[{"embeddable":true,"href":"https:\/\/www.bellunopress.it\/fr\/wp-json\/wp\/v2\/users\/2"}],"replies":[{"embeddable":true,"href":"https:\/\/www.bellunopress.it\/fr\/wp-json\/wp\/v2\/comments?post=138038"}],"version-history":[{"count":1,"href":"https:\/\/www.bellunopress.it\/fr\/wp-json\/wp\/v2\/posts\/138038\/revisions"}],"predecessor-version":[{"id":138039,"href":"https:\/\/www.bellunopress.it\/fr\/wp-json\/wp\/v2\/posts\/138038\/revisions\/138039"}],"wp:featuredmedia":[{"embeddable":true,"href":"https:\/\/www.bellunopress.it\/fr\/wp-json\/wp\/v2\/media\/128063"}],"wp:attachment":[{"href":"https:\/\/www.bellunopress.it\/fr\/wp-json\/wp\/v2\/media?parent=138038"}],"wp:term":[{"taxonomy":"category","embeddable":true,"href":"https:\/\/www.bellunopress.it\/fr\/wp-json\/wp\/v2\/categories?post=138038"},{"taxonomy":"post_tag","embeddable":true,"href":"https:\/\/www.bellunopress.it\/fr\/wp-json\/wp\/v2\/tags?post=138038"}],"curies":[{"name":"wp","href":"https:\/\/api.w.org\/{rel}","templated":true}]}}