{"id":138033,"date":"2022-11-30T07:10:56","date_gmt":"2022-11-30T06:10:56","guid":{"rendered":"https:\/\/www.bellunopress.it\/?p=138033"},"modified":"2022-11-30T07:10:56","modified_gmt":"2022-11-30T06:10:56","slug":"bando-regionale-per-la-parita-ed-equilibrio-di-genere-donazzan-10-milioni-per-sostenere-una-cultura-piu-inclusiva","status":"publish","type":"post","link":"https:\/\/www.bellunopress.it\/fr\/2022\/11\/30\/bando-regionale-per-la-parita-ed-equilibrio-di-genere-donazzan-10-milioni-per-sostenere-una-cultura-piu-inclusiva\/","title":{"rendered":"Bando regionale per la parit\u00e0 ed equilibrio di genere. Donazzan: &#8220;10 milioni per sostenere una cultura pi\u00f9 inclusiva&#8221;"},"content":{"rendered":"<p><strong>I progetti potranno essere presentati entro il 31 gennaio 2023 dagli enti accreditati <\/strong><\/p>\n<figure id=\"attachment_116119\" aria-describedby=\"caption-attachment-116119\" style=\"width: 597px\" class=\"wp-caption alignleft\"><img loading=\"lazy\" decoding=\"async\" class=\"size-full wp-image-116119\" src=\"https:\/\/www.bellunopress.it\/wp-content\/uploads\/2020\/07\/Elena-Donazzan_edited.jpg\" alt=\"\" width=\"597\" height=\"800\" srcset=\"https:\/\/www.bellunopress.it\/wp-content\/uploads\/2020\/07\/Elena-Donazzan_edited.jpg 597w, https:\/\/www.bellunopress.it\/wp-content\/uploads\/2020\/07\/Elena-Donazzan_edited-373x500.jpg 373w, https:\/\/www.bellunopress.it\/wp-content\/uploads\/2020\/07\/Elena-Donazzan_edited-313x420.jpg 313w\" sizes=\"auto, (max-width: 597px) 100vw, 597px\" \/><figcaption id=\"caption-attachment-116119\" class=\"wp-caption-text\">Elena Donazzan assessore regionale all&#8217;Istruzione, alla Formazione e al Lavoro<\/figcaption><\/figure>\n<p>\u201cAnche in Veneto, nonostante i livelli di occupazione femminile pi\u00f9 alti della media nazionale, persistono delle disparit\u00e0 di genere che si riflettono nella partecipazione delle donne al mercato del lavoro. Una cifra su tutte \u00e8 quella che indica che il 30% delle donne in et\u00e0 lavorativa in Veneto sono inattive, quindi non hanno un impiego e non lo cercano, una percentuale quasi doppia rispetto agli uomini. Inoltre le donne hanno contratti di lavoro pi\u00f9 precari e ricorrono al part-time molto pi\u00f9 spesso degli uomini. Ecco questi sono numeri che vogliamo cambiare. Per questo abbiamo scelto di mettere in campo una iniziativa da 10 milioni di euro per sostenere progetti innovativi che favoriscano una maggiore partecipazione delle donne venete in particolare nel mondo del lavoro\u201d.<\/p>\n<p>Cos\u00ec l\u2019Assessore regionale al lavoro, istruzione, formazione e pari opportunit\u00e0 Elena Donazzan annuncia l\u2019approvazione oggi da parte della Giunta regionale del bando \u201cP.A.R.I. \u2013 Progetti e Azioni di Rete Innovativi per la parit\u00e0 e l\u2019equilibrio di genere\u201d che finanzier\u00e0 progetti territoriali di contrasto agli stereotipi e alle discriminazioni di genere, allo scopo di migliorare l\u2019occupazione femminile in Veneto, sia dal punto di vista quantitativo che qualitativo.<\/p>\n<p>\u201cTra i primi bandi di questa nuova stagione del Fondo Sociale Europeo appena approvato \u2013 sottolinea Donazzan &#8211; abbiamo voluto dare impulso alle azioni legate alla disparit\u00e0 di genere, all\u2019inclusione delle donne quale elemento del sistema sociale e del mercato del lavoro. Aiutare una donna ad essere autonoma economicamente attraverso il lavoro, aiutare le donne a fare rete loro per costruire una societ\u00e0 pi\u00f9 a loro misura e a misura della loro maternit\u00e0 significa non solo migliorare degli standard quantitativi a cui ci richiama l\u2019Unione Europea, ma anche qualitativi\u201d.<\/p>\n<p>L\u2019intervento \u00e8, dunque, finalizzato a ridurre gli ostacoli, anche culturali, che impediscono la partecipazione equilibrata di donne e uomini al mercato del lavoro e alla societ\u00e0 in generale. Il contrasto alle disparit\u00e0 di genere, infatti, \u00e8 un valore da perseguire per realizzare una societ\u00e0 pi\u00f9 equa, ma \u00e8 anche essenziale per la competitivit\u00e0\u0300 del sistema economico regionale, essendo noti i vantaggi in termini di ricchezza del territorio derivanti da una maggiore partecipazione delle donne al mercato del lavoro e da un pi\u00f9 efficace impiego delle risorse umane disponibili.<\/p>\n<p>Il bando stanzia quasi 10 milioni di euro del nuovo Programma regionale del Fondo sociale europeo Plus, ripartiti per provincia e citt\u00e0 metropolitana, per finanziare progetti innovativi di ampia portata che modellizzano, sperimentano e diffondono azioni in grado di incidere sugli aspetti culturali e strutturali che ostacolano l\u2019equilibrio di genere.<\/p>\n<p>\u201c\u00c8 un bando che consegna molte risorse alle azioni di rete \u2013 indica Donazzan &#8211; per un contesto da migliorare sotto l\u2019aspetto dei servizi, delle relazioni, non solo per obiettivi da raggiungere ma anche per strumenti da mettere a disposizione. Confido molto che l\u2019innovazione sociale possa contribuire a migliorare gli standard di inserimento e mantenimento del posto di lavoro per le donne\u201d<\/p>\n<p>\u201cOgni progetto \u2013 precisa ancora Donazzan &#8211; si focalizzer\u00e0 su una tematica, scegliendo tra quelle individuate nel bando come prioritarie, ossia sviluppo delle competenze, in particolare in ambito STEM\/STEAM e digitale, leadership femminile e ruoli apicali nella societ\u00e0, imprenditorialit\u00e0 femminile, diversit\u00e0 e modelli organizzativi del lavoro, divario retributivo di genere e occupazione delle giovani donne. Queste tematiche saranno sviluppate secondo tre dimensioni trasversali: la lotta agli stereotipi e alla discriminazione basata sul genere, la partecipazione equilibrata al mercato del lavoro e l\u2019equilibrio tra vita professionale e vita privata\u201d.<\/p>\n<p>I progetti coinvolgeranno un partenariato molto ampio e variegato, composto da soggetti pubblici e privati che, a diverso titolo e su vari livelli intervengono nella promozione della parit\u00e0 di genere, con l\u2019obiettivo di creare o rinforzare delle reti territoriali che lavorino stabilmente su questi temi. Le attivit\u00e0 progettuali si rivolgeranno a gruppi di destinatari e destinatarie eterogenei, che includono ovviamente tutte le donne, sia occupate che disoccupate, ma anche gli uomini, nonch\u00e9 gli studenti, le studentesse e i docenti delle Scuole e dei Percorsi di Istruzione Superiore e Formazione Professionale.<\/p>\n<p>I progetti potranno essere presentati entro il 31 gennaio 2023 dagli enti accreditati ai servizi al lavoro, alla formazione superiore o continua e l\u2019avvio delle attivit\u00e0 \u00e8 previsto, indicativamente, entro il mese di maggio.<\/p>","protected":false},"excerpt":{"rendered":"<p>I progetti potranno essere presentati entro il 31 gennaio 2023 dagli enti accreditati \u201cAnche in Veneto, nonostante i livelli di occupazione femminile pi\u00f9 alti della media nazionale, persistono delle disparit\u00e0 di genere che si riflettono nella partecipazione delle donne al mercato del lavoro. Una cifra su tutte \u00e8 quella che indica che il 30% delle [&hellip;]<\/p>\n","protected":false},"author":2,"featured_media":116119,"comment_status":"closed","ping_status":"open","sticky":false,"template":"","format":"standard","meta":{"footnotes":""},"categories":[36],"tags":[],"class_list":["post-138033","post","type-post","status-publish","format-standard","has-post-thumbnail","category-lavoro-economia"],"yoast_head":"<!-- This site is optimized with the Yoast SEO plugin v28.4 - https:\/\/yoast.com\/product\/yoast-seo-wordpress\/ -->\n<title>Bando regionale per la parit\u00e0 ed equilibrio di genere. Donazzan: &quot;10 milioni per sostenere una cultura pi\u00f9 inclusiva&quot; - Bellunopress - Dolomiti<\/title>\n<meta name=\"robots\" content=\"index, follow, max-snippet:-1, max-image-preview:large, max-video-preview:-1\" \/>\n<link rel=\"canonical\" href=\"https:\/\/www.bellunopress.it\/fr\/2022\/11\/30\/bando-regionale-per-la-parita-ed-equilibrio-di-genere-donazzan-10-milioni-per-sostenere-una-cultura-piu-inclusiva\/\" \/>\n<meta property=\"og:locale\" content=\"fr_FR\" \/>\n<meta property=\"og:type\" content=\"article\" \/>\n<meta property=\"og:title\" content=\"Bando regionale per la parit\u00e0 ed equilibrio di genere. Donazzan: &quot;10 milioni per sostenere una cultura pi\u00f9 inclusiva&quot; - Bellunopress - Dolomiti\" \/>\n<meta property=\"og:description\" content=\"I progetti potranno essere presentati entro il 31 gennaio 2023 dagli enti accreditati \u201cAnche in Veneto, nonostante i livelli di occupazione femminile pi\u00f9 alti della media nazionale, persistono delle disparit\u00e0 di genere che si riflettono nella partecipazione delle donne al mercato del lavoro. Una cifra su tutte \u00e8 quella che indica che il 30% delle [&hellip;]\" \/>\n<meta property=\"og:url\" content=\"https:\/\/www.bellunopress.it\/fr\/2022\/11\/30\/bando-regionale-per-la-parita-ed-equilibrio-di-genere-donazzan-10-milioni-per-sostenere-una-cultura-piu-inclusiva\/\" \/>\n<meta property=\"og:site_name\" content=\"Bellunopress - Dolomiti\" \/>\n<meta property=\"article:publisher\" content=\"https:\/\/www.facebook.com\/profile.php?id=100008943462799\" \/>\n<meta property=\"article:published_time\" content=\"2022-11-30T06:10:56+00:00\" \/>\n<meta property=\"og:image\" content=\"https:\/\/www.bellunopress.it\/wp-content\/uploads\/2020\/07\/Elena-Donazzan_edited.jpg\" \/>\n\t<meta property=\"og:image:width\" content=\"597\" \/>\n\t<meta property=\"og:image:height\" content=\"800\" \/>\n\t<meta property=\"og:image:type\" content=\"image\/jpeg\" \/>\n<meta name=\"author\" content=\"redazione\" \/>\n<meta name=\"twitter:card\" content=\"summary_large_image\" \/>\n<meta name=\"twitter:creator\" content=\"@bellunopress\" \/>\n<meta name=\"twitter:site\" content=\"@bellunopress\" \/>\n<meta name=\"twitter:label1\" content=\"\u00c9crit par\" \/>\n\t<meta name=\"twitter:data1\" content=\"redazione\" \/>\n\t<meta name=\"twitter:label2\" content=\"Dur\u00e9e de lecture estim\u00e9e\" \/>\n\t<meta name=\"twitter:data2\" content=\"4 minutes\" \/>\n<script type=\"application\/ld+json\" class=\"yoast-schema-graph\">{\"@context\":\"https:\\\/\\\/schema.org\",\"@graph\":[{\"@type\":\"Article\",\"@id\":\"https:\\\/\\\/www.bellunopress.it\\\/2022\\\/11\\\/30\\\/bando-regionale-per-la-parita-ed-equilibrio-di-genere-donazzan-10-milioni-per-sostenere-una-cultura-piu-inclusiva\\\/#article\",\"isPartOf\":{\"@id\":\"https:\\\/\\\/www.bellunopress.it\\\/2022\\\/11\\\/30\\\/bando-regionale-per-la-parita-ed-equilibrio-di-genere-donazzan-10-milioni-per-sostenere-una-cultura-piu-inclusiva\\\/\"},\"author\":{\"name\":\"redazione\",\"@id\":\"https:\\\/\\\/www.bellunopress.it\\\/#\\\/schema\\\/person\\\/79bb06722b37ece1c03d3e94beb30d73\"},\"headline\":\"Bando regionale per la parit\u00e0 ed equilibrio di genere. Donazzan: &#8220;10 milioni per sostenere una cultura pi\u00f9 inclusiva&#8221;\",\"datePublished\":\"2022-11-30T06:10:56+00:00\",\"mainEntityOfPage\":{\"@id\":\"https:\\\/\\\/www.bellunopress.it\\\/2022\\\/11\\\/30\\\/bando-regionale-per-la-parita-ed-equilibrio-di-genere-donazzan-10-milioni-per-sostenere-una-cultura-piu-inclusiva\\\/\"},\"wordCount\":739,\"publisher\":{\"@id\":\"https:\\\/\\\/www.bellunopress.it\\\/#organization\"},\"image\":{\"@id\":\"https:\\\/\\\/www.bellunopress.it\\\/2022\\\/11\\\/30\\\/bando-regionale-per-la-parita-ed-equilibrio-di-genere-donazzan-10-milioni-per-sostenere-una-cultura-piu-inclusiva\\\/#primaryimage\"},\"thumbnailUrl\":\"https:\\\/\\\/www.bellunopress.it\\\/wp-content\\\/uploads\\\/2020\\\/07\\\/Elena-Donazzan_edited.jpg\",\"articleSection\":[\"Lavoro, Economia, Turismo\"],\"inLanguage\":\"fr-FR\"},{\"@type\":\"WebPage\",\"@id\":\"https:\\\/\\\/www.bellunopress.it\\\/2022\\\/11\\\/30\\\/bando-regionale-per-la-parita-ed-equilibrio-di-genere-donazzan-10-milioni-per-sostenere-una-cultura-piu-inclusiva\\\/\",\"url\":\"https:\\\/\\\/www.bellunopress.it\\\/2022\\\/11\\\/30\\\/bando-regionale-per-la-parita-ed-equilibrio-di-genere-donazzan-10-milioni-per-sostenere-una-cultura-piu-inclusiva\\\/\",\"name\":\"Bando regionale per la parit\u00e0 ed equilibrio di genere. Donazzan: \\\"10 milioni per sostenere una cultura pi\u00f9 inclusiva\\\" - Bellunopress - Dolomiti\",\"isPartOf\":{\"@id\":\"https:\\\/\\\/www.bellunopress.it\\\/#website\"},\"primaryImageOfPage\":{\"@id\":\"https:\\\/\\\/www.bellunopress.it\\\/2022\\\/11\\\/30\\\/bando-regionale-per-la-parita-ed-equilibrio-di-genere-donazzan-10-milioni-per-sostenere-una-cultura-piu-inclusiva\\\/#primaryimage\"},\"image\":{\"@id\":\"https:\\\/\\\/www.bellunopress.it\\\/2022\\\/11\\\/30\\\/bando-regionale-per-la-parita-ed-equilibrio-di-genere-donazzan-10-milioni-per-sostenere-una-cultura-piu-inclusiva\\\/#primaryimage\"},\"thumbnailUrl\":\"https:\\\/\\\/www.bellunopress.it\\\/wp-content\\\/uploads\\\/2020\\\/07\\\/Elena-Donazzan_edited.jpg\",\"datePublished\":\"2022-11-30T06:10:56+00:00\",\"breadcrumb\":{\"@id\":\"https:\\\/\\\/www.bellunopress.it\\\/2022\\\/11\\\/30\\\/bando-regionale-per-la-parita-ed-equilibrio-di-genere-donazzan-10-milioni-per-sostenere-una-cultura-piu-inclusiva\\\/#breadcrumb\"},\"inLanguage\":\"fr-FR\",\"potentialAction\":[{\"@type\":\"ReadAction\",\"target\":[\"https:\\\/\\\/www.bellunopress.it\\\/2022\\\/11\\\/30\\\/bando-regionale-per-la-parita-ed-equilibrio-di-genere-donazzan-10-milioni-per-sostenere-una-cultura-piu-inclusiva\\\/\"]}]},{\"@type\":\"ImageObject\",\"inLanguage\":\"fr-FR\",\"@id\":\"https:\\\/\\\/www.bellunopress.it\\\/2022\\\/11\\\/30\\\/bando-regionale-per-la-parita-ed-equilibrio-di-genere-donazzan-10-milioni-per-sostenere-una-cultura-piu-inclusiva\\\/#primaryimage\",\"url\":\"https:\\\/\\\/www.bellunopress.it\\\/wp-content\\\/uploads\\\/2020\\\/07\\\/Elena-Donazzan_edited.jpg\",\"contentUrl\":\"https:\\\/\\\/www.bellunopress.it\\\/wp-content\\\/uploads\\\/2020\\\/07\\\/Elena-Donazzan_edited.jpg\",\"width\":597,\"height\":800,\"caption\":\"Elena Donazzan assessore regionale all'Istruzione, alla Formazione e al Lavoro\"},{\"@type\":\"BreadcrumbList\",\"@id\":\"https:\\\/\\\/www.bellunopress.it\\\/2022\\\/11\\\/30\\\/bando-regionale-per-la-parita-ed-equilibrio-di-genere-donazzan-10-milioni-per-sostenere-una-cultura-piu-inclusiva\\\/#breadcrumb\",\"itemListElement\":[{\"@type\":\"ListItem\",\"position\":1,\"name\":\"Home\",\"item\":\"https:\\\/\\\/www.bellunopress.it\\\/\"},{\"@type\":\"ListItem\",\"position\":2,\"name\":\"Bando regionale per la parit\u00e0 ed equilibrio di genere. Donazzan: &#8220;10 milioni per sostenere una cultura pi\u00f9 inclusiva&#8221;\"}]},{\"@type\":\"WebSite\",\"@id\":\"https:\\\/\\\/www.bellunopress.it\\\/#website\",\"url\":\"https:\\\/\\\/www.bellunopress.it\\\/\",\"name\":\"Bellunopress - Dolomiti\",\"description\":\"e-mail: redazione@bellunopress.it\",\"publisher\":{\"@id\":\"https:\\\/\\\/www.bellunopress.it\\\/#organization\"},\"potentialAction\":[{\"@type\":\"SearchAction\",\"target\":{\"@type\":\"EntryPoint\",\"urlTemplate\":\"https:\\\/\\\/www.bellunopress.it\\\/?s={search_term_string}\"},\"query-input\":{\"@type\":\"PropertyValueSpecification\",\"valueRequired\":true,\"valueName\":\"search_term_string\"}}],\"inLanguage\":\"fr-FR\"},{\"@type\":\"Organization\",\"@id\":\"https:\\\/\\\/www.bellunopress.it\\\/#organization\",\"name\":\"Bellunopress\",\"url\":\"https:\\\/\\\/www.bellunopress.it\\\/\",\"logo\":{\"@type\":\"ImageObject\",\"inLanguage\":\"fr-FR\",\"@id\":\"https:\\\/\\\/www.bellunopress.it\\\/#\\\/schema\\\/logo\\\/image\\\/\",\"url\":\"https:\\\/\\\/www.bellunopress.it\\\/wp-content\\\/uploads\\\/2011\\\/05\\\/cropped-logo-bellunopress-.jpg\",\"contentUrl\":\"https:\\\/\\\/www.bellunopress.it\\\/wp-content\\\/uploads\\\/2011\\\/05\\\/cropped-logo-bellunopress-.jpg\",\"width\":512,\"height\":512,\"caption\":\"Bellunopress\"},\"image\":{\"@id\":\"https:\\\/\\\/www.bellunopress.it\\\/#\\\/schema\\\/logo\\\/image\\\/\"},\"sameAs\":[\"https:\\\/\\\/www.facebook.com\\\/profile.php?id=100008943462799\",\"https:\\\/\\\/x.com\\\/bellunopress\",\"https:\\\/\\\/www.linkedin.com\\\/hp\\\/?dnr=JBzUWaJfMUw8vbXJJ2tVW5-I3jZKvC4wsoxE&amp;amp;amp;amp;amp;amp;trk=nav_responsive_tab_home\",\"https:\\\/\\\/www.youtube.com\\\/channel\\\/UCxL0wu1uN0_3_7hGG0306cw\"]},{\"@type\":\"Person\",\"@id\":\"https:\\\/\\\/www.bellunopress.it\\\/#\\\/schema\\\/person\\\/79bb06722b37ece1c03d3e94beb30d73\",\"name\":\"redazione\",\"image\":{\"@type\":\"ImageObject\",\"inLanguage\":\"fr-FR\",\"@id\":\"https:\\\/\\\/secure.gravatar.com\\\/avatar\\\/37d968a2e67a6fd04c169c4bdef102d0bc5d31b2546345219e348575eb80e9a0?s=96&d=mm&r=g\",\"url\":\"https:\\\/\\\/secure.gravatar.com\\\/avatar\\\/37d968a2e67a6fd04c169c4bdef102d0bc5d31b2546345219e348575eb80e9a0?s=96&d=mm&r=g\",\"contentUrl\":\"https:\\\/\\\/secure.gravatar.com\\\/avatar\\\/37d968a2e67a6fd04c169c4bdef102d0bc5d31b2546345219e348575eb80e9a0?s=96&d=mm&r=g\",\"caption\":\"redazione\"},\"sameAs\":[\"http:\\\/\\\/www.bellunopress.it\",\"https:\\\/\\\/x.com\\\/bellunopress\"],\"url\":\"https:\\\/\\\/www.bellunopress.it\\\/fr\\\/author\\\/redazione\\\/\"}]}<\/script>\n<!-- \/ Yoast SEO plugin. -->","yoast_head_json":{"title":"Bando regionale per la parit\u00e0 ed equilibrio di genere. Donazzan: \"10 milioni per sostenere una cultura pi\u00f9 inclusiva\" - Bellunopress - Dolomiti","robots":{"index":"index","follow":"follow","max-snippet":"max-snippet:-1","max-image-preview":"max-image-preview:large","max-video-preview":"max-video-preview:-1"},"canonical":"https:\/\/www.bellunopress.it\/fr\/2022\/11\/30\/bando-regionale-per-la-parita-ed-equilibrio-di-genere-donazzan-10-milioni-per-sostenere-una-cultura-piu-inclusiva\/","og_locale":"fr_FR","og_type":"article","og_title":"Bando regionale per la parit\u00e0 ed equilibrio di genere. Donazzan: \"10 milioni per sostenere una cultura pi\u00f9 inclusiva\" - Bellunopress - Dolomiti","og_description":"I progetti potranno essere presentati entro il 31 gennaio 2023 dagli enti accreditati \u201cAnche in Veneto, nonostante i livelli di occupazione femminile pi\u00f9 alti della media nazionale, persistono delle disparit\u00e0 di genere che si riflettono nella partecipazione delle donne al mercato del lavoro. Una cifra su tutte \u00e8 quella che indica che il 30% delle [&hellip;]","og_url":"https:\/\/www.bellunopress.it\/fr\/2022\/11\/30\/bando-regionale-per-la-parita-ed-equilibrio-di-genere-donazzan-10-milioni-per-sostenere-una-cultura-piu-inclusiva\/","og_site_name":"Bellunopress - Dolomiti","article_publisher":"https:\/\/www.facebook.com\/profile.php?id=100008943462799","article_published_time":"2022-11-30T06:10:56+00:00","og_image":[{"width":597,"height":800,"url":"https:\/\/www.bellunopress.it\/wp-content\/uploads\/2020\/07\/Elena-Donazzan_edited.jpg","type":"image\/jpeg"}],"author":"redazione","twitter_card":"summary_large_image","twitter_creator":"@bellunopress","twitter_site":"@bellunopress","twitter_misc":{"\u00c9crit par":"redazione","Dur\u00e9e de lecture estim\u00e9e":"4 minutes"},"schema":{"@context":"https:\/\/schema.org","@graph":[{"@type":"Article","@id":"https:\/\/www.bellunopress.it\/2022\/11\/30\/bando-regionale-per-la-parita-ed-equilibrio-di-genere-donazzan-10-milioni-per-sostenere-una-cultura-piu-inclusiva\/#article","isPartOf":{"@id":"https:\/\/www.bellunopress.it\/2022\/11\/30\/bando-regionale-per-la-parita-ed-equilibrio-di-genere-donazzan-10-milioni-per-sostenere-una-cultura-piu-inclusiva\/"},"author":{"name":"redazione","@id":"https:\/\/www.bellunopress.it\/#\/schema\/person\/79bb06722b37ece1c03d3e94beb30d73"},"headline":"Bando regionale per la parit\u00e0 ed equilibrio di genere. Donazzan: &#8220;10 milioni per sostenere una cultura pi\u00f9 inclusiva&#8221;","datePublished":"2022-11-30T06:10:56+00:00","mainEntityOfPage":{"@id":"https:\/\/www.bellunopress.it\/2022\/11\/30\/bando-regionale-per-la-parita-ed-equilibrio-di-genere-donazzan-10-milioni-per-sostenere-una-cultura-piu-inclusiva\/"},"wordCount":739,"publisher":{"@id":"https:\/\/www.bellunopress.it\/#organization"},"image":{"@id":"https:\/\/www.bellunopress.it\/2022\/11\/30\/bando-regionale-per-la-parita-ed-equilibrio-di-genere-donazzan-10-milioni-per-sostenere-una-cultura-piu-inclusiva\/#primaryimage"},"thumbnailUrl":"https:\/\/www.bellunopress.it\/wp-content\/uploads\/2020\/07\/Elena-Donazzan_edited.jpg","articleSection":["Lavoro, Economia, Turismo"],"inLanguage":"fr-FR"},{"@type":"WebPage","@id":"https:\/\/www.bellunopress.it\/2022\/11\/30\/bando-regionale-per-la-parita-ed-equilibrio-di-genere-donazzan-10-milioni-per-sostenere-una-cultura-piu-inclusiva\/","url":"https:\/\/www.bellunopress.it\/2022\/11\/30\/bando-regionale-per-la-parita-ed-equilibrio-di-genere-donazzan-10-milioni-per-sostenere-una-cultura-piu-inclusiva\/","name":"Bando regionale per la parit\u00e0 ed equilibrio di genere. Donazzan: \"10 milioni per sostenere una cultura pi\u00f9 inclusiva\" - Bellunopress - Dolomiti","isPartOf":{"@id":"https:\/\/www.bellunopress.it\/#website"},"primaryImageOfPage":{"@id":"https:\/\/www.bellunopress.it\/2022\/11\/30\/bando-regionale-per-la-parita-ed-equilibrio-di-genere-donazzan-10-milioni-per-sostenere-una-cultura-piu-inclusiva\/#primaryimage"},"image":{"@id":"https:\/\/www.bellunopress.it\/2022\/11\/30\/bando-regionale-per-la-parita-ed-equilibrio-di-genere-donazzan-10-milioni-per-sostenere-una-cultura-piu-inclusiva\/#primaryimage"},"thumbnailUrl":"https:\/\/www.bellunopress.it\/wp-content\/uploads\/2020\/07\/Elena-Donazzan_edited.jpg","datePublished":"2022-11-30T06:10:56+00:00","breadcrumb":{"@id":"https:\/\/www.bellunopress.it\/2022\/11\/30\/bando-regionale-per-la-parita-ed-equilibrio-di-genere-donazzan-10-milioni-per-sostenere-una-cultura-piu-inclusiva\/#breadcrumb"},"inLanguage":"fr-FR","potentialAction":[{"@type":"ReadAction","target":["https:\/\/www.bellunopress.it\/2022\/11\/30\/bando-regionale-per-la-parita-ed-equilibrio-di-genere-donazzan-10-milioni-per-sostenere-una-cultura-piu-inclusiva\/"]}]},{"@type":"ImageObject","inLanguage":"fr-FR","@id":"https:\/\/www.bellunopress.it\/2022\/11\/30\/bando-regionale-per-la-parita-ed-equilibrio-di-genere-donazzan-10-milioni-per-sostenere-una-cultura-piu-inclusiva\/#primaryimage","url":"https:\/\/www.bellunopress.it\/wp-content\/uploads\/2020\/07\/Elena-Donazzan_edited.jpg","contentUrl":"https:\/\/www.bellunopress.it\/wp-content\/uploads\/2020\/07\/Elena-Donazzan_edited.jpg","width":597,"height":800,"caption":"Elena Donazzan assessore regionale all'Istruzione, alla Formazione e al Lavoro"},{"@type":"BreadcrumbList","@id":"https:\/\/www.bellunopress.it\/2022\/11\/30\/bando-regionale-per-la-parita-ed-equilibrio-di-genere-donazzan-10-milioni-per-sostenere-una-cultura-piu-inclusiva\/#breadcrumb","itemListElement":[{"@type":"ListItem","position":1,"name":"Home","item":"https:\/\/www.bellunopress.it\/"},{"@type":"ListItem","position":2,"name":"Bando regionale per la parit\u00e0 ed equilibrio di genere. Donazzan: &#8220;10 milioni per sostenere una cultura pi\u00f9 inclusiva&#8221;"}]},{"@type":"WebSite","@id":"https:\/\/www.bellunopress.it\/#website","url":"https:\/\/www.bellunopress.it\/","name":"Bellunopress - Dolomiti","description":"e-mail: redazione@bellunopress.it","publisher":{"@id":"https:\/\/www.bellunopress.it\/#organization"},"potentialAction":[{"@type":"SearchAction","target":{"@type":"EntryPoint","urlTemplate":"https:\/\/www.bellunopress.it\/?s={search_term_string}"},"query-input":{"@type":"PropertyValueSpecification","valueRequired":true,"valueName":"search_term_string"}}],"inLanguage":"fr-FR"},{"@type":"Organization","@id":"https:\/\/www.bellunopress.it\/#organization","name":"Bellunopress","url":"https:\/\/www.bellunopress.it\/","logo":{"@type":"ImageObject","inLanguage":"fr-FR","@id":"https:\/\/www.bellunopress.it\/#\/schema\/logo\/image\/","url":"https:\/\/www.bellunopress.it\/wp-content\/uploads\/2011\/05\/cropped-logo-bellunopress-.jpg","contentUrl":"https:\/\/www.bellunopress.it\/wp-content\/uploads\/2011\/05\/cropped-logo-bellunopress-.jpg","width":512,"height":512,"caption":"Bellunopress"},"image":{"@id":"https:\/\/www.bellunopress.it\/#\/schema\/logo\/image\/"},"sameAs":["https:\/\/www.facebook.com\/profile.php?id=100008943462799","https:\/\/x.com\/bellunopress","https:\/\/www.linkedin.com\/hp\/?dnr=JBzUWaJfMUw8vbXJJ2tVW5-I3jZKvC4wsoxE&amp;amp;amp;amp;amp;amp;trk=nav_responsive_tab_home","https:\/\/www.youtube.com\/channel\/UCxL0wu1uN0_3_7hGG0306cw"]},{"@type":"Person","@id":"https:\/\/www.bellunopress.it\/#\/schema\/person\/79bb06722b37ece1c03d3e94beb30d73","name":"r\u00e9daction","image":{"@type":"ImageObject","inLanguage":"fr-FR","@id":"https:\/\/secure.gravatar.com\/avatar\/37d968a2e67a6fd04c169c4bdef102d0bc5d31b2546345219e348575eb80e9a0?s=96&d=mm&r=g","url":"https:\/\/secure.gravatar.com\/avatar\/37d968a2e67a6fd04c169c4bdef102d0bc5d31b2546345219e348575eb80e9a0?s=96&d=mm&r=g","contentUrl":"https:\/\/secure.gravatar.com\/avatar\/37d968a2e67a6fd04c169c4bdef102d0bc5d31b2546345219e348575eb80e9a0?s=96&d=mm&r=g","caption":"redazione"},"sameAs":["http:\/\/www.bellunopress.it","https:\/\/x.com\/bellunopress"],"url":"https:\/\/www.bellunopress.it\/fr\/author\/redazione\/"}]}},"_links":{"self":[{"href":"https:\/\/www.bellunopress.it\/fr\/wp-json\/wp\/v2\/posts\/138033","targetHints":{"allow":["GET"]}}],"collection":[{"href":"https:\/\/www.bellunopress.it\/fr\/wp-json\/wp\/v2\/posts"}],"about":[{"href":"https:\/\/www.bellunopress.it\/fr\/wp-json\/wp\/v2\/types\/post"}],"author":[{"embeddable":true,"href":"https:\/\/www.bellunopress.it\/fr\/wp-json\/wp\/v2\/users\/2"}],"replies":[{"embeddable":true,"href":"https:\/\/www.bellunopress.it\/fr\/wp-json\/wp\/v2\/comments?post=138033"}],"version-history":[{"count":1,"href":"https:\/\/www.bellunopress.it\/fr\/wp-json\/wp\/v2\/posts\/138033\/revisions"}],"predecessor-version":[{"id":138034,"href":"https:\/\/www.bellunopress.it\/fr\/wp-json\/wp\/v2\/posts\/138033\/revisions\/138034"}],"wp:featuredmedia":[{"embeddable":true,"href":"https:\/\/www.bellunopress.it\/fr\/wp-json\/wp\/v2\/media\/116119"}],"wp:attachment":[{"href":"https:\/\/www.bellunopress.it\/fr\/wp-json\/wp\/v2\/media?parent=138033"}],"wp:term":[{"taxonomy":"category","embeddable":true,"href":"https:\/\/www.bellunopress.it\/fr\/wp-json\/wp\/v2\/categories?post=138033"},{"taxonomy":"post_tag","embeddable":true,"href":"https:\/\/www.bellunopress.it\/fr\/wp-json\/wp\/v2\/tags?post=138033"}],"curies":[{"name":"wp","href":"https:\/\/api.w.org\/{rel}","templated":true}]}}