{"id":138031,"date":"2022-11-30T07:04:46","date_gmt":"2022-11-30T06:04:46","guid":{"rendered":"https:\/\/www.bellunopress.it\/?p=138031"},"modified":"2022-11-30T07:04:46","modified_gmt":"2022-11-30T06:04:46","slug":"belluno-saldo-imu-2022-entro-il-16-dicembre-invariate-aliquote-e-detrazioni","status":"publish","type":"post","link":"https:\/\/www.bellunopress.it\/fr\/2022\/11\/30\/belluno-saldo-imu-2022-entro-il-16-dicembre-invariate-aliquote-e-detrazioni\/","title":{"rendered":"Belluno, saldo Imu 2022 entro il 16 dicembre. Invariate aliquote e detrazioni"},"content":{"rendered":"<p><img loading=\"lazy\" decoding=\"async\" class=\"alignleft  wp-image-134017\" src=\"https:\/\/www.bellunopress.it\/wp-content\/uploads\/2022\/06\/IMU.jpg\" alt=\"\" width=\"375\" height=\"214\" srcset=\"https:\/\/www.bellunopress.it\/wp-content\/uploads\/2022\/06\/IMU.jpg 640w, https:\/\/www.bellunopress.it\/wp-content\/uploads\/2022\/06\/IMU-500x285.jpg 500w\" sizes=\"auto, (max-width: 375px) 100vw, 375px\" \/>Scade venerd\u00ec 16 dicembre 2022 il termine per il pagamento del saldo IMU 2022.<br \/>\nLa legge 234\/2021 (legge di Bilancio 2022) prevede alcune agevolazioni per il pagamento<br \/>\ndell\u2019IMU 2022:<\/p>\n<p>&#8211; Riduzione IMU 2022 per titolari di pensione estera maturata in regime di<br \/>\nconvenzione internazionale con l\u2019Italia, non residenti<br \/>\nLimitatamente all\u2019anno 2022 \u00e8 riconosciuta una riduzione pari al 62,50% dell\u2019IMU dovuta per una sola unit\u00e0 immobiliare a uso abitativo (non locata o data in comodato d\u2019uso), posseduta in Italia a titolo di propriet\u00e0 o usufrutto da soggetti non residenti nel territorio dello Stato, titolari di pensione estera maturata in regime di convenzione internazionale con l\u2019Italia.<br \/>\nI beneficiari della nuova agevolazione sono i pensionati che hanno lavorato in Stati con i quali l\u2019Italia ha stipulato una Convenzione bilaterale in materia di protezione sociale.<\/p>\n<p>&#8211; Esenzione IMU 2022:<br \/>\n1) immobili di Categoria catastale D\/3 destinati a spettacoli cinematografici, teatri e sale per concerti e spettacoli, a condizione che i relativi proprietari siano anche i gestori delle attivit\u00e0 ivi esercitate (Art. 78, comma 1, lett. d), e comma 3 del D.L. 104\/2020);<br \/>\n2) dal 2022 i beni merce, ossia gli immobili di propriet\u00e0 di imprese edili, costruiti e destinati<br \/>\nalla vendita, non locati, finch\u00e9 permangono in questa condizione (Art. 1, comma 751, L.<br \/>\n160\/20219 &#8211; Legge di Bilancio 2020).<\/p>\n<p>Per beneficiare delle riduzioni ed esenzioni \u00e8 necessario presentare la Dichiarazione IMU.<br \/>\nL&#8217;Ufficio Tributi del Comune di Belluno \u00e8 a disposizione dei contribuenti per assistenza e<br \/>\ninformazioni sul pagamento.<br \/>\nContinua a essere assicurato anche per il saldo 2022 il consueto servizio gratuito di<br \/>\nassistenza e predisposizione dei modelli di pagamento F24, che saranno<br \/>\nprioritariamente inviati tramite email a chi ne far\u00e0 richiesta, al fine di evitare<br \/>\nassembramenti allo sportello e nei locali comunali.<\/p>\n<p>I contribuenti sprovvisti di posta elettronica personale potranno:<br \/>\n&#8211; far pervenire la richiesta tramite email inviata da una persona di fiducia, che indicher\u00e0<br \/>\ndi essere stata delegata;<br \/>\n&#8211; prenotare telefonicamente il calcolo dell\u2019acconto comunicando un indirizzo di posta<br \/>\nelettronica di riferimento, oppure la disponibilit\u00e0 al ritiro del modello F24 stampato, su<br \/>\nappuntamento fissato in tempo utile per il pagamento nei termini previsti.<\/p>\n<p>NON \u00e8 previsto l&#8217;invio generalizzato dei modelli precompilati di pagamento, pertanto il<br \/>\nversamento IMU 2022 deve avvenire in AUTOLIQUIDAZIONE da parte del contribuente.<br \/>\nOn-line sul sito del Comune di Belluno www.comune.belluno.it, alla voce \u201cIMU 2022&#8243; sono<br \/>\ndisponibili:<br \/>\n\u2022 la Guida acconto IMU 2022, che espone le principali novit\u00e0 della \u201cnuova IMU\u201d e le<br \/>\nmodalit\u00e0 di calcolo dell\u2019imposta dovuta;<br \/>\n\u2022 il modulo per calcolare acconto e saldo IMU 2022 (con stampa di report e del modello<br \/>\nF24) e per versarlo direttamente con carta di credito o My Bank, tramite il servizio DigitPOS24 attivo nel modulo;<br \/>\n\u2022 il modulo per regolarizzare (con ravvedimento) l\u2019omesso\/parziale versamento relativo<br \/>\nall\u2019acconto IMU 2022, scaduto lo scorso 16 giugno, e\/o alle annualit\u00e0 pregresse.<br \/>\nI versamenti F24 possono essere effettuati (senza commissioni):<br \/>\n&#8211; direttamente dalla pagina di calcolo utilizzando l\u2019apposita funzionalit\u00e0;<br \/>\n&#8211; tramite le correnti applicazioni di home-banking;<br \/>\n&#8211; presso gli sportelli bancari o postali, ovvero presso ogni tabaccheria.<\/p>\n<p>Il servizio di assistenza fiscale, a titolo gratuito, \u00e8 quindi fruibile nel seguente<br \/>\nmodo:<br \/>\n&#8211; utilizzando autonomamente il link per il calcolo che si trova nella pagina raggiungibile<br \/>\ndalla homepage del sito Internet istituzionale alla voce \u201cIMU 2022\u201d;<br \/>\n&#8211; via email, richiedendo la documentazione al seguente indirizzo: imu@comune.belluno.it<br \/>\n\uf0b7 fissando un appuntamento tramite l\u2019agenda informatica \u201cSaldo IMU 2022\u201d al link<br \/>\nhttps:\/\/prenotazioni.comune.belluno.it, per ritirare il modello F24 stampato, in tempo<br \/>\nutile per il pagamento nei termini previsti.<br \/>\nPer informazioni \u00e8 possibile rivolgersi allo Sportello dei Cittadini al numero 0437 913222<br \/>\n(dal luned\u00ec al venerd\u00ec, dalle 10.00 alle 12.00 e gioved\u00ec anche dalle 15.00 alle 17.00), oppure direttamente all&#8217;Ufficio Tributi ai numeri 0437 913424 o 913491, il marted\u00ec, gioved\u00ec e venerd\u00ec dalle 9.00 alle 12.30.<\/p>","protected":false},"excerpt":{"rendered":"<p>Scade venerd\u00ec 16 dicembre 2022 il termine per il pagamento del saldo IMU 2022. La legge 234\/2021 (legge di Bilancio 2022) prevede alcune agevolazioni per il pagamento dell\u2019IMU 2022: &#8211; Riduzione IMU 2022 per titolari di pensione estera maturata in regime di convenzione internazionale con l\u2019Italia, non residenti Limitatamente all\u2019anno 2022 \u00e8 riconosciuta una riduzione [&hellip;]<\/p>\n","protected":false},"author":2,"featured_media":134017,"comment_status":"closed","ping_status":"open","sticky":false,"template":"","format":"standard","meta":{"footnotes":""},"categories":[8],"tags":[],"class_list":["post-138031","post","type-post","status-publish","format-standard","has-post-thumbnail","category-societa-istituzioni"],"yoast_head":"<!-- This site is optimized with the Yoast SEO plugin v28.4 - https:\/\/yoast.com\/product\/yoast-seo-wordpress\/ -->\n<title>Belluno, saldo Imu 2022 entro il 16 dicembre. Invariate aliquote e detrazioni - Bellunopress - Dolomiti<\/title>\n<meta name=\"robots\" content=\"index, follow, max-snippet:-1, max-image-preview:large, max-video-preview:-1\" \/>\n<link rel=\"canonical\" href=\"https:\/\/www.bellunopress.it\/fr\/2022\/11\/30\/belluno-saldo-imu-2022-entro-il-16-dicembre-invariate-aliquote-e-detrazioni\/\" \/>\n<meta property=\"og:locale\" content=\"fr_FR\" \/>\n<meta property=\"og:type\" content=\"article\" \/>\n<meta property=\"og:title\" content=\"Belluno, saldo Imu 2022 entro il 16 dicembre. Invariate aliquote e detrazioni - Bellunopress - Dolomiti\" \/>\n<meta property=\"og:description\" content=\"Scade venerd\u00ec 16 dicembre 2022 il termine per il pagamento del saldo IMU 2022. La legge 234\/2021 (legge di Bilancio 2022) prevede alcune agevolazioni per il pagamento dell\u2019IMU 2022: &#8211; Riduzione IMU 2022 per titolari di pensione estera maturata in regime di convenzione internazionale con l\u2019Italia, non residenti Limitatamente all\u2019anno 2022 \u00e8 riconosciuta una riduzione [&hellip;]\" \/>\n<meta property=\"og:url\" content=\"https:\/\/www.bellunopress.it\/fr\/2022\/11\/30\/belluno-saldo-imu-2022-entro-il-16-dicembre-invariate-aliquote-e-detrazioni\/\" \/>\n<meta property=\"og:site_name\" content=\"Bellunopress - Dolomiti\" \/>\n<meta property=\"article:publisher\" content=\"https:\/\/www.facebook.com\/profile.php?id=100008943462799\" \/>\n<meta property=\"article:published_time\" content=\"2022-11-30T06:04:46+00:00\" \/>\n<meta property=\"og:image\" content=\"https:\/\/www.bellunopress.it\/wp-content\/uploads\/2022\/06\/IMU.jpg\" \/>\n\t<meta property=\"og:image:width\" content=\"640\" \/>\n\t<meta property=\"og:image:height\" content=\"365\" \/>\n\t<meta property=\"og:image:type\" content=\"image\/jpeg\" \/>\n<meta name=\"author\" content=\"redazione\" \/>\n<meta name=\"twitter:card\" content=\"summary_large_image\" \/>\n<meta name=\"twitter:creator\" content=\"@bellunopress\" \/>\n<meta name=\"twitter:site\" content=\"@bellunopress\" \/>\n<meta name=\"twitter:label1\" content=\"\u00c9crit par\" \/>\n\t<meta name=\"twitter:data1\" content=\"redazione\" \/>\n\t<meta name=\"twitter:label2\" content=\"Dur\u00e9e de lecture estim\u00e9e\" \/>\n\t<meta name=\"twitter:data2\" content=\"4 minutes\" \/>\n<script type=\"application\/ld+json\" class=\"yoast-schema-graph\">{\"@context\":\"https:\\\/\\\/schema.org\",\"@graph\":[{\"@type\":\"Article\",\"@id\":\"https:\\\/\\\/www.bellunopress.it\\\/2022\\\/11\\\/30\\\/belluno-saldo-imu-2022-entro-il-16-dicembre-invariate-aliquote-e-detrazioni\\\/#article\",\"isPartOf\":{\"@id\":\"https:\\\/\\\/www.bellunopress.it\\\/2022\\\/11\\\/30\\\/belluno-saldo-imu-2022-entro-il-16-dicembre-invariate-aliquote-e-detrazioni\\\/\"},\"author\":{\"name\":\"redazione\",\"@id\":\"https:\\\/\\\/www.bellunopress.it\\\/#\\\/schema\\\/person\\\/79bb06722b37ece1c03d3e94beb30d73\"},\"headline\":\"Belluno, saldo Imu 2022 entro il 16 dicembre. Invariate aliquote e detrazioni\",\"datePublished\":\"2022-11-30T06:04:46+00:00\",\"mainEntityOfPage\":{\"@id\":\"https:\\\/\\\/www.bellunopress.it\\\/2022\\\/11\\\/30\\\/belluno-saldo-imu-2022-entro-il-16-dicembre-invariate-aliquote-e-detrazioni\\\/\"},\"wordCount\":612,\"publisher\":{\"@id\":\"https:\\\/\\\/www.bellunopress.it\\\/#organization\"},\"image\":{\"@id\":\"https:\\\/\\\/www.bellunopress.it\\\/2022\\\/11\\\/30\\\/belluno-saldo-imu-2022-entro-il-16-dicembre-invariate-aliquote-e-detrazioni\\\/#primaryimage\"},\"thumbnailUrl\":\"https:\\\/\\\/www.bellunopress.it\\\/wp-content\\\/uploads\\\/2022\\\/06\\\/IMU.jpg\",\"articleSection\":[\"Societ\u00e0, Associazioni, Istituzioni\"],\"inLanguage\":\"fr-FR\"},{\"@type\":\"WebPage\",\"@id\":\"https:\\\/\\\/www.bellunopress.it\\\/2022\\\/11\\\/30\\\/belluno-saldo-imu-2022-entro-il-16-dicembre-invariate-aliquote-e-detrazioni\\\/\",\"url\":\"https:\\\/\\\/www.bellunopress.it\\\/2022\\\/11\\\/30\\\/belluno-saldo-imu-2022-entro-il-16-dicembre-invariate-aliquote-e-detrazioni\\\/\",\"name\":\"Belluno, saldo Imu 2022 entro il 16 dicembre. Invariate aliquote e detrazioni - Bellunopress - Dolomiti\",\"isPartOf\":{\"@id\":\"https:\\\/\\\/www.bellunopress.it\\\/#website\"},\"primaryImageOfPage\":{\"@id\":\"https:\\\/\\\/www.bellunopress.it\\\/2022\\\/11\\\/30\\\/belluno-saldo-imu-2022-entro-il-16-dicembre-invariate-aliquote-e-detrazioni\\\/#primaryimage\"},\"image\":{\"@id\":\"https:\\\/\\\/www.bellunopress.it\\\/2022\\\/11\\\/30\\\/belluno-saldo-imu-2022-entro-il-16-dicembre-invariate-aliquote-e-detrazioni\\\/#primaryimage\"},\"thumbnailUrl\":\"https:\\\/\\\/www.bellunopress.it\\\/wp-content\\\/uploads\\\/2022\\\/06\\\/IMU.jpg\",\"datePublished\":\"2022-11-30T06:04:46+00:00\",\"breadcrumb\":{\"@id\":\"https:\\\/\\\/www.bellunopress.it\\\/2022\\\/11\\\/30\\\/belluno-saldo-imu-2022-entro-il-16-dicembre-invariate-aliquote-e-detrazioni\\\/#breadcrumb\"},\"inLanguage\":\"fr-FR\",\"potentialAction\":[{\"@type\":\"ReadAction\",\"target\":[\"https:\\\/\\\/www.bellunopress.it\\\/2022\\\/11\\\/30\\\/belluno-saldo-imu-2022-entro-il-16-dicembre-invariate-aliquote-e-detrazioni\\\/\"]}]},{\"@type\":\"ImageObject\",\"inLanguage\":\"fr-FR\",\"@id\":\"https:\\\/\\\/www.bellunopress.it\\\/2022\\\/11\\\/30\\\/belluno-saldo-imu-2022-entro-il-16-dicembre-invariate-aliquote-e-detrazioni\\\/#primaryimage\",\"url\":\"https:\\\/\\\/www.bellunopress.it\\\/wp-content\\\/uploads\\\/2022\\\/06\\\/IMU.jpg\",\"contentUrl\":\"https:\\\/\\\/www.bellunopress.it\\\/wp-content\\\/uploads\\\/2022\\\/06\\\/IMU.jpg\",\"width\":640,\"height\":365},{\"@type\":\"BreadcrumbList\",\"@id\":\"https:\\\/\\\/www.bellunopress.it\\\/2022\\\/11\\\/30\\\/belluno-saldo-imu-2022-entro-il-16-dicembre-invariate-aliquote-e-detrazioni\\\/#breadcrumb\",\"itemListElement\":[{\"@type\":\"ListItem\",\"position\":1,\"name\":\"Home\",\"item\":\"https:\\\/\\\/www.bellunopress.it\\\/\"},{\"@type\":\"ListItem\",\"position\":2,\"name\":\"Belluno, saldo Imu 2022 entro il 16 dicembre. Invariate aliquote e detrazioni\"}]},{\"@type\":\"WebSite\",\"@id\":\"https:\\\/\\\/www.bellunopress.it\\\/#website\",\"url\":\"https:\\\/\\\/www.bellunopress.it\\\/\",\"name\":\"Bellunopress - Dolomiti\",\"description\":\"e-mail: redazione@bellunopress.it\",\"publisher\":{\"@id\":\"https:\\\/\\\/www.bellunopress.it\\\/#organization\"},\"potentialAction\":[{\"@type\":\"SearchAction\",\"target\":{\"@type\":\"EntryPoint\",\"urlTemplate\":\"https:\\\/\\\/www.bellunopress.it\\\/?s={search_term_string}\"},\"query-input\":{\"@type\":\"PropertyValueSpecification\",\"valueRequired\":true,\"valueName\":\"search_term_string\"}}],\"inLanguage\":\"fr-FR\"},{\"@type\":\"Organization\",\"@id\":\"https:\\\/\\\/www.bellunopress.it\\\/#organization\",\"name\":\"Bellunopress\",\"url\":\"https:\\\/\\\/www.bellunopress.it\\\/\",\"logo\":{\"@type\":\"ImageObject\",\"inLanguage\":\"fr-FR\",\"@id\":\"https:\\\/\\\/www.bellunopress.it\\\/#\\\/schema\\\/logo\\\/image\\\/\",\"url\":\"https:\\\/\\\/www.bellunopress.it\\\/wp-content\\\/uploads\\\/2011\\\/05\\\/cropped-logo-bellunopress-.jpg\",\"contentUrl\":\"https:\\\/\\\/www.bellunopress.it\\\/wp-content\\\/uploads\\\/2011\\\/05\\\/cropped-logo-bellunopress-.jpg\",\"width\":512,\"height\":512,\"caption\":\"Bellunopress\"},\"image\":{\"@id\":\"https:\\\/\\\/www.bellunopress.it\\\/#\\\/schema\\\/logo\\\/image\\\/\"},\"sameAs\":[\"https:\\\/\\\/www.facebook.com\\\/profile.php?id=100008943462799\",\"https:\\\/\\\/x.com\\\/bellunopress\",\"https:\\\/\\\/www.linkedin.com\\\/hp\\\/?dnr=JBzUWaJfMUw8vbXJJ2tVW5-I3jZKvC4wsoxE&amp;amp;amp;amp;amp;amp;trk=nav_responsive_tab_home\",\"https:\\\/\\\/www.youtube.com\\\/channel\\\/UCxL0wu1uN0_3_7hGG0306cw\"]},{\"@type\":\"Person\",\"@id\":\"https:\\\/\\\/www.bellunopress.it\\\/#\\\/schema\\\/person\\\/79bb06722b37ece1c03d3e94beb30d73\",\"name\":\"redazione\",\"image\":{\"@type\":\"ImageObject\",\"inLanguage\":\"fr-FR\",\"@id\":\"https:\\\/\\\/secure.gravatar.com\\\/avatar\\\/37d968a2e67a6fd04c169c4bdef102d0bc5d31b2546345219e348575eb80e9a0?s=96&d=mm&r=g\",\"url\":\"https:\\\/\\\/secure.gravatar.com\\\/avatar\\\/37d968a2e67a6fd04c169c4bdef102d0bc5d31b2546345219e348575eb80e9a0?s=96&d=mm&r=g\",\"contentUrl\":\"https:\\\/\\\/secure.gravatar.com\\\/avatar\\\/37d968a2e67a6fd04c169c4bdef102d0bc5d31b2546345219e348575eb80e9a0?s=96&d=mm&r=g\",\"caption\":\"redazione\"},\"sameAs\":[\"http:\\\/\\\/www.bellunopress.it\",\"https:\\\/\\\/x.com\\\/bellunopress\"],\"url\":\"https:\\\/\\\/www.bellunopress.it\\\/fr\\\/author\\\/redazione\\\/\"}]}<\/script>\n<!-- \/ Yoast SEO plugin. -->","yoast_head_json":{"title":"Belluno, saldo Imu 2022 entro il 16 dicembre. Invariate aliquote e detrazioni - Bellunopress - Dolomiti","robots":{"index":"index","follow":"follow","max-snippet":"max-snippet:-1","max-image-preview":"max-image-preview:large","max-video-preview":"max-video-preview:-1"},"canonical":"https:\/\/www.bellunopress.it\/fr\/2022\/11\/30\/belluno-saldo-imu-2022-entro-il-16-dicembre-invariate-aliquote-e-detrazioni\/","og_locale":"fr_FR","og_type":"article","og_title":"Belluno, saldo Imu 2022 entro il 16 dicembre. Invariate aliquote e detrazioni - Bellunopress - Dolomiti","og_description":"Scade venerd\u00ec 16 dicembre 2022 il termine per il pagamento del saldo IMU 2022. La legge 234\/2021 (legge di Bilancio 2022) prevede alcune agevolazioni per il pagamento dell\u2019IMU 2022: &#8211; Riduzione IMU 2022 per titolari di pensione estera maturata in regime di convenzione internazionale con l\u2019Italia, non residenti Limitatamente all\u2019anno 2022 \u00e8 riconosciuta una riduzione [&hellip;]","og_url":"https:\/\/www.bellunopress.it\/fr\/2022\/11\/30\/belluno-saldo-imu-2022-entro-il-16-dicembre-invariate-aliquote-e-detrazioni\/","og_site_name":"Bellunopress - Dolomiti","article_publisher":"https:\/\/www.facebook.com\/profile.php?id=100008943462799","article_published_time":"2022-11-30T06:04:46+00:00","og_image":[{"width":640,"height":365,"url":"https:\/\/www.bellunopress.it\/wp-content\/uploads\/2022\/06\/IMU.jpg","type":"image\/jpeg"}],"author":"redazione","twitter_card":"summary_large_image","twitter_creator":"@bellunopress","twitter_site":"@bellunopress","twitter_misc":{"\u00c9crit par":"redazione","Dur\u00e9e de lecture estim\u00e9e":"4 minutes"},"schema":{"@context":"https:\/\/schema.org","@graph":[{"@type":"Article","@id":"https:\/\/www.bellunopress.it\/2022\/11\/30\/belluno-saldo-imu-2022-entro-il-16-dicembre-invariate-aliquote-e-detrazioni\/#article","isPartOf":{"@id":"https:\/\/www.bellunopress.it\/2022\/11\/30\/belluno-saldo-imu-2022-entro-il-16-dicembre-invariate-aliquote-e-detrazioni\/"},"author":{"name":"redazione","@id":"https:\/\/www.bellunopress.it\/#\/schema\/person\/79bb06722b37ece1c03d3e94beb30d73"},"headline":"Belluno, saldo Imu 2022 entro il 16 dicembre. Invariate aliquote e detrazioni","datePublished":"2022-11-30T06:04:46+00:00","mainEntityOfPage":{"@id":"https:\/\/www.bellunopress.it\/2022\/11\/30\/belluno-saldo-imu-2022-entro-il-16-dicembre-invariate-aliquote-e-detrazioni\/"},"wordCount":612,"publisher":{"@id":"https:\/\/www.bellunopress.it\/#organization"},"image":{"@id":"https:\/\/www.bellunopress.it\/2022\/11\/30\/belluno-saldo-imu-2022-entro-il-16-dicembre-invariate-aliquote-e-detrazioni\/#primaryimage"},"thumbnailUrl":"https:\/\/www.bellunopress.it\/wp-content\/uploads\/2022\/06\/IMU.jpg","articleSection":["Societ\u00e0, Associazioni, Istituzioni"],"inLanguage":"fr-FR"},{"@type":"WebPage","@id":"https:\/\/www.bellunopress.it\/2022\/11\/30\/belluno-saldo-imu-2022-entro-il-16-dicembre-invariate-aliquote-e-detrazioni\/","url":"https:\/\/www.bellunopress.it\/2022\/11\/30\/belluno-saldo-imu-2022-entro-il-16-dicembre-invariate-aliquote-e-detrazioni\/","name":"Belluno, saldo Imu 2022 entro il 16 dicembre. Invariate aliquote e detrazioni - Bellunopress - Dolomiti","isPartOf":{"@id":"https:\/\/www.bellunopress.it\/#website"},"primaryImageOfPage":{"@id":"https:\/\/www.bellunopress.it\/2022\/11\/30\/belluno-saldo-imu-2022-entro-il-16-dicembre-invariate-aliquote-e-detrazioni\/#primaryimage"},"image":{"@id":"https:\/\/www.bellunopress.it\/2022\/11\/30\/belluno-saldo-imu-2022-entro-il-16-dicembre-invariate-aliquote-e-detrazioni\/#primaryimage"},"thumbnailUrl":"https:\/\/www.bellunopress.it\/wp-content\/uploads\/2022\/06\/IMU.jpg","datePublished":"2022-11-30T06:04:46+00:00","breadcrumb":{"@id":"https:\/\/www.bellunopress.it\/2022\/11\/30\/belluno-saldo-imu-2022-entro-il-16-dicembre-invariate-aliquote-e-detrazioni\/#breadcrumb"},"inLanguage":"fr-FR","potentialAction":[{"@type":"ReadAction","target":["https:\/\/www.bellunopress.it\/2022\/11\/30\/belluno-saldo-imu-2022-entro-il-16-dicembre-invariate-aliquote-e-detrazioni\/"]}]},{"@type":"ImageObject","inLanguage":"fr-FR","@id":"https:\/\/www.bellunopress.it\/2022\/11\/30\/belluno-saldo-imu-2022-entro-il-16-dicembre-invariate-aliquote-e-detrazioni\/#primaryimage","url":"https:\/\/www.bellunopress.it\/wp-content\/uploads\/2022\/06\/IMU.jpg","contentUrl":"https:\/\/www.bellunopress.it\/wp-content\/uploads\/2022\/06\/IMU.jpg","width":640,"height":365},{"@type":"BreadcrumbList","@id":"https:\/\/www.bellunopress.it\/2022\/11\/30\/belluno-saldo-imu-2022-entro-il-16-dicembre-invariate-aliquote-e-detrazioni\/#breadcrumb","itemListElement":[{"@type":"ListItem","position":1,"name":"Home","item":"https:\/\/www.bellunopress.it\/"},{"@type":"ListItem","position":2,"name":"Belluno, saldo Imu 2022 entro il 16 dicembre. Invariate aliquote e detrazioni"}]},{"@type":"WebSite","@id":"https:\/\/www.bellunopress.it\/#website","url":"https:\/\/www.bellunopress.it\/","name":"Bellunopress - Dolomiti","description":"e-mail: redazione@bellunopress.it","publisher":{"@id":"https:\/\/www.bellunopress.it\/#organization"},"potentialAction":[{"@type":"SearchAction","target":{"@type":"EntryPoint","urlTemplate":"https:\/\/www.bellunopress.it\/?s={search_term_string}"},"query-input":{"@type":"PropertyValueSpecification","valueRequired":true,"valueName":"search_term_string"}}],"inLanguage":"fr-FR"},{"@type":"Organization","@id":"https:\/\/www.bellunopress.it\/#organization","name":"Bellunopress","url":"https:\/\/www.bellunopress.it\/","logo":{"@type":"ImageObject","inLanguage":"fr-FR","@id":"https:\/\/www.bellunopress.it\/#\/schema\/logo\/image\/","url":"https:\/\/www.bellunopress.it\/wp-content\/uploads\/2011\/05\/cropped-logo-bellunopress-.jpg","contentUrl":"https:\/\/www.bellunopress.it\/wp-content\/uploads\/2011\/05\/cropped-logo-bellunopress-.jpg","width":512,"height":512,"caption":"Bellunopress"},"image":{"@id":"https:\/\/www.bellunopress.it\/#\/schema\/logo\/image\/"},"sameAs":["https:\/\/www.facebook.com\/profile.php?id=100008943462799","https:\/\/x.com\/bellunopress","https:\/\/www.linkedin.com\/hp\/?dnr=JBzUWaJfMUw8vbXJJ2tVW5-I3jZKvC4wsoxE&amp;amp;amp;amp;amp;amp;trk=nav_responsive_tab_home","https:\/\/www.youtube.com\/channel\/UCxL0wu1uN0_3_7hGG0306cw"]},{"@type":"Person","@id":"https:\/\/www.bellunopress.it\/#\/schema\/person\/79bb06722b37ece1c03d3e94beb30d73","name":"r\u00e9daction","image":{"@type":"ImageObject","inLanguage":"fr-FR","@id":"https:\/\/secure.gravatar.com\/avatar\/37d968a2e67a6fd04c169c4bdef102d0bc5d31b2546345219e348575eb80e9a0?s=96&d=mm&r=g","url":"https:\/\/secure.gravatar.com\/avatar\/37d968a2e67a6fd04c169c4bdef102d0bc5d31b2546345219e348575eb80e9a0?s=96&d=mm&r=g","contentUrl":"https:\/\/secure.gravatar.com\/avatar\/37d968a2e67a6fd04c169c4bdef102d0bc5d31b2546345219e348575eb80e9a0?s=96&d=mm&r=g","caption":"redazione"},"sameAs":["http:\/\/www.bellunopress.it","https:\/\/x.com\/bellunopress"],"url":"https:\/\/www.bellunopress.it\/fr\/author\/redazione\/"}]}},"_links":{"self":[{"href":"https:\/\/www.bellunopress.it\/fr\/wp-json\/wp\/v2\/posts\/138031","targetHints":{"allow":["GET"]}}],"collection":[{"href":"https:\/\/www.bellunopress.it\/fr\/wp-json\/wp\/v2\/posts"}],"about":[{"href":"https:\/\/www.bellunopress.it\/fr\/wp-json\/wp\/v2\/types\/post"}],"author":[{"embeddable":true,"href":"https:\/\/www.bellunopress.it\/fr\/wp-json\/wp\/v2\/users\/2"}],"replies":[{"embeddable":true,"href":"https:\/\/www.bellunopress.it\/fr\/wp-json\/wp\/v2\/comments?post=138031"}],"version-history":[{"count":1,"href":"https:\/\/www.bellunopress.it\/fr\/wp-json\/wp\/v2\/posts\/138031\/revisions"}],"predecessor-version":[{"id":138032,"href":"https:\/\/www.bellunopress.it\/fr\/wp-json\/wp\/v2\/posts\/138031\/revisions\/138032"}],"wp:featuredmedia":[{"embeddable":true,"href":"https:\/\/www.bellunopress.it\/fr\/wp-json\/wp\/v2\/media\/134017"}],"wp:attachment":[{"href":"https:\/\/www.bellunopress.it\/fr\/wp-json\/wp\/v2\/media?parent=138031"}],"wp:term":[{"taxonomy":"category","embeddable":true,"href":"https:\/\/www.bellunopress.it\/fr\/wp-json\/wp\/v2\/categories?post=138031"},{"taxonomy":"post_tag","embeddable":true,"href":"https:\/\/www.bellunopress.it\/fr\/wp-json\/wp\/v2\/tags?post=138031"}],"curies":[{"name":"wp","href":"https:\/\/api.w.org\/{rel}","templated":true}]}}