{"id":137974,"date":"2022-11-27T15:14:04","date_gmt":"2022-11-27T14:14:04","guid":{"rendered":"https:\/\/www.bellunopress.it\/?p=137974"},"modified":"2022-11-27T15:14:04","modified_gmt":"2022-11-27T14:14:04","slug":"inaugurata-la-62ma-mostra-internazionale-del-gelato-a-longarone","status":"publish","type":"post","link":"https:\/\/www.bellunopress.it\/fr\/2022\/11\/27\/inaugurata-la-62ma-mostra-internazionale-del-gelato-a-longarone\/","title":{"rendered":"Inaugurata la 62ma Mostra internazionale del gelato a Longarone"},"content":{"rendered":"<p><img loading=\"lazy\" decoding=\"async\" class=\"alignleft size-full wp-image-137975\" src=\"https:\/\/www.bellunopress.it\/wp-content\/uploads\/2022\/11\/62ma-Mig-Mostra-del-Gelato-2022_edited.jpg\" alt=\"\" width=\"1000\" height=\"563\" srcset=\"https:\/\/www.bellunopress.it\/wp-content\/uploads\/2022\/11\/62ma-Mig-Mostra-del-Gelato-2022_edited.jpg 1000w, https:\/\/www.bellunopress.it\/wp-content\/uploads\/2022\/11\/62ma-Mig-Mostra-del-Gelato-2022_edited-500x282.jpg 500w, https:\/\/www.bellunopress.it\/wp-content\/uploads\/2022\/11\/62ma-Mig-Mostra-del-Gelato-2022_edited-696x392.jpg 696w, https:\/\/www.bellunopress.it\/wp-content\/uploads\/2022\/11\/62ma-Mig-Mostra-del-Gelato-2022_edited-746x420.jpg 746w\" sizes=\"auto, (max-width: 1000px) 100vw, 1000px\" \/>Longarone, 27 novembre 2022 &#8211; Inizia sotto i migliori auspici la 62\u00b0 edizione del MIG, la Mostra internazionale del gelato a Longarone Fiere Dolomiti. La bella giornata ha fatto accorrere tanti curiosi richiamati anche dai molti personaggi politici e imprenditoriali presenti al taglio del nastro. Un\u2019edizione che si apre con un incoraggiamento da parte del presidente della provincia di Belluno Roberto Padrin ai cittadini della comunit\u00e0 di Casamicciola Terme colpiti ieri da uno smottamento che ha creato pi\u00f9 di qualche allarme.<\/p>\n<p>\u00abSe i pessimisti non fanno fortuna &#8211; ha detto il presidente della Regione Luca Zaia &#8211;\u00a0 e non lo dico per fare pubblicit\u00e0 al mio libro, allora il MIG e il nostro gelato artigianale dimostrano esattamente il contrario grazie a chi ha voluto vedere positivamente il futuro anni fa, quando le nostre condizioni economiche e di vita non erano tanto diverse da quelle contemporanee. Questi veneti sono partiti non per andare a riempire le carceri in Germania, ma per portare la loro esperienza e la loro eccellenza. Pensiamo solo alla creazione del cono. Ormai il gelato lo mangiamo tutti con il cono in tutto il mondo. \u00c8 un po\u2019 come parlare degli spaghetti, sono una nostra invenzione. Chi ha saputo essere ottimista anche quando tutto sembrava contro di lui oggi raccoglie i suoi frutti. Basta pensare al fatto che anni di esperienza e sacrifici nel gelato oggi sono riconosciuti anche dalla Camera di Commercio tedesca. L&#8217;alta specializzazione e l\u2019operativit\u00e0 massima premiano sempre. I presupposti per fare bene e andare avanti cos\u00ec ci sono tutti; perch\u00e9 noi ci siamo sia a livello regionale che di Stato! Ma la fiera non \u00e8 una fiera senza il giro degli stand. Quindi grazie agli espositori e a tutti i presenti e dichiaro aperta la fiera\u00bb.<\/p>\n<p>\u00abGrazie a tutte le istituzioni oggi presenti. &#8211; ha detto Michele Dal Farra &#8211; Sono presidente solo da pochi giorni e siamo qui per due ragioni la prima \u00e8 la storia che rappresenta il gelato e la MIG, la seconda \u00e8 la relazione personale, commerciale, di amicizia che in questi lunghi anni si \u00e8 venuta a creare tra la Fiera e gli espositori. Si \u00e8 creato un vero patrimonio e dobbiamo iniziare a restituire quanto loro ci hanno dato ma guardando al futuro. \u00c8 come iniziare a scrivere un libro dall&#8217;ultima pagina decidendo subito il titolo \u201ccostruendo il futuro\u201d. Il cambiamento porta da una parte la nostalgia dall&#8217;altra l&#8217;entusiasmo e dobbiamo implementare le nostre forze e le nostre collaborazioni per vincere la sfida di essere un&#8217;eccellenza di innovazione, accoglienza, preparazione. \u00c8 una partita che \u00e8 una finale: o vinci o perdi ma se noi la giochiamo come una squadra formata da istituzioni e privati che sono legati da un unico obiettivo, allora sono certo che questa gara noi la vinciamo!\u00bb.<\/p>\n<p>E&#8217; intervenuto quindi Luca De Carlo, senatore presidente della Commissione permanente per Industria, Commercio, Turismo, Agricoltura e produzione Agroalimentare. \u00abGiusto ieri ho avuto un incontro con il presidente della Provincia di Belluno Roberto Padrin per riprendere i fili della proposta di legge che tuteli e valorizzi la nostra eccellenza ossia il gelato artigianale. Dobbiamo fare una legge utile che, per l&#8217;importanza che riveste, deve essere chiara sapendo che porta utilit\u00e0 sia per i sindaci che per gli imprenditori che nel mondo con il gelato ci rappresentano e non pu\u00f2 non essere una legge che contiene questo polo della montagna (la Fiera di Longarone) che \u00e8 una capitale mondiale e sar\u00e0 una legge che dovr\u00e0 vedere la luce in questa legislatura\u00bb.<\/p>\n<p>\u00c8 poi il turno del presidente della Provincia di Belluno Roberto Padrin: \u00abRingrazio tutti i presenti e il past president Gian Angelo Bellati e il nuovo CDA. Bellati e il vecchio consiglio hanno lavorato in un periodo difficile sotto la pressione della pandemia ma sono riusciti a uscirne a testa alta arrivando anche a rilanciare la fiera in presenza. Do anche il benvenuto al nuovo presidente Dal Farra. La MIG \u00e8 sempre un appuntamento speciale. Molte aziende sono nate qui a Longarone, ma attenzione al futuro, perch\u00e9 noi siamo la capitale mondiale del gelato artigianale. Chiudo con il ricordo di De Pellegrin al quale oggi andr\u00e0 un premio speciale. Ricordo anche Bellese vincitore della prima Coppa d&#8217;oro nel 1970 con il gusto vaniglia e scomparso recentemente. A lui e a tutti i suoi cari va il nostro abbraccio\u00bb.<\/p>\n<p>Prima di chiudere con Dario Olivier, coordinatore MIG, la consegna da parte di Zaia e Padrin alla famiglia Ongaro de \u201cLa Casa del Gelato\u201d di Caorle del premio memorial De Pellegrin. A chiudere proprio Dario Olivier. \u00abVogliamo condividere con voi la filosofia della MIG. Per il secondo anno consecutivo improntata sulla ecosostenibilit\u00e0 partendo dalle nuove generazioni. Ci sar\u00e0 proprio domani un convegno su questo tema. Nell&#8217;area di lingua tedesca creata ad hoc parleremo del riciclo dei contenitori che \u00e8 una novit\u00e0 assoluta e sar\u00e0 premiata con il premio green. Diversi stand uniranno in questa edizione gelato e gastronomia a partire dall\u2019unione con il cioccolato e un ringraziamento speciale va ai granitieri siciliani che esportano nel mondo una vera e propria eccellenza. Tra le novit\u00e0 pi\u00f9 curiose quest\u2019anno presenteremo anche il gelato per i nostri amici a quattro zampe. Come per noi essere umani \u00e8 piacevole variare la dieta e toglierci qualche sfizio, perch\u00e9 negarlo ai nostri amici cani? Altra particolarit\u00e0 di questa edizione una sfida mitteleuropea tra Austria e Germania nella sede di Artglace che ha portato qui a Longarone Fiere la sede legale con l\u2019Assemblea tenutasi ieri, dove i giudici saranno gli stessi visitatori attraverso una scheda. Poi lo stand della regione veneto con le sue eccellenze e la coppa d&#8217;oro quest&#8217;anno con il gusto malaga. Importanza di tutta la filiera dal produttore al consumatore. Ringrazio tutta la struttura che ha lavorato per raggiungere questi obiettivi\u00bb.<\/p>\n<p>A fare gli onori di casa durante il giro tra gli stand Luca Zaia che, come ogni anno, si \u00e8 divertito a mettersi la giacca da gelatiere e a servire coppe gelato ai visitatori non solo dello stand del Veneto.<\/p>","protected":false},"excerpt":{"rendered":"<p>Longarone, 27 novembre 2022 &#8211; Inizia sotto i migliori auspici la 62\u00b0 edizione del MIG, la Mostra internazionale del gelato a Longarone Fiere Dolomiti. La bella giornata ha fatto accorrere tanti curiosi richiamati anche dai molti personaggi politici e imprenditoriali presenti al taglio del nastro. Un\u2019edizione che si apre con un incoraggiamento da parte del [&hellip;]<\/p>\n","protected":false},"author":2,"featured_media":137975,"comment_status":"closed","ping_status":"open","sticky":false,"template":"","format":"standard","meta":{"footnotes":""},"categories":[5,36,26],"tags":[],"class_list":["post-137974","post","type-post","status-publish","format-standard","has-post-thumbnail","category-cronaca","category-lavoro-economia","category-prima-pagina"],"yoast_head":"<!-- This site is optimized with the Yoast SEO plugin v28.4 - https:\/\/yoast.com\/product\/yoast-seo-wordpress\/ -->\n<title>Inaugurata la 62ma Mostra internazionale del gelato a Longarone - Bellunopress - Dolomiti<\/title>\n<meta name=\"robots\" content=\"index, follow, max-snippet:-1, max-image-preview:large, max-video-preview:-1\" \/>\n<link rel=\"canonical\" href=\"https:\/\/www.bellunopress.it\/fr\/2022\/11\/27\/inaugurata-la-62ma-mostra-internazionale-del-gelato-a-longarone\/\" \/>\n<meta property=\"og:locale\" content=\"fr_FR\" \/>\n<meta property=\"og:type\" content=\"article\" \/>\n<meta property=\"og:title\" content=\"Inaugurata la 62ma Mostra internazionale del gelato a Longarone - Bellunopress - Dolomiti\" \/>\n<meta property=\"og:description\" content=\"Longarone, 27 novembre 2022 &#8211; Inizia sotto i migliori auspici la 62\u00b0 edizione del MIG, la Mostra internazionale del gelato a Longarone Fiere Dolomiti. La bella giornata ha fatto accorrere tanti curiosi richiamati anche dai molti personaggi politici e imprenditoriali presenti al taglio del nastro. Un\u2019edizione che si apre con un incoraggiamento da parte del [&hellip;]\" \/>\n<meta property=\"og:url\" content=\"https:\/\/www.bellunopress.it\/fr\/2022\/11\/27\/inaugurata-la-62ma-mostra-internazionale-del-gelato-a-longarone\/\" \/>\n<meta property=\"og:site_name\" content=\"Bellunopress - Dolomiti\" \/>\n<meta property=\"article:publisher\" content=\"https:\/\/www.facebook.com\/profile.php?id=100008943462799\" \/>\n<meta property=\"article:published_time\" content=\"2022-11-27T14:14:04+00:00\" \/>\n<meta property=\"og:image\" content=\"https:\/\/www.bellunopress.it\/wp-content\/uploads\/2022\/11\/62ma-Mig-Mostra-del-Gelato-2022_edited.jpg\" \/>\n\t<meta property=\"og:image:width\" content=\"1000\" \/>\n\t<meta property=\"og:image:height\" content=\"563\" \/>\n\t<meta property=\"og:image:type\" content=\"image\/jpeg\" \/>\n<meta name=\"author\" content=\"redazione\" \/>\n<meta name=\"twitter:card\" content=\"summary_large_image\" \/>\n<meta name=\"twitter:creator\" content=\"@bellunopress\" \/>\n<meta name=\"twitter:site\" content=\"@bellunopress\" \/>\n<meta name=\"twitter:label1\" content=\"\u00c9crit par\" \/>\n\t<meta name=\"twitter:data1\" content=\"redazione\" \/>\n\t<meta name=\"twitter:label2\" content=\"Dur\u00e9e de lecture estim\u00e9e\" \/>\n\t<meta name=\"twitter:data2\" content=\"6 minutes\" \/>\n<script type=\"application\/ld+json\" class=\"yoast-schema-graph\">{\"@context\":\"https:\\\/\\\/schema.org\",\"@graph\":[{\"@type\":\"Article\",\"@id\":\"https:\\\/\\\/www.bellunopress.it\\\/2022\\\/11\\\/27\\\/inaugurata-la-62ma-mostra-internazionale-del-gelato-a-longarone\\\/#article\",\"isPartOf\":{\"@id\":\"https:\\\/\\\/www.bellunopress.it\\\/2022\\\/11\\\/27\\\/inaugurata-la-62ma-mostra-internazionale-del-gelato-a-longarone\\\/\"},\"author\":{\"name\":\"redazione\",\"@id\":\"https:\\\/\\\/www.bellunopress.it\\\/#\\\/schema\\\/person\\\/79bb06722b37ece1c03d3e94beb30d73\"},\"headline\":\"Inaugurata la 62ma Mostra internazionale del gelato a Longarone\",\"datePublished\":\"2022-11-27T14:14:04+00:00\",\"mainEntityOfPage\":{\"@id\":\"https:\\\/\\\/www.bellunopress.it\\\/2022\\\/11\\\/27\\\/inaugurata-la-62ma-mostra-internazionale-del-gelato-a-longarone\\\/\"},\"wordCount\":1002,\"publisher\":{\"@id\":\"https:\\\/\\\/www.bellunopress.it\\\/#organization\"},\"image\":{\"@id\":\"https:\\\/\\\/www.bellunopress.it\\\/2022\\\/11\\\/27\\\/inaugurata-la-62ma-mostra-internazionale-del-gelato-a-longarone\\\/#primaryimage\"},\"thumbnailUrl\":\"https:\\\/\\\/www.bellunopress.it\\\/wp-content\\\/uploads\\\/2022\\\/11\\\/62ma-Mig-Mostra-del-Gelato-2022_edited.jpg\",\"articleSection\":[\"Cronaca\\\/Politica\",\"Lavoro, Economia, Turismo\",\"Prima Pagina\"],\"inLanguage\":\"fr-FR\"},{\"@type\":\"WebPage\",\"@id\":\"https:\\\/\\\/www.bellunopress.it\\\/2022\\\/11\\\/27\\\/inaugurata-la-62ma-mostra-internazionale-del-gelato-a-longarone\\\/\",\"url\":\"https:\\\/\\\/www.bellunopress.it\\\/2022\\\/11\\\/27\\\/inaugurata-la-62ma-mostra-internazionale-del-gelato-a-longarone\\\/\",\"name\":\"Inaugurata la 62ma Mostra internazionale del gelato a Longarone - Bellunopress - Dolomiti\",\"isPartOf\":{\"@id\":\"https:\\\/\\\/www.bellunopress.it\\\/#website\"},\"primaryImageOfPage\":{\"@id\":\"https:\\\/\\\/www.bellunopress.it\\\/2022\\\/11\\\/27\\\/inaugurata-la-62ma-mostra-internazionale-del-gelato-a-longarone\\\/#primaryimage\"},\"image\":{\"@id\":\"https:\\\/\\\/www.bellunopress.it\\\/2022\\\/11\\\/27\\\/inaugurata-la-62ma-mostra-internazionale-del-gelato-a-longarone\\\/#primaryimage\"},\"thumbnailUrl\":\"https:\\\/\\\/www.bellunopress.it\\\/wp-content\\\/uploads\\\/2022\\\/11\\\/62ma-Mig-Mostra-del-Gelato-2022_edited.jpg\",\"datePublished\":\"2022-11-27T14:14:04+00:00\",\"breadcrumb\":{\"@id\":\"https:\\\/\\\/www.bellunopress.it\\\/2022\\\/11\\\/27\\\/inaugurata-la-62ma-mostra-internazionale-del-gelato-a-longarone\\\/#breadcrumb\"},\"inLanguage\":\"fr-FR\",\"potentialAction\":[{\"@type\":\"ReadAction\",\"target\":[\"https:\\\/\\\/www.bellunopress.it\\\/2022\\\/11\\\/27\\\/inaugurata-la-62ma-mostra-internazionale-del-gelato-a-longarone\\\/\"]}]},{\"@type\":\"ImageObject\",\"inLanguage\":\"fr-FR\",\"@id\":\"https:\\\/\\\/www.bellunopress.it\\\/2022\\\/11\\\/27\\\/inaugurata-la-62ma-mostra-internazionale-del-gelato-a-longarone\\\/#primaryimage\",\"url\":\"https:\\\/\\\/www.bellunopress.it\\\/wp-content\\\/uploads\\\/2022\\\/11\\\/62ma-Mig-Mostra-del-Gelato-2022_edited.jpg\",\"contentUrl\":\"https:\\\/\\\/www.bellunopress.it\\\/wp-content\\\/uploads\\\/2022\\\/11\\\/62ma-Mig-Mostra-del-Gelato-2022_edited.jpg\",\"width\":1000,\"height\":563},{\"@type\":\"BreadcrumbList\",\"@id\":\"https:\\\/\\\/www.bellunopress.it\\\/2022\\\/11\\\/27\\\/inaugurata-la-62ma-mostra-internazionale-del-gelato-a-longarone\\\/#breadcrumb\",\"itemListElement\":[{\"@type\":\"ListItem\",\"position\":1,\"name\":\"Home\",\"item\":\"https:\\\/\\\/www.bellunopress.it\\\/\"},{\"@type\":\"ListItem\",\"position\":2,\"name\":\"Inaugurata la 62ma Mostra internazionale del gelato a Longarone\"}]},{\"@type\":\"WebSite\",\"@id\":\"https:\\\/\\\/www.bellunopress.it\\\/#website\",\"url\":\"https:\\\/\\\/www.bellunopress.it\\\/\",\"name\":\"Bellunopress - Dolomiti\",\"description\":\"e-mail: redazione@bellunopress.it\",\"publisher\":{\"@id\":\"https:\\\/\\\/www.bellunopress.it\\\/#organization\"},\"potentialAction\":[{\"@type\":\"SearchAction\",\"target\":{\"@type\":\"EntryPoint\",\"urlTemplate\":\"https:\\\/\\\/www.bellunopress.it\\\/?s={search_term_string}\"},\"query-input\":{\"@type\":\"PropertyValueSpecification\",\"valueRequired\":true,\"valueName\":\"search_term_string\"}}],\"inLanguage\":\"fr-FR\"},{\"@type\":\"Organization\",\"@id\":\"https:\\\/\\\/www.bellunopress.it\\\/#organization\",\"name\":\"Bellunopress\",\"url\":\"https:\\\/\\\/www.bellunopress.it\\\/\",\"logo\":{\"@type\":\"ImageObject\",\"inLanguage\":\"fr-FR\",\"@id\":\"https:\\\/\\\/www.bellunopress.it\\\/#\\\/schema\\\/logo\\\/image\\\/\",\"url\":\"https:\\\/\\\/www.bellunopress.it\\\/wp-content\\\/uploads\\\/2011\\\/05\\\/cropped-logo-bellunopress-.jpg\",\"contentUrl\":\"https:\\\/\\\/www.bellunopress.it\\\/wp-content\\\/uploads\\\/2011\\\/05\\\/cropped-logo-bellunopress-.jpg\",\"width\":512,\"height\":512,\"caption\":\"Bellunopress\"},\"image\":{\"@id\":\"https:\\\/\\\/www.bellunopress.it\\\/#\\\/schema\\\/logo\\\/image\\\/\"},\"sameAs\":[\"https:\\\/\\\/www.facebook.com\\\/profile.php?id=100008943462799\",\"https:\\\/\\\/x.com\\\/bellunopress\",\"https:\\\/\\\/www.linkedin.com\\\/hp\\\/?dnr=JBzUWaJfMUw8vbXJJ2tVW5-I3jZKvC4wsoxE&amp;amp;amp;amp;amp;amp;trk=nav_responsive_tab_home\",\"https:\\\/\\\/www.youtube.com\\\/channel\\\/UCxL0wu1uN0_3_7hGG0306cw\"]},{\"@type\":\"Person\",\"@id\":\"https:\\\/\\\/www.bellunopress.it\\\/#\\\/schema\\\/person\\\/79bb06722b37ece1c03d3e94beb30d73\",\"name\":\"redazione\",\"image\":{\"@type\":\"ImageObject\",\"inLanguage\":\"fr-FR\",\"@id\":\"https:\\\/\\\/secure.gravatar.com\\\/avatar\\\/37d968a2e67a6fd04c169c4bdef102d0bc5d31b2546345219e348575eb80e9a0?s=96&d=mm&r=g\",\"url\":\"https:\\\/\\\/secure.gravatar.com\\\/avatar\\\/37d968a2e67a6fd04c169c4bdef102d0bc5d31b2546345219e348575eb80e9a0?s=96&d=mm&r=g\",\"contentUrl\":\"https:\\\/\\\/secure.gravatar.com\\\/avatar\\\/37d968a2e67a6fd04c169c4bdef102d0bc5d31b2546345219e348575eb80e9a0?s=96&d=mm&r=g\",\"caption\":\"redazione\"},\"sameAs\":[\"http:\\\/\\\/www.bellunopress.it\",\"https:\\\/\\\/x.com\\\/bellunopress\"],\"url\":\"https:\\\/\\\/www.bellunopress.it\\\/fr\\\/author\\\/redazione\\\/\"}]}<\/script>\n<!-- \/ Yoast SEO plugin. -->","yoast_head_json":{"title":"Inaugurata la 62ma Mostra internazionale del gelato a Longarone - Bellunopress - Dolomiti","robots":{"index":"index","follow":"follow","max-snippet":"max-snippet:-1","max-image-preview":"max-image-preview:large","max-video-preview":"max-video-preview:-1"},"canonical":"https:\/\/www.bellunopress.it\/fr\/2022\/11\/27\/inaugurata-la-62ma-mostra-internazionale-del-gelato-a-longarone\/","og_locale":"fr_FR","og_type":"article","og_title":"Inaugurata la 62ma Mostra internazionale del gelato a Longarone - Bellunopress - Dolomiti","og_description":"Longarone, 27 novembre 2022 &#8211; Inizia sotto i migliori auspici la 62\u00b0 edizione del MIG, la Mostra internazionale del gelato a Longarone Fiere Dolomiti. La bella giornata ha fatto accorrere tanti curiosi richiamati anche dai molti personaggi politici e imprenditoriali presenti al taglio del nastro. Un\u2019edizione che si apre con un incoraggiamento da parte del [&hellip;]","og_url":"https:\/\/www.bellunopress.it\/fr\/2022\/11\/27\/inaugurata-la-62ma-mostra-internazionale-del-gelato-a-longarone\/","og_site_name":"Bellunopress - Dolomiti","article_publisher":"https:\/\/www.facebook.com\/profile.php?id=100008943462799","article_published_time":"2022-11-27T14:14:04+00:00","og_image":[{"width":1000,"height":563,"url":"https:\/\/www.bellunopress.it\/wp-content\/uploads\/2022\/11\/62ma-Mig-Mostra-del-Gelato-2022_edited.jpg","type":"image\/jpeg"}],"author":"redazione","twitter_card":"summary_large_image","twitter_creator":"@bellunopress","twitter_site":"@bellunopress","twitter_misc":{"\u00c9crit par":"redazione","Dur\u00e9e de lecture estim\u00e9e":"6 minutes"},"schema":{"@context":"https:\/\/schema.org","@graph":[{"@type":"Article","@id":"https:\/\/www.bellunopress.it\/2022\/11\/27\/inaugurata-la-62ma-mostra-internazionale-del-gelato-a-longarone\/#article","isPartOf":{"@id":"https:\/\/www.bellunopress.it\/2022\/11\/27\/inaugurata-la-62ma-mostra-internazionale-del-gelato-a-longarone\/"},"author":{"name":"redazione","@id":"https:\/\/www.bellunopress.it\/#\/schema\/person\/79bb06722b37ece1c03d3e94beb30d73"},"headline":"Inaugurata la 62ma Mostra internazionale del gelato a Longarone","datePublished":"2022-11-27T14:14:04+00:00","mainEntityOfPage":{"@id":"https:\/\/www.bellunopress.it\/2022\/11\/27\/inaugurata-la-62ma-mostra-internazionale-del-gelato-a-longarone\/"},"wordCount":1002,"publisher":{"@id":"https:\/\/www.bellunopress.it\/#organization"},"image":{"@id":"https:\/\/www.bellunopress.it\/2022\/11\/27\/inaugurata-la-62ma-mostra-internazionale-del-gelato-a-longarone\/#primaryimage"},"thumbnailUrl":"https:\/\/www.bellunopress.it\/wp-content\/uploads\/2022\/11\/62ma-Mig-Mostra-del-Gelato-2022_edited.jpg","articleSection":["Cronaca\/Politica","Lavoro, Economia, Turismo","Prima Pagina"],"inLanguage":"fr-FR"},{"@type":"WebPage","@id":"https:\/\/www.bellunopress.it\/2022\/11\/27\/inaugurata-la-62ma-mostra-internazionale-del-gelato-a-longarone\/","url":"https:\/\/www.bellunopress.it\/2022\/11\/27\/inaugurata-la-62ma-mostra-internazionale-del-gelato-a-longarone\/","name":"Inaugurata la 62ma Mostra internazionale del gelato a Longarone - Bellunopress - Dolomiti","isPartOf":{"@id":"https:\/\/www.bellunopress.it\/#website"},"primaryImageOfPage":{"@id":"https:\/\/www.bellunopress.it\/2022\/11\/27\/inaugurata-la-62ma-mostra-internazionale-del-gelato-a-longarone\/#primaryimage"},"image":{"@id":"https:\/\/www.bellunopress.it\/2022\/11\/27\/inaugurata-la-62ma-mostra-internazionale-del-gelato-a-longarone\/#primaryimage"},"thumbnailUrl":"https:\/\/www.bellunopress.it\/wp-content\/uploads\/2022\/11\/62ma-Mig-Mostra-del-Gelato-2022_edited.jpg","datePublished":"2022-11-27T14:14:04+00:00","breadcrumb":{"@id":"https:\/\/www.bellunopress.it\/2022\/11\/27\/inaugurata-la-62ma-mostra-internazionale-del-gelato-a-longarone\/#breadcrumb"},"inLanguage":"fr-FR","potentialAction":[{"@type":"ReadAction","target":["https:\/\/www.bellunopress.it\/2022\/11\/27\/inaugurata-la-62ma-mostra-internazionale-del-gelato-a-longarone\/"]}]},{"@type":"ImageObject","inLanguage":"fr-FR","@id":"https:\/\/www.bellunopress.it\/2022\/11\/27\/inaugurata-la-62ma-mostra-internazionale-del-gelato-a-longarone\/#primaryimage","url":"https:\/\/www.bellunopress.it\/wp-content\/uploads\/2022\/11\/62ma-Mig-Mostra-del-Gelato-2022_edited.jpg","contentUrl":"https:\/\/www.bellunopress.it\/wp-content\/uploads\/2022\/11\/62ma-Mig-Mostra-del-Gelato-2022_edited.jpg","width":1000,"height":563},{"@type":"BreadcrumbList","@id":"https:\/\/www.bellunopress.it\/2022\/11\/27\/inaugurata-la-62ma-mostra-internazionale-del-gelato-a-longarone\/#breadcrumb","itemListElement":[{"@type":"ListItem","position":1,"name":"Home","item":"https:\/\/www.bellunopress.it\/"},{"@type":"ListItem","position":2,"name":"Inaugurata la 62ma Mostra internazionale del gelato a Longarone"}]},{"@type":"WebSite","@id":"https:\/\/www.bellunopress.it\/#website","url":"https:\/\/www.bellunopress.it\/","name":"Bellunopress - Dolomiti","description":"e-mail: redazione@bellunopress.it","publisher":{"@id":"https:\/\/www.bellunopress.it\/#organization"},"potentialAction":[{"@type":"SearchAction","target":{"@type":"EntryPoint","urlTemplate":"https:\/\/www.bellunopress.it\/?s={search_term_string}"},"query-input":{"@type":"PropertyValueSpecification","valueRequired":true,"valueName":"search_term_string"}}],"inLanguage":"fr-FR"},{"@type":"Organization","@id":"https:\/\/www.bellunopress.it\/#organization","name":"Bellunopress","url":"https:\/\/www.bellunopress.it\/","logo":{"@type":"ImageObject","inLanguage":"fr-FR","@id":"https:\/\/www.bellunopress.it\/#\/schema\/logo\/image\/","url":"https:\/\/www.bellunopress.it\/wp-content\/uploads\/2011\/05\/cropped-logo-bellunopress-.jpg","contentUrl":"https:\/\/www.bellunopress.it\/wp-content\/uploads\/2011\/05\/cropped-logo-bellunopress-.jpg","width":512,"height":512,"caption":"Bellunopress"},"image":{"@id":"https:\/\/www.bellunopress.it\/#\/schema\/logo\/image\/"},"sameAs":["https:\/\/www.facebook.com\/profile.php?id=100008943462799","https:\/\/x.com\/bellunopress","https:\/\/www.linkedin.com\/hp\/?dnr=JBzUWaJfMUw8vbXJJ2tVW5-I3jZKvC4wsoxE&amp;amp;amp;amp;amp;amp;trk=nav_responsive_tab_home","https:\/\/www.youtube.com\/channel\/UCxL0wu1uN0_3_7hGG0306cw"]},{"@type":"Person","@id":"https:\/\/www.bellunopress.it\/#\/schema\/person\/79bb06722b37ece1c03d3e94beb30d73","name":"r\u00e9daction","image":{"@type":"ImageObject","inLanguage":"fr-FR","@id":"https:\/\/secure.gravatar.com\/avatar\/37d968a2e67a6fd04c169c4bdef102d0bc5d31b2546345219e348575eb80e9a0?s=96&d=mm&r=g","url":"https:\/\/secure.gravatar.com\/avatar\/37d968a2e67a6fd04c169c4bdef102d0bc5d31b2546345219e348575eb80e9a0?s=96&d=mm&r=g","contentUrl":"https:\/\/secure.gravatar.com\/avatar\/37d968a2e67a6fd04c169c4bdef102d0bc5d31b2546345219e348575eb80e9a0?s=96&d=mm&r=g","caption":"redazione"},"sameAs":["http:\/\/www.bellunopress.it","https:\/\/x.com\/bellunopress"],"url":"https:\/\/www.bellunopress.it\/fr\/author\/redazione\/"}]}},"_links":{"self":[{"href":"https:\/\/www.bellunopress.it\/fr\/wp-json\/wp\/v2\/posts\/137974","targetHints":{"allow":["GET"]}}],"collection":[{"href":"https:\/\/www.bellunopress.it\/fr\/wp-json\/wp\/v2\/posts"}],"about":[{"href":"https:\/\/www.bellunopress.it\/fr\/wp-json\/wp\/v2\/types\/post"}],"author":[{"embeddable":true,"href":"https:\/\/www.bellunopress.it\/fr\/wp-json\/wp\/v2\/users\/2"}],"replies":[{"embeddable":true,"href":"https:\/\/www.bellunopress.it\/fr\/wp-json\/wp\/v2\/comments?post=137974"}],"version-history":[{"count":1,"href":"https:\/\/www.bellunopress.it\/fr\/wp-json\/wp\/v2\/posts\/137974\/revisions"}],"predecessor-version":[{"id":137976,"href":"https:\/\/www.bellunopress.it\/fr\/wp-json\/wp\/v2\/posts\/137974\/revisions\/137976"}],"wp:featuredmedia":[{"embeddable":true,"href":"https:\/\/www.bellunopress.it\/fr\/wp-json\/wp\/v2\/media\/137975"}],"wp:attachment":[{"href":"https:\/\/www.bellunopress.it\/fr\/wp-json\/wp\/v2\/media?parent=137974"}],"wp:term":[{"taxonomy":"category","embeddable":true,"href":"https:\/\/www.bellunopress.it\/fr\/wp-json\/wp\/v2\/categories?post=137974"},{"taxonomy":"post_tag","embeddable":true,"href":"https:\/\/www.bellunopress.it\/fr\/wp-json\/wp\/v2\/tags?post=137974"}],"curies":[{"name":"wp","href":"https:\/\/api.w.org\/{rel}","templated":true}]}}