{"id":137967,"date":"2022-11-25T11:25:28","date_gmt":"2022-11-25T10:25:28","guid":{"rendered":"https:\/\/www.bellunopress.it\/?p=137967"},"modified":"2022-11-27T11:27:20","modified_gmt":"2022-11-27T10:27:20","slug":"giornata-internazionale-per-leliminazione-della-violenza-contro-le-donne","status":"publish","type":"post","link":"https:\/\/www.bellunopress.it\/fr\/2022\/11\/25\/giornata-internazionale-per-leliminazione-della-violenza-contro-le-donne\/","title":{"rendered":"Giornata internazionale per l&#8217;eliminazione della violenza contro le donne"},"content":{"rendered":"<p><em><strong><img loading=\"lazy\" decoding=\"async\" class=\"alignleft  wp-image-137968\" src=\"https:\/\/www.bellunopress.it\/wp-content\/uploads\/2022\/11\/violenza-donne_edited.jpg\" alt=\"\" width=\"398\" height=\"265\" srcset=\"https:\/\/www.bellunopress.it\/wp-content\/uploads\/2022\/11\/violenza-donne_edited.jpg 638w, https:\/\/www.bellunopress.it\/wp-content\/uploads\/2022\/11\/violenza-donne_edited-500x333.jpg 500w, https:\/\/www.bellunopress.it\/wp-content\/uploads\/2022\/11\/violenza-donne_edited-630x420.jpg 630w\" sizes=\"auto, (max-width: 398px) 100vw, 398px\" \/>Fnp Veneto: \u00abAccendiamo i riflettori anche sulle vittime anziane\u00bb<\/strong><\/em><\/p>\n<p><em><strong>Cresce il numero di donne over 65 che chiama il 1522, o \u00e8 vittima di furti e truffe<\/strong><\/em><\/p>\n<p>Quasi una donna su 10 di quelle che in Veneto nel 2021 hanno chiamato il 1522, il numero antiviolenza e stalking, aveva pi\u00f9 di 65 anni. Ed \u00e8 un numero che con la pandemia \u00e8 tornato a crescere. Come stanno tornando a crescere le donne anziane vittime di furti e truffe. Se il 25 novembre \u00e8 l&#8217;occasione per riaccendere i riflettori sulla violenza contro le donne in quanto tali, a partire dal dramma dei femminicidi, per la Fnp Veneto \u00e8 l&#8217;occasione di spostare un po&#8217; quel riflettore per illuminare anche le pi\u00f9 fragili: le donne anziane.<\/p>\n<p>\u00abChiamare il 1522 \u00e8 un atto di coraggio accompagnato da disperazione\u00bb, commenta Tina Cupani, segretaria generale Fnp Veneto, \u00abnoi abbiamo l&#8217;oggettivo timore che i numeri non siano pienamente rappresentativi per la fascia anziana. Se vediamo che anche fra le giovani arrivare alla denuncia \u00e8 spesso un percorso difficile, questo lo \u00e8 ancora di pi\u00f9 fra le anziane, assuefatte da anni a un determinato tipo di vita, con un senso della vergogna molto pronunciato e quasi sempre con una posizione economica di grande svantaggio\u00bb. A titolo di esempio, ricordiamo che sono le donne a percepire le pensioni pi\u00f9 basse: su 650mila pensionate in Veneto, il 66% ha una pensione sotto i 1.500 euro lordi, e il 39% non arriva ai 1.000 euro lordi al mese.<\/p>\n<p>La Fnp Veneto ha chiesto alla Fondazione Corazzin, autrice di uno studio sulla parit\u00e0 di genere in Veneto, un&#8217;analisi specifica per la popolazione over 65. Emerge che fra le chiamate al 1522 l&#8217;8,4% \u00e8 stato fatto da anziani, 9 su 10 donne: il dato era crollato dal 10,6% del 2018 al 7,7% del 2019, ma con la pandemia ha cominciato a crescere di nuovo. Da sottolineare che nel 2020 le chiamate ascrivibili alla fascia anziana sono state fatte solo da donne. Quanto ai furti, nel 2019 il numero di donne over 65 anni vittime \u00e8 stato di 7.235 unit\u00e0: rispetto al 2010 anni il dato \u00e8 in crescita. Come sono in crescita, esponenziale peraltro, le truffe e, soprattutto, le frodi informatiche con vittime le anziane: erano gi\u00e0 pi\u00f9 di 200 le denunce nel 2010 e sono cresciute fino a 750 nel 2019.<\/p>","protected":false},"excerpt":{"rendered":"<p>Fnp Veneto: \u00abAccendiamo i riflettori anche sulle vittime anziane\u00bb Cresce il numero di donne over 65 che chiama il 1522, o \u00e8 vittima di furti e truffe Quasi una donna su 10 di quelle che in Veneto nel 2021 hanno chiamato il 1522, il numero antiviolenza e stalking, aveva pi\u00f9 di 65 anni. Ed \u00e8 [&hellip;]<\/p>\n","protected":false},"author":2,"featured_media":137968,"comment_status":"closed","ping_status":"open","sticky":false,"template":"","format":"standard","meta":{"footnotes":""},"categories":[8],"tags":[],"class_list":["post-137967","post","type-post","status-publish","format-standard","has-post-thumbnail","category-societa-istituzioni"],"yoast_head":"<!-- This site is optimized with the Yoast SEO plugin v28.4 - https:\/\/yoast.com\/product\/yoast-seo-wordpress\/ -->\n<title>Giornata internazionale per l&#039;eliminazione della violenza contro le donne - Bellunopress - Dolomiti<\/title>\n<meta name=\"robots\" content=\"index, follow, max-snippet:-1, max-image-preview:large, max-video-preview:-1\" \/>\n<link rel=\"canonical\" href=\"https:\/\/www.bellunopress.it\/fr\/2022\/11\/25\/giornata-internazionale-per-leliminazione-della-violenza-contro-le-donne\/\" \/>\n<meta property=\"og:locale\" content=\"fr_FR\" \/>\n<meta property=\"og:type\" content=\"article\" \/>\n<meta property=\"og:title\" content=\"Giornata internazionale per l&#039;eliminazione della violenza contro le donne - Bellunopress - Dolomiti\" \/>\n<meta property=\"og:description\" content=\"Fnp Veneto: \u00abAccendiamo i riflettori anche sulle vittime anziane\u00bb Cresce il numero di donne over 65 che chiama il 1522, o \u00e8 vittima di furti e truffe Quasi una donna su 10 di quelle che in Veneto nel 2021 hanno chiamato il 1522, il numero antiviolenza e stalking, aveva pi\u00f9 di 65 anni. Ed \u00e8 [&hellip;]\" \/>\n<meta property=\"og:url\" content=\"https:\/\/www.bellunopress.it\/fr\/2022\/11\/25\/giornata-internazionale-per-leliminazione-della-violenza-contro-le-donne\/\" \/>\n<meta property=\"og:site_name\" content=\"Bellunopress - Dolomiti\" \/>\n<meta property=\"article:publisher\" content=\"https:\/\/www.facebook.com\/profile.php?id=100008943462799\" \/>\n<meta property=\"article:published_time\" content=\"2022-11-25T10:25:28+00:00\" \/>\n<meta property=\"article:modified_time\" content=\"2022-11-27T10:27:20+00:00\" \/>\n<meta property=\"og:image\" content=\"https:\/\/www.bellunopress.it\/wp-content\/uploads\/2022\/11\/violenza-donne_edited.jpg\" \/>\n\t<meta property=\"og:image:width\" content=\"638\" \/>\n\t<meta property=\"og:image:height\" content=\"425\" \/>\n\t<meta property=\"og:image:type\" content=\"image\/jpeg\" \/>\n<meta name=\"author\" content=\"redazione\" \/>\n<meta name=\"twitter:card\" content=\"summary_large_image\" \/>\n<meta name=\"twitter:creator\" content=\"@bellunopress\" \/>\n<meta name=\"twitter:site\" content=\"@bellunopress\" \/>\n<meta name=\"twitter:label1\" content=\"Written by\" \/>\n\t<meta name=\"twitter:data1\" content=\"redazione\" \/>\n\t<meta name=\"twitter:label2\" content=\"Est. reading time\" \/>\n\t<meta name=\"twitter:data2\" content=\"3 minutes\" \/>\n<script type=\"application\/ld+json\" class=\"yoast-schema-graph\">{\"@context\":\"https:\\\/\\\/schema.org\",\"@graph\":[{\"@type\":\"Article\",\"@id\":\"https:\\\/\\\/www.bellunopress.it\\\/2022\\\/11\\\/25\\\/giornata-internazionale-per-leliminazione-della-violenza-contro-le-donne\\\/#article\",\"isPartOf\":{\"@id\":\"https:\\\/\\\/www.bellunopress.it\\\/2022\\\/11\\\/25\\\/giornata-internazionale-per-leliminazione-della-violenza-contro-le-donne\\\/\"},\"author\":{\"name\":\"redazione\",\"@id\":\"https:\\\/\\\/www.bellunopress.it\\\/#\\\/schema\\\/person\\\/79bb06722b37ece1c03d3e94beb30d73\"},\"headline\":\"Giornata internazionale per l&#8217;eliminazione della violenza contro le donne\",\"datePublished\":\"2022-11-25T10:25:28+00:00\",\"dateModified\":\"2022-11-27T10:27:20+00:00\",\"mainEntityOfPage\":{\"@id\":\"https:\\\/\\\/www.bellunopress.it\\\/2022\\\/11\\\/25\\\/giornata-internazionale-per-leliminazione-della-violenza-contro-le-donne\\\/\"},\"wordCount\":363,\"publisher\":{\"@id\":\"https:\\\/\\\/www.bellunopress.it\\\/#organization\"},\"image\":{\"@id\":\"https:\\\/\\\/www.bellunopress.it\\\/2022\\\/11\\\/25\\\/giornata-internazionale-per-leliminazione-della-violenza-contro-le-donne\\\/#primaryimage\"},\"thumbnailUrl\":\"https:\\\/\\\/www.bellunopress.it\\\/wp-content\\\/uploads\\\/2022\\\/11\\\/violenza-donne_edited.jpg\",\"articleSection\":[\"Societ\u00e0, Associazioni, Istituzioni\"],\"inLanguage\":\"fr-FR\"},{\"@type\":\"WebPage\",\"@id\":\"https:\\\/\\\/www.bellunopress.it\\\/2022\\\/11\\\/25\\\/giornata-internazionale-per-leliminazione-della-violenza-contro-le-donne\\\/\",\"url\":\"https:\\\/\\\/www.bellunopress.it\\\/2022\\\/11\\\/25\\\/giornata-internazionale-per-leliminazione-della-violenza-contro-le-donne\\\/\",\"name\":\"Giornata internazionale per l'eliminazione della violenza contro le donne - Bellunopress - Dolomiti\",\"isPartOf\":{\"@id\":\"https:\\\/\\\/www.bellunopress.it\\\/#website\"},\"primaryImageOfPage\":{\"@id\":\"https:\\\/\\\/www.bellunopress.it\\\/2022\\\/11\\\/25\\\/giornata-internazionale-per-leliminazione-della-violenza-contro-le-donne\\\/#primaryimage\"},\"image\":{\"@id\":\"https:\\\/\\\/www.bellunopress.it\\\/2022\\\/11\\\/25\\\/giornata-internazionale-per-leliminazione-della-violenza-contro-le-donne\\\/#primaryimage\"},\"thumbnailUrl\":\"https:\\\/\\\/www.bellunopress.it\\\/wp-content\\\/uploads\\\/2022\\\/11\\\/violenza-donne_edited.jpg\",\"datePublished\":\"2022-11-25T10:25:28+00:00\",\"dateModified\":\"2022-11-27T10:27:20+00:00\",\"breadcrumb\":{\"@id\":\"https:\\\/\\\/www.bellunopress.it\\\/2022\\\/11\\\/25\\\/giornata-internazionale-per-leliminazione-della-violenza-contro-le-donne\\\/#breadcrumb\"},\"inLanguage\":\"fr-FR\",\"potentialAction\":[{\"@type\":\"ReadAction\",\"target\":[\"https:\\\/\\\/www.bellunopress.it\\\/2022\\\/11\\\/25\\\/giornata-internazionale-per-leliminazione-della-violenza-contro-le-donne\\\/\"]}]},{\"@type\":\"ImageObject\",\"inLanguage\":\"fr-FR\",\"@id\":\"https:\\\/\\\/www.bellunopress.it\\\/2022\\\/11\\\/25\\\/giornata-internazionale-per-leliminazione-della-violenza-contro-le-donne\\\/#primaryimage\",\"url\":\"https:\\\/\\\/www.bellunopress.it\\\/wp-content\\\/uploads\\\/2022\\\/11\\\/violenza-donne_edited.jpg\",\"contentUrl\":\"https:\\\/\\\/www.bellunopress.it\\\/wp-content\\\/uploads\\\/2022\\\/11\\\/violenza-donne_edited.jpg\",\"width\":638,\"height\":425},{\"@type\":\"BreadcrumbList\",\"@id\":\"https:\\\/\\\/www.bellunopress.it\\\/2022\\\/11\\\/25\\\/giornata-internazionale-per-leliminazione-della-violenza-contro-le-donne\\\/#breadcrumb\",\"itemListElement\":[{\"@type\":\"ListItem\",\"position\":1,\"name\":\"Home\",\"item\":\"https:\\\/\\\/www.bellunopress.it\\\/\"},{\"@type\":\"ListItem\",\"position\":2,\"name\":\"Giornata internazionale per l&#8217;eliminazione della violenza contro le donne\"}]},{\"@type\":\"WebSite\",\"@id\":\"https:\\\/\\\/www.bellunopress.it\\\/#website\",\"url\":\"https:\\\/\\\/www.bellunopress.it\\\/\",\"name\":\"Bellunopress - Dolomiti\",\"description\":\"e-mail: redazione@bellunopress.it\",\"publisher\":{\"@id\":\"https:\\\/\\\/www.bellunopress.it\\\/#organization\"},\"potentialAction\":[{\"@type\":\"SearchAction\",\"target\":{\"@type\":\"EntryPoint\",\"urlTemplate\":\"https:\\\/\\\/www.bellunopress.it\\\/?s={search_term_string}\"},\"query-input\":{\"@type\":\"PropertyValueSpecification\",\"valueRequired\":true,\"valueName\":\"search_term_string\"}}],\"inLanguage\":\"fr-FR\"},{\"@type\":\"Organization\",\"@id\":\"https:\\\/\\\/www.bellunopress.it\\\/#organization\",\"name\":\"Bellunopress\",\"url\":\"https:\\\/\\\/www.bellunopress.it\\\/\",\"logo\":{\"@type\":\"ImageObject\",\"inLanguage\":\"fr-FR\",\"@id\":\"https:\\\/\\\/www.bellunopress.it\\\/#\\\/schema\\\/logo\\\/image\\\/\",\"url\":\"https:\\\/\\\/www.bellunopress.it\\\/wp-content\\\/uploads\\\/2011\\\/05\\\/cropped-logo-bellunopress-.jpg\",\"contentUrl\":\"https:\\\/\\\/www.bellunopress.it\\\/wp-content\\\/uploads\\\/2011\\\/05\\\/cropped-logo-bellunopress-.jpg\",\"width\":512,\"height\":512,\"caption\":\"Bellunopress\"},\"image\":{\"@id\":\"https:\\\/\\\/www.bellunopress.it\\\/#\\\/schema\\\/logo\\\/image\\\/\"},\"sameAs\":[\"https:\\\/\\\/www.facebook.com\\\/profile.php?id=100008943462799\",\"https:\\\/\\\/x.com\\\/bellunopress\",\"https:\\\/\\\/www.linkedin.com\\\/hp\\\/?dnr=JBzUWaJfMUw8vbXJJ2tVW5-I3jZKvC4wsoxE&amp;amp;amp;amp;amp;amp;trk=nav_responsive_tab_home\",\"https:\\\/\\\/www.youtube.com\\\/channel\\\/UCxL0wu1uN0_3_7hGG0306cw\"]},{\"@type\":\"Person\",\"@id\":\"https:\\\/\\\/www.bellunopress.it\\\/#\\\/schema\\\/person\\\/79bb06722b37ece1c03d3e94beb30d73\",\"name\":\"redazione\",\"image\":{\"@type\":\"ImageObject\",\"inLanguage\":\"fr-FR\",\"@id\":\"https:\\\/\\\/secure.gravatar.com\\\/avatar\\\/37d968a2e67a6fd04c169c4bdef102d0bc5d31b2546345219e348575eb80e9a0?s=96&d=mm&r=g\",\"url\":\"https:\\\/\\\/secure.gravatar.com\\\/avatar\\\/37d968a2e67a6fd04c169c4bdef102d0bc5d31b2546345219e348575eb80e9a0?s=96&d=mm&r=g\",\"contentUrl\":\"https:\\\/\\\/secure.gravatar.com\\\/avatar\\\/37d968a2e67a6fd04c169c4bdef102d0bc5d31b2546345219e348575eb80e9a0?s=96&d=mm&r=g\",\"caption\":\"redazione\"},\"sameAs\":[\"http:\\\/\\\/www.bellunopress.it\",\"https:\\\/\\\/x.com\\\/bellunopress\"],\"url\":\"https:\\\/\\\/www.bellunopress.it\\\/fr\\\/author\\\/redazione\\\/\"}]}<\/script>\n<!-- \/ Yoast SEO plugin. -->","yoast_head_json":{"title":"Giornata internazionale per l'eliminazione della violenza contro le donne - Bellunopress - Dolomiti","robots":{"index":"index","follow":"follow","max-snippet":"max-snippet:-1","max-image-preview":"max-image-preview:large","max-video-preview":"max-video-preview:-1"},"canonical":"https:\/\/www.bellunopress.it\/fr\/2022\/11\/25\/giornata-internazionale-per-leliminazione-della-violenza-contro-le-donne\/","og_locale":"fr_FR","og_type":"article","og_title":"Giornata internazionale per l'eliminazione della violenza contro le donne - Bellunopress - Dolomiti","og_description":"Fnp Veneto: \u00abAccendiamo i riflettori anche sulle vittime anziane\u00bb Cresce il numero di donne over 65 che chiama il 1522, o \u00e8 vittima di furti e truffe Quasi una donna su 10 di quelle che in Veneto nel 2021 hanno chiamato il 1522, il numero antiviolenza e stalking, aveva pi\u00f9 di 65 anni. Ed \u00e8 [&hellip;]","og_url":"https:\/\/www.bellunopress.it\/fr\/2022\/11\/25\/giornata-internazionale-per-leliminazione-della-violenza-contro-le-donne\/","og_site_name":"Bellunopress - Dolomiti","article_publisher":"https:\/\/www.facebook.com\/profile.php?id=100008943462799","article_published_time":"2022-11-25T10:25:28+00:00","article_modified_time":"2022-11-27T10:27:20+00:00","og_image":[{"width":638,"height":425,"url":"https:\/\/www.bellunopress.it\/wp-content\/uploads\/2022\/11\/violenza-donne_edited.jpg","type":"image\/jpeg"}],"author":"redazione","twitter_card":"summary_large_image","twitter_creator":"@bellunopress","twitter_site":"@bellunopress","twitter_misc":{"Written by":"redazione","Est. reading time":"3 minutes"},"schema":{"@context":"https:\/\/schema.org","@graph":[{"@type":"Article","@id":"https:\/\/www.bellunopress.it\/2022\/11\/25\/giornata-internazionale-per-leliminazione-della-violenza-contro-le-donne\/#article","isPartOf":{"@id":"https:\/\/www.bellunopress.it\/2022\/11\/25\/giornata-internazionale-per-leliminazione-della-violenza-contro-le-donne\/"},"author":{"name":"redazione","@id":"https:\/\/www.bellunopress.it\/#\/schema\/person\/79bb06722b37ece1c03d3e94beb30d73"},"headline":"Giornata internazionale per l&#8217;eliminazione della violenza contro le donne","datePublished":"2022-11-25T10:25:28+00:00","dateModified":"2022-11-27T10:27:20+00:00","mainEntityOfPage":{"@id":"https:\/\/www.bellunopress.it\/2022\/11\/25\/giornata-internazionale-per-leliminazione-della-violenza-contro-le-donne\/"},"wordCount":363,"publisher":{"@id":"https:\/\/www.bellunopress.it\/#organization"},"image":{"@id":"https:\/\/www.bellunopress.it\/2022\/11\/25\/giornata-internazionale-per-leliminazione-della-violenza-contro-le-donne\/#primaryimage"},"thumbnailUrl":"https:\/\/www.bellunopress.it\/wp-content\/uploads\/2022\/11\/violenza-donne_edited.jpg","articleSection":["Societ\u00e0, Associazioni, Istituzioni"],"inLanguage":"fr-FR"},{"@type":"WebPage","@id":"https:\/\/www.bellunopress.it\/2022\/11\/25\/giornata-internazionale-per-leliminazione-della-violenza-contro-le-donne\/","url":"https:\/\/www.bellunopress.it\/2022\/11\/25\/giornata-internazionale-per-leliminazione-della-violenza-contro-le-donne\/","name":"Giornata internazionale per l'eliminazione della violenza contro le donne - Bellunopress - Dolomiti","isPartOf":{"@id":"https:\/\/www.bellunopress.it\/#website"},"primaryImageOfPage":{"@id":"https:\/\/www.bellunopress.it\/2022\/11\/25\/giornata-internazionale-per-leliminazione-della-violenza-contro-le-donne\/#primaryimage"},"image":{"@id":"https:\/\/www.bellunopress.it\/2022\/11\/25\/giornata-internazionale-per-leliminazione-della-violenza-contro-le-donne\/#primaryimage"},"thumbnailUrl":"https:\/\/www.bellunopress.it\/wp-content\/uploads\/2022\/11\/violenza-donne_edited.jpg","datePublished":"2022-11-25T10:25:28+00:00","dateModified":"2022-11-27T10:27:20+00:00","breadcrumb":{"@id":"https:\/\/www.bellunopress.it\/2022\/11\/25\/giornata-internazionale-per-leliminazione-della-violenza-contro-le-donne\/#breadcrumb"},"inLanguage":"fr-FR","potentialAction":[{"@type":"ReadAction","target":["https:\/\/www.bellunopress.it\/2022\/11\/25\/giornata-internazionale-per-leliminazione-della-violenza-contro-le-donne\/"]}]},{"@type":"ImageObject","inLanguage":"fr-FR","@id":"https:\/\/www.bellunopress.it\/2022\/11\/25\/giornata-internazionale-per-leliminazione-della-violenza-contro-le-donne\/#primaryimage","url":"https:\/\/www.bellunopress.it\/wp-content\/uploads\/2022\/11\/violenza-donne_edited.jpg","contentUrl":"https:\/\/www.bellunopress.it\/wp-content\/uploads\/2022\/11\/violenza-donne_edited.jpg","width":638,"height":425},{"@type":"BreadcrumbList","@id":"https:\/\/www.bellunopress.it\/2022\/11\/25\/giornata-internazionale-per-leliminazione-della-violenza-contro-le-donne\/#breadcrumb","itemListElement":[{"@type":"ListItem","position":1,"name":"Home","item":"https:\/\/www.bellunopress.it\/"},{"@type":"ListItem","position":2,"name":"Giornata internazionale per l&#8217;eliminazione della violenza contro le donne"}]},{"@type":"WebSite","@id":"https:\/\/www.bellunopress.it\/#website","url":"https:\/\/www.bellunopress.it\/","name":"Bellunopress - Dolomiti","description":"e-mail: redazione@bellunopress.it","publisher":{"@id":"https:\/\/www.bellunopress.it\/#organization"},"potentialAction":[{"@type":"SearchAction","target":{"@type":"EntryPoint","urlTemplate":"https:\/\/www.bellunopress.it\/?s={search_term_string}"},"query-input":{"@type":"PropertyValueSpecification","valueRequired":true,"valueName":"search_term_string"}}],"inLanguage":"fr-FR"},{"@type":"Organization","@id":"https:\/\/www.bellunopress.it\/#organization","name":"Bellunopress","url":"https:\/\/www.bellunopress.it\/","logo":{"@type":"ImageObject","inLanguage":"fr-FR","@id":"https:\/\/www.bellunopress.it\/#\/schema\/logo\/image\/","url":"https:\/\/www.bellunopress.it\/wp-content\/uploads\/2011\/05\/cropped-logo-bellunopress-.jpg","contentUrl":"https:\/\/www.bellunopress.it\/wp-content\/uploads\/2011\/05\/cropped-logo-bellunopress-.jpg","width":512,"height":512,"caption":"Bellunopress"},"image":{"@id":"https:\/\/www.bellunopress.it\/#\/schema\/logo\/image\/"},"sameAs":["https:\/\/www.facebook.com\/profile.php?id=100008943462799","https:\/\/x.com\/bellunopress","https:\/\/www.linkedin.com\/hp\/?dnr=JBzUWaJfMUw8vbXJJ2tVW5-I3jZKvC4wsoxE&amp;amp;amp;amp;amp;amp;trk=nav_responsive_tab_home","https:\/\/www.youtube.com\/channel\/UCxL0wu1uN0_3_7hGG0306cw"]},{"@type":"Person","@id":"https:\/\/www.bellunopress.it\/#\/schema\/person\/79bb06722b37ece1c03d3e94beb30d73","name":"r\u00e9daction","image":{"@type":"ImageObject","inLanguage":"fr-FR","@id":"https:\/\/secure.gravatar.com\/avatar\/37d968a2e67a6fd04c169c4bdef102d0bc5d31b2546345219e348575eb80e9a0?s=96&d=mm&r=g","url":"https:\/\/secure.gravatar.com\/avatar\/37d968a2e67a6fd04c169c4bdef102d0bc5d31b2546345219e348575eb80e9a0?s=96&d=mm&r=g","contentUrl":"https:\/\/secure.gravatar.com\/avatar\/37d968a2e67a6fd04c169c4bdef102d0bc5d31b2546345219e348575eb80e9a0?s=96&d=mm&r=g","caption":"redazione"},"sameAs":["http:\/\/www.bellunopress.it","https:\/\/x.com\/bellunopress"],"url":"https:\/\/www.bellunopress.it\/fr\/author\/redazione\/"}]}},"_links":{"self":[{"href":"https:\/\/www.bellunopress.it\/fr\/wp-json\/wp\/v2\/posts\/137967","targetHints":{"allow":["GET"]}}],"collection":[{"href":"https:\/\/www.bellunopress.it\/fr\/wp-json\/wp\/v2\/posts"}],"about":[{"href":"https:\/\/www.bellunopress.it\/fr\/wp-json\/wp\/v2\/types\/post"}],"author":[{"embeddable":true,"href":"https:\/\/www.bellunopress.it\/fr\/wp-json\/wp\/v2\/users\/2"}],"replies":[{"embeddable":true,"href":"https:\/\/www.bellunopress.it\/fr\/wp-json\/wp\/v2\/comments?post=137967"}],"version-history":[{"count":1,"href":"https:\/\/www.bellunopress.it\/fr\/wp-json\/wp\/v2\/posts\/137967\/revisions"}],"predecessor-version":[{"id":137969,"href":"https:\/\/www.bellunopress.it\/fr\/wp-json\/wp\/v2\/posts\/137967\/revisions\/137969"}],"wp:featuredmedia":[{"embeddable":true,"href":"https:\/\/www.bellunopress.it\/fr\/wp-json\/wp\/v2\/media\/137968"}],"wp:attachment":[{"href":"https:\/\/www.bellunopress.it\/fr\/wp-json\/wp\/v2\/media?parent=137967"}],"wp:term":[{"taxonomy":"category","embeddable":true,"href":"https:\/\/www.bellunopress.it\/fr\/wp-json\/wp\/v2\/categories?post=137967"},{"taxonomy":"post_tag","embeddable":true,"href":"https:\/\/www.bellunopress.it\/fr\/wp-json\/wp\/v2\/tags?post=137967"}],"curies":[{"name":"wp","href":"https:\/\/api.w.org\/{rel}","templated":true}]}}