{"id":137963,"date":"2022-11-27T08:45:25","date_gmt":"2022-11-27T07:45:25","guid":{"rendered":"https:\/\/www.bellunopress.it\/?p=137963"},"modified":"2022-11-27T08:45:25","modified_gmt":"2022-11-27T07:45:25","slug":"borgo-valbelluna-manutenzione-straordinaria-della-viabilita-comunale","status":"publish","type":"post","link":"https:\/\/www.bellunopress.it\/fr\/2022\/11\/27\/borgo-valbelluna-manutenzione-straordinaria-della-viabilita-comunale\/","title":{"rendered":"Borgo Valbelluna. Manutenzione straordinaria della viabilit\u00e0 comunale"},"content":{"rendered":"<p><img loading=\"lazy\" decoding=\"async\" class=\"alignleft size-full wp-image-134276\" src=\"https:\/\/www.bellunopress.it\/wp-content\/uploads\/2022\/06\/Stemma-comune-Borgo-Valbelluna-Primo_Classificato_edited.jpg\" alt=\"\" width=\"547\" height=\"472\" srcset=\"https:\/\/www.bellunopress.it\/wp-content\/uploads\/2022\/06\/Stemma-comune-Borgo-Valbelluna-Primo_Classificato_edited.jpg 547w, https:\/\/www.bellunopress.it\/wp-content\/uploads\/2022\/06\/Stemma-comune-Borgo-Valbelluna-Primo_Classificato_edited-500x431.jpg 500w, https:\/\/www.bellunopress.it\/wp-content\/uploads\/2022\/06\/Stemma-comune-Borgo-Valbelluna-Primo_Classificato_edited-487x420.jpg 487w, https:\/\/www.bellunopress.it\/wp-content\/uploads\/2022\/06\/Stemma-comune-Borgo-Valbelluna-Primo_Classificato_edited-534x462.jpg 534w\" sizes=\"auto, (max-width: 547px) 100vw, 547px\" \/>La Giunta comunale di Borgo Valbelluna, riunitasi nei giorni scorsi, ha licenziato una delibera relativa al finanziamento di una serie numerosa di interventi di manutenzione straordinaria e ristrutturazione della viabilit\u00e0 comunale al fine di migliorare la sicurezza stradale e ridurre i costi di manutenzione.<\/p>\n<p>L&#8217;importo complessivo delle opere ammonta a 702.000 euro di cui 505.571,33 euro per lavori, 8.060,02 euro per gli oneri della sicurezza e 188.368,65 euro per le somme a disposizione tra cui l&#8217;iva sui lavori, gli imprevisti e le spese tecniche.<\/p>\n<p>Il progetto \u00e8 stato richiesto dall&#8217;Amministrazione Comunale di Borgo Valbelluna allo scopo di intervenire in maniera significativa per sistemare alcuni tratti di viabilit\u00e0 comunale che presentano evidenti segni di ammaloramento. Preliminarmente \u00e8 stata fatta una ricognizione capillare sull&#8217;intero territorio per identificare le situazioni con maggiori necessit\u00e0, in modo da elaborare una lista di interventi e definirne la priorit\u00e0, anche in funzione della frequenza della strada oggetto di valutazione. Alla conclusione di tale fase \u00e8 stato poi eseguito il rilievo di dettaglio delle 34 aree individuate, con l&#8217;identificazione delle necessit\u00e0 di intervento e la quantificazione economica.<\/p>\n<p>Il progetto prevede la fresatura della strada, alcune ricariche in corrispondenza di avvallamenti e dei cedimenti, il riporto in quota dei chiusini e delle griglie ed il rifacimento della pavimentazione con strato unico di opportuno spessore, nonch\u00e9 il ripristino della segnaletica orizzontale.<\/p>\n<p>La spesa necessaria per la realizzazione dell&#8217;opera, \u00e8 finanziata con 130.000 euro di risorse del bilancio comunale e la rimanente parte, 572.000 euro, da contributo statale a valere sui fondi del PNRR &#8211; M2C4 &#8211; INVESTIMENTO 2.2 &#8211; Contributo statale per la messa in sicurezza di edifici e territorio.<\/p>\n<p>La gara di aggiudicazione dei lavori sar\u00e0 nelle prossime settimane. L&#8217;inizio dei lavori \u00e8 previsto nella prossima primavera.<\/p>","protected":false},"excerpt":{"rendered":"<p>La Giunta comunale di Borgo Valbelluna, riunitasi nei giorni scorsi, ha licenziato una delibera relativa al finanziamento di una serie numerosa di interventi di manutenzione straordinaria e ristrutturazione della viabilit\u00e0 comunale al fine di migliorare la sicurezza stradale e ridurre i costi di manutenzione. L&#8217;importo complessivo delle opere ammonta a 702.000 euro di cui 505.571,33 [&hellip;]<\/p>\n","protected":false},"author":2,"featured_media":134276,"comment_status":"closed","ping_status":"open","sticky":false,"template":"","format":"standard","meta":{"footnotes":""},"categories":[5],"tags":[],"class_list":["post-137963","post","type-post","status-publish","format-standard","has-post-thumbnail","category-cronaca"],"yoast_head":"<!-- This site is optimized with the Yoast SEO plugin v28.4 - https:\/\/yoast.com\/product\/yoast-seo-wordpress\/ -->\n<title>Borgo Valbelluna. Manutenzione straordinaria della viabilit\u00e0 comunale - Bellunopress - Dolomiti<\/title>\n<meta name=\"robots\" content=\"index, follow, max-snippet:-1, max-image-preview:large, max-video-preview:-1\" \/>\n<link rel=\"canonical\" href=\"https:\/\/www.bellunopress.it\/fr\/2022\/11\/27\/borgo-valbelluna-manutenzione-straordinaria-della-viabilita-comunale\/\" \/>\n<meta property=\"og:locale\" content=\"fr_FR\" \/>\n<meta property=\"og:type\" content=\"article\" \/>\n<meta property=\"og:title\" content=\"Borgo Valbelluna. Manutenzione straordinaria della viabilit\u00e0 comunale - Bellunopress - Dolomiti\" \/>\n<meta property=\"og:description\" content=\"La Giunta comunale di Borgo Valbelluna, riunitasi nei giorni scorsi, ha licenziato una delibera relativa al finanziamento di una serie numerosa di interventi di manutenzione straordinaria e ristrutturazione della viabilit\u00e0 comunale al fine di migliorare la sicurezza stradale e ridurre i costi di manutenzione. L&#8217;importo complessivo delle opere ammonta a 702.000 euro di cui 505.571,33 [&hellip;]\" \/>\n<meta property=\"og:url\" content=\"https:\/\/www.bellunopress.it\/fr\/2022\/11\/27\/borgo-valbelluna-manutenzione-straordinaria-della-viabilita-comunale\/\" \/>\n<meta property=\"og:site_name\" content=\"Bellunopress - Dolomiti\" \/>\n<meta property=\"article:publisher\" content=\"https:\/\/www.facebook.com\/profile.php?id=100008943462799\" \/>\n<meta property=\"article:published_time\" content=\"2022-11-27T07:45:25+00:00\" \/>\n<meta property=\"og:image\" content=\"https:\/\/www.bellunopress.it\/wp-content\/uploads\/2022\/06\/Stemma-comune-Borgo-Valbelluna-Primo_Classificato_edited.jpg\" \/>\n\t<meta property=\"og:image:width\" content=\"547\" \/>\n\t<meta property=\"og:image:height\" content=\"472\" \/>\n\t<meta property=\"og:image:type\" content=\"image\/jpeg\" \/>\n<meta name=\"author\" content=\"redazione\" \/>\n<meta name=\"twitter:card\" content=\"summary_large_image\" \/>\n<meta name=\"twitter:creator\" content=\"@bellunopress\" \/>\n<meta name=\"twitter:site\" content=\"@bellunopress\" \/>\n<meta name=\"twitter:label1\" content=\"\u00c9crit par\" \/>\n\t<meta name=\"twitter:data1\" content=\"redazione\" \/>\n\t<meta name=\"twitter:label2\" content=\"Dur\u00e9e de lecture estim\u00e9e\" \/>\n\t<meta name=\"twitter:data2\" content=\"2 minutes\" \/>\n<script type=\"application\/ld+json\" class=\"yoast-schema-graph\">{\"@context\":\"https:\\\/\\\/schema.org\",\"@graph\":[{\"@type\":\"Article\",\"@id\":\"https:\\\/\\\/www.bellunopress.it\\\/2022\\\/11\\\/27\\\/borgo-valbelluna-manutenzione-straordinaria-della-viabilita-comunale\\\/#article\",\"isPartOf\":{\"@id\":\"https:\\\/\\\/www.bellunopress.it\\\/2022\\\/11\\\/27\\\/borgo-valbelluna-manutenzione-straordinaria-della-viabilita-comunale\\\/\"},\"author\":{\"name\":\"redazione\",\"@id\":\"https:\\\/\\\/www.bellunopress.it\\\/#\\\/schema\\\/person\\\/79bb06722b37ece1c03d3e94beb30d73\"},\"headline\":\"Borgo Valbelluna. Manutenzione straordinaria della viabilit\u00e0 comunale\",\"datePublished\":\"2022-11-27T07:45:25+00:00\",\"mainEntityOfPage\":{\"@id\":\"https:\\\/\\\/www.bellunopress.it\\\/2022\\\/11\\\/27\\\/borgo-valbelluna-manutenzione-straordinaria-della-viabilita-comunale\\\/\"},\"wordCount\":290,\"publisher\":{\"@id\":\"https:\\\/\\\/www.bellunopress.it\\\/#organization\"},\"image\":{\"@id\":\"https:\\\/\\\/www.bellunopress.it\\\/2022\\\/11\\\/27\\\/borgo-valbelluna-manutenzione-straordinaria-della-viabilita-comunale\\\/#primaryimage\"},\"thumbnailUrl\":\"https:\\\/\\\/www.bellunopress.it\\\/wp-content\\\/uploads\\\/2022\\\/06\\\/Stemma-comune-Borgo-Valbelluna-Primo_Classificato_edited.jpg\",\"articleSection\":[\"Cronaca\\\/Politica\"],\"inLanguage\":\"fr-FR\"},{\"@type\":\"WebPage\",\"@id\":\"https:\\\/\\\/www.bellunopress.it\\\/2022\\\/11\\\/27\\\/borgo-valbelluna-manutenzione-straordinaria-della-viabilita-comunale\\\/\",\"url\":\"https:\\\/\\\/www.bellunopress.it\\\/2022\\\/11\\\/27\\\/borgo-valbelluna-manutenzione-straordinaria-della-viabilita-comunale\\\/\",\"name\":\"Borgo Valbelluna. Manutenzione straordinaria della viabilit\u00e0 comunale - Bellunopress - Dolomiti\",\"isPartOf\":{\"@id\":\"https:\\\/\\\/www.bellunopress.it\\\/#website\"},\"primaryImageOfPage\":{\"@id\":\"https:\\\/\\\/www.bellunopress.it\\\/2022\\\/11\\\/27\\\/borgo-valbelluna-manutenzione-straordinaria-della-viabilita-comunale\\\/#primaryimage\"},\"image\":{\"@id\":\"https:\\\/\\\/www.bellunopress.it\\\/2022\\\/11\\\/27\\\/borgo-valbelluna-manutenzione-straordinaria-della-viabilita-comunale\\\/#primaryimage\"},\"thumbnailUrl\":\"https:\\\/\\\/www.bellunopress.it\\\/wp-content\\\/uploads\\\/2022\\\/06\\\/Stemma-comune-Borgo-Valbelluna-Primo_Classificato_edited.jpg\",\"datePublished\":\"2022-11-27T07:45:25+00:00\",\"breadcrumb\":{\"@id\":\"https:\\\/\\\/www.bellunopress.it\\\/2022\\\/11\\\/27\\\/borgo-valbelluna-manutenzione-straordinaria-della-viabilita-comunale\\\/#breadcrumb\"},\"inLanguage\":\"fr-FR\",\"potentialAction\":[{\"@type\":\"ReadAction\",\"target\":[\"https:\\\/\\\/www.bellunopress.it\\\/2022\\\/11\\\/27\\\/borgo-valbelluna-manutenzione-straordinaria-della-viabilita-comunale\\\/\"]}]},{\"@type\":\"ImageObject\",\"inLanguage\":\"fr-FR\",\"@id\":\"https:\\\/\\\/www.bellunopress.it\\\/2022\\\/11\\\/27\\\/borgo-valbelluna-manutenzione-straordinaria-della-viabilita-comunale\\\/#primaryimage\",\"url\":\"https:\\\/\\\/www.bellunopress.it\\\/wp-content\\\/uploads\\\/2022\\\/06\\\/Stemma-comune-Borgo-Valbelluna-Primo_Classificato_edited.jpg\",\"contentUrl\":\"https:\\\/\\\/www.bellunopress.it\\\/wp-content\\\/uploads\\\/2022\\\/06\\\/Stemma-comune-Borgo-Valbelluna-Primo_Classificato_edited.jpg\",\"width\":547,\"height\":472},{\"@type\":\"BreadcrumbList\",\"@id\":\"https:\\\/\\\/www.bellunopress.it\\\/2022\\\/11\\\/27\\\/borgo-valbelluna-manutenzione-straordinaria-della-viabilita-comunale\\\/#breadcrumb\",\"itemListElement\":[{\"@type\":\"ListItem\",\"position\":1,\"name\":\"Home\",\"item\":\"https:\\\/\\\/www.bellunopress.it\\\/\"},{\"@type\":\"ListItem\",\"position\":2,\"name\":\"Borgo Valbelluna. Manutenzione straordinaria della viabilit\u00e0 comunale\"}]},{\"@type\":\"WebSite\",\"@id\":\"https:\\\/\\\/www.bellunopress.it\\\/#website\",\"url\":\"https:\\\/\\\/www.bellunopress.it\\\/\",\"name\":\"Bellunopress - Dolomiti\",\"description\":\"e-mail: redazione@bellunopress.it\",\"publisher\":{\"@id\":\"https:\\\/\\\/www.bellunopress.it\\\/#organization\"},\"potentialAction\":[{\"@type\":\"SearchAction\",\"target\":{\"@type\":\"EntryPoint\",\"urlTemplate\":\"https:\\\/\\\/www.bellunopress.it\\\/?s={search_term_string}\"},\"query-input\":{\"@type\":\"PropertyValueSpecification\",\"valueRequired\":true,\"valueName\":\"search_term_string\"}}],\"inLanguage\":\"fr-FR\"},{\"@type\":\"Organization\",\"@id\":\"https:\\\/\\\/www.bellunopress.it\\\/#organization\",\"name\":\"Bellunopress\",\"url\":\"https:\\\/\\\/www.bellunopress.it\\\/\",\"logo\":{\"@type\":\"ImageObject\",\"inLanguage\":\"fr-FR\",\"@id\":\"https:\\\/\\\/www.bellunopress.it\\\/#\\\/schema\\\/logo\\\/image\\\/\",\"url\":\"https:\\\/\\\/www.bellunopress.it\\\/wp-content\\\/uploads\\\/2011\\\/05\\\/cropped-logo-bellunopress-.jpg\",\"contentUrl\":\"https:\\\/\\\/www.bellunopress.it\\\/wp-content\\\/uploads\\\/2011\\\/05\\\/cropped-logo-bellunopress-.jpg\",\"width\":512,\"height\":512,\"caption\":\"Bellunopress\"},\"image\":{\"@id\":\"https:\\\/\\\/www.bellunopress.it\\\/#\\\/schema\\\/logo\\\/image\\\/\"},\"sameAs\":[\"https:\\\/\\\/www.facebook.com\\\/profile.php?id=100008943462799\",\"https:\\\/\\\/x.com\\\/bellunopress\",\"https:\\\/\\\/www.linkedin.com\\\/hp\\\/?dnr=JBzUWaJfMUw8vbXJJ2tVW5-I3jZKvC4wsoxE&amp;amp;amp;amp;amp;amp;trk=nav_responsive_tab_home\",\"https:\\\/\\\/www.youtube.com\\\/channel\\\/UCxL0wu1uN0_3_7hGG0306cw\"]},{\"@type\":\"Person\",\"@id\":\"https:\\\/\\\/www.bellunopress.it\\\/#\\\/schema\\\/person\\\/79bb06722b37ece1c03d3e94beb30d73\",\"name\":\"redazione\",\"image\":{\"@type\":\"ImageObject\",\"inLanguage\":\"fr-FR\",\"@id\":\"https:\\\/\\\/secure.gravatar.com\\\/avatar\\\/37d968a2e67a6fd04c169c4bdef102d0bc5d31b2546345219e348575eb80e9a0?s=96&d=mm&r=g\",\"url\":\"https:\\\/\\\/secure.gravatar.com\\\/avatar\\\/37d968a2e67a6fd04c169c4bdef102d0bc5d31b2546345219e348575eb80e9a0?s=96&d=mm&r=g\",\"contentUrl\":\"https:\\\/\\\/secure.gravatar.com\\\/avatar\\\/37d968a2e67a6fd04c169c4bdef102d0bc5d31b2546345219e348575eb80e9a0?s=96&d=mm&r=g\",\"caption\":\"redazione\"},\"sameAs\":[\"http:\\\/\\\/www.bellunopress.it\",\"https:\\\/\\\/x.com\\\/bellunopress\"],\"url\":\"https:\\\/\\\/www.bellunopress.it\\\/fr\\\/author\\\/redazione\\\/\"}]}<\/script>\n<!-- \/ Yoast SEO plugin. -->","yoast_head_json":{"title":"Borgo Valbelluna. Manutenzione straordinaria della viabilit\u00e0 comunale - Bellunopress - Dolomiti","robots":{"index":"index","follow":"follow","max-snippet":"max-snippet:-1","max-image-preview":"max-image-preview:large","max-video-preview":"max-video-preview:-1"},"canonical":"https:\/\/www.bellunopress.it\/fr\/2022\/11\/27\/borgo-valbelluna-manutenzione-straordinaria-della-viabilita-comunale\/","og_locale":"fr_FR","og_type":"article","og_title":"Borgo Valbelluna. Manutenzione straordinaria della viabilit\u00e0 comunale - Bellunopress - Dolomiti","og_description":"La Giunta comunale di Borgo Valbelluna, riunitasi nei giorni scorsi, ha licenziato una delibera relativa al finanziamento di una serie numerosa di interventi di manutenzione straordinaria e ristrutturazione della viabilit\u00e0 comunale al fine di migliorare la sicurezza stradale e ridurre i costi di manutenzione. L&#8217;importo complessivo delle opere ammonta a 702.000 euro di cui 505.571,33 [&hellip;]","og_url":"https:\/\/www.bellunopress.it\/fr\/2022\/11\/27\/borgo-valbelluna-manutenzione-straordinaria-della-viabilita-comunale\/","og_site_name":"Bellunopress - Dolomiti","article_publisher":"https:\/\/www.facebook.com\/profile.php?id=100008943462799","article_published_time":"2022-11-27T07:45:25+00:00","og_image":[{"width":547,"height":472,"url":"https:\/\/www.bellunopress.it\/wp-content\/uploads\/2022\/06\/Stemma-comune-Borgo-Valbelluna-Primo_Classificato_edited.jpg","type":"image\/jpeg"}],"author":"redazione","twitter_card":"summary_large_image","twitter_creator":"@bellunopress","twitter_site":"@bellunopress","twitter_misc":{"\u00c9crit par":"redazione","Dur\u00e9e de lecture estim\u00e9e":"2 minutes"},"schema":{"@context":"https:\/\/schema.org","@graph":[{"@type":"Article","@id":"https:\/\/www.bellunopress.it\/2022\/11\/27\/borgo-valbelluna-manutenzione-straordinaria-della-viabilita-comunale\/#article","isPartOf":{"@id":"https:\/\/www.bellunopress.it\/2022\/11\/27\/borgo-valbelluna-manutenzione-straordinaria-della-viabilita-comunale\/"},"author":{"name":"redazione","@id":"https:\/\/www.bellunopress.it\/#\/schema\/person\/79bb06722b37ece1c03d3e94beb30d73"},"headline":"Borgo Valbelluna. Manutenzione straordinaria della viabilit\u00e0 comunale","datePublished":"2022-11-27T07:45:25+00:00","mainEntityOfPage":{"@id":"https:\/\/www.bellunopress.it\/2022\/11\/27\/borgo-valbelluna-manutenzione-straordinaria-della-viabilita-comunale\/"},"wordCount":290,"publisher":{"@id":"https:\/\/www.bellunopress.it\/#organization"},"image":{"@id":"https:\/\/www.bellunopress.it\/2022\/11\/27\/borgo-valbelluna-manutenzione-straordinaria-della-viabilita-comunale\/#primaryimage"},"thumbnailUrl":"https:\/\/www.bellunopress.it\/wp-content\/uploads\/2022\/06\/Stemma-comune-Borgo-Valbelluna-Primo_Classificato_edited.jpg","articleSection":["Cronaca\/Politica"],"inLanguage":"fr-FR"},{"@type":"WebPage","@id":"https:\/\/www.bellunopress.it\/2022\/11\/27\/borgo-valbelluna-manutenzione-straordinaria-della-viabilita-comunale\/","url":"https:\/\/www.bellunopress.it\/2022\/11\/27\/borgo-valbelluna-manutenzione-straordinaria-della-viabilita-comunale\/","name":"Borgo Valbelluna. Manutenzione straordinaria della viabilit\u00e0 comunale - Bellunopress - Dolomiti","isPartOf":{"@id":"https:\/\/www.bellunopress.it\/#website"},"primaryImageOfPage":{"@id":"https:\/\/www.bellunopress.it\/2022\/11\/27\/borgo-valbelluna-manutenzione-straordinaria-della-viabilita-comunale\/#primaryimage"},"image":{"@id":"https:\/\/www.bellunopress.it\/2022\/11\/27\/borgo-valbelluna-manutenzione-straordinaria-della-viabilita-comunale\/#primaryimage"},"thumbnailUrl":"https:\/\/www.bellunopress.it\/wp-content\/uploads\/2022\/06\/Stemma-comune-Borgo-Valbelluna-Primo_Classificato_edited.jpg","datePublished":"2022-11-27T07:45:25+00:00","breadcrumb":{"@id":"https:\/\/www.bellunopress.it\/2022\/11\/27\/borgo-valbelluna-manutenzione-straordinaria-della-viabilita-comunale\/#breadcrumb"},"inLanguage":"fr-FR","potentialAction":[{"@type":"ReadAction","target":["https:\/\/www.bellunopress.it\/2022\/11\/27\/borgo-valbelluna-manutenzione-straordinaria-della-viabilita-comunale\/"]}]},{"@type":"ImageObject","inLanguage":"fr-FR","@id":"https:\/\/www.bellunopress.it\/2022\/11\/27\/borgo-valbelluna-manutenzione-straordinaria-della-viabilita-comunale\/#primaryimage","url":"https:\/\/www.bellunopress.it\/wp-content\/uploads\/2022\/06\/Stemma-comune-Borgo-Valbelluna-Primo_Classificato_edited.jpg","contentUrl":"https:\/\/www.bellunopress.it\/wp-content\/uploads\/2022\/06\/Stemma-comune-Borgo-Valbelluna-Primo_Classificato_edited.jpg","width":547,"height":472},{"@type":"BreadcrumbList","@id":"https:\/\/www.bellunopress.it\/2022\/11\/27\/borgo-valbelluna-manutenzione-straordinaria-della-viabilita-comunale\/#breadcrumb","itemListElement":[{"@type":"ListItem","position":1,"name":"Home","item":"https:\/\/www.bellunopress.it\/"},{"@type":"ListItem","position":2,"name":"Borgo Valbelluna. Manutenzione straordinaria della viabilit\u00e0 comunale"}]},{"@type":"WebSite","@id":"https:\/\/www.bellunopress.it\/#website","url":"https:\/\/www.bellunopress.it\/","name":"Bellunopress - Dolomiti","description":"e-mail: redazione@bellunopress.it","publisher":{"@id":"https:\/\/www.bellunopress.it\/#organization"},"potentialAction":[{"@type":"SearchAction","target":{"@type":"EntryPoint","urlTemplate":"https:\/\/www.bellunopress.it\/?s={search_term_string}"},"query-input":{"@type":"PropertyValueSpecification","valueRequired":true,"valueName":"search_term_string"}}],"inLanguage":"fr-FR"},{"@type":"Organization","@id":"https:\/\/www.bellunopress.it\/#organization","name":"Bellunopress","url":"https:\/\/www.bellunopress.it\/","logo":{"@type":"ImageObject","inLanguage":"fr-FR","@id":"https:\/\/www.bellunopress.it\/#\/schema\/logo\/image\/","url":"https:\/\/www.bellunopress.it\/wp-content\/uploads\/2011\/05\/cropped-logo-bellunopress-.jpg","contentUrl":"https:\/\/www.bellunopress.it\/wp-content\/uploads\/2011\/05\/cropped-logo-bellunopress-.jpg","width":512,"height":512,"caption":"Bellunopress"},"image":{"@id":"https:\/\/www.bellunopress.it\/#\/schema\/logo\/image\/"},"sameAs":["https:\/\/www.facebook.com\/profile.php?id=100008943462799","https:\/\/x.com\/bellunopress","https:\/\/www.linkedin.com\/hp\/?dnr=JBzUWaJfMUw8vbXJJ2tVW5-I3jZKvC4wsoxE&amp;amp;amp;amp;amp;amp;trk=nav_responsive_tab_home","https:\/\/www.youtube.com\/channel\/UCxL0wu1uN0_3_7hGG0306cw"]},{"@type":"Person","@id":"https:\/\/www.bellunopress.it\/#\/schema\/person\/79bb06722b37ece1c03d3e94beb30d73","name":"r\u00e9daction","image":{"@type":"ImageObject","inLanguage":"fr-FR","@id":"https:\/\/secure.gravatar.com\/avatar\/37d968a2e67a6fd04c169c4bdef102d0bc5d31b2546345219e348575eb80e9a0?s=96&d=mm&r=g","url":"https:\/\/secure.gravatar.com\/avatar\/37d968a2e67a6fd04c169c4bdef102d0bc5d31b2546345219e348575eb80e9a0?s=96&d=mm&r=g","contentUrl":"https:\/\/secure.gravatar.com\/avatar\/37d968a2e67a6fd04c169c4bdef102d0bc5d31b2546345219e348575eb80e9a0?s=96&d=mm&r=g","caption":"redazione"},"sameAs":["http:\/\/www.bellunopress.it","https:\/\/x.com\/bellunopress"],"url":"https:\/\/www.bellunopress.it\/fr\/author\/redazione\/"}]}},"_links":{"self":[{"href":"https:\/\/www.bellunopress.it\/fr\/wp-json\/wp\/v2\/posts\/137963","targetHints":{"allow":["GET"]}}],"collection":[{"href":"https:\/\/www.bellunopress.it\/fr\/wp-json\/wp\/v2\/posts"}],"about":[{"href":"https:\/\/www.bellunopress.it\/fr\/wp-json\/wp\/v2\/types\/post"}],"author":[{"embeddable":true,"href":"https:\/\/www.bellunopress.it\/fr\/wp-json\/wp\/v2\/users\/2"}],"replies":[{"embeddable":true,"href":"https:\/\/www.bellunopress.it\/fr\/wp-json\/wp\/v2\/comments?post=137963"}],"version-history":[{"count":1,"href":"https:\/\/www.bellunopress.it\/fr\/wp-json\/wp\/v2\/posts\/137963\/revisions"}],"predecessor-version":[{"id":137964,"href":"https:\/\/www.bellunopress.it\/fr\/wp-json\/wp\/v2\/posts\/137963\/revisions\/137964"}],"wp:featuredmedia":[{"embeddable":true,"href":"https:\/\/www.bellunopress.it\/fr\/wp-json\/wp\/v2\/media\/134276"}],"wp:attachment":[{"href":"https:\/\/www.bellunopress.it\/fr\/wp-json\/wp\/v2\/media?parent=137963"}],"wp:term":[{"taxonomy":"category","embeddable":true,"href":"https:\/\/www.bellunopress.it\/fr\/wp-json\/wp\/v2\/categories?post=137963"},{"taxonomy":"post_tag","embeddable":true,"href":"https:\/\/www.bellunopress.it\/fr\/wp-json\/wp\/v2\/tags?post=137963"}],"curies":[{"name":"wp","href":"https:\/\/api.w.org\/{rel}","templated":true}]}}