{"id":137958,"date":"2022-11-26T17:11:12","date_gmt":"2022-11-26T16:11:12","guid":{"rendered":"https:\/\/www.bellunopress.it\/?p=137958"},"modified":"2022-11-26T17:11:12","modified_gmt":"2022-11-26T16:11:12","slug":"pedo-l-tacon-de-l-bus-in-libreria-i-1332-proverbi-e-modi-di-dire-raccolti-da-fulcio-bortot","status":"publish","type":"post","link":"https:\/\/www.bellunopress.it\/fr\/2022\/11\/26\/pedo-l-tacon-de-l-bus-in-libreria-i-1332-proverbi-e-modi-di-dire-raccolti-da-fulcio-bortot\/","title":{"rendered":"\u201cP\u00e8do \u2018l tac\u00f3n de \u2018l bus&#8221;. In libreria i 1332 proverbi e modi di dire raccolti da Fulcio Bortot"},"content":{"rendered":"<p><img loading=\"lazy\" decoding=\"async\" class=\"alignleft size-full wp-image-137959\" src=\"https:\/\/www.bellunopress.it\/wp-content\/uploads\/2022\/11\/Fulcio-Bortot-copertina_edited.jpg\" alt=\"\" width=\"750\" height=\"1000\" srcset=\"https:\/\/www.bellunopress.it\/wp-content\/uploads\/2022\/11\/Fulcio-Bortot-copertina_edited.jpg 750w, https:\/\/www.bellunopress.it\/wp-content\/uploads\/2022\/11\/Fulcio-Bortot-copertina_edited-375x500.jpg 375w, https:\/\/www.bellunopress.it\/wp-content\/uploads\/2022\/11\/Fulcio-Bortot-copertina_edited-696x928.jpg 696w, https:\/\/www.bellunopress.it\/wp-content\/uploads\/2022\/11\/Fulcio-Bortot-copertina_edited-315x420.jpg 315w\" sizes=\"auto, (max-width: 750px) 100vw, 750px\" \/>Fulcio Bortot torna in libreria con il suo ultimo lavoro dal titolo \u201cP\u00e8do \u2018l tac\u00f3n de \u2018l bus\u201d (Dario De Bastiani Editore, 15 euro), una raccolta di proverbi, modi di dire e soprannomi raccolti lungo il Piave, come recita il sottotitolo in copertina.<br \/>\nIl libro raccoglie e ordina i ricordi dell\u2019autore della sua prima infanzia, dalle testimonianze dei vecchi del paese, che vanno a formare una sequenza di 1332 proverbi e modi di dire che, senza la paziente ed accurata ricerca di Fulcio, sarebbero andati irrimediabilmente perduti. Perle di saggezza popolare e frasi della lingua parlata nel Bellunese, ritrovate e corredate di una traduzione strettamente letterale e anche emozionale, per coglierne meglio il significato.<br \/>\nIl titolo del libro, ad esempio, \u201cP\u00e8do \u2018l tac\u00f3n de \u2018l bus \u201d \u00e8 un\u2019espressione ancora abbastanza diffusa, \u201cpeggio la toppa del buco\u201d, ossia quando qualcuno nel tentativo di riparare una gaffe o una qualsiasi azione inopportuna, interviene e peggiora ulteriormente la situazione. \u201cDalla padella alla brace\u201d potremmo dire oggi. Un\u2019altra espressione contenuta nella raccolta: \u201cN\u00f3 sta d\u00e0rghe da bere al mus se n\u00f3 \u2018l ha s\u00e9i\u201d, tradotto letteralmente \u201cnon dar da bere all\u2019asino se non ha sete\u201d, che fuor di metafora indica quanto sia inutile affannarsi con chi non ha voglia di ascoltare.<br \/>\nIl libro contiene anche una sezione dedicata ai soprannomi, che un tempo erano diffusissimi. Al punto che le persone erano conosciute di pi\u00f9 per il loro soprannome piuttosto che con il loro vero nome di battesimo. Nelle zone del Comelico e Cadore, anche per distinguere i diversi rami delle famiglie, tali soprannomi sono diventati in anagrafe parte integrante del cognome, come sottolinea Dina Vignaga nella prefazione al testo. \u201cI 200 soprannomi proposti dall\u2019autore &#8211; scrive Vignaga &#8211; identificavano singole persone sulla base di caratteristiche fisiche o comportamentali. Nei racconti della loro origine l\u2019ironia appare spesso pungente, ma non irriverente\u201d.<br \/>\nIl libro di Bortot, come una fotografia grandangolare, riporta un mondo delle periferie, delle frazioni e delle localit\u00e0 del Bellunese, con quel linguaggio dialettale sopravvissuto a due Guerre mondiali, ma che \u00e8 crollato sotto la formidabile capacit\u00e0 di penetrazione della televisione a partire dagli anni Sessanta del secolo scorso.<br \/>\nUn volume, dunque, che non pu\u00f2 mancare nella libreria degli appassionati di storia locale e di chi vuole semplicemente saperne di pi\u00f9 di quel mondo dialettale, oggi scomparso.<br \/>\n(rdn)<\/p>","protected":false},"excerpt":{"rendered":"<p>Fulcio Bortot torna in libreria con il suo ultimo lavoro dal titolo \u201cP\u00e8do \u2018l tac\u00f3n de \u2018l bus\u201d (Dario De Bastiani Editore, 15 euro), una raccolta di proverbi, modi di dire e soprannomi raccolti lungo il Piave, come recita il sottotitolo in copertina. Il libro raccoglie e ordina i ricordi dell\u2019autore della sua prima infanzia, [&hellip;]<\/p>\n","protected":false},"author":2,"featured_media":137959,"comment_status":"closed","ping_status":"open","sticky":false,"template":"","format":"standard","meta":{"footnotes":""},"categories":[3,25],"tags":[],"class_list":["post-137958","post","type-post","status-publish","format-standard","has-post-thumbnail","category-arte-cultura-spettacoli-scienza-archivi","category-pausa-caffe"],"yoast_head":"<!-- This site is optimized with the Yoast SEO plugin v28.4 - https:\/\/yoast.com\/product\/yoast-seo-wordpress\/ -->\n<title>\u201cP\u00e8do \u2018l tac\u00f3n de \u2018l bus&quot;. In libreria i 1332 proverbi e modi di dire raccolti da Fulcio Bortot - Bellunopress - Dolomiti<\/title>\n<meta name=\"robots\" content=\"index, follow, max-snippet:-1, max-image-preview:large, max-video-preview:-1\" \/>\n<link rel=\"canonical\" href=\"https:\/\/www.bellunopress.it\/fr\/2022\/11\/26\/pedo-l-tacon-de-l-bus-in-libreria-i-1332-proverbi-e-modi-di-dire-raccolti-da-fulcio-bortot\/\" \/>\n<meta property=\"og:locale\" content=\"fr_FR\" \/>\n<meta property=\"og:type\" content=\"article\" \/>\n<meta property=\"og:title\" content=\"\u201cP\u00e8do \u2018l tac\u00f3n de \u2018l bus&quot;. In libreria i 1332 proverbi e modi di dire raccolti da Fulcio Bortot - Bellunopress - Dolomiti\" \/>\n<meta property=\"og:description\" content=\"Fulcio Bortot torna in libreria con il suo ultimo lavoro dal titolo \u201cP\u00e8do \u2018l tac\u00f3n de \u2018l bus\u201d (Dario De Bastiani Editore, 15 euro), una raccolta di proverbi, modi di dire e soprannomi raccolti lungo il Piave, come recita il sottotitolo in copertina. Il libro raccoglie e ordina i ricordi dell\u2019autore della sua prima infanzia, [&hellip;]\" \/>\n<meta property=\"og:url\" content=\"https:\/\/www.bellunopress.it\/fr\/2022\/11\/26\/pedo-l-tacon-de-l-bus-in-libreria-i-1332-proverbi-e-modi-di-dire-raccolti-da-fulcio-bortot\/\" \/>\n<meta property=\"og:site_name\" content=\"Bellunopress - Dolomiti\" \/>\n<meta property=\"article:publisher\" content=\"https:\/\/www.facebook.com\/profile.php?id=100008943462799\" \/>\n<meta property=\"article:published_time\" content=\"2022-11-26T16:11:12+00:00\" \/>\n<meta property=\"og:image\" content=\"https:\/\/www.bellunopress.it\/wp-content\/uploads\/2022\/11\/Fulcio-Bortot-copertina_edited.jpg\" \/>\n\t<meta property=\"og:image:width\" content=\"750\" \/>\n\t<meta property=\"og:image:height\" content=\"1000\" \/>\n\t<meta property=\"og:image:type\" content=\"image\/jpeg\" \/>\n<meta name=\"author\" content=\"redazione\" \/>\n<meta name=\"twitter:card\" content=\"summary_large_image\" \/>\n<meta name=\"twitter:creator\" content=\"@bellunopress\" \/>\n<meta name=\"twitter:site\" content=\"@bellunopress\" \/>\n<meta name=\"twitter:label1\" content=\"Written by\" \/>\n\t<meta name=\"twitter:data1\" content=\"redazione\" \/>\n\t<meta name=\"twitter:label2\" content=\"Est. reading time\" \/>\n\t<meta name=\"twitter:data2\" content=\"3 minutes\" \/>\n<script type=\"application\/ld+json\" class=\"yoast-schema-graph\">{\"@context\":\"https:\\\/\\\/schema.org\",\"@graph\":[{\"@type\":\"Article\",\"@id\":\"https:\\\/\\\/www.bellunopress.it\\\/2022\\\/11\\\/26\\\/pedo-l-tacon-de-l-bus-in-libreria-i-1332-proverbi-e-modi-di-dire-raccolti-da-fulcio-bortot\\\/#article\",\"isPartOf\":{\"@id\":\"https:\\\/\\\/www.bellunopress.it\\\/2022\\\/11\\\/26\\\/pedo-l-tacon-de-l-bus-in-libreria-i-1332-proverbi-e-modi-di-dire-raccolti-da-fulcio-bortot\\\/\"},\"author\":{\"name\":\"redazione\",\"@id\":\"https:\\\/\\\/www.bellunopress.it\\\/#\\\/schema\\\/person\\\/79bb06722b37ece1c03d3e94beb30d73\"},\"headline\":\"\u201cP\u00e8do \u2018l tac\u00f3n de \u2018l bus&#8221;. In libreria i 1332 proverbi e modi di dire raccolti da Fulcio Bortot\",\"datePublished\":\"2022-11-26T16:11:12+00:00\",\"mainEntityOfPage\":{\"@id\":\"https:\\\/\\\/www.bellunopress.it\\\/2022\\\/11\\\/26\\\/pedo-l-tacon-de-l-bus-in-libreria-i-1332-proverbi-e-modi-di-dire-raccolti-da-fulcio-bortot\\\/\"},\"wordCount\":411,\"publisher\":{\"@id\":\"https:\\\/\\\/www.bellunopress.it\\\/#organization\"},\"image\":{\"@id\":\"https:\\\/\\\/www.bellunopress.it\\\/2022\\\/11\\\/26\\\/pedo-l-tacon-de-l-bus-in-libreria-i-1332-proverbi-e-modi-di-dire-raccolti-da-fulcio-bortot\\\/#primaryimage\"},\"thumbnailUrl\":\"https:\\\/\\\/www.bellunopress.it\\\/wp-content\\\/uploads\\\/2022\\\/11\\\/Fulcio-Bortot-copertina_edited.jpg\",\"articleSection\":[\"Arte, Cultura, Spettacoli, Scienza\",\"Pausa Caff\u00e8\"],\"inLanguage\":\"fr-FR\"},{\"@type\":\"WebPage\",\"@id\":\"https:\\\/\\\/www.bellunopress.it\\\/2022\\\/11\\\/26\\\/pedo-l-tacon-de-l-bus-in-libreria-i-1332-proverbi-e-modi-di-dire-raccolti-da-fulcio-bortot\\\/\",\"url\":\"https:\\\/\\\/www.bellunopress.it\\\/2022\\\/11\\\/26\\\/pedo-l-tacon-de-l-bus-in-libreria-i-1332-proverbi-e-modi-di-dire-raccolti-da-fulcio-bortot\\\/\",\"name\":\"\u201cP\u00e8do \u2018l tac\u00f3n de \u2018l bus\\\". In libreria i 1332 proverbi e modi di dire raccolti da Fulcio Bortot - Bellunopress - Dolomiti\",\"isPartOf\":{\"@id\":\"https:\\\/\\\/www.bellunopress.it\\\/#website\"},\"primaryImageOfPage\":{\"@id\":\"https:\\\/\\\/www.bellunopress.it\\\/2022\\\/11\\\/26\\\/pedo-l-tacon-de-l-bus-in-libreria-i-1332-proverbi-e-modi-di-dire-raccolti-da-fulcio-bortot\\\/#primaryimage\"},\"image\":{\"@id\":\"https:\\\/\\\/www.bellunopress.it\\\/2022\\\/11\\\/26\\\/pedo-l-tacon-de-l-bus-in-libreria-i-1332-proverbi-e-modi-di-dire-raccolti-da-fulcio-bortot\\\/#primaryimage\"},\"thumbnailUrl\":\"https:\\\/\\\/www.bellunopress.it\\\/wp-content\\\/uploads\\\/2022\\\/11\\\/Fulcio-Bortot-copertina_edited.jpg\",\"datePublished\":\"2022-11-26T16:11:12+00:00\",\"breadcrumb\":{\"@id\":\"https:\\\/\\\/www.bellunopress.it\\\/2022\\\/11\\\/26\\\/pedo-l-tacon-de-l-bus-in-libreria-i-1332-proverbi-e-modi-di-dire-raccolti-da-fulcio-bortot\\\/#breadcrumb\"},\"inLanguage\":\"fr-FR\",\"potentialAction\":[{\"@type\":\"ReadAction\",\"target\":[\"https:\\\/\\\/www.bellunopress.it\\\/2022\\\/11\\\/26\\\/pedo-l-tacon-de-l-bus-in-libreria-i-1332-proverbi-e-modi-di-dire-raccolti-da-fulcio-bortot\\\/\"]}]},{\"@type\":\"ImageObject\",\"inLanguage\":\"fr-FR\",\"@id\":\"https:\\\/\\\/www.bellunopress.it\\\/2022\\\/11\\\/26\\\/pedo-l-tacon-de-l-bus-in-libreria-i-1332-proverbi-e-modi-di-dire-raccolti-da-fulcio-bortot\\\/#primaryimage\",\"url\":\"https:\\\/\\\/www.bellunopress.it\\\/wp-content\\\/uploads\\\/2022\\\/11\\\/Fulcio-Bortot-copertina_edited.jpg\",\"contentUrl\":\"https:\\\/\\\/www.bellunopress.it\\\/wp-content\\\/uploads\\\/2022\\\/11\\\/Fulcio-Bortot-copertina_edited.jpg\",\"width\":750,\"height\":1000},{\"@type\":\"BreadcrumbList\",\"@id\":\"https:\\\/\\\/www.bellunopress.it\\\/2022\\\/11\\\/26\\\/pedo-l-tacon-de-l-bus-in-libreria-i-1332-proverbi-e-modi-di-dire-raccolti-da-fulcio-bortot\\\/#breadcrumb\",\"itemListElement\":[{\"@type\":\"ListItem\",\"position\":1,\"name\":\"Home\",\"item\":\"https:\\\/\\\/www.bellunopress.it\\\/\"},{\"@type\":\"ListItem\",\"position\":2,\"name\":\"\u201cP\u00e8do \u2018l tac\u00f3n de \u2018l bus&#8221;. In libreria i 1332 proverbi e modi di dire raccolti da Fulcio Bortot\"}]},{\"@type\":\"WebSite\",\"@id\":\"https:\\\/\\\/www.bellunopress.it\\\/#website\",\"url\":\"https:\\\/\\\/www.bellunopress.it\\\/\",\"name\":\"Bellunopress - Dolomiti\",\"description\":\"e-mail: redazione@bellunopress.it\",\"publisher\":{\"@id\":\"https:\\\/\\\/www.bellunopress.it\\\/#organization\"},\"potentialAction\":[{\"@type\":\"SearchAction\",\"target\":{\"@type\":\"EntryPoint\",\"urlTemplate\":\"https:\\\/\\\/www.bellunopress.it\\\/?s={search_term_string}\"},\"query-input\":{\"@type\":\"PropertyValueSpecification\",\"valueRequired\":true,\"valueName\":\"search_term_string\"}}],\"inLanguage\":\"fr-FR\"},{\"@type\":\"Organization\",\"@id\":\"https:\\\/\\\/www.bellunopress.it\\\/#organization\",\"name\":\"Bellunopress\",\"url\":\"https:\\\/\\\/www.bellunopress.it\\\/\",\"logo\":{\"@type\":\"ImageObject\",\"inLanguage\":\"fr-FR\",\"@id\":\"https:\\\/\\\/www.bellunopress.it\\\/#\\\/schema\\\/logo\\\/image\\\/\",\"url\":\"https:\\\/\\\/www.bellunopress.it\\\/wp-content\\\/uploads\\\/2011\\\/05\\\/cropped-logo-bellunopress-.jpg\",\"contentUrl\":\"https:\\\/\\\/www.bellunopress.it\\\/wp-content\\\/uploads\\\/2011\\\/05\\\/cropped-logo-bellunopress-.jpg\",\"width\":512,\"height\":512,\"caption\":\"Bellunopress\"},\"image\":{\"@id\":\"https:\\\/\\\/www.bellunopress.it\\\/#\\\/schema\\\/logo\\\/image\\\/\"},\"sameAs\":[\"https:\\\/\\\/www.facebook.com\\\/profile.php?id=100008943462799\",\"https:\\\/\\\/x.com\\\/bellunopress\",\"https:\\\/\\\/www.linkedin.com\\\/hp\\\/?dnr=JBzUWaJfMUw8vbXJJ2tVW5-I3jZKvC4wsoxE&amp;amp;amp;amp;amp;amp;trk=nav_responsive_tab_home\",\"https:\\\/\\\/www.youtube.com\\\/channel\\\/UCxL0wu1uN0_3_7hGG0306cw\"]},{\"@type\":\"Person\",\"@id\":\"https:\\\/\\\/www.bellunopress.it\\\/#\\\/schema\\\/person\\\/79bb06722b37ece1c03d3e94beb30d73\",\"name\":\"redazione\",\"image\":{\"@type\":\"ImageObject\",\"inLanguage\":\"fr-FR\",\"@id\":\"https:\\\/\\\/secure.gravatar.com\\\/avatar\\\/37d968a2e67a6fd04c169c4bdef102d0bc5d31b2546345219e348575eb80e9a0?s=96&d=mm&r=g\",\"url\":\"https:\\\/\\\/secure.gravatar.com\\\/avatar\\\/37d968a2e67a6fd04c169c4bdef102d0bc5d31b2546345219e348575eb80e9a0?s=96&d=mm&r=g\",\"contentUrl\":\"https:\\\/\\\/secure.gravatar.com\\\/avatar\\\/37d968a2e67a6fd04c169c4bdef102d0bc5d31b2546345219e348575eb80e9a0?s=96&d=mm&r=g\",\"caption\":\"redazione\"},\"sameAs\":[\"http:\\\/\\\/www.bellunopress.it\",\"https:\\\/\\\/x.com\\\/bellunopress\"],\"url\":\"https:\\\/\\\/www.bellunopress.it\\\/fr\\\/author\\\/redazione\\\/\"}]}<\/script>\n<!-- \/ Yoast SEO plugin. -->","yoast_head_json":{"title":"\u201cP\u00e8do \u2018l tac\u00f3n de \u2018l bus\". In libreria i 1332 proverbi e modi di dire raccolti da Fulcio Bortot - Bellunopress - Dolomiti","robots":{"index":"index","follow":"follow","max-snippet":"max-snippet:-1","max-image-preview":"max-image-preview:large","max-video-preview":"max-video-preview:-1"},"canonical":"https:\/\/www.bellunopress.it\/fr\/2022\/11\/26\/pedo-l-tacon-de-l-bus-in-libreria-i-1332-proverbi-e-modi-di-dire-raccolti-da-fulcio-bortot\/","og_locale":"fr_FR","og_type":"article","og_title":"\u201cP\u00e8do \u2018l tac\u00f3n de \u2018l bus\". In libreria i 1332 proverbi e modi di dire raccolti da Fulcio Bortot - Bellunopress - Dolomiti","og_description":"Fulcio Bortot torna in libreria con il suo ultimo lavoro dal titolo \u201cP\u00e8do \u2018l tac\u00f3n de \u2018l bus\u201d (Dario De Bastiani Editore, 15 euro), una raccolta di proverbi, modi di dire e soprannomi raccolti lungo il Piave, come recita il sottotitolo in copertina. Il libro raccoglie e ordina i ricordi dell\u2019autore della sua prima infanzia, [&hellip;]","og_url":"https:\/\/www.bellunopress.it\/fr\/2022\/11\/26\/pedo-l-tacon-de-l-bus-in-libreria-i-1332-proverbi-e-modi-di-dire-raccolti-da-fulcio-bortot\/","og_site_name":"Bellunopress - Dolomiti","article_publisher":"https:\/\/www.facebook.com\/profile.php?id=100008943462799","article_published_time":"2022-11-26T16:11:12+00:00","og_image":[{"width":750,"height":1000,"url":"https:\/\/www.bellunopress.it\/wp-content\/uploads\/2022\/11\/Fulcio-Bortot-copertina_edited.jpg","type":"image\/jpeg"}],"author":"redazione","twitter_card":"summary_large_image","twitter_creator":"@bellunopress","twitter_site":"@bellunopress","twitter_misc":{"Written by":"redazione","Est. reading time":"3 minutes"},"schema":{"@context":"https:\/\/schema.org","@graph":[{"@type":"Article","@id":"https:\/\/www.bellunopress.it\/2022\/11\/26\/pedo-l-tacon-de-l-bus-in-libreria-i-1332-proverbi-e-modi-di-dire-raccolti-da-fulcio-bortot\/#article","isPartOf":{"@id":"https:\/\/www.bellunopress.it\/2022\/11\/26\/pedo-l-tacon-de-l-bus-in-libreria-i-1332-proverbi-e-modi-di-dire-raccolti-da-fulcio-bortot\/"},"author":{"name":"redazione","@id":"https:\/\/www.bellunopress.it\/#\/schema\/person\/79bb06722b37ece1c03d3e94beb30d73"},"headline":"\u201cP\u00e8do \u2018l tac\u00f3n de \u2018l bus&#8221;. In libreria i 1332 proverbi e modi di dire raccolti da Fulcio Bortot","datePublished":"2022-11-26T16:11:12+00:00","mainEntityOfPage":{"@id":"https:\/\/www.bellunopress.it\/2022\/11\/26\/pedo-l-tacon-de-l-bus-in-libreria-i-1332-proverbi-e-modi-di-dire-raccolti-da-fulcio-bortot\/"},"wordCount":411,"publisher":{"@id":"https:\/\/www.bellunopress.it\/#organization"},"image":{"@id":"https:\/\/www.bellunopress.it\/2022\/11\/26\/pedo-l-tacon-de-l-bus-in-libreria-i-1332-proverbi-e-modi-di-dire-raccolti-da-fulcio-bortot\/#primaryimage"},"thumbnailUrl":"https:\/\/www.bellunopress.it\/wp-content\/uploads\/2022\/11\/Fulcio-Bortot-copertina_edited.jpg","articleSection":["Arte, Cultura, Spettacoli, Scienza","Pausa Caff\u00e8"],"inLanguage":"fr-FR"},{"@type":"WebPage","@id":"https:\/\/www.bellunopress.it\/2022\/11\/26\/pedo-l-tacon-de-l-bus-in-libreria-i-1332-proverbi-e-modi-di-dire-raccolti-da-fulcio-bortot\/","url":"https:\/\/www.bellunopress.it\/2022\/11\/26\/pedo-l-tacon-de-l-bus-in-libreria-i-1332-proverbi-e-modi-di-dire-raccolti-da-fulcio-bortot\/","name":"\u201cP\u00e8do \u2018l tac\u00f3n de \u2018l bus\". In libreria i 1332 proverbi e modi di dire raccolti da Fulcio Bortot - Bellunopress - Dolomiti","isPartOf":{"@id":"https:\/\/www.bellunopress.it\/#website"},"primaryImageOfPage":{"@id":"https:\/\/www.bellunopress.it\/2022\/11\/26\/pedo-l-tacon-de-l-bus-in-libreria-i-1332-proverbi-e-modi-di-dire-raccolti-da-fulcio-bortot\/#primaryimage"},"image":{"@id":"https:\/\/www.bellunopress.it\/2022\/11\/26\/pedo-l-tacon-de-l-bus-in-libreria-i-1332-proverbi-e-modi-di-dire-raccolti-da-fulcio-bortot\/#primaryimage"},"thumbnailUrl":"https:\/\/www.bellunopress.it\/wp-content\/uploads\/2022\/11\/Fulcio-Bortot-copertina_edited.jpg","datePublished":"2022-11-26T16:11:12+00:00","breadcrumb":{"@id":"https:\/\/www.bellunopress.it\/2022\/11\/26\/pedo-l-tacon-de-l-bus-in-libreria-i-1332-proverbi-e-modi-di-dire-raccolti-da-fulcio-bortot\/#breadcrumb"},"inLanguage":"fr-FR","potentialAction":[{"@type":"ReadAction","target":["https:\/\/www.bellunopress.it\/2022\/11\/26\/pedo-l-tacon-de-l-bus-in-libreria-i-1332-proverbi-e-modi-di-dire-raccolti-da-fulcio-bortot\/"]}]},{"@type":"ImageObject","inLanguage":"fr-FR","@id":"https:\/\/www.bellunopress.it\/2022\/11\/26\/pedo-l-tacon-de-l-bus-in-libreria-i-1332-proverbi-e-modi-di-dire-raccolti-da-fulcio-bortot\/#primaryimage","url":"https:\/\/www.bellunopress.it\/wp-content\/uploads\/2022\/11\/Fulcio-Bortot-copertina_edited.jpg","contentUrl":"https:\/\/www.bellunopress.it\/wp-content\/uploads\/2022\/11\/Fulcio-Bortot-copertina_edited.jpg","width":750,"height":1000},{"@type":"BreadcrumbList","@id":"https:\/\/www.bellunopress.it\/2022\/11\/26\/pedo-l-tacon-de-l-bus-in-libreria-i-1332-proverbi-e-modi-di-dire-raccolti-da-fulcio-bortot\/#breadcrumb","itemListElement":[{"@type":"ListItem","position":1,"name":"Home","item":"https:\/\/www.bellunopress.it\/"},{"@type":"ListItem","position":2,"name":"\u201cP\u00e8do \u2018l tac\u00f3n de \u2018l bus&#8221;. In libreria i 1332 proverbi e modi di dire raccolti da Fulcio Bortot"}]},{"@type":"WebSite","@id":"https:\/\/www.bellunopress.it\/#website","url":"https:\/\/www.bellunopress.it\/","name":"Bellunopress - Dolomiti","description":"e-mail: redazione@bellunopress.it","publisher":{"@id":"https:\/\/www.bellunopress.it\/#organization"},"potentialAction":[{"@type":"SearchAction","target":{"@type":"EntryPoint","urlTemplate":"https:\/\/www.bellunopress.it\/?s={search_term_string}"},"query-input":{"@type":"PropertyValueSpecification","valueRequired":true,"valueName":"search_term_string"}}],"inLanguage":"fr-FR"},{"@type":"Organization","@id":"https:\/\/www.bellunopress.it\/#organization","name":"Bellunopress","url":"https:\/\/www.bellunopress.it\/","logo":{"@type":"ImageObject","inLanguage":"fr-FR","@id":"https:\/\/www.bellunopress.it\/#\/schema\/logo\/image\/","url":"https:\/\/www.bellunopress.it\/wp-content\/uploads\/2011\/05\/cropped-logo-bellunopress-.jpg","contentUrl":"https:\/\/www.bellunopress.it\/wp-content\/uploads\/2011\/05\/cropped-logo-bellunopress-.jpg","width":512,"height":512,"caption":"Bellunopress"},"image":{"@id":"https:\/\/www.bellunopress.it\/#\/schema\/logo\/image\/"},"sameAs":["https:\/\/www.facebook.com\/profile.php?id=100008943462799","https:\/\/x.com\/bellunopress","https:\/\/www.linkedin.com\/hp\/?dnr=JBzUWaJfMUw8vbXJJ2tVW5-I3jZKvC4wsoxE&amp;amp;amp;amp;amp;amp;trk=nav_responsive_tab_home","https:\/\/www.youtube.com\/channel\/UCxL0wu1uN0_3_7hGG0306cw"]},{"@type":"Person","@id":"https:\/\/www.bellunopress.it\/#\/schema\/person\/79bb06722b37ece1c03d3e94beb30d73","name":"r\u00e9daction","image":{"@type":"ImageObject","inLanguage":"fr-FR","@id":"https:\/\/secure.gravatar.com\/avatar\/37d968a2e67a6fd04c169c4bdef102d0bc5d31b2546345219e348575eb80e9a0?s=96&d=mm&r=g","url":"https:\/\/secure.gravatar.com\/avatar\/37d968a2e67a6fd04c169c4bdef102d0bc5d31b2546345219e348575eb80e9a0?s=96&d=mm&r=g","contentUrl":"https:\/\/secure.gravatar.com\/avatar\/37d968a2e67a6fd04c169c4bdef102d0bc5d31b2546345219e348575eb80e9a0?s=96&d=mm&r=g","caption":"redazione"},"sameAs":["http:\/\/www.bellunopress.it","https:\/\/x.com\/bellunopress"],"url":"https:\/\/www.bellunopress.it\/fr\/author\/redazione\/"}]}},"_links":{"self":[{"href":"https:\/\/www.bellunopress.it\/fr\/wp-json\/wp\/v2\/posts\/137958","targetHints":{"allow":["GET"]}}],"collection":[{"href":"https:\/\/www.bellunopress.it\/fr\/wp-json\/wp\/v2\/posts"}],"about":[{"href":"https:\/\/www.bellunopress.it\/fr\/wp-json\/wp\/v2\/types\/post"}],"author":[{"embeddable":true,"href":"https:\/\/www.bellunopress.it\/fr\/wp-json\/wp\/v2\/users\/2"}],"replies":[{"embeddable":true,"href":"https:\/\/www.bellunopress.it\/fr\/wp-json\/wp\/v2\/comments?post=137958"}],"version-history":[{"count":1,"href":"https:\/\/www.bellunopress.it\/fr\/wp-json\/wp\/v2\/posts\/137958\/revisions"}],"predecessor-version":[{"id":137960,"href":"https:\/\/www.bellunopress.it\/fr\/wp-json\/wp\/v2\/posts\/137958\/revisions\/137960"}],"wp:featuredmedia":[{"embeddable":true,"href":"https:\/\/www.bellunopress.it\/fr\/wp-json\/wp\/v2\/media\/137959"}],"wp:attachment":[{"href":"https:\/\/www.bellunopress.it\/fr\/wp-json\/wp\/v2\/media?parent=137958"}],"wp:term":[{"taxonomy":"category","embeddable":true,"href":"https:\/\/www.bellunopress.it\/fr\/wp-json\/wp\/v2\/categories?post=137958"},{"taxonomy":"post_tag","embeddable":true,"href":"https:\/\/www.bellunopress.it\/fr\/wp-json\/wp\/v2\/tags?post=137958"}],"curies":[{"name":"wp","href":"https:\/\/api.w.org\/{rel}","templated":true}]}}