{"id":137944,"date":"2022-11-25T13:47:16","date_gmt":"2022-11-25T12:47:16","guid":{"rendered":"https:\/\/www.bellunopress.it\/?p=137944"},"modified":"2022-11-25T13:47:16","modified_gmt":"2022-11-25T12:47:16","slug":"contenimento-lupi-confagricoltura-soddisfatta-del-voto-dellunione-europea","status":"publish","type":"post","link":"https:\/\/www.bellunopress.it\/fr\/2022\/11\/25\/contenimento-lupi-confagricoltura-soddisfatta-del-voto-dellunione-europea\/","title":{"rendered":"Contenimento lupi. Confagricoltura soddisfatta del voto dell&#8217;Unione europea"},"content":{"rendered":"<p><img loading=\"lazy\" decoding=\"async\" class=\"alignleft size-full wp-image-130717\" src=\"https:\/\/www.bellunopress.it\/wp-content\/uploads\/2022\/01\/confagricoltura-belluno_edited.jpg\" alt=\"\" width=\"911\" height=\"225\" srcset=\"https:\/\/www.bellunopress.it\/wp-content\/uploads\/2022\/01\/confagricoltura-belluno_edited.jpg 911w, https:\/\/www.bellunopress.it\/wp-content\/uploads\/2022\/01\/confagricoltura-belluno_edited-500x123.jpg 500w, https:\/\/www.bellunopress.it\/wp-content\/uploads\/2022\/01\/confagricoltura-belluno_edited-696x172.jpg 696w\" sizes=\"auto, (max-width: 911px) 100vw, 911px\" \/>Belluno, 25 novembre 2022 \u2013 Negli ultimi anni il numero dei lupi nell&#8217;Ue \u00e8 aumentato in maniera significativa, fino ad arrivare nel 2022 a 19.000 esemplari. E la popolazione pu\u00f2 crescere esponenzialmente di circa il 30 per cento all&#8217;anno. Anche l&#8217;impatto negativo degli attacchi al bestiame \u00e8 in aumento e perci\u00f2 bisogna affrontare i conflitti di coesistenza: prevenendo, mitigando e compensando i danni. Cos\u00ec recita la risoluzione sui grandi carnivori votata ieri dal Parlamento europeo, che Confagricoltura Belluno accoglie con grande soddisfazione come un importante passo in avanti, che pone finalmente attenzione al tema dell&#8217;espansione incontrollata dei predatori, in particolare in montagna.<\/p>\n<p>Per la prima volta il Parlamento europeo si esprime sull&#8217;argomento, riconoscendo un problema di coesistenza con i grandi carnivori, che andr\u00e0 monitorato sulla base di dati scientifici. Nella risoluzione, approvata con 306 voti favorevoli, 225 contrari e 25 astensioni, si invitano gli Stati membri e la Commissione Ue ad assistere le regioni che si trovano ad affrontare problemi di coesistenza con i predatori, a rivalutare le strategie in materia di gestione del lupo e a tutelare gli allevamenti delle aree montane, dato che i sistemi tradizionali di pascolo e alpeggio sono particolarmente vulnerabili ai crescenti attacchi. Non solo. Si sottolinea, inoltre, che lo stato di conservazione del lupo, a livello paneuropeo, giustifica un allentamento dello stato di protezione e, di conseguenza, il declassamento del lupo da specie &#8220;strettamente&#8221; protetta a specie &#8220;semplicemente&#8221; protetta. Un passaggio che apre le porte a una revisione delle normative che impediscono l&#8217;abbattimento di lupi e orsi.<\/p>\n<figure id=\"attachment_102637\" aria-describedby=\"caption-attachment-102637\" style=\"width: 176px\" class=\"wp-caption alignleft\"><img loading=\"lazy\" decoding=\"async\" class=\"size-full wp-image-102637\" src=\"https:\/\/www.bellunopress.it\/wp-content\/uploads\/2019\/03\/diego-donazzolo-confagricoltura-belluno.jpg\" alt=\"\" width=\"176\" height=\"240\" \/><figcaption id=\"caption-attachment-102637\" class=\"wp-caption-text\">Diego Donazzolo<\/figcaption><\/figure>\n<p>&#8220;E&#8217; un provvedimento che attendevamo da parecchio tempo, tanto che gi\u00e0 due anni fa avevamo chiesto misure diverse per tutelare i nostri allevamenti \u2013 sottolinea Diego Donazzolo, presidente di Confagricoltura Belluno -. Ormai non ci speravamo neanche pi\u00f9: eravamo rassegnati all&#8217;idea di essere costretti ad abbandonare le nostre attivit\u00e0, di fronte a una politica assente. Per fortuna, dopo aver incessantemente alzato la voce, siamo arrivati a un primo risultato, che ora va seguito da azioni concrete, a livello nazionale, mirate a contenere la popolazione dei grandi carnivori. Ricordiamo che i lupi, oltre a predare il bestiame nelle malghe, tanto da indurre alcuni allevatori a rinunciare all&#8217;alpeggio, si stanno avvicinando sempre di pi\u00f9 ai centri abitati, mettendo in allerta i cittadini. L&#8217;attacco di pochi giorni fa alle pecore di Levego, in pieno giorno e in mezzo alle case, \u00e8 solo l&#8217;ultimo esempio&#8221;.<\/p>\n<p>In Austria il numero di capi di bestiame uccisi dai lupi \u00e8 aumentato del 230%, toccando nel 2021 le 680 unit\u00e0; in Francia, nel 2020, il numero di capi uccisi \u00e8 stato pari a 11.849, mentre in Germania sono stati 3.959 in Germania, 616 in Cechia, 139 in Belgio e 98 in Alto Adige. In Veneto, dal 2017 al 2020, le predazioni registrate nelle province di Verona, Vicenza, Belluno e Treviso sono state 868. A livello regionale Confagricoltura ha portato pi\u00f9 volte la questione all&#8217;attenzione sia della politica locale che dei parlamentari europei, evidenziando come l&#8217;eccessiva presenza dei grandi carnivori, in particolari lupi, abbia causato attacchi sempre pi\u00f9 frequenti alle greggi e agli allevamenti, procurando ingenti danni economici alle aziende agricole e pericolo per le comunit\u00e0 dei territori montani.<\/p>\n<p>&nbsp;<\/p>","protected":false},"excerpt":{"rendered":"<p>Belluno, 25 novembre 2022 \u2013 Negli ultimi anni il numero dei lupi nell&#8217;Ue \u00e8 aumentato in maniera significativa, fino ad arrivare nel 2022 a 19.000 esemplari. E la popolazione pu\u00f2 crescere esponenzialmente di circa il 30 per cento all&#8217;anno. Anche l&#8217;impatto negativo degli attacchi al bestiame \u00e8 in aumento e perci\u00f2 bisogna affrontare i conflitti [&hellip;]<\/p>\n","protected":false},"author":2,"featured_media":130717,"comment_status":"closed","ping_status":"open","sticky":false,"template":"","format":"standard","meta":{"footnotes":""},"categories":[36,38],"tags":[],"class_list":["post-137944","post","type-post","status-publish","format-standard","has-post-thumbnail","category-lavoro-economia","category-natura-ambiente"],"yoast_head":"<!-- This site is optimized with the Yoast SEO plugin v28.4 - https:\/\/yoast.com\/product\/yoast-seo-wordpress\/ -->\n<title>Contenimento lupi. Confagricoltura soddisfatta del voto dell&#039;Unione europea - Bellunopress - Dolomiti<\/title>\n<meta name=\"robots\" content=\"index, follow, max-snippet:-1, max-image-preview:large, max-video-preview:-1\" \/>\n<link rel=\"canonical\" href=\"https:\/\/www.bellunopress.it\/fr\/2022\/11\/25\/contenimento-lupi-confagricoltura-soddisfatta-del-voto-dellunione-europea\/\" \/>\n<meta property=\"og:locale\" content=\"fr_FR\" \/>\n<meta property=\"og:type\" content=\"article\" \/>\n<meta property=\"og:title\" content=\"Contenimento lupi. Confagricoltura soddisfatta del voto dell&#039;Unione europea - Bellunopress - Dolomiti\" \/>\n<meta property=\"og:description\" content=\"Belluno, 25 novembre 2022 \u2013 Negli ultimi anni il numero dei lupi nell&#8217;Ue \u00e8 aumentato in maniera significativa, fino ad arrivare nel 2022 a 19.000 esemplari. E la popolazione pu\u00f2 crescere esponenzialmente di circa il 30 per cento all&#8217;anno. Anche l&#8217;impatto negativo degli attacchi al bestiame \u00e8 in aumento e perci\u00f2 bisogna affrontare i conflitti [&hellip;]\" \/>\n<meta property=\"og:url\" content=\"https:\/\/www.bellunopress.it\/fr\/2022\/11\/25\/contenimento-lupi-confagricoltura-soddisfatta-del-voto-dellunione-europea\/\" \/>\n<meta property=\"og:site_name\" content=\"Bellunopress - Dolomiti\" \/>\n<meta property=\"article:publisher\" content=\"https:\/\/www.facebook.com\/profile.php?id=100008943462799\" \/>\n<meta property=\"article:published_time\" content=\"2022-11-25T12:47:16+00:00\" \/>\n<meta property=\"og:image\" content=\"https:\/\/www.bellunopress.it\/wp-content\/uploads\/2022\/01\/confagricoltura-belluno_edited.jpg\" \/>\n\t<meta property=\"og:image:width\" content=\"911\" \/>\n\t<meta property=\"og:image:height\" content=\"225\" \/>\n\t<meta property=\"og:image:type\" content=\"image\/jpeg\" \/>\n<meta name=\"author\" content=\"redazione\" \/>\n<meta name=\"twitter:card\" content=\"summary_large_image\" \/>\n<meta name=\"twitter:creator\" content=\"@bellunopress\" \/>\n<meta name=\"twitter:site\" content=\"@bellunopress\" \/>\n<meta name=\"twitter:label1\" content=\"Written by\" \/>\n\t<meta name=\"twitter:data1\" content=\"redazione\" \/>\n\t<meta name=\"twitter:label2\" content=\"Est. reading time\" \/>\n\t<meta name=\"twitter:data2\" content=\"4 minutes\" \/>\n<script type=\"application\/ld+json\" class=\"yoast-schema-graph\">{\"@context\":\"https:\\\/\\\/schema.org\",\"@graph\":[{\"@type\":\"Article\",\"@id\":\"https:\\\/\\\/www.bellunopress.it\\\/2022\\\/11\\\/25\\\/contenimento-lupi-confagricoltura-soddisfatta-del-voto-dellunione-europea\\\/#article\",\"isPartOf\":{\"@id\":\"https:\\\/\\\/www.bellunopress.it\\\/2022\\\/11\\\/25\\\/contenimento-lupi-confagricoltura-soddisfatta-del-voto-dellunione-europea\\\/\"},\"author\":{\"name\":\"redazione\",\"@id\":\"https:\\\/\\\/www.bellunopress.it\\\/#\\\/schema\\\/person\\\/79bb06722b37ece1c03d3e94beb30d73\"},\"headline\":\"Contenimento lupi. Confagricoltura soddisfatta del voto dell&#8217;Unione europea\",\"datePublished\":\"2022-11-25T12:47:16+00:00\",\"mainEntityOfPage\":{\"@id\":\"https:\\\/\\\/www.bellunopress.it\\\/2022\\\/11\\\/25\\\/contenimento-lupi-confagricoltura-soddisfatta-del-voto-dellunione-europea\\\/\"},\"wordCount\":527,\"publisher\":{\"@id\":\"https:\\\/\\\/www.bellunopress.it\\\/#organization\"},\"image\":{\"@id\":\"https:\\\/\\\/www.bellunopress.it\\\/2022\\\/11\\\/25\\\/contenimento-lupi-confagricoltura-soddisfatta-del-voto-dellunione-europea\\\/#primaryimage\"},\"thumbnailUrl\":\"https:\\\/\\\/www.bellunopress.it\\\/wp-content\\\/uploads\\\/2022\\\/01\\\/confagricoltura-belluno_edited.jpg\",\"articleSection\":[\"Lavoro, Economia, Turismo\",\"Meteo, natura, ambiente, animali\"],\"inLanguage\":\"fr-FR\"},{\"@type\":\"WebPage\",\"@id\":\"https:\\\/\\\/www.bellunopress.it\\\/2022\\\/11\\\/25\\\/contenimento-lupi-confagricoltura-soddisfatta-del-voto-dellunione-europea\\\/\",\"url\":\"https:\\\/\\\/www.bellunopress.it\\\/2022\\\/11\\\/25\\\/contenimento-lupi-confagricoltura-soddisfatta-del-voto-dellunione-europea\\\/\",\"name\":\"Contenimento lupi. Confagricoltura soddisfatta del voto dell'Unione europea - Bellunopress - Dolomiti\",\"isPartOf\":{\"@id\":\"https:\\\/\\\/www.bellunopress.it\\\/#website\"},\"primaryImageOfPage\":{\"@id\":\"https:\\\/\\\/www.bellunopress.it\\\/2022\\\/11\\\/25\\\/contenimento-lupi-confagricoltura-soddisfatta-del-voto-dellunione-europea\\\/#primaryimage\"},\"image\":{\"@id\":\"https:\\\/\\\/www.bellunopress.it\\\/2022\\\/11\\\/25\\\/contenimento-lupi-confagricoltura-soddisfatta-del-voto-dellunione-europea\\\/#primaryimage\"},\"thumbnailUrl\":\"https:\\\/\\\/www.bellunopress.it\\\/wp-content\\\/uploads\\\/2022\\\/01\\\/confagricoltura-belluno_edited.jpg\",\"datePublished\":\"2022-11-25T12:47:16+00:00\",\"breadcrumb\":{\"@id\":\"https:\\\/\\\/www.bellunopress.it\\\/2022\\\/11\\\/25\\\/contenimento-lupi-confagricoltura-soddisfatta-del-voto-dellunione-europea\\\/#breadcrumb\"},\"inLanguage\":\"fr-FR\",\"potentialAction\":[{\"@type\":\"ReadAction\",\"target\":[\"https:\\\/\\\/www.bellunopress.it\\\/2022\\\/11\\\/25\\\/contenimento-lupi-confagricoltura-soddisfatta-del-voto-dellunione-europea\\\/\"]}]},{\"@type\":\"ImageObject\",\"inLanguage\":\"fr-FR\",\"@id\":\"https:\\\/\\\/www.bellunopress.it\\\/2022\\\/11\\\/25\\\/contenimento-lupi-confagricoltura-soddisfatta-del-voto-dellunione-europea\\\/#primaryimage\",\"url\":\"https:\\\/\\\/www.bellunopress.it\\\/wp-content\\\/uploads\\\/2022\\\/01\\\/confagricoltura-belluno_edited.jpg\",\"contentUrl\":\"https:\\\/\\\/www.bellunopress.it\\\/wp-content\\\/uploads\\\/2022\\\/01\\\/confagricoltura-belluno_edited.jpg\",\"width\":911,\"height\":225},{\"@type\":\"BreadcrumbList\",\"@id\":\"https:\\\/\\\/www.bellunopress.it\\\/2022\\\/11\\\/25\\\/contenimento-lupi-confagricoltura-soddisfatta-del-voto-dellunione-europea\\\/#breadcrumb\",\"itemListElement\":[{\"@type\":\"ListItem\",\"position\":1,\"name\":\"Home\",\"item\":\"https:\\\/\\\/www.bellunopress.it\\\/\"},{\"@type\":\"ListItem\",\"position\":2,\"name\":\"Contenimento lupi. Confagricoltura soddisfatta del voto dell&#8217;Unione europea\"}]},{\"@type\":\"WebSite\",\"@id\":\"https:\\\/\\\/www.bellunopress.it\\\/#website\",\"url\":\"https:\\\/\\\/www.bellunopress.it\\\/\",\"name\":\"Bellunopress - Dolomiti\",\"description\":\"e-mail: redazione@bellunopress.it\",\"publisher\":{\"@id\":\"https:\\\/\\\/www.bellunopress.it\\\/#organization\"},\"potentialAction\":[{\"@type\":\"SearchAction\",\"target\":{\"@type\":\"EntryPoint\",\"urlTemplate\":\"https:\\\/\\\/www.bellunopress.it\\\/?s={search_term_string}\"},\"query-input\":{\"@type\":\"PropertyValueSpecification\",\"valueRequired\":true,\"valueName\":\"search_term_string\"}}],\"inLanguage\":\"fr-FR\"},{\"@type\":\"Organization\",\"@id\":\"https:\\\/\\\/www.bellunopress.it\\\/#organization\",\"name\":\"Bellunopress\",\"url\":\"https:\\\/\\\/www.bellunopress.it\\\/\",\"logo\":{\"@type\":\"ImageObject\",\"inLanguage\":\"fr-FR\",\"@id\":\"https:\\\/\\\/www.bellunopress.it\\\/#\\\/schema\\\/logo\\\/image\\\/\",\"url\":\"https:\\\/\\\/www.bellunopress.it\\\/wp-content\\\/uploads\\\/2011\\\/05\\\/cropped-logo-bellunopress-.jpg\",\"contentUrl\":\"https:\\\/\\\/www.bellunopress.it\\\/wp-content\\\/uploads\\\/2011\\\/05\\\/cropped-logo-bellunopress-.jpg\",\"width\":512,\"height\":512,\"caption\":\"Bellunopress\"},\"image\":{\"@id\":\"https:\\\/\\\/www.bellunopress.it\\\/#\\\/schema\\\/logo\\\/image\\\/\"},\"sameAs\":[\"https:\\\/\\\/www.facebook.com\\\/profile.php?id=100008943462799\",\"https:\\\/\\\/x.com\\\/bellunopress\",\"https:\\\/\\\/www.linkedin.com\\\/hp\\\/?dnr=JBzUWaJfMUw8vbXJJ2tVW5-I3jZKvC4wsoxE&amp;amp;amp;amp;amp;amp;trk=nav_responsive_tab_home\",\"https:\\\/\\\/www.youtube.com\\\/channel\\\/UCxL0wu1uN0_3_7hGG0306cw\"]},{\"@type\":\"Person\",\"@id\":\"https:\\\/\\\/www.bellunopress.it\\\/#\\\/schema\\\/person\\\/79bb06722b37ece1c03d3e94beb30d73\",\"name\":\"redazione\",\"image\":{\"@type\":\"ImageObject\",\"inLanguage\":\"fr-FR\",\"@id\":\"https:\\\/\\\/secure.gravatar.com\\\/avatar\\\/37d968a2e67a6fd04c169c4bdef102d0bc5d31b2546345219e348575eb80e9a0?s=96&d=mm&r=g\",\"url\":\"https:\\\/\\\/secure.gravatar.com\\\/avatar\\\/37d968a2e67a6fd04c169c4bdef102d0bc5d31b2546345219e348575eb80e9a0?s=96&d=mm&r=g\",\"contentUrl\":\"https:\\\/\\\/secure.gravatar.com\\\/avatar\\\/37d968a2e67a6fd04c169c4bdef102d0bc5d31b2546345219e348575eb80e9a0?s=96&d=mm&r=g\",\"caption\":\"redazione\"},\"sameAs\":[\"http:\\\/\\\/www.bellunopress.it\",\"https:\\\/\\\/x.com\\\/bellunopress\"],\"url\":\"https:\\\/\\\/www.bellunopress.it\\\/fr\\\/author\\\/redazione\\\/\"}]}<\/script>\n<!-- \/ Yoast SEO plugin. -->","yoast_head_json":{"title":"Contenimento lupi. Confagricoltura soddisfatta del voto dell'Unione europea - Bellunopress - Dolomiti","robots":{"index":"index","follow":"follow","max-snippet":"max-snippet:-1","max-image-preview":"max-image-preview:large","max-video-preview":"max-video-preview:-1"},"canonical":"https:\/\/www.bellunopress.it\/fr\/2022\/11\/25\/contenimento-lupi-confagricoltura-soddisfatta-del-voto-dellunione-europea\/","og_locale":"fr_FR","og_type":"article","og_title":"Contenimento lupi. Confagricoltura soddisfatta del voto dell'Unione europea - Bellunopress - Dolomiti","og_description":"Belluno, 25 novembre 2022 \u2013 Negli ultimi anni il numero dei lupi nell&#8217;Ue \u00e8 aumentato in maniera significativa, fino ad arrivare nel 2022 a 19.000 esemplari. E la popolazione pu\u00f2 crescere esponenzialmente di circa il 30 per cento all&#8217;anno. Anche l&#8217;impatto negativo degli attacchi al bestiame \u00e8 in aumento e perci\u00f2 bisogna affrontare i conflitti [&hellip;]","og_url":"https:\/\/www.bellunopress.it\/fr\/2022\/11\/25\/contenimento-lupi-confagricoltura-soddisfatta-del-voto-dellunione-europea\/","og_site_name":"Bellunopress - Dolomiti","article_publisher":"https:\/\/www.facebook.com\/profile.php?id=100008943462799","article_published_time":"2022-11-25T12:47:16+00:00","og_image":[{"width":911,"height":225,"url":"https:\/\/www.bellunopress.it\/wp-content\/uploads\/2022\/01\/confagricoltura-belluno_edited.jpg","type":"image\/jpeg"}],"author":"redazione","twitter_card":"summary_large_image","twitter_creator":"@bellunopress","twitter_site":"@bellunopress","twitter_misc":{"Written by":"redazione","Est. reading time":"4 minutes"},"schema":{"@context":"https:\/\/schema.org","@graph":[{"@type":"Article","@id":"https:\/\/www.bellunopress.it\/2022\/11\/25\/contenimento-lupi-confagricoltura-soddisfatta-del-voto-dellunione-europea\/#article","isPartOf":{"@id":"https:\/\/www.bellunopress.it\/2022\/11\/25\/contenimento-lupi-confagricoltura-soddisfatta-del-voto-dellunione-europea\/"},"author":{"name":"redazione","@id":"https:\/\/www.bellunopress.it\/#\/schema\/person\/79bb06722b37ece1c03d3e94beb30d73"},"headline":"Contenimento lupi. Confagricoltura soddisfatta del voto dell&#8217;Unione europea","datePublished":"2022-11-25T12:47:16+00:00","mainEntityOfPage":{"@id":"https:\/\/www.bellunopress.it\/2022\/11\/25\/contenimento-lupi-confagricoltura-soddisfatta-del-voto-dellunione-europea\/"},"wordCount":527,"publisher":{"@id":"https:\/\/www.bellunopress.it\/#organization"},"image":{"@id":"https:\/\/www.bellunopress.it\/2022\/11\/25\/contenimento-lupi-confagricoltura-soddisfatta-del-voto-dellunione-europea\/#primaryimage"},"thumbnailUrl":"https:\/\/www.bellunopress.it\/wp-content\/uploads\/2022\/01\/confagricoltura-belluno_edited.jpg","articleSection":["Lavoro, Economia, Turismo","Meteo, natura, ambiente, animali"],"inLanguage":"fr-FR"},{"@type":"WebPage","@id":"https:\/\/www.bellunopress.it\/2022\/11\/25\/contenimento-lupi-confagricoltura-soddisfatta-del-voto-dellunione-europea\/","url":"https:\/\/www.bellunopress.it\/2022\/11\/25\/contenimento-lupi-confagricoltura-soddisfatta-del-voto-dellunione-europea\/","name":"Contenimento lupi. Confagricoltura soddisfatta del voto dell'Unione europea - Bellunopress - Dolomiti","isPartOf":{"@id":"https:\/\/www.bellunopress.it\/#website"},"primaryImageOfPage":{"@id":"https:\/\/www.bellunopress.it\/2022\/11\/25\/contenimento-lupi-confagricoltura-soddisfatta-del-voto-dellunione-europea\/#primaryimage"},"image":{"@id":"https:\/\/www.bellunopress.it\/2022\/11\/25\/contenimento-lupi-confagricoltura-soddisfatta-del-voto-dellunione-europea\/#primaryimage"},"thumbnailUrl":"https:\/\/www.bellunopress.it\/wp-content\/uploads\/2022\/01\/confagricoltura-belluno_edited.jpg","datePublished":"2022-11-25T12:47:16+00:00","breadcrumb":{"@id":"https:\/\/www.bellunopress.it\/2022\/11\/25\/contenimento-lupi-confagricoltura-soddisfatta-del-voto-dellunione-europea\/#breadcrumb"},"inLanguage":"fr-FR","potentialAction":[{"@type":"ReadAction","target":["https:\/\/www.bellunopress.it\/2022\/11\/25\/contenimento-lupi-confagricoltura-soddisfatta-del-voto-dellunione-europea\/"]}]},{"@type":"ImageObject","inLanguage":"fr-FR","@id":"https:\/\/www.bellunopress.it\/2022\/11\/25\/contenimento-lupi-confagricoltura-soddisfatta-del-voto-dellunione-europea\/#primaryimage","url":"https:\/\/www.bellunopress.it\/wp-content\/uploads\/2022\/01\/confagricoltura-belluno_edited.jpg","contentUrl":"https:\/\/www.bellunopress.it\/wp-content\/uploads\/2022\/01\/confagricoltura-belluno_edited.jpg","width":911,"height":225},{"@type":"BreadcrumbList","@id":"https:\/\/www.bellunopress.it\/2022\/11\/25\/contenimento-lupi-confagricoltura-soddisfatta-del-voto-dellunione-europea\/#breadcrumb","itemListElement":[{"@type":"ListItem","position":1,"name":"Home","item":"https:\/\/www.bellunopress.it\/"},{"@type":"ListItem","position":2,"name":"Contenimento lupi. Confagricoltura soddisfatta del voto dell&#8217;Unione europea"}]},{"@type":"WebSite","@id":"https:\/\/www.bellunopress.it\/#website","url":"https:\/\/www.bellunopress.it\/","name":"Bellunopress - Dolomiti","description":"e-mail: redazione@bellunopress.it","publisher":{"@id":"https:\/\/www.bellunopress.it\/#organization"},"potentialAction":[{"@type":"SearchAction","target":{"@type":"EntryPoint","urlTemplate":"https:\/\/www.bellunopress.it\/?s={search_term_string}"},"query-input":{"@type":"PropertyValueSpecification","valueRequired":true,"valueName":"search_term_string"}}],"inLanguage":"fr-FR"},{"@type":"Organization","@id":"https:\/\/www.bellunopress.it\/#organization","name":"Bellunopress","url":"https:\/\/www.bellunopress.it\/","logo":{"@type":"ImageObject","inLanguage":"fr-FR","@id":"https:\/\/www.bellunopress.it\/#\/schema\/logo\/image\/","url":"https:\/\/www.bellunopress.it\/wp-content\/uploads\/2011\/05\/cropped-logo-bellunopress-.jpg","contentUrl":"https:\/\/www.bellunopress.it\/wp-content\/uploads\/2011\/05\/cropped-logo-bellunopress-.jpg","width":512,"height":512,"caption":"Bellunopress"},"image":{"@id":"https:\/\/www.bellunopress.it\/#\/schema\/logo\/image\/"},"sameAs":["https:\/\/www.facebook.com\/profile.php?id=100008943462799","https:\/\/x.com\/bellunopress","https:\/\/www.linkedin.com\/hp\/?dnr=JBzUWaJfMUw8vbXJJ2tVW5-I3jZKvC4wsoxE&amp;amp;amp;amp;amp;amp;trk=nav_responsive_tab_home","https:\/\/www.youtube.com\/channel\/UCxL0wu1uN0_3_7hGG0306cw"]},{"@type":"Person","@id":"https:\/\/www.bellunopress.it\/#\/schema\/person\/79bb06722b37ece1c03d3e94beb30d73","name":"r\u00e9daction","image":{"@type":"ImageObject","inLanguage":"fr-FR","@id":"https:\/\/secure.gravatar.com\/avatar\/37d968a2e67a6fd04c169c4bdef102d0bc5d31b2546345219e348575eb80e9a0?s=96&d=mm&r=g","url":"https:\/\/secure.gravatar.com\/avatar\/37d968a2e67a6fd04c169c4bdef102d0bc5d31b2546345219e348575eb80e9a0?s=96&d=mm&r=g","contentUrl":"https:\/\/secure.gravatar.com\/avatar\/37d968a2e67a6fd04c169c4bdef102d0bc5d31b2546345219e348575eb80e9a0?s=96&d=mm&r=g","caption":"redazione"},"sameAs":["http:\/\/www.bellunopress.it","https:\/\/x.com\/bellunopress"],"url":"https:\/\/www.bellunopress.it\/fr\/author\/redazione\/"}]}},"_links":{"self":[{"href":"https:\/\/www.bellunopress.it\/fr\/wp-json\/wp\/v2\/posts\/137944","targetHints":{"allow":["GET"]}}],"collection":[{"href":"https:\/\/www.bellunopress.it\/fr\/wp-json\/wp\/v2\/posts"}],"about":[{"href":"https:\/\/www.bellunopress.it\/fr\/wp-json\/wp\/v2\/types\/post"}],"author":[{"embeddable":true,"href":"https:\/\/www.bellunopress.it\/fr\/wp-json\/wp\/v2\/users\/2"}],"replies":[{"embeddable":true,"href":"https:\/\/www.bellunopress.it\/fr\/wp-json\/wp\/v2\/comments?post=137944"}],"version-history":[{"count":1,"href":"https:\/\/www.bellunopress.it\/fr\/wp-json\/wp\/v2\/posts\/137944\/revisions"}],"predecessor-version":[{"id":137945,"href":"https:\/\/www.bellunopress.it\/fr\/wp-json\/wp\/v2\/posts\/137944\/revisions\/137945"}],"wp:featuredmedia":[{"embeddable":true,"href":"https:\/\/www.bellunopress.it\/fr\/wp-json\/wp\/v2\/media\/130717"}],"wp:attachment":[{"href":"https:\/\/www.bellunopress.it\/fr\/wp-json\/wp\/v2\/media?parent=137944"}],"wp:term":[{"taxonomy":"category","embeddable":true,"href":"https:\/\/www.bellunopress.it\/fr\/wp-json\/wp\/v2\/categories?post=137944"},{"taxonomy":"post_tag","embeddable":true,"href":"https:\/\/www.bellunopress.it\/fr\/wp-json\/wp\/v2\/tags?post=137944"}],"curies":[{"name":"wp","href":"https:\/\/api.w.org\/{rel}","templated":true}]}}