{"id":137938,"date":"2022-11-25T13:05:23","date_gmt":"2022-11-25T12:05:23","guid":{"rendered":"https:\/\/www.bellunopress.it\/?p=137938"},"modified":"2022-11-25T13:05:23","modified_gmt":"2022-11-25T12:05:23","slug":"giornata-per-leliminazione-della-violenza-contro-le-donne-il-fiocco-rosso-di-fratelli-ditalia-al-parco-citta-di-bologna","status":"publish","type":"post","link":"https:\/\/www.bellunopress.it\/fr\/2022\/11\/25\/giornata-per-leliminazione-della-violenza-contro-le-donne-il-fiocco-rosso-di-fratelli-ditalia-al-parco-citta-di-bologna\/","title":{"rendered":"Giornata per l\u2019eliminazione della violenza contro le donne. Il fiocco rosso di Fratelli d&#8217;Italia al Parco Citt\u00e0 di Bologna"},"content":{"rendered":"<p><img loading=\"lazy\" decoding=\"async\" class=\"alignleft size-full wp-image-137939\" src=\"https:\/\/www.bellunopress.it\/wp-content\/uploads\/2022\/11\/fratelli-ditalia-fiocco-rosso-giornata-clontro-violenza-donne_edited.jpg\" alt=\"\" width=\"1000\" height=\"640\" srcset=\"https:\/\/www.bellunopress.it\/wp-content\/uploads\/2022\/11\/fratelli-ditalia-fiocco-rosso-giornata-clontro-violenza-donne_edited.jpg 1000w, https:\/\/www.bellunopress.it\/wp-content\/uploads\/2022\/11\/fratelli-ditalia-fiocco-rosso-giornata-clontro-violenza-donne_edited-500x320.jpg 500w, https:\/\/www.bellunopress.it\/wp-content\/uploads\/2022\/11\/fratelli-ditalia-fiocco-rosso-giornata-clontro-violenza-donne_edited-696x445.jpg 696w, https:\/\/www.bellunopress.it\/wp-content\/uploads\/2022\/11\/fratelli-ditalia-fiocco-rosso-giornata-clontro-violenza-donne_edited-656x420.jpg 656w\" sizes=\"auto, (max-width: 1000px) 100vw, 1000px\" \/>Il 25 novembre ricorre la Giornata internazionale per l\u2019eliminazione della violenza contro le<br \/>\ndonne. La giornata \u00e8 stata istituita nel 1999 dalle Nazioni Unite.<br \/>\nMonica Mazzoccoli, presidente del circolo di Belluno di Fratelli d&#8217;Italia: \u201cLe campagne di sensibilizzazione in tutto il mondo, in Italia e anche a Belluno sono davvero tante.<br \/>\nE questo fa capire quanto il tema sia sentito.<br \/>\nAnche noi di FDI Belluno, amministratori e alcuni militanti, come fatto gi\u00e0 lo scorso anno, abbiamo deciso per un gesto simbolico.<br \/>\nLo scorso anno mettemmo un gazebo in piazza e regalammo una gerbera a tutte le donne di passaggio in quella mattina.<br \/>\nQuest&#8217;anno abbiamo scelto di avvolgere dei nastri rossi intorno agli alberi di Parco Citt\u00e0 di<br \/>\nBologna, il parco-cuore della citt\u00e0, meta di donne di tutte le et\u00e0: bambine, adolescenti, mamme e anche nonne.<br \/>\nIl fiocco che avvolge l\u2019albero, simbolo della Vita, vuole rappresentare un ideale abbraccio a tutte quelle donne alle quali la nostra societ\u00e0 non ha saputo garantire la sicurezza di cui avevano diritto, o che semplicemente non hanno avuto il coraggio di denunciare.<br \/>\nIl 25 novembre ,cos\u00ec come il 10 dicembre, l\u20198 marzo e tante altre ricorrenze, dovrebbero essere \u201cvive\u201c tutti i giorni. Ben vengano quindi le commemorazioni, ma impegniamoci tutti<br \/>\nnell\u2019aumentare la cultura del rispetto, dell\u2019educazione e dell\u2019amore, dalle famiglie, alla scuola, alle istituzioni.\u201d<br \/>\nIn occasione del 25 novembre si esprime anche il gruppo consiliare di FDI, il capogruppo<br \/>\nconsigliere Alessandro Farina che fa presente : \u201cCome gruppo FDI porteremo avanti iniziative per ricordare tutte quelle donne nelle Forze dell\u2019ordine e nelle Forze Armate che hanno sacrificato la loro giovane vita per la difesa delle Istituzioni. Un segnale forte alle nuove generazioni di cittadini.\u201d<br \/>\nConclude l\u2019assessore alla sicurezza Raffaele Addamiano :\u201d &#8220;La violenza in tutte le sue mille<br \/>\ndeclinazioni non \u00e8 mai Amore. Amore, viceversa, \u00e8 rispetto dell&#8217;altro e per l&#8217;altro. Non posso e non voglio, quindi, da cittadino nonch\u00e9 da amministratore pubblico, rassegnarmi all&#8217;idea che nel 2022 l&#8217;uomo diventi il male assoluto per la donna, sia essa moglie, madre, figlia, compagna o amica. \u00c8, pertanto, solo con la cultura che mira a tutelare la dignit\u00e0 dell&#8217;essere umano, di ogni essere umano, che potremo finalmente sconfiggere il cancro della sopraffazione e della prevaricazione. \u00c8 nostro precipuo compito politico-morale agire come Istituzioni nella spasmodica ricerca di tutte le soluzioni giuridiche e sociali affinch\u00e9 la donna non dica pi\u00f9: &#8216;Avevo le ali prima di incontrarti, ma ora, a causa tua, non posso pi\u00f9 volare&#8217;. Viva le Donne e che abbiano sempre il sole dentro di loro!&#8221;<\/p>","protected":false},"excerpt":{"rendered":"<p>Il 25 novembre ricorre la Giornata internazionale per l\u2019eliminazione della violenza contro le donne. La giornata \u00e8 stata istituita nel 1999 dalle Nazioni Unite. Monica Mazzoccoli, presidente del circolo di Belluno di Fratelli d&#8217;Italia: \u201cLe campagne di sensibilizzazione in tutto il mondo, in Italia e anche a Belluno sono davvero tante. E questo fa capire [&hellip;]<\/p>\n","protected":false},"author":2,"featured_media":137939,"comment_status":"closed","ping_status":"open","sticky":false,"template":"","format":"standard","meta":{"footnotes":""},"categories":[5],"tags":[],"class_list":["post-137938","post","type-post","status-publish","format-standard","has-post-thumbnail","category-cronaca"],"yoast_head":"<!-- This site is optimized with the Yoast SEO plugin v28.4 - https:\/\/yoast.com\/product\/yoast-seo-wordpress\/ -->\n<title>Giornata per l\u2019eliminazione della violenza contro le donne. Il fiocco rosso di Fratelli d&#039;Italia al Parco Citt\u00e0 di Bologna - Bellunopress - Dolomiti<\/title>\n<meta name=\"robots\" content=\"index, follow, max-snippet:-1, max-image-preview:large, max-video-preview:-1\" \/>\n<link rel=\"canonical\" href=\"https:\/\/www.bellunopress.it\/fr\/2022\/11\/25\/giornata-per-leliminazione-della-violenza-contro-le-donne-il-fiocco-rosso-di-fratelli-ditalia-al-parco-citta-di-bologna\/\" \/>\n<meta property=\"og:locale\" content=\"fr_FR\" \/>\n<meta property=\"og:type\" content=\"article\" \/>\n<meta property=\"og:title\" content=\"Giornata per l\u2019eliminazione della violenza contro le donne. Il fiocco rosso di Fratelli d&#039;Italia al Parco Citt\u00e0 di Bologna - Bellunopress - Dolomiti\" \/>\n<meta property=\"og:description\" content=\"Il 25 novembre ricorre la Giornata internazionale per l\u2019eliminazione della violenza contro le donne. La giornata \u00e8 stata istituita nel 1999 dalle Nazioni Unite. Monica Mazzoccoli, presidente del circolo di Belluno di Fratelli d&#8217;Italia: \u201cLe campagne di sensibilizzazione in tutto il mondo, in Italia e anche a Belluno sono davvero tante. E questo fa capire [&hellip;]\" \/>\n<meta property=\"og:url\" content=\"https:\/\/www.bellunopress.it\/fr\/2022\/11\/25\/giornata-per-leliminazione-della-violenza-contro-le-donne-il-fiocco-rosso-di-fratelli-ditalia-al-parco-citta-di-bologna\/\" \/>\n<meta property=\"og:site_name\" content=\"Bellunopress - Dolomiti\" \/>\n<meta property=\"article:publisher\" content=\"https:\/\/www.facebook.com\/profile.php?id=100008943462799\" \/>\n<meta property=\"article:published_time\" content=\"2022-11-25T12:05:23+00:00\" \/>\n<meta property=\"og:image\" content=\"https:\/\/www.bellunopress.it\/wp-content\/uploads\/2022\/11\/fratelli-ditalia-fiocco-rosso-giornata-clontro-violenza-donne_edited.jpg\" \/>\n\t<meta property=\"og:image:width\" content=\"1000\" \/>\n\t<meta property=\"og:image:height\" content=\"640\" \/>\n\t<meta property=\"og:image:type\" content=\"image\/jpeg\" \/>\n<meta name=\"author\" content=\"redazione\" \/>\n<meta name=\"twitter:card\" content=\"summary_large_image\" \/>\n<meta name=\"twitter:creator\" content=\"@bellunopress\" \/>\n<meta name=\"twitter:site\" content=\"@bellunopress\" \/>\n<meta name=\"twitter:label1\" content=\"Written by\" \/>\n\t<meta name=\"twitter:data1\" content=\"redazione\" \/>\n\t<meta name=\"twitter:label2\" content=\"Est. reading time\" \/>\n\t<meta name=\"twitter:data2\" content=\"3 minutes\" \/>\n<script type=\"application\/ld+json\" class=\"yoast-schema-graph\">{\"@context\":\"https:\\\/\\\/schema.org\",\"@graph\":[{\"@type\":\"Article\",\"@id\":\"https:\\\/\\\/www.bellunopress.it\\\/2022\\\/11\\\/25\\\/giornata-per-leliminazione-della-violenza-contro-le-donne-il-fiocco-rosso-di-fratelli-ditalia-al-parco-citta-di-bologna\\\/#article\",\"isPartOf\":{\"@id\":\"https:\\\/\\\/www.bellunopress.it\\\/2022\\\/11\\\/25\\\/giornata-per-leliminazione-della-violenza-contro-le-donne-il-fiocco-rosso-di-fratelli-ditalia-al-parco-citta-di-bologna\\\/\"},\"author\":{\"name\":\"redazione\",\"@id\":\"https:\\\/\\\/www.bellunopress.it\\\/#\\\/schema\\\/person\\\/79bb06722b37ece1c03d3e94beb30d73\"},\"headline\":\"Giornata per l\u2019eliminazione della violenza contro le donne. Il fiocco rosso di Fratelli d&#8217;Italia al Parco Citt\u00e0 di Bologna\",\"datePublished\":\"2022-11-25T12:05:23+00:00\",\"mainEntityOfPage\":{\"@id\":\"https:\\\/\\\/www.bellunopress.it\\\/2022\\\/11\\\/25\\\/giornata-per-leliminazione-della-violenza-contro-le-donne-il-fiocco-rosso-di-fratelli-ditalia-al-parco-citta-di-bologna\\\/\"},\"wordCount\":441,\"publisher\":{\"@id\":\"https:\\\/\\\/www.bellunopress.it\\\/#organization\"},\"image\":{\"@id\":\"https:\\\/\\\/www.bellunopress.it\\\/2022\\\/11\\\/25\\\/giornata-per-leliminazione-della-violenza-contro-le-donne-il-fiocco-rosso-di-fratelli-ditalia-al-parco-citta-di-bologna\\\/#primaryimage\"},\"thumbnailUrl\":\"https:\\\/\\\/www.bellunopress.it\\\/wp-content\\\/uploads\\\/2022\\\/11\\\/fratelli-ditalia-fiocco-rosso-giornata-clontro-violenza-donne_edited.jpg\",\"articleSection\":[\"Cronaca\\\/Politica\"],\"inLanguage\":\"fr-FR\"},{\"@type\":\"WebPage\",\"@id\":\"https:\\\/\\\/www.bellunopress.it\\\/2022\\\/11\\\/25\\\/giornata-per-leliminazione-della-violenza-contro-le-donne-il-fiocco-rosso-di-fratelli-ditalia-al-parco-citta-di-bologna\\\/\",\"url\":\"https:\\\/\\\/www.bellunopress.it\\\/2022\\\/11\\\/25\\\/giornata-per-leliminazione-della-violenza-contro-le-donne-il-fiocco-rosso-di-fratelli-ditalia-al-parco-citta-di-bologna\\\/\",\"name\":\"Giornata per l\u2019eliminazione della violenza contro le donne. Il fiocco rosso di Fratelli d'Italia al Parco Citt\u00e0 di Bologna - Bellunopress - Dolomiti\",\"isPartOf\":{\"@id\":\"https:\\\/\\\/www.bellunopress.it\\\/#website\"},\"primaryImageOfPage\":{\"@id\":\"https:\\\/\\\/www.bellunopress.it\\\/2022\\\/11\\\/25\\\/giornata-per-leliminazione-della-violenza-contro-le-donne-il-fiocco-rosso-di-fratelli-ditalia-al-parco-citta-di-bologna\\\/#primaryimage\"},\"image\":{\"@id\":\"https:\\\/\\\/www.bellunopress.it\\\/2022\\\/11\\\/25\\\/giornata-per-leliminazione-della-violenza-contro-le-donne-il-fiocco-rosso-di-fratelli-ditalia-al-parco-citta-di-bologna\\\/#primaryimage\"},\"thumbnailUrl\":\"https:\\\/\\\/www.bellunopress.it\\\/wp-content\\\/uploads\\\/2022\\\/11\\\/fratelli-ditalia-fiocco-rosso-giornata-clontro-violenza-donne_edited.jpg\",\"datePublished\":\"2022-11-25T12:05:23+00:00\",\"breadcrumb\":{\"@id\":\"https:\\\/\\\/www.bellunopress.it\\\/2022\\\/11\\\/25\\\/giornata-per-leliminazione-della-violenza-contro-le-donne-il-fiocco-rosso-di-fratelli-ditalia-al-parco-citta-di-bologna\\\/#breadcrumb\"},\"inLanguage\":\"fr-FR\",\"potentialAction\":[{\"@type\":\"ReadAction\",\"target\":[\"https:\\\/\\\/www.bellunopress.it\\\/2022\\\/11\\\/25\\\/giornata-per-leliminazione-della-violenza-contro-le-donne-il-fiocco-rosso-di-fratelli-ditalia-al-parco-citta-di-bologna\\\/\"]}]},{\"@type\":\"ImageObject\",\"inLanguage\":\"fr-FR\",\"@id\":\"https:\\\/\\\/www.bellunopress.it\\\/2022\\\/11\\\/25\\\/giornata-per-leliminazione-della-violenza-contro-le-donne-il-fiocco-rosso-di-fratelli-ditalia-al-parco-citta-di-bologna\\\/#primaryimage\",\"url\":\"https:\\\/\\\/www.bellunopress.it\\\/wp-content\\\/uploads\\\/2022\\\/11\\\/fratelli-ditalia-fiocco-rosso-giornata-clontro-violenza-donne_edited.jpg\",\"contentUrl\":\"https:\\\/\\\/www.bellunopress.it\\\/wp-content\\\/uploads\\\/2022\\\/11\\\/fratelli-ditalia-fiocco-rosso-giornata-clontro-violenza-donne_edited.jpg\",\"width\":1000,\"height\":640},{\"@type\":\"BreadcrumbList\",\"@id\":\"https:\\\/\\\/www.bellunopress.it\\\/2022\\\/11\\\/25\\\/giornata-per-leliminazione-della-violenza-contro-le-donne-il-fiocco-rosso-di-fratelli-ditalia-al-parco-citta-di-bologna\\\/#breadcrumb\",\"itemListElement\":[{\"@type\":\"ListItem\",\"position\":1,\"name\":\"Home\",\"item\":\"https:\\\/\\\/www.bellunopress.it\\\/\"},{\"@type\":\"ListItem\",\"position\":2,\"name\":\"Giornata per l\u2019eliminazione della violenza contro le donne. Il fiocco rosso di Fratelli d&#8217;Italia al Parco Citt\u00e0 di Bologna\"}]},{\"@type\":\"WebSite\",\"@id\":\"https:\\\/\\\/www.bellunopress.it\\\/#website\",\"url\":\"https:\\\/\\\/www.bellunopress.it\\\/\",\"name\":\"Bellunopress - Dolomiti\",\"description\":\"e-mail: redazione@bellunopress.it\",\"publisher\":{\"@id\":\"https:\\\/\\\/www.bellunopress.it\\\/#organization\"},\"potentialAction\":[{\"@type\":\"SearchAction\",\"target\":{\"@type\":\"EntryPoint\",\"urlTemplate\":\"https:\\\/\\\/www.bellunopress.it\\\/?s={search_term_string}\"},\"query-input\":{\"@type\":\"PropertyValueSpecification\",\"valueRequired\":true,\"valueName\":\"search_term_string\"}}],\"inLanguage\":\"fr-FR\"},{\"@type\":\"Organization\",\"@id\":\"https:\\\/\\\/www.bellunopress.it\\\/#organization\",\"name\":\"Bellunopress\",\"url\":\"https:\\\/\\\/www.bellunopress.it\\\/\",\"logo\":{\"@type\":\"ImageObject\",\"inLanguage\":\"fr-FR\",\"@id\":\"https:\\\/\\\/www.bellunopress.it\\\/#\\\/schema\\\/logo\\\/image\\\/\",\"url\":\"https:\\\/\\\/www.bellunopress.it\\\/wp-content\\\/uploads\\\/2011\\\/05\\\/cropped-logo-bellunopress-.jpg\",\"contentUrl\":\"https:\\\/\\\/www.bellunopress.it\\\/wp-content\\\/uploads\\\/2011\\\/05\\\/cropped-logo-bellunopress-.jpg\",\"width\":512,\"height\":512,\"caption\":\"Bellunopress\"},\"image\":{\"@id\":\"https:\\\/\\\/www.bellunopress.it\\\/#\\\/schema\\\/logo\\\/image\\\/\"},\"sameAs\":[\"https:\\\/\\\/www.facebook.com\\\/profile.php?id=100008943462799\",\"https:\\\/\\\/x.com\\\/bellunopress\",\"https:\\\/\\\/www.linkedin.com\\\/hp\\\/?dnr=JBzUWaJfMUw8vbXJJ2tVW5-I3jZKvC4wsoxE&amp;amp;amp;amp;amp;amp;trk=nav_responsive_tab_home\",\"https:\\\/\\\/www.youtube.com\\\/channel\\\/UCxL0wu1uN0_3_7hGG0306cw\"]},{\"@type\":\"Person\",\"@id\":\"https:\\\/\\\/www.bellunopress.it\\\/#\\\/schema\\\/person\\\/79bb06722b37ece1c03d3e94beb30d73\",\"name\":\"redazione\",\"image\":{\"@type\":\"ImageObject\",\"inLanguage\":\"fr-FR\",\"@id\":\"https:\\\/\\\/secure.gravatar.com\\\/avatar\\\/37d968a2e67a6fd04c169c4bdef102d0bc5d31b2546345219e348575eb80e9a0?s=96&d=mm&r=g\",\"url\":\"https:\\\/\\\/secure.gravatar.com\\\/avatar\\\/37d968a2e67a6fd04c169c4bdef102d0bc5d31b2546345219e348575eb80e9a0?s=96&d=mm&r=g\",\"contentUrl\":\"https:\\\/\\\/secure.gravatar.com\\\/avatar\\\/37d968a2e67a6fd04c169c4bdef102d0bc5d31b2546345219e348575eb80e9a0?s=96&d=mm&r=g\",\"caption\":\"redazione\"},\"sameAs\":[\"http:\\\/\\\/www.bellunopress.it\",\"https:\\\/\\\/x.com\\\/bellunopress\"],\"url\":\"https:\\\/\\\/www.bellunopress.it\\\/fr\\\/author\\\/redazione\\\/\"}]}<\/script>\n<!-- \/ Yoast SEO plugin. -->","yoast_head_json":{"title":"Giornata per l\u2019eliminazione della violenza contro le donne. Il fiocco rosso di Fratelli d'Italia al Parco Citt\u00e0 di Bologna - Bellunopress - Dolomiti","robots":{"index":"index","follow":"follow","max-snippet":"max-snippet:-1","max-image-preview":"max-image-preview:large","max-video-preview":"max-video-preview:-1"},"canonical":"https:\/\/www.bellunopress.it\/fr\/2022\/11\/25\/giornata-per-leliminazione-della-violenza-contro-le-donne-il-fiocco-rosso-di-fratelli-ditalia-al-parco-citta-di-bologna\/","og_locale":"fr_FR","og_type":"article","og_title":"Giornata per l\u2019eliminazione della violenza contro le donne. Il fiocco rosso di Fratelli d'Italia al Parco Citt\u00e0 di Bologna - Bellunopress - Dolomiti","og_description":"Il 25 novembre ricorre la Giornata internazionale per l\u2019eliminazione della violenza contro le donne. La giornata \u00e8 stata istituita nel 1999 dalle Nazioni Unite. Monica Mazzoccoli, presidente del circolo di Belluno di Fratelli d&#8217;Italia: \u201cLe campagne di sensibilizzazione in tutto il mondo, in Italia e anche a Belluno sono davvero tante. E questo fa capire [&hellip;]","og_url":"https:\/\/www.bellunopress.it\/fr\/2022\/11\/25\/giornata-per-leliminazione-della-violenza-contro-le-donne-il-fiocco-rosso-di-fratelli-ditalia-al-parco-citta-di-bologna\/","og_site_name":"Bellunopress - Dolomiti","article_publisher":"https:\/\/www.facebook.com\/profile.php?id=100008943462799","article_published_time":"2022-11-25T12:05:23+00:00","og_image":[{"width":1000,"height":640,"url":"https:\/\/www.bellunopress.it\/wp-content\/uploads\/2022\/11\/fratelli-ditalia-fiocco-rosso-giornata-clontro-violenza-donne_edited.jpg","type":"image\/jpeg"}],"author":"redazione","twitter_card":"summary_large_image","twitter_creator":"@bellunopress","twitter_site":"@bellunopress","twitter_misc":{"Written by":"redazione","Est. reading time":"3 minutes"},"schema":{"@context":"https:\/\/schema.org","@graph":[{"@type":"Article","@id":"https:\/\/www.bellunopress.it\/2022\/11\/25\/giornata-per-leliminazione-della-violenza-contro-le-donne-il-fiocco-rosso-di-fratelli-ditalia-al-parco-citta-di-bologna\/#article","isPartOf":{"@id":"https:\/\/www.bellunopress.it\/2022\/11\/25\/giornata-per-leliminazione-della-violenza-contro-le-donne-il-fiocco-rosso-di-fratelli-ditalia-al-parco-citta-di-bologna\/"},"author":{"name":"redazione","@id":"https:\/\/www.bellunopress.it\/#\/schema\/person\/79bb06722b37ece1c03d3e94beb30d73"},"headline":"Giornata per l\u2019eliminazione della violenza contro le donne. Il fiocco rosso di Fratelli d&#8217;Italia al Parco Citt\u00e0 di Bologna","datePublished":"2022-11-25T12:05:23+00:00","mainEntityOfPage":{"@id":"https:\/\/www.bellunopress.it\/2022\/11\/25\/giornata-per-leliminazione-della-violenza-contro-le-donne-il-fiocco-rosso-di-fratelli-ditalia-al-parco-citta-di-bologna\/"},"wordCount":441,"publisher":{"@id":"https:\/\/www.bellunopress.it\/#organization"},"image":{"@id":"https:\/\/www.bellunopress.it\/2022\/11\/25\/giornata-per-leliminazione-della-violenza-contro-le-donne-il-fiocco-rosso-di-fratelli-ditalia-al-parco-citta-di-bologna\/#primaryimage"},"thumbnailUrl":"https:\/\/www.bellunopress.it\/wp-content\/uploads\/2022\/11\/fratelli-ditalia-fiocco-rosso-giornata-clontro-violenza-donne_edited.jpg","articleSection":["Cronaca\/Politica"],"inLanguage":"fr-FR"},{"@type":"WebPage","@id":"https:\/\/www.bellunopress.it\/2022\/11\/25\/giornata-per-leliminazione-della-violenza-contro-le-donne-il-fiocco-rosso-di-fratelli-ditalia-al-parco-citta-di-bologna\/","url":"https:\/\/www.bellunopress.it\/2022\/11\/25\/giornata-per-leliminazione-della-violenza-contro-le-donne-il-fiocco-rosso-di-fratelli-ditalia-al-parco-citta-di-bologna\/","name":"Giornata per l\u2019eliminazione della violenza contro le donne. Il fiocco rosso di Fratelli d'Italia al Parco Citt\u00e0 di Bologna - Bellunopress - Dolomiti","isPartOf":{"@id":"https:\/\/www.bellunopress.it\/#website"},"primaryImageOfPage":{"@id":"https:\/\/www.bellunopress.it\/2022\/11\/25\/giornata-per-leliminazione-della-violenza-contro-le-donne-il-fiocco-rosso-di-fratelli-ditalia-al-parco-citta-di-bologna\/#primaryimage"},"image":{"@id":"https:\/\/www.bellunopress.it\/2022\/11\/25\/giornata-per-leliminazione-della-violenza-contro-le-donne-il-fiocco-rosso-di-fratelli-ditalia-al-parco-citta-di-bologna\/#primaryimage"},"thumbnailUrl":"https:\/\/www.bellunopress.it\/wp-content\/uploads\/2022\/11\/fratelli-ditalia-fiocco-rosso-giornata-clontro-violenza-donne_edited.jpg","datePublished":"2022-11-25T12:05:23+00:00","breadcrumb":{"@id":"https:\/\/www.bellunopress.it\/2022\/11\/25\/giornata-per-leliminazione-della-violenza-contro-le-donne-il-fiocco-rosso-di-fratelli-ditalia-al-parco-citta-di-bologna\/#breadcrumb"},"inLanguage":"fr-FR","potentialAction":[{"@type":"ReadAction","target":["https:\/\/www.bellunopress.it\/2022\/11\/25\/giornata-per-leliminazione-della-violenza-contro-le-donne-il-fiocco-rosso-di-fratelli-ditalia-al-parco-citta-di-bologna\/"]}]},{"@type":"ImageObject","inLanguage":"fr-FR","@id":"https:\/\/www.bellunopress.it\/2022\/11\/25\/giornata-per-leliminazione-della-violenza-contro-le-donne-il-fiocco-rosso-di-fratelli-ditalia-al-parco-citta-di-bologna\/#primaryimage","url":"https:\/\/www.bellunopress.it\/wp-content\/uploads\/2022\/11\/fratelli-ditalia-fiocco-rosso-giornata-clontro-violenza-donne_edited.jpg","contentUrl":"https:\/\/www.bellunopress.it\/wp-content\/uploads\/2022\/11\/fratelli-ditalia-fiocco-rosso-giornata-clontro-violenza-donne_edited.jpg","width":1000,"height":640},{"@type":"BreadcrumbList","@id":"https:\/\/www.bellunopress.it\/2022\/11\/25\/giornata-per-leliminazione-della-violenza-contro-le-donne-il-fiocco-rosso-di-fratelli-ditalia-al-parco-citta-di-bologna\/#breadcrumb","itemListElement":[{"@type":"ListItem","position":1,"name":"Home","item":"https:\/\/www.bellunopress.it\/"},{"@type":"ListItem","position":2,"name":"Giornata per l\u2019eliminazione della violenza contro le donne. Il fiocco rosso di Fratelli d&#8217;Italia al Parco Citt\u00e0 di Bologna"}]},{"@type":"WebSite","@id":"https:\/\/www.bellunopress.it\/#website","url":"https:\/\/www.bellunopress.it\/","name":"Bellunopress - Dolomiti","description":"e-mail: redazione@bellunopress.it","publisher":{"@id":"https:\/\/www.bellunopress.it\/#organization"},"potentialAction":[{"@type":"SearchAction","target":{"@type":"EntryPoint","urlTemplate":"https:\/\/www.bellunopress.it\/?s={search_term_string}"},"query-input":{"@type":"PropertyValueSpecification","valueRequired":true,"valueName":"search_term_string"}}],"inLanguage":"fr-FR"},{"@type":"Organization","@id":"https:\/\/www.bellunopress.it\/#organization","name":"Bellunopress","url":"https:\/\/www.bellunopress.it\/","logo":{"@type":"ImageObject","inLanguage":"fr-FR","@id":"https:\/\/www.bellunopress.it\/#\/schema\/logo\/image\/","url":"https:\/\/www.bellunopress.it\/wp-content\/uploads\/2011\/05\/cropped-logo-bellunopress-.jpg","contentUrl":"https:\/\/www.bellunopress.it\/wp-content\/uploads\/2011\/05\/cropped-logo-bellunopress-.jpg","width":512,"height":512,"caption":"Bellunopress"},"image":{"@id":"https:\/\/www.bellunopress.it\/#\/schema\/logo\/image\/"},"sameAs":["https:\/\/www.facebook.com\/profile.php?id=100008943462799","https:\/\/x.com\/bellunopress","https:\/\/www.linkedin.com\/hp\/?dnr=JBzUWaJfMUw8vbXJJ2tVW5-I3jZKvC4wsoxE&amp;amp;amp;amp;amp;amp;trk=nav_responsive_tab_home","https:\/\/www.youtube.com\/channel\/UCxL0wu1uN0_3_7hGG0306cw"]},{"@type":"Person","@id":"https:\/\/www.bellunopress.it\/#\/schema\/person\/79bb06722b37ece1c03d3e94beb30d73","name":"r\u00e9daction","image":{"@type":"ImageObject","inLanguage":"fr-FR","@id":"https:\/\/secure.gravatar.com\/avatar\/37d968a2e67a6fd04c169c4bdef102d0bc5d31b2546345219e348575eb80e9a0?s=96&d=mm&r=g","url":"https:\/\/secure.gravatar.com\/avatar\/37d968a2e67a6fd04c169c4bdef102d0bc5d31b2546345219e348575eb80e9a0?s=96&d=mm&r=g","contentUrl":"https:\/\/secure.gravatar.com\/avatar\/37d968a2e67a6fd04c169c4bdef102d0bc5d31b2546345219e348575eb80e9a0?s=96&d=mm&r=g","caption":"redazione"},"sameAs":["http:\/\/www.bellunopress.it","https:\/\/x.com\/bellunopress"],"url":"https:\/\/www.bellunopress.it\/fr\/author\/redazione\/"}]}},"_links":{"self":[{"href":"https:\/\/www.bellunopress.it\/fr\/wp-json\/wp\/v2\/posts\/137938","targetHints":{"allow":["GET"]}}],"collection":[{"href":"https:\/\/www.bellunopress.it\/fr\/wp-json\/wp\/v2\/posts"}],"about":[{"href":"https:\/\/www.bellunopress.it\/fr\/wp-json\/wp\/v2\/types\/post"}],"author":[{"embeddable":true,"href":"https:\/\/www.bellunopress.it\/fr\/wp-json\/wp\/v2\/users\/2"}],"replies":[{"embeddable":true,"href":"https:\/\/www.bellunopress.it\/fr\/wp-json\/wp\/v2\/comments?post=137938"}],"version-history":[{"count":1,"href":"https:\/\/www.bellunopress.it\/fr\/wp-json\/wp\/v2\/posts\/137938\/revisions"}],"predecessor-version":[{"id":137940,"href":"https:\/\/www.bellunopress.it\/fr\/wp-json\/wp\/v2\/posts\/137938\/revisions\/137940"}],"wp:featuredmedia":[{"embeddable":true,"href":"https:\/\/www.bellunopress.it\/fr\/wp-json\/wp\/v2\/media\/137939"}],"wp:attachment":[{"href":"https:\/\/www.bellunopress.it\/fr\/wp-json\/wp\/v2\/media?parent=137938"}],"wp:term":[{"taxonomy":"category","embeddable":true,"href":"https:\/\/www.bellunopress.it\/fr\/wp-json\/wp\/v2\/categories?post=137938"},{"taxonomy":"post_tag","embeddable":true,"href":"https:\/\/www.bellunopress.it\/fr\/wp-json\/wp\/v2\/tags?post=137938"}],"curies":[{"name":"wp","href":"https:\/\/api.w.org\/{rel}","templated":true}]}}