{"id":137932,"date":"2022-11-24T17:59:33","date_gmt":"2022-11-24T16:59:33","guid":{"rendered":"https:\/\/www.bellunopress.it\/?p=137932"},"modified":"2022-11-25T09:39:15","modified_gmt":"2022-11-25T08:39:15","slug":"addio-a-eugenio-padovan","status":"publish","type":"post","link":"https:\/\/www.bellunopress.it\/fr\/2022\/11\/24\/addio-a-eugenio-padovan\/","title":{"rendered":"Addio a Eugenio Padovan"},"content":{"rendered":"<figure id=\"attachment_33844\" aria-describedby=\"caption-attachment-33844\" style=\"width: 131px\" class=\"wp-caption alignleft\"><img loading=\"lazy\" decoding=\"async\" class=\"size-full wp-image-33844\" src=\"https:\/\/www.bellunopress.it\/wp-content\/uploads\/2012\/01\/eugenio-padovan.jpg\" alt=\"\" width=\"131\" height=\"144\" \/><figcaption id=\"caption-attachment-33844\" class=\"wp-caption-text\">Eugenio Padovan<\/figcaption><\/figure>\n<p>\u00abPerdiamo un uomo appassionato, tenace, profondamente innamorato del territorio in cui viveva tanto da animarsi nelle discussioni che riguardavano il futuro del Bellunese\u00bb.<\/p>\n<p>Cos\u00ec il presidente della Provincia di Belluno, Roberto Padrin, in una nota di cordoglio per la scomparsa improvvisa di Eugenio Padova, ex funzionario della Sovrintendenza e grande appassionato di archeologia e storia.<\/p>\n<p>\u00abPadovan era un attento conoscitore della storia e un raffinato esperto di archeologia. I ritrovamenti paleoveneti, ma non solo, erano per lui uno strumento di promozione territoriale, e anche di orgoglio dell&#8217;intero Bellunese. Spesso non riusciva a capacitarsi della poca attenzione che veniva riservata ad alcune scoperte archeologiche e in questo era davvero stimolante confrontarsi con lui. Ha sempre cercato di unire in un legame proficuo per le comunit\u00e0 bellunesi la passione culturale con le esigenze di sviluppo dei territori. E anche di recente mi ero incontrato con lui, a seguito di alcuni ritrovamenti a Castellavazzo, per cercare di capire cosa farne e come valorizzarli. Da parte mia e dell&#8217;intero consiglio provinciale, un abbraccio alla sua famiglia e alle tante persone che hanno potuto apprezzare le sue doti di uomo e di professionista\u00bb.<\/p>\n<p>\u00abPerdiamo una persona, un amico, che amava il proprio territorio e che ad esso ha dedicato tante energie e tanta parte della sua vita\u00bb cos\u00ec il consiglio direttivo di Assostampa Belluno ricorda Eugenio Padovan, funzionario della Sovrintendenza e profondo conoscitore dell&#8217;archeologia bellunese, ma anche giornalista pubblicista dalla fine degli anni Settanta.<\/p>\n<p>\u00abOltre che uno stimato professionista nel campo della ricerca archeologica, Eugenio era anche un giornalista che amava raccontare in maniera precisa, brillante, intelligente e appassionata. Sempre chiaro, diretto e deciso, lavorava per la valorizzazione delle ricchezze del Bellunese, proiettato al futuro. Alla moglie Daniela, ai figli Antonello e Marcello giungano le pi\u00f9 sentite condoglianze da parte di tutto il consiglio direttivo di Assostampa Belluno\u00bb.<\/p>","protected":false},"excerpt":{"rendered":"<p>\u00abPerdiamo un uomo appassionato, tenace, profondamente innamorato del territorio in cui viveva tanto da animarsi nelle discussioni che riguardavano il futuro del Bellunese\u00bb. Cos\u00ec il presidente della Provincia di Belluno, Roberto Padrin, in una nota di cordoglio per la scomparsa improvvisa di Eugenio Padova, ex funzionario della Sovrintendenza e grande appassionato di archeologia e storia. [&hellip;]<\/p>\n","protected":false},"author":2,"featured_media":119261,"comment_status":"closed","ping_status":"open","sticky":false,"template":"","format":"standard","meta":{"footnotes":""},"categories":[5],"tags":[],"class_list":["post-137932","post","type-post","status-publish","format-standard","has-post-thumbnail","category-cronaca"],"yoast_head":"<!-- This site is optimized with the Yoast SEO plugin v28.4 - https:\/\/yoast.com\/product\/yoast-seo-wordpress\/ -->\n<title>Addio a Eugenio Padovan - Bellunopress - Dolomiti<\/title>\n<meta name=\"robots\" content=\"index, follow, max-snippet:-1, max-image-preview:large, max-video-preview:-1\" \/>\n<link rel=\"canonical\" href=\"https:\/\/www.bellunopress.it\/fr\/2022\/11\/24\/addio-a-eugenio-padovan\/\" \/>\n<meta property=\"og:locale\" content=\"fr_FR\" \/>\n<meta property=\"og:type\" content=\"article\" \/>\n<meta property=\"og:title\" content=\"Addio a Eugenio Padovan - Bellunopress - Dolomiti\" \/>\n<meta property=\"og:description\" content=\"\u00abPerdiamo un uomo appassionato, tenace, profondamente innamorato del territorio in cui viveva tanto da animarsi nelle discussioni che riguardavano il futuro del Bellunese\u00bb. Cos\u00ec il presidente della Provincia di Belluno, Roberto Padrin, in una nota di cordoglio per la scomparsa improvvisa di Eugenio Padova, ex funzionario della Sovrintendenza e grande appassionato di archeologia e storia. [&hellip;]\" \/>\n<meta property=\"og:url\" content=\"https:\/\/www.bellunopress.it\/fr\/2022\/11\/24\/addio-a-eugenio-padovan\/\" \/>\n<meta property=\"og:site_name\" content=\"Bellunopress - Dolomiti\" \/>\n<meta property=\"article:publisher\" content=\"https:\/\/www.facebook.com\/profile.php?id=100008943462799\" \/>\n<meta property=\"article:published_time\" content=\"2022-11-24T16:59:33+00:00\" \/>\n<meta property=\"article:modified_time\" content=\"2022-11-25T08:39:15+00:00\" \/>\n<meta property=\"og:image\" content=\"https:\/\/www.bellunopress.it\/wp-content\/uploads\/2020\/11\/lutto_edited.jpg\" \/>\n\t<meta property=\"og:image:width\" content=\"800\" \/>\n\t<meta property=\"og:image:height\" content=\"445\" \/>\n\t<meta property=\"og:image:type\" content=\"image\/jpeg\" \/>\n<meta name=\"author\" content=\"redazione\" \/>\n<meta name=\"twitter:card\" content=\"summary_large_image\" \/>\n<meta name=\"twitter:creator\" content=\"@bellunopress\" \/>\n<meta name=\"twitter:site\" content=\"@bellunopress\" \/>\n<meta name=\"twitter:label1\" content=\"\u00c9crit par\" \/>\n\t<meta name=\"twitter:data1\" content=\"redazione\" \/>\n\t<meta name=\"twitter:label2\" content=\"Dur\u00e9e de lecture estim\u00e9e\" \/>\n\t<meta name=\"twitter:data2\" content=\"2 minutes\" \/>\n<script type=\"application\/ld+json\" class=\"yoast-schema-graph\">{\"@context\":\"https:\\\/\\\/schema.org\",\"@graph\":[{\"@type\":\"Article\",\"@id\":\"https:\\\/\\\/www.bellunopress.it\\\/2022\\\/11\\\/24\\\/addio-a-eugenio-padovan\\\/#article\",\"isPartOf\":{\"@id\":\"https:\\\/\\\/www.bellunopress.it\\\/2022\\\/11\\\/24\\\/addio-a-eugenio-padovan\\\/\"},\"author\":{\"name\":\"redazione\",\"@id\":\"https:\\\/\\\/www.bellunopress.it\\\/#\\\/schema\\\/person\\\/79bb06722b37ece1c03d3e94beb30d73\"},\"headline\":\"Addio a Eugenio Padovan\",\"datePublished\":\"2022-11-24T16:59:33+00:00\",\"dateModified\":\"2022-11-25T08:39:15+00:00\",\"mainEntityOfPage\":{\"@id\":\"https:\\\/\\\/www.bellunopress.it\\\/2022\\\/11\\\/24\\\/addio-a-eugenio-padovan\\\/\"},\"wordCount\":319,\"publisher\":{\"@id\":\"https:\\\/\\\/www.bellunopress.it\\\/#organization\"},\"image\":{\"@id\":\"https:\\\/\\\/www.bellunopress.it\\\/2022\\\/11\\\/24\\\/addio-a-eugenio-padovan\\\/#primaryimage\"},\"thumbnailUrl\":\"https:\\\/\\\/www.bellunopress.it\\\/wp-content\\\/uploads\\\/2020\\\/11\\\/lutto_edited.jpg\",\"articleSection\":[\"Cronaca\\\/Politica\"],\"inLanguage\":\"fr-FR\"},{\"@type\":\"WebPage\",\"@id\":\"https:\\\/\\\/www.bellunopress.it\\\/2022\\\/11\\\/24\\\/addio-a-eugenio-padovan\\\/\",\"url\":\"https:\\\/\\\/www.bellunopress.it\\\/2022\\\/11\\\/24\\\/addio-a-eugenio-padovan\\\/\",\"name\":\"Addio a Eugenio Padovan - Bellunopress - Dolomiti\",\"isPartOf\":{\"@id\":\"https:\\\/\\\/www.bellunopress.it\\\/#website\"},\"primaryImageOfPage\":{\"@id\":\"https:\\\/\\\/www.bellunopress.it\\\/2022\\\/11\\\/24\\\/addio-a-eugenio-padovan\\\/#primaryimage\"},\"image\":{\"@id\":\"https:\\\/\\\/www.bellunopress.it\\\/2022\\\/11\\\/24\\\/addio-a-eugenio-padovan\\\/#primaryimage\"},\"thumbnailUrl\":\"https:\\\/\\\/www.bellunopress.it\\\/wp-content\\\/uploads\\\/2020\\\/11\\\/lutto_edited.jpg\",\"datePublished\":\"2022-11-24T16:59:33+00:00\",\"dateModified\":\"2022-11-25T08:39:15+00:00\",\"breadcrumb\":{\"@id\":\"https:\\\/\\\/www.bellunopress.it\\\/2022\\\/11\\\/24\\\/addio-a-eugenio-padovan\\\/#breadcrumb\"},\"inLanguage\":\"fr-FR\",\"potentialAction\":[{\"@type\":\"ReadAction\",\"target\":[\"https:\\\/\\\/www.bellunopress.it\\\/2022\\\/11\\\/24\\\/addio-a-eugenio-padovan\\\/\"]}]},{\"@type\":\"ImageObject\",\"inLanguage\":\"fr-FR\",\"@id\":\"https:\\\/\\\/www.bellunopress.it\\\/2022\\\/11\\\/24\\\/addio-a-eugenio-padovan\\\/#primaryimage\",\"url\":\"https:\\\/\\\/www.bellunopress.it\\\/wp-content\\\/uploads\\\/2020\\\/11\\\/lutto_edited.jpg\",\"contentUrl\":\"https:\\\/\\\/www.bellunopress.it\\\/wp-content\\\/uploads\\\/2020\\\/11\\\/lutto_edited.jpg\",\"width\":800,\"height\":445},{\"@type\":\"BreadcrumbList\",\"@id\":\"https:\\\/\\\/www.bellunopress.it\\\/2022\\\/11\\\/24\\\/addio-a-eugenio-padovan\\\/#breadcrumb\",\"itemListElement\":[{\"@type\":\"ListItem\",\"position\":1,\"name\":\"Home\",\"item\":\"https:\\\/\\\/www.bellunopress.it\\\/\"},{\"@type\":\"ListItem\",\"position\":2,\"name\":\"Addio a Eugenio Padovan\"}]},{\"@type\":\"WebSite\",\"@id\":\"https:\\\/\\\/www.bellunopress.it\\\/#website\",\"url\":\"https:\\\/\\\/www.bellunopress.it\\\/\",\"name\":\"Bellunopress - Dolomiti\",\"description\":\"e-mail: redazione@bellunopress.it\",\"publisher\":{\"@id\":\"https:\\\/\\\/www.bellunopress.it\\\/#organization\"},\"potentialAction\":[{\"@type\":\"SearchAction\",\"target\":{\"@type\":\"EntryPoint\",\"urlTemplate\":\"https:\\\/\\\/www.bellunopress.it\\\/?s={search_term_string}\"},\"query-input\":{\"@type\":\"PropertyValueSpecification\",\"valueRequired\":true,\"valueName\":\"search_term_string\"}}],\"inLanguage\":\"fr-FR\"},{\"@type\":\"Organization\",\"@id\":\"https:\\\/\\\/www.bellunopress.it\\\/#organization\",\"name\":\"Bellunopress\",\"url\":\"https:\\\/\\\/www.bellunopress.it\\\/\",\"logo\":{\"@type\":\"ImageObject\",\"inLanguage\":\"fr-FR\",\"@id\":\"https:\\\/\\\/www.bellunopress.it\\\/#\\\/schema\\\/logo\\\/image\\\/\",\"url\":\"https:\\\/\\\/www.bellunopress.it\\\/wp-content\\\/uploads\\\/2011\\\/05\\\/cropped-logo-bellunopress-.jpg\",\"contentUrl\":\"https:\\\/\\\/www.bellunopress.it\\\/wp-content\\\/uploads\\\/2011\\\/05\\\/cropped-logo-bellunopress-.jpg\",\"width\":512,\"height\":512,\"caption\":\"Bellunopress\"},\"image\":{\"@id\":\"https:\\\/\\\/www.bellunopress.it\\\/#\\\/schema\\\/logo\\\/image\\\/\"},\"sameAs\":[\"https:\\\/\\\/www.facebook.com\\\/profile.php?id=100008943462799\",\"https:\\\/\\\/x.com\\\/bellunopress\",\"https:\\\/\\\/www.linkedin.com\\\/hp\\\/?dnr=JBzUWaJfMUw8vbXJJ2tVW5-I3jZKvC4wsoxE&amp;amp;amp;amp;amp;amp;trk=nav_responsive_tab_home\",\"https:\\\/\\\/www.youtube.com\\\/channel\\\/UCxL0wu1uN0_3_7hGG0306cw\"]},{\"@type\":\"Person\",\"@id\":\"https:\\\/\\\/www.bellunopress.it\\\/#\\\/schema\\\/person\\\/79bb06722b37ece1c03d3e94beb30d73\",\"name\":\"redazione\",\"image\":{\"@type\":\"ImageObject\",\"inLanguage\":\"fr-FR\",\"@id\":\"https:\\\/\\\/secure.gravatar.com\\\/avatar\\\/37d968a2e67a6fd04c169c4bdef102d0bc5d31b2546345219e348575eb80e9a0?s=96&d=mm&r=g\",\"url\":\"https:\\\/\\\/secure.gravatar.com\\\/avatar\\\/37d968a2e67a6fd04c169c4bdef102d0bc5d31b2546345219e348575eb80e9a0?s=96&d=mm&r=g\",\"contentUrl\":\"https:\\\/\\\/secure.gravatar.com\\\/avatar\\\/37d968a2e67a6fd04c169c4bdef102d0bc5d31b2546345219e348575eb80e9a0?s=96&d=mm&r=g\",\"caption\":\"redazione\"},\"sameAs\":[\"http:\\\/\\\/www.bellunopress.it\",\"https:\\\/\\\/x.com\\\/bellunopress\"],\"url\":\"https:\\\/\\\/www.bellunopress.it\\\/fr\\\/author\\\/redazione\\\/\"}]}<\/script>\n<!-- \/ Yoast SEO plugin. -->","yoast_head_json":{"title":"Addio a Eugenio Padovan - Bellunopress - Dolomiti","robots":{"index":"index","follow":"follow","max-snippet":"max-snippet:-1","max-image-preview":"max-image-preview:large","max-video-preview":"max-video-preview:-1"},"canonical":"https:\/\/www.bellunopress.it\/fr\/2022\/11\/24\/addio-a-eugenio-padovan\/","og_locale":"fr_FR","og_type":"article","og_title":"Addio a Eugenio Padovan - Bellunopress - Dolomiti","og_description":"\u00abPerdiamo un uomo appassionato, tenace, profondamente innamorato del territorio in cui viveva tanto da animarsi nelle discussioni che riguardavano il futuro del Bellunese\u00bb. Cos\u00ec il presidente della Provincia di Belluno, Roberto Padrin, in una nota di cordoglio per la scomparsa improvvisa di Eugenio Padova, ex funzionario della Sovrintendenza e grande appassionato di archeologia e storia. [&hellip;]","og_url":"https:\/\/www.bellunopress.it\/fr\/2022\/11\/24\/addio-a-eugenio-padovan\/","og_site_name":"Bellunopress - Dolomiti","article_publisher":"https:\/\/www.facebook.com\/profile.php?id=100008943462799","article_published_time":"2022-11-24T16:59:33+00:00","article_modified_time":"2022-11-25T08:39:15+00:00","og_image":[{"width":800,"height":445,"url":"https:\/\/www.bellunopress.it\/wp-content\/uploads\/2020\/11\/lutto_edited.jpg","type":"image\/jpeg"}],"author":"redazione","twitter_card":"summary_large_image","twitter_creator":"@bellunopress","twitter_site":"@bellunopress","twitter_misc":{"\u00c9crit par":"redazione","Dur\u00e9e de lecture estim\u00e9e":"2 minutes"},"schema":{"@context":"https:\/\/schema.org","@graph":[{"@type":"Article","@id":"https:\/\/www.bellunopress.it\/2022\/11\/24\/addio-a-eugenio-padovan\/#article","isPartOf":{"@id":"https:\/\/www.bellunopress.it\/2022\/11\/24\/addio-a-eugenio-padovan\/"},"author":{"name":"redazione","@id":"https:\/\/www.bellunopress.it\/#\/schema\/person\/79bb06722b37ece1c03d3e94beb30d73"},"headline":"Addio a Eugenio Padovan","datePublished":"2022-11-24T16:59:33+00:00","dateModified":"2022-11-25T08:39:15+00:00","mainEntityOfPage":{"@id":"https:\/\/www.bellunopress.it\/2022\/11\/24\/addio-a-eugenio-padovan\/"},"wordCount":319,"publisher":{"@id":"https:\/\/www.bellunopress.it\/#organization"},"image":{"@id":"https:\/\/www.bellunopress.it\/2022\/11\/24\/addio-a-eugenio-padovan\/#primaryimage"},"thumbnailUrl":"https:\/\/www.bellunopress.it\/wp-content\/uploads\/2020\/11\/lutto_edited.jpg","articleSection":["Cronaca\/Politica"],"inLanguage":"fr-FR"},{"@type":"WebPage","@id":"https:\/\/www.bellunopress.it\/2022\/11\/24\/addio-a-eugenio-padovan\/","url":"https:\/\/www.bellunopress.it\/2022\/11\/24\/addio-a-eugenio-padovan\/","name":"Addio a Eugenio Padovan - Bellunopress - Dolomiti","isPartOf":{"@id":"https:\/\/www.bellunopress.it\/#website"},"primaryImageOfPage":{"@id":"https:\/\/www.bellunopress.it\/2022\/11\/24\/addio-a-eugenio-padovan\/#primaryimage"},"image":{"@id":"https:\/\/www.bellunopress.it\/2022\/11\/24\/addio-a-eugenio-padovan\/#primaryimage"},"thumbnailUrl":"https:\/\/www.bellunopress.it\/wp-content\/uploads\/2020\/11\/lutto_edited.jpg","datePublished":"2022-11-24T16:59:33+00:00","dateModified":"2022-11-25T08:39:15+00:00","breadcrumb":{"@id":"https:\/\/www.bellunopress.it\/2022\/11\/24\/addio-a-eugenio-padovan\/#breadcrumb"},"inLanguage":"fr-FR","potentialAction":[{"@type":"ReadAction","target":["https:\/\/www.bellunopress.it\/2022\/11\/24\/addio-a-eugenio-padovan\/"]}]},{"@type":"ImageObject","inLanguage":"fr-FR","@id":"https:\/\/www.bellunopress.it\/2022\/11\/24\/addio-a-eugenio-padovan\/#primaryimage","url":"https:\/\/www.bellunopress.it\/wp-content\/uploads\/2020\/11\/lutto_edited.jpg","contentUrl":"https:\/\/www.bellunopress.it\/wp-content\/uploads\/2020\/11\/lutto_edited.jpg","width":800,"height":445},{"@type":"BreadcrumbList","@id":"https:\/\/www.bellunopress.it\/2022\/11\/24\/addio-a-eugenio-padovan\/#breadcrumb","itemListElement":[{"@type":"ListItem","position":1,"name":"Home","item":"https:\/\/www.bellunopress.it\/"},{"@type":"ListItem","position":2,"name":"Addio a Eugenio Padovan"}]},{"@type":"WebSite","@id":"https:\/\/www.bellunopress.it\/#website","url":"https:\/\/www.bellunopress.it\/","name":"Bellunopress - Dolomiti","description":"e-mail: redazione@bellunopress.it","publisher":{"@id":"https:\/\/www.bellunopress.it\/#organization"},"potentialAction":[{"@type":"SearchAction","target":{"@type":"EntryPoint","urlTemplate":"https:\/\/www.bellunopress.it\/?s={search_term_string}"},"query-input":{"@type":"PropertyValueSpecification","valueRequired":true,"valueName":"search_term_string"}}],"inLanguage":"fr-FR"},{"@type":"Organization","@id":"https:\/\/www.bellunopress.it\/#organization","name":"Bellunopress","url":"https:\/\/www.bellunopress.it\/","logo":{"@type":"ImageObject","inLanguage":"fr-FR","@id":"https:\/\/www.bellunopress.it\/#\/schema\/logo\/image\/","url":"https:\/\/www.bellunopress.it\/wp-content\/uploads\/2011\/05\/cropped-logo-bellunopress-.jpg","contentUrl":"https:\/\/www.bellunopress.it\/wp-content\/uploads\/2011\/05\/cropped-logo-bellunopress-.jpg","width":512,"height":512,"caption":"Bellunopress"},"image":{"@id":"https:\/\/www.bellunopress.it\/#\/schema\/logo\/image\/"},"sameAs":["https:\/\/www.facebook.com\/profile.php?id=100008943462799","https:\/\/x.com\/bellunopress","https:\/\/www.linkedin.com\/hp\/?dnr=JBzUWaJfMUw8vbXJJ2tVW5-I3jZKvC4wsoxE&amp;amp;amp;amp;amp;amp;trk=nav_responsive_tab_home","https:\/\/www.youtube.com\/channel\/UCxL0wu1uN0_3_7hGG0306cw"]},{"@type":"Person","@id":"https:\/\/www.bellunopress.it\/#\/schema\/person\/79bb06722b37ece1c03d3e94beb30d73","name":"r\u00e9daction","image":{"@type":"ImageObject","inLanguage":"fr-FR","@id":"https:\/\/secure.gravatar.com\/avatar\/37d968a2e67a6fd04c169c4bdef102d0bc5d31b2546345219e348575eb80e9a0?s=96&d=mm&r=g","url":"https:\/\/secure.gravatar.com\/avatar\/37d968a2e67a6fd04c169c4bdef102d0bc5d31b2546345219e348575eb80e9a0?s=96&d=mm&r=g","contentUrl":"https:\/\/secure.gravatar.com\/avatar\/37d968a2e67a6fd04c169c4bdef102d0bc5d31b2546345219e348575eb80e9a0?s=96&d=mm&r=g","caption":"redazione"},"sameAs":["http:\/\/www.bellunopress.it","https:\/\/x.com\/bellunopress"],"url":"https:\/\/www.bellunopress.it\/fr\/author\/redazione\/"}]}},"_links":{"self":[{"href":"https:\/\/www.bellunopress.it\/fr\/wp-json\/wp\/v2\/posts\/137932","targetHints":{"allow":["GET"]}}],"collection":[{"href":"https:\/\/www.bellunopress.it\/fr\/wp-json\/wp\/v2\/posts"}],"about":[{"href":"https:\/\/www.bellunopress.it\/fr\/wp-json\/wp\/v2\/types\/post"}],"author":[{"embeddable":true,"href":"https:\/\/www.bellunopress.it\/fr\/wp-json\/wp\/v2\/users\/2"}],"replies":[{"embeddable":true,"href":"https:\/\/www.bellunopress.it\/fr\/wp-json\/wp\/v2\/comments?post=137932"}],"version-history":[{"count":2,"href":"https:\/\/www.bellunopress.it\/fr\/wp-json\/wp\/v2\/posts\/137932\/revisions"}],"predecessor-version":[{"id":137934,"href":"https:\/\/www.bellunopress.it\/fr\/wp-json\/wp\/v2\/posts\/137932\/revisions\/137934"}],"wp:featuredmedia":[{"embeddable":true,"href":"https:\/\/www.bellunopress.it\/fr\/wp-json\/wp\/v2\/media\/119261"}],"wp:attachment":[{"href":"https:\/\/www.bellunopress.it\/fr\/wp-json\/wp\/v2\/media?parent=137932"}],"wp:term":[{"taxonomy":"category","embeddable":true,"href":"https:\/\/www.bellunopress.it\/fr\/wp-json\/wp\/v2\/categories?post=137932"},{"taxonomy":"post_tag","embeddable":true,"href":"https:\/\/www.bellunopress.it\/fr\/wp-json\/wp\/v2\/tags?post=137932"}],"curies":[{"name":"wp","href":"https:\/\/api.w.org\/{rel}","templated":true}]}}