{"id":137928,"date":"2022-11-24T17:09:43","date_gmt":"2022-11-24T16:09:43","guid":{"rendered":"https:\/\/www.bellunopress.it\/?p=137928"},"modified":"2022-11-24T17:09:43","modified_gmt":"2022-11-24T16:09:43","slug":"si-alzano-a-4-i-giorni-di-ospitalita-alberghiera-per-le-donne-che-subiscono-violenza","status":"publish","type":"post","link":"https:\/\/www.bellunopress.it\/fr\/2022\/11\/24\/si-alzano-a-4-i-giorni-di-ospitalita-alberghiera-per-le-donne-che-subiscono-violenza\/","title":{"rendered":"Si alzano a 4 i giorni di ospitalit\u00e0 alberghiera per le donne che subiscono violenza"},"content":{"rendered":"<p><em><strong>Novit\u00e0 resa possibile dalla donazione di Inner Wheel al Fondo Welfare<\/strong><\/em><\/p>\n<p><em><strong>De Biasi: \u00abA breve un evento formativo per negozi ed esercizi a contatto con il mondo femminile\u00bb<\/strong><\/em><\/p>\n<figure id=\"attachment_106865\" aria-describedby=\"caption-attachment-106865\" style=\"width: 230px\" class=\"wp-caption alignleft\"><img loading=\"lazy\" decoding=\"async\" class=\"size-full wp-image-106865\" src=\"https:\/\/www.bellunopress.it\/wp-content\/uploads\/2019\/08\/Francesca-De-Biasi.jpg\" alt=\"\" width=\"230\" height=\"300\" \/><figcaption id=\"caption-attachment-106865\" class=\"wp-caption-text\">Francesca De Biasi, presidente del Fondo Welfare<\/figcaption><\/figure>\n<p>Continua il lavoro del Fondo Welfare e Identit\u00e0 territoriale a favore delle comunit\u00e0 bellunesi. Prosegue in particolare il progetto di prima accoglienza a favore delle donne vittime di violenza, in sinergia con Federalberghi Belluno. Alla vigilia del 25 novembre, Giornata internazionale per l&#8217;eliminazione della violenza contro le donne, il Fondo ha ricevuto una nuova donazione, che consentir\u00e0 al progetto di alzare da 3 a 4 le giornate di ospitalit\u00e0 in albergo riservate alle donne che subiscono violenza in ambito domestico e sono costrette ad abbandonare la propria casa.<\/p>\n<p>\u00abRingraziamo Inner Wheel, che con il mercatino vintage delle scorse settimane ha raccolto 5mila euro e li ha destinati alle nostre progettualit\u00e0 per contrastare e prevenire le delicate questioni di genere, in una sinergia che coinvolge Federalberghi e Prefettura, insieme alle forze dell&#8217;ordine\u00bb commenta la presidente del Fondo Welfare, Francesca De Biasi. \u00abIn questo modo possiamo estendere l&#8217;accoglienza, primo strumento per le donne che non possono pi\u00f9 stare nella loro casa, nella maggior parte dei casi a causa di un marito o compagno violento\u00bb.<\/p>\n<figure id=\"attachment_103029\" aria-describedby=\"caption-attachment-103029\" style=\"width: 180px\" class=\"wp-caption alignleft\"><img loading=\"lazy\" decoding=\"async\" class=\"size-full wp-image-103029\" src=\"https:\/\/www.bellunopress.it\/wp-content\/uploads\/2019\/03\/Walter-De-Cassan.jpg\" alt=\"\" width=\"180\" height=\"280\" \/><figcaption id=\"caption-attachment-103029\" class=\"wp-caption-text\">Walter De Cassan, presidente Federalberghi Belluno Dolomiti<\/figcaption><\/figure>\n<p>\u00abFederalberghi Belluno \u2013 afferma il presidente Walter De Cassan &#8211; rinnova con entusiasmo la partecipazione al progetto per una rete di accoglienza a favore di persone vittime di violenza grazie all&#8217;adesione di oltre 15 strutture ricettive associate espressione di tutto il territorio. Dalle zone alte del Cadore, Comelico e Agordino fino al Feltrino e al capoluogo, un nutrito gruppo di esercenti ha fornito la propria disponibilit\u00e0 mettendosi a disposizione in caso di bisogno nella speranza che le necessit\u00e0 siano ovviamente ridotte al minimo. Federalberghi e Confcommercio Belluno ringraziano gli associati che hanno aderito all&#8217;iniziativa e quanti vorranno aggregarsi in corso d&#8217;opera\u00bb.<\/p>\n<p>Il Fondo Welfare nel frattempo aggiunge ulteriori tasselli al progetto, nella convinzione che oltre alla gestione del problema sia necessario agire sulla prevenzione. Nei prossimi mesi infatti partir\u00e0 un evento di formazione dedicato a tutti gli esercenti a maggior contatto con il mondo femminile (parrucchiere, estetiste, negozi di abbigliamento, e simili). \u00abL&#8217;obiettivo \u00e8 renderli formati e sensibili rispetto al tema della violenza di genere &#8211; spiega Francesca De Biasi -. Sar\u00e0 un momento formativo che ci vedr\u00e0 in squadra con la Provincia e coinvolger\u00e0 Confartigianato, Appia e Ascom. Verranno fornite indicazioni su come riconoscere i segni della violenza e su come approcciare le vittime, cos\u00ec da dare un aiuto concreto. \u00c8 questo lo scopo del Fondo Welfare: essere un valido appoggio per le comunit\u00e0 bellunesi\u00bb.<\/p>\n<p>&nbsp;<\/p>","protected":false},"excerpt":{"rendered":"<p>Novit\u00e0 resa possibile dalla donazione di Inner Wheel al Fondo Welfare De Biasi: \u00abA breve un evento formativo per negozi ed esercizi a contatto con il mondo femminile\u00bb Continua il lavoro del Fondo Welfare e Identit\u00e0 territoriale a favore delle comunit\u00e0 bellunesi. Prosegue in particolare il progetto di prima accoglienza a favore delle donne vittime [&hellip;]<\/p>\n","protected":false},"author":2,"featured_media":106865,"comment_status":"closed","ping_status":"open","sticky":false,"template":"","format":"standard","meta":{"footnotes":""},"categories":[26,8],"tags":[],"class_list":["post-137928","post","type-post","status-publish","format-standard","has-post-thumbnail","category-prima-pagina","category-societa-istituzioni"],"yoast_head":"<!-- This site is optimized with the Yoast SEO plugin v28.4 - https:\/\/yoast.com\/product\/yoast-seo-wordpress\/ -->\n<title>Si alzano a 4 i giorni di ospitalit\u00e0 alberghiera per le donne che subiscono violenza - Bellunopress - Dolomiti<\/title>\n<meta name=\"robots\" content=\"index, follow, max-snippet:-1, max-image-preview:large, max-video-preview:-1\" \/>\n<link rel=\"canonical\" href=\"https:\/\/www.bellunopress.it\/fr\/2022\/11\/24\/si-alzano-a-4-i-giorni-di-ospitalita-alberghiera-per-le-donne-che-subiscono-violenza\/\" \/>\n<meta property=\"og:locale\" content=\"fr_FR\" \/>\n<meta property=\"og:type\" content=\"article\" \/>\n<meta property=\"og:title\" content=\"Si alzano a 4 i giorni di ospitalit\u00e0 alberghiera per le donne che subiscono violenza - Bellunopress - Dolomiti\" \/>\n<meta property=\"og:description\" content=\"Novit\u00e0 resa possibile dalla donazione di Inner Wheel al Fondo Welfare De Biasi: \u00abA breve un evento formativo per negozi ed esercizi a contatto con il mondo femminile\u00bb Continua il lavoro del Fondo Welfare e Identit\u00e0 territoriale a favore delle comunit\u00e0 bellunesi. Prosegue in particolare il progetto di prima accoglienza a favore delle donne vittime [&hellip;]\" \/>\n<meta property=\"og:url\" content=\"https:\/\/www.bellunopress.it\/fr\/2022\/11\/24\/si-alzano-a-4-i-giorni-di-ospitalita-alberghiera-per-le-donne-che-subiscono-violenza\/\" \/>\n<meta property=\"og:site_name\" content=\"Bellunopress - Dolomiti\" \/>\n<meta property=\"article:publisher\" content=\"https:\/\/www.facebook.com\/profile.php?id=100008943462799\" \/>\n<meta property=\"article:published_time\" content=\"2022-11-24T16:09:43+00:00\" \/>\n<meta property=\"og:image\" content=\"https:\/\/www.bellunopress.it\/wp-content\/uploads\/2019\/08\/Francesca-De-Biasi.jpg\" \/>\n\t<meta property=\"og:image:width\" content=\"230\" \/>\n\t<meta property=\"og:image:height\" content=\"300\" \/>\n\t<meta property=\"og:image:type\" content=\"image\/jpeg\" \/>\n<meta name=\"author\" content=\"redazione\" \/>\n<meta name=\"twitter:card\" content=\"summary_large_image\" \/>\n<meta name=\"twitter:creator\" content=\"@bellunopress\" \/>\n<meta name=\"twitter:site\" content=\"@bellunopress\" \/>\n<meta name=\"twitter:label1\" content=\"\u00c9crit par\" \/>\n\t<meta name=\"twitter:data1\" content=\"redazione\" \/>\n\t<meta name=\"twitter:label2\" content=\"Dur\u00e9e de lecture estim\u00e9e\" \/>\n\t<meta name=\"twitter:data2\" content=\"3 minutes\" \/>\n<script type=\"application\/ld+json\" class=\"yoast-schema-graph\">{\"@context\":\"https:\\\/\\\/schema.org\",\"@graph\":[{\"@type\":\"Article\",\"@id\":\"https:\\\/\\\/www.bellunopress.it\\\/2022\\\/11\\\/24\\\/si-alzano-a-4-i-giorni-di-ospitalita-alberghiera-per-le-donne-che-subiscono-violenza\\\/#article\",\"isPartOf\":{\"@id\":\"https:\\\/\\\/www.bellunopress.it\\\/2022\\\/11\\\/24\\\/si-alzano-a-4-i-giorni-di-ospitalita-alberghiera-per-le-donne-che-subiscono-violenza\\\/\"},\"author\":{\"name\":\"redazione\",\"@id\":\"https:\\\/\\\/www.bellunopress.it\\\/#\\\/schema\\\/person\\\/79bb06722b37ece1c03d3e94beb30d73\"},\"headline\":\"Si alzano a 4 i giorni di ospitalit\u00e0 alberghiera per le donne che subiscono violenza\",\"datePublished\":\"2022-11-24T16:09:43+00:00\",\"mainEntityOfPage\":{\"@id\":\"https:\\\/\\\/www.bellunopress.it\\\/2022\\\/11\\\/24\\\/si-alzano-a-4-i-giorni-di-ospitalita-alberghiera-per-le-donne-che-subiscono-violenza\\\/\"},\"wordCount\":469,\"publisher\":{\"@id\":\"https:\\\/\\\/www.bellunopress.it\\\/#organization\"},\"image\":{\"@id\":\"https:\\\/\\\/www.bellunopress.it\\\/2022\\\/11\\\/24\\\/si-alzano-a-4-i-giorni-di-ospitalita-alberghiera-per-le-donne-che-subiscono-violenza\\\/#primaryimage\"},\"thumbnailUrl\":\"https:\\\/\\\/www.bellunopress.it\\\/wp-content\\\/uploads\\\/2019\\\/08\\\/Francesca-De-Biasi.jpg\",\"articleSection\":[\"Prima Pagina\",\"Societ\u00e0, Associazioni, Istituzioni\"],\"inLanguage\":\"fr-FR\"},{\"@type\":\"WebPage\",\"@id\":\"https:\\\/\\\/www.bellunopress.it\\\/2022\\\/11\\\/24\\\/si-alzano-a-4-i-giorni-di-ospitalita-alberghiera-per-le-donne-che-subiscono-violenza\\\/\",\"url\":\"https:\\\/\\\/www.bellunopress.it\\\/2022\\\/11\\\/24\\\/si-alzano-a-4-i-giorni-di-ospitalita-alberghiera-per-le-donne-che-subiscono-violenza\\\/\",\"name\":\"Si alzano a 4 i giorni di ospitalit\u00e0 alberghiera per le donne che subiscono violenza - Bellunopress - Dolomiti\",\"isPartOf\":{\"@id\":\"https:\\\/\\\/www.bellunopress.it\\\/#website\"},\"primaryImageOfPage\":{\"@id\":\"https:\\\/\\\/www.bellunopress.it\\\/2022\\\/11\\\/24\\\/si-alzano-a-4-i-giorni-di-ospitalita-alberghiera-per-le-donne-che-subiscono-violenza\\\/#primaryimage\"},\"image\":{\"@id\":\"https:\\\/\\\/www.bellunopress.it\\\/2022\\\/11\\\/24\\\/si-alzano-a-4-i-giorni-di-ospitalita-alberghiera-per-le-donne-che-subiscono-violenza\\\/#primaryimage\"},\"thumbnailUrl\":\"https:\\\/\\\/www.bellunopress.it\\\/wp-content\\\/uploads\\\/2019\\\/08\\\/Francesca-De-Biasi.jpg\",\"datePublished\":\"2022-11-24T16:09:43+00:00\",\"breadcrumb\":{\"@id\":\"https:\\\/\\\/www.bellunopress.it\\\/2022\\\/11\\\/24\\\/si-alzano-a-4-i-giorni-di-ospitalita-alberghiera-per-le-donne-che-subiscono-violenza\\\/#breadcrumb\"},\"inLanguage\":\"fr-FR\",\"potentialAction\":[{\"@type\":\"ReadAction\",\"target\":[\"https:\\\/\\\/www.bellunopress.it\\\/2022\\\/11\\\/24\\\/si-alzano-a-4-i-giorni-di-ospitalita-alberghiera-per-le-donne-che-subiscono-violenza\\\/\"]}]},{\"@type\":\"ImageObject\",\"inLanguage\":\"fr-FR\",\"@id\":\"https:\\\/\\\/www.bellunopress.it\\\/2022\\\/11\\\/24\\\/si-alzano-a-4-i-giorni-di-ospitalita-alberghiera-per-le-donne-che-subiscono-violenza\\\/#primaryimage\",\"url\":\"https:\\\/\\\/www.bellunopress.it\\\/wp-content\\\/uploads\\\/2019\\\/08\\\/Francesca-De-Biasi.jpg\",\"contentUrl\":\"https:\\\/\\\/www.bellunopress.it\\\/wp-content\\\/uploads\\\/2019\\\/08\\\/Francesca-De-Biasi.jpg\",\"width\":230,\"height\":300,\"caption\":\"Francesca De Biasi, presidente del Fondo Welfare\"},{\"@type\":\"BreadcrumbList\",\"@id\":\"https:\\\/\\\/www.bellunopress.it\\\/2022\\\/11\\\/24\\\/si-alzano-a-4-i-giorni-di-ospitalita-alberghiera-per-le-donne-che-subiscono-violenza\\\/#breadcrumb\",\"itemListElement\":[{\"@type\":\"ListItem\",\"position\":1,\"name\":\"Home\",\"item\":\"https:\\\/\\\/www.bellunopress.it\\\/\"},{\"@type\":\"ListItem\",\"position\":2,\"name\":\"Si alzano a 4 i giorni di ospitalit\u00e0 alberghiera per le donne che subiscono violenza\"}]},{\"@type\":\"WebSite\",\"@id\":\"https:\\\/\\\/www.bellunopress.it\\\/#website\",\"url\":\"https:\\\/\\\/www.bellunopress.it\\\/\",\"name\":\"Bellunopress - Dolomiti\",\"description\":\"e-mail: redazione@bellunopress.it\",\"publisher\":{\"@id\":\"https:\\\/\\\/www.bellunopress.it\\\/#organization\"},\"potentialAction\":[{\"@type\":\"SearchAction\",\"target\":{\"@type\":\"EntryPoint\",\"urlTemplate\":\"https:\\\/\\\/www.bellunopress.it\\\/?s={search_term_string}\"},\"query-input\":{\"@type\":\"PropertyValueSpecification\",\"valueRequired\":true,\"valueName\":\"search_term_string\"}}],\"inLanguage\":\"fr-FR\"},{\"@type\":\"Organization\",\"@id\":\"https:\\\/\\\/www.bellunopress.it\\\/#organization\",\"name\":\"Bellunopress\",\"url\":\"https:\\\/\\\/www.bellunopress.it\\\/\",\"logo\":{\"@type\":\"ImageObject\",\"inLanguage\":\"fr-FR\",\"@id\":\"https:\\\/\\\/www.bellunopress.it\\\/#\\\/schema\\\/logo\\\/image\\\/\",\"url\":\"https:\\\/\\\/www.bellunopress.it\\\/wp-content\\\/uploads\\\/2011\\\/05\\\/cropped-logo-bellunopress-.jpg\",\"contentUrl\":\"https:\\\/\\\/www.bellunopress.it\\\/wp-content\\\/uploads\\\/2011\\\/05\\\/cropped-logo-bellunopress-.jpg\",\"width\":512,\"height\":512,\"caption\":\"Bellunopress\"},\"image\":{\"@id\":\"https:\\\/\\\/www.bellunopress.it\\\/#\\\/schema\\\/logo\\\/image\\\/\"},\"sameAs\":[\"https:\\\/\\\/www.facebook.com\\\/profile.php?id=100008943462799\",\"https:\\\/\\\/x.com\\\/bellunopress\",\"https:\\\/\\\/www.linkedin.com\\\/hp\\\/?dnr=JBzUWaJfMUw8vbXJJ2tVW5-I3jZKvC4wsoxE&amp;amp;amp;amp;amp;amp;trk=nav_responsive_tab_home\",\"https:\\\/\\\/www.youtube.com\\\/channel\\\/UCxL0wu1uN0_3_7hGG0306cw\"]},{\"@type\":\"Person\",\"@id\":\"https:\\\/\\\/www.bellunopress.it\\\/#\\\/schema\\\/person\\\/79bb06722b37ece1c03d3e94beb30d73\",\"name\":\"redazione\",\"image\":{\"@type\":\"ImageObject\",\"inLanguage\":\"fr-FR\",\"@id\":\"https:\\\/\\\/secure.gravatar.com\\\/avatar\\\/37d968a2e67a6fd04c169c4bdef102d0bc5d31b2546345219e348575eb80e9a0?s=96&d=mm&r=g\",\"url\":\"https:\\\/\\\/secure.gravatar.com\\\/avatar\\\/37d968a2e67a6fd04c169c4bdef102d0bc5d31b2546345219e348575eb80e9a0?s=96&d=mm&r=g\",\"contentUrl\":\"https:\\\/\\\/secure.gravatar.com\\\/avatar\\\/37d968a2e67a6fd04c169c4bdef102d0bc5d31b2546345219e348575eb80e9a0?s=96&d=mm&r=g\",\"caption\":\"redazione\"},\"sameAs\":[\"http:\\\/\\\/www.bellunopress.it\",\"https:\\\/\\\/x.com\\\/bellunopress\"],\"url\":\"https:\\\/\\\/www.bellunopress.it\\\/fr\\\/author\\\/redazione\\\/\"}]}<\/script>\n<!-- \/ Yoast SEO plugin. -->","yoast_head_json":{"title":"Si alzano a 4 i giorni di ospitalit\u00e0 alberghiera per le donne che subiscono violenza - Bellunopress - Dolomiti","robots":{"index":"index","follow":"follow","max-snippet":"max-snippet:-1","max-image-preview":"max-image-preview:large","max-video-preview":"max-video-preview:-1"},"canonical":"https:\/\/www.bellunopress.it\/fr\/2022\/11\/24\/si-alzano-a-4-i-giorni-di-ospitalita-alberghiera-per-le-donne-che-subiscono-violenza\/","og_locale":"fr_FR","og_type":"article","og_title":"Si alzano a 4 i giorni di ospitalit\u00e0 alberghiera per le donne che subiscono violenza - Bellunopress - Dolomiti","og_description":"Novit\u00e0 resa possibile dalla donazione di Inner Wheel al Fondo Welfare De Biasi: \u00abA breve un evento formativo per negozi ed esercizi a contatto con il mondo femminile\u00bb Continua il lavoro del Fondo Welfare e Identit\u00e0 territoriale a favore delle comunit\u00e0 bellunesi. Prosegue in particolare il progetto di prima accoglienza a favore delle donne vittime [&hellip;]","og_url":"https:\/\/www.bellunopress.it\/fr\/2022\/11\/24\/si-alzano-a-4-i-giorni-di-ospitalita-alberghiera-per-le-donne-che-subiscono-violenza\/","og_site_name":"Bellunopress - Dolomiti","article_publisher":"https:\/\/www.facebook.com\/profile.php?id=100008943462799","article_published_time":"2022-11-24T16:09:43+00:00","og_image":[{"width":230,"height":300,"url":"https:\/\/www.bellunopress.it\/wp-content\/uploads\/2019\/08\/Francesca-De-Biasi.jpg","type":"image\/jpeg"}],"author":"redazione","twitter_card":"summary_large_image","twitter_creator":"@bellunopress","twitter_site":"@bellunopress","twitter_misc":{"\u00c9crit par":"redazione","Dur\u00e9e de lecture estim\u00e9e":"3 minutes"},"schema":{"@context":"https:\/\/schema.org","@graph":[{"@type":"Article","@id":"https:\/\/www.bellunopress.it\/2022\/11\/24\/si-alzano-a-4-i-giorni-di-ospitalita-alberghiera-per-le-donne-che-subiscono-violenza\/#article","isPartOf":{"@id":"https:\/\/www.bellunopress.it\/2022\/11\/24\/si-alzano-a-4-i-giorni-di-ospitalita-alberghiera-per-le-donne-che-subiscono-violenza\/"},"author":{"name":"redazione","@id":"https:\/\/www.bellunopress.it\/#\/schema\/person\/79bb06722b37ece1c03d3e94beb30d73"},"headline":"Si alzano a 4 i giorni di ospitalit\u00e0 alberghiera per le donne che subiscono violenza","datePublished":"2022-11-24T16:09:43+00:00","mainEntityOfPage":{"@id":"https:\/\/www.bellunopress.it\/2022\/11\/24\/si-alzano-a-4-i-giorni-di-ospitalita-alberghiera-per-le-donne-che-subiscono-violenza\/"},"wordCount":469,"publisher":{"@id":"https:\/\/www.bellunopress.it\/#organization"},"image":{"@id":"https:\/\/www.bellunopress.it\/2022\/11\/24\/si-alzano-a-4-i-giorni-di-ospitalita-alberghiera-per-le-donne-che-subiscono-violenza\/#primaryimage"},"thumbnailUrl":"https:\/\/www.bellunopress.it\/wp-content\/uploads\/2019\/08\/Francesca-De-Biasi.jpg","articleSection":["Prima Pagina","Societ\u00e0, Associazioni, Istituzioni"],"inLanguage":"fr-FR"},{"@type":"WebPage","@id":"https:\/\/www.bellunopress.it\/2022\/11\/24\/si-alzano-a-4-i-giorni-di-ospitalita-alberghiera-per-le-donne-che-subiscono-violenza\/","url":"https:\/\/www.bellunopress.it\/2022\/11\/24\/si-alzano-a-4-i-giorni-di-ospitalita-alberghiera-per-le-donne-che-subiscono-violenza\/","name":"Si alzano a 4 i giorni di ospitalit\u00e0 alberghiera per le donne che subiscono violenza - Bellunopress - Dolomiti","isPartOf":{"@id":"https:\/\/www.bellunopress.it\/#website"},"primaryImageOfPage":{"@id":"https:\/\/www.bellunopress.it\/2022\/11\/24\/si-alzano-a-4-i-giorni-di-ospitalita-alberghiera-per-le-donne-che-subiscono-violenza\/#primaryimage"},"image":{"@id":"https:\/\/www.bellunopress.it\/2022\/11\/24\/si-alzano-a-4-i-giorni-di-ospitalita-alberghiera-per-le-donne-che-subiscono-violenza\/#primaryimage"},"thumbnailUrl":"https:\/\/www.bellunopress.it\/wp-content\/uploads\/2019\/08\/Francesca-De-Biasi.jpg","datePublished":"2022-11-24T16:09:43+00:00","breadcrumb":{"@id":"https:\/\/www.bellunopress.it\/2022\/11\/24\/si-alzano-a-4-i-giorni-di-ospitalita-alberghiera-per-le-donne-che-subiscono-violenza\/#breadcrumb"},"inLanguage":"fr-FR","potentialAction":[{"@type":"ReadAction","target":["https:\/\/www.bellunopress.it\/2022\/11\/24\/si-alzano-a-4-i-giorni-di-ospitalita-alberghiera-per-le-donne-che-subiscono-violenza\/"]}]},{"@type":"ImageObject","inLanguage":"fr-FR","@id":"https:\/\/www.bellunopress.it\/2022\/11\/24\/si-alzano-a-4-i-giorni-di-ospitalita-alberghiera-per-le-donne-che-subiscono-violenza\/#primaryimage","url":"https:\/\/www.bellunopress.it\/wp-content\/uploads\/2019\/08\/Francesca-De-Biasi.jpg","contentUrl":"https:\/\/www.bellunopress.it\/wp-content\/uploads\/2019\/08\/Francesca-De-Biasi.jpg","width":230,"height":300,"caption":"Francesca De Biasi, presidente del Fondo Welfare"},{"@type":"BreadcrumbList","@id":"https:\/\/www.bellunopress.it\/2022\/11\/24\/si-alzano-a-4-i-giorni-di-ospitalita-alberghiera-per-le-donne-che-subiscono-violenza\/#breadcrumb","itemListElement":[{"@type":"ListItem","position":1,"name":"Home","item":"https:\/\/www.bellunopress.it\/"},{"@type":"ListItem","position":2,"name":"Si alzano a 4 i giorni di ospitalit\u00e0 alberghiera per le donne che subiscono violenza"}]},{"@type":"WebSite","@id":"https:\/\/www.bellunopress.it\/#website","url":"https:\/\/www.bellunopress.it\/","name":"Bellunopress - Dolomiti","description":"e-mail: redazione@bellunopress.it","publisher":{"@id":"https:\/\/www.bellunopress.it\/#organization"},"potentialAction":[{"@type":"SearchAction","target":{"@type":"EntryPoint","urlTemplate":"https:\/\/www.bellunopress.it\/?s={search_term_string}"},"query-input":{"@type":"PropertyValueSpecification","valueRequired":true,"valueName":"search_term_string"}}],"inLanguage":"fr-FR"},{"@type":"Organization","@id":"https:\/\/www.bellunopress.it\/#organization","name":"Bellunopress","url":"https:\/\/www.bellunopress.it\/","logo":{"@type":"ImageObject","inLanguage":"fr-FR","@id":"https:\/\/www.bellunopress.it\/#\/schema\/logo\/image\/","url":"https:\/\/www.bellunopress.it\/wp-content\/uploads\/2011\/05\/cropped-logo-bellunopress-.jpg","contentUrl":"https:\/\/www.bellunopress.it\/wp-content\/uploads\/2011\/05\/cropped-logo-bellunopress-.jpg","width":512,"height":512,"caption":"Bellunopress"},"image":{"@id":"https:\/\/www.bellunopress.it\/#\/schema\/logo\/image\/"},"sameAs":["https:\/\/www.facebook.com\/profile.php?id=100008943462799","https:\/\/x.com\/bellunopress","https:\/\/www.linkedin.com\/hp\/?dnr=JBzUWaJfMUw8vbXJJ2tVW5-I3jZKvC4wsoxE&amp;amp;amp;amp;amp;amp;trk=nav_responsive_tab_home","https:\/\/www.youtube.com\/channel\/UCxL0wu1uN0_3_7hGG0306cw"]},{"@type":"Person","@id":"https:\/\/www.bellunopress.it\/#\/schema\/person\/79bb06722b37ece1c03d3e94beb30d73","name":"r\u00e9daction","image":{"@type":"ImageObject","inLanguage":"fr-FR","@id":"https:\/\/secure.gravatar.com\/avatar\/37d968a2e67a6fd04c169c4bdef102d0bc5d31b2546345219e348575eb80e9a0?s=96&d=mm&r=g","url":"https:\/\/secure.gravatar.com\/avatar\/37d968a2e67a6fd04c169c4bdef102d0bc5d31b2546345219e348575eb80e9a0?s=96&d=mm&r=g","contentUrl":"https:\/\/secure.gravatar.com\/avatar\/37d968a2e67a6fd04c169c4bdef102d0bc5d31b2546345219e348575eb80e9a0?s=96&d=mm&r=g","caption":"redazione"},"sameAs":["http:\/\/www.bellunopress.it","https:\/\/x.com\/bellunopress"],"url":"https:\/\/www.bellunopress.it\/fr\/author\/redazione\/"}]}},"_links":{"self":[{"href":"https:\/\/www.bellunopress.it\/fr\/wp-json\/wp\/v2\/posts\/137928","targetHints":{"allow":["GET"]}}],"collection":[{"href":"https:\/\/www.bellunopress.it\/fr\/wp-json\/wp\/v2\/posts"}],"about":[{"href":"https:\/\/www.bellunopress.it\/fr\/wp-json\/wp\/v2\/types\/post"}],"author":[{"embeddable":true,"href":"https:\/\/www.bellunopress.it\/fr\/wp-json\/wp\/v2\/users\/2"}],"replies":[{"embeddable":true,"href":"https:\/\/www.bellunopress.it\/fr\/wp-json\/wp\/v2\/comments?post=137928"}],"version-history":[{"count":1,"href":"https:\/\/www.bellunopress.it\/fr\/wp-json\/wp\/v2\/posts\/137928\/revisions"}],"predecessor-version":[{"id":137929,"href":"https:\/\/www.bellunopress.it\/fr\/wp-json\/wp\/v2\/posts\/137928\/revisions\/137929"}],"wp:featuredmedia":[{"embeddable":true,"href":"https:\/\/www.bellunopress.it\/fr\/wp-json\/wp\/v2\/media\/106865"}],"wp:attachment":[{"href":"https:\/\/www.bellunopress.it\/fr\/wp-json\/wp\/v2\/media?parent=137928"}],"wp:term":[{"taxonomy":"category","embeddable":true,"href":"https:\/\/www.bellunopress.it\/fr\/wp-json\/wp\/v2\/categories?post=137928"},{"taxonomy":"post_tag","embeddable":true,"href":"https:\/\/www.bellunopress.it\/fr\/wp-json\/wp\/v2\/tags?post=137928"}],"curies":[{"name":"wp","href":"https:\/\/api.w.org\/{rel}","templated":true}]}}