{"id":137908,"date":"2022-11-24T07:17:08","date_gmt":"2022-11-24T06:17:08","guid":{"rendered":"https:\/\/www.bellunopress.it\/?p=137908"},"modified":"2022-11-24T07:17:08","modified_gmt":"2022-11-24T06:17:08","slug":"taglio-del-cuneo-fiscale-trabucco-un-buon-punto-di-partenza-ma-manca-la-visione-di-una-redistribuzione-del-prelievo","status":"publish","type":"post","link":"https:\/\/www.bellunopress.it\/fr\/2022\/11\/24\/taglio-del-cuneo-fiscale-trabucco-un-buon-punto-di-partenza-ma-manca-la-visione-di-una-redistribuzione-del-prelievo\/","title":{"rendered":"Taglio del cuneo fiscale. Trabucco: &#8220;Un buon punto di partenza ma manca la visione di una redistribuzione del prelievo&#8221;"},"content":{"rendered":"<p><img loading=\"lazy\" decoding=\"async\" class=\"alignleft size-full wp-image-117756\" src=\"https:\/\/www.bellunopress.it\/wp-content\/uploads\/2020\/09\/Parlamento_edited.jpg\" alt=\"\" width=\"800\" height=\"600\" srcset=\"https:\/\/www.bellunopress.it\/wp-content\/uploads\/2020\/09\/Parlamento_edited.jpg 800w, https:\/\/www.bellunopress.it\/wp-content\/uploads\/2020\/09\/Parlamento_edited-500x375.jpg 500w, https:\/\/www.bellunopress.it\/wp-content\/uploads\/2020\/09\/Parlamento_edited-696x522.jpg 696w, https:\/\/www.bellunopress.it\/wp-content\/uploads\/2020\/09\/Parlamento_edited-560x420.jpg 560w, https:\/\/www.bellunopress.it\/wp-content\/uploads\/2020\/09\/Parlamento_edited-80x60.jpg 80w, https:\/\/www.bellunopress.it\/wp-content\/uploads\/2020\/09\/Parlamento_edited-265x198.jpg 265w\" sizes=\"auto, (max-width: 800px) 100vw, 800px\" \/>Il Consiglio dei Ministri n. 5 del 21 novembre 2022 ha approvato la manovra per l&#8217;anno solare 2023. Tra le novit\u00e0 si segnala il taglio del c.d. cuneo fiscale. Partiamo dalla definizione: il cuneo fiscale \u00e8 la differenza tra l&#8217;importo lordo e quello netto all&#8217;interno della busta paga. Il provvedimento prevede il taglio del 2% per i redditi fino a 35,000 euro e salirebbe al 3% per quelli fino a 20,000 euro.<\/p>\n<p>C\u2019\u00e8 un aspetto molto importante: il taglio andr\u00e0 tutto ai lavoratori sia pubblici che privati. Secondo alcune stime si tratta di un vantaggio che potrebbe variare dai 24,00 ai 45,00 euro netti al mese per un totale di tredici mensilit\u00e0 di stipendio per i redditi tra i 15.000 euro e i 30.000 euro.<\/p>\n<p>Siamo in presenza di una scelta certamente condivisibile, ma nessuno si interroga sulla questione della redistribuzione del prelievo fiscale esistente. In altri termini, se si vuole ridurre la pressione eccessiva sui redditi di lavoro, bisogna ragionare anche sulla tassazione di pi\u00f9 altre componenti del valore aggiunto o della capacit\u00e0 contributiva esistente: redditi da capitale, rendite varie, royalties, brevetti, patrimoni, redditi evasi ed elusi o indebitamente esenti, spese fiscali, trattamenti privilegiati.<\/p>\n<p>In altri Paesi europei, come la Francia, accanto al prelievo contributivo sul lavoro sono stati introdotti specifici prelievi sulle altre tipologie di reddito (profitti, interessi, ecc.) in modo che anche esse contribuiscano al finanziamento della spesa sociale.<\/p>\n<p>Detto diversamente: dove si trovano i soldi derivanti dal mancato gettito? Delle due l&#8217;una: o si riduce la spesa con la conseguenza che questo comporta sul piano dei servizi, oppure si devono trovare altre entrate (rendite finanziarie?).<\/p>\n<p>Daniele Trabucco<\/p>","protected":false},"excerpt":{"rendered":"<p>Il Consiglio dei Ministri n. 5 del 21 novembre 2022 ha approvato la manovra per l&#8217;anno solare 2023. Tra le novit\u00e0 si segnala il taglio del c.d. cuneo fiscale. Partiamo dalla definizione: il cuneo fiscale \u00e8 la differenza tra l&#8217;importo lordo e quello netto all&#8217;interno della busta paga. Il provvedimento prevede il taglio del 2% [&hellip;]<\/p>\n","protected":false},"author":2,"featured_media":117756,"comment_status":"closed","ping_status":"open","sticky":false,"template":"","format":"standard","meta":{"footnotes":""},"categories":[5],"tags":[],"class_list":["post-137908","post","type-post","status-publish","format-standard","has-post-thumbnail","category-cronaca"],"yoast_head":"<!-- This site is optimized with the Yoast SEO plugin v28.4 - https:\/\/yoast.com\/product\/yoast-seo-wordpress\/ -->\n<title>Taglio del cuneo fiscale. Trabucco: &quot;Un buon punto di partenza ma manca la visione di una redistribuzione del prelievo&quot; - Bellunopress - Dolomiti<\/title>\n<meta name=\"robots\" content=\"index, follow, max-snippet:-1, max-image-preview:large, max-video-preview:-1\" \/>\n<link rel=\"canonical\" href=\"https:\/\/www.bellunopress.it\/fr\/2022\/11\/24\/taglio-del-cuneo-fiscale-trabucco-un-buon-punto-di-partenza-ma-manca-la-visione-di-una-redistribuzione-del-prelievo\/\" \/>\n<meta property=\"og:locale\" content=\"fr_FR\" \/>\n<meta property=\"og:type\" content=\"article\" \/>\n<meta property=\"og:title\" content=\"Taglio del cuneo fiscale. Trabucco: &quot;Un buon punto di partenza ma manca la visione di una redistribuzione del prelievo&quot; - Bellunopress - Dolomiti\" \/>\n<meta property=\"og:description\" content=\"Il Consiglio dei Ministri n. 5 del 21 novembre 2022 ha approvato la manovra per l&#8217;anno solare 2023. Tra le novit\u00e0 si segnala il taglio del c.d. cuneo fiscale. Partiamo dalla definizione: il cuneo fiscale \u00e8 la differenza tra l&#8217;importo lordo e quello netto all&#8217;interno della busta paga. Il provvedimento prevede il taglio del 2% [&hellip;]\" \/>\n<meta property=\"og:url\" content=\"https:\/\/www.bellunopress.it\/fr\/2022\/11\/24\/taglio-del-cuneo-fiscale-trabucco-un-buon-punto-di-partenza-ma-manca-la-visione-di-una-redistribuzione-del-prelievo\/\" \/>\n<meta property=\"og:site_name\" content=\"Bellunopress - Dolomiti\" \/>\n<meta property=\"article:publisher\" content=\"https:\/\/www.facebook.com\/profile.php?id=100008943462799\" \/>\n<meta property=\"article:published_time\" content=\"2022-11-24T06:17:08+00:00\" \/>\n<meta property=\"og:image\" content=\"https:\/\/www.bellunopress.it\/wp-content\/uploads\/2020\/09\/Parlamento_edited.jpg\" \/>\n\t<meta property=\"og:image:width\" content=\"800\" \/>\n\t<meta property=\"og:image:height\" content=\"600\" \/>\n\t<meta property=\"og:image:type\" content=\"image\/jpeg\" \/>\n<meta name=\"author\" content=\"redazione\" \/>\n<meta name=\"twitter:card\" content=\"summary_large_image\" \/>\n<meta name=\"twitter:creator\" content=\"@bellunopress\" \/>\n<meta name=\"twitter:site\" content=\"@bellunopress\" \/>\n<meta name=\"twitter:label1\" content=\"\u00c9crit par\" \/>\n\t<meta name=\"twitter:data1\" content=\"redazione\" \/>\n\t<meta name=\"twitter:label2\" content=\"Dur\u00e9e de lecture estim\u00e9e\" \/>\n\t<meta name=\"twitter:data2\" content=\"2 minutes\" \/>\n<script type=\"application\/ld+json\" class=\"yoast-schema-graph\">{\"@context\":\"https:\\\/\\\/schema.org\",\"@graph\":[{\"@type\":\"Article\",\"@id\":\"https:\\\/\\\/www.bellunopress.it\\\/2022\\\/11\\\/24\\\/taglio-del-cuneo-fiscale-trabucco-un-buon-punto-di-partenza-ma-manca-la-visione-di-una-redistribuzione-del-prelievo\\\/#article\",\"isPartOf\":{\"@id\":\"https:\\\/\\\/www.bellunopress.it\\\/2022\\\/11\\\/24\\\/taglio-del-cuneo-fiscale-trabucco-un-buon-punto-di-partenza-ma-manca-la-visione-di-una-redistribuzione-del-prelievo\\\/\"},\"author\":{\"name\":\"redazione\",\"@id\":\"https:\\\/\\\/www.bellunopress.it\\\/#\\\/schema\\\/person\\\/79bb06722b37ece1c03d3e94beb30d73\"},\"headline\":\"Taglio del cuneo fiscale. Trabucco: &#8220;Un buon punto di partenza ma manca la visione di una redistribuzione del prelievo&#8221;\",\"datePublished\":\"2022-11-24T06:17:08+00:00\",\"mainEntityOfPage\":{\"@id\":\"https:\\\/\\\/www.bellunopress.it\\\/2022\\\/11\\\/24\\\/taglio-del-cuneo-fiscale-trabucco-un-buon-punto-di-partenza-ma-manca-la-visione-di-una-redistribuzione-del-prelievo\\\/\"},\"wordCount\":282,\"publisher\":{\"@id\":\"https:\\\/\\\/www.bellunopress.it\\\/#organization\"},\"image\":{\"@id\":\"https:\\\/\\\/www.bellunopress.it\\\/2022\\\/11\\\/24\\\/taglio-del-cuneo-fiscale-trabucco-un-buon-punto-di-partenza-ma-manca-la-visione-di-una-redistribuzione-del-prelievo\\\/#primaryimage\"},\"thumbnailUrl\":\"https:\\\/\\\/www.bellunopress.it\\\/wp-content\\\/uploads\\\/2020\\\/09\\\/Parlamento_edited.jpg\",\"articleSection\":[\"Cronaca\\\/Politica\"],\"inLanguage\":\"fr-FR\"},{\"@type\":\"WebPage\",\"@id\":\"https:\\\/\\\/www.bellunopress.it\\\/2022\\\/11\\\/24\\\/taglio-del-cuneo-fiscale-trabucco-un-buon-punto-di-partenza-ma-manca-la-visione-di-una-redistribuzione-del-prelievo\\\/\",\"url\":\"https:\\\/\\\/www.bellunopress.it\\\/2022\\\/11\\\/24\\\/taglio-del-cuneo-fiscale-trabucco-un-buon-punto-di-partenza-ma-manca-la-visione-di-una-redistribuzione-del-prelievo\\\/\",\"name\":\"Taglio del cuneo fiscale. Trabucco: \\\"Un buon punto di partenza ma manca la visione di una redistribuzione del prelievo\\\" - Bellunopress - Dolomiti\",\"isPartOf\":{\"@id\":\"https:\\\/\\\/www.bellunopress.it\\\/#website\"},\"primaryImageOfPage\":{\"@id\":\"https:\\\/\\\/www.bellunopress.it\\\/2022\\\/11\\\/24\\\/taglio-del-cuneo-fiscale-trabucco-un-buon-punto-di-partenza-ma-manca-la-visione-di-una-redistribuzione-del-prelievo\\\/#primaryimage\"},\"image\":{\"@id\":\"https:\\\/\\\/www.bellunopress.it\\\/2022\\\/11\\\/24\\\/taglio-del-cuneo-fiscale-trabucco-un-buon-punto-di-partenza-ma-manca-la-visione-di-una-redistribuzione-del-prelievo\\\/#primaryimage\"},\"thumbnailUrl\":\"https:\\\/\\\/www.bellunopress.it\\\/wp-content\\\/uploads\\\/2020\\\/09\\\/Parlamento_edited.jpg\",\"datePublished\":\"2022-11-24T06:17:08+00:00\",\"breadcrumb\":{\"@id\":\"https:\\\/\\\/www.bellunopress.it\\\/2022\\\/11\\\/24\\\/taglio-del-cuneo-fiscale-trabucco-un-buon-punto-di-partenza-ma-manca-la-visione-di-una-redistribuzione-del-prelievo\\\/#breadcrumb\"},\"inLanguage\":\"fr-FR\",\"potentialAction\":[{\"@type\":\"ReadAction\",\"target\":[\"https:\\\/\\\/www.bellunopress.it\\\/2022\\\/11\\\/24\\\/taglio-del-cuneo-fiscale-trabucco-un-buon-punto-di-partenza-ma-manca-la-visione-di-una-redistribuzione-del-prelievo\\\/\"]}]},{\"@type\":\"ImageObject\",\"inLanguage\":\"fr-FR\",\"@id\":\"https:\\\/\\\/www.bellunopress.it\\\/2022\\\/11\\\/24\\\/taglio-del-cuneo-fiscale-trabucco-un-buon-punto-di-partenza-ma-manca-la-visione-di-una-redistribuzione-del-prelievo\\\/#primaryimage\",\"url\":\"https:\\\/\\\/www.bellunopress.it\\\/wp-content\\\/uploads\\\/2020\\\/09\\\/Parlamento_edited.jpg\",\"contentUrl\":\"https:\\\/\\\/www.bellunopress.it\\\/wp-content\\\/uploads\\\/2020\\\/09\\\/Parlamento_edited.jpg\",\"width\":800,\"height\":600},{\"@type\":\"BreadcrumbList\",\"@id\":\"https:\\\/\\\/www.bellunopress.it\\\/2022\\\/11\\\/24\\\/taglio-del-cuneo-fiscale-trabucco-un-buon-punto-di-partenza-ma-manca-la-visione-di-una-redistribuzione-del-prelievo\\\/#breadcrumb\",\"itemListElement\":[{\"@type\":\"ListItem\",\"position\":1,\"name\":\"Home\",\"item\":\"https:\\\/\\\/www.bellunopress.it\\\/\"},{\"@type\":\"ListItem\",\"position\":2,\"name\":\"Taglio del cuneo fiscale. Trabucco: &#8220;Un buon punto di partenza ma manca la visione di una redistribuzione del prelievo&#8221;\"}]},{\"@type\":\"WebSite\",\"@id\":\"https:\\\/\\\/www.bellunopress.it\\\/#website\",\"url\":\"https:\\\/\\\/www.bellunopress.it\\\/\",\"name\":\"Bellunopress - Dolomiti\",\"description\":\"e-mail: redazione@bellunopress.it\",\"publisher\":{\"@id\":\"https:\\\/\\\/www.bellunopress.it\\\/#organization\"},\"potentialAction\":[{\"@type\":\"SearchAction\",\"target\":{\"@type\":\"EntryPoint\",\"urlTemplate\":\"https:\\\/\\\/www.bellunopress.it\\\/?s={search_term_string}\"},\"query-input\":{\"@type\":\"PropertyValueSpecification\",\"valueRequired\":true,\"valueName\":\"search_term_string\"}}],\"inLanguage\":\"fr-FR\"},{\"@type\":\"Organization\",\"@id\":\"https:\\\/\\\/www.bellunopress.it\\\/#organization\",\"name\":\"Bellunopress\",\"url\":\"https:\\\/\\\/www.bellunopress.it\\\/\",\"logo\":{\"@type\":\"ImageObject\",\"inLanguage\":\"fr-FR\",\"@id\":\"https:\\\/\\\/www.bellunopress.it\\\/#\\\/schema\\\/logo\\\/image\\\/\",\"url\":\"https:\\\/\\\/www.bellunopress.it\\\/wp-content\\\/uploads\\\/2011\\\/05\\\/cropped-logo-bellunopress-.jpg\",\"contentUrl\":\"https:\\\/\\\/www.bellunopress.it\\\/wp-content\\\/uploads\\\/2011\\\/05\\\/cropped-logo-bellunopress-.jpg\",\"width\":512,\"height\":512,\"caption\":\"Bellunopress\"},\"image\":{\"@id\":\"https:\\\/\\\/www.bellunopress.it\\\/#\\\/schema\\\/logo\\\/image\\\/\"},\"sameAs\":[\"https:\\\/\\\/www.facebook.com\\\/profile.php?id=100008943462799\",\"https:\\\/\\\/x.com\\\/bellunopress\",\"https:\\\/\\\/www.linkedin.com\\\/hp\\\/?dnr=JBzUWaJfMUw8vbXJJ2tVW5-I3jZKvC4wsoxE&amp;amp;amp;amp;amp;amp;trk=nav_responsive_tab_home\",\"https:\\\/\\\/www.youtube.com\\\/channel\\\/UCxL0wu1uN0_3_7hGG0306cw\"]},{\"@type\":\"Person\",\"@id\":\"https:\\\/\\\/www.bellunopress.it\\\/#\\\/schema\\\/person\\\/79bb06722b37ece1c03d3e94beb30d73\",\"name\":\"redazione\",\"image\":{\"@type\":\"ImageObject\",\"inLanguage\":\"fr-FR\",\"@id\":\"https:\\\/\\\/secure.gravatar.com\\\/avatar\\\/37d968a2e67a6fd04c169c4bdef102d0bc5d31b2546345219e348575eb80e9a0?s=96&d=mm&r=g\",\"url\":\"https:\\\/\\\/secure.gravatar.com\\\/avatar\\\/37d968a2e67a6fd04c169c4bdef102d0bc5d31b2546345219e348575eb80e9a0?s=96&d=mm&r=g\",\"contentUrl\":\"https:\\\/\\\/secure.gravatar.com\\\/avatar\\\/37d968a2e67a6fd04c169c4bdef102d0bc5d31b2546345219e348575eb80e9a0?s=96&d=mm&r=g\",\"caption\":\"redazione\"},\"sameAs\":[\"http:\\\/\\\/www.bellunopress.it\",\"https:\\\/\\\/x.com\\\/bellunopress\"],\"url\":\"https:\\\/\\\/www.bellunopress.it\\\/fr\\\/author\\\/redazione\\\/\"}]}<\/script>\n<!-- \/ Yoast SEO plugin. -->","yoast_head_json":{"title":"Taglio del cuneo fiscale. Trabucco: \"Un buon punto di partenza ma manca la visione di una redistribuzione del prelievo\" - Bellunopress - Dolomiti","robots":{"index":"index","follow":"follow","max-snippet":"max-snippet:-1","max-image-preview":"max-image-preview:large","max-video-preview":"max-video-preview:-1"},"canonical":"https:\/\/www.bellunopress.it\/fr\/2022\/11\/24\/taglio-del-cuneo-fiscale-trabucco-un-buon-punto-di-partenza-ma-manca-la-visione-di-una-redistribuzione-del-prelievo\/","og_locale":"fr_FR","og_type":"article","og_title":"Taglio del cuneo fiscale. Trabucco: \"Un buon punto di partenza ma manca la visione di una redistribuzione del prelievo\" - Bellunopress - Dolomiti","og_description":"Il Consiglio dei Ministri n. 5 del 21 novembre 2022 ha approvato la manovra per l&#8217;anno solare 2023. Tra le novit\u00e0 si segnala il taglio del c.d. cuneo fiscale. Partiamo dalla definizione: il cuneo fiscale \u00e8 la differenza tra l&#8217;importo lordo e quello netto all&#8217;interno della busta paga. Il provvedimento prevede il taglio del 2% [&hellip;]","og_url":"https:\/\/www.bellunopress.it\/fr\/2022\/11\/24\/taglio-del-cuneo-fiscale-trabucco-un-buon-punto-di-partenza-ma-manca-la-visione-di-una-redistribuzione-del-prelievo\/","og_site_name":"Bellunopress - Dolomiti","article_publisher":"https:\/\/www.facebook.com\/profile.php?id=100008943462799","article_published_time":"2022-11-24T06:17:08+00:00","og_image":[{"width":800,"height":600,"url":"https:\/\/www.bellunopress.it\/wp-content\/uploads\/2020\/09\/Parlamento_edited.jpg","type":"image\/jpeg"}],"author":"redazione","twitter_card":"summary_large_image","twitter_creator":"@bellunopress","twitter_site":"@bellunopress","twitter_misc":{"\u00c9crit par":"redazione","Dur\u00e9e de lecture estim\u00e9e":"2 minutes"},"schema":{"@context":"https:\/\/schema.org","@graph":[{"@type":"Article","@id":"https:\/\/www.bellunopress.it\/2022\/11\/24\/taglio-del-cuneo-fiscale-trabucco-un-buon-punto-di-partenza-ma-manca-la-visione-di-una-redistribuzione-del-prelievo\/#article","isPartOf":{"@id":"https:\/\/www.bellunopress.it\/2022\/11\/24\/taglio-del-cuneo-fiscale-trabucco-un-buon-punto-di-partenza-ma-manca-la-visione-di-una-redistribuzione-del-prelievo\/"},"author":{"name":"redazione","@id":"https:\/\/www.bellunopress.it\/#\/schema\/person\/79bb06722b37ece1c03d3e94beb30d73"},"headline":"Taglio del cuneo fiscale. Trabucco: &#8220;Un buon punto di partenza ma manca la visione di una redistribuzione del prelievo&#8221;","datePublished":"2022-11-24T06:17:08+00:00","mainEntityOfPage":{"@id":"https:\/\/www.bellunopress.it\/2022\/11\/24\/taglio-del-cuneo-fiscale-trabucco-un-buon-punto-di-partenza-ma-manca-la-visione-di-una-redistribuzione-del-prelievo\/"},"wordCount":282,"publisher":{"@id":"https:\/\/www.bellunopress.it\/#organization"},"image":{"@id":"https:\/\/www.bellunopress.it\/2022\/11\/24\/taglio-del-cuneo-fiscale-trabucco-un-buon-punto-di-partenza-ma-manca-la-visione-di-una-redistribuzione-del-prelievo\/#primaryimage"},"thumbnailUrl":"https:\/\/www.bellunopress.it\/wp-content\/uploads\/2020\/09\/Parlamento_edited.jpg","articleSection":["Cronaca\/Politica"],"inLanguage":"fr-FR"},{"@type":"WebPage","@id":"https:\/\/www.bellunopress.it\/2022\/11\/24\/taglio-del-cuneo-fiscale-trabucco-un-buon-punto-di-partenza-ma-manca-la-visione-di-una-redistribuzione-del-prelievo\/","url":"https:\/\/www.bellunopress.it\/2022\/11\/24\/taglio-del-cuneo-fiscale-trabucco-un-buon-punto-di-partenza-ma-manca-la-visione-di-una-redistribuzione-del-prelievo\/","name":"Taglio del cuneo fiscale. Trabucco: \"Un buon punto di partenza ma manca la visione di una redistribuzione del prelievo\" - Bellunopress - Dolomiti","isPartOf":{"@id":"https:\/\/www.bellunopress.it\/#website"},"primaryImageOfPage":{"@id":"https:\/\/www.bellunopress.it\/2022\/11\/24\/taglio-del-cuneo-fiscale-trabucco-un-buon-punto-di-partenza-ma-manca-la-visione-di-una-redistribuzione-del-prelievo\/#primaryimage"},"image":{"@id":"https:\/\/www.bellunopress.it\/2022\/11\/24\/taglio-del-cuneo-fiscale-trabucco-un-buon-punto-di-partenza-ma-manca-la-visione-di-una-redistribuzione-del-prelievo\/#primaryimage"},"thumbnailUrl":"https:\/\/www.bellunopress.it\/wp-content\/uploads\/2020\/09\/Parlamento_edited.jpg","datePublished":"2022-11-24T06:17:08+00:00","breadcrumb":{"@id":"https:\/\/www.bellunopress.it\/2022\/11\/24\/taglio-del-cuneo-fiscale-trabucco-un-buon-punto-di-partenza-ma-manca-la-visione-di-una-redistribuzione-del-prelievo\/#breadcrumb"},"inLanguage":"fr-FR","potentialAction":[{"@type":"ReadAction","target":["https:\/\/www.bellunopress.it\/2022\/11\/24\/taglio-del-cuneo-fiscale-trabucco-un-buon-punto-di-partenza-ma-manca-la-visione-di-una-redistribuzione-del-prelievo\/"]}]},{"@type":"ImageObject","inLanguage":"fr-FR","@id":"https:\/\/www.bellunopress.it\/2022\/11\/24\/taglio-del-cuneo-fiscale-trabucco-un-buon-punto-di-partenza-ma-manca-la-visione-di-una-redistribuzione-del-prelievo\/#primaryimage","url":"https:\/\/www.bellunopress.it\/wp-content\/uploads\/2020\/09\/Parlamento_edited.jpg","contentUrl":"https:\/\/www.bellunopress.it\/wp-content\/uploads\/2020\/09\/Parlamento_edited.jpg","width":800,"height":600},{"@type":"BreadcrumbList","@id":"https:\/\/www.bellunopress.it\/2022\/11\/24\/taglio-del-cuneo-fiscale-trabucco-un-buon-punto-di-partenza-ma-manca-la-visione-di-una-redistribuzione-del-prelievo\/#breadcrumb","itemListElement":[{"@type":"ListItem","position":1,"name":"Home","item":"https:\/\/www.bellunopress.it\/"},{"@type":"ListItem","position":2,"name":"Taglio del cuneo fiscale. Trabucco: &#8220;Un buon punto di partenza ma manca la visione di una redistribuzione del prelievo&#8221;"}]},{"@type":"WebSite","@id":"https:\/\/www.bellunopress.it\/#website","url":"https:\/\/www.bellunopress.it\/","name":"Bellunopress - Dolomiti","description":"e-mail: redazione@bellunopress.it","publisher":{"@id":"https:\/\/www.bellunopress.it\/#organization"},"potentialAction":[{"@type":"SearchAction","target":{"@type":"EntryPoint","urlTemplate":"https:\/\/www.bellunopress.it\/?s={search_term_string}"},"query-input":{"@type":"PropertyValueSpecification","valueRequired":true,"valueName":"search_term_string"}}],"inLanguage":"fr-FR"},{"@type":"Organization","@id":"https:\/\/www.bellunopress.it\/#organization","name":"Bellunopress","url":"https:\/\/www.bellunopress.it\/","logo":{"@type":"ImageObject","inLanguage":"fr-FR","@id":"https:\/\/www.bellunopress.it\/#\/schema\/logo\/image\/","url":"https:\/\/www.bellunopress.it\/wp-content\/uploads\/2011\/05\/cropped-logo-bellunopress-.jpg","contentUrl":"https:\/\/www.bellunopress.it\/wp-content\/uploads\/2011\/05\/cropped-logo-bellunopress-.jpg","width":512,"height":512,"caption":"Bellunopress"},"image":{"@id":"https:\/\/www.bellunopress.it\/#\/schema\/logo\/image\/"},"sameAs":["https:\/\/www.facebook.com\/profile.php?id=100008943462799","https:\/\/x.com\/bellunopress","https:\/\/www.linkedin.com\/hp\/?dnr=JBzUWaJfMUw8vbXJJ2tVW5-I3jZKvC4wsoxE&amp;amp;amp;amp;amp;amp;trk=nav_responsive_tab_home","https:\/\/www.youtube.com\/channel\/UCxL0wu1uN0_3_7hGG0306cw"]},{"@type":"Person","@id":"https:\/\/www.bellunopress.it\/#\/schema\/person\/79bb06722b37ece1c03d3e94beb30d73","name":"r\u00e9daction","image":{"@type":"ImageObject","inLanguage":"fr-FR","@id":"https:\/\/secure.gravatar.com\/avatar\/37d968a2e67a6fd04c169c4bdef102d0bc5d31b2546345219e348575eb80e9a0?s=96&d=mm&r=g","url":"https:\/\/secure.gravatar.com\/avatar\/37d968a2e67a6fd04c169c4bdef102d0bc5d31b2546345219e348575eb80e9a0?s=96&d=mm&r=g","contentUrl":"https:\/\/secure.gravatar.com\/avatar\/37d968a2e67a6fd04c169c4bdef102d0bc5d31b2546345219e348575eb80e9a0?s=96&d=mm&r=g","caption":"redazione"},"sameAs":["http:\/\/www.bellunopress.it","https:\/\/x.com\/bellunopress"],"url":"https:\/\/www.bellunopress.it\/fr\/author\/redazione\/"}]}},"_links":{"self":[{"href":"https:\/\/www.bellunopress.it\/fr\/wp-json\/wp\/v2\/posts\/137908","targetHints":{"allow":["GET"]}}],"collection":[{"href":"https:\/\/www.bellunopress.it\/fr\/wp-json\/wp\/v2\/posts"}],"about":[{"href":"https:\/\/www.bellunopress.it\/fr\/wp-json\/wp\/v2\/types\/post"}],"author":[{"embeddable":true,"href":"https:\/\/www.bellunopress.it\/fr\/wp-json\/wp\/v2\/users\/2"}],"replies":[{"embeddable":true,"href":"https:\/\/www.bellunopress.it\/fr\/wp-json\/wp\/v2\/comments?post=137908"}],"version-history":[{"count":1,"href":"https:\/\/www.bellunopress.it\/fr\/wp-json\/wp\/v2\/posts\/137908\/revisions"}],"predecessor-version":[{"id":137909,"href":"https:\/\/www.bellunopress.it\/fr\/wp-json\/wp\/v2\/posts\/137908\/revisions\/137909"}],"wp:featuredmedia":[{"embeddable":true,"href":"https:\/\/www.bellunopress.it\/fr\/wp-json\/wp\/v2\/media\/117756"}],"wp:attachment":[{"href":"https:\/\/www.bellunopress.it\/fr\/wp-json\/wp\/v2\/media?parent=137908"}],"wp:term":[{"taxonomy":"category","embeddable":true,"href":"https:\/\/www.bellunopress.it\/fr\/wp-json\/wp\/v2\/categories?post=137908"},{"taxonomy":"post_tag","embeddable":true,"href":"https:\/\/www.bellunopress.it\/fr\/wp-json\/wp\/v2\/tags?post=137908"}],"curies":[{"name":"wp","href":"https:\/\/api.w.org\/{rel}","templated":true}]}}