{"id":137899,"date":"2022-11-25T06:55:00","date_gmt":"2022-11-25T05:55:00","guid":{"rendered":"https:\/\/www.bellunopress.it\/?p=137899"},"modified":"2022-11-23T19:13:33","modified_gmt":"2022-11-23T18:13:33","slug":"non-una-di-meno-belluno-lettera-aperta-alle-autorita","status":"publish","type":"post","link":"https:\/\/www.bellunopress.it\/fr\/2022\/11\/25\/non-una-di-meno-belluno-lettera-aperta-alle-autorita\/","title":{"rendered":"Non una di meno Belluno. Lettera aperta alle autorit\u00e0"},"content":{"rendered":"<p><img loading=\"lazy\" decoding=\"async\" class=\"alignleft size-full wp-image-137900\" src=\"https:\/\/www.bellunopress.it\/wp-content\/uploads\/2022\/11\/Non-Una-di-Meno_edited.jpg\" alt=\"\" width=\"1000\" height=\"620\" srcset=\"https:\/\/www.bellunopress.it\/wp-content\/uploads\/2022\/11\/Non-Una-di-Meno_edited.jpg 1000w, https:\/\/www.bellunopress.it\/wp-content\/uploads\/2022\/11\/Non-Una-di-Meno_edited-500x310.jpg 500w, https:\/\/www.bellunopress.it\/wp-content\/uploads\/2022\/11\/Non-Una-di-Meno_edited-696x432.jpg 696w, https:\/\/www.bellunopress.it\/wp-content\/uploads\/2022\/11\/Non-Una-di-Meno_edited-677x420.jpg 677w, https:\/\/www.bellunopress.it\/wp-content\/uploads\/2022\/11\/Non-Una-di-Meno_edited-356x220.jpg 356w\" sizes=\"auto, (max-width: 1000px) 100vw, 1000px\" \/>Belluno 25 novembre 2022<\/p>\n<p>Al Prefetto di Belluno<br \/>\nAlla Questura di Belluno<br \/>\nAl Comando Provinciale dei Carabinieri di Belluno<br \/>\nAlla Direzione Generale ULSS 1 di Belluno<\/p>\n<p>\u201cTengo con la mano destra la giacca chiusa sui seni scoperti. E\u2019 quasi scuro. Dove<br \/>\nsolo? Al parco. Mi sento male\u2026 nel senso che mi sento svenire\u2026non solo per il<br \/>\ndolore fisico in tutto il corpo, ma per lo schifo\u2026 per l\u2019umiliazione\u2026per le mille<br \/>\nsputate che ho ricevuto nel cervello\u2026 per lo sperma che mi sento uscire. Appoggio la testa a un albero\u2026 mi fanno male anche i capelli\u2026me li tiravano per<br \/>\ntenermi ferma la testa. Mi passo la mano sulla faccia\u2026 \u00e8 sporca di sangue. Alzo il collo della<br \/>\ngiacca. Cammino. Cammino non so per quanto tempo. Senza accorgermi, mi ritrovo davanti alla Questura. Appoggiata al muro del palazzo di fronte, la sto a guardare<br \/>\nper un bel pezzo. Penso a quello che dovrei affrontare se<br \/>\nentrassi ora\u2026 Sento le loro domande. Vedo le loro facce\u2026i<br \/>\nloro mezzi sorrisi\u2026Penso e ci ripenso\u2026 Poi mi decido\u2026Torno a casa&#8230; Li denuncer\u00f2<br \/>\ndomani&#8230; Buio \u201c<\/p>\n<p>Iniziamo questa lettera aperta con la parte finale del racconto della violenza subita da Franca Rame perch\u00e9 crediamo tocchino le parti pi\u00f9 profonde di chi come noi, fra<br \/>\ntante, leggiamo o abbiamo subito una maltrattamento o ancor pi\u00f9 una violenza<br \/>\nsessuale. Come tante donne vittime di violenza il primo pensiero che le attanaglia \u00e8 la<br \/>\nvergogna , \u00e8 la necessit\u00e0 di essere capita, creduta, \u00e8 di essere \u201caccolte\u201d. L\u2019accoglienza \u00e8 il primo momento in cui si costruisce la relazione tra la donne che hanno subito violenza e gli\/le operatori\/trici del servizio. La caratteristica di questa relazione \u201c di reciprocit\u00e0\u201d \u00e8 dal punto di vista della vittima il sentirsi appunto accolta, ascoltata. La donna che ha subito violenza, ancor pi\u00f9 se si tratta di violenza sessuale, deve percepire che ha trovato il luogo giusto dove raccontare la propria storia, dove essere rassicurata sulla sua non responsabilit\u00e0 rispetto all\u2019accaduto e chela sua esperienza \u00e8 ritenuta credibile. Ha bisogno di sentirsi rassicurata perch\u00e9 i \u201ctecnici\u201d a cui si \u00e8 affidata sono competenti e il luogo in cui si trova \u00e8 \u201cprotetto\u201d da occhi altri .<br \/>\nLa donna che subisce violenza DEVE essere protetta per ridurre il suo forte disagiopsico-fisico. In questa lettera non vogliamo parlare di raccomandazione del rapporto dell\u2019OMS che auspica trattamenti idonei per garantire assistenza di qualit\u00e0 e servizi di diagnosi efficaci alle donne oggetto di violenza . In questa lettera non vogliamo addentrarci nel \u201cprotocollo d\u2019Intesa\u201d per la costituzione di \u201cuna task-force interistituzionale\u201d redatta da Codesta Prefettura di Belluno e condivisa con altri enti (alcuni del quali destinatari appunto della nostra lettera). In questa lettera non vogliamo porre critiche al percorso dedicato a donne vittime di violenza denominato \u201cPercorso Rosa\u201d. Desideriamo per\u00f2 porre alla Vs attenzione che ogni donna che si rivolge con &#8211; Accesso diretto al Pronto Soccorso degli ospedali bellunesi &#8211; Accesso attraverso l\u2019intervento del 118 &#8211; Accesso accompagnata dalle Forze dell\u2019Ordine Abbia diritto ALLA RISERVATEZZA ALLA PRIVACY<br \/>\nE che quindi l\u2019accoglienza e tutto il suo percorso dal momento dell\u2019arrivo in Pronto Soccorso allo spostamento all\u2019interno dell\u2019Ospedale per consulenze o approfondimenti venga presa in carico da personale dedicato e non in uniforme. Vedere passare una donna \u201cdisperata\u201d nei reparti accompagnata da poliziotti INDIVISA NON E\u2019 RISEVATEZZA NE\u2019 PRIVACY.\u00a0Vedere sostare in sala d\u2019attesa con altre persone la donna \u201cdisperata\u201d NONE\u2019 RISERVATEZZA NE\u2019 PRIVACY. Auspichiamo quindi che se QUESTO E\u2019 AVVENUTO sia da verificare e soprattutto siano necessarie strategie e raccomandazioni (peraltro non ne dovremmo ravvisare la necessit\u00e0 !!) affinch\u00e9 la donna che ha subito violenza non si senta al BUIO e<br \/>\nRIMANDI AL DOMANI il suo percorso di soluzione alle conseguenze fisiche e<br \/>\nmentali.<\/p>\n<p><strong>NON UNA DI MENO BELLUNO<\/strong><\/p>","protected":false},"excerpt":{"rendered":"<p>Belluno 25 novembre 2022 Al Prefetto di Belluno Alla Questura di Belluno Al Comando Provinciale dei Carabinieri di Belluno Alla Direzione Generale ULSS 1 di Belluno \u201cTengo con la mano destra la giacca chiusa sui seni scoperti. E\u2019 quasi scuro. Dove solo? Al parco. Mi sento male\u2026 nel senso che mi sento svenire\u2026non solo per [&hellip;]<\/p>\n","protected":false},"author":2,"featured_media":137900,"comment_status":"closed","ping_status":"open","sticky":false,"template":"","format":"standard","meta":{"footnotes":""},"categories":[1,26,8],"tags":[],"class_list":["post-137899","post","type-post","status-publish","format-standard","has-post-thumbnail","category-leo","category-prima-pagina","category-societa-istituzioni"],"yoast_head":"<!-- This site is optimized with the Yoast SEO plugin v28.4 - https:\/\/yoast.com\/product\/yoast-seo-wordpress\/ -->\n<title>Non una di meno Belluno. Lettera aperta alle autorit\u00e0 - Bellunopress - Dolomiti<\/title>\n<meta name=\"robots\" content=\"index, follow, max-snippet:-1, max-image-preview:large, max-video-preview:-1\" \/>\n<link rel=\"canonical\" href=\"https:\/\/www.bellunopress.it\/fr\/2022\/11\/25\/non-una-di-meno-belluno-lettera-aperta-alle-autorita\/\" \/>\n<meta property=\"og:locale\" content=\"fr_FR\" \/>\n<meta property=\"og:type\" content=\"article\" \/>\n<meta property=\"og:title\" content=\"Non una di meno Belluno. Lettera aperta alle autorit\u00e0 - Bellunopress - Dolomiti\" \/>\n<meta property=\"og:description\" content=\"Belluno 25 novembre 2022 Al Prefetto di Belluno Alla Questura di Belluno Al Comando Provinciale dei Carabinieri di Belluno Alla Direzione Generale ULSS 1 di Belluno \u201cTengo con la mano destra la giacca chiusa sui seni scoperti. E\u2019 quasi scuro. Dove solo? Al parco. Mi sento male\u2026 nel senso che mi sento svenire\u2026non solo per [&hellip;]\" \/>\n<meta property=\"og:url\" content=\"https:\/\/www.bellunopress.it\/fr\/2022\/11\/25\/non-una-di-meno-belluno-lettera-aperta-alle-autorita\/\" \/>\n<meta property=\"og:site_name\" content=\"Bellunopress - Dolomiti\" \/>\n<meta property=\"article:publisher\" content=\"https:\/\/www.facebook.com\/profile.php?id=100008943462799\" \/>\n<meta property=\"article:published_time\" content=\"2022-11-25T05:55:00+00:00\" \/>\n<meta property=\"og:image\" content=\"https:\/\/www.bellunopress.it\/wp-content\/uploads\/2022\/11\/Non-Una-di-Meno_edited.jpg\" \/>\n\t<meta property=\"og:image:width\" content=\"1000\" \/>\n\t<meta property=\"og:image:height\" content=\"620\" \/>\n\t<meta property=\"og:image:type\" content=\"image\/jpeg\" \/>\n<meta name=\"author\" content=\"redazione\" \/>\n<meta name=\"twitter:card\" content=\"summary_large_image\" \/>\n<meta name=\"twitter:creator\" content=\"@bellunopress\" \/>\n<meta name=\"twitter:site\" content=\"@bellunopress\" \/>\n<meta name=\"twitter:label1\" content=\"Written by\" \/>\n\t<meta name=\"twitter:data1\" content=\"redazione\" \/>\n\t<meta name=\"twitter:label2\" content=\"Est. reading time\" \/>\n\t<meta name=\"twitter:data2\" content=\"4 minutes\" \/>\n<script type=\"application\/ld+json\" class=\"yoast-schema-graph\">{\"@context\":\"https:\\\/\\\/schema.org\",\"@graph\":[{\"@type\":\"Article\",\"@id\":\"https:\\\/\\\/www.bellunopress.it\\\/2022\\\/11\\\/25\\\/non-una-di-meno-belluno-lettera-aperta-alle-autorita\\\/#article\",\"isPartOf\":{\"@id\":\"https:\\\/\\\/www.bellunopress.it\\\/2022\\\/11\\\/25\\\/non-una-di-meno-belluno-lettera-aperta-alle-autorita\\\/\"},\"author\":{\"name\":\"redazione\",\"@id\":\"https:\\\/\\\/www.bellunopress.it\\\/#\\\/schema\\\/person\\\/79bb06722b37ece1c03d3e94beb30d73\"},\"headline\":\"Non una di meno Belluno. Lettera aperta alle autorit\u00e0\",\"datePublished\":\"2022-11-25T05:55:00+00:00\",\"mainEntityOfPage\":{\"@id\":\"https:\\\/\\\/www.bellunopress.it\\\/2022\\\/11\\\/25\\\/non-una-di-meno-belluno-lettera-aperta-alle-autorita\\\/\"},\"wordCount\":630,\"publisher\":{\"@id\":\"https:\\\/\\\/www.bellunopress.it\\\/#organization\"},\"image\":{\"@id\":\"https:\\\/\\\/www.bellunopress.it\\\/2022\\\/11\\\/25\\\/non-una-di-meno-belluno-lettera-aperta-alle-autorita\\\/#primaryimage\"},\"thumbnailUrl\":\"https:\\\/\\\/www.bellunopress.it\\\/wp-content\\\/uploads\\\/2022\\\/11\\\/Non-Una-di-Meno_edited.jpg\",\"articleSection\":[\"Lettere Opinioni\",\"Prima Pagina\",\"Societ\u00e0, Associazioni, Istituzioni\"],\"inLanguage\":\"fr-FR\"},{\"@type\":\"WebPage\",\"@id\":\"https:\\\/\\\/www.bellunopress.it\\\/2022\\\/11\\\/25\\\/non-una-di-meno-belluno-lettera-aperta-alle-autorita\\\/\",\"url\":\"https:\\\/\\\/www.bellunopress.it\\\/2022\\\/11\\\/25\\\/non-una-di-meno-belluno-lettera-aperta-alle-autorita\\\/\",\"name\":\"Non una di meno Belluno. Lettera aperta alle autorit\u00e0 - Bellunopress - Dolomiti\",\"isPartOf\":{\"@id\":\"https:\\\/\\\/www.bellunopress.it\\\/#website\"},\"primaryImageOfPage\":{\"@id\":\"https:\\\/\\\/www.bellunopress.it\\\/2022\\\/11\\\/25\\\/non-una-di-meno-belluno-lettera-aperta-alle-autorita\\\/#primaryimage\"},\"image\":{\"@id\":\"https:\\\/\\\/www.bellunopress.it\\\/2022\\\/11\\\/25\\\/non-una-di-meno-belluno-lettera-aperta-alle-autorita\\\/#primaryimage\"},\"thumbnailUrl\":\"https:\\\/\\\/www.bellunopress.it\\\/wp-content\\\/uploads\\\/2022\\\/11\\\/Non-Una-di-Meno_edited.jpg\",\"datePublished\":\"2022-11-25T05:55:00+00:00\",\"breadcrumb\":{\"@id\":\"https:\\\/\\\/www.bellunopress.it\\\/2022\\\/11\\\/25\\\/non-una-di-meno-belluno-lettera-aperta-alle-autorita\\\/#breadcrumb\"},\"inLanguage\":\"fr-FR\",\"potentialAction\":[{\"@type\":\"ReadAction\",\"target\":[\"https:\\\/\\\/www.bellunopress.it\\\/2022\\\/11\\\/25\\\/non-una-di-meno-belluno-lettera-aperta-alle-autorita\\\/\"]}]},{\"@type\":\"ImageObject\",\"inLanguage\":\"fr-FR\",\"@id\":\"https:\\\/\\\/www.bellunopress.it\\\/2022\\\/11\\\/25\\\/non-una-di-meno-belluno-lettera-aperta-alle-autorita\\\/#primaryimage\",\"url\":\"https:\\\/\\\/www.bellunopress.it\\\/wp-content\\\/uploads\\\/2022\\\/11\\\/Non-Una-di-Meno_edited.jpg\",\"contentUrl\":\"https:\\\/\\\/www.bellunopress.it\\\/wp-content\\\/uploads\\\/2022\\\/11\\\/Non-Una-di-Meno_edited.jpg\",\"width\":1000,\"height\":620},{\"@type\":\"BreadcrumbList\",\"@id\":\"https:\\\/\\\/www.bellunopress.it\\\/2022\\\/11\\\/25\\\/non-una-di-meno-belluno-lettera-aperta-alle-autorita\\\/#breadcrumb\",\"itemListElement\":[{\"@type\":\"ListItem\",\"position\":1,\"name\":\"Home\",\"item\":\"https:\\\/\\\/www.bellunopress.it\\\/\"},{\"@type\":\"ListItem\",\"position\":2,\"name\":\"Non una di meno Belluno. Lettera aperta alle autorit\u00e0\"}]},{\"@type\":\"WebSite\",\"@id\":\"https:\\\/\\\/www.bellunopress.it\\\/#website\",\"url\":\"https:\\\/\\\/www.bellunopress.it\\\/\",\"name\":\"Bellunopress - Dolomiti\",\"description\":\"e-mail: redazione@bellunopress.it\",\"publisher\":{\"@id\":\"https:\\\/\\\/www.bellunopress.it\\\/#organization\"},\"potentialAction\":[{\"@type\":\"SearchAction\",\"target\":{\"@type\":\"EntryPoint\",\"urlTemplate\":\"https:\\\/\\\/www.bellunopress.it\\\/?s={search_term_string}\"},\"query-input\":{\"@type\":\"PropertyValueSpecification\",\"valueRequired\":true,\"valueName\":\"search_term_string\"}}],\"inLanguage\":\"fr-FR\"},{\"@type\":\"Organization\",\"@id\":\"https:\\\/\\\/www.bellunopress.it\\\/#organization\",\"name\":\"Bellunopress\",\"url\":\"https:\\\/\\\/www.bellunopress.it\\\/\",\"logo\":{\"@type\":\"ImageObject\",\"inLanguage\":\"fr-FR\",\"@id\":\"https:\\\/\\\/www.bellunopress.it\\\/#\\\/schema\\\/logo\\\/image\\\/\",\"url\":\"https:\\\/\\\/www.bellunopress.it\\\/wp-content\\\/uploads\\\/2011\\\/05\\\/cropped-logo-bellunopress-.jpg\",\"contentUrl\":\"https:\\\/\\\/www.bellunopress.it\\\/wp-content\\\/uploads\\\/2011\\\/05\\\/cropped-logo-bellunopress-.jpg\",\"width\":512,\"height\":512,\"caption\":\"Bellunopress\"},\"image\":{\"@id\":\"https:\\\/\\\/www.bellunopress.it\\\/#\\\/schema\\\/logo\\\/image\\\/\"},\"sameAs\":[\"https:\\\/\\\/www.facebook.com\\\/profile.php?id=100008943462799\",\"https:\\\/\\\/x.com\\\/bellunopress\",\"https:\\\/\\\/www.linkedin.com\\\/hp\\\/?dnr=JBzUWaJfMUw8vbXJJ2tVW5-I3jZKvC4wsoxE&amp;amp;amp;amp;amp;amp;trk=nav_responsive_tab_home\",\"https:\\\/\\\/www.youtube.com\\\/channel\\\/UCxL0wu1uN0_3_7hGG0306cw\"]},{\"@type\":\"Person\",\"@id\":\"https:\\\/\\\/www.bellunopress.it\\\/#\\\/schema\\\/person\\\/79bb06722b37ece1c03d3e94beb30d73\",\"name\":\"redazione\",\"image\":{\"@type\":\"ImageObject\",\"inLanguage\":\"fr-FR\",\"@id\":\"https:\\\/\\\/secure.gravatar.com\\\/avatar\\\/37d968a2e67a6fd04c169c4bdef102d0bc5d31b2546345219e348575eb80e9a0?s=96&d=mm&r=g\",\"url\":\"https:\\\/\\\/secure.gravatar.com\\\/avatar\\\/37d968a2e67a6fd04c169c4bdef102d0bc5d31b2546345219e348575eb80e9a0?s=96&d=mm&r=g\",\"contentUrl\":\"https:\\\/\\\/secure.gravatar.com\\\/avatar\\\/37d968a2e67a6fd04c169c4bdef102d0bc5d31b2546345219e348575eb80e9a0?s=96&d=mm&r=g\",\"caption\":\"redazione\"},\"sameAs\":[\"http:\\\/\\\/www.bellunopress.it\",\"https:\\\/\\\/x.com\\\/bellunopress\"],\"url\":\"https:\\\/\\\/www.bellunopress.it\\\/fr\\\/author\\\/redazione\\\/\"}]}<\/script>\n<!-- \/ Yoast SEO plugin. -->","yoast_head_json":{"title":"Non una di meno Belluno. Lettera aperta alle autorit\u00e0 - Bellunopress - Dolomiti","robots":{"index":"index","follow":"follow","max-snippet":"max-snippet:-1","max-image-preview":"max-image-preview:large","max-video-preview":"max-video-preview:-1"},"canonical":"https:\/\/www.bellunopress.it\/fr\/2022\/11\/25\/non-una-di-meno-belluno-lettera-aperta-alle-autorita\/","og_locale":"fr_FR","og_type":"article","og_title":"Non una di meno Belluno. Lettera aperta alle autorit\u00e0 - Bellunopress - Dolomiti","og_description":"Belluno 25 novembre 2022 Al Prefetto di Belluno Alla Questura di Belluno Al Comando Provinciale dei Carabinieri di Belluno Alla Direzione Generale ULSS 1 di Belluno \u201cTengo con la mano destra la giacca chiusa sui seni scoperti. E\u2019 quasi scuro. Dove solo? Al parco. Mi sento male\u2026 nel senso che mi sento svenire\u2026non solo per [&hellip;]","og_url":"https:\/\/www.bellunopress.it\/fr\/2022\/11\/25\/non-una-di-meno-belluno-lettera-aperta-alle-autorita\/","og_site_name":"Bellunopress - Dolomiti","article_publisher":"https:\/\/www.facebook.com\/profile.php?id=100008943462799","article_published_time":"2022-11-25T05:55:00+00:00","og_image":[{"width":1000,"height":620,"url":"https:\/\/www.bellunopress.it\/wp-content\/uploads\/2022\/11\/Non-Una-di-Meno_edited.jpg","type":"image\/jpeg"}],"author":"redazione","twitter_card":"summary_large_image","twitter_creator":"@bellunopress","twitter_site":"@bellunopress","twitter_misc":{"Written by":"redazione","Est. reading time":"4 minutes"},"schema":{"@context":"https:\/\/schema.org","@graph":[{"@type":"Article","@id":"https:\/\/www.bellunopress.it\/2022\/11\/25\/non-una-di-meno-belluno-lettera-aperta-alle-autorita\/#article","isPartOf":{"@id":"https:\/\/www.bellunopress.it\/2022\/11\/25\/non-una-di-meno-belluno-lettera-aperta-alle-autorita\/"},"author":{"name":"redazione","@id":"https:\/\/www.bellunopress.it\/#\/schema\/person\/79bb06722b37ece1c03d3e94beb30d73"},"headline":"Non una di meno Belluno. Lettera aperta alle autorit\u00e0","datePublished":"2022-11-25T05:55:00+00:00","mainEntityOfPage":{"@id":"https:\/\/www.bellunopress.it\/2022\/11\/25\/non-una-di-meno-belluno-lettera-aperta-alle-autorita\/"},"wordCount":630,"publisher":{"@id":"https:\/\/www.bellunopress.it\/#organization"},"image":{"@id":"https:\/\/www.bellunopress.it\/2022\/11\/25\/non-una-di-meno-belluno-lettera-aperta-alle-autorita\/#primaryimage"},"thumbnailUrl":"https:\/\/www.bellunopress.it\/wp-content\/uploads\/2022\/11\/Non-Una-di-Meno_edited.jpg","articleSection":["Lettere Opinioni","Prima Pagina","Societ\u00e0, Associazioni, Istituzioni"],"inLanguage":"fr-FR"},{"@type":"WebPage","@id":"https:\/\/www.bellunopress.it\/2022\/11\/25\/non-una-di-meno-belluno-lettera-aperta-alle-autorita\/","url":"https:\/\/www.bellunopress.it\/2022\/11\/25\/non-una-di-meno-belluno-lettera-aperta-alle-autorita\/","name":"Non una di meno Belluno. Lettera aperta alle autorit\u00e0 - Bellunopress - Dolomiti","isPartOf":{"@id":"https:\/\/www.bellunopress.it\/#website"},"primaryImageOfPage":{"@id":"https:\/\/www.bellunopress.it\/2022\/11\/25\/non-una-di-meno-belluno-lettera-aperta-alle-autorita\/#primaryimage"},"image":{"@id":"https:\/\/www.bellunopress.it\/2022\/11\/25\/non-una-di-meno-belluno-lettera-aperta-alle-autorita\/#primaryimage"},"thumbnailUrl":"https:\/\/www.bellunopress.it\/wp-content\/uploads\/2022\/11\/Non-Una-di-Meno_edited.jpg","datePublished":"2022-11-25T05:55:00+00:00","breadcrumb":{"@id":"https:\/\/www.bellunopress.it\/2022\/11\/25\/non-una-di-meno-belluno-lettera-aperta-alle-autorita\/#breadcrumb"},"inLanguage":"fr-FR","potentialAction":[{"@type":"ReadAction","target":["https:\/\/www.bellunopress.it\/2022\/11\/25\/non-una-di-meno-belluno-lettera-aperta-alle-autorita\/"]}]},{"@type":"ImageObject","inLanguage":"fr-FR","@id":"https:\/\/www.bellunopress.it\/2022\/11\/25\/non-una-di-meno-belluno-lettera-aperta-alle-autorita\/#primaryimage","url":"https:\/\/www.bellunopress.it\/wp-content\/uploads\/2022\/11\/Non-Una-di-Meno_edited.jpg","contentUrl":"https:\/\/www.bellunopress.it\/wp-content\/uploads\/2022\/11\/Non-Una-di-Meno_edited.jpg","width":1000,"height":620},{"@type":"BreadcrumbList","@id":"https:\/\/www.bellunopress.it\/2022\/11\/25\/non-una-di-meno-belluno-lettera-aperta-alle-autorita\/#breadcrumb","itemListElement":[{"@type":"ListItem","position":1,"name":"Home","item":"https:\/\/www.bellunopress.it\/"},{"@type":"ListItem","position":2,"name":"Non una di meno Belluno. Lettera aperta alle autorit\u00e0"}]},{"@type":"WebSite","@id":"https:\/\/www.bellunopress.it\/#website","url":"https:\/\/www.bellunopress.it\/","name":"Bellunopress - Dolomiti","description":"e-mail: redazione@bellunopress.it","publisher":{"@id":"https:\/\/www.bellunopress.it\/#organization"},"potentialAction":[{"@type":"SearchAction","target":{"@type":"EntryPoint","urlTemplate":"https:\/\/www.bellunopress.it\/?s={search_term_string}"},"query-input":{"@type":"PropertyValueSpecification","valueRequired":true,"valueName":"search_term_string"}}],"inLanguage":"fr-FR"},{"@type":"Organization","@id":"https:\/\/www.bellunopress.it\/#organization","name":"Bellunopress","url":"https:\/\/www.bellunopress.it\/","logo":{"@type":"ImageObject","inLanguage":"fr-FR","@id":"https:\/\/www.bellunopress.it\/#\/schema\/logo\/image\/","url":"https:\/\/www.bellunopress.it\/wp-content\/uploads\/2011\/05\/cropped-logo-bellunopress-.jpg","contentUrl":"https:\/\/www.bellunopress.it\/wp-content\/uploads\/2011\/05\/cropped-logo-bellunopress-.jpg","width":512,"height":512,"caption":"Bellunopress"},"image":{"@id":"https:\/\/www.bellunopress.it\/#\/schema\/logo\/image\/"},"sameAs":["https:\/\/www.facebook.com\/profile.php?id=100008943462799","https:\/\/x.com\/bellunopress","https:\/\/www.linkedin.com\/hp\/?dnr=JBzUWaJfMUw8vbXJJ2tVW5-I3jZKvC4wsoxE&amp;amp;amp;amp;amp;amp;trk=nav_responsive_tab_home","https:\/\/www.youtube.com\/channel\/UCxL0wu1uN0_3_7hGG0306cw"]},{"@type":"Person","@id":"https:\/\/www.bellunopress.it\/#\/schema\/person\/79bb06722b37ece1c03d3e94beb30d73","name":"r\u00e9daction","image":{"@type":"ImageObject","inLanguage":"fr-FR","@id":"https:\/\/secure.gravatar.com\/avatar\/37d968a2e67a6fd04c169c4bdef102d0bc5d31b2546345219e348575eb80e9a0?s=96&d=mm&r=g","url":"https:\/\/secure.gravatar.com\/avatar\/37d968a2e67a6fd04c169c4bdef102d0bc5d31b2546345219e348575eb80e9a0?s=96&d=mm&r=g","contentUrl":"https:\/\/secure.gravatar.com\/avatar\/37d968a2e67a6fd04c169c4bdef102d0bc5d31b2546345219e348575eb80e9a0?s=96&d=mm&r=g","caption":"redazione"},"sameAs":["http:\/\/www.bellunopress.it","https:\/\/x.com\/bellunopress"],"url":"https:\/\/www.bellunopress.it\/fr\/author\/redazione\/"}]}},"_links":{"self":[{"href":"https:\/\/www.bellunopress.it\/fr\/wp-json\/wp\/v2\/posts\/137899","targetHints":{"allow":["GET"]}}],"collection":[{"href":"https:\/\/www.bellunopress.it\/fr\/wp-json\/wp\/v2\/posts"}],"about":[{"href":"https:\/\/www.bellunopress.it\/fr\/wp-json\/wp\/v2\/types\/post"}],"author":[{"embeddable":true,"href":"https:\/\/www.bellunopress.it\/fr\/wp-json\/wp\/v2\/users\/2"}],"replies":[{"embeddable":true,"href":"https:\/\/www.bellunopress.it\/fr\/wp-json\/wp\/v2\/comments?post=137899"}],"version-history":[{"count":1,"href":"https:\/\/www.bellunopress.it\/fr\/wp-json\/wp\/v2\/posts\/137899\/revisions"}],"predecessor-version":[{"id":137901,"href":"https:\/\/www.bellunopress.it\/fr\/wp-json\/wp\/v2\/posts\/137899\/revisions\/137901"}],"wp:featuredmedia":[{"embeddable":true,"href":"https:\/\/www.bellunopress.it\/fr\/wp-json\/wp\/v2\/media\/137900"}],"wp:attachment":[{"href":"https:\/\/www.bellunopress.it\/fr\/wp-json\/wp\/v2\/media?parent=137899"}],"wp:term":[{"taxonomy":"category","embeddable":true,"href":"https:\/\/www.bellunopress.it\/fr\/wp-json\/wp\/v2\/categories?post=137899"},{"taxonomy":"post_tag","embeddable":true,"href":"https:\/\/www.bellunopress.it\/fr\/wp-json\/wp\/v2\/tags?post=137899"}],"curies":[{"name":"wp","href":"https:\/\/api.w.org\/{rel}","templated":true}]}}