{"id":137896,"date":"2022-11-23T18:52:42","date_gmt":"2022-11-23T17:52:42","guid":{"rendered":"https:\/\/www.bellunopress.it\/?p=137896"},"modified":"2022-11-23T18:52:42","modified_gmt":"2022-11-23T17:52:42","slug":"cancro-ai-polmoni-una-panchina-bianca-per-sensibilizzare-la-citta","status":"publish","type":"post","link":"https:\/\/www.bellunopress.it\/fr\/2022\/11\/23\/cancro-ai-polmoni-una-panchina-bianca-per-sensibilizzare-la-citta\/","title":{"rendered":"Cancro ai polmoni. Una panchina bianca per sensibilizzare la citt\u00e0"},"content":{"rendered":"<p><img loading=\"lazy\" decoding=\"async\" class=\"alignleft size-full wp-image-137897\" src=\"https:\/\/www.bellunopress.it\/wp-content\/uploads\/2022\/11\/Illumina-novembre-Alcase.jpg\" alt=\"\" width=\"1000\" height=\"924\" srcset=\"https:\/\/www.bellunopress.it\/wp-content\/uploads\/2022\/11\/Illumina-novembre-Alcase.jpg 1000w, https:\/\/www.bellunopress.it\/wp-content\/uploads\/2022\/11\/Illumina-novembre-Alcase-500x462.jpg 500w, https:\/\/www.bellunopress.it\/wp-content\/uploads\/2022\/11\/Illumina-novembre-Alcase-696x643.jpg 696w, https:\/\/www.bellunopress.it\/wp-content\/uploads\/2022\/11\/Illumina-novembre-Alcase-455x420.jpg 455w\" sizes=\"auto, (max-width: 1000px) 100vw, 1000px\" \/>Una panchina bianca ai giardini di Piazza dei Martiri e manifesti informativi affissi in citt\u00e0: il Comune di Belluno avvia una collaborazione con Alcase \u2013 Alliance for Lung Cancer Advocacy Support and Education per promuovere e diffondere l\u2019informazione relativa al cancro ai polmoni. \u201cIn occasione del mese di novembre, dedicato alla prevenzione di questa malattia \u2013 spiega l\u2019assessore alle politiche sociali, Marco Dal Pont -, nei giorni scorsi abbiamo sistemato una panchina bianca per attirare l\u2019attenzione delle persone sul problema. E\u2019 il primo passo di una serie di azioni che vogliamo realizzare con l\u2019Associazione per sensibilizzare la cittadinanza. L\u2019obiettivo finale \u00e8 l\u2019apertura, anche in citt\u00e0, di una sede di Alcase\u201d.<\/p>\n<p>Si chiama \u201cIllumina novembre\u201d l\u2019iniziativa che ogni anno la onlus propone in questo mese. L\u2019edizione in corso \u00e8 l\u2019ottava. Per Alcase, infatti, quello di novembre e\u0300 divenuto un impegno inderogabile per almeno due buoni motivi: perche\u0301 i malati e le loro famiglie abbiano l\u2019attenzione dovuta e perche\u0301 le persone sane, ma a rischio di sviluppare un cancro del polmone, sappiano che e\u0300 possibile prevenirlo efficacemente. Da qui la volont\u00e0 dell\u2019amministrazione di portare l\u2019Associazione anche nel capoluogo. \u201cOgni anno nel mondo &#8211; commenta il direttore medico di Alcase, dottor Gianfranco Buccheri \u2013 hanno luogo una miriade di congressi di medicina oncologica con l\u2019obiettivo primario di consentire, grazie all\u2019incontro di medici, ricercatori di base, sviluppatori di nuovi farmaci e tecnologie biomediche, la condivisione dei risultati della ricerca scientifica ed il continuo progresso delle terapie mediche. Questi progressi vanno poi portati alla conoscenza di tutti attraverso grandi eventi di sensibilizzazione sociale\u201d.<\/p>\n<p>Sono stati gli alpini di Castion, coinvolti dall\u2019amministrazione, a dipingere di bianco la seduta e a portarla in centro storico. A loro va il pi\u00f9 sentito ringraziamento dell\u2019assessore Dal Pont. \u201cAlcase opera su tutto il territorio nazionale, ma non ha una sede in provincia alla quale cittadini, malati e famigliari possano fare riferimento \u2013 spiega l\u2019assessore -, per questo stiamo dialogando con la presidente nazionale Dea Anna Gatta. Il progetto \u00e8 parte di una pi\u00f9 ampia attivit\u00e0 portata avanti dal Comune per sensibilizzare i cittadini in merito ad un corretto stile di vita e non solo. Oggi si parla di cancro ai polmoni, ma l\u2019azione andr\u00e0 in tante direzioni perch\u00e9 aderiremo ad altre iniziative, tutte finalizzate a favorire la salute e l\u2019informazione tra la comunit\u00e0\u201d.<\/p>","protected":false},"excerpt":{"rendered":"<p>Una panchina bianca ai giardini di Piazza dei Martiri e manifesti informativi affissi in citt\u00e0: il Comune di Belluno avvia una collaborazione con Alcase \u2013 Alliance for Lung Cancer Advocacy Support and Education per promuovere e diffondere l\u2019informazione relativa al cancro ai polmoni. \u201cIn occasione del mese di novembre, dedicato alla prevenzione di questa malattia [&hellip;]<\/p>\n","protected":false},"author":2,"featured_media":137897,"comment_status":"closed","ping_status":"open","sticky":false,"template":"","format":"standard","meta":{"footnotes":""},"categories":[17,8],"tags":[],"class_list":["post-137896","post","type-post","status-publish","format-standard","has-post-thumbnail","category-sanita","category-societa-istituzioni"],"yoast_head":"<!-- This site is optimized with the Yoast SEO plugin v28.4 - https:\/\/yoast.com\/product\/yoast-seo-wordpress\/ -->\n<title>Cancro ai polmoni. Una panchina bianca per sensibilizzare la citt\u00e0 - Bellunopress - Dolomiti<\/title>\n<meta name=\"robots\" content=\"index, follow, max-snippet:-1, max-image-preview:large, max-video-preview:-1\" \/>\n<link rel=\"canonical\" href=\"https:\/\/www.bellunopress.it\/fr\/2022\/11\/23\/cancro-ai-polmoni-una-panchina-bianca-per-sensibilizzare-la-citta\/\" \/>\n<meta property=\"og:locale\" content=\"fr_FR\" \/>\n<meta property=\"og:type\" content=\"article\" \/>\n<meta property=\"og:title\" content=\"Cancro ai polmoni. Una panchina bianca per sensibilizzare la citt\u00e0 - Bellunopress - Dolomiti\" \/>\n<meta property=\"og:description\" content=\"Una panchina bianca ai giardini di Piazza dei Martiri e manifesti informativi affissi in citt\u00e0: il Comune di Belluno avvia una collaborazione con Alcase \u2013 Alliance for Lung Cancer Advocacy Support and Education per promuovere e diffondere l\u2019informazione relativa al cancro ai polmoni. \u201cIn occasione del mese di novembre, dedicato alla prevenzione di questa malattia [&hellip;]\" \/>\n<meta property=\"og:url\" content=\"https:\/\/www.bellunopress.it\/fr\/2022\/11\/23\/cancro-ai-polmoni-una-panchina-bianca-per-sensibilizzare-la-citta\/\" \/>\n<meta property=\"og:site_name\" content=\"Bellunopress - Dolomiti\" \/>\n<meta property=\"article:publisher\" content=\"https:\/\/www.facebook.com\/profile.php?id=100008943462799\" \/>\n<meta property=\"article:published_time\" content=\"2022-11-23T17:52:42+00:00\" \/>\n<meta property=\"og:image\" content=\"https:\/\/www.bellunopress.it\/wp-content\/uploads\/2022\/11\/Illumina-novembre-Alcase.jpg\" \/>\n\t<meta property=\"og:image:width\" content=\"1000\" \/>\n\t<meta property=\"og:image:height\" content=\"924\" \/>\n\t<meta property=\"og:image:type\" content=\"image\/jpeg\" \/>\n<meta name=\"author\" content=\"redazione\" \/>\n<meta name=\"twitter:card\" content=\"summary_large_image\" \/>\n<meta name=\"twitter:creator\" content=\"@bellunopress\" \/>\n<meta name=\"twitter:site\" content=\"@bellunopress\" \/>\n<meta name=\"twitter:label1\" content=\"Written by\" \/>\n\t<meta name=\"twitter:data1\" content=\"redazione\" \/>\n\t<meta name=\"twitter:label2\" content=\"Est. reading time\" \/>\n\t<meta name=\"twitter:data2\" content=\"3 minutes\" \/>\n<script type=\"application\/ld+json\" class=\"yoast-schema-graph\">{\"@context\":\"https:\\\/\\\/schema.org\",\"@graph\":[{\"@type\":\"Article\",\"@id\":\"https:\\\/\\\/www.bellunopress.it\\\/2022\\\/11\\\/23\\\/cancro-ai-polmoni-una-panchina-bianca-per-sensibilizzare-la-citta\\\/#article\",\"isPartOf\":{\"@id\":\"https:\\\/\\\/www.bellunopress.it\\\/2022\\\/11\\\/23\\\/cancro-ai-polmoni-una-panchina-bianca-per-sensibilizzare-la-citta\\\/\"},\"author\":{\"name\":\"redazione\",\"@id\":\"https:\\\/\\\/www.bellunopress.it\\\/#\\\/schema\\\/person\\\/79bb06722b37ece1c03d3e94beb30d73\"},\"headline\":\"Cancro ai polmoni. Una panchina bianca per sensibilizzare la citt\u00e0\",\"datePublished\":\"2022-11-23T17:52:42+00:00\",\"mainEntityOfPage\":{\"@id\":\"https:\\\/\\\/www.bellunopress.it\\\/2022\\\/11\\\/23\\\/cancro-ai-polmoni-una-panchina-bianca-per-sensibilizzare-la-citta\\\/\"},\"wordCount\":405,\"publisher\":{\"@id\":\"https:\\\/\\\/www.bellunopress.it\\\/#organization\"},\"image\":{\"@id\":\"https:\\\/\\\/www.bellunopress.it\\\/2022\\\/11\\\/23\\\/cancro-ai-polmoni-una-panchina-bianca-per-sensibilizzare-la-citta\\\/#primaryimage\"},\"thumbnailUrl\":\"https:\\\/\\\/www.bellunopress.it\\\/wp-content\\\/uploads\\\/2022\\\/11\\\/Illumina-novembre-Alcase.jpg\",\"articleSection\":[\"Sanit\u00e0 Medicina\",\"Societ\u00e0, Associazioni, Istituzioni\"],\"inLanguage\":\"fr-FR\"},{\"@type\":\"WebPage\",\"@id\":\"https:\\\/\\\/www.bellunopress.it\\\/2022\\\/11\\\/23\\\/cancro-ai-polmoni-una-panchina-bianca-per-sensibilizzare-la-citta\\\/\",\"url\":\"https:\\\/\\\/www.bellunopress.it\\\/2022\\\/11\\\/23\\\/cancro-ai-polmoni-una-panchina-bianca-per-sensibilizzare-la-citta\\\/\",\"name\":\"Cancro ai polmoni. Una panchina bianca per sensibilizzare la citt\u00e0 - Bellunopress - Dolomiti\",\"isPartOf\":{\"@id\":\"https:\\\/\\\/www.bellunopress.it\\\/#website\"},\"primaryImageOfPage\":{\"@id\":\"https:\\\/\\\/www.bellunopress.it\\\/2022\\\/11\\\/23\\\/cancro-ai-polmoni-una-panchina-bianca-per-sensibilizzare-la-citta\\\/#primaryimage\"},\"image\":{\"@id\":\"https:\\\/\\\/www.bellunopress.it\\\/2022\\\/11\\\/23\\\/cancro-ai-polmoni-una-panchina-bianca-per-sensibilizzare-la-citta\\\/#primaryimage\"},\"thumbnailUrl\":\"https:\\\/\\\/www.bellunopress.it\\\/wp-content\\\/uploads\\\/2022\\\/11\\\/Illumina-novembre-Alcase.jpg\",\"datePublished\":\"2022-11-23T17:52:42+00:00\",\"breadcrumb\":{\"@id\":\"https:\\\/\\\/www.bellunopress.it\\\/2022\\\/11\\\/23\\\/cancro-ai-polmoni-una-panchina-bianca-per-sensibilizzare-la-citta\\\/#breadcrumb\"},\"inLanguage\":\"fr-FR\",\"potentialAction\":[{\"@type\":\"ReadAction\",\"target\":[\"https:\\\/\\\/www.bellunopress.it\\\/2022\\\/11\\\/23\\\/cancro-ai-polmoni-una-panchina-bianca-per-sensibilizzare-la-citta\\\/\"]}]},{\"@type\":\"ImageObject\",\"inLanguage\":\"fr-FR\",\"@id\":\"https:\\\/\\\/www.bellunopress.it\\\/2022\\\/11\\\/23\\\/cancro-ai-polmoni-una-panchina-bianca-per-sensibilizzare-la-citta\\\/#primaryimage\",\"url\":\"https:\\\/\\\/www.bellunopress.it\\\/wp-content\\\/uploads\\\/2022\\\/11\\\/Illumina-novembre-Alcase.jpg\",\"contentUrl\":\"https:\\\/\\\/www.bellunopress.it\\\/wp-content\\\/uploads\\\/2022\\\/11\\\/Illumina-novembre-Alcase.jpg\",\"width\":1000,\"height\":924},{\"@type\":\"BreadcrumbList\",\"@id\":\"https:\\\/\\\/www.bellunopress.it\\\/2022\\\/11\\\/23\\\/cancro-ai-polmoni-una-panchina-bianca-per-sensibilizzare-la-citta\\\/#breadcrumb\",\"itemListElement\":[{\"@type\":\"ListItem\",\"position\":1,\"name\":\"Home\",\"item\":\"https:\\\/\\\/www.bellunopress.it\\\/\"},{\"@type\":\"ListItem\",\"position\":2,\"name\":\"Cancro ai polmoni. Una panchina bianca per sensibilizzare la citt\u00e0\"}]},{\"@type\":\"WebSite\",\"@id\":\"https:\\\/\\\/www.bellunopress.it\\\/#website\",\"url\":\"https:\\\/\\\/www.bellunopress.it\\\/\",\"name\":\"Bellunopress - Dolomiti\",\"description\":\"e-mail: redazione@bellunopress.it\",\"publisher\":{\"@id\":\"https:\\\/\\\/www.bellunopress.it\\\/#organization\"},\"potentialAction\":[{\"@type\":\"SearchAction\",\"target\":{\"@type\":\"EntryPoint\",\"urlTemplate\":\"https:\\\/\\\/www.bellunopress.it\\\/?s={search_term_string}\"},\"query-input\":{\"@type\":\"PropertyValueSpecification\",\"valueRequired\":true,\"valueName\":\"search_term_string\"}}],\"inLanguage\":\"fr-FR\"},{\"@type\":\"Organization\",\"@id\":\"https:\\\/\\\/www.bellunopress.it\\\/#organization\",\"name\":\"Bellunopress\",\"url\":\"https:\\\/\\\/www.bellunopress.it\\\/\",\"logo\":{\"@type\":\"ImageObject\",\"inLanguage\":\"fr-FR\",\"@id\":\"https:\\\/\\\/www.bellunopress.it\\\/#\\\/schema\\\/logo\\\/image\\\/\",\"url\":\"https:\\\/\\\/www.bellunopress.it\\\/wp-content\\\/uploads\\\/2011\\\/05\\\/cropped-logo-bellunopress-.jpg\",\"contentUrl\":\"https:\\\/\\\/www.bellunopress.it\\\/wp-content\\\/uploads\\\/2011\\\/05\\\/cropped-logo-bellunopress-.jpg\",\"width\":512,\"height\":512,\"caption\":\"Bellunopress\"},\"image\":{\"@id\":\"https:\\\/\\\/www.bellunopress.it\\\/#\\\/schema\\\/logo\\\/image\\\/\"},\"sameAs\":[\"https:\\\/\\\/www.facebook.com\\\/profile.php?id=100008943462799\",\"https:\\\/\\\/x.com\\\/bellunopress\",\"https:\\\/\\\/www.linkedin.com\\\/hp\\\/?dnr=JBzUWaJfMUw8vbXJJ2tVW5-I3jZKvC4wsoxE&amp;amp;amp;amp;amp;amp;trk=nav_responsive_tab_home\",\"https:\\\/\\\/www.youtube.com\\\/channel\\\/UCxL0wu1uN0_3_7hGG0306cw\"]},{\"@type\":\"Person\",\"@id\":\"https:\\\/\\\/www.bellunopress.it\\\/#\\\/schema\\\/person\\\/79bb06722b37ece1c03d3e94beb30d73\",\"name\":\"redazione\",\"image\":{\"@type\":\"ImageObject\",\"inLanguage\":\"fr-FR\",\"@id\":\"https:\\\/\\\/secure.gravatar.com\\\/avatar\\\/37d968a2e67a6fd04c169c4bdef102d0bc5d31b2546345219e348575eb80e9a0?s=96&d=mm&r=g\",\"url\":\"https:\\\/\\\/secure.gravatar.com\\\/avatar\\\/37d968a2e67a6fd04c169c4bdef102d0bc5d31b2546345219e348575eb80e9a0?s=96&d=mm&r=g\",\"contentUrl\":\"https:\\\/\\\/secure.gravatar.com\\\/avatar\\\/37d968a2e67a6fd04c169c4bdef102d0bc5d31b2546345219e348575eb80e9a0?s=96&d=mm&r=g\",\"caption\":\"redazione\"},\"sameAs\":[\"http:\\\/\\\/www.bellunopress.it\",\"https:\\\/\\\/x.com\\\/bellunopress\"],\"url\":\"https:\\\/\\\/www.bellunopress.it\\\/fr\\\/author\\\/redazione\\\/\"}]}<\/script>\n<!-- \/ Yoast SEO plugin. -->","yoast_head_json":{"title":"Cancro ai polmoni. Una panchina bianca per sensibilizzare la citt\u00e0 - Bellunopress - Dolomiti","robots":{"index":"index","follow":"follow","max-snippet":"max-snippet:-1","max-image-preview":"max-image-preview:large","max-video-preview":"max-video-preview:-1"},"canonical":"https:\/\/www.bellunopress.it\/fr\/2022\/11\/23\/cancro-ai-polmoni-una-panchina-bianca-per-sensibilizzare-la-citta\/","og_locale":"fr_FR","og_type":"article","og_title":"Cancro ai polmoni. Una panchina bianca per sensibilizzare la citt\u00e0 - Bellunopress - Dolomiti","og_description":"Una panchina bianca ai giardini di Piazza dei Martiri e manifesti informativi affissi in citt\u00e0: il Comune di Belluno avvia una collaborazione con Alcase \u2013 Alliance for Lung Cancer Advocacy Support and Education per promuovere e diffondere l\u2019informazione relativa al cancro ai polmoni. \u201cIn occasione del mese di novembre, dedicato alla prevenzione di questa malattia [&hellip;]","og_url":"https:\/\/www.bellunopress.it\/fr\/2022\/11\/23\/cancro-ai-polmoni-una-panchina-bianca-per-sensibilizzare-la-citta\/","og_site_name":"Bellunopress - Dolomiti","article_publisher":"https:\/\/www.facebook.com\/profile.php?id=100008943462799","article_published_time":"2022-11-23T17:52:42+00:00","og_image":[{"width":1000,"height":924,"url":"https:\/\/www.bellunopress.it\/wp-content\/uploads\/2022\/11\/Illumina-novembre-Alcase.jpg","type":"image\/jpeg"}],"author":"redazione","twitter_card":"summary_large_image","twitter_creator":"@bellunopress","twitter_site":"@bellunopress","twitter_misc":{"Written by":"redazione","Est. reading time":"3 minutes"},"schema":{"@context":"https:\/\/schema.org","@graph":[{"@type":"Article","@id":"https:\/\/www.bellunopress.it\/2022\/11\/23\/cancro-ai-polmoni-una-panchina-bianca-per-sensibilizzare-la-citta\/#article","isPartOf":{"@id":"https:\/\/www.bellunopress.it\/2022\/11\/23\/cancro-ai-polmoni-una-panchina-bianca-per-sensibilizzare-la-citta\/"},"author":{"name":"redazione","@id":"https:\/\/www.bellunopress.it\/#\/schema\/person\/79bb06722b37ece1c03d3e94beb30d73"},"headline":"Cancro ai polmoni. Una panchina bianca per sensibilizzare la citt\u00e0","datePublished":"2022-11-23T17:52:42+00:00","mainEntityOfPage":{"@id":"https:\/\/www.bellunopress.it\/2022\/11\/23\/cancro-ai-polmoni-una-panchina-bianca-per-sensibilizzare-la-citta\/"},"wordCount":405,"publisher":{"@id":"https:\/\/www.bellunopress.it\/#organization"},"image":{"@id":"https:\/\/www.bellunopress.it\/2022\/11\/23\/cancro-ai-polmoni-una-panchina-bianca-per-sensibilizzare-la-citta\/#primaryimage"},"thumbnailUrl":"https:\/\/www.bellunopress.it\/wp-content\/uploads\/2022\/11\/Illumina-novembre-Alcase.jpg","articleSection":["Sanit\u00e0 Medicina","Societ\u00e0, Associazioni, Istituzioni"],"inLanguage":"fr-FR"},{"@type":"WebPage","@id":"https:\/\/www.bellunopress.it\/2022\/11\/23\/cancro-ai-polmoni-una-panchina-bianca-per-sensibilizzare-la-citta\/","url":"https:\/\/www.bellunopress.it\/2022\/11\/23\/cancro-ai-polmoni-una-panchina-bianca-per-sensibilizzare-la-citta\/","name":"Cancro ai polmoni. Una panchina bianca per sensibilizzare la citt\u00e0 - Bellunopress - Dolomiti","isPartOf":{"@id":"https:\/\/www.bellunopress.it\/#website"},"primaryImageOfPage":{"@id":"https:\/\/www.bellunopress.it\/2022\/11\/23\/cancro-ai-polmoni-una-panchina-bianca-per-sensibilizzare-la-citta\/#primaryimage"},"image":{"@id":"https:\/\/www.bellunopress.it\/2022\/11\/23\/cancro-ai-polmoni-una-panchina-bianca-per-sensibilizzare-la-citta\/#primaryimage"},"thumbnailUrl":"https:\/\/www.bellunopress.it\/wp-content\/uploads\/2022\/11\/Illumina-novembre-Alcase.jpg","datePublished":"2022-11-23T17:52:42+00:00","breadcrumb":{"@id":"https:\/\/www.bellunopress.it\/2022\/11\/23\/cancro-ai-polmoni-una-panchina-bianca-per-sensibilizzare-la-citta\/#breadcrumb"},"inLanguage":"fr-FR","potentialAction":[{"@type":"ReadAction","target":["https:\/\/www.bellunopress.it\/2022\/11\/23\/cancro-ai-polmoni-una-panchina-bianca-per-sensibilizzare-la-citta\/"]}]},{"@type":"ImageObject","inLanguage":"fr-FR","@id":"https:\/\/www.bellunopress.it\/2022\/11\/23\/cancro-ai-polmoni-una-panchina-bianca-per-sensibilizzare-la-citta\/#primaryimage","url":"https:\/\/www.bellunopress.it\/wp-content\/uploads\/2022\/11\/Illumina-novembre-Alcase.jpg","contentUrl":"https:\/\/www.bellunopress.it\/wp-content\/uploads\/2022\/11\/Illumina-novembre-Alcase.jpg","width":1000,"height":924},{"@type":"BreadcrumbList","@id":"https:\/\/www.bellunopress.it\/2022\/11\/23\/cancro-ai-polmoni-una-panchina-bianca-per-sensibilizzare-la-citta\/#breadcrumb","itemListElement":[{"@type":"ListItem","position":1,"name":"Home","item":"https:\/\/www.bellunopress.it\/"},{"@type":"ListItem","position":2,"name":"Cancro ai polmoni. Una panchina bianca per sensibilizzare la citt\u00e0"}]},{"@type":"WebSite","@id":"https:\/\/www.bellunopress.it\/#website","url":"https:\/\/www.bellunopress.it\/","name":"Bellunopress - Dolomiti","description":"e-mail: redazione@bellunopress.it","publisher":{"@id":"https:\/\/www.bellunopress.it\/#organization"},"potentialAction":[{"@type":"SearchAction","target":{"@type":"EntryPoint","urlTemplate":"https:\/\/www.bellunopress.it\/?s={search_term_string}"},"query-input":{"@type":"PropertyValueSpecification","valueRequired":true,"valueName":"search_term_string"}}],"inLanguage":"fr-FR"},{"@type":"Organization","@id":"https:\/\/www.bellunopress.it\/#organization","name":"Bellunopress","url":"https:\/\/www.bellunopress.it\/","logo":{"@type":"ImageObject","inLanguage":"fr-FR","@id":"https:\/\/www.bellunopress.it\/#\/schema\/logo\/image\/","url":"https:\/\/www.bellunopress.it\/wp-content\/uploads\/2011\/05\/cropped-logo-bellunopress-.jpg","contentUrl":"https:\/\/www.bellunopress.it\/wp-content\/uploads\/2011\/05\/cropped-logo-bellunopress-.jpg","width":512,"height":512,"caption":"Bellunopress"},"image":{"@id":"https:\/\/www.bellunopress.it\/#\/schema\/logo\/image\/"},"sameAs":["https:\/\/www.facebook.com\/profile.php?id=100008943462799","https:\/\/x.com\/bellunopress","https:\/\/www.linkedin.com\/hp\/?dnr=JBzUWaJfMUw8vbXJJ2tVW5-I3jZKvC4wsoxE&amp;amp;amp;amp;amp;amp;trk=nav_responsive_tab_home","https:\/\/www.youtube.com\/channel\/UCxL0wu1uN0_3_7hGG0306cw"]},{"@type":"Person","@id":"https:\/\/www.bellunopress.it\/#\/schema\/person\/79bb06722b37ece1c03d3e94beb30d73","name":"r\u00e9daction","image":{"@type":"ImageObject","inLanguage":"fr-FR","@id":"https:\/\/secure.gravatar.com\/avatar\/37d968a2e67a6fd04c169c4bdef102d0bc5d31b2546345219e348575eb80e9a0?s=96&d=mm&r=g","url":"https:\/\/secure.gravatar.com\/avatar\/37d968a2e67a6fd04c169c4bdef102d0bc5d31b2546345219e348575eb80e9a0?s=96&d=mm&r=g","contentUrl":"https:\/\/secure.gravatar.com\/avatar\/37d968a2e67a6fd04c169c4bdef102d0bc5d31b2546345219e348575eb80e9a0?s=96&d=mm&r=g","caption":"redazione"},"sameAs":["http:\/\/www.bellunopress.it","https:\/\/x.com\/bellunopress"],"url":"https:\/\/www.bellunopress.it\/fr\/author\/redazione\/"}]}},"_links":{"self":[{"href":"https:\/\/www.bellunopress.it\/fr\/wp-json\/wp\/v2\/posts\/137896","targetHints":{"allow":["GET"]}}],"collection":[{"href":"https:\/\/www.bellunopress.it\/fr\/wp-json\/wp\/v2\/posts"}],"about":[{"href":"https:\/\/www.bellunopress.it\/fr\/wp-json\/wp\/v2\/types\/post"}],"author":[{"embeddable":true,"href":"https:\/\/www.bellunopress.it\/fr\/wp-json\/wp\/v2\/users\/2"}],"replies":[{"embeddable":true,"href":"https:\/\/www.bellunopress.it\/fr\/wp-json\/wp\/v2\/comments?post=137896"}],"version-history":[{"count":1,"href":"https:\/\/www.bellunopress.it\/fr\/wp-json\/wp\/v2\/posts\/137896\/revisions"}],"predecessor-version":[{"id":137898,"href":"https:\/\/www.bellunopress.it\/fr\/wp-json\/wp\/v2\/posts\/137896\/revisions\/137898"}],"wp:featuredmedia":[{"embeddable":true,"href":"https:\/\/www.bellunopress.it\/fr\/wp-json\/wp\/v2\/media\/137897"}],"wp:attachment":[{"href":"https:\/\/www.bellunopress.it\/fr\/wp-json\/wp\/v2\/media?parent=137896"}],"wp:term":[{"taxonomy":"category","embeddable":true,"href":"https:\/\/www.bellunopress.it\/fr\/wp-json\/wp\/v2\/categories?post=137896"},{"taxonomy":"post_tag","embeddable":true,"href":"https:\/\/www.bellunopress.it\/fr\/wp-json\/wp\/v2\/tags?post=137896"}],"curies":[{"name":"wp","href":"https:\/\/api.w.org\/{rel}","templated":true}]}}