{"id":137885,"date":"2022-11-23T14:49:18","date_gmt":"2022-11-23T13:49:18","guid":{"rendered":"https:\/\/www.bellunopress.it\/?p=137885"},"modified":"2022-11-23T21:05:32","modified_gmt":"2022-11-23T20:05:32","slug":"giornata-internazionale-per-leliminazione-della-violenza-contro-le-donne-2022-lavoro-conciliazione-e-violenza-di-genere-lanalisi-della-cisl-belluno-treviso","status":"publish","type":"post","link":"https:\/\/www.bellunopress.it\/fr\/2022\/11\/23\/giornata-internazionale-per-leliminazione-della-violenza-contro-le-donne-2022-lavoro-conciliazione-e-violenza-di-genere-lanalisi-della-cisl-belluno-treviso\/","title":{"rendered":"Giornata internazionale per l&#8217;eliminazione della violenza contro le donne 2022 Lavoro, conciliazione e violenza di genere: l&#8217;analisi della Cisl Belluno Treviso"},"content":{"rendered":"<p><img loading=\"lazy\" decoding=\"async\" class=\"alignleft size-full wp-image-137886\" src=\"https:\/\/www.bellunopress.it\/wp-content\/uploads\/2022\/11\/Cisl-occupaz-uomo-donna-bl-tv_edited.jpg\" alt=\"Cisl Teresa Merotto Alessia Salvador\" width=\"1000\" height=\"601\" srcset=\"https:\/\/www.bellunopress.it\/wp-content\/uploads\/2022\/11\/Cisl-occupaz-uomo-donna-bl-tv_edited.jpg 1000w, https:\/\/www.bellunopress.it\/wp-content\/uploads\/2022\/11\/Cisl-occupaz-uomo-donna-bl-tv_edited-500x301.jpg 500w, https:\/\/www.bellunopress.it\/wp-content\/uploads\/2022\/11\/Cisl-occupaz-uomo-donna-bl-tv_edited-696x418.jpg 696w, https:\/\/www.bellunopress.it\/wp-content\/uploads\/2022\/11\/Cisl-occupaz-uomo-donna-bl-tv_edited-699x420.jpg 699w\" sizes=\"auto, (max-width: 1000px) 100vw, 1000px\" \/>Precarie, con salari pi\u00f9 bassi degli uomini, vittime di violenza. \u00c8 la fotografia della condizione femminile nelle province di Belluno e Treviso scattata dalla Cisl Belluno Treviso e dal Coordinamento Donne e per le Politiche di genere e le Pari opportunit\u00e0 in occasione del 25 novembre, Giornata internazionale per l&#8217;eliminazione della violenza contro le donne. L&#8217;analisi \u00e8 stata effettuata incrociando diversi dati: il campione di circa 65mila dichiarazioni dei redditi annualmente elaborate dal Caf Cisl territoriale e uno studio condotto dalla Fondazione Corazzin per conto di Cisl Veneto sulla parit\u00e0 di genere.<\/p>\n<p><strong>OCCUPAZIONE<\/strong> &#8211; Se si guarda la serie storica del numero di occupati, rimane sempre distante l&#8217;occupazione femminile da quella maschile, anche se il divario nel tempo si sta assottigliando. Nel 2021 in provincia di Belluno sul totale degli occupati, il 54,3% sono uomini, il 45,7% sono donne; nella Marca il 56,7% uomini e il 43,3% donne. Interessante il dato che riguarda il tasso di occupazione femminile, che nelle due province risulta pi\u00f9 alto rispetto alla media regionale del 57,7%: a Belluno la troviamo al 63% e a Treviso al 59,9%. In ogni caso la differenza fra il tasso di occupazione femminile e quello maschile risulta marcata: a Belluno il tasso di occupazione \u00e8 pari a 73,3% per gli uomini e 63% per le donne, a Treviso rispettivamente 76,5% e 59,9%, con il tasso di disoccupazione femminile che supera quello maschile: per le donne \u00e8 del 6,2%, in linea col dato veneto, per gli uomini del 4%. A Belluno invece il tasso di disoccupazione femminile \u00e8 pari al 3,9% contro il 4,5% dei maschi. Sempre nel Bellunese, nel 2021 le assunzioni dipendenti hanno riguardato per il 51,2% dei casi maschi e per il 48,8% femmine; nella Marca per il 55,9% donne e per il 44,1% femmine.<br \/>\nLe donne, a livello veneto, lavorano soprattutto in ambito socio-sanitario, nella scuola, nei servizi e nella pubblica amministrazione, svolgono primariamente professioni intellettuali, impiegatizie e nei servizi e mediamente hanno un titolo di studio pi\u00f9 elevato degli uomini. Solo un ruolo dirigenziale su 4 \u00e8 per\u00f2 assegnato a una donna.<\/p>\n<p><strong>PART TIME E DIFFERENZA SALARIALE<\/strong> &#8211; Il part time \u00e8 una modalit\u00e0 di lavoro tipicamente meno diffusa rispetto al full time, ma rimane una tipologia di lavoro con un forte appannaggio femminile: a livello veneto, nel 2021, il 64,2% delle assunzioni in part time riguarda donne, e non sempre \u00e8 volontario. Anche per questo, le retribuzioni delle donne rimangono al palo. Se nel 2020 la retribuzione media di un uomo \u00e8 di 37.679, quella di una donna \u00e8 pari a 26.683.<br \/>\nL&#8217;analisi compiuta dall&#8217;Ufficio Studi della Cisl Belluno Treviso sulle 65 mila dichiarazioni di redditi che ogni anno (mediamente 15 mila a Belluno e 50 mila a Treviso) vengono elaborate dal Caf considera un arco di tempo che va dal 2016 al 2021 e mostra ancora meglio il fenomeno: nel Bellunese, nella fascia di reddito pi\u00f9 bassa, quella fino a 7.500 euro, le donne sono il triplo rispetto agli uomini; da 7.500 a 17.500 mediamente il doppio. Nella fascia media, dai 17.500 ai 30 mila euro di reddito, l&#8217;andamento si inverte: nel 2021 gli uomini sono pi\u00f9 del 57%, le donne il 38,5%; dai 30 ai 50 mila nuova inversione di tendenza: le donne con questi stipendi sono appena il 6%, gli uomini il 16,5% del totale dei contribuenti che si rivolgono al Caf. Sopra i 50 mila euro gli uomini sono quasi il 3%, le donne lo 0,50%.<br \/>\nAncora pi\u00f9 critica la situazione nella Marca. Mediamente nella fascia di reddito pi\u00f9 bassa si collocano il 3,61% degli uomini e il 17,20% delle donne: il rapporto \u00e8 di 1 a 5. Nella seconda fascia gli uomini sono il 18%, le donne poco meno del 39%; nella fascia media. Dove si concentrano i lavoratori dipendenti, gli uomini sono il 55,44%, le donne il 35,78%. Tra i 30 e i 50 mila euro gli uomini sono il 18% a fronte del 7% delle donne. Sopra i 50 mila troviamo il 4,5% uomini e lo 0,90% donne.<\/p>\n<p>&#8220;La fotografia che deriva dall&#8217;analisi dei redditi da 730 &#8211; sottolinea Teresa Merotto, segretaria Cisl Belluno Treviso &#8211; non fa che confermare che esiste un problema di divario retributivo fra uomini e donne. E questo diventa tanto pi\u00f9 significativo se incrociamo questo dato con il tasso di occupazione delle donne nelle due province: nonostante una partecipazione attiva pi\u00f9 alta rispetto alla media del Veneto nel mercato del lavoro, per le donne delle province di Treviso e Belluno questo non si traduce in un reddito pi\u00f9 elevato, per diversi fattori. Da un lato i settori produttivi dove si concentra la presenza femminile sono quelli dove i salari sono pi\u00f9 bassi, dall&#8217;altro, le donne scelgono lavori che consentano il bilanciamento tra impegni lavorativi e famiglia, anche con profili professionali inferiori al titolo di studio posseduto. Le evidenze dei dati devono guidarci nell&#8217;orientare le nostre azioni verso politiche contrattuali che favoriscano la conciliazione, i servizi per la famiglia, la flessibilit\u00e0, tanto pi\u00f9 in territori dove si continua a denunciare la carenza di manodopera: vanno create le condizioni per aumentare la partecipazione femminile in un mercato del lavoro che deve permettere alle donne di scegliere dove, come e quanto lavorare anzich\u00e9 partecipare al lavoro in modo discontinuo o parziale&#8221;.<\/p>\n<p><strong>VIOLENZA DI GENERE<\/strong> &#8211; In provincia di Belluno, nel 2021 le chiamate al numero 1522 (numero antiviolenza e stalking) sono state 24: due al mese. Dopo un primo calo dal 2013 al 2015 i valori sono tornati a salire dal 2016. Picco di chiamate nei mesi del lockdown, nel secondo trimestre del 2020 (da 5 del primo trimestre a 11 del secondo). Le chiamate rappresentano il 2% del totale veneto.<br \/>\nIn provincia di Treviso, le chiamate sono state 182 nel 2021: una ogni due giorni, il 15% delle richieste di aiuto in Veneto. Dopo un primo calo dal 2013 al 2016 i valori sono tornati a salire dal 2017. Preoccupante la crescita nel 2020 e 2021. Anche nella Marca le donne hanno sofferto particolarmente il periodo della pandemia: l&#8217;analisi delle chiamate per trimestri mette in luce il forte aumento di contatti nel primo periodo della pandemia. Queste sono raddoppiate, passando da 26, nel primo trimestre del 2020, a 52 nel secondo. Forte crescita anche nel primo trimestre 2021 in coincidenza con le nuove fasi di lockdown con una punta di 51 chiamate. Il primo trimestre 2022 registra 40 chiamate. A livello veneto, in un caso su due le donne compongono il 1522 perch\u00e9 subiscono violenza fisica, una su tre per violenza psicologica.<\/p>\n<p>&#8220;La violenza di genere \u00e8 una piaga a livello mondiale &#8211; dichiara Alessia Salvador, responsabile del Coordinamento Donne e per le Politiche di genere e le Pari opportunit\u00e0 della Cisl Belluno Treviso &#8211; e la Giornata Internazionale per l&#8217;eliminazione della violenza contro le donne istituita dall&#8217;Assemblea Generale delle Nazioni Unite rappresenta una data importante, che ricorda a tutti che il rispetto \u00e8 alla base di ogni rapporto e che non \u00e8 accettabile la crescita costante del numero di donne che subiscono violenza, violenza che ha molti, troppi, volti: psicologica, fisica, economica, sessuale, lo stalking e le molestie, e infine la forma pi\u00f9 subdola, ovvero tutte quelle limitazioni che non permettono l&#8217;emancipazione e l&#8217;indipendenza economica delle donne&#8221;.<\/p>","protected":false},"excerpt":{"rendered":"<p>Precarie, con salari pi\u00f9 bassi degli uomini, vittime di violenza. \u00c8 la fotografia della condizione femminile nelle province di Belluno e Treviso scattata dalla Cisl Belluno Treviso e dal Coordinamento Donne e per le Politiche di genere e le Pari opportunit\u00e0 in occasione del 25 novembre, Giornata internazionale per l&#8217;eliminazione della violenza contro le donne. [&hellip;]<\/p>\n","protected":false},"author":2,"featured_media":137886,"comment_status":"closed","ping_status":"open","sticky":false,"template":"","format":"standard","meta":{"footnotes":""},"categories":[3446,36,26],"tags":[],"class_list":["post-137885","post","type-post","status-publish","format-standard","has-post-thumbnail","category-featured","category-lavoro-economia","category-prima-pagina"],"yoast_head":"<!-- This site is optimized with the Yoast SEO plugin v28.4 - https:\/\/yoast.com\/product\/yoast-seo-wordpress\/ -->\n<title>Giornata internazionale per l&#039;eliminazione della violenza contro le donne 2022 Lavoro, conciliazione e violenza di genere: l&#039;analisi della Cisl Belluno Treviso - Bellunopress - Dolomiti<\/title>\n<meta name=\"robots\" content=\"index, follow, max-snippet:-1, max-image-preview:large, max-video-preview:-1\" \/>\n<link rel=\"canonical\" href=\"https:\/\/www.bellunopress.it\/fr\/2022\/11\/23\/giornata-internazionale-per-leliminazione-della-violenza-contro-le-donne-2022-lavoro-conciliazione-e-violenza-di-genere-lanalisi-della-cisl-belluno-treviso\/\" \/>\n<meta property=\"og:locale\" content=\"fr_FR\" \/>\n<meta property=\"og:type\" content=\"article\" \/>\n<meta property=\"og:title\" content=\"Giornata internazionale per l&#039;eliminazione della violenza contro le donne 2022 Lavoro, conciliazione e violenza di genere: l&#039;analisi della Cisl Belluno Treviso - Bellunopress - Dolomiti\" \/>\n<meta property=\"og:description\" content=\"Precarie, con salari pi\u00f9 bassi degli uomini, vittime di violenza. \u00c8 la fotografia della condizione femminile nelle province di Belluno e Treviso scattata dalla Cisl Belluno Treviso e dal Coordinamento Donne e per le Politiche di genere e le Pari opportunit\u00e0 in occasione del 25 novembre, Giornata internazionale per l&#8217;eliminazione della violenza contro le donne. [&hellip;]\" \/>\n<meta property=\"og:url\" content=\"https:\/\/www.bellunopress.it\/fr\/2022\/11\/23\/giornata-internazionale-per-leliminazione-della-violenza-contro-le-donne-2022-lavoro-conciliazione-e-violenza-di-genere-lanalisi-della-cisl-belluno-treviso\/\" \/>\n<meta property=\"og:site_name\" content=\"Bellunopress - Dolomiti\" \/>\n<meta property=\"article:publisher\" content=\"https:\/\/www.facebook.com\/profile.php?id=100008943462799\" \/>\n<meta property=\"article:published_time\" content=\"2022-11-23T13:49:18+00:00\" \/>\n<meta property=\"article:modified_time\" content=\"2022-11-23T20:05:32+00:00\" \/>\n<meta property=\"og:image\" content=\"https:\/\/www.bellunopress.it\/wp-content\/uploads\/2022\/11\/Cisl-occupaz-uomo-donna-bl-tv_edited.jpg\" \/>\n\t<meta property=\"og:image:width\" content=\"1000\" \/>\n\t<meta property=\"og:image:height\" content=\"601\" \/>\n\t<meta property=\"og:image:type\" content=\"image\/jpeg\" \/>\n<meta name=\"author\" content=\"redazione\" \/>\n<meta name=\"twitter:card\" content=\"summary_large_image\" \/>\n<meta name=\"twitter:creator\" content=\"@bellunopress\" \/>\n<meta name=\"twitter:site\" content=\"@bellunopress\" \/>\n<meta name=\"twitter:label1\" content=\"Written by\" \/>\n\t<meta name=\"twitter:data1\" content=\"redazione\" \/>\n\t<meta name=\"twitter:label2\" content=\"Est. reading time\" \/>\n\t<meta name=\"twitter:data2\" content=\"7 minutes\" \/>\n<script type=\"application\/ld+json\" class=\"yoast-schema-graph\">{\"@context\":\"https:\\\/\\\/schema.org\",\"@graph\":[{\"@type\":\"Article\",\"@id\":\"https:\\\/\\\/www.bellunopress.it\\\/2022\\\/11\\\/23\\\/giornata-internazionale-per-leliminazione-della-violenza-contro-le-donne-2022-lavoro-conciliazione-e-violenza-di-genere-lanalisi-della-cisl-belluno-treviso\\\/#article\",\"isPartOf\":{\"@id\":\"https:\\\/\\\/www.bellunopress.it\\\/2022\\\/11\\\/23\\\/giornata-internazionale-per-leliminazione-della-violenza-contro-le-donne-2022-lavoro-conciliazione-e-violenza-di-genere-lanalisi-della-cisl-belluno-treviso\\\/\"},\"author\":{\"name\":\"redazione\",\"@id\":\"https:\\\/\\\/www.bellunopress.it\\\/#\\\/schema\\\/person\\\/79bb06722b37ece1c03d3e94beb30d73\"},\"headline\":\"Giornata internazionale per l&#8217;eliminazione della violenza contro le donne 2022 Lavoro, conciliazione e violenza di genere: l&#8217;analisi della Cisl Belluno Treviso\",\"datePublished\":\"2022-11-23T13:49:18+00:00\",\"dateModified\":\"2022-11-23T20:05:32+00:00\",\"mainEntityOfPage\":{\"@id\":\"https:\\\/\\\/www.bellunopress.it\\\/2022\\\/11\\\/23\\\/giornata-internazionale-per-leliminazione-della-violenza-contro-le-donne-2022-lavoro-conciliazione-e-violenza-di-genere-lanalisi-della-cisl-belluno-treviso\\\/\"},\"wordCount\":1135,\"publisher\":{\"@id\":\"https:\\\/\\\/www.bellunopress.it\\\/#organization\"},\"image\":{\"@id\":\"https:\\\/\\\/www.bellunopress.it\\\/2022\\\/11\\\/23\\\/giornata-internazionale-per-leliminazione-della-violenza-contro-le-donne-2022-lavoro-conciliazione-e-violenza-di-genere-lanalisi-della-cisl-belluno-treviso\\\/#primaryimage\"},\"thumbnailUrl\":\"https:\\\/\\\/www.bellunopress.it\\\/wp-content\\\/uploads\\\/2022\\\/11\\\/Cisl-occupaz-uomo-donna-bl-tv_edited.jpg\",\"articleSection\":[\"Featured\",\"Lavoro, Economia, Turismo\",\"Prima Pagina\"],\"inLanguage\":\"fr-FR\"},{\"@type\":\"WebPage\",\"@id\":\"https:\\\/\\\/www.bellunopress.it\\\/2022\\\/11\\\/23\\\/giornata-internazionale-per-leliminazione-della-violenza-contro-le-donne-2022-lavoro-conciliazione-e-violenza-di-genere-lanalisi-della-cisl-belluno-treviso\\\/\",\"url\":\"https:\\\/\\\/www.bellunopress.it\\\/2022\\\/11\\\/23\\\/giornata-internazionale-per-leliminazione-della-violenza-contro-le-donne-2022-lavoro-conciliazione-e-violenza-di-genere-lanalisi-della-cisl-belluno-treviso\\\/\",\"name\":\"Giornata internazionale per l'eliminazione della violenza contro le donne 2022 Lavoro, conciliazione e violenza di genere: l'analisi della Cisl Belluno Treviso - Bellunopress - Dolomiti\",\"isPartOf\":{\"@id\":\"https:\\\/\\\/www.bellunopress.it\\\/#website\"},\"primaryImageOfPage\":{\"@id\":\"https:\\\/\\\/www.bellunopress.it\\\/2022\\\/11\\\/23\\\/giornata-internazionale-per-leliminazione-della-violenza-contro-le-donne-2022-lavoro-conciliazione-e-violenza-di-genere-lanalisi-della-cisl-belluno-treviso\\\/#primaryimage\"},\"image\":{\"@id\":\"https:\\\/\\\/www.bellunopress.it\\\/2022\\\/11\\\/23\\\/giornata-internazionale-per-leliminazione-della-violenza-contro-le-donne-2022-lavoro-conciliazione-e-violenza-di-genere-lanalisi-della-cisl-belluno-treviso\\\/#primaryimage\"},\"thumbnailUrl\":\"https:\\\/\\\/www.bellunopress.it\\\/wp-content\\\/uploads\\\/2022\\\/11\\\/Cisl-occupaz-uomo-donna-bl-tv_edited.jpg\",\"datePublished\":\"2022-11-23T13:49:18+00:00\",\"dateModified\":\"2022-11-23T20:05:32+00:00\",\"breadcrumb\":{\"@id\":\"https:\\\/\\\/www.bellunopress.it\\\/2022\\\/11\\\/23\\\/giornata-internazionale-per-leliminazione-della-violenza-contro-le-donne-2022-lavoro-conciliazione-e-violenza-di-genere-lanalisi-della-cisl-belluno-treviso\\\/#breadcrumb\"},\"inLanguage\":\"fr-FR\",\"potentialAction\":[{\"@type\":\"ReadAction\",\"target\":[\"https:\\\/\\\/www.bellunopress.it\\\/2022\\\/11\\\/23\\\/giornata-internazionale-per-leliminazione-della-violenza-contro-le-donne-2022-lavoro-conciliazione-e-violenza-di-genere-lanalisi-della-cisl-belluno-treviso\\\/\"]}]},{\"@type\":\"ImageObject\",\"inLanguage\":\"fr-FR\",\"@id\":\"https:\\\/\\\/www.bellunopress.it\\\/2022\\\/11\\\/23\\\/giornata-internazionale-per-leliminazione-della-violenza-contro-le-donne-2022-lavoro-conciliazione-e-violenza-di-genere-lanalisi-della-cisl-belluno-treviso\\\/#primaryimage\",\"url\":\"https:\\\/\\\/www.bellunopress.it\\\/wp-content\\\/uploads\\\/2022\\\/11\\\/Cisl-occupaz-uomo-donna-bl-tv_edited.jpg\",\"contentUrl\":\"https:\\\/\\\/www.bellunopress.it\\\/wp-content\\\/uploads\\\/2022\\\/11\\\/Cisl-occupaz-uomo-donna-bl-tv_edited.jpg\",\"width\":1000,\"height\":601,\"caption\":\"Cisl Teresa Merotto Alessia Salvador\"},{\"@type\":\"BreadcrumbList\",\"@id\":\"https:\\\/\\\/www.bellunopress.it\\\/2022\\\/11\\\/23\\\/giornata-internazionale-per-leliminazione-della-violenza-contro-le-donne-2022-lavoro-conciliazione-e-violenza-di-genere-lanalisi-della-cisl-belluno-treviso\\\/#breadcrumb\",\"itemListElement\":[{\"@type\":\"ListItem\",\"position\":1,\"name\":\"Home\",\"item\":\"https:\\\/\\\/www.bellunopress.it\\\/\"},{\"@type\":\"ListItem\",\"position\":2,\"name\":\"Giornata internazionale per l&#8217;eliminazione della violenza contro le donne 2022 Lavoro, conciliazione e violenza di genere: l&#8217;analisi della Cisl Belluno Treviso\"}]},{\"@type\":\"WebSite\",\"@id\":\"https:\\\/\\\/www.bellunopress.it\\\/#website\",\"url\":\"https:\\\/\\\/www.bellunopress.it\\\/\",\"name\":\"Bellunopress - Dolomiti\",\"description\":\"e-mail: redazione@bellunopress.it\",\"publisher\":{\"@id\":\"https:\\\/\\\/www.bellunopress.it\\\/#organization\"},\"potentialAction\":[{\"@type\":\"SearchAction\",\"target\":{\"@type\":\"EntryPoint\",\"urlTemplate\":\"https:\\\/\\\/www.bellunopress.it\\\/?s={search_term_string}\"},\"query-input\":{\"@type\":\"PropertyValueSpecification\",\"valueRequired\":true,\"valueName\":\"search_term_string\"}}],\"inLanguage\":\"fr-FR\"},{\"@type\":\"Organization\",\"@id\":\"https:\\\/\\\/www.bellunopress.it\\\/#organization\",\"name\":\"Bellunopress\",\"url\":\"https:\\\/\\\/www.bellunopress.it\\\/\",\"logo\":{\"@type\":\"ImageObject\",\"inLanguage\":\"fr-FR\",\"@id\":\"https:\\\/\\\/www.bellunopress.it\\\/#\\\/schema\\\/logo\\\/image\\\/\",\"url\":\"https:\\\/\\\/www.bellunopress.it\\\/wp-content\\\/uploads\\\/2011\\\/05\\\/cropped-logo-bellunopress-.jpg\",\"contentUrl\":\"https:\\\/\\\/www.bellunopress.it\\\/wp-content\\\/uploads\\\/2011\\\/05\\\/cropped-logo-bellunopress-.jpg\",\"width\":512,\"height\":512,\"caption\":\"Bellunopress\"},\"image\":{\"@id\":\"https:\\\/\\\/www.bellunopress.it\\\/#\\\/schema\\\/logo\\\/image\\\/\"},\"sameAs\":[\"https:\\\/\\\/www.facebook.com\\\/profile.php?id=100008943462799\",\"https:\\\/\\\/x.com\\\/bellunopress\",\"https:\\\/\\\/www.linkedin.com\\\/hp\\\/?dnr=JBzUWaJfMUw8vbXJJ2tVW5-I3jZKvC4wsoxE&amp;amp;amp;amp;amp;amp;trk=nav_responsive_tab_home\",\"https:\\\/\\\/www.youtube.com\\\/channel\\\/UCxL0wu1uN0_3_7hGG0306cw\"]},{\"@type\":\"Person\",\"@id\":\"https:\\\/\\\/www.bellunopress.it\\\/#\\\/schema\\\/person\\\/79bb06722b37ece1c03d3e94beb30d73\",\"name\":\"redazione\",\"image\":{\"@type\":\"ImageObject\",\"inLanguage\":\"fr-FR\",\"@id\":\"https:\\\/\\\/secure.gravatar.com\\\/avatar\\\/37d968a2e67a6fd04c169c4bdef102d0bc5d31b2546345219e348575eb80e9a0?s=96&d=mm&r=g\",\"url\":\"https:\\\/\\\/secure.gravatar.com\\\/avatar\\\/37d968a2e67a6fd04c169c4bdef102d0bc5d31b2546345219e348575eb80e9a0?s=96&d=mm&r=g\",\"contentUrl\":\"https:\\\/\\\/secure.gravatar.com\\\/avatar\\\/37d968a2e67a6fd04c169c4bdef102d0bc5d31b2546345219e348575eb80e9a0?s=96&d=mm&r=g\",\"caption\":\"redazione\"},\"sameAs\":[\"http:\\\/\\\/www.bellunopress.it\",\"https:\\\/\\\/x.com\\\/bellunopress\"],\"url\":\"https:\\\/\\\/www.bellunopress.it\\\/fr\\\/author\\\/redazione\\\/\"}]}<\/script>\n<!-- \/ Yoast SEO plugin. -->","yoast_head_json":{"title":"Giornata internazionale per l'eliminazione della violenza contro le donne 2022 Lavoro, conciliazione e violenza di genere: l'analisi della Cisl Belluno Treviso - Bellunopress - Dolomiti","robots":{"index":"index","follow":"follow","max-snippet":"max-snippet:-1","max-image-preview":"max-image-preview:large","max-video-preview":"max-video-preview:-1"},"canonical":"https:\/\/www.bellunopress.it\/fr\/2022\/11\/23\/giornata-internazionale-per-leliminazione-della-violenza-contro-le-donne-2022-lavoro-conciliazione-e-violenza-di-genere-lanalisi-della-cisl-belluno-treviso\/","og_locale":"fr_FR","og_type":"article","og_title":"Giornata internazionale per l'eliminazione della violenza contro le donne 2022 Lavoro, conciliazione e violenza di genere: l'analisi della Cisl Belluno Treviso - Bellunopress - Dolomiti","og_description":"Precarie, con salari pi\u00f9 bassi degli uomini, vittime di violenza. \u00c8 la fotografia della condizione femminile nelle province di Belluno e Treviso scattata dalla Cisl Belluno Treviso e dal Coordinamento Donne e per le Politiche di genere e le Pari opportunit\u00e0 in occasione del 25 novembre, Giornata internazionale per l&#8217;eliminazione della violenza contro le donne. [&hellip;]","og_url":"https:\/\/www.bellunopress.it\/fr\/2022\/11\/23\/giornata-internazionale-per-leliminazione-della-violenza-contro-le-donne-2022-lavoro-conciliazione-e-violenza-di-genere-lanalisi-della-cisl-belluno-treviso\/","og_site_name":"Bellunopress - Dolomiti","article_publisher":"https:\/\/www.facebook.com\/profile.php?id=100008943462799","article_published_time":"2022-11-23T13:49:18+00:00","article_modified_time":"2022-11-23T20:05:32+00:00","og_image":[{"width":1000,"height":601,"url":"https:\/\/www.bellunopress.it\/wp-content\/uploads\/2022\/11\/Cisl-occupaz-uomo-donna-bl-tv_edited.jpg","type":"image\/jpeg"}],"author":"redazione","twitter_card":"summary_large_image","twitter_creator":"@bellunopress","twitter_site":"@bellunopress","twitter_misc":{"Written by":"redazione","Est. reading time":"7 minutes"},"schema":{"@context":"https:\/\/schema.org","@graph":[{"@type":"Article","@id":"https:\/\/www.bellunopress.it\/2022\/11\/23\/giornata-internazionale-per-leliminazione-della-violenza-contro-le-donne-2022-lavoro-conciliazione-e-violenza-di-genere-lanalisi-della-cisl-belluno-treviso\/#article","isPartOf":{"@id":"https:\/\/www.bellunopress.it\/2022\/11\/23\/giornata-internazionale-per-leliminazione-della-violenza-contro-le-donne-2022-lavoro-conciliazione-e-violenza-di-genere-lanalisi-della-cisl-belluno-treviso\/"},"author":{"name":"redazione","@id":"https:\/\/www.bellunopress.it\/#\/schema\/person\/79bb06722b37ece1c03d3e94beb30d73"},"headline":"Giornata internazionale per l&#8217;eliminazione della violenza contro le donne 2022 Lavoro, conciliazione e violenza di genere: l&#8217;analisi della Cisl Belluno Treviso","datePublished":"2022-11-23T13:49:18+00:00","dateModified":"2022-11-23T20:05:32+00:00","mainEntityOfPage":{"@id":"https:\/\/www.bellunopress.it\/2022\/11\/23\/giornata-internazionale-per-leliminazione-della-violenza-contro-le-donne-2022-lavoro-conciliazione-e-violenza-di-genere-lanalisi-della-cisl-belluno-treviso\/"},"wordCount":1135,"publisher":{"@id":"https:\/\/www.bellunopress.it\/#organization"},"image":{"@id":"https:\/\/www.bellunopress.it\/2022\/11\/23\/giornata-internazionale-per-leliminazione-della-violenza-contro-le-donne-2022-lavoro-conciliazione-e-violenza-di-genere-lanalisi-della-cisl-belluno-treviso\/#primaryimage"},"thumbnailUrl":"https:\/\/www.bellunopress.it\/wp-content\/uploads\/2022\/11\/Cisl-occupaz-uomo-donna-bl-tv_edited.jpg","articleSection":["Featured","Lavoro, Economia, Turismo","Prima Pagina"],"inLanguage":"fr-FR"},{"@type":"WebPage","@id":"https:\/\/www.bellunopress.it\/2022\/11\/23\/giornata-internazionale-per-leliminazione-della-violenza-contro-le-donne-2022-lavoro-conciliazione-e-violenza-di-genere-lanalisi-della-cisl-belluno-treviso\/","url":"https:\/\/www.bellunopress.it\/2022\/11\/23\/giornata-internazionale-per-leliminazione-della-violenza-contro-le-donne-2022-lavoro-conciliazione-e-violenza-di-genere-lanalisi-della-cisl-belluno-treviso\/","name":"Giornata internazionale per l'eliminazione della violenza contro le donne 2022 Lavoro, conciliazione e violenza di genere: l'analisi della Cisl Belluno Treviso - Bellunopress - Dolomiti","isPartOf":{"@id":"https:\/\/www.bellunopress.it\/#website"},"primaryImageOfPage":{"@id":"https:\/\/www.bellunopress.it\/2022\/11\/23\/giornata-internazionale-per-leliminazione-della-violenza-contro-le-donne-2022-lavoro-conciliazione-e-violenza-di-genere-lanalisi-della-cisl-belluno-treviso\/#primaryimage"},"image":{"@id":"https:\/\/www.bellunopress.it\/2022\/11\/23\/giornata-internazionale-per-leliminazione-della-violenza-contro-le-donne-2022-lavoro-conciliazione-e-violenza-di-genere-lanalisi-della-cisl-belluno-treviso\/#primaryimage"},"thumbnailUrl":"https:\/\/www.bellunopress.it\/wp-content\/uploads\/2022\/11\/Cisl-occupaz-uomo-donna-bl-tv_edited.jpg","datePublished":"2022-11-23T13:49:18+00:00","dateModified":"2022-11-23T20:05:32+00:00","breadcrumb":{"@id":"https:\/\/www.bellunopress.it\/2022\/11\/23\/giornata-internazionale-per-leliminazione-della-violenza-contro-le-donne-2022-lavoro-conciliazione-e-violenza-di-genere-lanalisi-della-cisl-belluno-treviso\/#breadcrumb"},"inLanguage":"fr-FR","potentialAction":[{"@type":"ReadAction","target":["https:\/\/www.bellunopress.it\/2022\/11\/23\/giornata-internazionale-per-leliminazione-della-violenza-contro-le-donne-2022-lavoro-conciliazione-e-violenza-di-genere-lanalisi-della-cisl-belluno-treviso\/"]}]},{"@type":"ImageObject","inLanguage":"fr-FR","@id":"https:\/\/www.bellunopress.it\/2022\/11\/23\/giornata-internazionale-per-leliminazione-della-violenza-contro-le-donne-2022-lavoro-conciliazione-e-violenza-di-genere-lanalisi-della-cisl-belluno-treviso\/#primaryimage","url":"https:\/\/www.bellunopress.it\/wp-content\/uploads\/2022\/11\/Cisl-occupaz-uomo-donna-bl-tv_edited.jpg","contentUrl":"https:\/\/www.bellunopress.it\/wp-content\/uploads\/2022\/11\/Cisl-occupaz-uomo-donna-bl-tv_edited.jpg","width":1000,"height":601,"caption":"Cisl Teresa Merotto Alessia Salvador"},{"@type":"BreadcrumbList","@id":"https:\/\/www.bellunopress.it\/2022\/11\/23\/giornata-internazionale-per-leliminazione-della-violenza-contro-le-donne-2022-lavoro-conciliazione-e-violenza-di-genere-lanalisi-della-cisl-belluno-treviso\/#breadcrumb","itemListElement":[{"@type":"ListItem","position":1,"name":"Home","item":"https:\/\/www.bellunopress.it\/"},{"@type":"ListItem","position":2,"name":"Giornata internazionale per l&#8217;eliminazione della violenza contro le donne 2022 Lavoro, conciliazione e violenza di genere: l&#8217;analisi della Cisl Belluno Treviso"}]},{"@type":"WebSite","@id":"https:\/\/www.bellunopress.it\/#website","url":"https:\/\/www.bellunopress.it\/","name":"Bellunopress - Dolomiti","description":"e-mail: redazione@bellunopress.it","publisher":{"@id":"https:\/\/www.bellunopress.it\/#organization"},"potentialAction":[{"@type":"SearchAction","target":{"@type":"EntryPoint","urlTemplate":"https:\/\/www.bellunopress.it\/?s={search_term_string}"},"query-input":{"@type":"PropertyValueSpecification","valueRequired":true,"valueName":"search_term_string"}}],"inLanguage":"fr-FR"},{"@type":"Organization","@id":"https:\/\/www.bellunopress.it\/#organization","name":"Bellunopress","url":"https:\/\/www.bellunopress.it\/","logo":{"@type":"ImageObject","inLanguage":"fr-FR","@id":"https:\/\/www.bellunopress.it\/#\/schema\/logo\/image\/","url":"https:\/\/www.bellunopress.it\/wp-content\/uploads\/2011\/05\/cropped-logo-bellunopress-.jpg","contentUrl":"https:\/\/www.bellunopress.it\/wp-content\/uploads\/2011\/05\/cropped-logo-bellunopress-.jpg","width":512,"height":512,"caption":"Bellunopress"},"image":{"@id":"https:\/\/www.bellunopress.it\/#\/schema\/logo\/image\/"},"sameAs":["https:\/\/www.facebook.com\/profile.php?id=100008943462799","https:\/\/x.com\/bellunopress","https:\/\/www.linkedin.com\/hp\/?dnr=JBzUWaJfMUw8vbXJJ2tVW5-I3jZKvC4wsoxE&amp;amp;amp;amp;amp;amp;trk=nav_responsive_tab_home","https:\/\/www.youtube.com\/channel\/UCxL0wu1uN0_3_7hGG0306cw"]},{"@type":"Person","@id":"https:\/\/www.bellunopress.it\/#\/schema\/person\/79bb06722b37ece1c03d3e94beb30d73","name":"r\u00e9daction","image":{"@type":"ImageObject","inLanguage":"fr-FR","@id":"https:\/\/secure.gravatar.com\/avatar\/37d968a2e67a6fd04c169c4bdef102d0bc5d31b2546345219e348575eb80e9a0?s=96&d=mm&r=g","url":"https:\/\/secure.gravatar.com\/avatar\/37d968a2e67a6fd04c169c4bdef102d0bc5d31b2546345219e348575eb80e9a0?s=96&d=mm&r=g","contentUrl":"https:\/\/secure.gravatar.com\/avatar\/37d968a2e67a6fd04c169c4bdef102d0bc5d31b2546345219e348575eb80e9a0?s=96&d=mm&r=g","caption":"redazione"},"sameAs":["http:\/\/www.bellunopress.it","https:\/\/x.com\/bellunopress"],"url":"https:\/\/www.bellunopress.it\/fr\/author\/redazione\/"}]}},"_links":{"self":[{"href":"https:\/\/www.bellunopress.it\/fr\/wp-json\/wp\/v2\/posts\/137885","targetHints":{"allow":["GET"]}}],"collection":[{"href":"https:\/\/www.bellunopress.it\/fr\/wp-json\/wp\/v2\/posts"}],"about":[{"href":"https:\/\/www.bellunopress.it\/fr\/wp-json\/wp\/v2\/types\/post"}],"author":[{"embeddable":true,"href":"https:\/\/www.bellunopress.it\/fr\/wp-json\/wp\/v2\/users\/2"}],"replies":[{"embeddable":true,"href":"https:\/\/www.bellunopress.it\/fr\/wp-json\/wp\/v2\/comments?post=137885"}],"version-history":[{"count":1,"href":"https:\/\/www.bellunopress.it\/fr\/wp-json\/wp\/v2\/posts\/137885\/revisions"}],"predecessor-version":[{"id":137887,"href":"https:\/\/www.bellunopress.it\/fr\/wp-json\/wp\/v2\/posts\/137885\/revisions\/137887"}],"wp:featuredmedia":[{"embeddable":true,"href":"https:\/\/www.bellunopress.it\/fr\/wp-json\/wp\/v2\/media\/137886"}],"wp:attachment":[{"href":"https:\/\/www.bellunopress.it\/fr\/wp-json\/wp\/v2\/media?parent=137885"}],"wp:term":[{"taxonomy":"category","embeddable":true,"href":"https:\/\/www.bellunopress.it\/fr\/wp-json\/wp\/v2\/categories?post=137885"},{"taxonomy":"post_tag","embeddable":true,"href":"https:\/\/www.bellunopress.it\/fr\/wp-json\/wp\/v2\/tags?post=137885"}],"curies":[{"name":"wp","href":"https:\/\/api.w.org\/{rel}","templated":true}]}}