{"id":137863,"date":"2022-11-22T20:25:09","date_gmt":"2022-11-22T19:25:09","guid":{"rendered":"https:\/\/www.bellunopress.it\/?p=137863"},"modified":"2022-11-22T20:25:09","modified_gmt":"2022-11-22T19:25:09","slug":"uomo-alla-guida-senza-patente-in-stato-di-ebbrezza-e-in-ore-notturne","status":"publish","type":"post","link":"https:\/\/www.bellunopress.it\/fr\/2022\/11\/22\/uomo-alla-guida-senza-patente-in-stato-di-ebbrezza-e-in-ore-notturne\/","title":{"rendered":"Uomo alla guida senza patente, in stato di ebbrezza e in ore notturne"},"content":{"rendered":"<p><img loading=\"lazy\" decoding=\"async\" class=\"alignleft size-full wp-image-122507\" src=\"https:\/\/www.bellunopress.it\/wp-content\/uploads\/2021\/03\/Polizia-Stradale_edited.jpg\" alt=\"\" width=\"1000\" height=\"650\" srcset=\"https:\/\/www.bellunopress.it\/wp-content\/uploads\/2021\/03\/Polizia-Stradale_edited.jpg 1000w, https:\/\/www.bellunopress.it\/wp-content\/uploads\/2021\/03\/Polizia-Stradale_edited-500x325.jpg 500w, https:\/\/www.bellunopress.it\/wp-content\/uploads\/2021\/03\/Polizia-Stradale_edited-696x452.jpg 696w, https:\/\/www.bellunopress.it\/wp-content\/uploads\/2021\/03\/Polizia-Stradale_edited-646x420.jpg 646w\" sizes=\"auto, (max-width: 1000px) 100vw, 1000px\" \/>Sabato 19 novembre , alla vigilia della \u201cGiornata nazionale in memoria delle vittime della strada\u201d, veniva fermato alle ore 23:20 alla guida di un furgone un uomo, il quale sceso dal veicolo manifestava agli agenti un comportamento estremamente sintomatico dell\u2019ebbrezza alcolica.<br \/>\nAd essi si rivolgeva infatti sin da subito con un tono di voce marcatamente alto ed espressione verbale incerta, mentre dai suoi movimenti trasparivano difficolt\u00e0 di deambulazione e di coordinamento. L\u2019alito emanava un forte odore di tipo chiaramente alcolico.<br \/>\nSottoposto ad un pi\u00f9 approfondito accertamento del tasso alcolemico, dava come esito un valore di 2,94 grammi per litro, cio\u00e8 ben 6 volte superiore al consentito.<br \/>\nCome se non bastasse, veniva infine accertato, all\u2019esito degli ordinari controlli documentali, che l\u2019uomo era privo di patente in quanto precedentemente revocatagli per analoghe ragioni, e non l\u2019aveva pi\u00f9 conseguita.<\/p>\n<p>Per l\u2019uomo \u00e8 scattata innanzitutto la denuncia all\u2019Autorit\u00e0 Giudiziaria per il reato di guida in stato di ebbrezza, aggravato per essere stato commesso nelle ore notturne, per la quale considerato l\u2019altissimo valore alcolemico rischia il massimo della sanzione edittale prevista, ossia l\u2019arresto fino a un anno e l\u2019ammenda fino a 6mila euro.<br \/>\nParallelamente, veniva anche sanzionato amministrativamente per la guida di veicolo senza patente perch\u00e9 revocata. In questo caso la sanzione \u00e8 stata pari a 5.100,00 euro.<\/p>\n<p>Il fatto che tutto ci\u00f2 sia avvenuto proprio alla vigilia della \u201cGiornata nazionale in memoria delle vittime della strada\u201d impone ancora una riflessione su quanto sia importante, sulla strada, adottare condotte consapevoli e corrette.<\/p>\n<p>Alcol, distrazione, velocit\u00e0 elevata, mancato rispetto della distanza di sicurezza e della segnaletica stradale, sono i principali ma solo alcuni dei tanti errori che si commettono quando si \u00e8 al volante di una autovettura, una moto, una bicicletta, un monopattino, o ancora un autocarro. Anche tra i pedoni, non sono infrequenti comportamenti azzardati, dettati molto spesso anche in questo caso dalla distrazione.<br \/>\nLa sicurezza stradale \u00e8 uno dei maggiori problemi da affrontare, soprattutto in previsione dell&#8217;obiettivo europeo di ridurre drasticamente il numero delle vittime entro il 2030, fino ad azzerarlo completamente entro il 2050. Secondo i dati Istat, il numero degli incidenti, e delle morti su strada, \u00e8 gi\u00e0 considerevolmente diminuito nell\u2019ultimo ventennio.<\/p>\n<p>E\u2019 il segno evidente che qualcosa sta cambiando in meglio. Una maggiore e diffusa informazione ed educazione stradale, oltre al generale senso civico di rispetto per se stessi e gli altri, rappresentano senz\u2019altro i propulsori di una rinnovata cultura della sicurezza che, se adeguatamente alimentata e supportata, potr\u00e0 sicuramente minimizzare al massimo i rischi sulla strada.<br \/>\nE\u2019 fondamentale peraltro, in questo senso, che a fianco alla educazione stradale siano assicurati servizi di vigilanza e controllo delle condotte che violano le norme del Codice della Strada.<\/p>\n<p>Il comandante della Polizia Stradale di Belluno, Atorino Salvatore Erich, dichiara: \u201cAppena ieri si \u00e8 celebrata la Giornata nazionale in memoria delle vittime della strada. La Polizia di Stato ci tiene a far sentire la sua vicinanza al fianco delle vittime e ai loro familiari, aiutando chi \u00e8 sopravvissuto all\u2019incidente. Nella prospettiva di anticipare e prontamente fermare le condotte rischiose per la sicurezza della circolazione autostradale, continueranno ad essere assicurati incessantemente da parte della Sezione di Polizia Stradale di Belluno costanti servizi di controllo della velocit\u00e0 e rispetto segnaletica stradale, dello stato di alterazione da alcol o droghe, del divieto di utilizzo smartphone alla guida, dell\u2019utilizzo delle cinture di sicurezza e sistemi di ritenuta bambini, del rispetto delle norme previste in tema di tempi di guida e riposo da parte dei conducenti dei mezzi pesanti, della regolarit\u00e0 documentale (assicurazioni e revisioni) ed efficienza dei veicoli, dei trasporti sostanze alimentari e merci pericolose (es. infiammabili). Insomma, di tutto ci\u00f2 che riguarda l\u2019attivit\u00e0 specialistica propria della Specialit\u00e0 Polizia Stradale. E, continuer\u00e0 ancora e senza sosta ogni attivit\u00e0 di prevenzione verso i fenomeni potenzialmente rischiosi per la vita e la salute dei passeggeri dei veicoli che circolano sulle principali arterie della viabilit\u00e0 della Provincia. In occasione della giornata dedicata a tutte le vittime di incidenti, infine, mi preme dedicare un ricordo particolare agli appartenenti alle Forze di Polizia che sono sulla strada tutti i giorni per compiere il proprio dovere e che in certi casi, tutt\u2019altro che infrequenti purtroppo, pagano un tributo altissimo per l\u2019espletamento dei loro doveri\u201d.<\/p>","protected":false},"excerpt":{"rendered":"<p>Sabato 19 novembre , alla vigilia della \u201cGiornata nazionale in memoria delle vittime della strada\u201d, veniva fermato alle ore 23:20 alla guida di un furgone un uomo, il quale sceso dal veicolo manifestava agli agenti un comportamento estremamente sintomatico dell\u2019ebbrezza alcolica. Ad essi si rivolgeva infatti sin da subito con un tono di voce marcatamente [&hellip;]<\/p>\n","protected":false},"author":2,"featured_media":122507,"comment_status":"closed","ping_status":"open","sticky":false,"template":"","format":"standard","meta":{"footnotes":""},"categories":[5],"tags":[],"class_list":["post-137863","post","type-post","status-publish","format-standard","has-post-thumbnail","category-cronaca"],"yoast_head":"<!-- This site is optimized with the Yoast SEO plugin v28.4 - https:\/\/yoast.com\/product\/yoast-seo-wordpress\/ -->\n<title>Uomo alla guida senza patente, in stato di ebbrezza e in ore notturne - Bellunopress - Dolomiti<\/title>\n<meta name=\"robots\" content=\"index, follow, max-snippet:-1, max-image-preview:large, max-video-preview:-1\" \/>\n<link rel=\"canonical\" href=\"https:\/\/www.bellunopress.it\/fr\/2022\/11\/22\/uomo-alla-guida-senza-patente-in-stato-di-ebbrezza-e-in-ore-notturne\/\" \/>\n<meta property=\"og:locale\" content=\"fr_FR\" \/>\n<meta property=\"og:type\" content=\"article\" \/>\n<meta property=\"og:title\" content=\"Uomo alla guida senza patente, in stato di ebbrezza e in ore notturne - Bellunopress - Dolomiti\" \/>\n<meta property=\"og:description\" content=\"Sabato 19 novembre , alla vigilia della \u201cGiornata nazionale in memoria delle vittime della strada\u201d, veniva fermato alle ore 23:20 alla guida di un furgone un uomo, il quale sceso dal veicolo manifestava agli agenti un comportamento estremamente sintomatico dell\u2019ebbrezza alcolica. Ad essi si rivolgeva infatti sin da subito con un tono di voce marcatamente [&hellip;]\" \/>\n<meta property=\"og:url\" content=\"https:\/\/www.bellunopress.it\/fr\/2022\/11\/22\/uomo-alla-guida-senza-patente-in-stato-di-ebbrezza-e-in-ore-notturne\/\" \/>\n<meta property=\"og:site_name\" content=\"Bellunopress - Dolomiti\" \/>\n<meta property=\"article:publisher\" content=\"https:\/\/www.facebook.com\/profile.php?id=100008943462799\" \/>\n<meta property=\"article:published_time\" content=\"2022-11-22T19:25:09+00:00\" \/>\n<meta property=\"og:image\" content=\"https:\/\/www.bellunopress.it\/wp-content\/uploads\/2021\/03\/Polizia-Stradale_edited.jpg\" \/>\n\t<meta property=\"og:image:width\" content=\"1000\" \/>\n\t<meta property=\"og:image:height\" content=\"650\" \/>\n\t<meta property=\"og:image:type\" content=\"image\/jpeg\" \/>\n<meta name=\"author\" content=\"redazione\" \/>\n<meta name=\"twitter:card\" content=\"summary_large_image\" \/>\n<meta name=\"twitter:creator\" content=\"@bellunopress\" \/>\n<meta name=\"twitter:site\" content=\"@bellunopress\" \/>\n<meta name=\"twitter:label1\" content=\"\u00c9crit par\" \/>\n\t<meta name=\"twitter:data1\" content=\"redazione\" \/>\n\t<meta name=\"twitter:label2\" content=\"Dur\u00e9e de lecture estim\u00e9e\" \/>\n\t<meta name=\"twitter:data2\" content=\"4 minutes\" \/>\n<script type=\"application\/ld+json\" class=\"yoast-schema-graph\">{\"@context\":\"https:\\\/\\\/schema.org\",\"@graph\":[{\"@type\":\"Article\",\"@id\":\"https:\\\/\\\/www.bellunopress.it\\\/2022\\\/11\\\/22\\\/uomo-alla-guida-senza-patente-in-stato-di-ebbrezza-e-in-ore-notturne\\\/#article\",\"isPartOf\":{\"@id\":\"https:\\\/\\\/www.bellunopress.it\\\/2022\\\/11\\\/22\\\/uomo-alla-guida-senza-patente-in-stato-di-ebbrezza-e-in-ore-notturne\\\/\"},\"author\":{\"name\":\"redazione\",\"@id\":\"https:\\\/\\\/www.bellunopress.it\\\/#\\\/schema\\\/person\\\/79bb06722b37ece1c03d3e94beb30d73\"},\"headline\":\"Uomo alla guida senza patente, in stato di ebbrezza e in ore notturne\",\"datePublished\":\"2022-11-22T19:25:09+00:00\",\"mainEntityOfPage\":{\"@id\":\"https:\\\/\\\/www.bellunopress.it\\\/2022\\\/11\\\/22\\\/uomo-alla-guida-senza-patente-in-stato-di-ebbrezza-e-in-ore-notturne\\\/\"},\"wordCount\":716,\"publisher\":{\"@id\":\"https:\\\/\\\/www.bellunopress.it\\\/#organization\"},\"image\":{\"@id\":\"https:\\\/\\\/www.bellunopress.it\\\/2022\\\/11\\\/22\\\/uomo-alla-guida-senza-patente-in-stato-di-ebbrezza-e-in-ore-notturne\\\/#primaryimage\"},\"thumbnailUrl\":\"https:\\\/\\\/www.bellunopress.it\\\/wp-content\\\/uploads\\\/2021\\\/03\\\/Polizia-Stradale_edited.jpg\",\"articleSection\":[\"Cronaca\\\/Politica\"],\"inLanguage\":\"fr-FR\"},{\"@type\":\"WebPage\",\"@id\":\"https:\\\/\\\/www.bellunopress.it\\\/2022\\\/11\\\/22\\\/uomo-alla-guida-senza-patente-in-stato-di-ebbrezza-e-in-ore-notturne\\\/\",\"url\":\"https:\\\/\\\/www.bellunopress.it\\\/2022\\\/11\\\/22\\\/uomo-alla-guida-senza-patente-in-stato-di-ebbrezza-e-in-ore-notturne\\\/\",\"name\":\"Uomo alla guida senza patente, in stato di ebbrezza e in ore notturne - Bellunopress - Dolomiti\",\"isPartOf\":{\"@id\":\"https:\\\/\\\/www.bellunopress.it\\\/#website\"},\"primaryImageOfPage\":{\"@id\":\"https:\\\/\\\/www.bellunopress.it\\\/2022\\\/11\\\/22\\\/uomo-alla-guida-senza-patente-in-stato-di-ebbrezza-e-in-ore-notturne\\\/#primaryimage\"},\"image\":{\"@id\":\"https:\\\/\\\/www.bellunopress.it\\\/2022\\\/11\\\/22\\\/uomo-alla-guida-senza-patente-in-stato-di-ebbrezza-e-in-ore-notturne\\\/#primaryimage\"},\"thumbnailUrl\":\"https:\\\/\\\/www.bellunopress.it\\\/wp-content\\\/uploads\\\/2021\\\/03\\\/Polizia-Stradale_edited.jpg\",\"datePublished\":\"2022-11-22T19:25:09+00:00\",\"breadcrumb\":{\"@id\":\"https:\\\/\\\/www.bellunopress.it\\\/2022\\\/11\\\/22\\\/uomo-alla-guida-senza-patente-in-stato-di-ebbrezza-e-in-ore-notturne\\\/#breadcrumb\"},\"inLanguage\":\"fr-FR\",\"potentialAction\":[{\"@type\":\"ReadAction\",\"target\":[\"https:\\\/\\\/www.bellunopress.it\\\/2022\\\/11\\\/22\\\/uomo-alla-guida-senza-patente-in-stato-di-ebbrezza-e-in-ore-notturne\\\/\"]}]},{\"@type\":\"ImageObject\",\"inLanguage\":\"fr-FR\",\"@id\":\"https:\\\/\\\/www.bellunopress.it\\\/2022\\\/11\\\/22\\\/uomo-alla-guida-senza-patente-in-stato-di-ebbrezza-e-in-ore-notturne\\\/#primaryimage\",\"url\":\"https:\\\/\\\/www.bellunopress.it\\\/wp-content\\\/uploads\\\/2021\\\/03\\\/Polizia-Stradale_edited.jpg\",\"contentUrl\":\"https:\\\/\\\/www.bellunopress.it\\\/wp-content\\\/uploads\\\/2021\\\/03\\\/Polizia-Stradale_edited.jpg\",\"width\":1000,\"height\":650,\"caption\":\"Polizia stradale (Foto di repertorio)\"},{\"@type\":\"BreadcrumbList\",\"@id\":\"https:\\\/\\\/www.bellunopress.it\\\/2022\\\/11\\\/22\\\/uomo-alla-guida-senza-patente-in-stato-di-ebbrezza-e-in-ore-notturne\\\/#breadcrumb\",\"itemListElement\":[{\"@type\":\"ListItem\",\"position\":1,\"name\":\"Home\",\"item\":\"https:\\\/\\\/www.bellunopress.it\\\/\"},{\"@type\":\"ListItem\",\"position\":2,\"name\":\"Uomo alla guida senza patente, in stato di ebbrezza e in ore notturne\"}]},{\"@type\":\"WebSite\",\"@id\":\"https:\\\/\\\/www.bellunopress.it\\\/#website\",\"url\":\"https:\\\/\\\/www.bellunopress.it\\\/\",\"name\":\"Bellunopress - Dolomiti\",\"description\":\"e-mail: redazione@bellunopress.it\",\"publisher\":{\"@id\":\"https:\\\/\\\/www.bellunopress.it\\\/#organization\"},\"potentialAction\":[{\"@type\":\"SearchAction\",\"target\":{\"@type\":\"EntryPoint\",\"urlTemplate\":\"https:\\\/\\\/www.bellunopress.it\\\/?s={search_term_string}\"},\"query-input\":{\"@type\":\"PropertyValueSpecification\",\"valueRequired\":true,\"valueName\":\"search_term_string\"}}],\"inLanguage\":\"fr-FR\"},{\"@type\":\"Organization\",\"@id\":\"https:\\\/\\\/www.bellunopress.it\\\/#organization\",\"name\":\"Bellunopress\",\"url\":\"https:\\\/\\\/www.bellunopress.it\\\/\",\"logo\":{\"@type\":\"ImageObject\",\"inLanguage\":\"fr-FR\",\"@id\":\"https:\\\/\\\/www.bellunopress.it\\\/#\\\/schema\\\/logo\\\/image\\\/\",\"url\":\"https:\\\/\\\/www.bellunopress.it\\\/wp-content\\\/uploads\\\/2011\\\/05\\\/cropped-logo-bellunopress-.jpg\",\"contentUrl\":\"https:\\\/\\\/www.bellunopress.it\\\/wp-content\\\/uploads\\\/2011\\\/05\\\/cropped-logo-bellunopress-.jpg\",\"width\":512,\"height\":512,\"caption\":\"Bellunopress\"},\"image\":{\"@id\":\"https:\\\/\\\/www.bellunopress.it\\\/#\\\/schema\\\/logo\\\/image\\\/\"},\"sameAs\":[\"https:\\\/\\\/www.facebook.com\\\/profile.php?id=100008943462799\",\"https:\\\/\\\/x.com\\\/bellunopress\",\"https:\\\/\\\/www.linkedin.com\\\/hp\\\/?dnr=JBzUWaJfMUw8vbXJJ2tVW5-I3jZKvC4wsoxE&amp;amp;amp;amp;amp;amp;trk=nav_responsive_tab_home\",\"https:\\\/\\\/www.youtube.com\\\/channel\\\/UCxL0wu1uN0_3_7hGG0306cw\"]},{\"@type\":\"Person\",\"@id\":\"https:\\\/\\\/www.bellunopress.it\\\/#\\\/schema\\\/person\\\/79bb06722b37ece1c03d3e94beb30d73\",\"name\":\"redazione\",\"image\":{\"@type\":\"ImageObject\",\"inLanguage\":\"fr-FR\",\"@id\":\"https:\\\/\\\/secure.gravatar.com\\\/avatar\\\/37d968a2e67a6fd04c169c4bdef102d0bc5d31b2546345219e348575eb80e9a0?s=96&d=mm&r=g\",\"url\":\"https:\\\/\\\/secure.gravatar.com\\\/avatar\\\/37d968a2e67a6fd04c169c4bdef102d0bc5d31b2546345219e348575eb80e9a0?s=96&d=mm&r=g\",\"contentUrl\":\"https:\\\/\\\/secure.gravatar.com\\\/avatar\\\/37d968a2e67a6fd04c169c4bdef102d0bc5d31b2546345219e348575eb80e9a0?s=96&d=mm&r=g\",\"caption\":\"redazione\"},\"sameAs\":[\"http:\\\/\\\/www.bellunopress.it\",\"https:\\\/\\\/x.com\\\/bellunopress\"],\"url\":\"https:\\\/\\\/www.bellunopress.it\\\/fr\\\/author\\\/redazione\\\/\"}]}<\/script>\n<!-- \/ Yoast SEO plugin. -->","yoast_head_json":{"title":"Uomo alla guida senza patente, in stato di ebbrezza e in ore notturne - Bellunopress - Dolomiti","robots":{"index":"index","follow":"follow","max-snippet":"max-snippet:-1","max-image-preview":"max-image-preview:large","max-video-preview":"max-video-preview:-1"},"canonical":"https:\/\/www.bellunopress.it\/fr\/2022\/11\/22\/uomo-alla-guida-senza-patente-in-stato-di-ebbrezza-e-in-ore-notturne\/","og_locale":"fr_FR","og_type":"article","og_title":"Uomo alla guida senza patente, in stato di ebbrezza e in ore notturne - Bellunopress - Dolomiti","og_description":"Sabato 19 novembre , alla vigilia della \u201cGiornata nazionale in memoria delle vittime della strada\u201d, veniva fermato alle ore 23:20 alla guida di un furgone un uomo, il quale sceso dal veicolo manifestava agli agenti un comportamento estremamente sintomatico dell\u2019ebbrezza alcolica. Ad essi si rivolgeva infatti sin da subito con un tono di voce marcatamente [&hellip;]","og_url":"https:\/\/www.bellunopress.it\/fr\/2022\/11\/22\/uomo-alla-guida-senza-patente-in-stato-di-ebbrezza-e-in-ore-notturne\/","og_site_name":"Bellunopress - Dolomiti","article_publisher":"https:\/\/www.facebook.com\/profile.php?id=100008943462799","article_published_time":"2022-11-22T19:25:09+00:00","og_image":[{"width":1000,"height":650,"url":"https:\/\/www.bellunopress.it\/wp-content\/uploads\/2021\/03\/Polizia-Stradale_edited.jpg","type":"image\/jpeg"}],"author":"redazione","twitter_card":"summary_large_image","twitter_creator":"@bellunopress","twitter_site":"@bellunopress","twitter_misc":{"\u00c9crit par":"redazione","Dur\u00e9e de lecture estim\u00e9e":"4 minutes"},"schema":{"@context":"https:\/\/schema.org","@graph":[{"@type":"Article","@id":"https:\/\/www.bellunopress.it\/2022\/11\/22\/uomo-alla-guida-senza-patente-in-stato-di-ebbrezza-e-in-ore-notturne\/#article","isPartOf":{"@id":"https:\/\/www.bellunopress.it\/2022\/11\/22\/uomo-alla-guida-senza-patente-in-stato-di-ebbrezza-e-in-ore-notturne\/"},"author":{"name":"redazione","@id":"https:\/\/www.bellunopress.it\/#\/schema\/person\/79bb06722b37ece1c03d3e94beb30d73"},"headline":"Uomo alla guida senza patente, in stato di ebbrezza e in ore notturne","datePublished":"2022-11-22T19:25:09+00:00","mainEntityOfPage":{"@id":"https:\/\/www.bellunopress.it\/2022\/11\/22\/uomo-alla-guida-senza-patente-in-stato-di-ebbrezza-e-in-ore-notturne\/"},"wordCount":716,"publisher":{"@id":"https:\/\/www.bellunopress.it\/#organization"},"image":{"@id":"https:\/\/www.bellunopress.it\/2022\/11\/22\/uomo-alla-guida-senza-patente-in-stato-di-ebbrezza-e-in-ore-notturne\/#primaryimage"},"thumbnailUrl":"https:\/\/www.bellunopress.it\/wp-content\/uploads\/2021\/03\/Polizia-Stradale_edited.jpg","articleSection":["Cronaca\/Politica"],"inLanguage":"fr-FR"},{"@type":"WebPage","@id":"https:\/\/www.bellunopress.it\/2022\/11\/22\/uomo-alla-guida-senza-patente-in-stato-di-ebbrezza-e-in-ore-notturne\/","url":"https:\/\/www.bellunopress.it\/2022\/11\/22\/uomo-alla-guida-senza-patente-in-stato-di-ebbrezza-e-in-ore-notturne\/","name":"Uomo alla guida senza patente, in stato di ebbrezza e in ore notturne - Bellunopress - Dolomiti","isPartOf":{"@id":"https:\/\/www.bellunopress.it\/#website"},"primaryImageOfPage":{"@id":"https:\/\/www.bellunopress.it\/2022\/11\/22\/uomo-alla-guida-senza-patente-in-stato-di-ebbrezza-e-in-ore-notturne\/#primaryimage"},"image":{"@id":"https:\/\/www.bellunopress.it\/2022\/11\/22\/uomo-alla-guida-senza-patente-in-stato-di-ebbrezza-e-in-ore-notturne\/#primaryimage"},"thumbnailUrl":"https:\/\/www.bellunopress.it\/wp-content\/uploads\/2021\/03\/Polizia-Stradale_edited.jpg","datePublished":"2022-11-22T19:25:09+00:00","breadcrumb":{"@id":"https:\/\/www.bellunopress.it\/2022\/11\/22\/uomo-alla-guida-senza-patente-in-stato-di-ebbrezza-e-in-ore-notturne\/#breadcrumb"},"inLanguage":"fr-FR","potentialAction":[{"@type":"ReadAction","target":["https:\/\/www.bellunopress.it\/2022\/11\/22\/uomo-alla-guida-senza-patente-in-stato-di-ebbrezza-e-in-ore-notturne\/"]}]},{"@type":"ImageObject","inLanguage":"fr-FR","@id":"https:\/\/www.bellunopress.it\/2022\/11\/22\/uomo-alla-guida-senza-patente-in-stato-di-ebbrezza-e-in-ore-notturne\/#primaryimage","url":"https:\/\/www.bellunopress.it\/wp-content\/uploads\/2021\/03\/Polizia-Stradale_edited.jpg","contentUrl":"https:\/\/www.bellunopress.it\/wp-content\/uploads\/2021\/03\/Polizia-Stradale_edited.jpg","width":1000,"height":650,"caption":"Polizia stradale (Foto di repertorio)"},{"@type":"BreadcrumbList","@id":"https:\/\/www.bellunopress.it\/2022\/11\/22\/uomo-alla-guida-senza-patente-in-stato-di-ebbrezza-e-in-ore-notturne\/#breadcrumb","itemListElement":[{"@type":"ListItem","position":1,"name":"Home","item":"https:\/\/www.bellunopress.it\/"},{"@type":"ListItem","position":2,"name":"Uomo alla guida senza patente, in stato di ebbrezza e in ore notturne"}]},{"@type":"WebSite","@id":"https:\/\/www.bellunopress.it\/#website","url":"https:\/\/www.bellunopress.it\/","name":"Bellunopress - Dolomiti","description":"e-mail: redazione@bellunopress.it","publisher":{"@id":"https:\/\/www.bellunopress.it\/#organization"},"potentialAction":[{"@type":"SearchAction","target":{"@type":"EntryPoint","urlTemplate":"https:\/\/www.bellunopress.it\/?s={search_term_string}"},"query-input":{"@type":"PropertyValueSpecification","valueRequired":true,"valueName":"search_term_string"}}],"inLanguage":"fr-FR"},{"@type":"Organization","@id":"https:\/\/www.bellunopress.it\/#organization","name":"Bellunopress","url":"https:\/\/www.bellunopress.it\/","logo":{"@type":"ImageObject","inLanguage":"fr-FR","@id":"https:\/\/www.bellunopress.it\/#\/schema\/logo\/image\/","url":"https:\/\/www.bellunopress.it\/wp-content\/uploads\/2011\/05\/cropped-logo-bellunopress-.jpg","contentUrl":"https:\/\/www.bellunopress.it\/wp-content\/uploads\/2011\/05\/cropped-logo-bellunopress-.jpg","width":512,"height":512,"caption":"Bellunopress"},"image":{"@id":"https:\/\/www.bellunopress.it\/#\/schema\/logo\/image\/"},"sameAs":["https:\/\/www.facebook.com\/profile.php?id=100008943462799","https:\/\/x.com\/bellunopress","https:\/\/www.linkedin.com\/hp\/?dnr=JBzUWaJfMUw8vbXJJ2tVW5-I3jZKvC4wsoxE&amp;amp;amp;amp;amp;amp;trk=nav_responsive_tab_home","https:\/\/www.youtube.com\/channel\/UCxL0wu1uN0_3_7hGG0306cw"]},{"@type":"Person","@id":"https:\/\/www.bellunopress.it\/#\/schema\/person\/79bb06722b37ece1c03d3e94beb30d73","name":"r\u00e9daction","image":{"@type":"ImageObject","inLanguage":"fr-FR","@id":"https:\/\/secure.gravatar.com\/avatar\/37d968a2e67a6fd04c169c4bdef102d0bc5d31b2546345219e348575eb80e9a0?s=96&d=mm&r=g","url":"https:\/\/secure.gravatar.com\/avatar\/37d968a2e67a6fd04c169c4bdef102d0bc5d31b2546345219e348575eb80e9a0?s=96&d=mm&r=g","contentUrl":"https:\/\/secure.gravatar.com\/avatar\/37d968a2e67a6fd04c169c4bdef102d0bc5d31b2546345219e348575eb80e9a0?s=96&d=mm&r=g","caption":"redazione"},"sameAs":["http:\/\/www.bellunopress.it","https:\/\/x.com\/bellunopress"],"url":"https:\/\/www.bellunopress.it\/fr\/author\/redazione\/"}]}},"_links":{"self":[{"href":"https:\/\/www.bellunopress.it\/fr\/wp-json\/wp\/v2\/posts\/137863","targetHints":{"allow":["GET"]}}],"collection":[{"href":"https:\/\/www.bellunopress.it\/fr\/wp-json\/wp\/v2\/posts"}],"about":[{"href":"https:\/\/www.bellunopress.it\/fr\/wp-json\/wp\/v2\/types\/post"}],"author":[{"embeddable":true,"href":"https:\/\/www.bellunopress.it\/fr\/wp-json\/wp\/v2\/users\/2"}],"replies":[{"embeddable":true,"href":"https:\/\/www.bellunopress.it\/fr\/wp-json\/wp\/v2\/comments?post=137863"}],"version-history":[{"count":1,"href":"https:\/\/www.bellunopress.it\/fr\/wp-json\/wp\/v2\/posts\/137863\/revisions"}],"predecessor-version":[{"id":137864,"href":"https:\/\/www.bellunopress.it\/fr\/wp-json\/wp\/v2\/posts\/137863\/revisions\/137864"}],"wp:featuredmedia":[{"embeddable":true,"href":"https:\/\/www.bellunopress.it\/fr\/wp-json\/wp\/v2\/media\/122507"}],"wp:attachment":[{"href":"https:\/\/www.bellunopress.it\/fr\/wp-json\/wp\/v2\/media?parent=137863"}],"wp:term":[{"taxonomy":"category","embeddable":true,"href":"https:\/\/www.bellunopress.it\/fr\/wp-json\/wp\/v2\/categories?post=137863"},{"taxonomy":"post_tag","embeddable":true,"href":"https:\/\/www.bellunopress.it\/fr\/wp-json\/wp\/v2\/tags?post=137863"}],"curies":[{"name":"wp","href":"https:\/\/api.w.org\/{rel}","templated":true}]}}