{"id":137860,"date":"2022-11-22T16:19:23","date_gmt":"2022-11-22T15:19:23","guid":{"rendered":"https:\/\/www.bellunopress.it\/?p=137860"},"modified":"2022-11-22T16:19:23","modified_gmt":"2022-11-22T15:19:23","slug":"cortina-si-risveglia-sotto-la-neve-tutto-pronto-per-la-stagione-dello-sci","status":"publish","type":"post","link":"https:\/\/www.bellunopress.it\/fr\/2022\/11\/22\/cortina-si-risveglia-sotto-la-neve-tutto-pronto-per-la-stagione-dello-sci\/","title":{"rendered":"Cortina si risveglia sotto la neve.\u00a0Tutto pronto per la stagione dello sci"},"content":{"rendered":"<p>&nbsp;<\/p>\n<figure id=\"attachment_137861\" aria-describedby=\"caption-attachment-137861\" style=\"width: 1000px\" class=\"wp-caption alignleft\"><img loading=\"lazy\" decoding=\"async\" class=\"size-full wp-image-137861\" src=\"https:\/\/www.bellunopress.it\/wp-content\/uploads\/2022\/11\/Cortina-neve-foto-Paola-Dandrea_edited.jpg\" alt=\"\" width=\"1000\" height=\"667\" srcset=\"https:\/\/www.bellunopress.it\/wp-content\/uploads\/2022\/11\/Cortina-neve-foto-Paola-Dandrea_edited.jpg 1000w, https:\/\/www.bellunopress.it\/wp-content\/uploads\/2022\/11\/Cortina-neve-foto-Paola-Dandrea_edited-500x334.jpg 500w, https:\/\/www.bellunopress.it\/wp-content\/uploads\/2022\/11\/Cortina-neve-foto-Paola-Dandrea_edited-696x464.jpg 696w, https:\/\/www.bellunopress.it\/wp-content\/uploads\/2022\/11\/Cortina-neve-foto-Paola-Dandrea_edited-630x420.jpg 630w\" sizes=\"auto, (max-width: 1000px) 100vw, 1000px\" \/><figcaption id=\"caption-attachment-137861\" class=\"wp-caption-text\">Cortina d&#8217;Ampezzo (Foto: Paola Dandrea)<\/figcaption><\/figure>\n<p>Cortina d\u2019Ampezzo, 22 novembre 2022_La Regina delle Dolomiti \u00e8 pronta a spalancare ufficialmente le porte all\u2019inverno. I primi fiocchi della stagione, che sono iniziati a cadere nella notte, stanno regalando un manto bianco alle maestose cime delle Dolomiti, ma anche alle quote pi\u00f9 basse e in paese. Gli impiantisti di Cortina hanno risposto prontamente a questo regalo della natura, che tutti gli sciatori attendevano con impazienza. Intanto la biglietteria centrale di Cortina e lo shop online sono aperti per tutti coloro che vogliono approfittare dei vantaggi della prevendita e degli acquisti online.<\/p>\n<p>\u201cLa montagna e la neve sono la nostra economia e la nostra risorsa &#8211; dichiara Marco Zardini, presidente del Consorzio Esercenti Impianti a Fune di Cortina d\u2019Ampezzo, San Vito, Auronzo, Misurina (Cortina Skiworld) \u2013 Cortina \u00e8 tra le prime localit\u00e0 alpine ad essersi confrontata con il fenomeno del turismo invernale legato allo sci: intorno ai concetti di ospitalit\u00e0 e di \u201cmontagna da vivere\u201d si sono sviluppate attivit\u00e0 economiche ma soprattutto una comunit\u00e0, la nostra, che anche quest\u2019anno non vede l\u2019ora di iniziare una stagione all\u2019insegna dello sport e dei suoi valori positivi\u201d.<\/p>\n<p>NOVITA\u2019 IN PISTA: TICKET ZONE<\/p>\n<p>Per ottenere il proprio skipass in autonomia e velocit\u00e0, oltre alle casse automatiche (presso la stazione di partenza della Tofana, Cortina Skyline a Son dei Prade, Lagazuoi) da quest\u2019anno sono disponibili le ticket zone (presso Olympia delle Tofane, 5 Torri, Socrepes), punti strategici in cui acquistare e ritirare il proprio biglietto.<\/p>\n<p>DOVE ACQUISTARE LO SKIPASS<\/p>\n<p>Acquistando lo skipass online \u00e8 possibile approfittare di numerosi vantaggi tra cui il 5% di sconto ed evitare le code presso le biglietterie. Grazie all\u2019Hotel Skipass Service si pu\u00f2 scegliere e acquistare lo skipass online, pagando con carta di credito senza costi aggiuntivi. La struttura scelta per il soggiorno sar\u00e0 informata dell\u2019acquisto e far\u00e0 trovare lo skipass direttamente nella stanza il giorno dell\u2019arrivo. Un\u2019altra possibilit\u00e0 \u00e8 l\u2019acquisto online dal sito del Dolomiti Superski e ritiro presso le ticket box (presso Ufficio Skipass, impianti Faloria, Rio Gere, San Vito \u2013 Tambres, Auronzo alla partenza della seggiovia Taiarezze-Malon). \u00c8 sufficiente scansionare il QR-Code ricevuto via e-mail avvicinandolo al lettore delle ticket box, stampare e ritirare lo skipass senza costi aggiuntivi. L\u2019ufficio Skipass (Via Marconi 15, Cortina) \u00e8 aperto alla vendita tutti i giorni dalle 8.30 alle 13 e dalle 15.30 alle 19, domenica solo la mattina. (www.skipasscortina.com)<\/p>","protected":false},"excerpt":{"rendered":"<p>&nbsp; Cortina d\u2019Ampezzo, 22 novembre 2022_La Regina delle Dolomiti \u00e8 pronta a spalancare ufficialmente le porte all\u2019inverno. I primi fiocchi della stagione, che sono iniziati a cadere nella notte, stanno regalando un manto bianco alle maestose cime delle Dolomiti, ma anche alle quote pi\u00f9 basse e in paese. Gli impiantisti di Cortina hanno risposto prontamente [&hellip;]<\/p>\n","protected":false},"author":2,"featured_media":137861,"comment_status":"closed","ping_status":"open","sticky":false,"template":"","format":"standard","meta":{"footnotes":""},"categories":[36],"tags":[],"class_list":["post-137860","post","type-post","status-publish","format-standard","has-post-thumbnail","category-lavoro-economia"],"yoast_head":"<!-- This site is optimized with the Yoast SEO plugin v28.4 - https:\/\/yoast.com\/product\/yoast-seo-wordpress\/ -->\n<title>Cortina si risveglia sotto la neve.\u00a0Tutto pronto per la stagione dello sci - Bellunopress - Dolomiti<\/title>\n<meta name=\"robots\" content=\"index, follow, max-snippet:-1, max-image-preview:large, max-video-preview:-1\" \/>\n<link rel=\"canonical\" href=\"https:\/\/www.bellunopress.it\/fr\/2022\/11\/22\/cortina-si-risveglia-sotto-la-neve-tutto-pronto-per-la-stagione-dello-sci\/\" \/>\n<meta property=\"og:locale\" content=\"fr_FR\" \/>\n<meta property=\"og:type\" content=\"article\" \/>\n<meta property=\"og:title\" content=\"Cortina si risveglia sotto la neve.\u00a0Tutto pronto per la stagione dello sci - Bellunopress - Dolomiti\" \/>\n<meta property=\"og:description\" content=\"&nbsp; Cortina d\u2019Ampezzo, 22 novembre 2022_La Regina delle Dolomiti \u00e8 pronta a spalancare ufficialmente le porte all\u2019inverno. I primi fiocchi della stagione, che sono iniziati a cadere nella notte, stanno regalando un manto bianco alle maestose cime delle Dolomiti, ma anche alle quote pi\u00f9 basse e in paese. Gli impiantisti di Cortina hanno risposto prontamente [&hellip;]\" \/>\n<meta property=\"og:url\" content=\"https:\/\/www.bellunopress.it\/fr\/2022\/11\/22\/cortina-si-risveglia-sotto-la-neve-tutto-pronto-per-la-stagione-dello-sci\/\" \/>\n<meta property=\"og:site_name\" content=\"Bellunopress - Dolomiti\" \/>\n<meta property=\"article:publisher\" content=\"https:\/\/www.facebook.com\/profile.php?id=100008943462799\" \/>\n<meta property=\"article:published_time\" content=\"2022-11-22T15:19:23+00:00\" \/>\n<meta property=\"og:image\" content=\"https:\/\/www.bellunopress.it\/wp-content\/uploads\/2022\/11\/Cortina-neve-foto-Paola-Dandrea_edited.jpg\" \/>\n\t<meta property=\"og:image:width\" content=\"1000\" \/>\n\t<meta property=\"og:image:height\" content=\"667\" \/>\n\t<meta property=\"og:image:type\" content=\"image\/jpeg\" \/>\n<meta name=\"author\" content=\"redazione\" \/>\n<meta name=\"twitter:card\" content=\"summary_large_image\" \/>\n<meta name=\"twitter:creator\" content=\"@bellunopress\" \/>\n<meta name=\"twitter:site\" content=\"@bellunopress\" \/>\n<meta name=\"twitter:label1\" content=\"\u00c9crit par\" \/>\n\t<meta name=\"twitter:data1\" content=\"redazione\" \/>\n\t<meta name=\"twitter:label2\" content=\"Dur\u00e9e de lecture estim\u00e9e\" \/>\n\t<meta name=\"twitter:data2\" content=\"3 minutes\" \/>\n<script type=\"application\/ld+json\" class=\"yoast-schema-graph\">{\"@context\":\"https:\\\/\\\/schema.org\",\"@graph\":[{\"@type\":\"Article\",\"@id\":\"https:\\\/\\\/www.bellunopress.it\\\/2022\\\/11\\\/22\\\/cortina-si-risveglia-sotto-la-neve-tutto-pronto-per-la-stagione-dello-sci\\\/#article\",\"isPartOf\":{\"@id\":\"https:\\\/\\\/www.bellunopress.it\\\/2022\\\/11\\\/22\\\/cortina-si-risveglia-sotto-la-neve-tutto-pronto-per-la-stagione-dello-sci\\\/\"},\"author\":{\"name\":\"redazione\",\"@id\":\"https:\\\/\\\/www.bellunopress.it\\\/#\\\/schema\\\/person\\\/79bb06722b37ece1c03d3e94beb30d73\"},\"headline\":\"Cortina si risveglia sotto la neve.\u00a0Tutto pronto per la stagione dello sci\",\"datePublished\":\"2022-11-22T15:19:23+00:00\",\"mainEntityOfPage\":{\"@id\":\"https:\\\/\\\/www.bellunopress.it\\\/2022\\\/11\\\/22\\\/cortina-si-risveglia-sotto-la-neve-tutto-pronto-per-la-stagione-dello-sci\\\/\"},\"wordCount\":415,\"publisher\":{\"@id\":\"https:\\\/\\\/www.bellunopress.it\\\/#organization\"},\"image\":{\"@id\":\"https:\\\/\\\/www.bellunopress.it\\\/2022\\\/11\\\/22\\\/cortina-si-risveglia-sotto-la-neve-tutto-pronto-per-la-stagione-dello-sci\\\/#primaryimage\"},\"thumbnailUrl\":\"https:\\\/\\\/www.bellunopress.it\\\/wp-content\\\/uploads\\\/2022\\\/11\\\/Cortina-neve-foto-Paola-Dandrea_edited.jpg\",\"articleSection\":[\"Lavoro, Economia, Turismo\"],\"inLanguage\":\"fr-FR\"},{\"@type\":\"WebPage\",\"@id\":\"https:\\\/\\\/www.bellunopress.it\\\/2022\\\/11\\\/22\\\/cortina-si-risveglia-sotto-la-neve-tutto-pronto-per-la-stagione-dello-sci\\\/\",\"url\":\"https:\\\/\\\/www.bellunopress.it\\\/2022\\\/11\\\/22\\\/cortina-si-risveglia-sotto-la-neve-tutto-pronto-per-la-stagione-dello-sci\\\/\",\"name\":\"Cortina si risveglia sotto la neve.\u00a0Tutto pronto per la stagione dello sci - Bellunopress - Dolomiti\",\"isPartOf\":{\"@id\":\"https:\\\/\\\/www.bellunopress.it\\\/#website\"},\"primaryImageOfPage\":{\"@id\":\"https:\\\/\\\/www.bellunopress.it\\\/2022\\\/11\\\/22\\\/cortina-si-risveglia-sotto-la-neve-tutto-pronto-per-la-stagione-dello-sci\\\/#primaryimage\"},\"image\":{\"@id\":\"https:\\\/\\\/www.bellunopress.it\\\/2022\\\/11\\\/22\\\/cortina-si-risveglia-sotto-la-neve-tutto-pronto-per-la-stagione-dello-sci\\\/#primaryimage\"},\"thumbnailUrl\":\"https:\\\/\\\/www.bellunopress.it\\\/wp-content\\\/uploads\\\/2022\\\/11\\\/Cortina-neve-foto-Paola-Dandrea_edited.jpg\",\"datePublished\":\"2022-11-22T15:19:23+00:00\",\"breadcrumb\":{\"@id\":\"https:\\\/\\\/www.bellunopress.it\\\/2022\\\/11\\\/22\\\/cortina-si-risveglia-sotto-la-neve-tutto-pronto-per-la-stagione-dello-sci\\\/#breadcrumb\"},\"inLanguage\":\"fr-FR\",\"potentialAction\":[{\"@type\":\"ReadAction\",\"target\":[\"https:\\\/\\\/www.bellunopress.it\\\/2022\\\/11\\\/22\\\/cortina-si-risveglia-sotto-la-neve-tutto-pronto-per-la-stagione-dello-sci\\\/\"]}]},{\"@type\":\"ImageObject\",\"inLanguage\":\"fr-FR\",\"@id\":\"https:\\\/\\\/www.bellunopress.it\\\/2022\\\/11\\\/22\\\/cortina-si-risveglia-sotto-la-neve-tutto-pronto-per-la-stagione-dello-sci\\\/#primaryimage\",\"url\":\"https:\\\/\\\/www.bellunopress.it\\\/wp-content\\\/uploads\\\/2022\\\/11\\\/Cortina-neve-foto-Paola-Dandrea_edited.jpg\",\"contentUrl\":\"https:\\\/\\\/www.bellunopress.it\\\/wp-content\\\/uploads\\\/2022\\\/11\\\/Cortina-neve-foto-Paola-Dandrea_edited.jpg\",\"width\":1000,\"height\":667,\"caption\":\"Cortina d'Ampezzo (Foto: Paola Dandrea)\"},{\"@type\":\"BreadcrumbList\",\"@id\":\"https:\\\/\\\/www.bellunopress.it\\\/2022\\\/11\\\/22\\\/cortina-si-risveglia-sotto-la-neve-tutto-pronto-per-la-stagione-dello-sci\\\/#breadcrumb\",\"itemListElement\":[{\"@type\":\"ListItem\",\"position\":1,\"name\":\"Home\",\"item\":\"https:\\\/\\\/www.bellunopress.it\\\/\"},{\"@type\":\"ListItem\",\"position\":2,\"name\":\"Cortina si risveglia sotto la neve.\u00a0Tutto pronto per la stagione dello sci\"}]},{\"@type\":\"WebSite\",\"@id\":\"https:\\\/\\\/www.bellunopress.it\\\/#website\",\"url\":\"https:\\\/\\\/www.bellunopress.it\\\/\",\"name\":\"Bellunopress - Dolomiti\",\"description\":\"e-mail: redazione@bellunopress.it\",\"publisher\":{\"@id\":\"https:\\\/\\\/www.bellunopress.it\\\/#organization\"},\"potentialAction\":[{\"@type\":\"SearchAction\",\"target\":{\"@type\":\"EntryPoint\",\"urlTemplate\":\"https:\\\/\\\/www.bellunopress.it\\\/?s={search_term_string}\"},\"query-input\":{\"@type\":\"PropertyValueSpecification\",\"valueRequired\":true,\"valueName\":\"search_term_string\"}}],\"inLanguage\":\"fr-FR\"},{\"@type\":\"Organization\",\"@id\":\"https:\\\/\\\/www.bellunopress.it\\\/#organization\",\"name\":\"Bellunopress\",\"url\":\"https:\\\/\\\/www.bellunopress.it\\\/\",\"logo\":{\"@type\":\"ImageObject\",\"inLanguage\":\"fr-FR\",\"@id\":\"https:\\\/\\\/www.bellunopress.it\\\/#\\\/schema\\\/logo\\\/image\\\/\",\"url\":\"https:\\\/\\\/www.bellunopress.it\\\/wp-content\\\/uploads\\\/2011\\\/05\\\/cropped-logo-bellunopress-.jpg\",\"contentUrl\":\"https:\\\/\\\/www.bellunopress.it\\\/wp-content\\\/uploads\\\/2011\\\/05\\\/cropped-logo-bellunopress-.jpg\",\"width\":512,\"height\":512,\"caption\":\"Bellunopress\"},\"image\":{\"@id\":\"https:\\\/\\\/www.bellunopress.it\\\/#\\\/schema\\\/logo\\\/image\\\/\"},\"sameAs\":[\"https:\\\/\\\/www.facebook.com\\\/profile.php?id=100008943462799\",\"https:\\\/\\\/x.com\\\/bellunopress\",\"https:\\\/\\\/www.linkedin.com\\\/hp\\\/?dnr=JBzUWaJfMUw8vbXJJ2tVW5-I3jZKvC4wsoxE&amp;amp;amp;amp;amp;amp;trk=nav_responsive_tab_home\",\"https:\\\/\\\/www.youtube.com\\\/channel\\\/UCxL0wu1uN0_3_7hGG0306cw\"]},{\"@type\":\"Person\",\"@id\":\"https:\\\/\\\/www.bellunopress.it\\\/#\\\/schema\\\/person\\\/79bb06722b37ece1c03d3e94beb30d73\",\"name\":\"redazione\",\"image\":{\"@type\":\"ImageObject\",\"inLanguage\":\"fr-FR\",\"@id\":\"https:\\\/\\\/secure.gravatar.com\\\/avatar\\\/37d968a2e67a6fd04c169c4bdef102d0bc5d31b2546345219e348575eb80e9a0?s=96&d=mm&r=g\",\"url\":\"https:\\\/\\\/secure.gravatar.com\\\/avatar\\\/37d968a2e67a6fd04c169c4bdef102d0bc5d31b2546345219e348575eb80e9a0?s=96&d=mm&r=g\",\"contentUrl\":\"https:\\\/\\\/secure.gravatar.com\\\/avatar\\\/37d968a2e67a6fd04c169c4bdef102d0bc5d31b2546345219e348575eb80e9a0?s=96&d=mm&r=g\",\"caption\":\"redazione\"},\"sameAs\":[\"http:\\\/\\\/www.bellunopress.it\",\"https:\\\/\\\/x.com\\\/bellunopress\"],\"url\":\"https:\\\/\\\/www.bellunopress.it\\\/fr\\\/author\\\/redazione\\\/\"}]}<\/script>\n<!-- \/ Yoast SEO plugin. -->","yoast_head_json":{"title":"Cortina si risveglia sotto la neve.\u00a0Tutto pronto per la stagione dello sci - Bellunopress - Dolomiti","robots":{"index":"index","follow":"follow","max-snippet":"max-snippet:-1","max-image-preview":"max-image-preview:large","max-video-preview":"max-video-preview:-1"},"canonical":"https:\/\/www.bellunopress.it\/fr\/2022\/11\/22\/cortina-si-risveglia-sotto-la-neve-tutto-pronto-per-la-stagione-dello-sci\/","og_locale":"fr_FR","og_type":"article","og_title":"Cortina si risveglia sotto la neve.\u00a0Tutto pronto per la stagione dello sci - Bellunopress - Dolomiti","og_description":"&nbsp; Cortina d\u2019Ampezzo, 22 novembre 2022_La Regina delle Dolomiti \u00e8 pronta a spalancare ufficialmente le porte all\u2019inverno. I primi fiocchi della stagione, che sono iniziati a cadere nella notte, stanno regalando un manto bianco alle maestose cime delle Dolomiti, ma anche alle quote pi\u00f9 basse e in paese. Gli impiantisti di Cortina hanno risposto prontamente [&hellip;]","og_url":"https:\/\/www.bellunopress.it\/fr\/2022\/11\/22\/cortina-si-risveglia-sotto-la-neve-tutto-pronto-per-la-stagione-dello-sci\/","og_site_name":"Bellunopress - Dolomiti","article_publisher":"https:\/\/www.facebook.com\/profile.php?id=100008943462799","article_published_time":"2022-11-22T15:19:23+00:00","og_image":[{"width":1000,"height":667,"url":"https:\/\/www.bellunopress.it\/wp-content\/uploads\/2022\/11\/Cortina-neve-foto-Paola-Dandrea_edited.jpg","type":"image\/jpeg"}],"author":"redazione","twitter_card":"summary_large_image","twitter_creator":"@bellunopress","twitter_site":"@bellunopress","twitter_misc":{"\u00c9crit par":"redazione","Dur\u00e9e de lecture estim\u00e9e":"3 minutes"},"schema":{"@context":"https:\/\/schema.org","@graph":[{"@type":"Article","@id":"https:\/\/www.bellunopress.it\/2022\/11\/22\/cortina-si-risveglia-sotto-la-neve-tutto-pronto-per-la-stagione-dello-sci\/#article","isPartOf":{"@id":"https:\/\/www.bellunopress.it\/2022\/11\/22\/cortina-si-risveglia-sotto-la-neve-tutto-pronto-per-la-stagione-dello-sci\/"},"author":{"name":"redazione","@id":"https:\/\/www.bellunopress.it\/#\/schema\/person\/79bb06722b37ece1c03d3e94beb30d73"},"headline":"Cortina si risveglia sotto la neve.\u00a0Tutto pronto per la stagione dello sci","datePublished":"2022-11-22T15:19:23+00:00","mainEntityOfPage":{"@id":"https:\/\/www.bellunopress.it\/2022\/11\/22\/cortina-si-risveglia-sotto-la-neve-tutto-pronto-per-la-stagione-dello-sci\/"},"wordCount":415,"publisher":{"@id":"https:\/\/www.bellunopress.it\/#organization"},"image":{"@id":"https:\/\/www.bellunopress.it\/2022\/11\/22\/cortina-si-risveglia-sotto-la-neve-tutto-pronto-per-la-stagione-dello-sci\/#primaryimage"},"thumbnailUrl":"https:\/\/www.bellunopress.it\/wp-content\/uploads\/2022\/11\/Cortina-neve-foto-Paola-Dandrea_edited.jpg","articleSection":["Lavoro, Economia, Turismo"],"inLanguage":"fr-FR"},{"@type":"WebPage","@id":"https:\/\/www.bellunopress.it\/2022\/11\/22\/cortina-si-risveglia-sotto-la-neve-tutto-pronto-per-la-stagione-dello-sci\/","url":"https:\/\/www.bellunopress.it\/2022\/11\/22\/cortina-si-risveglia-sotto-la-neve-tutto-pronto-per-la-stagione-dello-sci\/","name":"Cortina si risveglia sotto la neve.\u00a0Tutto pronto per la stagione dello sci - Bellunopress - Dolomiti","isPartOf":{"@id":"https:\/\/www.bellunopress.it\/#website"},"primaryImageOfPage":{"@id":"https:\/\/www.bellunopress.it\/2022\/11\/22\/cortina-si-risveglia-sotto-la-neve-tutto-pronto-per-la-stagione-dello-sci\/#primaryimage"},"image":{"@id":"https:\/\/www.bellunopress.it\/2022\/11\/22\/cortina-si-risveglia-sotto-la-neve-tutto-pronto-per-la-stagione-dello-sci\/#primaryimage"},"thumbnailUrl":"https:\/\/www.bellunopress.it\/wp-content\/uploads\/2022\/11\/Cortina-neve-foto-Paola-Dandrea_edited.jpg","datePublished":"2022-11-22T15:19:23+00:00","breadcrumb":{"@id":"https:\/\/www.bellunopress.it\/2022\/11\/22\/cortina-si-risveglia-sotto-la-neve-tutto-pronto-per-la-stagione-dello-sci\/#breadcrumb"},"inLanguage":"fr-FR","potentialAction":[{"@type":"ReadAction","target":["https:\/\/www.bellunopress.it\/2022\/11\/22\/cortina-si-risveglia-sotto-la-neve-tutto-pronto-per-la-stagione-dello-sci\/"]}]},{"@type":"ImageObject","inLanguage":"fr-FR","@id":"https:\/\/www.bellunopress.it\/2022\/11\/22\/cortina-si-risveglia-sotto-la-neve-tutto-pronto-per-la-stagione-dello-sci\/#primaryimage","url":"https:\/\/www.bellunopress.it\/wp-content\/uploads\/2022\/11\/Cortina-neve-foto-Paola-Dandrea_edited.jpg","contentUrl":"https:\/\/www.bellunopress.it\/wp-content\/uploads\/2022\/11\/Cortina-neve-foto-Paola-Dandrea_edited.jpg","width":1000,"height":667,"caption":"Cortina d'Ampezzo (Foto: Paola Dandrea)"},{"@type":"BreadcrumbList","@id":"https:\/\/www.bellunopress.it\/2022\/11\/22\/cortina-si-risveglia-sotto-la-neve-tutto-pronto-per-la-stagione-dello-sci\/#breadcrumb","itemListElement":[{"@type":"ListItem","position":1,"name":"Home","item":"https:\/\/www.bellunopress.it\/"},{"@type":"ListItem","position":2,"name":"Cortina si risveglia sotto la neve.\u00a0Tutto pronto per la stagione dello sci"}]},{"@type":"WebSite","@id":"https:\/\/www.bellunopress.it\/#website","url":"https:\/\/www.bellunopress.it\/","name":"Bellunopress - Dolomiti","description":"e-mail: redazione@bellunopress.it","publisher":{"@id":"https:\/\/www.bellunopress.it\/#organization"},"potentialAction":[{"@type":"SearchAction","target":{"@type":"EntryPoint","urlTemplate":"https:\/\/www.bellunopress.it\/?s={search_term_string}"},"query-input":{"@type":"PropertyValueSpecification","valueRequired":true,"valueName":"search_term_string"}}],"inLanguage":"fr-FR"},{"@type":"Organization","@id":"https:\/\/www.bellunopress.it\/#organization","name":"Bellunopress","url":"https:\/\/www.bellunopress.it\/","logo":{"@type":"ImageObject","inLanguage":"fr-FR","@id":"https:\/\/www.bellunopress.it\/#\/schema\/logo\/image\/","url":"https:\/\/www.bellunopress.it\/wp-content\/uploads\/2011\/05\/cropped-logo-bellunopress-.jpg","contentUrl":"https:\/\/www.bellunopress.it\/wp-content\/uploads\/2011\/05\/cropped-logo-bellunopress-.jpg","width":512,"height":512,"caption":"Bellunopress"},"image":{"@id":"https:\/\/www.bellunopress.it\/#\/schema\/logo\/image\/"},"sameAs":["https:\/\/www.facebook.com\/profile.php?id=100008943462799","https:\/\/x.com\/bellunopress","https:\/\/www.linkedin.com\/hp\/?dnr=JBzUWaJfMUw8vbXJJ2tVW5-I3jZKvC4wsoxE&amp;amp;amp;amp;amp;amp;trk=nav_responsive_tab_home","https:\/\/www.youtube.com\/channel\/UCxL0wu1uN0_3_7hGG0306cw"]},{"@type":"Person","@id":"https:\/\/www.bellunopress.it\/#\/schema\/person\/79bb06722b37ece1c03d3e94beb30d73","name":"r\u00e9daction","image":{"@type":"ImageObject","inLanguage":"fr-FR","@id":"https:\/\/secure.gravatar.com\/avatar\/37d968a2e67a6fd04c169c4bdef102d0bc5d31b2546345219e348575eb80e9a0?s=96&d=mm&r=g","url":"https:\/\/secure.gravatar.com\/avatar\/37d968a2e67a6fd04c169c4bdef102d0bc5d31b2546345219e348575eb80e9a0?s=96&d=mm&r=g","contentUrl":"https:\/\/secure.gravatar.com\/avatar\/37d968a2e67a6fd04c169c4bdef102d0bc5d31b2546345219e348575eb80e9a0?s=96&d=mm&r=g","caption":"redazione"},"sameAs":["http:\/\/www.bellunopress.it","https:\/\/x.com\/bellunopress"],"url":"https:\/\/www.bellunopress.it\/fr\/author\/redazione\/"}]}},"_links":{"self":[{"href":"https:\/\/www.bellunopress.it\/fr\/wp-json\/wp\/v2\/posts\/137860","targetHints":{"allow":["GET"]}}],"collection":[{"href":"https:\/\/www.bellunopress.it\/fr\/wp-json\/wp\/v2\/posts"}],"about":[{"href":"https:\/\/www.bellunopress.it\/fr\/wp-json\/wp\/v2\/types\/post"}],"author":[{"embeddable":true,"href":"https:\/\/www.bellunopress.it\/fr\/wp-json\/wp\/v2\/users\/2"}],"replies":[{"embeddable":true,"href":"https:\/\/www.bellunopress.it\/fr\/wp-json\/wp\/v2\/comments?post=137860"}],"version-history":[{"count":1,"href":"https:\/\/www.bellunopress.it\/fr\/wp-json\/wp\/v2\/posts\/137860\/revisions"}],"predecessor-version":[{"id":137862,"href":"https:\/\/www.bellunopress.it\/fr\/wp-json\/wp\/v2\/posts\/137860\/revisions\/137862"}],"wp:featuredmedia":[{"embeddable":true,"href":"https:\/\/www.bellunopress.it\/fr\/wp-json\/wp\/v2\/media\/137861"}],"wp:attachment":[{"href":"https:\/\/www.bellunopress.it\/fr\/wp-json\/wp\/v2\/media?parent=137860"}],"wp:term":[{"taxonomy":"category","embeddable":true,"href":"https:\/\/www.bellunopress.it\/fr\/wp-json\/wp\/v2\/categories?post=137860"},{"taxonomy":"post_tag","embeddable":true,"href":"https:\/\/www.bellunopress.it\/fr\/wp-json\/wp\/v2\/tags?post=137860"}],"curies":[{"name":"wp","href":"https:\/\/api.w.org\/{rel}","templated":true}]}}