{"id":137858,"date":"2022-11-22T12:10:43","date_gmt":"2022-11-22T11:10:43","guid":{"rendered":"https:\/\/www.bellunopress.it\/?p=137858"},"modified":"2022-11-24T07:56:46","modified_gmt":"2022-11-24T06:56:46","slug":"biblioteca-civica-di-belluno-dal-1-dicembre-apertura-anche-il-venerdi-pomeriggio","status":"publish","type":"post","link":"https:\/\/www.bellunopress.it\/fr\/2022\/11\/22\/biblioteca-civica-di-belluno-dal-1-dicembre-apertura-anche-il-venerdi-pomeriggio\/","title":{"rendered":"Biblioteca Civica di Belluno: dal 1\u00b0 dicembre apertura anche il venerd\u00ec pomeriggio"},"content":{"rendered":"<figure id=\"attachment_125057\" aria-describedby=\"caption-attachment-125057\" style=\"width: 800px\" class=\"wp-caption alignleft\"><img loading=\"lazy\" decoding=\"async\" class=\"size-full wp-image-125057\" src=\"https:\/\/www.bellunopress.it\/wp-content\/uploads\/2021\/06\/palazzo-bembo_edited.jpg\" alt=\"biblioteca civica belluno\" width=\"800\" height=\"600\" srcset=\"https:\/\/www.bellunopress.it\/wp-content\/uploads\/2021\/06\/palazzo-bembo_edited.jpg 800w, https:\/\/www.bellunopress.it\/wp-content\/uploads\/2021\/06\/palazzo-bembo_edited-500x375.jpg 500w, https:\/\/www.bellunopress.it\/wp-content\/uploads\/2021\/06\/palazzo-bembo_edited-696x522.jpg 696w, https:\/\/www.bellunopress.it\/wp-content\/uploads\/2021\/06\/palazzo-bembo_edited-560x420.jpg 560w, https:\/\/www.bellunopress.it\/wp-content\/uploads\/2021\/06\/palazzo-bembo_edited-80x60.jpg 80w, https:\/\/www.bellunopress.it\/wp-content\/uploads\/2021\/06\/palazzo-bembo_edited-265x198.jpg 265w\" sizes=\"auto, (max-width: 800px) 100vw, 800px\" \/><figcaption id=\"caption-attachment-125057\" class=\"wp-caption-text\">Palazzo Bembo, sede Biblioteca Civica di Belluno<\/figcaption><\/figure>\n<p>Ampliata l\u2019apertura della Biblioteca civica di Belluno: a partire dal primo dicembre lo spazio di studio sar\u00e0 disponibile e fruibile anche il venerd\u00ec pomeriggio, dalle 14.30 alle 18. \u201cSono contento, \u00e8 un\u2019ulteriore spinta alla diffusione della cultura e al diritto allo studio dei nostri cittadini \u2013 commenta l\u2019assessore alla cultura, Raffaele Addamiano -. Il risultato \u00e8 stato raggiunto grazie allo sforzo di tutti: mio, dell\u2019amministrazione, del direttore della Biblioteca Giovanni Grazioli e dei dipendenti\u201d.<\/p>\n<p>Da dicembre dunque il servizio, ancora ospitato all\u2019interno di Palazzo Bembo in attesa della fine del cantiere alla Mediateca delle Dolomiti di Palazzo Crepadona, sar\u00e0 fruibile il marted\u00ec dalle 9 alle 12.30 e dalle 14.30 alle 18, il mercoled\u00ec dalle 9 alle 12.30, il gioved\u00ec e il venerd\u00ec dalle 9 alle 12.30 e dalle 14.30 alle 18. E\u2019 stato aggiunto il pomeriggio del venerd\u00ec, giorno di rientro in citt\u00e0 degli studenti che studiano fuori sede, grazie ad una riorganizzazione dei turni dei quattro dipendenti operativi all\u2019interno del servizio.<\/p>\n<p>\u201cL\u2019apertura \u00e8 funzionale a favorire la partecipazione dei nostri ragazzi universitari ai luoghi e alla socialit\u00e0 della nostra comunit\u00e0 \u2013 spiega l\u2019assessore Addamiano -, ma non solo. Rendere disponibile per un pomeriggio in pi\u00f9 a settimana lo spazio di studio condiviso \u00e8 un modo per contrastare quel disagio giovanile che ben abbiamo visto la scorsa settimana, in occasione del sopralluogo al Parco Citt\u00e0 di Bologna. Tutto \u00e8 nato dalle richieste che ho raccolto personalmente nelle scorse settimane, ne \u00e8 scaturito un confronto con il direttore Grazioli per cercare una soluzione. L\u2019abbiamo trovata e ne siamo soddisfatti. La nostra Biblioteca offre un servizio molto prezioso per la cittadinanza, ampliarne l\u2019apertura significa andare maggiormente incontro alle esigenze di studio della nostra citt\u00e0\u201d.<\/p>","protected":false},"excerpt":{"rendered":"<p>Ampliata l\u2019apertura della Biblioteca civica di Belluno: a partire dal primo dicembre lo spazio di studio sar\u00e0 disponibile e fruibile anche il venerd\u00ec pomeriggio, dalle 14.30 alle 18. \u201cSono contento, \u00e8 un\u2019ulteriore spinta alla diffusione della cultura e al diritto allo studio dei nostri cittadini \u2013 commenta l\u2019assessore alla cultura, Raffaele Addamiano -. Il risultato [&hellip;]<\/p>\n","protected":false},"author":2,"featured_media":125057,"comment_status":"closed","ping_status":"open","sticky":false,"template":"","format":"standard","meta":{"footnotes":""},"categories":[3394,3446,15],"tags":[],"class_list":["post-137858","post","type-post","status-publish","format-standard","has-post-thumbnail","category-cultura-e-spettacoli-fuori-provincia","category-featured","category-scuola"],"yoast_head":"<!-- This site is optimized with the Yoast SEO plugin v28.4 - https:\/\/yoast.com\/product\/yoast-seo-wordpress\/ -->\n<title>Biblioteca Civica di Belluno: dal 1\u00b0 dicembre apertura anche il venerd\u00ec pomeriggio - Bellunopress - Dolomiti<\/title>\n<meta name=\"robots\" content=\"index, follow, max-snippet:-1, max-image-preview:large, max-video-preview:-1\" \/>\n<link rel=\"canonical\" href=\"https:\/\/www.bellunopress.it\/fr\/2022\/11\/22\/biblioteca-civica-di-belluno-dal-1-dicembre-apertura-anche-il-venerdi-pomeriggio\/\" \/>\n<meta property=\"og:locale\" content=\"fr_FR\" \/>\n<meta property=\"og:type\" content=\"article\" \/>\n<meta property=\"og:title\" content=\"Biblioteca Civica di Belluno: dal 1\u00b0 dicembre apertura anche il venerd\u00ec pomeriggio - Bellunopress - Dolomiti\" \/>\n<meta property=\"og:description\" content=\"Ampliata l\u2019apertura della Biblioteca civica di Belluno: a partire dal primo dicembre lo spazio di studio sar\u00e0 disponibile e fruibile anche il venerd\u00ec pomeriggio, dalle 14.30 alle 18. \u201cSono contento, \u00e8 un\u2019ulteriore spinta alla diffusione della cultura e al diritto allo studio dei nostri cittadini \u2013 commenta l\u2019assessore alla cultura, Raffaele Addamiano -. Il risultato [&hellip;]\" \/>\n<meta property=\"og:url\" content=\"https:\/\/www.bellunopress.it\/fr\/2022\/11\/22\/biblioteca-civica-di-belluno-dal-1-dicembre-apertura-anche-il-venerdi-pomeriggio\/\" \/>\n<meta property=\"og:site_name\" content=\"Bellunopress - Dolomiti\" \/>\n<meta property=\"article:publisher\" content=\"https:\/\/www.facebook.com\/profile.php?id=100008943462799\" \/>\n<meta property=\"article:published_time\" content=\"2022-11-22T11:10:43+00:00\" \/>\n<meta property=\"article:modified_time\" content=\"2022-11-24T06:56:46+00:00\" \/>\n<meta property=\"og:image\" content=\"https:\/\/www.bellunopress.it\/wp-content\/uploads\/2021\/06\/palazzo-bembo_edited.jpg\" \/>\n\t<meta property=\"og:image:width\" content=\"800\" \/>\n\t<meta property=\"og:image:height\" content=\"600\" \/>\n\t<meta property=\"og:image:type\" content=\"image\/jpeg\" \/>\n<meta name=\"author\" content=\"redazione\" \/>\n<meta name=\"twitter:card\" content=\"summary_large_image\" \/>\n<meta name=\"twitter:creator\" content=\"@bellunopress\" \/>\n<meta name=\"twitter:site\" content=\"@bellunopress\" \/>\n<meta name=\"twitter:label1\" content=\"Written by\" \/>\n\t<meta name=\"twitter:data1\" content=\"redazione\" \/>\n\t<meta name=\"twitter:label2\" content=\"Est. reading time\" \/>\n\t<meta name=\"twitter:data2\" content=\"2 minutes\" \/>\n<script type=\"application\/ld+json\" class=\"yoast-schema-graph\">{\"@context\":\"https:\\\/\\\/schema.org\",\"@graph\":[{\"@type\":\"Article\",\"@id\":\"https:\\\/\\\/www.bellunopress.it\\\/2022\\\/11\\\/22\\\/biblioteca-civica-di-belluno-dal-1-dicembre-apertura-anche-il-venerdi-pomeriggio\\\/#article\",\"isPartOf\":{\"@id\":\"https:\\\/\\\/www.bellunopress.it\\\/2022\\\/11\\\/22\\\/biblioteca-civica-di-belluno-dal-1-dicembre-apertura-anche-il-venerdi-pomeriggio\\\/\"},\"author\":{\"name\":\"redazione\",\"@id\":\"https:\\\/\\\/www.bellunopress.it\\\/#\\\/schema\\\/person\\\/79bb06722b37ece1c03d3e94beb30d73\"},\"headline\":\"Biblioteca Civica di Belluno: dal 1\u00b0 dicembre apertura anche il venerd\u00ec pomeriggio\",\"datePublished\":\"2022-11-22T11:10:43+00:00\",\"dateModified\":\"2022-11-24T06:56:46+00:00\",\"mainEntityOfPage\":{\"@id\":\"https:\\\/\\\/www.bellunopress.it\\\/2022\\\/11\\\/22\\\/biblioteca-civica-di-belluno-dal-1-dicembre-apertura-anche-il-venerdi-pomeriggio\\\/\"},\"wordCount\":297,\"publisher\":{\"@id\":\"https:\\\/\\\/www.bellunopress.it\\\/#organization\"},\"image\":{\"@id\":\"https:\\\/\\\/www.bellunopress.it\\\/2022\\\/11\\\/22\\\/biblioteca-civica-di-belluno-dal-1-dicembre-apertura-anche-il-venerdi-pomeriggio\\\/#primaryimage\"},\"thumbnailUrl\":\"https:\\\/\\\/www.bellunopress.it\\\/wp-content\\\/uploads\\\/2021\\\/06\\\/palazzo-bembo_edited.jpg\",\"articleSection\":[\"Cultura e spettacoli, tempo libero, benessere, fuori provincia\",\"Featured\",\"Scuola\"],\"inLanguage\":\"fr-FR\"},{\"@type\":\"WebPage\",\"@id\":\"https:\\\/\\\/www.bellunopress.it\\\/2022\\\/11\\\/22\\\/biblioteca-civica-di-belluno-dal-1-dicembre-apertura-anche-il-venerdi-pomeriggio\\\/\",\"url\":\"https:\\\/\\\/www.bellunopress.it\\\/2022\\\/11\\\/22\\\/biblioteca-civica-di-belluno-dal-1-dicembre-apertura-anche-il-venerdi-pomeriggio\\\/\",\"name\":\"Biblioteca Civica di Belluno: dal 1\u00b0 dicembre apertura anche il venerd\u00ec pomeriggio - Bellunopress - Dolomiti\",\"isPartOf\":{\"@id\":\"https:\\\/\\\/www.bellunopress.it\\\/#website\"},\"primaryImageOfPage\":{\"@id\":\"https:\\\/\\\/www.bellunopress.it\\\/2022\\\/11\\\/22\\\/biblioteca-civica-di-belluno-dal-1-dicembre-apertura-anche-il-venerdi-pomeriggio\\\/#primaryimage\"},\"image\":{\"@id\":\"https:\\\/\\\/www.bellunopress.it\\\/2022\\\/11\\\/22\\\/biblioteca-civica-di-belluno-dal-1-dicembre-apertura-anche-il-venerdi-pomeriggio\\\/#primaryimage\"},\"thumbnailUrl\":\"https:\\\/\\\/www.bellunopress.it\\\/wp-content\\\/uploads\\\/2021\\\/06\\\/palazzo-bembo_edited.jpg\",\"datePublished\":\"2022-11-22T11:10:43+00:00\",\"dateModified\":\"2022-11-24T06:56:46+00:00\",\"breadcrumb\":{\"@id\":\"https:\\\/\\\/www.bellunopress.it\\\/2022\\\/11\\\/22\\\/biblioteca-civica-di-belluno-dal-1-dicembre-apertura-anche-il-venerdi-pomeriggio\\\/#breadcrumb\"},\"inLanguage\":\"fr-FR\",\"potentialAction\":[{\"@type\":\"ReadAction\",\"target\":[\"https:\\\/\\\/www.bellunopress.it\\\/2022\\\/11\\\/22\\\/biblioteca-civica-di-belluno-dal-1-dicembre-apertura-anche-il-venerdi-pomeriggio\\\/\"]}]},{\"@type\":\"ImageObject\",\"inLanguage\":\"fr-FR\",\"@id\":\"https:\\\/\\\/www.bellunopress.it\\\/2022\\\/11\\\/22\\\/biblioteca-civica-di-belluno-dal-1-dicembre-apertura-anche-il-venerdi-pomeriggio\\\/#primaryimage\",\"url\":\"https:\\\/\\\/www.bellunopress.it\\\/wp-content\\\/uploads\\\/2021\\\/06\\\/palazzo-bembo_edited.jpg\",\"contentUrl\":\"https:\\\/\\\/www.bellunopress.it\\\/wp-content\\\/uploads\\\/2021\\\/06\\\/palazzo-bembo_edited.jpg\",\"width\":800,\"height\":600,\"caption\":\"Palazzo Bembo\"},{\"@type\":\"BreadcrumbList\",\"@id\":\"https:\\\/\\\/www.bellunopress.it\\\/2022\\\/11\\\/22\\\/biblioteca-civica-di-belluno-dal-1-dicembre-apertura-anche-il-venerdi-pomeriggio\\\/#breadcrumb\",\"itemListElement\":[{\"@type\":\"ListItem\",\"position\":1,\"name\":\"Home\",\"item\":\"https:\\\/\\\/www.bellunopress.it\\\/\"},{\"@type\":\"ListItem\",\"position\":2,\"name\":\"Biblioteca Civica di Belluno: dal 1\u00b0 dicembre apertura anche il venerd\u00ec pomeriggio\"}]},{\"@type\":\"WebSite\",\"@id\":\"https:\\\/\\\/www.bellunopress.it\\\/#website\",\"url\":\"https:\\\/\\\/www.bellunopress.it\\\/\",\"name\":\"Bellunopress - Dolomiti\",\"description\":\"e-mail: redazione@bellunopress.it\",\"publisher\":{\"@id\":\"https:\\\/\\\/www.bellunopress.it\\\/#organization\"},\"potentialAction\":[{\"@type\":\"SearchAction\",\"target\":{\"@type\":\"EntryPoint\",\"urlTemplate\":\"https:\\\/\\\/www.bellunopress.it\\\/?s={search_term_string}\"},\"query-input\":{\"@type\":\"PropertyValueSpecification\",\"valueRequired\":true,\"valueName\":\"search_term_string\"}}],\"inLanguage\":\"fr-FR\"},{\"@type\":\"Organization\",\"@id\":\"https:\\\/\\\/www.bellunopress.it\\\/#organization\",\"name\":\"Bellunopress\",\"url\":\"https:\\\/\\\/www.bellunopress.it\\\/\",\"logo\":{\"@type\":\"ImageObject\",\"inLanguage\":\"fr-FR\",\"@id\":\"https:\\\/\\\/www.bellunopress.it\\\/#\\\/schema\\\/logo\\\/image\\\/\",\"url\":\"https:\\\/\\\/www.bellunopress.it\\\/wp-content\\\/uploads\\\/2011\\\/05\\\/cropped-logo-bellunopress-.jpg\",\"contentUrl\":\"https:\\\/\\\/www.bellunopress.it\\\/wp-content\\\/uploads\\\/2011\\\/05\\\/cropped-logo-bellunopress-.jpg\",\"width\":512,\"height\":512,\"caption\":\"Bellunopress\"},\"image\":{\"@id\":\"https:\\\/\\\/www.bellunopress.it\\\/#\\\/schema\\\/logo\\\/image\\\/\"},\"sameAs\":[\"https:\\\/\\\/www.facebook.com\\\/profile.php?id=100008943462799\",\"https:\\\/\\\/x.com\\\/bellunopress\",\"https:\\\/\\\/www.linkedin.com\\\/hp\\\/?dnr=JBzUWaJfMUw8vbXJJ2tVW5-I3jZKvC4wsoxE&amp;amp;amp;amp;amp;amp;trk=nav_responsive_tab_home\",\"https:\\\/\\\/www.youtube.com\\\/channel\\\/UCxL0wu1uN0_3_7hGG0306cw\"]},{\"@type\":\"Person\",\"@id\":\"https:\\\/\\\/www.bellunopress.it\\\/#\\\/schema\\\/person\\\/79bb06722b37ece1c03d3e94beb30d73\",\"name\":\"redazione\",\"image\":{\"@type\":\"ImageObject\",\"inLanguage\":\"fr-FR\",\"@id\":\"https:\\\/\\\/secure.gravatar.com\\\/avatar\\\/37d968a2e67a6fd04c169c4bdef102d0bc5d31b2546345219e348575eb80e9a0?s=96&d=mm&r=g\",\"url\":\"https:\\\/\\\/secure.gravatar.com\\\/avatar\\\/37d968a2e67a6fd04c169c4bdef102d0bc5d31b2546345219e348575eb80e9a0?s=96&d=mm&r=g\",\"contentUrl\":\"https:\\\/\\\/secure.gravatar.com\\\/avatar\\\/37d968a2e67a6fd04c169c4bdef102d0bc5d31b2546345219e348575eb80e9a0?s=96&d=mm&r=g\",\"caption\":\"redazione\"},\"sameAs\":[\"http:\\\/\\\/www.bellunopress.it\",\"https:\\\/\\\/x.com\\\/bellunopress\"],\"url\":\"https:\\\/\\\/www.bellunopress.it\\\/fr\\\/author\\\/redazione\\\/\"}]}<\/script>\n<!-- \/ Yoast SEO plugin. -->","yoast_head_json":{"title":"Biblioteca Civica di Belluno: dal 1\u00b0 dicembre apertura anche il venerd\u00ec pomeriggio - Bellunopress - Dolomiti","robots":{"index":"index","follow":"follow","max-snippet":"max-snippet:-1","max-image-preview":"max-image-preview:large","max-video-preview":"max-video-preview:-1"},"canonical":"https:\/\/www.bellunopress.it\/fr\/2022\/11\/22\/biblioteca-civica-di-belluno-dal-1-dicembre-apertura-anche-il-venerdi-pomeriggio\/","og_locale":"fr_FR","og_type":"article","og_title":"Biblioteca Civica di Belluno: dal 1\u00b0 dicembre apertura anche il venerd\u00ec pomeriggio - Bellunopress - Dolomiti","og_description":"Ampliata l\u2019apertura della Biblioteca civica di Belluno: a partire dal primo dicembre lo spazio di studio sar\u00e0 disponibile e fruibile anche il venerd\u00ec pomeriggio, dalle 14.30 alle 18. \u201cSono contento, \u00e8 un\u2019ulteriore spinta alla diffusione della cultura e al diritto allo studio dei nostri cittadini \u2013 commenta l\u2019assessore alla cultura, Raffaele Addamiano -. Il risultato [&hellip;]","og_url":"https:\/\/www.bellunopress.it\/fr\/2022\/11\/22\/biblioteca-civica-di-belluno-dal-1-dicembre-apertura-anche-il-venerdi-pomeriggio\/","og_site_name":"Bellunopress - Dolomiti","article_publisher":"https:\/\/www.facebook.com\/profile.php?id=100008943462799","article_published_time":"2022-11-22T11:10:43+00:00","article_modified_time":"2022-11-24T06:56:46+00:00","og_image":[{"width":800,"height":600,"url":"https:\/\/www.bellunopress.it\/wp-content\/uploads\/2021\/06\/palazzo-bembo_edited.jpg","type":"image\/jpeg"}],"author":"redazione","twitter_card":"summary_large_image","twitter_creator":"@bellunopress","twitter_site":"@bellunopress","twitter_misc":{"Written by":"redazione","Est. reading time":"2 minutes"},"schema":{"@context":"https:\/\/schema.org","@graph":[{"@type":"Article","@id":"https:\/\/www.bellunopress.it\/2022\/11\/22\/biblioteca-civica-di-belluno-dal-1-dicembre-apertura-anche-il-venerdi-pomeriggio\/#article","isPartOf":{"@id":"https:\/\/www.bellunopress.it\/2022\/11\/22\/biblioteca-civica-di-belluno-dal-1-dicembre-apertura-anche-il-venerdi-pomeriggio\/"},"author":{"name":"redazione","@id":"https:\/\/www.bellunopress.it\/#\/schema\/person\/79bb06722b37ece1c03d3e94beb30d73"},"headline":"Biblioteca Civica di Belluno: dal 1\u00b0 dicembre apertura anche il venerd\u00ec pomeriggio","datePublished":"2022-11-22T11:10:43+00:00","dateModified":"2022-11-24T06:56:46+00:00","mainEntityOfPage":{"@id":"https:\/\/www.bellunopress.it\/2022\/11\/22\/biblioteca-civica-di-belluno-dal-1-dicembre-apertura-anche-il-venerdi-pomeriggio\/"},"wordCount":297,"publisher":{"@id":"https:\/\/www.bellunopress.it\/#organization"},"image":{"@id":"https:\/\/www.bellunopress.it\/2022\/11\/22\/biblioteca-civica-di-belluno-dal-1-dicembre-apertura-anche-il-venerdi-pomeriggio\/#primaryimage"},"thumbnailUrl":"https:\/\/www.bellunopress.it\/wp-content\/uploads\/2021\/06\/palazzo-bembo_edited.jpg","articleSection":["Cultura e spettacoli, tempo libero, benessere, fuori provincia","Featured","Scuola"],"inLanguage":"fr-FR"},{"@type":"WebPage","@id":"https:\/\/www.bellunopress.it\/2022\/11\/22\/biblioteca-civica-di-belluno-dal-1-dicembre-apertura-anche-il-venerdi-pomeriggio\/","url":"https:\/\/www.bellunopress.it\/2022\/11\/22\/biblioteca-civica-di-belluno-dal-1-dicembre-apertura-anche-il-venerdi-pomeriggio\/","name":"Biblioteca Civica di Belluno: dal 1\u00b0 dicembre apertura anche il venerd\u00ec pomeriggio - Bellunopress - Dolomiti","isPartOf":{"@id":"https:\/\/www.bellunopress.it\/#website"},"primaryImageOfPage":{"@id":"https:\/\/www.bellunopress.it\/2022\/11\/22\/biblioteca-civica-di-belluno-dal-1-dicembre-apertura-anche-il-venerdi-pomeriggio\/#primaryimage"},"image":{"@id":"https:\/\/www.bellunopress.it\/2022\/11\/22\/biblioteca-civica-di-belluno-dal-1-dicembre-apertura-anche-il-venerdi-pomeriggio\/#primaryimage"},"thumbnailUrl":"https:\/\/www.bellunopress.it\/wp-content\/uploads\/2021\/06\/palazzo-bembo_edited.jpg","datePublished":"2022-11-22T11:10:43+00:00","dateModified":"2022-11-24T06:56:46+00:00","breadcrumb":{"@id":"https:\/\/www.bellunopress.it\/2022\/11\/22\/biblioteca-civica-di-belluno-dal-1-dicembre-apertura-anche-il-venerdi-pomeriggio\/#breadcrumb"},"inLanguage":"fr-FR","potentialAction":[{"@type":"ReadAction","target":["https:\/\/www.bellunopress.it\/2022\/11\/22\/biblioteca-civica-di-belluno-dal-1-dicembre-apertura-anche-il-venerdi-pomeriggio\/"]}]},{"@type":"ImageObject","inLanguage":"fr-FR","@id":"https:\/\/www.bellunopress.it\/2022\/11\/22\/biblioteca-civica-di-belluno-dal-1-dicembre-apertura-anche-il-venerdi-pomeriggio\/#primaryimage","url":"https:\/\/www.bellunopress.it\/wp-content\/uploads\/2021\/06\/palazzo-bembo_edited.jpg","contentUrl":"https:\/\/www.bellunopress.it\/wp-content\/uploads\/2021\/06\/palazzo-bembo_edited.jpg","width":800,"height":600,"caption":"Palazzo Bembo"},{"@type":"BreadcrumbList","@id":"https:\/\/www.bellunopress.it\/2022\/11\/22\/biblioteca-civica-di-belluno-dal-1-dicembre-apertura-anche-il-venerdi-pomeriggio\/#breadcrumb","itemListElement":[{"@type":"ListItem","position":1,"name":"Home","item":"https:\/\/www.bellunopress.it\/"},{"@type":"ListItem","position":2,"name":"Biblioteca Civica di Belluno: dal 1\u00b0 dicembre apertura anche il venerd\u00ec pomeriggio"}]},{"@type":"WebSite","@id":"https:\/\/www.bellunopress.it\/#website","url":"https:\/\/www.bellunopress.it\/","name":"Bellunopress - Dolomiti","description":"e-mail: redazione@bellunopress.it","publisher":{"@id":"https:\/\/www.bellunopress.it\/#organization"},"potentialAction":[{"@type":"SearchAction","target":{"@type":"EntryPoint","urlTemplate":"https:\/\/www.bellunopress.it\/?s={search_term_string}"},"query-input":{"@type":"PropertyValueSpecification","valueRequired":true,"valueName":"search_term_string"}}],"inLanguage":"fr-FR"},{"@type":"Organization","@id":"https:\/\/www.bellunopress.it\/#organization","name":"Bellunopress","url":"https:\/\/www.bellunopress.it\/","logo":{"@type":"ImageObject","inLanguage":"fr-FR","@id":"https:\/\/www.bellunopress.it\/#\/schema\/logo\/image\/","url":"https:\/\/www.bellunopress.it\/wp-content\/uploads\/2011\/05\/cropped-logo-bellunopress-.jpg","contentUrl":"https:\/\/www.bellunopress.it\/wp-content\/uploads\/2011\/05\/cropped-logo-bellunopress-.jpg","width":512,"height":512,"caption":"Bellunopress"},"image":{"@id":"https:\/\/www.bellunopress.it\/#\/schema\/logo\/image\/"},"sameAs":["https:\/\/www.facebook.com\/profile.php?id=100008943462799","https:\/\/x.com\/bellunopress","https:\/\/www.linkedin.com\/hp\/?dnr=JBzUWaJfMUw8vbXJJ2tVW5-I3jZKvC4wsoxE&amp;amp;amp;amp;amp;amp;trk=nav_responsive_tab_home","https:\/\/www.youtube.com\/channel\/UCxL0wu1uN0_3_7hGG0306cw"]},{"@type":"Person","@id":"https:\/\/www.bellunopress.it\/#\/schema\/person\/79bb06722b37ece1c03d3e94beb30d73","name":"r\u00e9daction","image":{"@type":"ImageObject","inLanguage":"fr-FR","@id":"https:\/\/secure.gravatar.com\/avatar\/37d968a2e67a6fd04c169c4bdef102d0bc5d31b2546345219e348575eb80e9a0?s=96&d=mm&r=g","url":"https:\/\/secure.gravatar.com\/avatar\/37d968a2e67a6fd04c169c4bdef102d0bc5d31b2546345219e348575eb80e9a0?s=96&d=mm&r=g","contentUrl":"https:\/\/secure.gravatar.com\/avatar\/37d968a2e67a6fd04c169c4bdef102d0bc5d31b2546345219e348575eb80e9a0?s=96&d=mm&r=g","caption":"redazione"},"sameAs":["http:\/\/www.bellunopress.it","https:\/\/x.com\/bellunopress"],"url":"https:\/\/www.bellunopress.it\/fr\/author\/redazione\/"}]}},"_links":{"self":[{"href":"https:\/\/www.bellunopress.it\/fr\/wp-json\/wp\/v2\/posts\/137858","targetHints":{"allow":["GET"]}}],"collection":[{"href":"https:\/\/www.bellunopress.it\/fr\/wp-json\/wp\/v2\/posts"}],"about":[{"href":"https:\/\/www.bellunopress.it\/fr\/wp-json\/wp\/v2\/types\/post"}],"author":[{"embeddable":true,"href":"https:\/\/www.bellunopress.it\/fr\/wp-json\/wp\/v2\/users\/2"}],"replies":[{"embeddable":true,"href":"https:\/\/www.bellunopress.it\/fr\/wp-json\/wp\/v2\/comments?post=137858"}],"version-history":[{"count":1,"href":"https:\/\/www.bellunopress.it\/fr\/wp-json\/wp\/v2\/posts\/137858\/revisions"}],"predecessor-version":[{"id":137859,"href":"https:\/\/www.bellunopress.it\/fr\/wp-json\/wp\/v2\/posts\/137858\/revisions\/137859"}],"wp:featuredmedia":[{"embeddable":true,"href":"https:\/\/www.bellunopress.it\/fr\/wp-json\/wp\/v2\/media\/125057"}],"wp:attachment":[{"href":"https:\/\/www.bellunopress.it\/fr\/wp-json\/wp\/v2\/media?parent=137858"}],"wp:term":[{"taxonomy":"category","embeddable":true,"href":"https:\/\/www.bellunopress.it\/fr\/wp-json\/wp\/v2\/categories?post=137858"},{"taxonomy":"post_tag","embeddable":true,"href":"https:\/\/www.bellunopress.it\/fr\/wp-json\/wp\/v2\/tags?post=137858"}],"curies":[{"name":"wp","href":"https:\/\/api.w.org\/{rel}","templated":true}]}}