{"id":137855,"date":"2022-11-22T12:07:03","date_gmt":"2022-11-22T11:07:03","guid":{"rendered":"https:\/\/www.bellunopress.it\/?p=137855"},"modified":"2022-11-22T12:07:03","modified_gmt":"2022-11-22T11:07:03","slug":"la-cooperativa-sociale-cadore-cerca-un-responsabile-della-ristorazione-candidature-entro-il-9-dicembre","status":"publish","type":"post","link":"https:\/\/www.bellunopress.it\/fr\/2022\/11\/22\/la-cooperativa-sociale-cadore-cerca-un-responsabile-della-ristorazione-candidature-entro-il-9-dicembre\/","title":{"rendered":"La Cooperativa sociale Cadore cerca un responsabile della ristorazione. Candidature entro il 9 dicembre"},"content":{"rendered":"<p><img loading=\"lazy\" decoding=\"async\" class=\"alignleft size-full wp-image-137856\" src=\"https:\/\/www.bellunopress.it\/wp-content\/uploads\/2022\/11\/Cadore-Cooperativa-Sociale_edited.jpg\" alt=\"\" width=\"1000\" height=\"667\" srcset=\"https:\/\/www.bellunopress.it\/wp-content\/uploads\/2022\/11\/Cadore-Cooperativa-Sociale_edited.jpg 1000w, https:\/\/www.bellunopress.it\/wp-content\/uploads\/2022\/11\/Cadore-Cooperativa-Sociale_edited-500x334.jpg 500w, https:\/\/www.bellunopress.it\/wp-content\/uploads\/2022\/11\/Cadore-Cooperativa-Sociale_edited-696x464.jpg 696w, https:\/\/www.bellunopress.it\/wp-content\/uploads\/2022\/11\/Cadore-Cooperativa-Sociale_edited-630x420.jpg 630w\" sizes=\"auto, (max-width: 1000px) 100vw, 1000px\" \/>La Cadore societ\u00e0 cooperativa sociale \u2013 s.c.s. sta ricercando con decorrenza immediata un coordinatore per il servizio di ristorazione collettiva: si tratta di un ruolo di responsabilit\u00e0, visti i numeri del settore che nell&#8217;alta provincia vede impegnata la cooperativa.<br \/>\nSi parla infatti di circa 1500 pasti prodotti a settimana per le due mense scolastiche, i due refettori, i due punti cottura che preparano pasti per tre istituti scolastici e per il servizio domiciliare per gli anziani gestiti dalla Cadore, che vede il proprio personale (18 addetti) impiegato nella produzione, trasporto e scodellamento dei pasti.<\/p>\n<p>Il nuovo responsabile si dovr\u00e0 occupare dell&#8217;organizzazione e della gestione dei servizi; gestire e coordinare il personale; supervisionare l&#8217;approvvigionamento dei prodotti e controllarne quantit\u00e0 e qualit\u00e0; controllare che gli standard di produzione e somministrazione vengano raggiunti e mantenuti nel tempo.<br \/>\nSi ricerca quindi una persona che possieda una conoscenza \u2013 anche minima \u2013 del mondo della ristorazione (non necessariamente collettiva), con ottime capacit\u00e0 relazionali, spiccata autonomia e doti di problem solving.<\/p>\n<p>Il contratto inizialmente sar\u00e0 a tempo pieno e determinato, con possibilit\u00e0 di trasformazione a tempo indeterminato; l&#8217;inquadramento sar\u00e0 quello previsto dal contratto nazionale delle cooperative sociali per la prima fase di inserimento, dopodich\u00e8 potr\u00e0 essere adeguato all&#8217;esperienza e alla competenza del soggetto.<br \/>\nL&#8217;area di Lavoro sar\u00e0 quella del Cadore, Comelico e Valboite.<\/p>\n<p>Le candidature complete di curriculum vitae dovranno essere inviate entro le ore 12.00 di venerd\u00ec 9 dicembre 2022 all&#8217;indirizzo mail inserimentilavorativi@cadorescs.com<\/p>","protected":false},"excerpt":{"rendered":"<p>La Cadore societ\u00e0 cooperativa sociale \u2013 s.c.s. sta ricercando con decorrenza immediata un coordinatore per il servizio di ristorazione collettiva: si tratta di un ruolo di responsabilit\u00e0, visti i numeri del settore che nell&#8217;alta provincia vede impegnata la cooperativa. Si parla infatti di circa 1500 pasti prodotti a settimana per le due mense scolastiche, i [&hellip;]<\/p>\n","protected":false},"author":2,"featured_media":137856,"comment_status":"closed","ping_status":"open","sticky":false,"template":"","format":"standard","meta":{"footnotes":""},"categories":[36,8],"tags":[],"class_list":["post-137855","post","type-post","status-publish","format-standard","has-post-thumbnail","category-lavoro-economia","category-societa-istituzioni"],"yoast_head":"<!-- This site is optimized with the Yoast SEO plugin v28.4 - https:\/\/yoast.com\/product\/yoast-seo-wordpress\/ -->\n<title>La Cooperativa sociale Cadore cerca un responsabile della ristorazione. Candidature entro il 9 dicembre - Bellunopress - Dolomiti<\/title>\n<meta name=\"robots\" content=\"index, follow, max-snippet:-1, max-image-preview:large, max-video-preview:-1\" \/>\n<link rel=\"canonical\" href=\"https:\/\/www.bellunopress.it\/fr\/2022\/11\/22\/la-cooperativa-sociale-cadore-cerca-un-responsabile-della-ristorazione-candidature-entro-il-9-dicembre\/\" \/>\n<meta property=\"og:locale\" content=\"fr_FR\" \/>\n<meta property=\"og:type\" content=\"article\" \/>\n<meta property=\"og:title\" content=\"La Cooperativa sociale Cadore cerca un responsabile della ristorazione. Candidature entro il 9 dicembre - Bellunopress - Dolomiti\" \/>\n<meta property=\"og:description\" content=\"La Cadore societ\u00e0 cooperativa sociale \u2013 s.c.s. sta ricercando con decorrenza immediata un coordinatore per il servizio di ristorazione collettiva: si tratta di un ruolo di responsabilit\u00e0, visti i numeri del settore che nell&#8217;alta provincia vede impegnata la cooperativa. Si parla infatti di circa 1500 pasti prodotti a settimana per le due mense scolastiche, i [&hellip;]\" \/>\n<meta property=\"og:url\" content=\"https:\/\/www.bellunopress.it\/fr\/2022\/11\/22\/la-cooperativa-sociale-cadore-cerca-un-responsabile-della-ristorazione-candidature-entro-il-9-dicembre\/\" \/>\n<meta property=\"og:site_name\" content=\"Bellunopress - Dolomiti\" \/>\n<meta property=\"article:publisher\" content=\"https:\/\/www.facebook.com\/profile.php?id=100008943462799\" \/>\n<meta property=\"article:published_time\" content=\"2022-11-22T11:07:03+00:00\" \/>\n<meta property=\"og:image\" content=\"https:\/\/www.bellunopress.it\/wp-content\/uploads\/2022\/11\/Cadore-Cooperativa-Sociale_edited.jpg\" \/>\n\t<meta property=\"og:image:width\" content=\"1000\" \/>\n\t<meta property=\"og:image:height\" content=\"667\" \/>\n\t<meta property=\"og:image:type\" content=\"image\/jpeg\" \/>\n<meta name=\"author\" content=\"redazione\" \/>\n<meta name=\"twitter:card\" content=\"summary_large_image\" \/>\n<meta name=\"twitter:creator\" content=\"@bellunopress\" \/>\n<meta name=\"twitter:site\" content=\"@bellunopress\" \/>\n<meta name=\"twitter:label1\" content=\"Written by\" \/>\n\t<meta name=\"twitter:data1\" content=\"redazione\" \/>\n\t<meta name=\"twitter:label2\" content=\"Est. reading time\" \/>\n\t<meta name=\"twitter:data2\" content=\"2 minutes\" \/>\n<script type=\"application\/ld+json\" class=\"yoast-schema-graph\">{\"@context\":\"https:\\\/\\\/schema.org\",\"@graph\":[{\"@type\":\"Article\",\"@id\":\"https:\\\/\\\/www.bellunopress.it\\\/2022\\\/11\\\/22\\\/la-cooperativa-sociale-cadore-cerca-un-responsabile-della-ristorazione-candidature-entro-il-9-dicembre\\\/#article\",\"isPartOf\":{\"@id\":\"https:\\\/\\\/www.bellunopress.it\\\/2022\\\/11\\\/22\\\/la-cooperativa-sociale-cadore-cerca-un-responsabile-della-ristorazione-candidature-entro-il-9-dicembre\\\/\"},\"author\":{\"name\":\"redazione\",\"@id\":\"https:\\\/\\\/www.bellunopress.it\\\/#\\\/schema\\\/person\\\/79bb06722b37ece1c03d3e94beb30d73\"},\"headline\":\"La Cooperativa sociale Cadore cerca un responsabile della ristorazione. Candidature entro il 9 dicembre\",\"datePublished\":\"2022-11-22T11:07:03+00:00\",\"mainEntityOfPage\":{\"@id\":\"https:\\\/\\\/www.bellunopress.it\\\/2022\\\/11\\\/22\\\/la-cooperativa-sociale-cadore-cerca-un-responsabile-della-ristorazione-candidature-entro-il-9-dicembre\\\/\"},\"wordCount\":254,\"publisher\":{\"@id\":\"https:\\\/\\\/www.bellunopress.it\\\/#organization\"},\"image\":{\"@id\":\"https:\\\/\\\/www.bellunopress.it\\\/2022\\\/11\\\/22\\\/la-cooperativa-sociale-cadore-cerca-un-responsabile-della-ristorazione-candidature-entro-il-9-dicembre\\\/#primaryimage\"},\"thumbnailUrl\":\"https:\\\/\\\/www.bellunopress.it\\\/wp-content\\\/uploads\\\/2022\\\/11\\\/Cadore-Cooperativa-Sociale_edited.jpg\",\"articleSection\":[\"Lavoro, Economia, Turismo\",\"Societ\u00e0, Associazioni, Istituzioni\"],\"inLanguage\":\"fr-FR\"},{\"@type\":\"WebPage\",\"@id\":\"https:\\\/\\\/www.bellunopress.it\\\/2022\\\/11\\\/22\\\/la-cooperativa-sociale-cadore-cerca-un-responsabile-della-ristorazione-candidature-entro-il-9-dicembre\\\/\",\"url\":\"https:\\\/\\\/www.bellunopress.it\\\/2022\\\/11\\\/22\\\/la-cooperativa-sociale-cadore-cerca-un-responsabile-della-ristorazione-candidature-entro-il-9-dicembre\\\/\",\"name\":\"La Cooperativa sociale Cadore cerca un responsabile della ristorazione. Candidature entro il 9 dicembre - Bellunopress - Dolomiti\",\"isPartOf\":{\"@id\":\"https:\\\/\\\/www.bellunopress.it\\\/#website\"},\"primaryImageOfPage\":{\"@id\":\"https:\\\/\\\/www.bellunopress.it\\\/2022\\\/11\\\/22\\\/la-cooperativa-sociale-cadore-cerca-un-responsabile-della-ristorazione-candidature-entro-il-9-dicembre\\\/#primaryimage\"},\"image\":{\"@id\":\"https:\\\/\\\/www.bellunopress.it\\\/2022\\\/11\\\/22\\\/la-cooperativa-sociale-cadore-cerca-un-responsabile-della-ristorazione-candidature-entro-il-9-dicembre\\\/#primaryimage\"},\"thumbnailUrl\":\"https:\\\/\\\/www.bellunopress.it\\\/wp-content\\\/uploads\\\/2022\\\/11\\\/Cadore-Cooperativa-Sociale_edited.jpg\",\"datePublished\":\"2022-11-22T11:07:03+00:00\",\"breadcrumb\":{\"@id\":\"https:\\\/\\\/www.bellunopress.it\\\/2022\\\/11\\\/22\\\/la-cooperativa-sociale-cadore-cerca-un-responsabile-della-ristorazione-candidature-entro-il-9-dicembre\\\/#breadcrumb\"},\"inLanguage\":\"fr-FR\",\"potentialAction\":[{\"@type\":\"ReadAction\",\"target\":[\"https:\\\/\\\/www.bellunopress.it\\\/2022\\\/11\\\/22\\\/la-cooperativa-sociale-cadore-cerca-un-responsabile-della-ristorazione-candidature-entro-il-9-dicembre\\\/\"]}]},{\"@type\":\"ImageObject\",\"inLanguage\":\"fr-FR\",\"@id\":\"https:\\\/\\\/www.bellunopress.it\\\/2022\\\/11\\\/22\\\/la-cooperativa-sociale-cadore-cerca-un-responsabile-della-ristorazione-candidature-entro-il-9-dicembre\\\/#primaryimage\",\"url\":\"https:\\\/\\\/www.bellunopress.it\\\/wp-content\\\/uploads\\\/2022\\\/11\\\/Cadore-Cooperativa-Sociale_edited.jpg\",\"contentUrl\":\"https:\\\/\\\/www.bellunopress.it\\\/wp-content\\\/uploads\\\/2022\\\/11\\\/Cadore-Cooperativa-Sociale_edited.jpg\",\"width\":1000,\"height\":667},{\"@type\":\"BreadcrumbList\",\"@id\":\"https:\\\/\\\/www.bellunopress.it\\\/2022\\\/11\\\/22\\\/la-cooperativa-sociale-cadore-cerca-un-responsabile-della-ristorazione-candidature-entro-il-9-dicembre\\\/#breadcrumb\",\"itemListElement\":[{\"@type\":\"ListItem\",\"position\":1,\"name\":\"Home\",\"item\":\"https:\\\/\\\/www.bellunopress.it\\\/\"},{\"@type\":\"ListItem\",\"position\":2,\"name\":\"La Cooperativa sociale Cadore cerca un responsabile della ristorazione. Candidature entro il 9 dicembre\"}]},{\"@type\":\"WebSite\",\"@id\":\"https:\\\/\\\/www.bellunopress.it\\\/#website\",\"url\":\"https:\\\/\\\/www.bellunopress.it\\\/\",\"name\":\"Bellunopress - Dolomiti\",\"description\":\"e-mail: redazione@bellunopress.it\",\"publisher\":{\"@id\":\"https:\\\/\\\/www.bellunopress.it\\\/#organization\"},\"potentialAction\":[{\"@type\":\"SearchAction\",\"target\":{\"@type\":\"EntryPoint\",\"urlTemplate\":\"https:\\\/\\\/www.bellunopress.it\\\/?s={search_term_string}\"},\"query-input\":{\"@type\":\"PropertyValueSpecification\",\"valueRequired\":true,\"valueName\":\"search_term_string\"}}],\"inLanguage\":\"fr-FR\"},{\"@type\":\"Organization\",\"@id\":\"https:\\\/\\\/www.bellunopress.it\\\/#organization\",\"name\":\"Bellunopress\",\"url\":\"https:\\\/\\\/www.bellunopress.it\\\/\",\"logo\":{\"@type\":\"ImageObject\",\"inLanguage\":\"fr-FR\",\"@id\":\"https:\\\/\\\/www.bellunopress.it\\\/#\\\/schema\\\/logo\\\/image\\\/\",\"url\":\"https:\\\/\\\/www.bellunopress.it\\\/wp-content\\\/uploads\\\/2011\\\/05\\\/cropped-logo-bellunopress-.jpg\",\"contentUrl\":\"https:\\\/\\\/www.bellunopress.it\\\/wp-content\\\/uploads\\\/2011\\\/05\\\/cropped-logo-bellunopress-.jpg\",\"width\":512,\"height\":512,\"caption\":\"Bellunopress\"},\"image\":{\"@id\":\"https:\\\/\\\/www.bellunopress.it\\\/#\\\/schema\\\/logo\\\/image\\\/\"},\"sameAs\":[\"https:\\\/\\\/www.facebook.com\\\/profile.php?id=100008943462799\",\"https:\\\/\\\/x.com\\\/bellunopress\",\"https:\\\/\\\/www.linkedin.com\\\/hp\\\/?dnr=JBzUWaJfMUw8vbXJJ2tVW5-I3jZKvC4wsoxE&amp;amp;amp;amp;amp;amp;trk=nav_responsive_tab_home\",\"https:\\\/\\\/www.youtube.com\\\/channel\\\/UCxL0wu1uN0_3_7hGG0306cw\"]},{\"@type\":\"Person\",\"@id\":\"https:\\\/\\\/www.bellunopress.it\\\/#\\\/schema\\\/person\\\/79bb06722b37ece1c03d3e94beb30d73\",\"name\":\"redazione\",\"image\":{\"@type\":\"ImageObject\",\"inLanguage\":\"fr-FR\",\"@id\":\"https:\\\/\\\/secure.gravatar.com\\\/avatar\\\/37d968a2e67a6fd04c169c4bdef102d0bc5d31b2546345219e348575eb80e9a0?s=96&d=mm&r=g\",\"url\":\"https:\\\/\\\/secure.gravatar.com\\\/avatar\\\/37d968a2e67a6fd04c169c4bdef102d0bc5d31b2546345219e348575eb80e9a0?s=96&d=mm&r=g\",\"contentUrl\":\"https:\\\/\\\/secure.gravatar.com\\\/avatar\\\/37d968a2e67a6fd04c169c4bdef102d0bc5d31b2546345219e348575eb80e9a0?s=96&d=mm&r=g\",\"caption\":\"redazione\"},\"sameAs\":[\"http:\\\/\\\/www.bellunopress.it\",\"https:\\\/\\\/x.com\\\/bellunopress\"],\"url\":\"https:\\\/\\\/www.bellunopress.it\\\/fr\\\/author\\\/redazione\\\/\"}]}<\/script>\n<!-- \/ Yoast SEO plugin. -->","yoast_head_json":{"title":"La Cooperativa sociale Cadore cerca un responsabile della ristorazione. Candidature entro il 9 dicembre - Bellunopress - Dolomiti","robots":{"index":"index","follow":"follow","max-snippet":"max-snippet:-1","max-image-preview":"max-image-preview:large","max-video-preview":"max-video-preview:-1"},"canonical":"https:\/\/www.bellunopress.it\/fr\/2022\/11\/22\/la-cooperativa-sociale-cadore-cerca-un-responsabile-della-ristorazione-candidature-entro-il-9-dicembre\/","og_locale":"fr_FR","og_type":"article","og_title":"La Cooperativa sociale Cadore cerca un responsabile della ristorazione. Candidature entro il 9 dicembre - Bellunopress - Dolomiti","og_description":"La Cadore societ\u00e0 cooperativa sociale \u2013 s.c.s. sta ricercando con decorrenza immediata un coordinatore per il servizio di ristorazione collettiva: si tratta di un ruolo di responsabilit\u00e0, visti i numeri del settore che nell&#8217;alta provincia vede impegnata la cooperativa. Si parla infatti di circa 1500 pasti prodotti a settimana per le due mense scolastiche, i [&hellip;]","og_url":"https:\/\/www.bellunopress.it\/fr\/2022\/11\/22\/la-cooperativa-sociale-cadore-cerca-un-responsabile-della-ristorazione-candidature-entro-il-9-dicembre\/","og_site_name":"Bellunopress - Dolomiti","article_publisher":"https:\/\/www.facebook.com\/profile.php?id=100008943462799","article_published_time":"2022-11-22T11:07:03+00:00","og_image":[{"width":1000,"height":667,"url":"https:\/\/www.bellunopress.it\/wp-content\/uploads\/2022\/11\/Cadore-Cooperativa-Sociale_edited.jpg","type":"image\/jpeg"}],"author":"redazione","twitter_card":"summary_large_image","twitter_creator":"@bellunopress","twitter_site":"@bellunopress","twitter_misc":{"Written by":"redazione","Est. reading time":"2 minutes"},"schema":{"@context":"https:\/\/schema.org","@graph":[{"@type":"Article","@id":"https:\/\/www.bellunopress.it\/2022\/11\/22\/la-cooperativa-sociale-cadore-cerca-un-responsabile-della-ristorazione-candidature-entro-il-9-dicembre\/#article","isPartOf":{"@id":"https:\/\/www.bellunopress.it\/2022\/11\/22\/la-cooperativa-sociale-cadore-cerca-un-responsabile-della-ristorazione-candidature-entro-il-9-dicembre\/"},"author":{"name":"redazione","@id":"https:\/\/www.bellunopress.it\/#\/schema\/person\/79bb06722b37ece1c03d3e94beb30d73"},"headline":"La Cooperativa sociale Cadore cerca un responsabile della ristorazione. Candidature entro il 9 dicembre","datePublished":"2022-11-22T11:07:03+00:00","mainEntityOfPage":{"@id":"https:\/\/www.bellunopress.it\/2022\/11\/22\/la-cooperativa-sociale-cadore-cerca-un-responsabile-della-ristorazione-candidature-entro-il-9-dicembre\/"},"wordCount":254,"publisher":{"@id":"https:\/\/www.bellunopress.it\/#organization"},"image":{"@id":"https:\/\/www.bellunopress.it\/2022\/11\/22\/la-cooperativa-sociale-cadore-cerca-un-responsabile-della-ristorazione-candidature-entro-il-9-dicembre\/#primaryimage"},"thumbnailUrl":"https:\/\/www.bellunopress.it\/wp-content\/uploads\/2022\/11\/Cadore-Cooperativa-Sociale_edited.jpg","articleSection":["Lavoro, Economia, Turismo","Societ\u00e0, Associazioni, Istituzioni"],"inLanguage":"fr-FR"},{"@type":"WebPage","@id":"https:\/\/www.bellunopress.it\/2022\/11\/22\/la-cooperativa-sociale-cadore-cerca-un-responsabile-della-ristorazione-candidature-entro-il-9-dicembre\/","url":"https:\/\/www.bellunopress.it\/2022\/11\/22\/la-cooperativa-sociale-cadore-cerca-un-responsabile-della-ristorazione-candidature-entro-il-9-dicembre\/","name":"La Cooperativa sociale Cadore cerca un responsabile della ristorazione. Candidature entro il 9 dicembre - Bellunopress - Dolomiti","isPartOf":{"@id":"https:\/\/www.bellunopress.it\/#website"},"primaryImageOfPage":{"@id":"https:\/\/www.bellunopress.it\/2022\/11\/22\/la-cooperativa-sociale-cadore-cerca-un-responsabile-della-ristorazione-candidature-entro-il-9-dicembre\/#primaryimage"},"image":{"@id":"https:\/\/www.bellunopress.it\/2022\/11\/22\/la-cooperativa-sociale-cadore-cerca-un-responsabile-della-ristorazione-candidature-entro-il-9-dicembre\/#primaryimage"},"thumbnailUrl":"https:\/\/www.bellunopress.it\/wp-content\/uploads\/2022\/11\/Cadore-Cooperativa-Sociale_edited.jpg","datePublished":"2022-11-22T11:07:03+00:00","breadcrumb":{"@id":"https:\/\/www.bellunopress.it\/2022\/11\/22\/la-cooperativa-sociale-cadore-cerca-un-responsabile-della-ristorazione-candidature-entro-il-9-dicembre\/#breadcrumb"},"inLanguage":"fr-FR","potentialAction":[{"@type":"ReadAction","target":["https:\/\/www.bellunopress.it\/2022\/11\/22\/la-cooperativa-sociale-cadore-cerca-un-responsabile-della-ristorazione-candidature-entro-il-9-dicembre\/"]}]},{"@type":"ImageObject","inLanguage":"fr-FR","@id":"https:\/\/www.bellunopress.it\/2022\/11\/22\/la-cooperativa-sociale-cadore-cerca-un-responsabile-della-ristorazione-candidature-entro-il-9-dicembre\/#primaryimage","url":"https:\/\/www.bellunopress.it\/wp-content\/uploads\/2022\/11\/Cadore-Cooperativa-Sociale_edited.jpg","contentUrl":"https:\/\/www.bellunopress.it\/wp-content\/uploads\/2022\/11\/Cadore-Cooperativa-Sociale_edited.jpg","width":1000,"height":667},{"@type":"BreadcrumbList","@id":"https:\/\/www.bellunopress.it\/2022\/11\/22\/la-cooperativa-sociale-cadore-cerca-un-responsabile-della-ristorazione-candidature-entro-il-9-dicembre\/#breadcrumb","itemListElement":[{"@type":"ListItem","position":1,"name":"Home","item":"https:\/\/www.bellunopress.it\/"},{"@type":"ListItem","position":2,"name":"La Cooperativa sociale Cadore cerca un responsabile della ristorazione. Candidature entro il 9 dicembre"}]},{"@type":"WebSite","@id":"https:\/\/www.bellunopress.it\/#website","url":"https:\/\/www.bellunopress.it\/","name":"Bellunopress - Dolomiti","description":"e-mail: redazione@bellunopress.it","publisher":{"@id":"https:\/\/www.bellunopress.it\/#organization"},"potentialAction":[{"@type":"SearchAction","target":{"@type":"EntryPoint","urlTemplate":"https:\/\/www.bellunopress.it\/?s={search_term_string}"},"query-input":{"@type":"PropertyValueSpecification","valueRequired":true,"valueName":"search_term_string"}}],"inLanguage":"fr-FR"},{"@type":"Organization","@id":"https:\/\/www.bellunopress.it\/#organization","name":"Bellunopress","url":"https:\/\/www.bellunopress.it\/","logo":{"@type":"ImageObject","inLanguage":"fr-FR","@id":"https:\/\/www.bellunopress.it\/#\/schema\/logo\/image\/","url":"https:\/\/www.bellunopress.it\/wp-content\/uploads\/2011\/05\/cropped-logo-bellunopress-.jpg","contentUrl":"https:\/\/www.bellunopress.it\/wp-content\/uploads\/2011\/05\/cropped-logo-bellunopress-.jpg","width":512,"height":512,"caption":"Bellunopress"},"image":{"@id":"https:\/\/www.bellunopress.it\/#\/schema\/logo\/image\/"},"sameAs":["https:\/\/www.facebook.com\/profile.php?id=100008943462799","https:\/\/x.com\/bellunopress","https:\/\/www.linkedin.com\/hp\/?dnr=JBzUWaJfMUw8vbXJJ2tVW5-I3jZKvC4wsoxE&amp;amp;amp;amp;amp;amp;trk=nav_responsive_tab_home","https:\/\/www.youtube.com\/channel\/UCxL0wu1uN0_3_7hGG0306cw"]},{"@type":"Person","@id":"https:\/\/www.bellunopress.it\/#\/schema\/person\/79bb06722b37ece1c03d3e94beb30d73","name":"r\u00e9daction","image":{"@type":"ImageObject","inLanguage":"fr-FR","@id":"https:\/\/secure.gravatar.com\/avatar\/37d968a2e67a6fd04c169c4bdef102d0bc5d31b2546345219e348575eb80e9a0?s=96&d=mm&r=g","url":"https:\/\/secure.gravatar.com\/avatar\/37d968a2e67a6fd04c169c4bdef102d0bc5d31b2546345219e348575eb80e9a0?s=96&d=mm&r=g","contentUrl":"https:\/\/secure.gravatar.com\/avatar\/37d968a2e67a6fd04c169c4bdef102d0bc5d31b2546345219e348575eb80e9a0?s=96&d=mm&r=g","caption":"redazione"},"sameAs":["http:\/\/www.bellunopress.it","https:\/\/x.com\/bellunopress"],"url":"https:\/\/www.bellunopress.it\/fr\/author\/redazione\/"}]}},"_links":{"self":[{"href":"https:\/\/www.bellunopress.it\/fr\/wp-json\/wp\/v2\/posts\/137855","targetHints":{"allow":["GET"]}}],"collection":[{"href":"https:\/\/www.bellunopress.it\/fr\/wp-json\/wp\/v2\/posts"}],"about":[{"href":"https:\/\/www.bellunopress.it\/fr\/wp-json\/wp\/v2\/types\/post"}],"author":[{"embeddable":true,"href":"https:\/\/www.bellunopress.it\/fr\/wp-json\/wp\/v2\/users\/2"}],"replies":[{"embeddable":true,"href":"https:\/\/www.bellunopress.it\/fr\/wp-json\/wp\/v2\/comments?post=137855"}],"version-history":[{"count":1,"href":"https:\/\/www.bellunopress.it\/fr\/wp-json\/wp\/v2\/posts\/137855\/revisions"}],"predecessor-version":[{"id":137857,"href":"https:\/\/www.bellunopress.it\/fr\/wp-json\/wp\/v2\/posts\/137855\/revisions\/137857"}],"wp:featuredmedia":[{"embeddable":true,"href":"https:\/\/www.bellunopress.it\/fr\/wp-json\/wp\/v2\/media\/137856"}],"wp:attachment":[{"href":"https:\/\/www.bellunopress.it\/fr\/wp-json\/wp\/v2\/media?parent=137855"}],"wp:term":[{"taxonomy":"category","embeddable":true,"href":"https:\/\/www.bellunopress.it\/fr\/wp-json\/wp\/v2\/categories?post=137855"},{"taxonomy":"post_tag","embeddable":true,"href":"https:\/\/www.bellunopress.it\/fr\/wp-json\/wp\/v2\/tags?post=137855"}],"curies":[{"name":"wp","href":"https:\/\/api.w.org\/{rel}","templated":true}]}}