{"id":137850,"date":"2022-11-22T09:46:13","date_gmt":"2022-11-22T08:46:13","guid":{"rendered":"https:\/\/www.bellunopress.it\/?p=137850"},"modified":"2022-11-22T09:46:13","modified_gmt":"2022-11-22T08:46:13","slug":"morto-lex-ministro-maroni-zaia-figura-iconica-ci-manchera","status":"publish","type":"post","link":"https:\/\/www.bellunopress.it\/fr\/2022\/11\/22\/morto-lex-ministro-maroni-zaia-figura-iconica-ci-manchera\/","title":{"rendered":"Morto l&#8217;ex ministro Maroni. Zaia: &#8220;Figura iconica, ci mancher\u00e0&#8221;"},"content":{"rendered":"<figure id=\"attachment_74859\" aria-describedby=\"caption-attachment-74859\" style=\"width: 300px\" class=\"wp-caption alignleft\"><img loading=\"lazy\" decoding=\"async\" class=\"size-full wp-image-74859\" src=\"https:\/\/www.bellunopress.it\/wp-content\/uploads\/2016\/01\/Zaia-e-Maroni-a-Longarone-fiere.jpg\" alt=\"\" width=\"300\" height=\"206\" \/><figcaption id=\"caption-attachment-74859\" class=\"wp-caption-text\">Zaia e Maroni a Longarone fiere, gennaio 2016<\/figcaption><\/figure>\n<p>Venezia, 22 novembre 2022 &#8211; \u201cLa mattina ci ha accolto con una bruttissima notizia, che ci porta alla realt\u00e0 in maniera cos\u00ec repentina. Se ne va una figura iconica della Lega, un amico e un compagno di viaggio con cui abbiamo condiviso tante battaglie e ideali\u201d.<\/p>\n<p>Con queste parole, il Presidente della Regione Veneto, Luca Zaia, ricorda la figura di Roberto Maroni, scomparso oggi a soli 67 anni.<\/p>\n<p>\u201cRoberto \u00e8 stato una persona per bene, che ha dato tanto per il nostro partito \u2013 aggiunge Zaia \u2013 ma che ha anche avuto uno standing istituzionale di prim\u2019ordine, con la sua azione come Ministro in pi\u00f9 Governi, come Governatore della Lombardia e anche come Segretario di partito\u201d.<\/p>\n<p>\u201cRivolgo le mie pi\u00f9 addolorate condoglianze a tutta la sua famiglia e a tutti coloro che gli hanno voluto bene \u2013 conclude Zaia &#8211; Ci mancher\u00e0\u201d.<\/p>\n<p>Leader del Carroccio, gi\u00e0 ministro dell\u2019Interno nei governi Berlusconi I e Berlusconi IV, Roberto Maroni \u00e8 stato presidente della Regione Lombardia dal 2013 al 2018. Fu segretario federale della Lega Nord dall\u20191 luglio 2012 al 15 dicembre 2013. Alle regionali in Lombardia del 2013 venne eletto con il 42,8% dei voti, dopodich\u00e9 non si ricandid\u00f2 alle successive elezioni del 2018.<\/p>\n<p>&nbsp;<\/p>","protected":false},"excerpt":{"rendered":"<p>Venezia, 22 novembre 2022 &#8211; \u201cLa mattina ci ha accolto con una bruttissima notizia, che ci porta alla realt\u00e0 in maniera cos\u00ec repentina. Se ne va una figura iconica della Lega, un amico e un compagno di viaggio con cui abbiamo condiviso tante battaglie e ideali\u201d. Con queste parole, il Presidente della Regione Veneto, Luca [&hellip;]<\/p>\n","protected":false},"author":2,"featured_media":74859,"comment_status":"closed","ping_status":"open","sticky":false,"template":"","format":"standard","meta":{"footnotes":""},"categories":[5],"tags":[],"class_list":["post-137850","post","type-post","status-publish","format-standard","has-post-thumbnail","category-cronaca"],"yoast_head":"<!-- This site is optimized with the Yoast SEO plugin v28.4 - https:\/\/yoast.com\/product\/yoast-seo-wordpress\/ -->\n<title>Morto l&#039;ex ministro Maroni. Zaia: &quot;Figura iconica, ci mancher\u00e0&quot; - Bellunopress - Dolomiti<\/title>\n<meta name=\"robots\" content=\"index, follow, max-snippet:-1, max-image-preview:large, max-video-preview:-1\" \/>\n<link rel=\"canonical\" href=\"https:\/\/www.bellunopress.it\/fr\/2022\/11\/22\/morto-lex-ministro-maroni-zaia-figura-iconica-ci-manchera\/\" \/>\n<meta property=\"og:locale\" content=\"fr_FR\" \/>\n<meta property=\"og:type\" content=\"article\" \/>\n<meta property=\"og:title\" content=\"Morto l&#039;ex ministro Maroni. Zaia: &quot;Figura iconica, ci mancher\u00e0&quot; - Bellunopress - Dolomiti\" \/>\n<meta property=\"og:description\" content=\"Venezia, 22 novembre 2022 &#8211; \u201cLa mattina ci ha accolto con una bruttissima notizia, che ci porta alla realt\u00e0 in maniera cos\u00ec repentina. Se ne va una figura iconica della Lega, un amico e un compagno di viaggio con cui abbiamo condiviso tante battaglie e ideali\u201d. Con queste parole, il Presidente della Regione Veneto, Luca [&hellip;]\" \/>\n<meta property=\"og:url\" content=\"https:\/\/www.bellunopress.it\/fr\/2022\/11\/22\/morto-lex-ministro-maroni-zaia-figura-iconica-ci-manchera\/\" \/>\n<meta property=\"og:site_name\" content=\"Bellunopress - Dolomiti\" \/>\n<meta property=\"article:publisher\" content=\"https:\/\/www.facebook.com\/profile.php?id=100008943462799\" \/>\n<meta property=\"article:published_time\" content=\"2022-11-22T08:46:13+00:00\" \/>\n<meta property=\"og:image\" content=\"https:\/\/www.bellunopress.it\/wp-content\/uploads\/2016\/01\/Zaia-e-Maroni-a-Longarone-fiere.jpg\" \/>\n\t<meta property=\"og:image:width\" content=\"300\" \/>\n\t<meta property=\"og:image:height\" content=\"206\" \/>\n\t<meta property=\"og:image:type\" content=\"image\/jpeg\" \/>\n<meta name=\"author\" content=\"redazione\" \/>\n<meta name=\"twitter:card\" content=\"summary_large_image\" \/>\n<meta name=\"twitter:creator\" content=\"@bellunopress\" \/>\n<meta name=\"twitter:site\" content=\"@bellunopress\" \/>\n<meta name=\"twitter:label1\" content=\"\u00c9crit par\" \/>\n\t<meta name=\"twitter:data1\" content=\"redazione\" \/>\n\t<meta name=\"twitter:label2\" content=\"Dur\u00e9e de lecture estim\u00e9e\" \/>\n\t<meta name=\"twitter:data2\" content=\"2 minutes\" \/>\n<script type=\"application\/ld+json\" class=\"yoast-schema-graph\">{\"@context\":\"https:\\\/\\\/schema.org\",\"@graph\":[{\"@type\":\"Article\",\"@id\":\"https:\\\/\\\/www.bellunopress.it\\\/2022\\\/11\\\/22\\\/morto-lex-ministro-maroni-zaia-figura-iconica-ci-manchera\\\/#article\",\"isPartOf\":{\"@id\":\"https:\\\/\\\/www.bellunopress.it\\\/2022\\\/11\\\/22\\\/morto-lex-ministro-maroni-zaia-figura-iconica-ci-manchera\\\/\"},\"author\":{\"name\":\"redazione\",\"@id\":\"https:\\\/\\\/www.bellunopress.it\\\/#\\\/schema\\\/person\\\/79bb06722b37ece1c03d3e94beb30d73\"},\"headline\":\"Morto l&#8217;ex ministro Maroni. Zaia: &#8220;Figura iconica, ci mancher\u00e0&#8221;\",\"datePublished\":\"2022-11-22T08:46:13+00:00\",\"mainEntityOfPage\":{\"@id\":\"https:\\\/\\\/www.bellunopress.it\\\/2022\\\/11\\\/22\\\/morto-lex-ministro-maroni-zaia-figura-iconica-ci-manchera\\\/\"},\"wordCount\":213,\"publisher\":{\"@id\":\"https:\\\/\\\/www.bellunopress.it\\\/#organization\"},\"image\":{\"@id\":\"https:\\\/\\\/www.bellunopress.it\\\/2022\\\/11\\\/22\\\/morto-lex-ministro-maroni-zaia-figura-iconica-ci-manchera\\\/#primaryimage\"},\"thumbnailUrl\":\"https:\\\/\\\/www.bellunopress.it\\\/wp-content\\\/uploads\\\/2016\\\/01\\\/Zaia-e-Maroni-a-Longarone-fiere.jpg\",\"articleSection\":[\"Cronaca\\\/Politica\"],\"inLanguage\":\"fr-FR\"},{\"@type\":\"WebPage\",\"@id\":\"https:\\\/\\\/www.bellunopress.it\\\/2022\\\/11\\\/22\\\/morto-lex-ministro-maroni-zaia-figura-iconica-ci-manchera\\\/\",\"url\":\"https:\\\/\\\/www.bellunopress.it\\\/2022\\\/11\\\/22\\\/morto-lex-ministro-maroni-zaia-figura-iconica-ci-manchera\\\/\",\"name\":\"Morto l'ex ministro Maroni. Zaia: \\\"Figura iconica, ci mancher\u00e0\\\" - Bellunopress - Dolomiti\",\"isPartOf\":{\"@id\":\"https:\\\/\\\/www.bellunopress.it\\\/#website\"},\"primaryImageOfPage\":{\"@id\":\"https:\\\/\\\/www.bellunopress.it\\\/2022\\\/11\\\/22\\\/morto-lex-ministro-maroni-zaia-figura-iconica-ci-manchera\\\/#primaryimage\"},\"image\":{\"@id\":\"https:\\\/\\\/www.bellunopress.it\\\/2022\\\/11\\\/22\\\/morto-lex-ministro-maroni-zaia-figura-iconica-ci-manchera\\\/#primaryimage\"},\"thumbnailUrl\":\"https:\\\/\\\/www.bellunopress.it\\\/wp-content\\\/uploads\\\/2016\\\/01\\\/Zaia-e-Maroni-a-Longarone-fiere.jpg\",\"datePublished\":\"2022-11-22T08:46:13+00:00\",\"breadcrumb\":{\"@id\":\"https:\\\/\\\/www.bellunopress.it\\\/2022\\\/11\\\/22\\\/morto-lex-ministro-maroni-zaia-figura-iconica-ci-manchera\\\/#breadcrumb\"},\"inLanguage\":\"fr-FR\",\"potentialAction\":[{\"@type\":\"ReadAction\",\"target\":[\"https:\\\/\\\/www.bellunopress.it\\\/2022\\\/11\\\/22\\\/morto-lex-ministro-maroni-zaia-figura-iconica-ci-manchera\\\/\"]}]},{\"@type\":\"ImageObject\",\"inLanguage\":\"fr-FR\",\"@id\":\"https:\\\/\\\/www.bellunopress.it\\\/2022\\\/11\\\/22\\\/morto-lex-ministro-maroni-zaia-figura-iconica-ci-manchera\\\/#primaryimage\",\"url\":\"https:\\\/\\\/www.bellunopress.it\\\/wp-content\\\/uploads\\\/2016\\\/01\\\/Zaia-e-Maroni-a-Longarone-fiere.jpg\",\"contentUrl\":\"https:\\\/\\\/www.bellunopress.it\\\/wp-content\\\/uploads\\\/2016\\\/01\\\/Zaia-e-Maroni-a-Longarone-fiere.jpg\",\"width\":300,\"height\":206,\"caption\":\"Zaia e Maroni a Longarone fiere, gennaio 2016\"},{\"@type\":\"BreadcrumbList\",\"@id\":\"https:\\\/\\\/www.bellunopress.it\\\/2022\\\/11\\\/22\\\/morto-lex-ministro-maroni-zaia-figura-iconica-ci-manchera\\\/#breadcrumb\",\"itemListElement\":[{\"@type\":\"ListItem\",\"position\":1,\"name\":\"Home\",\"item\":\"https:\\\/\\\/www.bellunopress.it\\\/\"},{\"@type\":\"ListItem\",\"position\":2,\"name\":\"Morto l&#8217;ex ministro Maroni. Zaia: &#8220;Figura iconica, ci mancher\u00e0&#8221;\"}]},{\"@type\":\"WebSite\",\"@id\":\"https:\\\/\\\/www.bellunopress.it\\\/#website\",\"url\":\"https:\\\/\\\/www.bellunopress.it\\\/\",\"name\":\"Bellunopress - Dolomiti\",\"description\":\"e-mail: redazione@bellunopress.it\",\"publisher\":{\"@id\":\"https:\\\/\\\/www.bellunopress.it\\\/#organization\"},\"potentialAction\":[{\"@type\":\"SearchAction\",\"target\":{\"@type\":\"EntryPoint\",\"urlTemplate\":\"https:\\\/\\\/www.bellunopress.it\\\/?s={search_term_string}\"},\"query-input\":{\"@type\":\"PropertyValueSpecification\",\"valueRequired\":true,\"valueName\":\"search_term_string\"}}],\"inLanguage\":\"fr-FR\"},{\"@type\":\"Organization\",\"@id\":\"https:\\\/\\\/www.bellunopress.it\\\/#organization\",\"name\":\"Bellunopress\",\"url\":\"https:\\\/\\\/www.bellunopress.it\\\/\",\"logo\":{\"@type\":\"ImageObject\",\"inLanguage\":\"fr-FR\",\"@id\":\"https:\\\/\\\/www.bellunopress.it\\\/#\\\/schema\\\/logo\\\/image\\\/\",\"url\":\"https:\\\/\\\/www.bellunopress.it\\\/wp-content\\\/uploads\\\/2011\\\/05\\\/cropped-logo-bellunopress-.jpg\",\"contentUrl\":\"https:\\\/\\\/www.bellunopress.it\\\/wp-content\\\/uploads\\\/2011\\\/05\\\/cropped-logo-bellunopress-.jpg\",\"width\":512,\"height\":512,\"caption\":\"Bellunopress\"},\"image\":{\"@id\":\"https:\\\/\\\/www.bellunopress.it\\\/#\\\/schema\\\/logo\\\/image\\\/\"},\"sameAs\":[\"https:\\\/\\\/www.facebook.com\\\/profile.php?id=100008943462799\",\"https:\\\/\\\/x.com\\\/bellunopress\",\"https:\\\/\\\/www.linkedin.com\\\/hp\\\/?dnr=JBzUWaJfMUw8vbXJJ2tVW5-I3jZKvC4wsoxE&amp;amp;amp;amp;amp;amp;trk=nav_responsive_tab_home\",\"https:\\\/\\\/www.youtube.com\\\/channel\\\/UCxL0wu1uN0_3_7hGG0306cw\"]},{\"@type\":\"Person\",\"@id\":\"https:\\\/\\\/www.bellunopress.it\\\/#\\\/schema\\\/person\\\/79bb06722b37ece1c03d3e94beb30d73\",\"name\":\"redazione\",\"image\":{\"@type\":\"ImageObject\",\"inLanguage\":\"fr-FR\",\"@id\":\"https:\\\/\\\/secure.gravatar.com\\\/avatar\\\/37d968a2e67a6fd04c169c4bdef102d0bc5d31b2546345219e348575eb80e9a0?s=96&d=mm&r=g\",\"url\":\"https:\\\/\\\/secure.gravatar.com\\\/avatar\\\/37d968a2e67a6fd04c169c4bdef102d0bc5d31b2546345219e348575eb80e9a0?s=96&d=mm&r=g\",\"contentUrl\":\"https:\\\/\\\/secure.gravatar.com\\\/avatar\\\/37d968a2e67a6fd04c169c4bdef102d0bc5d31b2546345219e348575eb80e9a0?s=96&d=mm&r=g\",\"caption\":\"redazione\"},\"sameAs\":[\"http:\\\/\\\/www.bellunopress.it\",\"https:\\\/\\\/x.com\\\/bellunopress\"],\"url\":\"https:\\\/\\\/www.bellunopress.it\\\/fr\\\/author\\\/redazione\\\/\"}]}<\/script>\n<!-- \/ Yoast SEO plugin. -->","yoast_head_json":{"title":"Morto l'ex ministro Maroni. Zaia: \"Figura iconica, ci mancher\u00e0\" - Bellunopress - Dolomiti","robots":{"index":"index","follow":"follow","max-snippet":"max-snippet:-1","max-image-preview":"max-image-preview:large","max-video-preview":"max-video-preview:-1"},"canonical":"https:\/\/www.bellunopress.it\/fr\/2022\/11\/22\/morto-lex-ministro-maroni-zaia-figura-iconica-ci-manchera\/","og_locale":"fr_FR","og_type":"article","og_title":"Morto l'ex ministro Maroni. Zaia: \"Figura iconica, ci mancher\u00e0\" - Bellunopress - Dolomiti","og_description":"Venezia, 22 novembre 2022 &#8211; \u201cLa mattina ci ha accolto con una bruttissima notizia, che ci porta alla realt\u00e0 in maniera cos\u00ec repentina. Se ne va una figura iconica della Lega, un amico e un compagno di viaggio con cui abbiamo condiviso tante battaglie e ideali\u201d. Con queste parole, il Presidente della Regione Veneto, Luca [&hellip;]","og_url":"https:\/\/www.bellunopress.it\/fr\/2022\/11\/22\/morto-lex-ministro-maroni-zaia-figura-iconica-ci-manchera\/","og_site_name":"Bellunopress - Dolomiti","article_publisher":"https:\/\/www.facebook.com\/profile.php?id=100008943462799","article_published_time":"2022-11-22T08:46:13+00:00","og_image":[{"width":300,"height":206,"url":"https:\/\/www.bellunopress.it\/wp-content\/uploads\/2016\/01\/Zaia-e-Maroni-a-Longarone-fiere.jpg","type":"image\/jpeg"}],"author":"redazione","twitter_card":"summary_large_image","twitter_creator":"@bellunopress","twitter_site":"@bellunopress","twitter_misc":{"\u00c9crit par":"redazione","Dur\u00e9e de lecture estim\u00e9e":"2 minutes"},"schema":{"@context":"https:\/\/schema.org","@graph":[{"@type":"Article","@id":"https:\/\/www.bellunopress.it\/2022\/11\/22\/morto-lex-ministro-maroni-zaia-figura-iconica-ci-manchera\/#article","isPartOf":{"@id":"https:\/\/www.bellunopress.it\/2022\/11\/22\/morto-lex-ministro-maroni-zaia-figura-iconica-ci-manchera\/"},"author":{"name":"redazione","@id":"https:\/\/www.bellunopress.it\/#\/schema\/person\/79bb06722b37ece1c03d3e94beb30d73"},"headline":"Morto l&#8217;ex ministro Maroni. Zaia: &#8220;Figura iconica, ci mancher\u00e0&#8221;","datePublished":"2022-11-22T08:46:13+00:00","mainEntityOfPage":{"@id":"https:\/\/www.bellunopress.it\/2022\/11\/22\/morto-lex-ministro-maroni-zaia-figura-iconica-ci-manchera\/"},"wordCount":213,"publisher":{"@id":"https:\/\/www.bellunopress.it\/#organization"},"image":{"@id":"https:\/\/www.bellunopress.it\/2022\/11\/22\/morto-lex-ministro-maroni-zaia-figura-iconica-ci-manchera\/#primaryimage"},"thumbnailUrl":"https:\/\/www.bellunopress.it\/wp-content\/uploads\/2016\/01\/Zaia-e-Maroni-a-Longarone-fiere.jpg","articleSection":["Cronaca\/Politica"],"inLanguage":"fr-FR"},{"@type":"WebPage","@id":"https:\/\/www.bellunopress.it\/2022\/11\/22\/morto-lex-ministro-maroni-zaia-figura-iconica-ci-manchera\/","url":"https:\/\/www.bellunopress.it\/2022\/11\/22\/morto-lex-ministro-maroni-zaia-figura-iconica-ci-manchera\/","name":"Morto l'ex ministro Maroni. Zaia: \"Figura iconica, ci mancher\u00e0\" - Bellunopress - Dolomiti","isPartOf":{"@id":"https:\/\/www.bellunopress.it\/#website"},"primaryImageOfPage":{"@id":"https:\/\/www.bellunopress.it\/2022\/11\/22\/morto-lex-ministro-maroni-zaia-figura-iconica-ci-manchera\/#primaryimage"},"image":{"@id":"https:\/\/www.bellunopress.it\/2022\/11\/22\/morto-lex-ministro-maroni-zaia-figura-iconica-ci-manchera\/#primaryimage"},"thumbnailUrl":"https:\/\/www.bellunopress.it\/wp-content\/uploads\/2016\/01\/Zaia-e-Maroni-a-Longarone-fiere.jpg","datePublished":"2022-11-22T08:46:13+00:00","breadcrumb":{"@id":"https:\/\/www.bellunopress.it\/2022\/11\/22\/morto-lex-ministro-maroni-zaia-figura-iconica-ci-manchera\/#breadcrumb"},"inLanguage":"fr-FR","potentialAction":[{"@type":"ReadAction","target":["https:\/\/www.bellunopress.it\/2022\/11\/22\/morto-lex-ministro-maroni-zaia-figura-iconica-ci-manchera\/"]}]},{"@type":"ImageObject","inLanguage":"fr-FR","@id":"https:\/\/www.bellunopress.it\/2022\/11\/22\/morto-lex-ministro-maroni-zaia-figura-iconica-ci-manchera\/#primaryimage","url":"https:\/\/www.bellunopress.it\/wp-content\/uploads\/2016\/01\/Zaia-e-Maroni-a-Longarone-fiere.jpg","contentUrl":"https:\/\/www.bellunopress.it\/wp-content\/uploads\/2016\/01\/Zaia-e-Maroni-a-Longarone-fiere.jpg","width":300,"height":206,"caption":"Zaia e Maroni a Longarone fiere, gennaio 2016"},{"@type":"BreadcrumbList","@id":"https:\/\/www.bellunopress.it\/2022\/11\/22\/morto-lex-ministro-maroni-zaia-figura-iconica-ci-manchera\/#breadcrumb","itemListElement":[{"@type":"ListItem","position":1,"name":"Home","item":"https:\/\/www.bellunopress.it\/"},{"@type":"ListItem","position":2,"name":"Morto l&#8217;ex ministro Maroni. Zaia: &#8220;Figura iconica, ci mancher\u00e0&#8221;"}]},{"@type":"WebSite","@id":"https:\/\/www.bellunopress.it\/#website","url":"https:\/\/www.bellunopress.it\/","name":"Bellunopress - Dolomiti","description":"e-mail: redazione@bellunopress.it","publisher":{"@id":"https:\/\/www.bellunopress.it\/#organization"},"potentialAction":[{"@type":"SearchAction","target":{"@type":"EntryPoint","urlTemplate":"https:\/\/www.bellunopress.it\/?s={search_term_string}"},"query-input":{"@type":"PropertyValueSpecification","valueRequired":true,"valueName":"search_term_string"}}],"inLanguage":"fr-FR"},{"@type":"Organization","@id":"https:\/\/www.bellunopress.it\/#organization","name":"Bellunopress","url":"https:\/\/www.bellunopress.it\/","logo":{"@type":"ImageObject","inLanguage":"fr-FR","@id":"https:\/\/www.bellunopress.it\/#\/schema\/logo\/image\/","url":"https:\/\/www.bellunopress.it\/wp-content\/uploads\/2011\/05\/cropped-logo-bellunopress-.jpg","contentUrl":"https:\/\/www.bellunopress.it\/wp-content\/uploads\/2011\/05\/cropped-logo-bellunopress-.jpg","width":512,"height":512,"caption":"Bellunopress"},"image":{"@id":"https:\/\/www.bellunopress.it\/#\/schema\/logo\/image\/"},"sameAs":["https:\/\/www.facebook.com\/profile.php?id=100008943462799","https:\/\/x.com\/bellunopress","https:\/\/www.linkedin.com\/hp\/?dnr=JBzUWaJfMUw8vbXJJ2tVW5-I3jZKvC4wsoxE&amp;amp;amp;amp;amp;amp;trk=nav_responsive_tab_home","https:\/\/www.youtube.com\/channel\/UCxL0wu1uN0_3_7hGG0306cw"]},{"@type":"Person","@id":"https:\/\/www.bellunopress.it\/#\/schema\/person\/79bb06722b37ece1c03d3e94beb30d73","name":"r\u00e9daction","image":{"@type":"ImageObject","inLanguage":"fr-FR","@id":"https:\/\/secure.gravatar.com\/avatar\/37d968a2e67a6fd04c169c4bdef102d0bc5d31b2546345219e348575eb80e9a0?s=96&d=mm&r=g","url":"https:\/\/secure.gravatar.com\/avatar\/37d968a2e67a6fd04c169c4bdef102d0bc5d31b2546345219e348575eb80e9a0?s=96&d=mm&r=g","contentUrl":"https:\/\/secure.gravatar.com\/avatar\/37d968a2e67a6fd04c169c4bdef102d0bc5d31b2546345219e348575eb80e9a0?s=96&d=mm&r=g","caption":"redazione"},"sameAs":["http:\/\/www.bellunopress.it","https:\/\/x.com\/bellunopress"],"url":"https:\/\/www.bellunopress.it\/fr\/author\/redazione\/"}]}},"_links":{"self":[{"href":"https:\/\/www.bellunopress.it\/fr\/wp-json\/wp\/v2\/posts\/137850","targetHints":{"allow":["GET"]}}],"collection":[{"href":"https:\/\/www.bellunopress.it\/fr\/wp-json\/wp\/v2\/posts"}],"about":[{"href":"https:\/\/www.bellunopress.it\/fr\/wp-json\/wp\/v2\/types\/post"}],"author":[{"embeddable":true,"href":"https:\/\/www.bellunopress.it\/fr\/wp-json\/wp\/v2\/users\/2"}],"replies":[{"embeddable":true,"href":"https:\/\/www.bellunopress.it\/fr\/wp-json\/wp\/v2\/comments?post=137850"}],"version-history":[{"count":1,"href":"https:\/\/www.bellunopress.it\/fr\/wp-json\/wp\/v2\/posts\/137850\/revisions"}],"predecessor-version":[{"id":137851,"href":"https:\/\/www.bellunopress.it\/fr\/wp-json\/wp\/v2\/posts\/137850\/revisions\/137851"}],"wp:featuredmedia":[{"embeddable":true,"href":"https:\/\/www.bellunopress.it\/fr\/wp-json\/wp\/v2\/media\/74859"}],"wp:attachment":[{"href":"https:\/\/www.bellunopress.it\/fr\/wp-json\/wp\/v2\/media?parent=137850"}],"wp:term":[{"taxonomy":"category","embeddable":true,"href":"https:\/\/www.bellunopress.it\/fr\/wp-json\/wp\/v2\/categories?post=137850"},{"taxonomy":"post_tag","embeddable":true,"href":"https:\/\/www.bellunopress.it\/fr\/wp-json\/wp\/v2\/tags?post=137850"}],"curies":[{"name":"wp","href":"https:\/\/api.w.org\/{rel}","templated":true}]}}