{"id":137848,"date":"2022-11-22T08:06:05","date_gmt":"2022-11-22T07:06:05","guid":{"rendered":"https:\/\/www.bellunopress.it\/?p=137848"},"modified":"2022-11-22T08:06:05","modified_gmt":"2022-11-22T07:06:05","slug":"linverno-demografico-il-calo-della-popolazione-colpisce-di-piu-i-piccoli-comuni","status":"publish","type":"post","link":"https:\/\/www.bellunopress.it\/fr\/2022\/11\/22\/linverno-demografico-il-calo-della-popolazione-colpisce-di-piu-i-piccoli-comuni\/","title":{"rendered":"L&#8217;inverno demografico. Il calo della popolazione colpisce di pi\u00f9 i piccoli Comuni"},"content":{"rendered":"<p><strong><img loading=\"lazy\" decoding=\"async\" class=\"alignleft size-full wp-image-110421\" src=\"https:\/\/www.bellunopress.it\/wp-content\/uploads\/2019\/12\/Grafico-proiezione-popolazione.jpg\" alt=\"\" width=\"400\" height=\"252\" \/>Nell\u2019ultimo decennio si registra una flessione generale della popolazione, ma nei Comuni con meno di 3.000 abitanti la diminuzione \u00e8 molto pi\u00f9 significativa. Per la Fondazione Think Tank Nord Est vanno promosse le fusioni tra Municipi. <\/strong><\/p>\n<p>Piccoli e grandi Comuni d\u2019Italia siederanno fianco a fianco all\u2019Assemblea Nazionale Anci in programma in questi giorni a Bergamo. Eppure, dal 2012 ad oggi, secondo l\u2019analisi della Fondazione Think Tank Nord Est, che ha suddiviso i Comuni in classi sulla base del numero di abitanti, i 7.904 Municipi del Paese hanno mostrato tendenze demografiche differenti.<\/p>\n<p>Negli ultimi dieci anni si registra un <a href=\"https:\/\/www.amazon.it\/tassa-sul-celibato-questione-demografica-ebook\/dp\/B09WDXC97B\/ref=sr_1_1?__mk_it_IT=\u00c5M\u00c5\u017d\u00d5\u00d1&amp;crid=OE5CX33NDJ7E&amp;keywords=tassa+sul+celibato+de+nart&amp;psr=EY17&amp;qid=1669100589&amp;qu=eyJxc2MiOiIwLjA0IiwicXNhIjoiMC4wMCIsInFzcCI6IjAuMDAifQ%3D%3D&amp;s=black-friday&amp;sprefix=tassa+sul+celibato+de+nart%2Cblack-friday%2C91&amp;sr=1-1\">calo generale della popolazione<\/a>: in media tutti gli Enti locali mostrano trend negativi, ma con differenze anche significative a seconda delle dimensioni. Infatti, sono soprattutto i Municipi con meno di 3.000 abitanti ad evidenziare una forte diminuzione dei residenti: pi\u00f9 in generale, la performance peggiora man mano che diminuisce la dimensione demografica.<\/p>\n<p>Nel dettaglio, i micro Comuni con meno di 500 abitanti hanno perso in media l\u201911,6% della popolazione. Quelli con un numero di residenti compreso tra 500 e 1.000 hanno segnato un calo del 9%. I Municipi con una popolazione tra 1.000 e 3.000 cittadini evidenziano una flessione del 7%. Gli Enti locali con un totale di abitanti compreso tra 3.000 e 5.000 mostrano una diminuzione del 3,8%, mentre quelli con un numero di residenti compreso tra 5.000 e 10.000 sono in calo del 2,1%. Bisogna quindi arrivare ai Comuni con pi\u00f9 di 10 mila abitanti per osservare l\u2019andamento relativamente migliore: infatti si registra una sostanziale invarianza (-0,6%) tra 10.000 e 20.000 residenti, mentre nelle realt\u00e0 urbane con pi\u00f9 di 20.000 cittadini la diminuzione \u00e8 dell\u20191%.<\/p>\n<p>L\u2019inverno demografico colpisce quindi soprattutto i Comuni pi\u00f9 piccoli: un problema non da poco per il nostro Paese, in quanto gli Enti con meno di 3.000 abitanti sono 4.454, pari al 56,4% del totale. In queste aree, tuttavia, risiede solo il 9,4% del totale dei residenti in Italia.<\/p>\n<p>Il calo della popolazione sta quindi svuotando interi territori, dove di conseguenza \u00e8 sempre pi\u00f9 difficile garantire i servizi ai pochi cittadini rimasti, a causa proprio della mancanza di un bacino demografico minimo. La flessione del numero degli abitanti, secondo le previsioni, \u00e8 peraltro destinata ad intensificarsi nei prossimi anni, mettendo quindi a rischio la sostenibilit\u00e0 dei servizi legati all\u2019istruzione e al sociale, ma anche alla cultura e allo sport. Pi\u00f9 in generale, poi, lo spopolamento causa a sua volta la scomparsa delle attivit\u00e0 economiche, generando ulteriore isolamento e declino economico, in una spirale di effetti negativi difficile da invertire.<\/p>\n<p>Secondo la Fondazione Think Tank Nord Est, i piccoli Comuni dovrebbero prendere in considerazione l\u2019aggregazione con gli Enti limitrofi, al fine di costruire dal basso, in maniera quasi sartoriale, una nuova realt\u00e0 in grado di offrire i servizi alla popolazione all\u2019interno di un bacino territoriale pi\u00f9 ampio. Non solo: con gli incentivi statali concessi alle fusioni si possono realizzare investimenti e progetti per migliorare la qualit\u00e0 della vita e la competitivit\u00e0 di queste aree, cercando di renderle nuovamente attrattive per le imprese e le persone.<\/p>\n<p>\u201cLa fusione \u00e8 un\u2019opportunit\u00e0 fondamentale per garantire i servizi nelle aree caratterizzate da piccoli Comuni &#8211; sostiene Antonio Ferrarelli, presidente della Fondazione Think Tank Nord Est &#8211; e proprio per questo i processi di aggregazione dovrebbero essere promossi e incentivati ancor di pi\u00f9 dal nuovo Governo. Ai contributi statali dovrebbe per\u00f2 affiancarsi la costruzione di un nuovo assetto istituzionale basato sui servizi ai cittadini e non sugli Enti in quanto tali. La divulgazione delle buone pratiche di fusione dovrebbe avere il giusto spazio anche nell\u2019Assemblea Nazionale Anci. In particolare nelle aree periferiche del Paese &#8211; conclude Ferrarelli &#8211; \u00e8 indispensabile promuovere progetti di area vasta, al fine di rendere sostenibili i servizi locali e salvare il futuro dei piccoli Comuni, che continuerebbero cos\u00ec a vivere nella nuova istituzione con una loro precisa identit\u00e0.\u201d<\/p>\n<p><strong>\u00a0<\/strong><\/p>\n<p>&nbsp;<\/p>","protected":false},"excerpt":{"rendered":"<p>Nell\u2019ultimo decennio si registra una flessione generale della popolazione, ma nei Comuni con meno di 3.000 abitanti la diminuzione \u00e8 molto pi\u00f9 significativa. Per la Fondazione Think Tank Nord Est vanno promosse le fusioni tra Municipi. Piccoli e grandi Comuni d\u2019Italia siederanno fianco a fianco all\u2019Assemblea Nazionale Anci in programma in questi giorni a Bergamo. [&hellip;]<\/p>\n","protected":false},"author":2,"featured_media":110421,"comment_status":"closed","ping_status":"open","sticky":false,"template":"","format":"standard","meta":{"footnotes":""},"categories":[26,8],"tags":[],"class_list":["post-137848","post","type-post","status-publish","format-standard","has-post-thumbnail","category-prima-pagina","category-societa-istituzioni"],"yoast_head":"<!-- This site is optimized with the Yoast SEO plugin v28.4 - https:\/\/yoast.com\/product\/yoast-seo-wordpress\/ -->\n<title>L&#039;inverno demografico. Il calo della popolazione colpisce di pi\u00f9 i piccoli Comuni - Bellunopress - Dolomiti<\/title>\n<meta name=\"robots\" content=\"index, follow, max-snippet:-1, max-image-preview:large, max-video-preview:-1\" \/>\n<link rel=\"canonical\" href=\"https:\/\/www.bellunopress.it\/fr\/2022\/11\/22\/linverno-demografico-il-calo-della-popolazione-colpisce-di-piu-i-piccoli-comuni\/\" \/>\n<meta property=\"og:locale\" content=\"fr_FR\" \/>\n<meta property=\"og:type\" content=\"article\" \/>\n<meta property=\"og:title\" content=\"L&#039;inverno demografico. Il calo della popolazione colpisce di pi\u00f9 i piccoli Comuni - Bellunopress - Dolomiti\" \/>\n<meta property=\"og:description\" content=\"Nell\u2019ultimo decennio si registra una flessione generale della popolazione, ma nei Comuni con meno di 3.000 abitanti la diminuzione \u00e8 molto pi\u00f9 significativa. Per la Fondazione Think Tank Nord Est vanno promosse le fusioni tra Municipi. Piccoli e grandi Comuni d\u2019Italia siederanno fianco a fianco all\u2019Assemblea Nazionale Anci in programma in questi giorni a Bergamo. [&hellip;]\" \/>\n<meta property=\"og:url\" content=\"https:\/\/www.bellunopress.it\/fr\/2022\/11\/22\/linverno-demografico-il-calo-della-popolazione-colpisce-di-piu-i-piccoli-comuni\/\" \/>\n<meta property=\"og:site_name\" content=\"Bellunopress - Dolomiti\" \/>\n<meta property=\"article:publisher\" content=\"https:\/\/www.facebook.com\/profile.php?id=100008943462799\" \/>\n<meta property=\"article:published_time\" content=\"2022-11-22T07:06:05+00:00\" \/>\n<meta property=\"og:image\" content=\"https:\/\/www.bellunopress.it\/wp-content\/uploads\/2019\/12\/Grafico-proiezione-popolazione.jpg\" \/>\n\t<meta property=\"og:image:width\" content=\"400\" \/>\n\t<meta property=\"og:image:height\" content=\"252\" \/>\n\t<meta property=\"og:image:type\" content=\"image\/jpeg\" \/>\n<meta name=\"author\" content=\"redazione\" \/>\n<meta name=\"twitter:card\" content=\"summary_large_image\" \/>\n<meta name=\"twitter:creator\" content=\"@bellunopress\" \/>\n<meta name=\"twitter:site\" content=\"@bellunopress\" \/>\n<meta name=\"twitter:label1\" content=\"Written by\" \/>\n\t<meta name=\"twitter:data1\" content=\"redazione\" \/>\n\t<meta name=\"twitter:label2\" content=\"Est. reading time\" \/>\n\t<meta name=\"twitter:data2\" content=\"4 minutes\" \/>\n<script type=\"application\/ld+json\" class=\"yoast-schema-graph\">{\"@context\":\"https:\\\/\\\/schema.org\",\"@graph\":[{\"@type\":\"Article\",\"@id\":\"https:\\\/\\\/www.bellunopress.it\\\/2022\\\/11\\\/22\\\/linverno-demografico-il-calo-della-popolazione-colpisce-di-piu-i-piccoli-comuni\\\/#article\",\"isPartOf\":{\"@id\":\"https:\\\/\\\/www.bellunopress.it\\\/2022\\\/11\\\/22\\\/linverno-demografico-il-calo-della-popolazione-colpisce-di-piu-i-piccoli-comuni\\\/\"},\"author\":{\"name\":\"redazione\",\"@id\":\"https:\\\/\\\/www.bellunopress.it\\\/#\\\/schema\\\/person\\\/79bb06722b37ece1c03d3e94beb30d73\"},\"headline\":\"L&#8217;inverno demografico. Il calo della popolazione colpisce di pi\u00f9 i piccoli Comuni\",\"datePublished\":\"2022-11-22T07:06:05+00:00\",\"mainEntityOfPage\":{\"@id\":\"https:\\\/\\\/www.bellunopress.it\\\/2022\\\/11\\\/22\\\/linverno-demografico-il-calo-della-popolazione-colpisce-di-piu-i-piccoli-comuni\\\/\"},\"wordCount\":635,\"publisher\":{\"@id\":\"https:\\\/\\\/www.bellunopress.it\\\/#organization\"},\"image\":{\"@id\":\"https:\\\/\\\/www.bellunopress.it\\\/2022\\\/11\\\/22\\\/linverno-demografico-il-calo-della-popolazione-colpisce-di-piu-i-piccoli-comuni\\\/#primaryimage\"},\"thumbnailUrl\":\"https:\\\/\\\/www.bellunopress.it\\\/wp-content\\\/uploads\\\/2019\\\/12\\\/Grafico-proiezione-popolazione.jpg\",\"articleSection\":[\"Prima Pagina\",\"Societ\u00e0, Associazioni, Istituzioni\"],\"inLanguage\":\"fr-FR\"},{\"@type\":\"WebPage\",\"@id\":\"https:\\\/\\\/www.bellunopress.it\\\/2022\\\/11\\\/22\\\/linverno-demografico-il-calo-della-popolazione-colpisce-di-piu-i-piccoli-comuni\\\/\",\"url\":\"https:\\\/\\\/www.bellunopress.it\\\/2022\\\/11\\\/22\\\/linverno-demografico-il-calo-della-popolazione-colpisce-di-piu-i-piccoli-comuni\\\/\",\"name\":\"L'inverno demografico. Il calo della popolazione colpisce di pi\u00f9 i piccoli Comuni - Bellunopress - Dolomiti\",\"isPartOf\":{\"@id\":\"https:\\\/\\\/www.bellunopress.it\\\/#website\"},\"primaryImageOfPage\":{\"@id\":\"https:\\\/\\\/www.bellunopress.it\\\/2022\\\/11\\\/22\\\/linverno-demografico-il-calo-della-popolazione-colpisce-di-piu-i-piccoli-comuni\\\/#primaryimage\"},\"image\":{\"@id\":\"https:\\\/\\\/www.bellunopress.it\\\/2022\\\/11\\\/22\\\/linverno-demografico-il-calo-della-popolazione-colpisce-di-piu-i-piccoli-comuni\\\/#primaryimage\"},\"thumbnailUrl\":\"https:\\\/\\\/www.bellunopress.it\\\/wp-content\\\/uploads\\\/2019\\\/12\\\/Grafico-proiezione-popolazione.jpg\",\"datePublished\":\"2022-11-22T07:06:05+00:00\",\"breadcrumb\":{\"@id\":\"https:\\\/\\\/www.bellunopress.it\\\/2022\\\/11\\\/22\\\/linverno-demografico-il-calo-della-popolazione-colpisce-di-piu-i-piccoli-comuni\\\/#breadcrumb\"},\"inLanguage\":\"fr-FR\",\"potentialAction\":[{\"@type\":\"ReadAction\",\"target\":[\"https:\\\/\\\/www.bellunopress.it\\\/2022\\\/11\\\/22\\\/linverno-demografico-il-calo-della-popolazione-colpisce-di-piu-i-piccoli-comuni\\\/\"]}]},{\"@type\":\"ImageObject\",\"inLanguage\":\"fr-FR\",\"@id\":\"https:\\\/\\\/www.bellunopress.it\\\/2022\\\/11\\\/22\\\/linverno-demografico-il-calo-della-popolazione-colpisce-di-piu-i-piccoli-comuni\\\/#primaryimage\",\"url\":\"https:\\\/\\\/www.bellunopress.it\\\/wp-content\\\/uploads\\\/2019\\\/12\\\/Grafico-proiezione-popolazione.jpg\",\"contentUrl\":\"https:\\\/\\\/www.bellunopress.it\\\/wp-content\\\/uploads\\\/2019\\\/12\\\/Grafico-proiezione-popolazione.jpg\",\"width\":400,\"height\":252},{\"@type\":\"BreadcrumbList\",\"@id\":\"https:\\\/\\\/www.bellunopress.it\\\/2022\\\/11\\\/22\\\/linverno-demografico-il-calo-della-popolazione-colpisce-di-piu-i-piccoli-comuni\\\/#breadcrumb\",\"itemListElement\":[{\"@type\":\"ListItem\",\"position\":1,\"name\":\"Home\",\"item\":\"https:\\\/\\\/www.bellunopress.it\\\/\"},{\"@type\":\"ListItem\",\"position\":2,\"name\":\"L&#8217;inverno demografico. Il calo della popolazione colpisce di pi\u00f9 i piccoli Comuni\"}]},{\"@type\":\"WebSite\",\"@id\":\"https:\\\/\\\/www.bellunopress.it\\\/#website\",\"url\":\"https:\\\/\\\/www.bellunopress.it\\\/\",\"name\":\"Bellunopress - Dolomiti\",\"description\":\"e-mail: redazione@bellunopress.it\",\"publisher\":{\"@id\":\"https:\\\/\\\/www.bellunopress.it\\\/#organization\"},\"potentialAction\":[{\"@type\":\"SearchAction\",\"target\":{\"@type\":\"EntryPoint\",\"urlTemplate\":\"https:\\\/\\\/www.bellunopress.it\\\/?s={search_term_string}\"},\"query-input\":{\"@type\":\"PropertyValueSpecification\",\"valueRequired\":true,\"valueName\":\"search_term_string\"}}],\"inLanguage\":\"fr-FR\"},{\"@type\":\"Organization\",\"@id\":\"https:\\\/\\\/www.bellunopress.it\\\/#organization\",\"name\":\"Bellunopress\",\"url\":\"https:\\\/\\\/www.bellunopress.it\\\/\",\"logo\":{\"@type\":\"ImageObject\",\"inLanguage\":\"fr-FR\",\"@id\":\"https:\\\/\\\/www.bellunopress.it\\\/#\\\/schema\\\/logo\\\/image\\\/\",\"url\":\"https:\\\/\\\/www.bellunopress.it\\\/wp-content\\\/uploads\\\/2011\\\/05\\\/cropped-logo-bellunopress-.jpg\",\"contentUrl\":\"https:\\\/\\\/www.bellunopress.it\\\/wp-content\\\/uploads\\\/2011\\\/05\\\/cropped-logo-bellunopress-.jpg\",\"width\":512,\"height\":512,\"caption\":\"Bellunopress\"},\"image\":{\"@id\":\"https:\\\/\\\/www.bellunopress.it\\\/#\\\/schema\\\/logo\\\/image\\\/\"},\"sameAs\":[\"https:\\\/\\\/www.facebook.com\\\/profile.php?id=100008943462799\",\"https:\\\/\\\/x.com\\\/bellunopress\",\"https:\\\/\\\/www.linkedin.com\\\/hp\\\/?dnr=JBzUWaJfMUw8vbXJJ2tVW5-I3jZKvC4wsoxE&amp;amp;amp;amp;amp;amp;trk=nav_responsive_tab_home\",\"https:\\\/\\\/www.youtube.com\\\/channel\\\/UCxL0wu1uN0_3_7hGG0306cw\"]},{\"@type\":\"Person\",\"@id\":\"https:\\\/\\\/www.bellunopress.it\\\/#\\\/schema\\\/person\\\/79bb06722b37ece1c03d3e94beb30d73\",\"name\":\"redazione\",\"image\":{\"@type\":\"ImageObject\",\"inLanguage\":\"fr-FR\",\"@id\":\"https:\\\/\\\/secure.gravatar.com\\\/avatar\\\/37d968a2e67a6fd04c169c4bdef102d0bc5d31b2546345219e348575eb80e9a0?s=96&d=mm&r=g\",\"url\":\"https:\\\/\\\/secure.gravatar.com\\\/avatar\\\/37d968a2e67a6fd04c169c4bdef102d0bc5d31b2546345219e348575eb80e9a0?s=96&d=mm&r=g\",\"contentUrl\":\"https:\\\/\\\/secure.gravatar.com\\\/avatar\\\/37d968a2e67a6fd04c169c4bdef102d0bc5d31b2546345219e348575eb80e9a0?s=96&d=mm&r=g\",\"caption\":\"redazione\"},\"sameAs\":[\"http:\\\/\\\/www.bellunopress.it\",\"https:\\\/\\\/x.com\\\/bellunopress\"],\"url\":\"https:\\\/\\\/www.bellunopress.it\\\/fr\\\/author\\\/redazione\\\/\"}]}<\/script>\n<!-- \/ Yoast SEO plugin. -->","yoast_head_json":{"title":"L'inverno demografico. Il calo della popolazione colpisce di pi\u00f9 i piccoli Comuni - Bellunopress - Dolomiti","robots":{"index":"index","follow":"follow","max-snippet":"max-snippet:-1","max-image-preview":"max-image-preview:large","max-video-preview":"max-video-preview:-1"},"canonical":"https:\/\/www.bellunopress.it\/fr\/2022\/11\/22\/linverno-demografico-il-calo-della-popolazione-colpisce-di-piu-i-piccoli-comuni\/","og_locale":"fr_FR","og_type":"article","og_title":"L'inverno demografico. Il calo della popolazione colpisce di pi\u00f9 i piccoli Comuni - Bellunopress - Dolomiti","og_description":"Nell\u2019ultimo decennio si registra una flessione generale della popolazione, ma nei Comuni con meno di 3.000 abitanti la diminuzione \u00e8 molto pi\u00f9 significativa. Per la Fondazione Think Tank Nord Est vanno promosse le fusioni tra Municipi. Piccoli e grandi Comuni d\u2019Italia siederanno fianco a fianco all\u2019Assemblea Nazionale Anci in programma in questi giorni a Bergamo. [&hellip;]","og_url":"https:\/\/www.bellunopress.it\/fr\/2022\/11\/22\/linverno-demografico-il-calo-della-popolazione-colpisce-di-piu-i-piccoli-comuni\/","og_site_name":"Bellunopress - Dolomiti","article_publisher":"https:\/\/www.facebook.com\/profile.php?id=100008943462799","article_published_time":"2022-11-22T07:06:05+00:00","og_image":[{"width":400,"height":252,"url":"https:\/\/www.bellunopress.it\/wp-content\/uploads\/2019\/12\/Grafico-proiezione-popolazione.jpg","type":"image\/jpeg"}],"author":"redazione","twitter_card":"summary_large_image","twitter_creator":"@bellunopress","twitter_site":"@bellunopress","twitter_misc":{"Written by":"redazione","Est. reading time":"4 minutes"},"schema":{"@context":"https:\/\/schema.org","@graph":[{"@type":"Article","@id":"https:\/\/www.bellunopress.it\/2022\/11\/22\/linverno-demografico-il-calo-della-popolazione-colpisce-di-piu-i-piccoli-comuni\/#article","isPartOf":{"@id":"https:\/\/www.bellunopress.it\/2022\/11\/22\/linverno-demografico-il-calo-della-popolazione-colpisce-di-piu-i-piccoli-comuni\/"},"author":{"name":"redazione","@id":"https:\/\/www.bellunopress.it\/#\/schema\/person\/79bb06722b37ece1c03d3e94beb30d73"},"headline":"L&#8217;inverno demografico. Il calo della popolazione colpisce di pi\u00f9 i piccoli Comuni","datePublished":"2022-11-22T07:06:05+00:00","mainEntityOfPage":{"@id":"https:\/\/www.bellunopress.it\/2022\/11\/22\/linverno-demografico-il-calo-della-popolazione-colpisce-di-piu-i-piccoli-comuni\/"},"wordCount":635,"publisher":{"@id":"https:\/\/www.bellunopress.it\/#organization"},"image":{"@id":"https:\/\/www.bellunopress.it\/2022\/11\/22\/linverno-demografico-il-calo-della-popolazione-colpisce-di-piu-i-piccoli-comuni\/#primaryimage"},"thumbnailUrl":"https:\/\/www.bellunopress.it\/wp-content\/uploads\/2019\/12\/Grafico-proiezione-popolazione.jpg","articleSection":["Prima Pagina","Societ\u00e0, Associazioni, Istituzioni"],"inLanguage":"fr-FR"},{"@type":"WebPage","@id":"https:\/\/www.bellunopress.it\/2022\/11\/22\/linverno-demografico-il-calo-della-popolazione-colpisce-di-piu-i-piccoli-comuni\/","url":"https:\/\/www.bellunopress.it\/2022\/11\/22\/linverno-demografico-il-calo-della-popolazione-colpisce-di-piu-i-piccoli-comuni\/","name":"L'inverno demografico. Il calo della popolazione colpisce di pi\u00f9 i piccoli Comuni - Bellunopress - Dolomiti","isPartOf":{"@id":"https:\/\/www.bellunopress.it\/#website"},"primaryImageOfPage":{"@id":"https:\/\/www.bellunopress.it\/2022\/11\/22\/linverno-demografico-il-calo-della-popolazione-colpisce-di-piu-i-piccoli-comuni\/#primaryimage"},"image":{"@id":"https:\/\/www.bellunopress.it\/2022\/11\/22\/linverno-demografico-il-calo-della-popolazione-colpisce-di-piu-i-piccoli-comuni\/#primaryimage"},"thumbnailUrl":"https:\/\/www.bellunopress.it\/wp-content\/uploads\/2019\/12\/Grafico-proiezione-popolazione.jpg","datePublished":"2022-11-22T07:06:05+00:00","breadcrumb":{"@id":"https:\/\/www.bellunopress.it\/2022\/11\/22\/linverno-demografico-il-calo-della-popolazione-colpisce-di-piu-i-piccoli-comuni\/#breadcrumb"},"inLanguage":"fr-FR","potentialAction":[{"@type":"ReadAction","target":["https:\/\/www.bellunopress.it\/2022\/11\/22\/linverno-demografico-il-calo-della-popolazione-colpisce-di-piu-i-piccoli-comuni\/"]}]},{"@type":"ImageObject","inLanguage":"fr-FR","@id":"https:\/\/www.bellunopress.it\/2022\/11\/22\/linverno-demografico-il-calo-della-popolazione-colpisce-di-piu-i-piccoli-comuni\/#primaryimage","url":"https:\/\/www.bellunopress.it\/wp-content\/uploads\/2019\/12\/Grafico-proiezione-popolazione.jpg","contentUrl":"https:\/\/www.bellunopress.it\/wp-content\/uploads\/2019\/12\/Grafico-proiezione-popolazione.jpg","width":400,"height":252},{"@type":"BreadcrumbList","@id":"https:\/\/www.bellunopress.it\/2022\/11\/22\/linverno-demografico-il-calo-della-popolazione-colpisce-di-piu-i-piccoli-comuni\/#breadcrumb","itemListElement":[{"@type":"ListItem","position":1,"name":"Home","item":"https:\/\/www.bellunopress.it\/"},{"@type":"ListItem","position":2,"name":"L&#8217;inverno demografico. Il calo della popolazione colpisce di pi\u00f9 i piccoli Comuni"}]},{"@type":"WebSite","@id":"https:\/\/www.bellunopress.it\/#website","url":"https:\/\/www.bellunopress.it\/","name":"Bellunopress - Dolomiti","description":"e-mail: redazione@bellunopress.it","publisher":{"@id":"https:\/\/www.bellunopress.it\/#organization"},"potentialAction":[{"@type":"SearchAction","target":{"@type":"EntryPoint","urlTemplate":"https:\/\/www.bellunopress.it\/?s={search_term_string}"},"query-input":{"@type":"PropertyValueSpecification","valueRequired":true,"valueName":"search_term_string"}}],"inLanguage":"fr-FR"},{"@type":"Organization","@id":"https:\/\/www.bellunopress.it\/#organization","name":"Bellunopress","url":"https:\/\/www.bellunopress.it\/","logo":{"@type":"ImageObject","inLanguage":"fr-FR","@id":"https:\/\/www.bellunopress.it\/#\/schema\/logo\/image\/","url":"https:\/\/www.bellunopress.it\/wp-content\/uploads\/2011\/05\/cropped-logo-bellunopress-.jpg","contentUrl":"https:\/\/www.bellunopress.it\/wp-content\/uploads\/2011\/05\/cropped-logo-bellunopress-.jpg","width":512,"height":512,"caption":"Bellunopress"},"image":{"@id":"https:\/\/www.bellunopress.it\/#\/schema\/logo\/image\/"},"sameAs":["https:\/\/www.facebook.com\/profile.php?id=100008943462799","https:\/\/x.com\/bellunopress","https:\/\/www.linkedin.com\/hp\/?dnr=JBzUWaJfMUw8vbXJJ2tVW5-I3jZKvC4wsoxE&amp;amp;amp;amp;amp;amp;trk=nav_responsive_tab_home","https:\/\/www.youtube.com\/channel\/UCxL0wu1uN0_3_7hGG0306cw"]},{"@type":"Person","@id":"https:\/\/www.bellunopress.it\/#\/schema\/person\/79bb06722b37ece1c03d3e94beb30d73","name":"r\u00e9daction","image":{"@type":"ImageObject","inLanguage":"fr-FR","@id":"https:\/\/secure.gravatar.com\/avatar\/37d968a2e67a6fd04c169c4bdef102d0bc5d31b2546345219e348575eb80e9a0?s=96&d=mm&r=g","url":"https:\/\/secure.gravatar.com\/avatar\/37d968a2e67a6fd04c169c4bdef102d0bc5d31b2546345219e348575eb80e9a0?s=96&d=mm&r=g","contentUrl":"https:\/\/secure.gravatar.com\/avatar\/37d968a2e67a6fd04c169c4bdef102d0bc5d31b2546345219e348575eb80e9a0?s=96&d=mm&r=g","caption":"redazione"},"sameAs":["http:\/\/www.bellunopress.it","https:\/\/x.com\/bellunopress"],"url":"https:\/\/www.bellunopress.it\/fr\/author\/redazione\/"}]}},"_links":{"self":[{"href":"https:\/\/www.bellunopress.it\/fr\/wp-json\/wp\/v2\/posts\/137848","targetHints":{"allow":["GET"]}}],"collection":[{"href":"https:\/\/www.bellunopress.it\/fr\/wp-json\/wp\/v2\/posts"}],"about":[{"href":"https:\/\/www.bellunopress.it\/fr\/wp-json\/wp\/v2\/types\/post"}],"author":[{"embeddable":true,"href":"https:\/\/www.bellunopress.it\/fr\/wp-json\/wp\/v2\/users\/2"}],"replies":[{"embeddable":true,"href":"https:\/\/www.bellunopress.it\/fr\/wp-json\/wp\/v2\/comments?post=137848"}],"version-history":[{"count":1,"href":"https:\/\/www.bellunopress.it\/fr\/wp-json\/wp\/v2\/posts\/137848\/revisions"}],"predecessor-version":[{"id":137849,"href":"https:\/\/www.bellunopress.it\/fr\/wp-json\/wp\/v2\/posts\/137848\/revisions\/137849"}],"wp:featuredmedia":[{"embeddable":true,"href":"https:\/\/www.bellunopress.it\/fr\/wp-json\/wp\/v2\/media\/110421"}],"wp:attachment":[{"href":"https:\/\/www.bellunopress.it\/fr\/wp-json\/wp\/v2\/media?parent=137848"}],"wp:term":[{"taxonomy":"category","embeddable":true,"href":"https:\/\/www.bellunopress.it\/fr\/wp-json\/wp\/v2\/categories?post=137848"},{"taxonomy":"post_tag","embeddable":true,"href":"https:\/\/www.bellunopress.it\/fr\/wp-json\/wp\/v2\/tags?post=137848"}],"curies":[{"name":"wp","href":"https:\/\/api.w.org\/{rel}","templated":true}]}}