{"id":137846,"date":"2022-11-22T06:00:41","date_gmt":"2022-11-22T05:00:41","guid":{"rendered":"https:\/\/www.bellunopress.it\/?p=137846"},"modified":"2022-11-22T07:32:47","modified_gmt":"2022-11-22T06:32:47","slug":"transizione-energetica-opportunita-per-i-bellunesi","status":"publish","type":"post","link":"https:\/\/www.bellunopress.it\/fr\/2022\/11\/22\/transizione-energetica-opportunita-per-i-bellunesi\/","title":{"rendered":"Transizione energetica, opportunit\u00e0 per i bellunesi"},"content":{"rendered":"<p><img loading=\"lazy\" decoding=\"async\" class=\"alignleft size-full wp-image-128801\" src=\"https:\/\/www.bellunopress.it\/wp-content\/uploads\/2021\/10\/lettera_edited.jpg\" alt=\"\" width=\"477\" height=\"224\" \/>Da tempo, ben prima dell\u2019attuale contingenza dovuta alla crisi ucraina, si discute su come l\u2019Europa (e a maggior ragione l\u2019Italia) possa liberarsi dalla dipendenza dai combustibili fossili e contemporaneamente dalle autocrazie che ne gestiscono la distribuzione.<br \/>\nL\u2019attuale ricerca di fonti energetiche differenziate coincide essenzialmente nel cercare altri fornitori.<br \/>\nPer il nostro Paese le strade sono due. Contratti d\u2019acquisto via gasdotto con paesi finora marginali, come Egitto, Congo, Libia, ecc. Oppure aumento di importazione da vecchi fornitori come Azerbaijan o Algeria. Paesi dalla dubbia patente di democrazia. E conseguentemente dall\u2019incerta costanza nel rifornimento.<br \/>\nLa seconda consiste nell\u2019importare gas liquefatto (in primis da Usa e Qatar). Questo mediante navi metaniere che raggiungono le nostre coste e riforniscono enormi rigassificatori. Lo stesso avviene per il petrolio.<br \/>\nMa in ogni caso gas e petrolio sono destinati a costare sempre pi\u00f9; la legge del mercato \u00e8 ferrea e spietata. Non ci sono clienti preferenziali. Il gas liquefatto poi \u00e8 ancora pi\u00f9 caro.<br \/>\nAttualmente si tende a far coincidere il termine \u201cenergetica\u201d con \u201cecologica\u201d. Nulla di pi\u00f9 errato.<br \/>\nEcologia fa rima con rinnovabile, cio\u00e8 con fotovoltaico, solare, eolico, idroelettrico, e nucleare di ultima generazione.<br \/>\nMa cosa stiamo facendo in pratica? Ricerchiamo nuovi giacimenti di gas in Adriatico, aumentiamo la quota di Gpl con conseguente posizionamento di nuovi rigassificatori. Infine estraiamo quanto pi\u00f9 possibile petrolio in Basilicata. Con tutte le inevitabili controversie tra popolazioni e politici. E alla faccia dell\u2019ecologia.<br \/>\nLe rinnovabili? In pratica rimandate a settembre. Ma di questo parleremo in seguito.<br \/>\nPer ovviare alle polemiche si agisce blandendo le lusinghe di ristori economici. A Piombino e in Basilicata, e forse anche in riviera adriatica, offrendo quote di gas o petrolio gratis per gli anni a venire.<br \/>\nMa per lo stesso motivo i Bellunesi potrebbero\/dovrebbero obiettare: \u201cE noi?\u201d<br \/>\nPerch\u00e9 \u00e8 innegabile che da oltre un secolo essi hanno dato, come si suol dire, molto alla collettivit\u00e0 nazionale.<br \/>\nRammentiamo quanto \u00e8 avvenuto negli anni dell\u2019immediato secondo dopoguerra, quando una accordo intergovernativo tra Italia e Belgio, ha scambiato uomini e carbone, con equivalenze oscene; un minatore\u2026tot quintali di carbone al giorno a prezzo agevolato all\u2019Italia. Con prezzo enorme di vite umane. Chi non ricorda Marcinelle? Ma dobbiamo rammentare anche Mousen Fontain, Quaregnon, con decine di morti bellunesi.<br \/>\nE l\u2019idroelettrico? Ha costellato il territorio di dighe, laghi, infrastrutture invisibili e visibili tanto da esserne sconvolto paesaggisticamente. Fino a pagare un prezzo altissimo con quasi 2000 vittime, come dimostrato dal sacrificio del Vajont.<br \/>\nFinora cosa abbiamo avuto in cambio? Se qualcuno lo sa, per favore mi informi.<br \/>\nDifferente \u00e8 la situazione dei nostri cugini dolomitici di Trento e Bolzano, che grazie a convenzioni\/concessioni dovute all\u2019autonomia regionale\/provinciale nel tempo sono divenuti proprietari delle concessioni idroelettriche, potendo cos\u00ec concedere consistenti sconti a cittadini ed imprese.<br \/>\nRicordo, en passant, che Belluno produce pro capite circa 19.000 Kw\/h per abitante, Trento e Bolzano non arrivano a 10.000 a testa. Quindi un eguale trattamento potrebbe avvantaggiarci notevolmente.<br \/>\nUltimamente per legge deve essere riconosciuta una quota discreta di utili ai territori ove si produce energia, ma per ora sar\u00e0 la Regione Veneto a riceverli, per cui mi permetto un dubbio sui criteri di distribuzione.<br \/>\nIn ogni caso, pur con le limitazioni sofferte in quest\u2019ultimo anno siccitoso, idroelettrico fa rima con \u201cecologico\u201d e le istituzioni bellunesi ne dovrebbero essere consapevoli e trarre le debite considerazioni.<br \/>\nInfine, e concludo, ci sarebbe la grossa partita dei crediti di Co\u00b2 ed ossigeno nell\u2019ambito del Protocollo Kyoto, il vincolo di gran parte del nostro patrimonio boschivo in applicazione della Rete Natura 2000, operazioni non debitamente conosciute dalla Cittadinanza, che valgono altrettanti milioni di euro.<br \/>\nBelluno deve vedere finalmente riconosciuto appieno l\u2019enorme valore, anche economico, del proprio territorio.<\/p>\n<p>Tomaso Pettazzi<\/p>","protected":false},"excerpt":{"rendered":"<p>Da tempo, ben prima dell\u2019attuale contingenza dovuta alla crisi ucraina, si discute su come l\u2019Europa (e a maggior ragione l\u2019Italia) possa liberarsi dalla dipendenza dai combustibili fossili e contemporaneamente dalle autocrazie che ne gestiscono la distribuzione. L\u2019attuale ricerca di fonti energetiche differenziate coincide essenzialmente nel cercare altri fornitori. Per il nostro Paese le strade sono [&hellip;]<\/p>\n","protected":false},"author":2,"featured_media":123649,"comment_status":"closed","ping_status":"open","sticky":false,"template":"","format":"standard","meta":{"footnotes":""},"categories":[1],"tags":[],"class_list":["post-137846","post","type-post","status-publish","format-standard","has-post-thumbnail","category-leo"],"yoast_head":"<!-- This site is optimized with the Yoast SEO plugin v28.4 - https:\/\/yoast.com\/product\/yoast-seo-wordpress\/ -->\n<title>Transizione energetica, opportunit\u00e0 per i bellunesi - Bellunopress - Dolomiti<\/title>\n<meta name=\"robots\" content=\"index, follow, max-snippet:-1, max-image-preview:large, max-video-preview:-1\" \/>\n<link rel=\"canonical\" href=\"https:\/\/www.bellunopress.it\/fr\/2022\/11\/22\/transizione-energetica-opportunita-per-i-bellunesi\/\" \/>\n<meta property=\"og:locale\" content=\"fr_FR\" \/>\n<meta property=\"og:type\" content=\"article\" \/>\n<meta property=\"og:title\" content=\"Transizione energetica, opportunit\u00e0 per i bellunesi - Bellunopress - Dolomiti\" \/>\n<meta property=\"og:description\" content=\"Da tempo, ben prima dell\u2019attuale contingenza dovuta alla crisi ucraina, si discute su come l\u2019Europa (e a maggior ragione l\u2019Italia) possa liberarsi dalla dipendenza dai combustibili fossili e contemporaneamente dalle autocrazie che ne gestiscono la distribuzione. L\u2019attuale ricerca di fonti energetiche differenziate coincide essenzialmente nel cercare altri fornitori. Per il nostro Paese le strade sono [&hellip;]\" \/>\n<meta property=\"og:url\" content=\"https:\/\/www.bellunopress.it\/fr\/2022\/11\/22\/transizione-energetica-opportunita-per-i-bellunesi\/\" \/>\n<meta property=\"og:site_name\" content=\"Bellunopress - Dolomiti\" \/>\n<meta property=\"article:publisher\" content=\"https:\/\/www.facebook.com\/profile.php?id=100008943462799\" \/>\n<meta property=\"article:published_time\" content=\"2022-11-22T05:00:41+00:00\" \/>\n<meta property=\"article:modified_time\" content=\"2022-11-22T06:32:47+00:00\" \/>\n<meta property=\"og:image\" content=\"https:\/\/www.bellunopress.it\/wp-content\/uploads\/2021\/04\/lettera-mail_edited.jpg\" \/>\n\t<meta property=\"og:image:width\" content=\"962\" \/>\n\t<meta property=\"og:image:height\" content=\"1000\" \/>\n\t<meta property=\"og:image:type\" content=\"image\/jpeg\" \/>\n<meta name=\"author\" content=\"redazione\" \/>\n<meta name=\"twitter:card\" content=\"summary_large_image\" \/>\n<meta name=\"twitter:creator\" content=\"@bellunopress\" \/>\n<meta name=\"twitter:site\" content=\"@bellunopress\" \/>\n<meta name=\"twitter:label1\" content=\"Written by\" \/>\n\t<meta name=\"twitter:data1\" content=\"redazione\" \/>\n\t<meta name=\"twitter:label2\" content=\"Est. reading time\" \/>\n\t<meta name=\"twitter:data2\" content=\"4 minutes\" \/>\n<script type=\"application\/ld+json\" class=\"yoast-schema-graph\">{\"@context\":\"https:\\\/\\\/schema.org\",\"@graph\":[{\"@type\":\"Article\",\"@id\":\"https:\\\/\\\/www.bellunopress.it\\\/2022\\\/11\\\/22\\\/transizione-energetica-opportunita-per-i-bellunesi\\\/#article\",\"isPartOf\":{\"@id\":\"https:\\\/\\\/www.bellunopress.it\\\/2022\\\/11\\\/22\\\/transizione-energetica-opportunita-per-i-bellunesi\\\/\"},\"author\":{\"name\":\"redazione\",\"@id\":\"https:\\\/\\\/www.bellunopress.it\\\/#\\\/schema\\\/person\\\/79bb06722b37ece1c03d3e94beb30d73\"},\"headline\":\"Transizione energetica, opportunit\u00e0 per i bellunesi\",\"datePublished\":\"2022-11-22T05:00:41+00:00\",\"dateModified\":\"2022-11-22T06:32:47+00:00\",\"mainEntityOfPage\":{\"@id\":\"https:\\\/\\\/www.bellunopress.it\\\/2022\\\/11\\\/22\\\/transizione-energetica-opportunita-per-i-bellunesi\\\/\"},\"wordCount\":625,\"publisher\":{\"@id\":\"https:\\\/\\\/www.bellunopress.it\\\/#organization\"},\"image\":{\"@id\":\"https:\\\/\\\/www.bellunopress.it\\\/2022\\\/11\\\/22\\\/transizione-energetica-opportunita-per-i-bellunesi\\\/#primaryimage\"},\"thumbnailUrl\":\"https:\\\/\\\/www.bellunopress.it\\\/wp-content\\\/uploads\\\/2021\\\/04\\\/lettera-mail_edited.jpg\",\"articleSection\":[\"Lettere Opinioni\"],\"inLanguage\":\"fr-FR\"},{\"@type\":\"WebPage\",\"@id\":\"https:\\\/\\\/www.bellunopress.it\\\/2022\\\/11\\\/22\\\/transizione-energetica-opportunita-per-i-bellunesi\\\/\",\"url\":\"https:\\\/\\\/www.bellunopress.it\\\/2022\\\/11\\\/22\\\/transizione-energetica-opportunita-per-i-bellunesi\\\/\",\"name\":\"Transizione energetica, opportunit\u00e0 per i bellunesi - Bellunopress - Dolomiti\",\"isPartOf\":{\"@id\":\"https:\\\/\\\/www.bellunopress.it\\\/#website\"},\"primaryImageOfPage\":{\"@id\":\"https:\\\/\\\/www.bellunopress.it\\\/2022\\\/11\\\/22\\\/transizione-energetica-opportunita-per-i-bellunesi\\\/#primaryimage\"},\"image\":{\"@id\":\"https:\\\/\\\/www.bellunopress.it\\\/2022\\\/11\\\/22\\\/transizione-energetica-opportunita-per-i-bellunesi\\\/#primaryimage\"},\"thumbnailUrl\":\"https:\\\/\\\/www.bellunopress.it\\\/wp-content\\\/uploads\\\/2021\\\/04\\\/lettera-mail_edited.jpg\",\"datePublished\":\"2022-11-22T05:00:41+00:00\",\"dateModified\":\"2022-11-22T06:32:47+00:00\",\"breadcrumb\":{\"@id\":\"https:\\\/\\\/www.bellunopress.it\\\/2022\\\/11\\\/22\\\/transizione-energetica-opportunita-per-i-bellunesi\\\/#breadcrumb\"},\"inLanguage\":\"fr-FR\",\"potentialAction\":[{\"@type\":\"ReadAction\",\"target\":[\"https:\\\/\\\/www.bellunopress.it\\\/2022\\\/11\\\/22\\\/transizione-energetica-opportunita-per-i-bellunesi\\\/\"]}]},{\"@type\":\"ImageObject\",\"inLanguage\":\"fr-FR\",\"@id\":\"https:\\\/\\\/www.bellunopress.it\\\/2022\\\/11\\\/22\\\/transizione-energetica-opportunita-per-i-bellunesi\\\/#primaryimage\",\"url\":\"https:\\\/\\\/www.bellunopress.it\\\/wp-content\\\/uploads\\\/2021\\\/04\\\/lettera-mail_edited.jpg\",\"contentUrl\":\"https:\\\/\\\/www.bellunopress.it\\\/wp-content\\\/uploads\\\/2021\\\/04\\\/lettera-mail_edited.jpg\",\"width\":962,\"height\":1000},{\"@type\":\"BreadcrumbList\",\"@id\":\"https:\\\/\\\/www.bellunopress.it\\\/2022\\\/11\\\/22\\\/transizione-energetica-opportunita-per-i-bellunesi\\\/#breadcrumb\",\"itemListElement\":[{\"@type\":\"ListItem\",\"position\":1,\"name\":\"Home\",\"item\":\"https:\\\/\\\/www.bellunopress.it\\\/\"},{\"@type\":\"ListItem\",\"position\":2,\"name\":\"Transizione energetica, opportunit\u00e0 per i bellunesi\"}]},{\"@type\":\"WebSite\",\"@id\":\"https:\\\/\\\/www.bellunopress.it\\\/#website\",\"url\":\"https:\\\/\\\/www.bellunopress.it\\\/\",\"name\":\"Bellunopress - Dolomiti\",\"description\":\"e-mail: redazione@bellunopress.it\",\"publisher\":{\"@id\":\"https:\\\/\\\/www.bellunopress.it\\\/#organization\"},\"potentialAction\":[{\"@type\":\"SearchAction\",\"target\":{\"@type\":\"EntryPoint\",\"urlTemplate\":\"https:\\\/\\\/www.bellunopress.it\\\/?s={search_term_string}\"},\"query-input\":{\"@type\":\"PropertyValueSpecification\",\"valueRequired\":true,\"valueName\":\"search_term_string\"}}],\"inLanguage\":\"fr-FR\"},{\"@type\":\"Organization\",\"@id\":\"https:\\\/\\\/www.bellunopress.it\\\/#organization\",\"name\":\"Bellunopress\",\"url\":\"https:\\\/\\\/www.bellunopress.it\\\/\",\"logo\":{\"@type\":\"ImageObject\",\"inLanguage\":\"fr-FR\",\"@id\":\"https:\\\/\\\/www.bellunopress.it\\\/#\\\/schema\\\/logo\\\/image\\\/\",\"url\":\"https:\\\/\\\/www.bellunopress.it\\\/wp-content\\\/uploads\\\/2011\\\/05\\\/cropped-logo-bellunopress-.jpg\",\"contentUrl\":\"https:\\\/\\\/www.bellunopress.it\\\/wp-content\\\/uploads\\\/2011\\\/05\\\/cropped-logo-bellunopress-.jpg\",\"width\":512,\"height\":512,\"caption\":\"Bellunopress\"},\"image\":{\"@id\":\"https:\\\/\\\/www.bellunopress.it\\\/#\\\/schema\\\/logo\\\/image\\\/\"},\"sameAs\":[\"https:\\\/\\\/www.facebook.com\\\/profile.php?id=100008943462799\",\"https:\\\/\\\/x.com\\\/bellunopress\",\"https:\\\/\\\/www.linkedin.com\\\/hp\\\/?dnr=JBzUWaJfMUw8vbXJJ2tVW5-I3jZKvC4wsoxE&amp;amp;amp;amp;amp;amp;trk=nav_responsive_tab_home\",\"https:\\\/\\\/www.youtube.com\\\/channel\\\/UCxL0wu1uN0_3_7hGG0306cw\"]},{\"@type\":\"Person\",\"@id\":\"https:\\\/\\\/www.bellunopress.it\\\/#\\\/schema\\\/person\\\/79bb06722b37ece1c03d3e94beb30d73\",\"name\":\"redazione\",\"image\":{\"@type\":\"ImageObject\",\"inLanguage\":\"fr-FR\",\"@id\":\"https:\\\/\\\/secure.gravatar.com\\\/avatar\\\/37d968a2e67a6fd04c169c4bdef102d0bc5d31b2546345219e348575eb80e9a0?s=96&d=mm&r=g\",\"url\":\"https:\\\/\\\/secure.gravatar.com\\\/avatar\\\/37d968a2e67a6fd04c169c4bdef102d0bc5d31b2546345219e348575eb80e9a0?s=96&d=mm&r=g\",\"contentUrl\":\"https:\\\/\\\/secure.gravatar.com\\\/avatar\\\/37d968a2e67a6fd04c169c4bdef102d0bc5d31b2546345219e348575eb80e9a0?s=96&d=mm&r=g\",\"caption\":\"redazione\"},\"sameAs\":[\"http:\\\/\\\/www.bellunopress.it\",\"https:\\\/\\\/x.com\\\/bellunopress\"],\"url\":\"https:\\\/\\\/www.bellunopress.it\\\/fr\\\/author\\\/redazione\\\/\"}]}<\/script>\n<!-- \/ Yoast SEO plugin. -->","yoast_head_json":{"title":"Transizione energetica, opportunit\u00e0 per i bellunesi - Bellunopress - Dolomiti","robots":{"index":"index","follow":"follow","max-snippet":"max-snippet:-1","max-image-preview":"max-image-preview:large","max-video-preview":"max-video-preview:-1"},"canonical":"https:\/\/www.bellunopress.it\/fr\/2022\/11\/22\/transizione-energetica-opportunita-per-i-bellunesi\/","og_locale":"fr_FR","og_type":"article","og_title":"Transizione energetica, opportunit\u00e0 per i bellunesi - Bellunopress - Dolomiti","og_description":"Da tempo, ben prima dell\u2019attuale contingenza dovuta alla crisi ucraina, si discute su come l\u2019Europa (e a maggior ragione l\u2019Italia) possa liberarsi dalla dipendenza dai combustibili fossili e contemporaneamente dalle autocrazie che ne gestiscono la distribuzione. L\u2019attuale ricerca di fonti energetiche differenziate coincide essenzialmente nel cercare altri fornitori. Per il nostro Paese le strade sono [&hellip;]","og_url":"https:\/\/www.bellunopress.it\/fr\/2022\/11\/22\/transizione-energetica-opportunita-per-i-bellunesi\/","og_site_name":"Bellunopress - Dolomiti","article_publisher":"https:\/\/www.facebook.com\/profile.php?id=100008943462799","article_published_time":"2022-11-22T05:00:41+00:00","article_modified_time":"2022-11-22T06:32:47+00:00","og_image":[{"width":962,"height":1000,"url":"https:\/\/www.bellunopress.it\/wp-content\/uploads\/2021\/04\/lettera-mail_edited.jpg","type":"image\/jpeg"}],"author":"redazione","twitter_card":"summary_large_image","twitter_creator":"@bellunopress","twitter_site":"@bellunopress","twitter_misc":{"Written by":"redazione","Est. reading time":"4 minutes"},"schema":{"@context":"https:\/\/schema.org","@graph":[{"@type":"Article","@id":"https:\/\/www.bellunopress.it\/2022\/11\/22\/transizione-energetica-opportunita-per-i-bellunesi\/#article","isPartOf":{"@id":"https:\/\/www.bellunopress.it\/2022\/11\/22\/transizione-energetica-opportunita-per-i-bellunesi\/"},"author":{"name":"redazione","@id":"https:\/\/www.bellunopress.it\/#\/schema\/person\/79bb06722b37ece1c03d3e94beb30d73"},"headline":"Transizione energetica, opportunit\u00e0 per i bellunesi","datePublished":"2022-11-22T05:00:41+00:00","dateModified":"2022-11-22T06:32:47+00:00","mainEntityOfPage":{"@id":"https:\/\/www.bellunopress.it\/2022\/11\/22\/transizione-energetica-opportunita-per-i-bellunesi\/"},"wordCount":625,"publisher":{"@id":"https:\/\/www.bellunopress.it\/#organization"},"image":{"@id":"https:\/\/www.bellunopress.it\/2022\/11\/22\/transizione-energetica-opportunita-per-i-bellunesi\/#primaryimage"},"thumbnailUrl":"https:\/\/www.bellunopress.it\/wp-content\/uploads\/2021\/04\/lettera-mail_edited.jpg","articleSection":["Lettere Opinioni"],"inLanguage":"fr-FR"},{"@type":"WebPage","@id":"https:\/\/www.bellunopress.it\/2022\/11\/22\/transizione-energetica-opportunita-per-i-bellunesi\/","url":"https:\/\/www.bellunopress.it\/2022\/11\/22\/transizione-energetica-opportunita-per-i-bellunesi\/","name":"Transizione energetica, opportunit\u00e0 per i bellunesi - Bellunopress - Dolomiti","isPartOf":{"@id":"https:\/\/www.bellunopress.it\/#website"},"primaryImageOfPage":{"@id":"https:\/\/www.bellunopress.it\/2022\/11\/22\/transizione-energetica-opportunita-per-i-bellunesi\/#primaryimage"},"image":{"@id":"https:\/\/www.bellunopress.it\/2022\/11\/22\/transizione-energetica-opportunita-per-i-bellunesi\/#primaryimage"},"thumbnailUrl":"https:\/\/www.bellunopress.it\/wp-content\/uploads\/2021\/04\/lettera-mail_edited.jpg","datePublished":"2022-11-22T05:00:41+00:00","dateModified":"2022-11-22T06:32:47+00:00","breadcrumb":{"@id":"https:\/\/www.bellunopress.it\/2022\/11\/22\/transizione-energetica-opportunita-per-i-bellunesi\/#breadcrumb"},"inLanguage":"fr-FR","potentialAction":[{"@type":"ReadAction","target":["https:\/\/www.bellunopress.it\/2022\/11\/22\/transizione-energetica-opportunita-per-i-bellunesi\/"]}]},{"@type":"ImageObject","inLanguage":"fr-FR","@id":"https:\/\/www.bellunopress.it\/2022\/11\/22\/transizione-energetica-opportunita-per-i-bellunesi\/#primaryimage","url":"https:\/\/www.bellunopress.it\/wp-content\/uploads\/2021\/04\/lettera-mail_edited.jpg","contentUrl":"https:\/\/www.bellunopress.it\/wp-content\/uploads\/2021\/04\/lettera-mail_edited.jpg","width":962,"height":1000},{"@type":"BreadcrumbList","@id":"https:\/\/www.bellunopress.it\/2022\/11\/22\/transizione-energetica-opportunita-per-i-bellunesi\/#breadcrumb","itemListElement":[{"@type":"ListItem","position":1,"name":"Home","item":"https:\/\/www.bellunopress.it\/"},{"@type":"ListItem","position":2,"name":"Transizione energetica, opportunit\u00e0 per i bellunesi"}]},{"@type":"WebSite","@id":"https:\/\/www.bellunopress.it\/#website","url":"https:\/\/www.bellunopress.it\/","name":"Bellunopress - Dolomiti","description":"e-mail: redazione@bellunopress.it","publisher":{"@id":"https:\/\/www.bellunopress.it\/#organization"},"potentialAction":[{"@type":"SearchAction","target":{"@type":"EntryPoint","urlTemplate":"https:\/\/www.bellunopress.it\/?s={search_term_string}"},"query-input":{"@type":"PropertyValueSpecification","valueRequired":true,"valueName":"search_term_string"}}],"inLanguage":"fr-FR"},{"@type":"Organization","@id":"https:\/\/www.bellunopress.it\/#organization","name":"Bellunopress","url":"https:\/\/www.bellunopress.it\/","logo":{"@type":"ImageObject","inLanguage":"fr-FR","@id":"https:\/\/www.bellunopress.it\/#\/schema\/logo\/image\/","url":"https:\/\/www.bellunopress.it\/wp-content\/uploads\/2011\/05\/cropped-logo-bellunopress-.jpg","contentUrl":"https:\/\/www.bellunopress.it\/wp-content\/uploads\/2011\/05\/cropped-logo-bellunopress-.jpg","width":512,"height":512,"caption":"Bellunopress"},"image":{"@id":"https:\/\/www.bellunopress.it\/#\/schema\/logo\/image\/"},"sameAs":["https:\/\/www.facebook.com\/profile.php?id=100008943462799","https:\/\/x.com\/bellunopress","https:\/\/www.linkedin.com\/hp\/?dnr=JBzUWaJfMUw8vbXJJ2tVW5-I3jZKvC4wsoxE&amp;amp;amp;amp;amp;amp;trk=nav_responsive_tab_home","https:\/\/www.youtube.com\/channel\/UCxL0wu1uN0_3_7hGG0306cw"]},{"@type":"Person","@id":"https:\/\/www.bellunopress.it\/#\/schema\/person\/79bb06722b37ece1c03d3e94beb30d73","name":"r\u00e9daction","image":{"@type":"ImageObject","inLanguage":"fr-FR","@id":"https:\/\/secure.gravatar.com\/avatar\/37d968a2e67a6fd04c169c4bdef102d0bc5d31b2546345219e348575eb80e9a0?s=96&d=mm&r=g","url":"https:\/\/secure.gravatar.com\/avatar\/37d968a2e67a6fd04c169c4bdef102d0bc5d31b2546345219e348575eb80e9a0?s=96&d=mm&r=g","contentUrl":"https:\/\/secure.gravatar.com\/avatar\/37d968a2e67a6fd04c169c4bdef102d0bc5d31b2546345219e348575eb80e9a0?s=96&d=mm&r=g","caption":"redazione"},"sameAs":["http:\/\/www.bellunopress.it","https:\/\/x.com\/bellunopress"],"url":"https:\/\/www.bellunopress.it\/fr\/author\/redazione\/"}]}},"_links":{"self":[{"href":"https:\/\/www.bellunopress.it\/fr\/wp-json\/wp\/v2\/posts\/137846","targetHints":{"allow":["GET"]}}],"collection":[{"href":"https:\/\/www.bellunopress.it\/fr\/wp-json\/wp\/v2\/posts"}],"about":[{"href":"https:\/\/www.bellunopress.it\/fr\/wp-json\/wp\/v2\/types\/post"}],"author":[{"embeddable":true,"href":"https:\/\/www.bellunopress.it\/fr\/wp-json\/wp\/v2\/users\/2"}],"replies":[{"embeddable":true,"href":"https:\/\/www.bellunopress.it\/fr\/wp-json\/wp\/v2\/comments?post=137846"}],"version-history":[{"count":1,"href":"https:\/\/www.bellunopress.it\/fr\/wp-json\/wp\/v2\/posts\/137846\/revisions"}],"predecessor-version":[{"id":137847,"href":"https:\/\/www.bellunopress.it\/fr\/wp-json\/wp\/v2\/posts\/137846\/revisions\/137847"}],"wp:featuredmedia":[{"embeddable":true,"href":"https:\/\/www.bellunopress.it\/fr\/wp-json\/wp\/v2\/media\/123649"}],"wp:attachment":[{"href":"https:\/\/www.bellunopress.it\/fr\/wp-json\/wp\/v2\/media?parent=137846"}],"wp:term":[{"taxonomy":"category","embeddable":true,"href":"https:\/\/www.bellunopress.it\/fr\/wp-json\/wp\/v2\/categories?post=137846"},{"taxonomy":"post_tag","embeddable":true,"href":"https:\/\/www.bellunopress.it\/fr\/wp-json\/wp\/v2\/tags?post=137846"}],"curies":[{"name":"wp","href":"https:\/\/api.w.org\/{rel}","templated":true}]}}