{"id":137836,"date":"2022-11-21T18:26:52","date_gmt":"2022-11-21T17:26:52","guid":{"rendered":"https:\/\/www.bellunopress.it\/?p=137836"},"modified":"2022-11-21T18:26:52","modified_gmt":"2022-11-21T17:26:52","slug":"epta-costan-limana-proclamato-stato-di-agitazione-contro-i-mancati-rinnovi-dei-lavoratori-a-termine-in-scadenza","status":"publish","type":"post","link":"https:\/\/www.bellunopress.it\/fr\/2022\/11\/21\/epta-costan-limana-proclamato-stato-di-agitazione-contro-i-mancati-rinnovi-dei-lavoratori-a-termine-in-scadenza\/","title":{"rendered":"Epta Costan Limana. Proclamato stato di agitazione contro i mancati rinnovi dei lavoratori a termine in scadenza"},"content":{"rendered":"<p><img loading=\"lazy\" decoding=\"async\" class=\"alignleft size-full wp-image-137228\" src=\"https:\/\/www.bellunopress.it\/wp-content\/uploads\/2022\/10\/Epta-Costan-Limana.jpg\" alt=\"\" width=\"498\" height=\"374\" srcset=\"https:\/\/www.bellunopress.it\/wp-content\/uploads\/2022\/10\/Epta-Costan-Limana.jpg 498w, https:\/\/www.bellunopress.it\/wp-content\/uploads\/2022\/10\/Epta-Costan-Limana-80x60.jpg 80w, https:\/\/www.bellunopress.it\/wp-content\/uploads\/2022\/10\/Epta-Costan-Limana-265x198.jpg 265w\" sizes=\"auto, (max-width: 498px) 100vw, 498px\" \/>FIM-CISL, FIOM-CGIL e UILM-UIL di Belluno, a seguito della decisione da parte della direzione aziendale della Epta Costan di Limana di non rinnovare tutti i 253 contratti dei lavoratori a termine somministrati in scadenza nei mesi di Novembre e Dicembre, dopo le consultazioni assembleari con lavoratrici e lavoratori hanno proclamato lo stato di agitazione con blocco dello straordinario e delle flessibilit\u00e0. Le organizzazioni sindacali hanno indetto una serie di scioperi per l&#8217;intera settimana:<\/p>\n<p>marted\u00ec 22 novembre 2 ore a fine di ogni turno di lavoro, mercoled\u00ec 23 novembre 4 ore alla fine di ogni turno di lavoro e gioved\u00ec 23 novembre 2 ore alla fine di ogni turno di lavoro.<\/p>\n<p>Inoltre mercoled\u00ec 23 alle ore 10 e alle ore 18 si terranno due presidi fuori dai cancelli dell&#8217;azienda in via degli Alpini, 14 a Limana.<\/p>\n<p>&#8220;L&#8217;azienda fino a ieri riteneva questi lavoratori indispensabili per produrre utili, mentre oggi li fa diventare vittime di un &#8220;fisiologico assestamento occupazionale&#8221;. Come organizzazioni sindacati pretendiamo dalla dirigenza di Epta Costan un impegno etico e sociale. Noi, dal nostro canto continueremo a combattere ogni tipo di precariet\u00e0 e con forza sosteniamo questi scioperi per la dignit\u00e0 di lavoratrici e lavoratori.&#8221; Dichiarano i sindacati dei metalmeccanici bellunesi.<\/p>\n<p>Anche il Nidil Cgil di Belluno aderisce allo stato di agitazione e agli scioperi sottolineando che questa posizione dell&#8217;azienda non sar\u00e0 accettata e che non saranno le lavoratrici e i lavoratori precari somministrati a pagare ancora una volta le conseguenze delle logiche del mercato. Queste persone non sono numeri, ma sono donne, uomini, rappresentano famiglie, impegni e sacrifici e non \u00e8 tollerabile che siano sempre loro a vedere disattesa, per l&#8217;ennesima volta, ogni aspettativa di stabilit\u00e0!<\/p>\n<p>&nbsp;<\/p>","protected":false},"excerpt":{"rendered":"<p>FIM-CISL, FIOM-CGIL e UILM-UIL di Belluno, a seguito della decisione da parte della direzione aziendale della Epta Costan di Limana di non rinnovare tutti i 253 contratti dei lavoratori a termine somministrati in scadenza nei mesi di Novembre e Dicembre, dopo le consultazioni assembleari con lavoratrici e lavoratori hanno proclamato lo stato di agitazione con [&hellip;]<\/p>\n","protected":false},"author":2,"featured_media":137228,"comment_status":"closed","ping_status":"open","sticky":false,"template":"","format":"standard","meta":{"footnotes":""},"categories":[36,26],"tags":[],"class_list":["post-137836","post","type-post","status-publish","format-standard","has-post-thumbnail","category-lavoro-economia","category-prima-pagina"],"yoast_head":"<!-- This site is optimized with the Yoast SEO plugin v28.4 - https:\/\/yoast.com\/product\/yoast-seo-wordpress\/ -->\n<title>Epta Costan Limana. Proclamato stato di agitazione contro i mancati rinnovi dei lavoratori a termine in scadenza - Bellunopress - Dolomiti<\/title>\n<meta name=\"robots\" content=\"index, follow, max-snippet:-1, max-image-preview:large, max-video-preview:-1\" \/>\n<link rel=\"canonical\" href=\"https:\/\/www.bellunopress.it\/fr\/2022\/11\/21\/epta-costan-limana-proclamato-stato-di-agitazione-contro-i-mancati-rinnovi-dei-lavoratori-a-termine-in-scadenza\/\" \/>\n<meta property=\"og:locale\" content=\"fr_FR\" \/>\n<meta property=\"og:type\" content=\"article\" \/>\n<meta property=\"og:title\" content=\"Epta Costan Limana. Proclamato stato di agitazione contro i mancati rinnovi dei lavoratori a termine in scadenza - Bellunopress - Dolomiti\" \/>\n<meta property=\"og:description\" content=\"FIM-CISL, FIOM-CGIL e UILM-UIL di Belluno, a seguito della decisione da parte della direzione aziendale della Epta Costan di Limana di non rinnovare tutti i 253 contratti dei lavoratori a termine somministrati in scadenza nei mesi di Novembre e Dicembre, dopo le consultazioni assembleari con lavoratrici e lavoratori hanno proclamato lo stato di agitazione con [&hellip;]\" \/>\n<meta property=\"og:url\" content=\"https:\/\/www.bellunopress.it\/fr\/2022\/11\/21\/epta-costan-limana-proclamato-stato-di-agitazione-contro-i-mancati-rinnovi-dei-lavoratori-a-termine-in-scadenza\/\" \/>\n<meta property=\"og:site_name\" content=\"Bellunopress - Dolomiti\" \/>\n<meta property=\"article:publisher\" content=\"https:\/\/www.facebook.com\/profile.php?id=100008943462799\" \/>\n<meta property=\"article:published_time\" content=\"2022-11-21T17:26:52+00:00\" \/>\n<meta property=\"og:image\" content=\"https:\/\/www.bellunopress.it\/wp-content\/uploads\/2022\/10\/Epta-Costan-Limana.jpg\" \/>\n\t<meta property=\"og:image:width\" content=\"498\" \/>\n\t<meta property=\"og:image:height\" content=\"374\" \/>\n\t<meta property=\"og:image:type\" content=\"image\/jpeg\" \/>\n<meta name=\"author\" content=\"redazione\" \/>\n<meta name=\"twitter:card\" content=\"summary_large_image\" \/>\n<meta name=\"twitter:creator\" content=\"@bellunopress\" \/>\n<meta name=\"twitter:site\" content=\"@bellunopress\" \/>\n<meta name=\"twitter:label1\" content=\"Written by\" \/>\n\t<meta name=\"twitter:data1\" content=\"redazione\" \/>\n\t<meta name=\"twitter:label2\" content=\"Est. reading time\" \/>\n\t<meta name=\"twitter:data2\" content=\"2 minutes\" \/>\n<script type=\"application\/ld+json\" class=\"yoast-schema-graph\">{\"@context\":\"https:\\\/\\\/schema.org\",\"@graph\":[{\"@type\":\"Article\",\"@id\":\"https:\\\/\\\/www.bellunopress.it\\\/2022\\\/11\\\/21\\\/epta-costan-limana-proclamato-stato-di-agitazione-contro-i-mancati-rinnovi-dei-lavoratori-a-termine-in-scadenza\\\/#article\",\"isPartOf\":{\"@id\":\"https:\\\/\\\/www.bellunopress.it\\\/2022\\\/11\\\/21\\\/epta-costan-limana-proclamato-stato-di-agitazione-contro-i-mancati-rinnovi-dei-lavoratori-a-termine-in-scadenza\\\/\"},\"author\":{\"name\":\"redazione\",\"@id\":\"https:\\\/\\\/www.bellunopress.it\\\/#\\\/schema\\\/person\\\/79bb06722b37ece1c03d3e94beb30d73\"},\"headline\":\"Epta Costan Limana. Proclamato stato di agitazione contro i mancati rinnovi dei lavoratori a termine in scadenza\",\"datePublished\":\"2022-11-21T17:26:52+00:00\",\"mainEntityOfPage\":{\"@id\":\"https:\\\/\\\/www.bellunopress.it\\\/2022\\\/11\\\/21\\\/epta-costan-limana-proclamato-stato-di-agitazione-contro-i-mancati-rinnovi-dei-lavoratori-a-termine-in-scadenza\\\/\"},\"wordCount\":288,\"publisher\":{\"@id\":\"https:\\\/\\\/www.bellunopress.it\\\/#organization\"},\"image\":{\"@id\":\"https:\\\/\\\/www.bellunopress.it\\\/2022\\\/11\\\/21\\\/epta-costan-limana-proclamato-stato-di-agitazione-contro-i-mancati-rinnovi-dei-lavoratori-a-termine-in-scadenza\\\/#primaryimage\"},\"thumbnailUrl\":\"https:\\\/\\\/www.bellunopress.it\\\/wp-content\\\/uploads\\\/2022\\\/10\\\/Epta-Costan-Limana.jpg\",\"articleSection\":[\"Lavoro, Economia, Turismo\",\"Prima Pagina\"],\"inLanguage\":\"fr-FR\"},{\"@type\":\"WebPage\",\"@id\":\"https:\\\/\\\/www.bellunopress.it\\\/2022\\\/11\\\/21\\\/epta-costan-limana-proclamato-stato-di-agitazione-contro-i-mancati-rinnovi-dei-lavoratori-a-termine-in-scadenza\\\/\",\"url\":\"https:\\\/\\\/www.bellunopress.it\\\/2022\\\/11\\\/21\\\/epta-costan-limana-proclamato-stato-di-agitazione-contro-i-mancati-rinnovi-dei-lavoratori-a-termine-in-scadenza\\\/\",\"name\":\"Epta Costan Limana. Proclamato stato di agitazione contro i mancati rinnovi dei lavoratori a termine in scadenza - Bellunopress - Dolomiti\",\"isPartOf\":{\"@id\":\"https:\\\/\\\/www.bellunopress.it\\\/#website\"},\"primaryImageOfPage\":{\"@id\":\"https:\\\/\\\/www.bellunopress.it\\\/2022\\\/11\\\/21\\\/epta-costan-limana-proclamato-stato-di-agitazione-contro-i-mancati-rinnovi-dei-lavoratori-a-termine-in-scadenza\\\/#primaryimage\"},\"image\":{\"@id\":\"https:\\\/\\\/www.bellunopress.it\\\/2022\\\/11\\\/21\\\/epta-costan-limana-proclamato-stato-di-agitazione-contro-i-mancati-rinnovi-dei-lavoratori-a-termine-in-scadenza\\\/#primaryimage\"},\"thumbnailUrl\":\"https:\\\/\\\/www.bellunopress.it\\\/wp-content\\\/uploads\\\/2022\\\/10\\\/Epta-Costan-Limana.jpg\",\"datePublished\":\"2022-11-21T17:26:52+00:00\",\"breadcrumb\":{\"@id\":\"https:\\\/\\\/www.bellunopress.it\\\/2022\\\/11\\\/21\\\/epta-costan-limana-proclamato-stato-di-agitazione-contro-i-mancati-rinnovi-dei-lavoratori-a-termine-in-scadenza\\\/#breadcrumb\"},\"inLanguage\":\"fr-FR\",\"potentialAction\":[{\"@type\":\"ReadAction\",\"target\":[\"https:\\\/\\\/www.bellunopress.it\\\/2022\\\/11\\\/21\\\/epta-costan-limana-proclamato-stato-di-agitazione-contro-i-mancati-rinnovi-dei-lavoratori-a-termine-in-scadenza\\\/\"]}]},{\"@type\":\"ImageObject\",\"inLanguage\":\"fr-FR\",\"@id\":\"https:\\\/\\\/www.bellunopress.it\\\/2022\\\/11\\\/21\\\/epta-costan-limana-proclamato-stato-di-agitazione-contro-i-mancati-rinnovi-dei-lavoratori-a-termine-in-scadenza\\\/#primaryimage\",\"url\":\"https:\\\/\\\/www.bellunopress.it\\\/wp-content\\\/uploads\\\/2022\\\/10\\\/Epta-Costan-Limana.jpg\",\"contentUrl\":\"https:\\\/\\\/www.bellunopress.it\\\/wp-content\\\/uploads\\\/2022\\\/10\\\/Epta-Costan-Limana.jpg\",\"width\":498,\"height\":374,\"caption\":\"Epta, stabilimento Costan di Limana\"},{\"@type\":\"BreadcrumbList\",\"@id\":\"https:\\\/\\\/www.bellunopress.it\\\/2022\\\/11\\\/21\\\/epta-costan-limana-proclamato-stato-di-agitazione-contro-i-mancati-rinnovi-dei-lavoratori-a-termine-in-scadenza\\\/#breadcrumb\",\"itemListElement\":[{\"@type\":\"ListItem\",\"position\":1,\"name\":\"Home\",\"item\":\"https:\\\/\\\/www.bellunopress.it\\\/\"},{\"@type\":\"ListItem\",\"position\":2,\"name\":\"Epta Costan Limana. Proclamato stato di agitazione contro i mancati rinnovi dei lavoratori a termine in scadenza\"}]},{\"@type\":\"WebSite\",\"@id\":\"https:\\\/\\\/www.bellunopress.it\\\/#website\",\"url\":\"https:\\\/\\\/www.bellunopress.it\\\/\",\"name\":\"Bellunopress - Dolomiti\",\"description\":\"e-mail: redazione@bellunopress.it\",\"publisher\":{\"@id\":\"https:\\\/\\\/www.bellunopress.it\\\/#organization\"},\"potentialAction\":[{\"@type\":\"SearchAction\",\"target\":{\"@type\":\"EntryPoint\",\"urlTemplate\":\"https:\\\/\\\/www.bellunopress.it\\\/?s={search_term_string}\"},\"query-input\":{\"@type\":\"PropertyValueSpecification\",\"valueRequired\":true,\"valueName\":\"search_term_string\"}}],\"inLanguage\":\"fr-FR\"},{\"@type\":\"Organization\",\"@id\":\"https:\\\/\\\/www.bellunopress.it\\\/#organization\",\"name\":\"Bellunopress\",\"url\":\"https:\\\/\\\/www.bellunopress.it\\\/\",\"logo\":{\"@type\":\"ImageObject\",\"inLanguage\":\"fr-FR\",\"@id\":\"https:\\\/\\\/www.bellunopress.it\\\/#\\\/schema\\\/logo\\\/image\\\/\",\"url\":\"https:\\\/\\\/www.bellunopress.it\\\/wp-content\\\/uploads\\\/2011\\\/05\\\/cropped-logo-bellunopress-.jpg\",\"contentUrl\":\"https:\\\/\\\/www.bellunopress.it\\\/wp-content\\\/uploads\\\/2011\\\/05\\\/cropped-logo-bellunopress-.jpg\",\"width\":512,\"height\":512,\"caption\":\"Bellunopress\"},\"image\":{\"@id\":\"https:\\\/\\\/www.bellunopress.it\\\/#\\\/schema\\\/logo\\\/image\\\/\"},\"sameAs\":[\"https:\\\/\\\/www.facebook.com\\\/profile.php?id=100008943462799\",\"https:\\\/\\\/x.com\\\/bellunopress\",\"https:\\\/\\\/www.linkedin.com\\\/hp\\\/?dnr=JBzUWaJfMUw8vbXJJ2tVW5-I3jZKvC4wsoxE&amp;amp;amp;amp;amp;amp;trk=nav_responsive_tab_home\",\"https:\\\/\\\/www.youtube.com\\\/channel\\\/UCxL0wu1uN0_3_7hGG0306cw\"]},{\"@type\":\"Person\",\"@id\":\"https:\\\/\\\/www.bellunopress.it\\\/#\\\/schema\\\/person\\\/79bb06722b37ece1c03d3e94beb30d73\",\"name\":\"redazione\",\"image\":{\"@type\":\"ImageObject\",\"inLanguage\":\"fr-FR\",\"@id\":\"https:\\\/\\\/secure.gravatar.com\\\/avatar\\\/37d968a2e67a6fd04c169c4bdef102d0bc5d31b2546345219e348575eb80e9a0?s=96&d=mm&r=g\",\"url\":\"https:\\\/\\\/secure.gravatar.com\\\/avatar\\\/37d968a2e67a6fd04c169c4bdef102d0bc5d31b2546345219e348575eb80e9a0?s=96&d=mm&r=g\",\"contentUrl\":\"https:\\\/\\\/secure.gravatar.com\\\/avatar\\\/37d968a2e67a6fd04c169c4bdef102d0bc5d31b2546345219e348575eb80e9a0?s=96&d=mm&r=g\",\"caption\":\"redazione\"},\"sameAs\":[\"http:\\\/\\\/www.bellunopress.it\",\"https:\\\/\\\/x.com\\\/bellunopress\"],\"url\":\"https:\\\/\\\/www.bellunopress.it\\\/fr\\\/author\\\/redazione\\\/\"}]}<\/script>\n<!-- \/ Yoast SEO plugin. -->","yoast_head_json":{"title":"Epta Costan Limana. Proclamato stato di agitazione contro i mancati rinnovi dei lavoratori a termine in scadenza - Bellunopress - Dolomiti","robots":{"index":"index","follow":"follow","max-snippet":"max-snippet:-1","max-image-preview":"max-image-preview:large","max-video-preview":"max-video-preview:-1"},"canonical":"https:\/\/www.bellunopress.it\/fr\/2022\/11\/21\/epta-costan-limana-proclamato-stato-di-agitazione-contro-i-mancati-rinnovi-dei-lavoratori-a-termine-in-scadenza\/","og_locale":"fr_FR","og_type":"article","og_title":"Epta Costan Limana. Proclamato stato di agitazione contro i mancati rinnovi dei lavoratori a termine in scadenza - Bellunopress - Dolomiti","og_description":"FIM-CISL, FIOM-CGIL e UILM-UIL di Belluno, a seguito della decisione da parte della direzione aziendale della Epta Costan di Limana di non rinnovare tutti i 253 contratti dei lavoratori a termine somministrati in scadenza nei mesi di Novembre e Dicembre, dopo le consultazioni assembleari con lavoratrici e lavoratori hanno proclamato lo stato di agitazione con [&hellip;]","og_url":"https:\/\/www.bellunopress.it\/fr\/2022\/11\/21\/epta-costan-limana-proclamato-stato-di-agitazione-contro-i-mancati-rinnovi-dei-lavoratori-a-termine-in-scadenza\/","og_site_name":"Bellunopress - Dolomiti","article_publisher":"https:\/\/www.facebook.com\/profile.php?id=100008943462799","article_published_time":"2022-11-21T17:26:52+00:00","og_image":[{"width":498,"height":374,"url":"https:\/\/www.bellunopress.it\/wp-content\/uploads\/2022\/10\/Epta-Costan-Limana.jpg","type":"image\/jpeg"}],"author":"redazione","twitter_card":"summary_large_image","twitter_creator":"@bellunopress","twitter_site":"@bellunopress","twitter_misc":{"Written by":"redazione","Est. reading time":"2 minutes"},"schema":{"@context":"https:\/\/schema.org","@graph":[{"@type":"Article","@id":"https:\/\/www.bellunopress.it\/2022\/11\/21\/epta-costan-limana-proclamato-stato-di-agitazione-contro-i-mancati-rinnovi-dei-lavoratori-a-termine-in-scadenza\/#article","isPartOf":{"@id":"https:\/\/www.bellunopress.it\/2022\/11\/21\/epta-costan-limana-proclamato-stato-di-agitazione-contro-i-mancati-rinnovi-dei-lavoratori-a-termine-in-scadenza\/"},"author":{"name":"redazione","@id":"https:\/\/www.bellunopress.it\/#\/schema\/person\/79bb06722b37ece1c03d3e94beb30d73"},"headline":"Epta Costan Limana. Proclamato stato di agitazione contro i mancati rinnovi dei lavoratori a termine in scadenza","datePublished":"2022-11-21T17:26:52+00:00","mainEntityOfPage":{"@id":"https:\/\/www.bellunopress.it\/2022\/11\/21\/epta-costan-limana-proclamato-stato-di-agitazione-contro-i-mancati-rinnovi-dei-lavoratori-a-termine-in-scadenza\/"},"wordCount":288,"publisher":{"@id":"https:\/\/www.bellunopress.it\/#organization"},"image":{"@id":"https:\/\/www.bellunopress.it\/2022\/11\/21\/epta-costan-limana-proclamato-stato-di-agitazione-contro-i-mancati-rinnovi-dei-lavoratori-a-termine-in-scadenza\/#primaryimage"},"thumbnailUrl":"https:\/\/www.bellunopress.it\/wp-content\/uploads\/2022\/10\/Epta-Costan-Limana.jpg","articleSection":["Lavoro, Economia, Turismo","Prima Pagina"],"inLanguage":"fr-FR"},{"@type":"WebPage","@id":"https:\/\/www.bellunopress.it\/2022\/11\/21\/epta-costan-limana-proclamato-stato-di-agitazione-contro-i-mancati-rinnovi-dei-lavoratori-a-termine-in-scadenza\/","url":"https:\/\/www.bellunopress.it\/2022\/11\/21\/epta-costan-limana-proclamato-stato-di-agitazione-contro-i-mancati-rinnovi-dei-lavoratori-a-termine-in-scadenza\/","name":"Epta Costan Limana. Proclamato stato di agitazione contro i mancati rinnovi dei lavoratori a termine in scadenza - Bellunopress - Dolomiti","isPartOf":{"@id":"https:\/\/www.bellunopress.it\/#website"},"primaryImageOfPage":{"@id":"https:\/\/www.bellunopress.it\/2022\/11\/21\/epta-costan-limana-proclamato-stato-di-agitazione-contro-i-mancati-rinnovi-dei-lavoratori-a-termine-in-scadenza\/#primaryimage"},"image":{"@id":"https:\/\/www.bellunopress.it\/2022\/11\/21\/epta-costan-limana-proclamato-stato-di-agitazione-contro-i-mancati-rinnovi-dei-lavoratori-a-termine-in-scadenza\/#primaryimage"},"thumbnailUrl":"https:\/\/www.bellunopress.it\/wp-content\/uploads\/2022\/10\/Epta-Costan-Limana.jpg","datePublished":"2022-11-21T17:26:52+00:00","breadcrumb":{"@id":"https:\/\/www.bellunopress.it\/2022\/11\/21\/epta-costan-limana-proclamato-stato-di-agitazione-contro-i-mancati-rinnovi-dei-lavoratori-a-termine-in-scadenza\/#breadcrumb"},"inLanguage":"fr-FR","potentialAction":[{"@type":"ReadAction","target":["https:\/\/www.bellunopress.it\/2022\/11\/21\/epta-costan-limana-proclamato-stato-di-agitazione-contro-i-mancati-rinnovi-dei-lavoratori-a-termine-in-scadenza\/"]}]},{"@type":"ImageObject","inLanguage":"fr-FR","@id":"https:\/\/www.bellunopress.it\/2022\/11\/21\/epta-costan-limana-proclamato-stato-di-agitazione-contro-i-mancati-rinnovi-dei-lavoratori-a-termine-in-scadenza\/#primaryimage","url":"https:\/\/www.bellunopress.it\/wp-content\/uploads\/2022\/10\/Epta-Costan-Limana.jpg","contentUrl":"https:\/\/www.bellunopress.it\/wp-content\/uploads\/2022\/10\/Epta-Costan-Limana.jpg","width":498,"height":374,"caption":"Epta, stabilimento Costan di Limana"},{"@type":"BreadcrumbList","@id":"https:\/\/www.bellunopress.it\/2022\/11\/21\/epta-costan-limana-proclamato-stato-di-agitazione-contro-i-mancati-rinnovi-dei-lavoratori-a-termine-in-scadenza\/#breadcrumb","itemListElement":[{"@type":"ListItem","position":1,"name":"Home","item":"https:\/\/www.bellunopress.it\/"},{"@type":"ListItem","position":2,"name":"Epta Costan Limana. Proclamato stato di agitazione contro i mancati rinnovi dei lavoratori a termine in scadenza"}]},{"@type":"WebSite","@id":"https:\/\/www.bellunopress.it\/#website","url":"https:\/\/www.bellunopress.it\/","name":"Bellunopress - Dolomiti","description":"e-mail: redazione@bellunopress.it","publisher":{"@id":"https:\/\/www.bellunopress.it\/#organization"},"potentialAction":[{"@type":"SearchAction","target":{"@type":"EntryPoint","urlTemplate":"https:\/\/www.bellunopress.it\/?s={search_term_string}"},"query-input":{"@type":"PropertyValueSpecification","valueRequired":true,"valueName":"search_term_string"}}],"inLanguage":"fr-FR"},{"@type":"Organization","@id":"https:\/\/www.bellunopress.it\/#organization","name":"Bellunopress","url":"https:\/\/www.bellunopress.it\/","logo":{"@type":"ImageObject","inLanguage":"fr-FR","@id":"https:\/\/www.bellunopress.it\/#\/schema\/logo\/image\/","url":"https:\/\/www.bellunopress.it\/wp-content\/uploads\/2011\/05\/cropped-logo-bellunopress-.jpg","contentUrl":"https:\/\/www.bellunopress.it\/wp-content\/uploads\/2011\/05\/cropped-logo-bellunopress-.jpg","width":512,"height":512,"caption":"Bellunopress"},"image":{"@id":"https:\/\/www.bellunopress.it\/#\/schema\/logo\/image\/"},"sameAs":["https:\/\/www.facebook.com\/profile.php?id=100008943462799","https:\/\/x.com\/bellunopress","https:\/\/www.linkedin.com\/hp\/?dnr=JBzUWaJfMUw8vbXJJ2tVW5-I3jZKvC4wsoxE&amp;amp;amp;amp;amp;amp;trk=nav_responsive_tab_home","https:\/\/www.youtube.com\/channel\/UCxL0wu1uN0_3_7hGG0306cw"]},{"@type":"Person","@id":"https:\/\/www.bellunopress.it\/#\/schema\/person\/79bb06722b37ece1c03d3e94beb30d73","name":"r\u00e9daction","image":{"@type":"ImageObject","inLanguage":"fr-FR","@id":"https:\/\/secure.gravatar.com\/avatar\/37d968a2e67a6fd04c169c4bdef102d0bc5d31b2546345219e348575eb80e9a0?s=96&d=mm&r=g","url":"https:\/\/secure.gravatar.com\/avatar\/37d968a2e67a6fd04c169c4bdef102d0bc5d31b2546345219e348575eb80e9a0?s=96&d=mm&r=g","contentUrl":"https:\/\/secure.gravatar.com\/avatar\/37d968a2e67a6fd04c169c4bdef102d0bc5d31b2546345219e348575eb80e9a0?s=96&d=mm&r=g","caption":"redazione"},"sameAs":["http:\/\/www.bellunopress.it","https:\/\/x.com\/bellunopress"],"url":"https:\/\/www.bellunopress.it\/fr\/author\/redazione\/"}]}},"_links":{"self":[{"href":"https:\/\/www.bellunopress.it\/fr\/wp-json\/wp\/v2\/posts\/137836","targetHints":{"allow":["GET"]}}],"collection":[{"href":"https:\/\/www.bellunopress.it\/fr\/wp-json\/wp\/v2\/posts"}],"about":[{"href":"https:\/\/www.bellunopress.it\/fr\/wp-json\/wp\/v2\/types\/post"}],"author":[{"embeddable":true,"href":"https:\/\/www.bellunopress.it\/fr\/wp-json\/wp\/v2\/users\/2"}],"replies":[{"embeddable":true,"href":"https:\/\/www.bellunopress.it\/fr\/wp-json\/wp\/v2\/comments?post=137836"}],"version-history":[{"count":1,"href":"https:\/\/www.bellunopress.it\/fr\/wp-json\/wp\/v2\/posts\/137836\/revisions"}],"predecessor-version":[{"id":137837,"href":"https:\/\/www.bellunopress.it\/fr\/wp-json\/wp\/v2\/posts\/137836\/revisions\/137837"}],"wp:featuredmedia":[{"embeddable":true,"href":"https:\/\/www.bellunopress.it\/fr\/wp-json\/wp\/v2\/media\/137228"}],"wp:attachment":[{"href":"https:\/\/www.bellunopress.it\/fr\/wp-json\/wp\/v2\/media?parent=137836"}],"wp:term":[{"taxonomy":"category","embeddable":true,"href":"https:\/\/www.bellunopress.it\/fr\/wp-json\/wp\/v2\/categories?post=137836"},{"taxonomy":"post_tag","embeddable":true,"href":"https:\/\/www.bellunopress.it\/fr\/wp-json\/wp\/v2\/tags?post=137836"}],"curies":[{"name":"wp","href":"https:\/\/api.w.org\/{rel}","templated":true}]}}