{"id":137800,"date":"2022-11-19T14:53:09","date_gmt":"2022-11-19T13:53:09","guid":{"rendered":"https:\/\/www.bellunopress.it\/?p=137800"},"modified":"2022-11-19T14:53:09","modified_gmt":"2022-11-19T13:53:09","slug":"janis-take-another-little-piece-of-my-heart-teatro-comunale-giovedi-24-novembre-ore-21","status":"publish","type":"post","link":"https:\/\/www.bellunopress.it\/fr\/2022\/11\/19\/janis-take-another-little-piece-of-my-heart-teatro-comunale-giovedi-24-novembre-ore-21\/","title":{"rendered":"Janis, Take another little piece of my heart. Teatro Comunale, gioved\u00ec 24 novembre ore 21"},"content":{"rendered":"<p><em><strong><img loading=\"lazy\" decoding=\"async\" class=\"alignleft size-full wp-image-125311\" src=\"https:\/\/www.bellunopress.it\/wp-content\/uploads\/2021\/06\/teatro-comunale-1-piano_edited.jpg\" alt=\"\" width=\"800\" height=\"600\" srcset=\"https:\/\/www.bellunopress.it\/wp-content\/uploads\/2021\/06\/teatro-comunale-1-piano_edited.jpg 800w, https:\/\/www.bellunopress.it\/wp-content\/uploads\/2021\/06\/teatro-comunale-1-piano_edited-500x375.jpg 500w, https:\/\/www.bellunopress.it\/wp-content\/uploads\/2021\/06\/teatro-comunale-1-piano_edited-696x522.jpg 696w, https:\/\/www.bellunopress.it\/wp-content\/uploads\/2021\/06\/teatro-comunale-1-piano_edited-560x420.jpg 560w, https:\/\/www.bellunopress.it\/wp-content\/uploads\/2021\/06\/teatro-comunale-1-piano_edited-80x60.jpg 80w, https:\/\/www.bellunopress.it\/wp-content\/uploads\/2021\/06\/teatro-comunale-1-piano_edited-265x198.jpg 265w\" sizes=\"auto, (max-width: 800px) 100vw, 800px\" \/>Debutta con uno spettacolo dedicato a una leggenda del rock n\u2018 roll la rassegna Gioved\u00ec Giovani H21 &#8211; quattro spettacoli, quattro serate dedicate ai giovani<\/strong><\/em><\/p>\n<p>Gioved\u00ec 24 novembre alle ore 21:00 al Teatro Comunale di Belluno andr\u00e0 in scena Janis Take another little piece of my heart lavoro della storica compagnia milanese Teatro del Buratto, con l\u2019ideazione di Luca Cecchelli, nato dall\u2019intuizione che, a cinquant\u2019anni dalla sua scomparsa, Janis Joplin possa essere ancora un\u2019interlocutrice straordinaria per le nuove generazioni: una teenager di straordinario talento, emblematica per la sensibilit\u00e0 e l\u2019empatia nei confronti delle problematiche della sua epoca, che coltivando il desiderio di essere vista e amata dal mondo, corre il rischio di essere fagocitata tanto dal mercato, quanto dai propri eccessi.<\/p>\n<p>Attraverso articoli, pagine intime di diario, lettere e ovviamente musica, il mondo della Joplin viene evocato sul palco da una ragazza comune in attesa di esibirsi in un concerto (Marta Mungo) e dal suo tecnico (Davide del Grosso \u2013 anche regista dello spettacolo), in un dialogo meta-teatrale che connette la figura della Joplin alla contemporaneit\u00e0: smontando il mito di eccessi e sregolatezze della rockstar dalla voce inarrivabile e riconsegnandola a una dimensione pi\u00f9 umana, compare il volto di un\u2019adolescente timida, vittima di bullismo; il volto di una ragazza in cerca della propria identit\u00e0 artistica e sessuale, di una donna in contrasto con i dogmi maschilisti e razzisti del suo tempo, che vuole emanciparsi ma allo stesso tempo ricerca l\u2019approvazione della famiglia. Una ragazza trasgressiva, desiderosa di libert\u00e0, oppressa dalle dipendenze e dall\u2019angoscia per il futuro; un\u2019anima frammentata dal contrasto fra voglia di vivere e soffocante malessere. Una \u201cLittle Girl Blue\u201d (titolo di una sua canzone) che, nel suo incamminarsi verso il futuro con incertezza e speranza, con rischio e desiderio, sembra l\u2019avanguardia di ogni giovent\u00f9.<br \/>\nUno spettacolo colmo di poesia ed emozioni che racconta la storia di una creatura fragile e istintiva, e che attraverso la musica ci invita a riflettere su tematiche ancora oggi molto attuali. \u00c8 grazie alla musica che Janis, una ragazza di un piccolo paesino del Texas, riesce ad essere realmente s\u00e9 stessa.<\/p>\n<p>La stagione Gioved\u00ec Giovani h21 \u00e8 organizzata da Tib Teatro per la direzione artistica di Daniela Nicosia e in collaborazione con Fondazione Teatri delle Dolomiti, Ministero della Cultura, con il patrocinio di Regione del Veneto, Reteventi \u2013 Provincia di Belluno, Comune di Belluno, MIUR ufficio scolastico regionale, e la presenza dell\u2019Associazione Bellunese Volontari del Sangue. Mediapartner della stagione Radio Belluno, Radio Cortina.<br \/>\nPer informazioni e prenotazioni: Tib Teatro 0437 950555 \u2013 info@tibteatro.it<\/p>\n<p>La biglietteria sar\u00e0 aperta presso il Teatro Comunale Belluno Gioved\u00ec 24 novembre dalle ore 19:00. Biglietti: under 30 &#8211; \u20ac 10,00, adulti &#8211; \u20ac 15,00.<br \/>\nE fino a gioved\u00ec 24 novembre \u00e8 ancora possibile abbonarsi per l\u2019intera stagione: abbonamento under 30 \u2013 \u20ac 35,00, abbonamento adulto &#8211; \u20ac 50,00.<br \/>\nSconto del 50% sugli abbonamenti per gruppi di 6 persone o pi\u00f9.<\/p>\n<p>&nbsp;<\/p>","protected":false},"excerpt":{"rendered":"<p>Debutta con uno spettacolo dedicato a una leggenda del rock n\u2018 roll la rassegna Gioved\u00ec Giovani H21 &#8211; quattro spettacoli, quattro serate dedicate ai giovani Gioved\u00ec 24 novembre alle ore 21:00 al Teatro Comunale di Belluno andr\u00e0 in scena Janis Take another little piece of my heart lavoro della storica compagnia milanese Teatro del Buratto, [&hellip;]<\/p>\n","protected":false},"author":2,"featured_media":125311,"comment_status":"closed","ping_status":"open","sticky":false,"template":"","format":"standard","meta":{"footnotes":""},"categories":[27,3,25],"tags":[],"class_list":["post-137800","post","type-post","status-publish","format-standard","has-post-thumbnail","category-appuntamenti","category-arte-cultura-spettacoli-scienza-archivi","category-pausa-caffe"],"yoast_head":"<!-- This site is optimized with the Yoast SEO plugin v28.4 - https:\/\/yoast.com\/product\/yoast-seo-wordpress\/ -->\n<title>Janis, Take another little piece of my heart. Teatro Comunale, gioved\u00ec 24 novembre ore 21 - Bellunopress - Dolomiti<\/title>\n<meta name=\"robots\" content=\"index, follow, max-snippet:-1, max-image-preview:large, max-video-preview:-1\" \/>\n<link rel=\"canonical\" href=\"https:\/\/www.bellunopress.it\/fr\/2022\/11\/19\/janis-take-another-little-piece-of-my-heart-teatro-comunale-giovedi-24-novembre-ore-21\/\" \/>\n<meta property=\"og:locale\" content=\"fr_FR\" \/>\n<meta property=\"og:type\" content=\"article\" \/>\n<meta property=\"og:title\" content=\"Janis, Take another little piece of my heart. Teatro Comunale, gioved\u00ec 24 novembre ore 21 - Bellunopress - Dolomiti\" \/>\n<meta property=\"og:description\" content=\"Debutta con uno spettacolo dedicato a una leggenda del rock n\u2018 roll la rassegna Gioved\u00ec Giovani H21 &#8211; quattro spettacoli, quattro serate dedicate ai giovani Gioved\u00ec 24 novembre alle ore 21:00 al Teatro Comunale di Belluno andr\u00e0 in scena Janis Take another little piece of my heart lavoro della storica compagnia milanese Teatro del Buratto, [&hellip;]\" \/>\n<meta property=\"og:url\" content=\"https:\/\/www.bellunopress.it\/fr\/2022\/11\/19\/janis-take-another-little-piece-of-my-heart-teatro-comunale-giovedi-24-novembre-ore-21\/\" \/>\n<meta property=\"og:site_name\" content=\"Bellunopress - Dolomiti\" \/>\n<meta property=\"article:publisher\" content=\"https:\/\/www.facebook.com\/profile.php?id=100008943462799\" \/>\n<meta property=\"article:published_time\" content=\"2022-11-19T13:53:09+00:00\" \/>\n<meta property=\"og:image\" content=\"https:\/\/www.bellunopress.it\/wp-content\/uploads\/2021\/06\/teatro-comunale-1-piano_edited.jpg\" \/>\n\t<meta property=\"og:image:width\" content=\"800\" \/>\n\t<meta property=\"og:image:height\" content=\"600\" \/>\n\t<meta property=\"og:image:type\" content=\"image\/jpeg\" \/>\n<meta name=\"author\" content=\"redazione\" \/>\n<meta name=\"twitter:card\" content=\"summary_large_image\" \/>\n<meta name=\"twitter:creator\" content=\"@bellunopress\" \/>\n<meta name=\"twitter:site\" content=\"@bellunopress\" \/>\n<meta name=\"twitter:label1\" content=\"Written by\" \/>\n\t<meta name=\"twitter:data1\" content=\"redazione\" \/>\n\t<meta name=\"twitter:label2\" content=\"Est. reading time\" \/>\n\t<meta name=\"twitter:data2\" content=\"3 minutes\" \/>\n<script type=\"application\/ld+json\" class=\"yoast-schema-graph\">{\"@context\":\"https:\\\/\\\/schema.org\",\"@graph\":[{\"@type\":\"Article\",\"@id\":\"https:\\\/\\\/www.bellunopress.it\\\/2022\\\/11\\\/19\\\/janis-take-another-little-piece-of-my-heart-teatro-comunale-giovedi-24-novembre-ore-21\\\/#article\",\"isPartOf\":{\"@id\":\"https:\\\/\\\/www.bellunopress.it\\\/2022\\\/11\\\/19\\\/janis-take-another-little-piece-of-my-heart-teatro-comunale-giovedi-24-novembre-ore-21\\\/\"},\"author\":{\"name\":\"redazione\",\"@id\":\"https:\\\/\\\/www.bellunopress.it\\\/#\\\/schema\\\/person\\\/79bb06722b37ece1c03d3e94beb30d73\"},\"headline\":\"Janis, Take another little piece of my heart. Teatro Comunale, gioved\u00ec 24 novembre ore 21\",\"datePublished\":\"2022-11-19T13:53:09+00:00\",\"mainEntityOfPage\":{\"@id\":\"https:\\\/\\\/www.bellunopress.it\\\/2022\\\/11\\\/19\\\/janis-take-another-little-piece-of-my-heart-teatro-comunale-giovedi-24-novembre-ore-21\\\/\"},\"wordCount\":483,\"publisher\":{\"@id\":\"https:\\\/\\\/www.bellunopress.it\\\/#organization\"},\"image\":{\"@id\":\"https:\\\/\\\/www.bellunopress.it\\\/2022\\\/11\\\/19\\\/janis-take-another-little-piece-of-my-heart-teatro-comunale-giovedi-24-novembre-ore-21\\\/#primaryimage\"},\"thumbnailUrl\":\"https:\\\/\\\/www.bellunopress.it\\\/wp-content\\\/uploads\\\/2021\\\/06\\\/teatro-comunale-1-piano_edited.jpg\",\"articleSection\":[\"Appuntamenti, Eventi\",\"Arte, Cultura, Spettacoli, Scienza\",\"Pausa Caff\u00e8\"],\"inLanguage\":\"fr-FR\"},{\"@type\":\"WebPage\",\"@id\":\"https:\\\/\\\/www.bellunopress.it\\\/2022\\\/11\\\/19\\\/janis-take-another-little-piece-of-my-heart-teatro-comunale-giovedi-24-novembre-ore-21\\\/\",\"url\":\"https:\\\/\\\/www.bellunopress.it\\\/2022\\\/11\\\/19\\\/janis-take-another-little-piece-of-my-heart-teatro-comunale-giovedi-24-novembre-ore-21\\\/\",\"name\":\"Janis, Take another little piece of my heart. Teatro Comunale, gioved\u00ec 24 novembre ore 21 - Bellunopress - Dolomiti\",\"isPartOf\":{\"@id\":\"https:\\\/\\\/www.bellunopress.it\\\/#website\"},\"primaryImageOfPage\":{\"@id\":\"https:\\\/\\\/www.bellunopress.it\\\/2022\\\/11\\\/19\\\/janis-take-another-little-piece-of-my-heart-teatro-comunale-giovedi-24-novembre-ore-21\\\/#primaryimage\"},\"image\":{\"@id\":\"https:\\\/\\\/www.bellunopress.it\\\/2022\\\/11\\\/19\\\/janis-take-another-little-piece-of-my-heart-teatro-comunale-giovedi-24-novembre-ore-21\\\/#primaryimage\"},\"thumbnailUrl\":\"https:\\\/\\\/www.bellunopress.it\\\/wp-content\\\/uploads\\\/2021\\\/06\\\/teatro-comunale-1-piano_edited.jpg\",\"datePublished\":\"2022-11-19T13:53:09+00:00\",\"breadcrumb\":{\"@id\":\"https:\\\/\\\/www.bellunopress.it\\\/2022\\\/11\\\/19\\\/janis-take-another-little-piece-of-my-heart-teatro-comunale-giovedi-24-novembre-ore-21\\\/#breadcrumb\"},\"inLanguage\":\"fr-FR\",\"potentialAction\":[{\"@type\":\"ReadAction\",\"target\":[\"https:\\\/\\\/www.bellunopress.it\\\/2022\\\/11\\\/19\\\/janis-take-another-little-piece-of-my-heart-teatro-comunale-giovedi-24-novembre-ore-21\\\/\"]}]},{\"@type\":\"ImageObject\",\"inLanguage\":\"fr-FR\",\"@id\":\"https:\\\/\\\/www.bellunopress.it\\\/2022\\\/11\\\/19\\\/janis-take-another-little-piece-of-my-heart-teatro-comunale-giovedi-24-novembre-ore-21\\\/#primaryimage\",\"url\":\"https:\\\/\\\/www.bellunopress.it\\\/wp-content\\\/uploads\\\/2021\\\/06\\\/teatro-comunale-1-piano_edited.jpg\",\"contentUrl\":\"https:\\\/\\\/www.bellunopress.it\\\/wp-content\\\/uploads\\\/2021\\\/06\\\/teatro-comunale-1-piano_edited.jpg\",\"width\":800,\"height\":600,\"caption\":\"Teatro Comunale di Belluno\"},{\"@type\":\"BreadcrumbList\",\"@id\":\"https:\\\/\\\/www.bellunopress.it\\\/2022\\\/11\\\/19\\\/janis-take-another-little-piece-of-my-heart-teatro-comunale-giovedi-24-novembre-ore-21\\\/#breadcrumb\",\"itemListElement\":[{\"@type\":\"ListItem\",\"position\":1,\"name\":\"Home\",\"item\":\"https:\\\/\\\/www.bellunopress.it\\\/\"},{\"@type\":\"ListItem\",\"position\":2,\"name\":\"Janis, Take another little piece of my heart. Teatro Comunale, gioved\u00ec 24 novembre ore 21\"}]},{\"@type\":\"WebSite\",\"@id\":\"https:\\\/\\\/www.bellunopress.it\\\/#website\",\"url\":\"https:\\\/\\\/www.bellunopress.it\\\/\",\"name\":\"Bellunopress - Dolomiti\",\"description\":\"e-mail: redazione@bellunopress.it\",\"publisher\":{\"@id\":\"https:\\\/\\\/www.bellunopress.it\\\/#organization\"},\"potentialAction\":[{\"@type\":\"SearchAction\",\"target\":{\"@type\":\"EntryPoint\",\"urlTemplate\":\"https:\\\/\\\/www.bellunopress.it\\\/?s={search_term_string}\"},\"query-input\":{\"@type\":\"PropertyValueSpecification\",\"valueRequired\":true,\"valueName\":\"search_term_string\"}}],\"inLanguage\":\"fr-FR\"},{\"@type\":\"Organization\",\"@id\":\"https:\\\/\\\/www.bellunopress.it\\\/#organization\",\"name\":\"Bellunopress\",\"url\":\"https:\\\/\\\/www.bellunopress.it\\\/\",\"logo\":{\"@type\":\"ImageObject\",\"inLanguage\":\"fr-FR\",\"@id\":\"https:\\\/\\\/www.bellunopress.it\\\/#\\\/schema\\\/logo\\\/image\\\/\",\"url\":\"https:\\\/\\\/www.bellunopress.it\\\/wp-content\\\/uploads\\\/2011\\\/05\\\/cropped-logo-bellunopress-.jpg\",\"contentUrl\":\"https:\\\/\\\/www.bellunopress.it\\\/wp-content\\\/uploads\\\/2011\\\/05\\\/cropped-logo-bellunopress-.jpg\",\"width\":512,\"height\":512,\"caption\":\"Bellunopress\"},\"image\":{\"@id\":\"https:\\\/\\\/www.bellunopress.it\\\/#\\\/schema\\\/logo\\\/image\\\/\"},\"sameAs\":[\"https:\\\/\\\/www.facebook.com\\\/profile.php?id=100008943462799\",\"https:\\\/\\\/x.com\\\/bellunopress\",\"https:\\\/\\\/www.linkedin.com\\\/hp\\\/?dnr=JBzUWaJfMUw8vbXJJ2tVW5-I3jZKvC4wsoxE&amp;amp;amp;amp;amp;amp;trk=nav_responsive_tab_home\",\"https:\\\/\\\/www.youtube.com\\\/channel\\\/UCxL0wu1uN0_3_7hGG0306cw\"]},{\"@type\":\"Person\",\"@id\":\"https:\\\/\\\/www.bellunopress.it\\\/#\\\/schema\\\/person\\\/79bb06722b37ece1c03d3e94beb30d73\",\"name\":\"redazione\",\"image\":{\"@type\":\"ImageObject\",\"inLanguage\":\"fr-FR\",\"@id\":\"https:\\\/\\\/secure.gravatar.com\\\/avatar\\\/37d968a2e67a6fd04c169c4bdef102d0bc5d31b2546345219e348575eb80e9a0?s=96&d=mm&r=g\",\"url\":\"https:\\\/\\\/secure.gravatar.com\\\/avatar\\\/37d968a2e67a6fd04c169c4bdef102d0bc5d31b2546345219e348575eb80e9a0?s=96&d=mm&r=g\",\"contentUrl\":\"https:\\\/\\\/secure.gravatar.com\\\/avatar\\\/37d968a2e67a6fd04c169c4bdef102d0bc5d31b2546345219e348575eb80e9a0?s=96&d=mm&r=g\",\"caption\":\"redazione\"},\"sameAs\":[\"http:\\\/\\\/www.bellunopress.it\",\"https:\\\/\\\/x.com\\\/bellunopress\"],\"url\":\"https:\\\/\\\/www.bellunopress.it\\\/fr\\\/author\\\/redazione\\\/\"}]}<\/script>\n<!-- \/ Yoast SEO plugin. -->","yoast_head_json":{"title":"Janis, Take another little piece of my heart. Teatro Comunale, gioved\u00ec 24 novembre ore 21 - Bellunopress - Dolomiti","robots":{"index":"index","follow":"follow","max-snippet":"max-snippet:-1","max-image-preview":"max-image-preview:large","max-video-preview":"max-video-preview:-1"},"canonical":"https:\/\/www.bellunopress.it\/fr\/2022\/11\/19\/janis-take-another-little-piece-of-my-heart-teatro-comunale-giovedi-24-novembre-ore-21\/","og_locale":"fr_FR","og_type":"article","og_title":"Janis, Take another little piece of my heart. Teatro Comunale, gioved\u00ec 24 novembre ore 21 - Bellunopress - Dolomiti","og_description":"Debutta con uno spettacolo dedicato a una leggenda del rock n\u2018 roll la rassegna Gioved\u00ec Giovani H21 &#8211; quattro spettacoli, quattro serate dedicate ai giovani Gioved\u00ec 24 novembre alle ore 21:00 al Teatro Comunale di Belluno andr\u00e0 in scena Janis Take another little piece of my heart lavoro della storica compagnia milanese Teatro del Buratto, [&hellip;]","og_url":"https:\/\/www.bellunopress.it\/fr\/2022\/11\/19\/janis-take-another-little-piece-of-my-heart-teatro-comunale-giovedi-24-novembre-ore-21\/","og_site_name":"Bellunopress - Dolomiti","article_publisher":"https:\/\/www.facebook.com\/profile.php?id=100008943462799","article_published_time":"2022-11-19T13:53:09+00:00","og_image":[{"width":800,"height":600,"url":"https:\/\/www.bellunopress.it\/wp-content\/uploads\/2021\/06\/teatro-comunale-1-piano_edited.jpg","type":"image\/jpeg"}],"author":"redazione","twitter_card":"summary_large_image","twitter_creator":"@bellunopress","twitter_site":"@bellunopress","twitter_misc":{"Written by":"redazione","Est. reading time":"3 minutes"},"schema":{"@context":"https:\/\/schema.org","@graph":[{"@type":"Article","@id":"https:\/\/www.bellunopress.it\/2022\/11\/19\/janis-take-another-little-piece-of-my-heart-teatro-comunale-giovedi-24-novembre-ore-21\/#article","isPartOf":{"@id":"https:\/\/www.bellunopress.it\/2022\/11\/19\/janis-take-another-little-piece-of-my-heart-teatro-comunale-giovedi-24-novembre-ore-21\/"},"author":{"name":"redazione","@id":"https:\/\/www.bellunopress.it\/#\/schema\/person\/79bb06722b37ece1c03d3e94beb30d73"},"headline":"Janis, Take another little piece of my heart. Teatro Comunale, gioved\u00ec 24 novembre ore 21","datePublished":"2022-11-19T13:53:09+00:00","mainEntityOfPage":{"@id":"https:\/\/www.bellunopress.it\/2022\/11\/19\/janis-take-another-little-piece-of-my-heart-teatro-comunale-giovedi-24-novembre-ore-21\/"},"wordCount":483,"publisher":{"@id":"https:\/\/www.bellunopress.it\/#organization"},"image":{"@id":"https:\/\/www.bellunopress.it\/2022\/11\/19\/janis-take-another-little-piece-of-my-heart-teatro-comunale-giovedi-24-novembre-ore-21\/#primaryimage"},"thumbnailUrl":"https:\/\/www.bellunopress.it\/wp-content\/uploads\/2021\/06\/teatro-comunale-1-piano_edited.jpg","articleSection":["Appuntamenti, Eventi","Arte, Cultura, Spettacoli, Scienza","Pausa Caff\u00e8"],"inLanguage":"fr-FR"},{"@type":"WebPage","@id":"https:\/\/www.bellunopress.it\/2022\/11\/19\/janis-take-another-little-piece-of-my-heart-teatro-comunale-giovedi-24-novembre-ore-21\/","url":"https:\/\/www.bellunopress.it\/2022\/11\/19\/janis-take-another-little-piece-of-my-heart-teatro-comunale-giovedi-24-novembre-ore-21\/","name":"Janis, Take another little piece of my heart. Teatro Comunale, gioved\u00ec 24 novembre ore 21 - Bellunopress - Dolomiti","isPartOf":{"@id":"https:\/\/www.bellunopress.it\/#website"},"primaryImageOfPage":{"@id":"https:\/\/www.bellunopress.it\/2022\/11\/19\/janis-take-another-little-piece-of-my-heart-teatro-comunale-giovedi-24-novembre-ore-21\/#primaryimage"},"image":{"@id":"https:\/\/www.bellunopress.it\/2022\/11\/19\/janis-take-another-little-piece-of-my-heart-teatro-comunale-giovedi-24-novembre-ore-21\/#primaryimage"},"thumbnailUrl":"https:\/\/www.bellunopress.it\/wp-content\/uploads\/2021\/06\/teatro-comunale-1-piano_edited.jpg","datePublished":"2022-11-19T13:53:09+00:00","breadcrumb":{"@id":"https:\/\/www.bellunopress.it\/2022\/11\/19\/janis-take-another-little-piece-of-my-heart-teatro-comunale-giovedi-24-novembre-ore-21\/#breadcrumb"},"inLanguage":"fr-FR","potentialAction":[{"@type":"ReadAction","target":["https:\/\/www.bellunopress.it\/2022\/11\/19\/janis-take-another-little-piece-of-my-heart-teatro-comunale-giovedi-24-novembre-ore-21\/"]}]},{"@type":"ImageObject","inLanguage":"fr-FR","@id":"https:\/\/www.bellunopress.it\/2022\/11\/19\/janis-take-another-little-piece-of-my-heart-teatro-comunale-giovedi-24-novembre-ore-21\/#primaryimage","url":"https:\/\/www.bellunopress.it\/wp-content\/uploads\/2021\/06\/teatro-comunale-1-piano_edited.jpg","contentUrl":"https:\/\/www.bellunopress.it\/wp-content\/uploads\/2021\/06\/teatro-comunale-1-piano_edited.jpg","width":800,"height":600,"caption":"Teatro Comunale di Belluno"},{"@type":"BreadcrumbList","@id":"https:\/\/www.bellunopress.it\/2022\/11\/19\/janis-take-another-little-piece-of-my-heart-teatro-comunale-giovedi-24-novembre-ore-21\/#breadcrumb","itemListElement":[{"@type":"ListItem","position":1,"name":"Home","item":"https:\/\/www.bellunopress.it\/"},{"@type":"ListItem","position":2,"name":"Janis, Take another little piece of my heart. Teatro Comunale, gioved\u00ec 24 novembre ore 21"}]},{"@type":"WebSite","@id":"https:\/\/www.bellunopress.it\/#website","url":"https:\/\/www.bellunopress.it\/","name":"Bellunopress - Dolomiti","description":"e-mail: redazione@bellunopress.it","publisher":{"@id":"https:\/\/www.bellunopress.it\/#organization"},"potentialAction":[{"@type":"SearchAction","target":{"@type":"EntryPoint","urlTemplate":"https:\/\/www.bellunopress.it\/?s={search_term_string}"},"query-input":{"@type":"PropertyValueSpecification","valueRequired":true,"valueName":"search_term_string"}}],"inLanguage":"fr-FR"},{"@type":"Organization","@id":"https:\/\/www.bellunopress.it\/#organization","name":"Bellunopress","url":"https:\/\/www.bellunopress.it\/","logo":{"@type":"ImageObject","inLanguage":"fr-FR","@id":"https:\/\/www.bellunopress.it\/#\/schema\/logo\/image\/","url":"https:\/\/www.bellunopress.it\/wp-content\/uploads\/2011\/05\/cropped-logo-bellunopress-.jpg","contentUrl":"https:\/\/www.bellunopress.it\/wp-content\/uploads\/2011\/05\/cropped-logo-bellunopress-.jpg","width":512,"height":512,"caption":"Bellunopress"},"image":{"@id":"https:\/\/www.bellunopress.it\/#\/schema\/logo\/image\/"},"sameAs":["https:\/\/www.facebook.com\/profile.php?id=100008943462799","https:\/\/x.com\/bellunopress","https:\/\/www.linkedin.com\/hp\/?dnr=JBzUWaJfMUw8vbXJJ2tVW5-I3jZKvC4wsoxE&amp;amp;amp;amp;amp;amp;trk=nav_responsive_tab_home","https:\/\/www.youtube.com\/channel\/UCxL0wu1uN0_3_7hGG0306cw"]},{"@type":"Person","@id":"https:\/\/www.bellunopress.it\/#\/schema\/person\/79bb06722b37ece1c03d3e94beb30d73","name":"r\u00e9daction","image":{"@type":"ImageObject","inLanguage":"fr-FR","@id":"https:\/\/secure.gravatar.com\/avatar\/37d968a2e67a6fd04c169c4bdef102d0bc5d31b2546345219e348575eb80e9a0?s=96&d=mm&r=g","url":"https:\/\/secure.gravatar.com\/avatar\/37d968a2e67a6fd04c169c4bdef102d0bc5d31b2546345219e348575eb80e9a0?s=96&d=mm&r=g","contentUrl":"https:\/\/secure.gravatar.com\/avatar\/37d968a2e67a6fd04c169c4bdef102d0bc5d31b2546345219e348575eb80e9a0?s=96&d=mm&r=g","caption":"redazione"},"sameAs":["http:\/\/www.bellunopress.it","https:\/\/x.com\/bellunopress"],"url":"https:\/\/www.bellunopress.it\/fr\/author\/redazione\/"}]}},"_links":{"self":[{"href":"https:\/\/www.bellunopress.it\/fr\/wp-json\/wp\/v2\/posts\/137800","targetHints":{"allow":["GET"]}}],"collection":[{"href":"https:\/\/www.bellunopress.it\/fr\/wp-json\/wp\/v2\/posts"}],"about":[{"href":"https:\/\/www.bellunopress.it\/fr\/wp-json\/wp\/v2\/types\/post"}],"author":[{"embeddable":true,"href":"https:\/\/www.bellunopress.it\/fr\/wp-json\/wp\/v2\/users\/2"}],"replies":[{"embeddable":true,"href":"https:\/\/www.bellunopress.it\/fr\/wp-json\/wp\/v2\/comments?post=137800"}],"version-history":[{"count":1,"href":"https:\/\/www.bellunopress.it\/fr\/wp-json\/wp\/v2\/posts\/137800\/revisions"}],"predecessor-version":[{"id":137801,"href":"https:\/\/www.bellunopress.it\/fr\/wp-json\/wp\/v2\/posts\/137800\/revisions\/137801"}],"wp:featuredmedia":[{"embeddable":true,"href":"https:\/\/www.bellunopress.it\/fr\/wp-json\/wp\/v2\/media\/125311"}],"wp:attachment":[{"href":"https:\/\/www.bellunopress.it\/fr\/wp-json\/wp\/v2\/media?parent=137800"}],"wp:term":[{"taxonomy":"category","embeddable":true,"href":"https:\/\/www.bellunopress.it\/fr\/wp-json\/wp\/v2\/categories?post=137800"},{"taxonomy":"post_tag","embeddable":true,"href":"https:\/\/www.bellunopress.it\/fr\/wp-json\/wp\/v2\/tags?post=137800"}],"curies":[{"name":"wp","href":"https:\/\/api.w.org\/{rel}","templated":true}]}}