{"id":137795,"date":"2022-11-19T14:17:55","date_gmt":"2022-11-19T13:17:55","guid":{"rendered":"https:\/\/www.bellunopress.it\/?p=137795"},"modified":"2022-11-19T14:17:55","modified_gmt":"2022-11-19T13:17:55","slug":"caorle-steet-food-festival-dal-7-dicembre-al-3-gennaio-al-via-il-primo-festival-invernale","status":"publish","type":"post","link":"https:\/\/www.bellunopress.it\/fr\/2022\/11\/19\/caorle-steet-food-festival-dal-7-dicembre-al-3-gennaio-al-via-il-primo-festival-invernale\/","title":{"rendered":"Caorle Steet Food Festival. Dal 7 dicembre al 3 gennaio al via il primo festival invernale"},"content":{"rendered":"<div>\n<div><img loading=\"lazy\" decoding=\"async\" class=\"alignleft size-full wp-image-137796\" src=\"https:\/\/www.bellunopress.it\/wp-content\/uploads\/2022\/11\/Caorle-Street-Food-Festival_edited.jpg\" alt=\"\" width=\"1000\" height=\"667\" srcset=\"https:\/\/www.bellunopress.it\/wp-content\/uploads\/2022\/11\/Caorle-Street-Food-Festival_edited.jpg 1000w, https:\/\/www.bellunopress.it\/wp-content\/uploads\/2022\/11\/Caorle-Street-Food-Festival_edited-500x334.jpg 500w, https:\/\/www.bellunopress.it\/wp-content\/uploads\/2022\/11\/Caorle-Street-Food-Festival_edited-696x464.jpg 696w, https:\/\/www.bellunopress.it\/wp-content\/uploads\/2022\/11\/Caorle-Street-Food-Festival_edited-630x420.jpg 630w\" sizes=\"auto, (max-width: 1000px) 100vw, 1000px\" \/>Dal 7 dicembre al 3 gennaio dieci eventi con trenta artisti al Palaexpomar di Caorle, alla regia gli organizzatori del Caorle Street Food Festival che ha portato centinaia di migliaia di persone sul Litorale negli anni scorsi. Dall&#8217;area ristorazione a quella gaming, passando per le degustazioni dei gin: ecco tutte le novit\u00e0.<\/div>\n<div>Tomasello: &#8220;Siamo tra i pochi festival musicali invernali in Europa&#8221;<\/div>\n<\/div>\n<div>\n<div>Una location versatile allestita per creare un&#8217;esperienza musicale unica. Un impianto polifunzionale, completamente coperto e riscaldato, in grado di ospitare grandi spettacoli musicali offrendo innumerevoli soluzioni con capacit\u00e0 sino a tremila partecipanti. Sar\u00e0 il Palaexpomar ad ospitare uno dei pochissimi festival musicali invernali a livello europeo, il Caorle Street Winter Edition che decoller\u00e0 sul litorale il prossimo 7 dicembre e proseguir\u00e0 fino al 3 gennaio con l&#8217;evento di chiusura. La prima data, quella del 7 dicembre, vedr\u00e0 come protagonista sul palco Gabry Ponte; altro spoiler degli organizzatori \u00e8 Fred De Palma, che si esibir\u00e0 il 26 dicembre.<\/div>\n<div><\/div>\n<div>Dieci date, una trentina di ospiti internazionali del clubbing, ma anche la possibilit\u00e0 di iniziare la serata con una cena raffinata. \u00c8 questo il progetto artistico studiato dagli organizzatori del\u00a0<a href=\"http:\/\/r.comunicazionepk.com\/mk\/cl\/f\/KdtwNdBdCi8poMgCfrYhUgX2dE4xySPERyqBff4Lh6ejyBeHFC5to2O_YmP7vHIawNCjIr3hyJDjK0mGZcyB60L8Le93iCU7CA9U0nfV9ir8p8yOF4OYTL_BbfR7X4fChUWMEpFE03r1t9kaHOLjB_CXowwf_XIvyHtQz7PA5GUrX8tAHHmV-j5SDwH_j84mHBeWP0p3tt8\" target=\"_blank\" rel=\"noopener noreferrer\">Caorle Street Food Festival<\/a>, guidati da Simone Tomasello. &#8220;Un festival invernale che non ha paragoni in Italia e pochi imitatori a livello europeo, Caorle torner\u00e0 al centro della movida e del mondo del clubbing d&#8217;inverno&#8221;, dice Tomasello. &#8220;A supportare l&#8217;iniziativa, una decina tra i locali di tendenza del litorale e nostri storici sponsor, quelli ci hanno permesso di portare centinaia di migliaia di persone negli anni passati a Caorle, anche durante il periodo natalizio&#8221;.<\/div>\n<div><\/div>\n<div>L&#8217;area sar\u00e0 allestita in pi\u00f9 spazi di fronte all&#8217;enorme palco da 25 metri per dieci. Per cena, saranno a disposizione circa 700 coperti. Attorno, food truck americani, di quelli con la roulotte; stand con la vendita di prodotti (da citare un curioso sexy shop) e aree di divertimento. La Redbull ha creato una zona gaming, per giocare e divertirsi sugli maxischermi e rilassarsi coi videogames degli anni Settanta; in un&#8217;altra zona l&#8217;Heineken predisporr\u00e0 la propria area party. Per gli amanti del Gin, anche uno spazio dedicato alle degustazioni.<\/div>\n<div><\/div>\n<div>Gli organizzatori sono certi del successo dell&#8217;iniziativa, che nasce sull&#8217;esperienza del Caorle Street Food Festival. Nel 2017 gli spettatori furono 98 mila, l&#8217;anno successivo si giunse a quota 106.000: per quattro giorni Caorle si \u00e8 trasformata nella capitale d&#8217;Italia dello Street Food, coniugando la presenza dei migliori truck food italiani alle performance musicali di artisti nazionali ed internazionali. E ancora: 102 mila presenze nel 2019. Tra i nomi degli artisti che si sono alternati sul palco nel corso degli anni citiamo Steve Aoki, Gigi d&#8217;Agostino, Albertino, Fabri Fibra e Mamacita.<\/div>\n<div><\/div>\n<div>Tra i locali e gli sponsor che sostengono l&#8217;evento, alcune delle realt\u00e0 pi\u00f9 note e stimate sul Litorale: Al Bacaro, Sir\u00f3, La vela, AQA palace, Don Pablo, Bacaro al Bateo, Fetta&#8217;s e Sant\u00e8. A breve gli annunci ufficiali di tutti gli artisti che sono pronti a far ballare i giovani. Per questa prima edizione invernale dell&#8217;evento, obiettivo \u00e8 anche quello di rilanciare il turismo a Caorle, anche con la collaborazione dei locali della movida. La citt\u00e0 infatti d&#8217;estate accoglie circa 4,3 milioni di turisti, di questi 3 milioni arrivano dall&#8217;estero. L&#8217;idea \u00e8 quella di aumentare i flussi verso il Litorale anche nei mesi pi\u00f9 freddi dell&#8217;anno, l&#8217;impegno degli organizzatori \u00e8 finalizzato a coinvolgere tutta la citt\u00e0 e ben lo hanno dimostrato anche negli scorsi anni con l&#8217;evento natalizio, organizzato da zero e reso celebre a livello nazionale: oltre mezzo milione di persone si sono recate in citt\u00e0 per assistere alla kermesse natalizia.<\/div>\n<div><\/div>\n<div>Per prenotazioni e informazioni:\u00a0<a href=\"http:\/\/r.comunicazionepk.com\/mk\/cl\/f\/y47gm6EvDX2_RkTV7dQh3TKOQTaGaPgBb21sSXf1lCHSdNwrijkGHiCQMXI41TBewkoF7k-zd_Hut0FHDpSMH-ZhUUXk3iSzGHoBN6hWSakqgzOi5E_y0ivtCBvqdG5BhuPTcFTYaKWIcNIEPR2gTuOmWXA7fWZfOUli4UUnqydVuPo9hqSu_Qgrlhnn5YzewZzWBoncPY4\" target=\"_blank\" rel=\"noopener noreferrer\">www.caorlestreetfestival.com<\/a>.<\/div>\n<div><\/div>\n<\/div>","protected":false},"excerpt":{"rendered":"<p>Dal 7 dicembre al 3 gennaio dieci eventi con trenta artisti al Palaexpomar di Caorle, alla regia gli organizzatori del Caorle Street Food Festival che ha portato centinaia di migliaia di persone sul Litorale negli anni scorsi. Dall&#8217;area ristorazione a quella gaming, passando per le degustazioni dei gin: ecco tutte le novit\u00e0. Tomasello: &#8220;Siamo tra [&hellip;]<\/p>\n","protected":false},"author":2,"featured_media":137796,"comment_status":"closed","ping_status":"open","sticky":false,"template":"","format":"standard","meta":{"footnotes":""},"categories":[25,4],"tags":[],"class_list":["post-137795","post","type-post","status-publish","format-standard","has-post-thumbnail","category-pausa-caffe","category-sport"],"yoast_head":"<!-- This site is optimized with the Yoast SEO plugin v28.4 - https:\/\/yoast.com\/product\/yoast-seo-wordpress\/ -->\n<title>Caorle Steet Food Festival. Dal 7 dicembre al 3 gennaio al via il primo festival invernale - Bellunopress - Dolomiti<\/title>\n<meta name=\"robots\" content=\"index, follow, max-snippet:-1, max-image-preview:large, max-video-preview:-1\" \/>\n<link rel=\"canonical\" href=\"https:\/\/www.bellunopress.it\/fr\/2022\/11\/19\/caorle-steet-food-festival-dal-7-dicembre-al-3-gennaio-al-via-il-primo-festival-invernale\/\" \/>\n<meta property=\"og:locale\" content=\"fr_FR\" \/>\n<meta property=\"og:type\" content=\"article\" \/>\n<meta property=\"og:title\" content=\"Caorle Steet Food Festival. Dal 7 dicembre al 3 gennaio al via il primo festival invernale - Bellunopress - Dolomiti\" \/>\n<meta property=\"og:description\" content=\"Dal 7 dicembre al 3 gennaio dieci eventi con trenta artisti al Palaexpomar di Caorle, alla regia gli organizzatori del Caorle Street Food Festival che ha portato centinaia di migliaia di persone sul Litorale negli anni scorsi. Dall&#8217;area ristorazione a quella gaming, passando per le degustazioni dei gin: ecco tutte le novit\u00e0. Tomasello: &#8220;Siamo tra [&hellip;]\" \/>\n<meta property=\"og:url\" content=\"https:\/\/www.bellunopress.it\/fr\/2022\/11\/19\/caorle-steet-food-festival-dal-7-dicembre-al-3-gennaio-al-via-il-primo-festival-invernale\/\" \/>\n<meta property=\"og:site_name\" content=\"Bellunopress - Dolomiti\" \/>\n<meta property=\"article:publisher\" content=\"https:\/\/www.facebook.com\/profile.php?id=100008943462799\" \/>\n<meta property=\"article:published_time\" content=\"2022-11-19T13:17:55+00:00\" \/>\n<meta property=\"og:image\" content=\"https:\/\/www.bellunopress.it\/wp-content\/uploads\/2022\/11\/Caorle-Street-Food-Festival_edited.jpg\" \/>\n\t<meta property=\"og:image:width\" content=\"1000\" \/>\n\t<meta property=\"og:image:height\" content=\"667\" \/>\n\t<meta property=\"og:image:type\" content=\"image\/jpeg\" \/>\n<meta name=\"author\" content=\"redazione\" \/>\n<meta name=\"twitter:card\" content=\"summary_large_image\" \/>\n<meta name=\"twitter:creator\" content=\"@bellunopress\" \/>\n<meta name=\"twitter:site\" content=\"@bellunopress\" \/>\n<meta name=\"twitter:label1\" content=\"Written by\" \/>\n\t<meta name=\"twitter:data1\" content=\"redazione\" \/>\n\t<meta name=\"twitter:label2\" content=\"Est. reading time\" \/>\n\t<meta name=\"twitter:data2\" content=\"4 minutes\" \/>\n<script type=\"application\/ld+json\" class=\"yoast-schema-graph\">{\"@context\":\"https:\\\/\\\/schema.org\",\"@graph\":[{\"@type\":\"Article\",\"@id\":\"https:\\\/\\\/www.bellunopress.it\\\/2022\\\/11\\\/19\\\/caorle-steet-food-festival-dal-7-dicembre-al-3-gennaio-al-via-il-primo-festival-invernale\\\/#article\",\"isPartOf\":{\"@id\":\"https:\\\/\\\/www.bellunopress.it\\\/2022\\\/11\\\/19\\\/caorle-steet-food-festival-dal-7-dicembre-al-3-gennaio-al-via-il-primo-festival-invernale\\\/\"},\"author\":{\"name\":\"redazione\",\"@id\":\"https:\\\/\\\/www.bellunopress.it\\\/#\\\/schema\\\/person\\\/79bb06722b37ece1c03d3e94beb30d73\"},\"headline\":\"Caorle Steet Food Festival. Dal 7 dicembre al 3 gennaio al via il primo festival invernale\",\"datePublished\":\"2022-11-19T13:17:55+00:00\",\"mainEntityOfPage\":{\"@id\":\"https:\\\/\\\/www.bellunopress.it\\\/2022\\\/11\\\/19\\\/caorle-steet-food-festival-dal-7-dicembre-al-3-gennaio-al-via-il-primo-festival-invernale\\\/\"},\"wordCount\":616,\"publisher\":{\"@id\":\"https:\\\/\\\/www.bellunopress.it\\\/#organization\"},\"image\":{\"@id\":\"https:\\\/\\\/www.bellunopress.it\\\/2022\\\/11\\\/19\\\/caorle-steet-food-festival-dal-7-dicembre-al-3-gennaio-al-via-il-primo-festival-invernale\\\/#primaryimage\"},\"thumbnailUrl\":\"https:\\\/\\\/www.bellunopress.it\\\/wp-content\\\/uploads\\\/2022\\\/11\\\/Caorle-Street-Food-Festival_edited.jpg\",\"articleSection\":[\"Pausa Caff\u00e8\",\"Sport, tempo libero\"],\"inLanguage\":\"fr-FR\"},{\"@type\":\"WebPage\",\"@id\":\"https:\\\/\\\/www.bellunopress.it\\\/2022\\\/11\\\/19\\\/caorle-steet-food-festival-dal-7-dicembre-al-3-gennaio-al-via-il-primo-festival-invernale\\\/\",\"url\":\"https:\\\/\\\/www.bellunopress.it\\\/2022\\\/11\\\/19\\\/caorle-steet-food-festival-dal-7-dicembre-al-3-gennaio-al-via-il-primo-festival-invernale\\\/\",\"name\":\"Caorle Steet Food Festival. Dal 7 dicembre al 3 gennaio al via il primo festival invernale - Bellunopress - Dolomiti\",\"isPartOf\":{\"@id\":\"https:\\\/\\\/www.bellunopress.it\\\/#website\"},\"primaryImageOfPage\":{\"@id\":\"https:\\\/\\\/www.bellunopress.it\\\/2022\\\/11\\\/19\\\/caorle-steet-food-festival-dal-7-dicembre-al-3-gennaio-al-via-il-primo-festival-invernale\\\/#primaryimage\"},\"image\":{\"@id\":\"https:\\\/\\\/www.bellunopress.it\\\/2022\\\/11\\\/19\\\/caorle-steet-food-festival-dal-7-dicembre-al-3-gennaio-al-via-il-primo-festival-invernale\\\/#primaryimage\"},\"thumbnailUrl\":\"https:\\\/\\\/www.bellunopress.it\\\/wp-content\\\/uploads\\\/2022\\\/11\\\/Caorle-Street-Food-Festival_edited.jpg\",\"datePublished\":\"2022-11-19T13:17:55+00:00\",\"breadcrumb\":{\"@id\":\"https:\\\/\\\/www.bellunopress.it\\\/2022\\\/11\\\/19\\\/caorle-steet-food-festival-dal-7-dicembre-al-3-gennaio-al-via-il-primo-festival-invernale\\\/#breadcrumb\"},\"inLanguage\":\"fr-FR\",\"potentialAction\":[{\"@type\":\"ReadAction\",\"target\":[\"https:\\\/\\\/www.bellunopress.it\\\/2022\\\/11\\\/19\\\/caorle-steet-food-festival-dal-7-dicembre-al-3-gennaio-al-via-il-primo-festival-invernale\\\/\"]}]},{\"@type\":\"ImageObject\",\"inLanguage\":\"fr-FR\",\"@id\":\"https:\\\/\\\/www.bellunopress.it\\\/2022\\\/11\\\/19\\\/caorle-steet-food-festival-dal-7-dicembre-al-3-gennaio-al-via-il-primo-festival-invernale\\\/#primaryimage\",\"url\":\"https:\\\/\\\/www.bellunopress.it\\\/wp-content\\\/uploads\\\/2022\\\/11\\\/Caorle-Street-Food-Festival_edited.jpg\",\"contentUrl\":\"https:\\\/\\\/www.bellunopress.it\\\/wp-content\\\/uploads\\\/2022\\\/11\\\/Caorle-Street-Food-Festival_edited.jpg\",\"width\":1000,\"height\":667},{\"@type\":\"BreadcrumbList\",\"@id\":\"https:\\\/\\\/www.bellunopress.it\\\/2022\\\/11\\\/19\\\/caorle-steet-food-festival-dal-7-dicembre-al-3-gennaio-al-via-il-primo-festival-invernale\\\/#breadcrumb\",\"itemListElement\":[{\"@type\":\"ListItem\",\"position\":1,\"name\":\"Home\",\"item\":\"https:\\\/\\\/www.bellunopress.it\\\/\"},{\"@type\":\"ListItem\",\"position\":2,\"name\":\"Caorle Steet Food Festival. Dal 7 dicembre al 3 gennaio al via il primo festival invernale\"}]},{\"@type\":\"WebSite\",\"@id\":\"https:\\\/\\\/www.bellunopress.it\\\/#website\",\"url\":\"https:\\\/\\\/www.bellunopress.it\\\/\",\"name\":\"Bellunopress - Dolomiti\",\"description\":\"e-mail: redazione@bellunopress.it\",\"publisher\":{\"@id\":\"https:\\\/\\\/www.bellunopress.it\\\/#organization\"},\"potentialAction\":[{\"@type\":\"SearchAction\",\"target\":{\"@type\":\"EntryPoint\",\"urlTemplate\":\"https:\\\/\\\/www.bellunopress.it\\\/?s={search_term_string}\"},\"query-input\":{\"@type\":\"PropertyValueSpecification\",\"valueRequired\":true,\"valueName\":\"search_term_string\"}}],\"inLanguage\":\"fr-FR\"},{\"@type\":\"Organization\",\"@id\":\"https:\\\/\\\/www.bellunopress.it\\\/#organization\",\"name\":\"Bellunopress\",\"url\":\"https:\\\/\\\/www.bellunopress.it\\\/\",\"logo\":{\"@type\":\"ImageObject\",\"inLanguage\":\"fr-FR\",\"@id\":\"https:\\\/\\\/www.bellunopress.it\\\/#\\\/schema\\\/logo\\\/image\\\/\",\"url\":\"https:\\\/\\\/www.bellunopress.it\\\/wp-content\\\/uploads\\\/2011\\\/05\\\/cropped-logo-bellunopress-.jpg\",\"contentUrl\":\"https:\\\/\\\/www.bellunopress.it\\\/wp-content\\\/uploads\\\/2011\\\/05\\\/cropped-logo-bellunopress-.jpg\",\"width\":512,\"height\":512,\"caption\":\"Bellunopress\"},\"image\":{\"@id\":\"https:\\\/\\\/www.bellunopress.it\\\/#\\\/schema\\\/logo\\\/image\\\/\"},\"sameAs\":[\"https:\\\/\\\/www.facebook.com\\\/profile.php?id=100008943462799\",\"https:\\\/\\\/x.com\\\/bellunopress\",\"https:\\\/\\\/www.linkedin.com\\\/hp\\\/?dnr=JBzUWaJfMUw8vbXJJ2tVW5-I3jZKvC4wsoxE&amp;amp;amp;amp;amp;amp;trk=nav_responsive_tab_home\",\"https:\\\/\\\/www.youtube.com\\\/channel\\\/UCxL0wu1uN0_3_7hGG0306cw\"]},{\"@type\":\"Person\",\"@id\":\"https:\\\/\\\/www.bellunopress.it\\\/#\\\/schema\\\/person\\\/79bb06722b37ece1c03d3e94beb30d73\",\"name\":\"redazione\",\"image\":{\"@type\":\"ImageObject\",\"inLanguage\":\"fr-FR\",\"@id\":\"https:\\\/\\\/secure.gravatar.com\\\/avatar\\\/37d968a2e67a6fd04c169c4bdef102d0bc5d31b2546345219e348575eb80e9a0?s=96&d=mm&r=g\",\"url\":\"https:\\\/\\\/secure.gravatar.com\\\/avatar\\\/37d968a2e67a6fd04c169c4bdef102d0bc5d31b2546345219e348575eb80e9a0?s=96&d=mm&r=g\",\"contentUrl\":\"https:\\\/\\\/secure.gravatar.com\\\/avatar\\\/37d968a2e67a6fd04c169c4bdef102d0bc5d31b2546345219e348575eb80e9a0?s=96&d=mm&r=g\",\"caption\":\"redazione\"},\"sameAs\":[\"http:\\\/\\\/www.bellunopress.it\",\"https:\\\/\\\/x.com\\\/bellunopress\"],\"url\":\"https:\\\/\\\/www.bellunopress.it\\\/fr\\\/author\\\/redazione\\\/\"}]}<\/script>\n<!-- \/ Yoast SEO plugin. -->","yoast_head_json":{"title":"Caorle Steet Food Festival. Dal 7 dicembre al 3 gennaio al via il primo festival invernale - Bellunopress - Dolomiti","robots":{"index":"index","follow":"follow","max-snippet":"max-snippet:-1","max-image-preview":"max-image-preview:large","max-video-preview":"max-video-preview:-1"},"canonical":"https:\/\/www.bellunopress.it\/fr\/2022\/11\/19\/caorle-steet-food-festival-dal-7-dicembre-al-3-gennaio-al-via-il-primo-festival-invernale\/","og_locale":"fr_FR","og_type":"article","og_title":"Caorle Steet Food Festival. Dal 7 dicembre al 3 gennaio al via il primo festival invernale - Bellunopress - Dolomiti","og_description":"Dal 7 dicembre al 3 gennaio dieci eventi con trenta artisti al Palaexpomar di Caorle, alla regia gli organizzatori del Caorle Street Food Festival che ha portato centinaia di migliaia di persone sul Litorale negli anni scorsi. Dall&#8217;area ristorazione a quella gaming, passando per le degustazioni dei gin: ecco tutte le novit\u00e0. Tomasello: &#8220;Siamo tra [&hellip;]","og_url":"https:\/\/www.bellunopress.it\/fr\/2022\/11\/19\/caorle-steet-food-festival-dal-7-dicembre-al-3-gennaio-al-via-il-primo-festival-invernale\/","og_site_name":"Bellunopress - Dolomiti","article_publisher":"https:\/\/www.facebook.com\/profile.php?id=100008943462799","article_published_time":"2022-11-19T13:17:55+00:00","og_image":[{"width":1000,"height":667,"url":"https:\/\/www.bellunopress.it\/wp-content\/uploads\/2022\/11\/Caorle-Street-Food-Festival_edited.jpg","type":"image\/jpeg"}],"author":"redazione","twitter_card":"summary_large_image","twitter_creator":"@bellunopress","twitter_site":"@bellunopress","twitter_misc":{"Written by":"redazione","Est. reading time":"4 minutes"},"schema":{"@context":"https:\/\/schema.org","@graph":[{"@type":"Article","@id":"https:\/\/www.bellunopress.it\/2022\/11\/19\/caorle-steet-food-festival-dal-7-dicembre-al-3-gennaio-al-via-il-primo-festival-invernale\/#article","isPartOf":{"@id":"https:\/\/www.bellunopress.it\/2022\/11\/19\/caorle-steet-food-festival-dal-7-dicembre-al-3-gennaio-al-via-il-primo-festival-invernale\/"},"author":{"name":"redazione","@id":"https:\/\/www.bellunopress.it\/#\/schema\/person\/79bb06722b37ece1c03d3e94beb30d73"},"headline":"Caorle Steet Food Festival. Dal 7 dicembre al 3 gennaio al via il primo festival invernale","datePublished":"2022-11-19T13:17:55+00:00","mainEntityOfPage":{"@id":"https:\/\/www.bellunopress.it\/2022\/11\/19\/caorle-steet-food-festival-dal-7-dicembre-al-3-gennaio-al-via-il-primo-festival-invernale\/"},"wordCount":616,"publisher":{"@id":"https:\/\/www.bellunopress.it\/#organization"},"image":{"@id":"https:\/\/www.bellunopress.it\/2022\/11\/19\/caorle-steet-food-festival-dal-7-dicembre-al-3-gennaio-al-via-il-primo-festival-invernale\/#primaryimage"},"thumbnailUrl":"https:\/\/www.bellunopress.it\/wp-content\/uploads\/2022\/11\/Caorle-Street-Food-Festival_edited.jpg","articleSection":["Pausa Caff\u00e8","Sport, tempo libero"],"inLanguage":"fr-FR"},{"@type":"WebPage","@id":"https:\/\/www.bellunopress.it\/2022\/11\/19\/caorle-steet-food-festival-dal-7-dicembre-al-3-gennaio-al-via-il-primo-festival-invernale\/","url":"https:\/\/www.bellunopress.it\/2022\/11\/19\/caorle-steet-food-festival-dal-7-dicembre-al-3-gennaio-al-via-il-primo-festival-invernale\/","name":"Caorle Steet Food Festival. Dal 7 dicembre al 3 gennaio al via il primo festival invernale - Bellunopress - Dolomiti","isPartOf":{"@id":"https:\/\/www.bellunopress.it\/#website"},"primaryImageOfPage":{"@id":"https:\/\/www.bellunopress.it\/2022\/11\/19\/caorle-steet-food-festival-dal-7-dicembre-al-3-gennaio-al-via-il-primo-festival-invernale\/#primaryimage"},"image":{"@id":"https:\/\/www.bellunopress.it\/2022\/11\/19\/caorle-steet-food-festival-dal-7-dicembre-al-3-gennaio-al-via-il-primo-festival-invernale\/#primaryimage"},"thumbnailUrl":"https:\/\/www.bellunopress.it\/wp-content\/uploads\/2022\/11\/Caorle-Street-Food-Festival_edited.jpg","datePublished":"2022-11-19T13:17:55+00:00","breadcrumb":{"@id":"https:\/\/www.bellunopress.it\/2022\/11\/19\/caorle-steet-food-festival-dal-7-dicembre-al-3-gennaio-al-via-il-primo-festival-invernale\/#breadcrumb"},"inLanguage":"fr-FR","potentialAction":[{"@type":"ReadAction","target":["https:\/\/www.bellunopress.it\/2022\/11\/19\/caorle-steet-food-festival-dal-7-dicembre-al-3-gennaio-al-via-il-primo-festival-invernale\/"]}]},{"@type":"ImageObject","inLanguage":"fr-FR","@id":"https:\/\/www.bellunopress.it\/2022\/11\/19\/caorle-steet-food-festival-dal-7-dicembre-al-3-gennaio-al-via-il-primo-festival-invernale\/#primaryimage","url":"https:\/\/www.bellunopress.it\/wp-content\/uploads\/2022\/11\/Caorle-Street-Food-Festival_edited.jpg","contentUrl":"https:\/\/www.bellunopress.it\/wp-content\/uploads\/2022\/11\/Caorle-Street-Food-Festival_edited.jpg","width":1000,"height":667},{"@type":"BreadcrumbList","@id":"https:\/\/www.bellunopress.it\/2022\/11\/19\/caorle-steet-food-festival-dal-7-dicembre-al-3-gennaio-al-via-il-primo-festival-invernale\/#breadcrumb","itemListElement":[{"@type":"ListItem","position":1,"name":"Home","item":"https:\/\/www.bellunopress.it\/"},{"@type":"ListItem","position":2,"name":"Caorle Steet Food Festival. Dal 7 dicembre al 3 gennaio al via il primo festival invernale"}]},{"@type":"WebSite","@id":"https:\/\/www.bellunopress.it\/#website","url":"https:\/\/www.bellunopress.it\/","name":"Bellunopress - Dolomiti","description":"e-mail: redazione@bellunopress.it","publisher":{"@id":"https:\/\/www.bellunopress.it\/#organization"},"potentialAction":[{"@type":"SearchAction","target":{"@type":"EntryPoint","urlTemplate":"https:\/\/www.bellunopress.it\/?s={search_term_string}"},"query-input":{"@type":"PropertyValueSpecification","valueRequired":true,"valueName":"search_term_string"}}],"inLanguage":"fr-FR"},{"@type":"Organization","@id":"https:\/\/www.bellunopress.it\/#organization","name":"Bellunopress","url":"https:\/\/www.bellunopress.it\/","logo":{"@type":"ImageObject","inLanguage":"fr-FR","@id":"https:\/\/www.bellunopress.it\/#\/schema\/logo\/image\/","url":"https:\/\/www.bellunopress.it\/wp-content\/uploads\/2011\/05\/cropped-logo-bellunopress-.jpg","contentUrl":"https:\/\/www.bellunopress.it\/wp-content\/uploads\/2011\/05\/cropped-logo-bellunopress-.jpg","width":512,"height":512,"caption":"Bellunopress"},"image":{"@id":"https:\/\/www.bellunopress.it\/#\/schema\/logo\/image\/"},"sameAs":["https:\/\/www.facebook.com\/profile.php?id=100008943462799","https:\/\/x.com\/bellunopress","https:\/\/www.linkedin.com\/hp\/?dnr=JBzUWaJfMUw8vbXJJ2tVW5-I3jZKvC4wsoxE&amp;amp;amp;amp;amp;amp;trk=nav_responsive_tab_home","https:\/\/www.youtube.com\/channel\/UCxL0wu1uN0_3_7hGG0306cw"]},{"@type":"Person","@id":"https:\/\/www.bellunopress.it\/#\/schema\/person\/79bb06722b37ece1c03d3e94beb30d73","name":"r\u00e9daction","image":{"@type":"ImageObject","inLanguage":"fr-FR","@id":"https:\/\/secure.gravatar.com\/avatar\/37d968a2e67a6fd04c169c4bdef102d0bc5d31b2546345219e348575eb80e9a0?s=96&d=mm&r=g","url":"https:\/\/secure.gravatar.com\/avatar\/37d968a2e67a6fd04c169c4bdef102d0bc5d31b2546345219e348575eb80e9a0?s=96&d=mm&r=g","contentUrl":"https:\/\/secure.gravatar.com\/avatar\/37d968a2e67a6fd04c169c4bdef102d0bc5d31b2546345219e348575eb80e9a0?s=96&d=mm&r=g","caption":"redazione"},"sameAs":["http:\/\/www.bellunopress.it","https:\/\/x.com\/bellunopress"],"url":"https:\/\/www.bellunopress.it\/fr\/author\/redazione\/"}]}},"_links":{"self":[{"href":"https:\/\/www.bellunopress.it\/fr\/wp-json\/wp\/v2\/posts\/137795","targetHints":{"allow":["GET"]}}],"collection":[{"href":"https:\/\/www.bellunopress.it\/fr\/wp-json\/wp\/v2\/posts"}],"about":[{"href":"https:\/\/www.bellunopress.it\/fr\/wp-json\/wp\/v2\/types\/post"}],"author":[{"embeddable":true,"href":"https:\/\/www.bellunopress.it\/fr\/wp-json\/wp\/v2\/users\/2"}],"replies":[{"embeddable":true,"href":"https:\/\/www.bellunopress.it\/fr\/wp-json\/wp\/v2\/comments?post=137795"}],"version-history":[{"count":1,"href":"https:\/\/www.bellunopress.it\/fr\/wp-json\/wp\/v2\/posts\/137795\/revisions"}],"predecessor-version":[{"id":137797,"href":"https:\/\/www.bellunopress.it\/fr\/wp-json\/wp\/v2\/posts\/137795\/revisions\/137797"}],"wp:featuredmedia":[{"embeddable":true,"href":"https:\/\/www.bellunopress.it\/fr\/wp-json\/wp\/v2\/media\/137796"}],"wp:attachment":[{"href":"https:\/\/www.bellunopress.it\/fr\/wp-json\/wp\/v2\/media?parent=137795"}],"wp:term":[{"taxonomy":"category","embeddable":true,"href":"https:\/\/www.bellunopress.it\/fr\/wp-json\/wp\/v2\/categories?post=137795"},{"taxonomy":"post_tag","embeddable":true,"href":"https:\/\/www.bellunopress.it\/fr\/wp-json\/wp\/v2\/tags?post=137795"}],"curies":[{"name":"wp","href":"https:\/\/api.w.org\/{rel}","templated":true}]}}