{"id":137785,"date":"2022-11-18T21:36:24","date_gmt":"2022-11-18T20:36:24","guid":{"rendered":"https:\/\/www.bellunopress.it\/?p=137785"},"modified":"2022-11-18T21:36:24","modified_gmt":"2022-11-18T20:36:24","slug":"ricerca-doris-ancora-esito-negativo","status":"publish","type":"post","link":"https:\/\/www.bellunopress.it\/fr\/2022\/11\/18\/ricerca-doris-ancora-esito-negativo\/","title":{"rendered":"Ricerca Doris. Ancora esito negativo"},"content":{"rendered":"<p><img loading=\"lazy\" decoding=\"async\" class=\"alignleft size-full wp-image-137786\" src=\"https:\/\/www.bellunopress.it\/wp-content\/uploads\/2022\/11\/soccorso-alpno-vigili-del-fuoco-ricerche.jpg\" alt=\"\" width=\"1000\" height=\"659\" srcset=\"https:\/\/www.bellunopress.it\/wp-content\/uploads\/2022\/11\/soccorso-alpno-vigili-del-fuoco-ricerche.jpg 1000w, https:\/\/www.bellunopress.it\/wp-content\/uploads\/2022\/11\/soccorso-alpno-vigili-del-fuoco-ricerche-500x330.jpg 500w, https:\/\/www.bellunopress.it\/wp-content\/uploads\/2022\/11\/soccorso-alpno-vigili-del-fuoco-ricerche-696x459.jpg 696w, https:\/\/www.bellunopress.it\/wp-content\/uploads\/2022\/11\/soccorso-alpno-vigili-del-fuoco-ricerche-637x420.jpg 637w\" sizes=\"auto, (max-width: 1000px) 100vw, 1000px\" \/>Longarone (BL), 18-11-22\u00a0 \u00a0 Sono proseguite per tutta la giornata le ricerche di Doris, la 51enne di Longarone (BL), di cui non si hanno pi\u00f9 notizie dalla sera di marted\u00ec, giorno dell&#8217;ultimo contatto telefonico con i familiari.<\/p>\n<p>Da questa mattina, fissato il campo base in zona Fiera, le squadre si sono spostate in vari punti per proseguire le perlustrazioni, dal momento che non c&#8217;\u00e8 alcuna indicazione precisa del luogo in cui la donna, allontanatasi a piedi, potesse essere diretta. Visionata tutta l&#8217;area della parte alta di Longarone, compresi i sentieri che era solita frequentare da ragazza. Controllata la diga del Vajont, le scarpate di Piave e Ma\u00e8, i percorsi tra Igne e Soffranco. Purtroppo non \u00e8 emerso nulla che possa ancora fare luce sulla sua scomparsa, come non \u00e8 arrivata alcuna segnalazione da persone che possano averla incrociata nei giorni scorsi. Le ricerche riprenderanno domattina alle 7.30.<\/p>\n<p>Erano presenti il Soccorso alpino di Longarone, Belluno, Alpago e Valle di Zoldo con i droni e il Gruppo forre, il Soccorso alpino della Guardia di finanza di Auronzo e Cortina, i Vigili del fuoco con i droni e l&#8217;elicottero che ha effettuato un sorvolo dall&#8217;alto.<\/p>","protected":false},"excerpt":{"rendered":"<p>Longarone (BL), 18-11-22\u00a0 \u00a0 Sono proseguite per tutta la giornata le ricerche di Doris, la 51enne di Longarone (BL), di cui non si hanno pi\u00f9 notizie dalla sera di marted\u00ec, giorno dell&#8217;ultimo contatto telefonico con i familiari. Da questa mattina, fissato il campo base in zona Fiera, le squadre si sono spostate in vari punti [&hellip;]<\/p>\n","protected":false},"author":2,"featured_media":137786,"comment_status":"closed","ping_status":"open","sticky":false,"template":"","format":"standard","meta":{"footnotes":""},"categories":[5,26],"tags":[],"class_list":["post-137785","post","type-post","status-publish","format-standard","has-post-thumbnail","category-cronaca","category-prima-pagina"],"yoast_head":"<!-- This site is optimized with the Yoast SEO plugin v28.4 - https:\/\/yoast.com\/product\/yoast-seo-wordpress\/ -->\n<title>Ricerca Doris. Ancora esito negativo - Bellunopress - Dolomiti<\/title>\n<meta name=\"robots\" content=\"index, follow, max-snippet:-1, max-image-preview:large, max-video-preview:-1\" \/>\n<link rel=\"canonical\" href=\"https:\/\/www.bellunopress.it\/fr\/2022\/11\/18\/ricerca-doris-ancora-esito-negativo\/\" \/>\n<meta property=\"og:locale\" content=\"fr_FR\" \/>\n<meta property=\"og:type\" content=\"article\" \/>\n<meta property=\"og:title\" content=\"Ricerca Doris. Ancora esito negativo - Bellunopress - Dolomiti\" \/>\n<meta property=\"og:description\" content=\"Longarone (BL), 18-11-22\u00a0 \u00a0 Sono proseguite per tutta la giornata le ricerche di Doris, la 51enne di Longarone (BL), di cui non si hanno pi\u00f9 notizie dalla sera di marted\u00ec, giorno dell&#8217;ultimo contatto telefonico con i familiari. Da questa mattina, fissato il campo base in zona Fiera, le squadre si sono spostate in vari punti [&hellip;]\" \/>\n<meta property=\"og:url\" content=\"https:\/\/www.bellunopress.it\/fr\/2022\/11\/18\/ricerca-doris-ancora-esito-negativo\/\" \/>\n<meta property=\"og:site_name\" content=\"Bellunopress - Dolomiti\" \/>\n<meta property=\"article:publisher\" content=\"https:\/\/www.facebook.com\/profile.php?id=100008943462799\" \/>\n<meta property=\"article:published_time\" content=\"2022-11-18T20:36:24+00:00\" \/>\n<meta property=\"og:image\" content=\"https:\/\/www.bellunopress.it\/wp-content\/uploads\/2022\/11\/soccorso-alpno-vigili-del-fuoco-ricerche.jpg\" \/>\n\t<meta property=\"og:image:width\" content=\"1000\" \/>\n\t<meta property=\"og:image:height\" content=\"659\" \/>\n\t<meta property=\"og:image:type\" content=\"image\/jpeg\" \/>\n<meta name=\"author\" content=\"redazione\" \/>\n<meta name=\"twitter:card\" content=\"summary_large_image\" \/>\n<meta name=\"twitter:creator\" content=\"@bellunopress\" \/>\n<meta name=\"twitter:site\" content=\"@bellunopress\" \/>\n<meta name=\"twitter:label1\" content=\"\u00c9crit par\" \/>\n\t<meta name=\"twitter:data1\" content=\"redazione\" \/>\n\t<meta name=\"twitter:label2\" content=\"Dur\u00e9e de lecture estim\u00e9e\" \/>\n\t<meta name=\"twitter:data2\" content=\"2 minutes\" \/>\n<script type=\"application\/ld+json\" class=\"yoast-schema-graph\">{\"@context\":\"https:\\\/\\\/schema.org\",\"@graph\":[{\"@type\":\"Article\",\"@id\":\"https:\\\/\\\/www.bellunopress.it\\\/2022\\\/11\\\/18\\\/ricerca-doris-ancora-esito-negativo\\\/#article\",\"isPartOf\":{\"@id\":\"https:\\\/\\\/www.bellunopress.it\\\/2022\\\/11\\\/18\\\/ricerca-doris-ancora-esito-negativo\\\/\"},\"author\":{\"name\":\"redazione\",\"@id\":\"https:\\\/\\\/www.bellunopress.it\\\/#\\\/schema\\\/person\\\/79bb06722b37ece1c03d3e94beb30d73\"},\"headline\":\"Ricerca Doris. Ancora esito negativo\",\"datePublished\":\"2022-11-18T20:36:24+00:00\",\"mainEntityOfPage\":{\"@id\":\"https:\\\/\\\/www.bellunopress.it\\\/2022\\\/11\\\/18\\\/ricerca-doris-ancora-esito-negativo\\\/\"},\"wordCount\":199,\"publisher\":{\"@id\":\"https:\\\/\\\/www.bellunopress.it\\\/#organization\"},\"image\":{\"@id\":\"https:\\\/\\\/www.bellunopress.it\\\/2022\\\/11\\\/18\\\/ricerca-doris-ancora-esito-negativo\\\/#primaryimage\"},\"thumbnailUrl\":\"https:\\\/\\\/www.bellunopress.it\\\/wp-content\\\/uploads\\\/2022\\\/11\\\/soccorso-alpno-vigili-del-fuoco-ricerche.jpg\",\"articleSection\":[\"Cronaca\\\/Politica\",\"Prima Pagina\"],\"inLanguage\":\"fr-FR\"},{\"@type\":\"WebPage\",\"@id\":\"https:\\\/\\\/www.bellunopress.it\\\/2022\\\/11\\\/18\\\/ricerca-doris-ancora-esito-negativo\\\/\",\"url\":\"https:\\\/\\\/www.bellunopress.it\\\/2022\\\/11\\\/18\\\/ricerca-doris-ancora-esito-negativo\\\/\",\"name\":\"Ricerca Doris. Ancora esito negativo - Bellunopress - Dolomiti\",\"isPartOf\":{\"@id\":\"https:\\\/\\\/www.bellunopress.it\\\/#website\"},\"primaryImageOfPage\":{\"@id\":\"https:\\\/\\\/www.bellunopress.it\\\/2022\\\/11\\\/18\\\/ricerca-doris-ancora-esito-negativo\\\/#primaryimage\"},\"image\":{\"@id\":\"https:\\\/\\\/www.bellunopress.it\\\/2022\\\/11\\\/18\\\/ricerca-doris-ancora-esito-negativo\\\/#primaryimage\"},\"thumbnailUrl\":\"https:\\\/\\\/www.bellunopress.it\\\/wp-content\\\/uploads\\\/2022\\\/11\\\/soccorso-alpno-vigili-del-fuoco-ricerche.jpg\",\"datePublished\":\"2022-11-18T20:36:24+00:00\",\"breadcrumb\":{\"@id\":\"https:\\\/\\\/www.bellunopress.it\\\/2022\\\/11\\\/18\\\/ricerca-doris-ancora-esito-negativo\\\/#breadcrumb\"},\"inLanguage\":\"fr-FR\",\"potentialAction\":[{\"@type\":\"ReadAction\",\"target\":[\"https:\\\/\\\/www.bellunopress.it\\\/2022\\\/11\\\/18\\\/ricerca-doris-ancora-esito-negativo\\\/\"]}]},{\"@type\":\"ImageObject\",\"inLanguage\":\"fr-FR\",\"@id\":\"https:\\\/\\\/www.bellunopress.it\\\/2022\\\/11\\\/18\\\/ricerca-doris-ancora-esito-negativo\\\/#primaryimage\",\"url\":\"https:\\\/\\\/www.bellunopress.it\\\/wp-content\\\/uploads\\\/2022\\\/11\\\/soccorso-alpno-vigili-del-fuoco-ricerche.jpg\",\"contentUrl\":\"https:\\\/\\\/www.bellunopress.it\\\/wp-content\\\/uploads\\\/2022\\\/11\\\/soccorso-alpno-vigili-del-fuoco-ricerche.jpg\",\"width\":1000,\"height\":659},{\"@type\":\"BreadcrumbList\",\"@id\":\"https:\\\/\\\/www.bellunopress.it\\\/2022\\\/11\\\/18\\\/ricerca-doris-ancora-esito-negativo\\\/#breadcrumb\",\"itemListElement\":[{\"@type\":\"ListItem\",\"position\":1,\"name\":\"Home\",\"item\":\"https:\\\/\\\/www.bellunopress.it\\\/\"},{\"@type\":\"ListItem\",\"position\":2,\"name\":\"Ricerca Doris. Ancora esito negativo\"}]},{\"@type\":\"WebSite\",\"@id\":\"https:\\\/\\\/www.bellunopress.it\\\/#website\",\"url\":\"https:\\\/\\\/www.bellunopress.it\\\/\",\"name\":\"Bellunopress - Dolomiti\",\"description\":\"e-mail: redazione@bellunopress.it\",\"publisher\":{\"@id\":\"https:\\\/\\\/www.bellunopress.it\\\/#organization\"},\"potentialAction\":[{\"@type\":\"SearchAction\",\"target\":{\"@type\":\"EntryPoint\",\"urlTemplate\":\"https:\\\/\\\/www.bellunopress.it\\\/?s={search_term_string}\"},\"query-input\":{\"@type\":\"PropertyValueSpecification\",\"valueRequired\":true,\"valueName\":\"search_term_string\"}}],\"inLanguage\":\"fr-FR\"},{\"@type\":\"Organization\",\"@id\":\"https:\\\/\\\/www.bellunopress.it\\\/#organization\",\"name\":\"Bellunopress\",\"url\":\"https:\\\/\\\/www.bellunopress.it\\\/\",\"logo\":{\"@type\":\"ImageObject\",\"inLanguage\":\"fr-FR\",\"@id\":\"https:\\\/\\\/www.bellunopress.it\\\/#\\\/schema\\\/logo\\\/image\\\/\",\"url\":\"https:\\\/\\\/www.bellunopress.it\\\/wp-content\\\/uploads\\\/2011\\\/05\\\/cropped-logo-bellunopress-.jpg\",\"contentUrl\":\"https:\\\/\\\/www.bellunopress.it\\\/wp-content\\\/uploads\\\/2011\\\/05\\\/cropped-logo-bellunopress-.jpg\",\"width\":512,\"height\":512,\"caption\":\"Bellunopress\"},\"image\":{\"@id\":\"https:\\\/\\\/www.bellunopress.it\\\/#\\\/schema\\\/logo\\\/image\\\/\"},\"sameAs\":[\"https:\\\/\\\/www.facebook.com\\\/profile.php?id=100008943462799\",\"https:\\\/\\\/x.com\\\/bellunopress\",\"https:\\\/\\\/www.linkedin.com\\\/hp\\\/?dnr=JBzUWaJfMUw8vbXJJ2tVW5-I3jZKvC4wsoxE&amp;amp;amp;amp;amp;amp;trk=nav_responsive_tab_home\",\"https:\\\/\\\/www.youtube.com\\\/channel\\\/UCxL0wu1uN0_3_7hGG0306cw\"]},{\"@type\":\"Person\",\"@id\":\"https:\\\/\\\/www.bellunopress.it\\\/#\\\/schema\\\/person\\\/79bb06722b37ece1c03d3e94beb30d73\",\"name\":\"redazione\",\"image\":{\"@type\":\"ImageObject\",\"inLanguage\":\"fr-FR\",\"@id\":\"https:\\\/\\\/secure.gravatar.com\\\/avatar\\\/37d968a2e67a6fd04c169c4bdef102d0bc5d31b2546345219e348575eb80e9a0?s=96&d=mm&r=g\",\"url\":\"https:\\\/\\\/secure.gravatar.com\\\/avatar\\\/37d968a2e67a6fd04c169c4bdef102d0bc5d31b2546345219e348575eb80e9a0?s=96&d=mm&r=g\",\"contentUrl\":\"https:\\\/\\\/secure.gravatar.com\\\/avatar\\\/37d968a2e67a6fd04c169c4bdef102d0bc5d31b2546345219e348575eb80e9a0?s=96&d=mm&r=g\",\"caption\":\"redazione\"},\"sameAs\":[\"http:\\\/\\\/www.bellunopress.it\",\"https:\\\/\\\/x.com\\\/bellunopress\"],\"url\":\"https:\\\/\\\/www.bellunopress.it\\\/fr\\\/author\\\/redazione\\\/\"}]}<\/script>\n<!-- \/ Yoast SEO plugin. -->","yoast_head_json":{"title":"Ricerca Doris. Ancora esito negativo - Bellunopress - Dolomiti","robots":{"index":"index","follow":"follow","max-snippet":"max-snippet:-1","max-image-preview":"max-image-preview:large","max-video-preview":"max-video-preview:-1"},"canonical":"https:\/\/www.bellunopress.it\/fr\/2022\/11\/18\/ricerca-doris-ancora-esito-negativo\/","og_locale":"fr_FR","og_type":"article","og_title":"Ricerca Doris. Ancora esito negativo - Bellunopress - Dolomiti","og_description":"Longarone (BL), 18-11-22\u00a0 \u00a0 Sono proseguite per tutta la giornata le ricerche di Doris, la 51enne di Longarone (BL), di cui non si hanno pi\u00f9 notizie dalla sera di marted\u00ec, giorno dell&#8217;ultimo contatto telefonico con i familiari. Da questa mattina, fissato il campo base in zona Fiera, le squadre si sono spostate in vari punti [&hellip;]","og_url":"https:\/\/www.bellunopress.it\/fr\/2022\/11\/18\/ricerca-doris-ancora-esito-negativo\/","og_site_name":"Bellunopress - Dolomiti","article_publisher":"https:\/\/www.facebook.com\/profile.php?id=100008943462799","article_published_time":"2022-11-18T20:36:24+00:00","og_image":[{"width":1000,"height":659,"url":"https:\/\/www.bellunopress.it\/wp-content\/uploads\/2022\/11\/soccorso-alpno-vigili-del-fuoco-ricerche.jpg","type":"image\/jpeg"}],"author":"redazione","twitter_card":"summary_large_image","twitter_creator":"@bellunopress","twitter_site":"@bellunopress","twitter_misc":{"\u00c9crit par":"redazione","Dur\u00e9e de lecture estim\u00e9e":"2 minutes"},"schema":{"@context":"https:\/\/schema.org","@graph":[{"@type":"Article","@id":"https:\/\/www.bellunopress.it\/2022\/11\/18\/ricerca-doris-ancora-esito-negativo\/#article","isPartOf":{"@id":"https:\/\/www.bellunopress.it\/2022\/11\/18\/ricerca-doris-ancora-esito-negativo\/"},"author":{"name":"redazione","@id":"https:\/\/www.bellunopress.it\/#\/schema\/person\/79bb06722b37ece1c03d3e94beb30d73"},"headline":"Ricerca Doris. Ancora esito negativo","datePublished":"2022-11-18T20:36:24+00:00","mainEntityOfPage":{"@id":"https:\/\/www.bellunopress.it\/2022\/11\/18\/ricerca-doris-ancora-esito-negativo\/"},"wordCount":199,"publisher":{"@id":"https:\/\/www.bellunopress.it\/#organization"},"image":{"@id":"https:\/\/www.bellunopress.it\/2022\/11\/18\/ricerca-doris-ancora-esito-negativo\/#primaryimage"},"thumbnailUrl":"https:\/\/www.bellunopress.it\/wp-content\/uploads\/2022\/11\/soccorso-alpno-vigili-del-fuoco-ricerche.jpg","articleSection":["Cronaca\/Politica","Prima Pagina"],"inLanguage":"fr-FR"},{"@type":"WebPage","@id":"https:\/\/www.bellunopress.it\/2022\/11\/18\/ricerca-doris-ancora-esito-negativo\/","url":"https:\/\/www.bellunopress.it\/2022\/11\/18\/ricerca-doris-ancora-esito-negativo\/","name":"Ricerca Doris. Ancora esito negativo - Bellunopress - Dolomiti","isPartOf":{"@id":"https:\/\/www.bellunopress.it\/#website"},"primaryImageOfPage":{"@id":"https:\/\/www.bellunopress.it\/2022\/11\/18\/ricerca-doris-ancora-esito-negativo\/#primaryimage"},"image":{"@id":"https:\/\/www.bellunopress.it\/2022\/11\/18\/ricerca-doris-ancora-esito-negativo\/#primaryimage"},"thumbnailUrl":"https:\/\/www.bellunopress.it\/wp-content\/uploads\/2022\/11\/soccorso-alpno-vigili-del-fuoco-ricerche.jpg","datePublished":"2022-11-18T20:36:24+00:00","breadcrumb":{"@id":"https:\/\/www.bellunopress.it\/2022\/11\/18\/ricerca-doris-ancora-esito-negativo\/#breadcrumb"},"inLanguage":"fr-FR","potentialAction":[{"@type":"ReadAction","target":["https:\/\/www.bellunopress.it\/2022\/11\/18\/ricerca-doris-ancora-esito-negativo\/"]}]},{"@type":"ImageObject","inLanguage":"fr-FR","@id":"https:\/\/www.bellunopress.it\/2022\/11\/18\/ricerca-doris-ancora-esito-negativo\/#primaryimage","url":"https:\/\/www.bellunopress.it\/wp-content\/uploads\/2022\/11\/soccorso-alpno-vigili-del-fuoco-ricerche.jpg","contentUrl":"https:\/\/www.bellunopress.it\/wp-content\/uploads\/2022\/11\/soccorso-alpno-vigili-del-fuoco-ricerche.jpg","width":1000,"height":659},{"@type":"BreadcrumbList","@id":"https:\/\/www.bellunopress.it\/2022\/11\/18\/ricerca-doris-ancora-esito-negativo\/#breadcrumb","itemListElement":[{"@type":"ListItem","position":1,"name":"Home","item":"https:\/\/www.bellunopress.it\/"},{"@type":"ListItem","position":2,"name":"Ricerca Doris. Ancora esito negativo"}]},{"@type":"WebSite","@id":"https:\/\/www.bellunopress.it\/#website","url":"https:\/\/www.bellunopress.it\/","name":"Bellunopress - Dolomiti","description":"e-mail: redazione@bellunopress.it","publisher":{"@id":"https:\/\/www.bellunopress.it\/#organization"},"potentialAction":[{"@type":"SearchAction","target":{"@type":"EntryPoint","urlTemplate":"https:\/\/www.bellunopress.it\/?s={search_term_string}"},"query-input":{"@type":"PropertyValueSpecification","valueRequired":true,"valueName":"search_term_string"}}],"inLanguage":"fr-FR"},{"@type":"Organization","@id":"https:\/\/www.bellunopress.it\/#organization","name":"Bellunopress","url":"https:\/\/www.bellunopress.it\/","logo":{"@type":"ImageObject","inLanguage":"fr-FR","@id":"https:\/\/www.bellunopress.it\/#\/schema\/logo\/image\/","url":"https:\/\/www.bellunopress.it\/wp-content\/uploads\/2011\/05\/cropped-logo-bellunopress-.jpg","contentUrl":"https:\/\/www.bellunopress.it\/wp-content\/uploads\/2011\/05\/cropped-logo-bellunopress-.jpg","width":512,"height":512,"caption":"Bellunopress"},"image":{"@id":"https:\/\/www.bellunopress.it\/#\/schema\/logo\/image\/"},"sameAs":["https:\/\/www.facebook.com\/profile.php?id=100008943462799","https:\/\/x.com\/bellunopress","https:\/\/www.linkedin.com\/hp\/?dnr=JBzUWaJfMUw8vbXJJ2tVW5-I3jZKvC4wsoxE&amp;amp;amp;amp;amp;amp;trk=nav_responsive_tab_home","https:\/\/www.youtube.com\/channel\/UCxL0wu1uN0_3_7hGG0306cw"]},{"@type":"Person","@id":"https:\/\/www.bellunopress.it\/#\/schema\/person\/79bb06722b37ece1c03d3e94beb30d73","name":"r\u00e9daction","image":{"@type":"ImageObject","inLanguage":"fr-FR","@id":"https:\/\/secure.gravatar.com\/avatar\/37d968a2e67a6fd04c169c4bdef102d0bc5d31b2546345219e348575eb80e9a0?s=96&d=mm&r=g","url":"https:\/\/secure.gravatar.com\/avatar\/37d968a2e67a6fd04c169c4bdef102d0bc5d31b2546345219e348575eb80e9a0?s=96&d=mm&r=g","contentUrl":"https:\/\/secure.gravatar.com\/avatar\/37d968a2e67a6fd04c169c4bdef102d0bc5d31b2546345219e348575eb80e9a0?s=96&d=mm&r=g","caption":"redazione"},"sameAs":["http:\/\/www.bellunopress.it","https:\/\/x.com\/bellunopress"],"url":"https:\/\/www.bellunopress.it\/fr\/author\/redazione\/"}]}},"_links":{"self":[{"href":"https:\/\/www.bellunopress.it\/fr\/wp-json\/wp\/v2\/posts\/137785","targetHints":{"allow":["GET"]}}],"collection":[{"href":"https:\/\/www.bellunopress.it\/fr\/wp-json\/wp\/v2\/posts"}],"about":[{"href":"https:\/\/www.bellunopress.it\/fr\/wp-json\/wp\/v2\/types\/post"}],"author":[{"embeddable":true,"href":"https:\/\/www.bellunopress.it\/fr\/wp-json\/wp\/v2\/users\/2"}],"replies":[{"embeddable":true,"href":"https:\/\/www.bellunopress.it\/fr\/wp-json\/wp\/v2\/comments?post=137785"}],"version-history":[{"count":1,"href":"https:\/\/www.bellunopress.it\/fr\/wp-json\/wp\/v2\/posts\/137785\/revisions"}],"predecessor-version":[{"id":137787,"href":"https:\/\/www.bellunopress.it\/fr\/wp-json\/wp\/v2\/posts\/137785\/revisions\/137787"}],"wp:featuredmedia":[{"embeddable":true,"href":"https:\/\/www.bellunopress.it\/fr\/wp-json\/wp\/v2\/media\/137786"}],"wp:attachment":[{"href":"https:\/\/www.bellunopress.it\/fr\/wp-json\/wp\/v2\/media?parent=137785"}],"wp:term":[{"taxonomy":"category","embeddable":true,"href":"https:\/\/www.bellunopress.it\/fr\/wp-json\/wp\/v2\/categories?post=137785"},{"taxonomy":"post_tag","embeddable":true,"href":"https:\/\/www.bellunopress.it\/fr\/wp-json\/wp\/v2\/tags?post=137785"}],"curies":[{"name":"wp","href":"https:\/\/api.w.org\/{rel}","templated":true}]}}