{"id":137762,"date":"2022-11-18T09:36:40","date_gmt":"2022-11-18T08:36:40","guid":{"rendered":"https:\/\/www.bellunopress.it\/?p=137762"},"modified":"2022-11-18T09:36:40","modified_gmt":"2022-11-18T08:36:40","slug":"amore-ce-un-morto-in-salotto-domenica-a-santo-stefano-di-cadore-in-scena-la-commedia-in-prima-regionale","status":"publish","type":"post","link":"https:\/\/www.bellunopress.it\/fr\/2022\/11\/18\/amore-ce-un-morto-in-salotto-domenica-a-santo-stefano-di-cadore-in-scena-la-commedia-in-prima-regionale\/","title":{"rendered":"Amore, c&#8217;\u00e8 un morto in salotto. Domenica a Santo Stefano di Cadore in scena la commedia in prima regionale"},"content":{"rendered":"<p><img loading=\"lazy\" decoding=\"async\" class=\"alignleft size-full wp-image-137635\" src=\"https:\/\/www.bellunopress.it\/wp-content\/uploads\/2022\/11\/teatro_edited.jpg\" alt=\"\" width=\"702\" height=\"393\" srcset=\"https:\/\/www.bellunopress.it\/wp-content\/uploads\/2022\/11\/teatro_edited.jpg 702w, https:\/\/www.bellunopress.it\/wp-content\/uploads\/2022\/11\/teatro_edited-500x280.jpg 500w, https:\/\/www.bellunopress.it\/wp-content\/uploads\/2022\/11\/teatro_edited-696x390.jpg 696w\" sizes=\"auto, (max-width: 702px) 100vw, 702px\" \/>4\u00b0 appuntamento della rassegna Autunno a Teatro in Comelico: domenica 20 novembre alle 17.00, al Cinema Piave di S. Stefano di Cadore, andr\u00e0 in scena in prima regionale la commedia &#8220;Amore, c&#8217;\u00e8 un morto in salotto&#8221;, dell&#8217;etichetta torinese ShockArti, con l&#8217;attore di origini comelicesi Marco De Martin Modolado, Michelangela Battistella e Silvia Saponaro.<\/p>\n<p><strong>Lo spettacolo<\/strong><\/p>\n<p>Oreste e Annamaria sono sposati e in piena crisi: un avvocato tronfio e impettito, un\u2019insegnante sognatrice ed emotivamente instabile, intrappolati in una routine di battibecchi e non detti. Una sera giunge in visita Amelia, un personaggio dal carattere brillante ed eccentrico, portatrice di eclatanti notizie che sconvolgono l\u2019esistenza della coppia. Come reagireste se una psicoterapeuta morta da vent\u2019anni piombasse in casa vostra? Comicit\u00e0, equivoci e colpi di scena per una terapia di coppia decisamente fuori dal normale.<\/p>\n<p>Regia e testo: Silvia Saponaro.<br \/>\nBIGLIETTI: intero 10 \u20ac, ridotto (under 14) 6 \u20ac.<br \/>\n\u203c\ufe0f Novit\u00e0 \u203c\ufe0f Da quest&#8217;anno \u00e8 possibile acquistare i biglietti direttamente online! Vai su www.l2l.it\/autunnoateatro<\/p>","protected":false},"excerpt":{"rendered":"<p>4\u00b0 appuntamento della rassegna Autunno a Teatro in Comelico: domenica 20 novembre alle 17.00, al Cinema Piave di S. Stefano di Cadore, andr\u00e0 in scena in prima regionale la commedia &#8220;Amore, c&#8217;\u00e8 un morto in salotto&#8221;, dell&#8217;etichetta torinese ShockArti, con l&#8217;attore di origini comelicesi Marco De Martin Modolado, Michelangela Battistella e Silvia Saponaro. Lo spettacolo [&hellip;]<\/p>\n","protected":false},"author":2,"featured_media":137635,"comment_status":"closed","ping_status":"open","sticky":false,"template":"","format":"standard","meta":{"footnotes":""},"categories":[27,3,25],"tags":[],"class_list":["post-137762","post","type-post","status-publish","format-standard","has-post-thumbnail","category-appuntamenti","category-arte-cultura-spettacoli-scienza-archivi","category-pausa-caffe"],"yoast_head":"<!-- This site is optimized with the Yoast SEO plugin v28.4 - https:\/\/yoast.com\/product\/yoast-seo-wordpress\/ -->\n<title>Amore, c&#039;\u00e8 un morto in salotto. Domenica a Santo Stefano di Cadore in scena la commedia in prima regionale - Bellunopress - Dolomiti<\/title>\n<meta name=\"robots\" content=\"index, follow, max-snippet:-1, max-image-preview:large, max-video-preview:-1\" \/>\n<link rel=\"canonical\" href=\"https:\/\/www.bellunopress.it\/fr\/2022\/11\/18\/amore-ce-un-morto-in-salotto-domenica-a-santo-stefano-di-cadore-in-scena-la-commedia-in-prima-regionale\/\" \/>\n<meta property=\"og:locale\" content=\"fr_FR\" \/>\n<meta property=\"og:type\" content=\"article\" \/>\n<meta property=\"og:title\" content=\"Amore, c&#039;\u00e8 un morto in salotto. Domenica a Santo Stefano di Cadore in scena la commedia in prima regionale - Bellunopress - Dolomiti\" \/>\n<meta property=\"og:description\" content=\"4\u00b0 appuntamento della rassegna Autunno a Teatro in Comelico: domenica 20 novembre alle 17.00, al Cinema Piave di S. Stefano di Cadore, andr\u00e0 in scena in prima regionale la commedia &#8220;Amore, c&#8217;\u00e8 un morto in salotto&#8221;, dell&#8217;etichetta torinese ShockArti, con l&#8217;attore di origini comelicesi Marco De Martin Modolado, Michelangela Battistella e Silvia Saponaro. Lo spettacolo [&hellip;]\" \/>\n<meta property=\"og:url\" content=\"https:\/\/www.bellunopress.it\/fr\/2022\/11\/18\/amore-ce-un-morto-in-salotto-domenica-a-santo-stefano-di-cadore-in-scena-la-commedia-in-prima-regionale\/\" \/>\n<meta property=\"og:site_name\" content=\"Bellunopress - Dolomiti\" \/>\n<meta property=\"article:publisher\" content=\"https:\/\/www.facebook.com\/profile.php?id=100008943462799\" \/>\n<meta property=\"article:published_time\" content=\"2022-11-18T08:36:40+00:00\" \/>\n<meta property=\"og:image\" content=\"https:\/\/www.bellunopress.it\/wp-content\/uploads\/2022\/11\/teatro_edited.jpg\" \/>\n\t<meta property=\"og:image:width\" content=\"702\" \/>\n\t<meta property=\"og:image:height\" content=\"393\" \/>\n\t<meta property=\"og:image:type\" content=\"image\/jpeg\" \/>\n<meta name=\"author\" content=\"redazione\" \/>\n<meta name=\"twitter:card\" content=\"summary_large_image\" \/>\n<meta name=\"twitter:creator\" content=\"@bellunopress\" \/>\n<meta name=\"twitter:site\" content=\"@bellunopress\" \/>\n<meta name=\"twitter:label1\" content=\"\u00c9crit par\" \/>\n\t<meta name=\"twitter:data1\" content=\"redazione\" \/>\n\t<meta name=\"twitter:label2\" content=\"Dur\u00e9e de lecture estim\u00e9e\" \/>\n\t<meta name=\"twitter:data2\" content=\"2 minutes\" \/>\n<script type=\"application\/ld+json\" class=\"yoast-schema-graph\">{\"@context\":\"https:\\\/\\\/schema.org\",\"@graph\":[{\"@type\":\"Article\",\"@id\":\"https:\\\/\\\/www.bellunopress.it\\\/2022\\\/11\\\/18\\\/amore-ce-un-morto-in-salotto-domenica-a-santo-stefano-di-cadore-in-scena-la-commedia-in-prima-regionale\\\/#article\",\"isPartOf\":{\"@id\":\"https:\\\/\\\/www.bellunopress.it\\\/2022\\\/11\\\/18\\\/amore-ce-un-morto-in-salotto-domenica-a-santo-stefano-di-cadore-in-scena-la-commedia-in-prima-regionale\\\/\"},\"author\":{\"name\":\"redazione\",\"@id\":\"https:\\\/\\\/www.bellunopress.it\\\/#\\\/schema\\\/person\\\/79bb06722b37ece1c03d3e94beb30d73\"},\"headline\":\"Amore, c&#8217;\u00e8 un morto in salotto. Domenica a Santo Stefano di Cadore in scena la commedia in prima regionale\",\"datePublished\":\"2022-11-18T08:36:40+00:00\",\"mainEntityOfPage\":{\"@id\":\"https:\\\/\\\/www.bellunopress.it\\\/2022\\\/11\\\/18\\\/amore-ce-un-morto-in-salotto-domenica-a-santo-stefano-di-cadore-in-scena-la-commedia-in-prima-regionale\\\/\"},\"wordCount\":179,\"publisher\":{\"@id\":\"https:\\\/\\\/www.bellunopress.it\\\/#organization\"},\"image\":{\"@id\":\"https:\\\/\\\/www.bellunopress.it\\\/2022\\\/11\\\/18\\\/amore-ce-un-morto-in-salotto-domenica-a-santo-stefano-di-cadore-in-scena-la-commedia-in-prima-regionale\\\/#primaryimage\"},\"thumbnailUrl\":\"https:\\\/\\\/www.bellunopress.it\\\/wp-content\\\/uploads\\\/2022\\\/11\\\/teatro_edited.jpg\",\"articleSection\":[\"Appuntamenti, Eventi\",\"Arte, Cultura, Spettacoli, Scienza\",\"Pausa Caff\u00e8\"],\"inLanguage\":\"fr-FR\"},{\"@type\":\"WebPage\",\"@id\":\"https:\\\/\\\/www.bellunopress.it\\\/2022\\\/11\\\/18\\\/amore-ce-un-morto-in-salotto-domenica-a-santo-stefano-di-cadore-in-scena-la-commedia-in-prima-regionale\\\/\",\"url\":\"https:\\\/\\\/www.bellunopress.it\\\/2022\\\/11\\\/18\\\/amore-ce-un-morto-in-salotto-domenica-a-santo-stefano-di-cadore-in-scena-la-commedia-in-prima-regionale\\\/\",\"name\":\"Amore, c'\u00e8 un morto in salotto. Domenica a Santo Stefano di Cadore in scena la commedia in prima regionale - Bellunopress - Dolomiti\",\"isPartOf\":{\"@id\":\"https:\\\/\\\/www.bellunopress.it\\\/#website\"},\"primaryImageOfPage\":{\"@id\":\"https:\\\/\\\/www.bellunopress.it\\\/2022\\\/11\\\/18\\\/amore-ce-un-morto-in-salotto-domenica-a-santo-stefano-di-cadore-in-scena-la-commedia-in-prima-regionale\\\/#primaryimage\"},\"image\":{\"@id\":\"https:\\\/\\\/www.bellunopress.it\\\/2022\\\/11\\\/18\\\/amore-ce-un-morto-in-salotto-domenica-a-santo-stefano-di-cadore-in-scena-la-commedia-in-prima-regionale\\\/#primaryimage\"},\"thumbnailUrl\":\"https:\\\/\\\/www.bellunopress.it\\\/wp-content\\\/uploads\\\/2022\\\/11\\\/teatro_edited.jpg\",\"datePublished\":\"2022-11-18T08:36:40+00:00\",\"breadcrumb\":{\"@id\":\"https:\\\/\\\/www.bellunopress.it\\\/2022\\\/11\\\/18\\\/amore-ce-un-morto-in-salotto-domenica-a-santo-stefano-di-cadore-in-scena-la-commedia-in-prima-regionale\\\/#breadcrumb\"},\"inLanguage\":\"fr-FR\",\"potentialAction\":[{\"@type\":\"ReadAction\",\"target\":[\"https:\\\/\\\/www.bellunopress.it\\\/2022\\\/11\\\/18\\\/amore-ce-un-morto-in-salotto-domenica-a-santo-stefano-di-cadore-in-scena-la-commedia-in-prima-regionale\\\/\"]}]},{\"@type\":\"ImageObject\",\"inLanguage\":\"fr-FR\",\"@id\":\"https:\\\/\\\/www.bellunopress.it\\\/2022\\\/11\\\/18\\\/amore-ce-un-morto-in-salotto-domenica-a-santo-stefano-di-cadore-in-scena-la-commedia-in-prima-regionale\\\/#primaryimage\",\"url\":\"https:\\\/\\\/www.bellunopress.it\\\/wp-content\\\/uploads\\\/2022\\\/11\\\/teatro_edited.jpg\",\"contentUrl\":\"https:\\\/\\\/www.bellunopress.it\\\/wp-content\\\/uploads\\\/2022\\\/11\\\/teatro_edited.jpg\",\"width\":702,\"height\":393},{\"@type\":\"BreadcrumbList\",\"@id\":\"https:\\\/\\\/www.bellunopress.it\\\/2022\\\/11\\\/18\\\/amore-ce-un-morto-in-salotto-domenica-a-santo-stefano-di-cadore-in-scena-la-commedia-in-prima-regionale\\\/#breadcrumb\",\"itemListElement\":[{\"@type\":\"ListItem\",\"position\":1,\"name\":\"Home\",\"item\":\"https:\\\/\\\/www.bellunopress.it\\\/\"},{\"@type\":\"ListItem\",\"position\":2,\"name\":\"Amore, c&#8217;\u00e8 un morto in salotto. Domenica a Santo Stefano di Cadore in scena la commedia in prima regionale\"}]},{\"@type\":\"WebSite\",\"@id\":\"https:\\\/\\\/www.bellunopress.it\\\/#website\",\"url\":\"https:\\\/\\\/www.bellunopress.it\\\/\",\"name\":\"Bellunopress - Dolomiti\",\"description\":\"e-mail: redazione@bellunopress.it\",\"publisher\":{\"@id\":\"https:\\\/\\\/www.bellunopress.it\\\/#organization\"},\"potentialAction\":[{\"@type\":\"SearchAction\",\"target\":{\"@type\":\"EntryPoint\",\"urlTemplate\":\"https:\\\/\\\/www.bellunopress.it\\\/?s={search_term_string}\"},\"query-input\":{\"@type\":\"PropertyValueSpecification\",\"valueRequired\":true,\"valueName\":\"search_term_string\"}}],\"inLanguage\":\"fr-FR\"},{\"@type\":\"Organization\",\"@id\":\"https:\\\/\\\/www.bellunopress.it\\\/#organization\",\"name\":\"Bellunopress\",\"url\":\"https:\\\/\\\/www.bellunopress.it\\\/\",\"logo\":{\"@type\":\"ImageObject\",\"inLanguage\":\"fr-FR\",\"@id\":\"https:\\\/\\\/www.bellunopress.it\\\/#\\\/schema\\\/logo\\\/image\\\/\",\"url\":\"https:\\\/\\\/www.bellunopress.it\\\/wp-content\\\/uploads\\\/2011\\\/05\\\/cropped-logo-bellunopress-.jpg\",\"contentUrl\":\"https:\\\/\\\/www.bellunopress.it\\\/wp-content\\\/uploads\\\/2011\\\/05\\\/cropped-logo-bellunopress-.jpg\",\"width\":512,\"height\":512,\"caption\":\"Bellunopress\"},\"image\":{\"@id\":\"https:\\\/\\\/www.bellunopress.it\\\/#\\\/schema\\\/logo\\\/image\\\/\"},\"sameAs\":[\"https:\\\/\\\/www.facebook.com\\\/profile.php?id=100008943462799\",\"https:\\\/\\\/x.com\\\/bellunopress\",\"https:\\\/\\\/www.linkedin.com\\\/hp\\\/?dnr=JBzUWaJfMUw8vbXJJ2tVW5-I3jZKvC4wsoxE&amp;amp;amp;amp;amp;amp;trk=nav_responsive_tab_home\",\"https:\\\/\\\/www.youtube.com\\\/channel\\\/UCxL0wu1uN0_3_7hGG0306cw\"]},{\"@type\":\"Person\",\"@id\":\"https:\\\/\\\/www.bellunopress.it\\\/#\\\/schema\\\/person\\\/79bb06722b37ece1c03d3e94beb30d73\",\"name\":\"redazione\",\"image\":{\"@type\":\"ImageObject\",\"inLanguage\":\"fr-FR\",\"@id\":\"https:\\\/\\\/secure.gravatar.com\\\/avatar\\\/37d968a2e67a6fd04c169c4bdef102d0bc5d31b2546345219e348575eb80e9a0?s=96&d=mm&r=g\",\"url\":\"https:\\\/\\\/secure.gravatar.com\\\/avatar\\\/37d968a2e67a6fd04c169c4bdef102d0bc5d31b2546345219e348575eb80e9a0?s=96&d=mm&r=g\",\"contentUrl\":\"https:\\\/\\\/secure.gravatar.com\\\/avatar\\\/37d968a2e67a6fd04c169c4bdef102d0bc5d31b2546345219e348575eb80e9a0?s=96&d=mm&r=g\",\"caption\":\"redazione\"},\"sameAs\":[\"http:\\\/\\\/www.bellunopress.it\",\"https:\\\/\\\/x.com\\\/bellunopress\"],\"url\":\"https:\\\/\\\/www.bellunopress.it\\\/fr\\\/author\\\/redazione\\\/\"}]}<\/script>\n<!-- \/ Yoast SEO plugin. -->","yoast_head_json":{"title":"Amore, c'\u00e8 un morto in salotto. Domenica a Santo Stefano di Cadore in scena la commedia in prima regionale - Bellunopress - Dolomiti","robots":{"index":"index","follow":"follow","max-snippet":"max-snippet:-1","max-image-preview":"max-image-preview:large","max-video-preview":"max-video-preview:-1"},"canonical":"https:\/\/www.bellunopress.it\/fr\/2022\/11\/18\/amore-ce-un-morto-in-salotto-domenica-a-santo-stefano-di-cadore-in-scena-la-commedia-in-prima-regionale\/","og_locale":"fr_FR","og_type":"article","og_title":"Amore, c'\u00e8 un morto in salotto. Domenica a Santo Stefano di Cadore in scena la commedia in prima regionale - Bellunopress - Dolomiti","og_description":"4\u00b0 appuntamento della rassegna Autunno a Teatro in Comelico: domenica 20 novembre alle 17.00, al Cinema Piave di S. Stefano di Cadore, andr\u00e0 in scena in prima regionale la commedia &#8220;Amore, c&#8217;\u00e8 un morto in salotto&#8221;, dell&#8217;etichetta torinese ShockArti, con l&#8217;attore di origini comelicesi Marco De Martin Modolado, Michelangela Battistella e Silvia Saponaro. Lo spettacolo [&hellip;]","og_url":"https:\/\/www.bellunopress.it\/fr\/2022\/11\/18\/amore-ce-un-morto-in-salotto-domenica-a-santo-stefano-di-cadore-in-scena-la-commedia-in-prima-regionale\/","og_site_name":"Bellunopress - Dolomiti","article_publisher":"https:\/\/www.facebook.com\/profile.php?id=100008943462799","article_published_time":"2022-11-18T08:36:40+00:00","og_image":[{"width":702,"height":393,"url":"https:\/\/www.bellunopress.it\/wp-content\/uploads\/2022\/11\/teatro_edited.jpg","type":"image\/jpeg"}],"author":"redazione","twitter_card":"summary_large_image","twitter_creator":"@bellunopress","twitter_site":"@bellunopress","twitter_misc":{"\u00c9crit par":"redazione","Dur\u00e9e de lecture estim\u00e9e":"2 minutes"},"schema":{"@context":"https:\/\/schema.org","@graph":[{"@type":"Article","@id":"https:\/\/www.bellunopress.it\/2022\/11\/18\/amore-ce-un-morto-in-salotto-domenica-a-santo-stefano-di-cadore-in-scena-la-commedia-in-prima-regionale\/#article","isPartOf":{"@id":"https:\/\/www.bellunopress.it\/2022\/11\/18\/amore-ce-un-morto-in-salotto-domenica-a-santo-stefano-di-cadore-in-scena-la-commedia-in-prima-regionale\/"},"author":{"name":"redazione","@id":"https:\/\/www.bellunopress.it\/#\/schema\/person\/79bb06722b37ece1c03d3e94beb30d73"},"headline":"Amore, c&#8217;\u00e8 un morto in salotto. Domenica a Santo Stefano di Cadore in scena la commedia in prima regionale","datePublished":"2022-11-18T08:36:40+00:00","mainEntityOfPage":{"@id":"https:\/\/www.bellunopress.it\/2022\/11\/18\/amore-ce-un-morto-in-salotto-domenica-a-santo-stefano-di-cadore-in-scena-la-commedia-in-prima-regionale\/"},"wordCount":179,"publisher":{"@id":"https:\/\/www.bellunopress.it\/#organization"},"image":{"@id":"https:\/\/www.bellunopress.it\/2022\/11\/18\/amore-ce-un-morto-in-salotto-domenica-a-santo-stefano-di-cadore-in-scena-la-commedia-in-prima-regionale\/#primaryimage"},"thumbnailUrl":"https:\/\/www.bellunopress.it\/wp-content\/uploads\/2022\/11\/teatro_edited.jpg","articleSection":["Appuntamenti, Eventi","Arte, Cultura, Spettacoli, Scienza","Pausa Caff\u00e8"],"inLanguage":"fr-FR"},{"@type":"WebPage","@id":"https:\/\/www.bellunopress.it\/2022\/11\/18\/amore-ce-un-morto-in-salotto-domenica-a-santo-stefano-di-cadore-in-scena-la-commedia-in-prima-regionale\/","url":"https:\/\/www.bellunopress.it\/2022\/11\/18\/amore-ce-un-morto-in-salotto-domenica-a-santo-stefano-di-cadore-in-scena-la-commedia-in-prima-regionale\/","name":"Amore, c'\u00e8 un morto in salotto. Domenica a Santo Stefano di Cadore in scena la commedia in prima regionale - Bellunopress - Dolomiti","isPartOf":{"@id":"https:\/\/www.bellunopress.it\/#website"},"primaryImageOfPage":{"@id":"https:\/\/www.bellunopress.it\/2022\/11\/18\/amore-ce-un-morto-in-salotto-domenica-a-santo-stefano-di-cadore-in-scena-la-commedia-in-prima-regionale\/#primaryimage"},"image":{"@id":"https:\/\/www.bellunopress.it\/2022\/11\/18\/amore-ce-un-morto-in-salotto-domenica-a-santo-stefano-di-cadore-in-scena-la-commedia-in-prima-regionale\/#primaryimage"},"thumbnailUrl":"https:\/\/www.bellunopress.it\/wp-content\/uploads\/2022\/11\/teatro_edited.jpg","datePublished":"2022-11-18T08:36:40+00:00","breadcrumb":{"@id":"https:\/\/www.bellunopress.it\/2022\/11\/18\/amore-ce-un-morto-in-salotto-domenica-a-santo-stefano-di-cadore-in-scena-la-commedia-in-prima-regionale\/#breadcrumb"},"inLanguage":"fr-FR","potentialAction":[{"@type":"ReadAction","target":["https:\/\/www.bellunopress.it\/2022\/11\/18\/amore-ce-un-morto-in-salotto-domenica-a-santo-stefano-di-cadore-in-scena-la-commedia-in-prima-regionale\/"]}]},{"@type":"ImageObject","inLanguage":"fr-FR","@id":"https:\/\/www.bellunopress.it\/2022\/11\/18\/amore-ce-un-morto-in-salotto-domenica-a-santo-stefano-di-cadore-in-scena-la-commedia-in-prima-regionale\/#primaryimage","url":"https:\/\/www.bellunopress.it\/wp-content\/uploads\/2022\/11\/teatro_edited.jpg","contentUrl":"https:\/\/www.bellunopress.it\/wp-content\/uploads\/2022\/11\/teatro_edited.jpg","width":702,"height":393},{"@type":"BreadcrumbList","@id":"https:\/\/www.bellunopress.it\/2022\/11\/18\/amore-ce-un-morto-in-salotto-domenica-a-santo-stefano-di-cadore-in-scena-la-commedia-in-prima-regionale\/#breadcrumb","itemListElement":[{"@type":"ListItem","position":1,"name":"Home","item":"https:\/\/www.bellunopress.it\/"},{"@type":"ListItem","position":2,"name":"Amore, c&#8217;\u00e8 un morto in salotto. Domenica a Santo Stefano di Cadore in scena la commedia in prima regionale"}]},{"@type":"WebSite","@id":"https:\/\/www.bellunopress.it\/#website","url":"https:\/\/www.bellunopress.it\/","name":"Bellunopress - Dolomiti","description":"e-mail: redazione@bellunopress.it","publisher":{"@id":"https:\/\/www.bellunopress.it\/#organization"},"potentialAction":[{"@type":"SearchAction","target":{"@type":"EntryPoint","urlTemplate":"https:\/\/www.bellunopress.it\/?s={search_term_string}"},"query-input":{"@type":"PropertyValueSpecification","valueRequired":true,"valueName":"search_term_string"}}],"inLanguage":"fr-FR"},{"@type":"Organization","@id":"https:\/\/www.bellunopress.it\/#organization","name":"Bellunopress","url":"https:\/\/www.bellunopress.it\/","logo":{"@type":"ImageObject","inLanguage":"fr-FR","@id":"https:\/\/www.bellunopress.it\/#\/schema\/logo\/image\/","url":"https:\/\/www.bellunopress.it\/wp-content\/uploads\/2011\/05\/cropped-logo-bellunopress-.jpg","contentUrl":"https:\/\/www.bellunopress.it\/wp-content\/uploads\/2011\/05\/cropped-logo-bellunopress-.jpg","width":512,"height":512,"caption":"Bellunopress"},"image":{"@id":"https:\/\/www.bellunopress.it\/#\/schema\/logo\/image\/"},"sameAs":["https:\/\/www.facebook.com\/profile.php?id=100008943462799","https:\/\/x.com\/bellunopress","https:\/\/www.linkedin.com\/hp\/?dnr=JBzUWaJfMUw8vbXJJ2tVW5-I3jZKvC4wsoxE&amp;amp;amp;amp;amp;amp;trk=nav_responsive_tab_home","https:\/\/www.youtube.com\/channel\/UCxL0wu1uN0_3_7hGG0306cw"]},{"@type":"Person","@id":"https:\/\/www.bellunopress.it\/#\/schema\/person\/79bb06722b37ece1c03d3e94beb30d73","name":"r\u00e9daction","image":{"@type":"ImageObject","inLanguage":"fr-FR","@id":"https:\/\/secure.gravatar.com\/avatar\/37d968a2e67a6fd04c169c4bdef102d0bc5d31b2546345219e348575eb80e9a0?s=96&d=mm&r=g","url":"https:\/\/secure.gravatar.com\/avatar\/37d968a2e67a6fd04c169c4bdef102d0bc5d31b2546345219e348575eb80e9a0?s=96&d=mm&r=g","contentUrl":"https:\/\/secure.gravatar.com\/avatar\/37d968a2e67a6fd04c169c4bdef102d0bc5d31b2546345219e348575eb80e9a0?s=96&d=mm&r=g","caption":"redazione"},"sameAs":["http:\/\/www.bellunopress.it","https:\/\/x.com\/bellunopress"],"url":"https:\/\/www.bellunopress.it\/fr\/author\/redazione\/"}]}},"_links":{"self":[{"href":"https:\/\/www.bellunopress.it\/fr\/wp-json\/wp\/v2\/posts\/137762","targetHints":{"allow":["GET"]}}],"collection":[{"href":"https:\/\/www.bellunopress.it\/fr\/wp-json\/wp\/v2\/posts"}],"about":[{"href":"https:\/\/www.bellunopress.it\/fr\/wp-json\/wp\/v2\/types\/post"}],"author":[{"embeddable":true,"href":"https:\/\/www.bellunopress.it\/fr\/wp-json\/wp\/v2\/users\/2"}],"replies":[{"embeddable":true,"href":"https:\/\/www.bellunopress.it\/fr\/wp-json\/wp\/v2\/comments?post=137762"}],"version-history":[{"count":1,"href":"https:\/\/www.bellunopress.it\/fr\/wp-json\/wp\/v2\/posts\/137762\/revisions"}],"predecessor-version":[{"id":137763,"href":"https:\/\/www.bellunopress.it\/fr\/wp-json\/wp\/v2\/posts\/137762\/revisions\/137763"}],"wp:featuredmedia":[{"embeddable":true,"href":"https:\/\/www.bellunopress.it\/fr\/wp-json\/wp\/v2\/media\/137635"}],"wp:attachment":[{"href":"https:\/\/www.bellunopress.it\/fr\/wp-json\/wp\/v2\/media?parent=137762"}],"wp:term":[{"taxonomy":"category","embeddable":true,"href":"https:\/\/www.bellunopress.it\/fr\/wp-json\/wp\/v2\/categories?post=137762"},{"taxonomy":"post_tag","embeddable":true,"href":"https:\/\/www.bellunopress.it\/fr\/wp-json\/wp\/v2\/tags?post=137762"}],"curies":[{"name":"wp","href":"https:\/\/api.w.org\/{rel}","templated":true}]}}