{"id":137749,"date":"2022-11-20T11:34:11","date_gmt":"2022-11-20T10:34:11","guid":{"rendered":"https:\/\/www.bellunopress.it\/?p=137749"},"modified":"2022-11-17T14:50:25","modified_gmt":"2022-11-17T13:50:25","slug":"i-200-anni-dellistituto-catullo-di-belluno-venerdi-25-novembre-le-celebrazioni","status":"publish","type":"post","link":"https:\/\/www.bellunopress.it\/fr\/2022\/11\/20\/i-200-anni-dellistituto-catullo-di-belluno-venerdi-25-novembre-le-celebrazioni\/","title":{"rendered":"I 200 anni dell\u2019Istituto Catullo di Belluno. Venerd\u00ec 25 novembre le celebrazioni"},"content":{"rendered":"<figure id=\"attachment_121879\" aria-describedby=\"caption-attachment-121879\" style=\"width: 1000px\" class=\"wp-caption alignleft\"><img loading=\"lazy\" decoding=\"async\" class=\"size-full wp-image-121879\" src=\"https:\/\/www.bellunopress.it\/wp-content\/uploads\/2021\/02\/Istituto-Catullo-chiostro_edited.jpg\" alt=\"\" width=\"1000\" height=\"750\" srcset=\"https:\/\/www.bellunopress.it\/wp-content\/uploads\/2021\/02\/Istituto-Catullo-chiostro_edited.jpg 1000w, https:\/\/www.bellunopress.it\/wp-content\/uploads\/2021\/02\/Istituto-Catullo-chiostro_edited-500x375.jpg 500w, https:\/\/www.bellunopress.it\/wp-content\/uploads\/2021\/02\/Istituto-Catullo-chiostro_edited-696x522.jpg 696w, https:\/\/www.bellunopress.it\/wp-content\/uploads\/2021\/02\/Istituto-Catullo-chiostro_edited-560x420.jpg 560w, https:\/\/www.bellunopress.it\/wp-content\/uploads\/2021\/02\/Istituto-Catullo-chiostro_edited-80x60.jpg 80w, https:\/\/www.bellunopress.it\/wp-content\/uploads\/2021\/02\/Istituto-Catullo-chiostro_edited-265x198.jpg 265w\" sizes=\"auto, (max-width: 1000px) 100vw, 1000px\" \/><figcaption id=\"caption-attachment-121879\" class=\"wp-caption-text\">Istituto &#8220;Catullo&#8221; &#8211; Belluno<\/figcaption><\/figure>\n<p>Il 25 novembre 1822 l\u2019Istituto T. Catullo iniziava la propria storia.<br \/>\nLuned\u00ec 28 novembre al Teatro Comunale di Belluno, avr\u00e0 luogo, a partire dalle ore 10.00, la cerimonia di apertura delle celebrazioni per i 200 anni della scuola pi\u00f9 antica di Belluno.<\/p>\n<p>Introduce l&#8217;evento Mauro de Lazzer, dirigente scolastico, con gli interventi di Michele Sardo, dirigente scolastico, e Carmela Palumbo, direttore generale USRV.<\/p>\n<p>Si tratta del primo di una serie di appuntamenti culturali che scandiranno l\u2019intero anno scolastico. In questa occasione, alla presenza di tutte le autorit\u00e0 cittadine e provinciali, di docenti, allievi ed ex allievi, il dirigente scolastico Michele Sardo ripercorrer\u00e0<br \/>\nla storia dell&#8217;istituto, che da 200 anni ormai si intreccia con quella della citt\u00e0 di Belluno: dai primi 11 allievi della Scuola Comunale ai quasi 800 studenti di oggi.<br \/>\nAl termine della cerimonia, alle ore 12:00, sar\u00e0 possibile partecipare all\u2019inaugurazione della mostra organizzata nei locali di Palazzo Bembo. A seguire il rinfresco all&#8217;Istituto Catullo.<\/p>\n<p>Un&#8217;occasione di festa per un Istituto che, con meritato orgoglio, consapevole della centralit\u00e0 del ruolo svolto dalla scuola nella formazione dei giovani alla vita sociale, guarda al futuro, forte anche di una solida tradizione ancorata nel passato di questa citt\u00e0.<\/p>","protected":false},"excerpt":{"rendered":"<p>Il 25 novembre 1822 l\u2019Istituto T. Catullo iniziava la propria storia. Luned\u00ec 28 novembre al Teatro Comunale di Belluno, avr\u00e0 luogo, a partire dalle ore 10.00, la cerimonia di apertura delle celebrazioni per i 200 anni della scuola pi\u00f9 antica di Belluno. Introduce l&#8217;evento Mauro de Lazzer, dirigente scolastico, con gli interventi di Michele Sardo, [&hellip;]<\/p>\n","protected":false},"author":2,"featured_media":121879,"comment_status":"closed","ping_status":"open","sticky":false,"template":"","format":"standard","meta":{"footnotes":""},"categories":[26,15,8],"tags":[],"class_list":["post-137749","post","type-post","status-publish","format-standard","has-post-thumbnail","category-prima-pagina","category-scuola","category-societa-istituzioni"],"yoast_head":"<!-- This site is optimized with the Yoast SEO plugin v28.4 - https:\/\/yoast.com\/product\/yoast-seo-wordpress\/ -->\n<title>I 200 anni dell\u2019Istituto Catullo di Belluno. Venerd\u00ec 25 novembre le celebrazioni - Bellunopress - Dolomiti<\/title>\n<meta name=\"robots\" content=\"index, follow, max-snippet:-1, max-image-preview:large, max-video-preview:-1\" \/>\n<link rel=\"canonical\" href=\"https:\/\/www.bellunopress.it\/fr\/2022\/11\/20\/i-200-anni-dellistituto-catullo-di-belluno-venerdi-25-novembre-le-celebrazioni\/\" \/>\n<meta property=\"og:locale\" content=\"fr_FR\" \/>\n<meta property=\"og:type\" content=\"article\" \/>\n<meta property=\"og:title\" content=\"I 200 anni dell\u2019Istituto Catullo di Belluno. Venerd\u00ec 25 novembre le celebrazioni - Bellunopress - Dolomiti\" \/>\n<meta property=\"og:description\" content=\"Il 25 novembre 1822 l\u2019Istituto T. Catullo iniziava la propria storia. Luned\u00ec 28 novembre al Teatro Comunale di Belluno, avr\u00e0 luogo, a partire dalle ore 10.00, la cerimonia di apertura delle celebrazioni per i 200 anni della scuola pi\u00f9 antica di Belluno. Introduce l&#8217;evento Mauro de Lazzer, dirigente scolastico, con gli interventi di Michele Sardo, [&hellip;]\" \/>\n<meta property=\"og:url\" content=\"https:\/\/www.bellunopress.it\/fr\/2022\/11\/20\/i-200-anni-dellistituto-catullo-di-belluno-venerdi-25-novembre-le-celebrazioni\/\" \/>\n<meta property=\"og:site_name\" content=\"Bellunopress - Dolomiti\" \/>\n<meta property=\"article:publisher\" content=\"https:\/\/www.facebook.com\/profile.php?id=100008943462799\" \/>\n<meta property=\"article:published_time\" content=\"2022-11-20T10:34:11+00:00\" \/>\n<meta property=\"og:image\" content=\"https:\/\/www.bellunopress.it\/wp-content\/uploads\/2021\/02\/Istituto-Catullo-chiostro_edited.jpg\" \/>\n\t<meta property=\"og:image:width\" content=\"1000\" \/>\n\t<meta property=\"og:image:height\" content=\"750\" \/>\n\t<meta property=\"og:image:type\" content=\"image\/jpeg\" \/>\n<meta name=\"author\" content=\"redazione\" \/>\n<meta name=\"twitter:card\" content=\"summary_large_image\" \/>\n<meta name=\"twitter:creator\" content=\"@bellunopress\" \/>\n<meta name=\"twitter:site\" content=\"@bellunopress\" \/>\n<meta name=\"twitter:label1\" content=\"Written by\" \/>\n\t<meta name=\"twitter:data1\" content=\"redazione\" \/>\n\t<meta name=\"twitter:label2\" content=\"Est. reading time\" \/>\n\t<meta name=\"twitter:data2\" content=\"2 minutes\" \/>\n<script type=\"application\/ld+json\" class=\"yoast-schema-graph\">{\"@context\":\"https:\\\/\\\/schema.org\",\"@graph\":[{\"@type\":\"Article\",\"@id\":\"https:\\\/\\\/www.bellunopress.it\\\/2022\\\/11\\\/20\\\/i-200-anni-dellistituto-catullo-di-belluno-venerdi-25-novembre-le-celebrazioni\\\/#article\",\"isPartOf\":{\"@id\":\"https:\\\/\\\/www.bellunopress.it\\\/2022\\\/11\\\/20\\\/i-200-anni-dellistituto-catullo-di-belluno-venerdi-25-novembre-le-celebrazioni\\\/\"},\"author\":{\"name\":\"redazione\",\"@id\":\"https:\\\/\\\/www.bellunopress.it\\\/#\\\/schema\\\/person\\\/79bb06722b37ece1c03d3e94beb30d73\"},\"headline\":\"I 200 anni dell\u2019Istituto Catullo di Belluno. Venerd\u00ec 25 novembre le celebrazioni\",\"datePublished\":\"2022-11-20T10:34:11+00:00\",\"mainEntityOfPage\":{\"@id\":\"https:\\\/\\\/www.bellunopress.it\\\/2022\\\/11\\\/20\\\/i-200-anni-dellistituto-catullo-di-belluno-venerdi-25-novembre-le-celebrazioni\\\/\"},\"wordCount\":216,\"publisher\":{\"@id\":\"https:\\\/\\\/www.bellunopress.it\\\/#organization\"},\"image\":{\"@id\":\"https:\\\/\\\/www.bellunopress.it\\\/2022\\\/11\\\/20\\\/i-200-anni-dellistituto-catullo-di-belluno-venerdi-25-novembre-le-celebrazioni\\\/#primaryimage\"},\"thumbnailUrl\":\"https:\\\/\\\/www.bellunopress.it\\\/wp-content\\\/uploads\\\/2021\\\/02\\\/Istituto-Catullo-chiostro_edited.jpg\",\"articleSection\":[\"Prima Pagina\",\"Scuola\",\"Societ\u00e0, Associazioni, Istituzioni\"],\"inLanguage\":\"fr-FR\"},{\"@type\":\"WebPage\",\"@id\":\"https:\\\/\\\/www.bellunopress.it\\\/2022\\\/11\\\/20\\\/i-200-anni-dellistituto-catullo-di-belluno-venerdi-25-novembre-le-celebrazioni\\\/\",\"url\":\"https:\\\/\\\/www.bellunopress.it\\\/2022\\\/11\\\/20\\\/i-200-anni-dellistituto-catullo-di-belluno-venerdi-25-novembre-le-celebrazioni\\\/\",\"name\":\"I 200 anni dell\u2019Istituto Catullo di Belluno. Venerd\u00ec 25 novembre le celebrazioni - Bellunopress - Dolomiti\",\"isPartOf\":{\"@id\":\"https:\\\/\\\/www.bellunopress.it\\\/#website\"},\"primaryImageOfPage\":{\"@id\":\"https:\\\/\\\/www.bellunopress.it\\\/2022\\\/11\\\/20\\\/i-200-anni-dellistituto-catullo-di-belluno-venerdi-25-novembre-le-celebrazioni\\\/#primaryimage\"},\"image\":{\"@id\":\"https:\\\/\\\/www.bellunopress.it\\\/2022\\\/11\\\/20\\\/i-200-anni-dellistituto-catullo-di-belluno-venerdi-25-novembre-le-celebrazioni\\\/#primaryimage\"},\"thumbnailUrl\":\"https:\\\/\\\/www.bellunopress.it\\\/wp-content\\\/uploads\\\/2021\\\/02\\\/Istituto-Catullo-chiostro_edited.jpg\",\"datePublished\":\"2022-11-20T10:34:11+00:00\",\"breadcrumb\":{\"@id\":\"https:\\\/\\\/www.bellunopress.it\\\/2022\\\/11\\\/20\\\/i-200-anni-dellistituto-catullo-di-belluno-venerdi-25-novembre-le-celebrazioni\\\/#breadcrumb\"},\"inLanguage\":\"fr-FR\",\"potentialAction\":[{\"@type\":\"ReadAction\",\"target\":[\"https:\\\/\\\/www.bellunopress.it\\\/2022\\\/11\\\/20\\\/i-200-anni-dellistituto-catullo-di-belluno-venerdi-25-novembre-le-celebrazioni\\\/\"]}]},{\"@type\":\"ImageObject\",\"inLanguage\":\"fr-FR\",\"@id\":\"https:\\\/\\\/www.bellunopress.it\\\/2022\\\/11\\\/20\\\/i-200-anni-dellistituto-catullo-di-belluno-venerdi-25-novembre-le-celebrazioni\\\/#primaryimage\",\"url\":\"https:\\\/\\\/www.bellunopress.it\\\/wp-content\\\/uploads\\\/2021\\\/02\\\/Istituto-Catullo-chiostro_edited.jpg\",\"contentUrl\":\"https:\\\/\\\/www.bellunopress.it\\\/wp-content\\\/uploads\\\/2021\\\/02\\\/Istituto-Catullo-chiostro_edited.jpg\",\"width\":1000,\"height\":750,\"caption\":\"Istituto \\\"Catullo\\\" - Belluno\"},{\"@type\":\"BreadcrumbList\",\"@id\":\"https:\\\/\\\/www.bellunopress.it\\\/2022\\\/11\\\/20\\\/i-200-anni-dellistituto-catullo-di-belluno-venerdi-25-novembre-le-celebrazioni\\\/#breadcrumb\",\"itemListElement\":[{\"@type\":\"ListItem\",\"position\":1,\"name\":\"Home\",\"item\":\"https:\\\/\\\/www.bellunopress.it\\\/\"},{\"@type\":\"ListItem\",\"position\":2,\"name\":\"I 200 anni dell\u2019Istituto Catullo di Belluno. Venerd\u00ec 25 novembre le celebrazioni\"}]},{\"@type\":\"WebSite\",\"@id\":\"https:\\\/\\\/www.bellunopress.it\\\/#website\",\"url\":\"https:\\\/\\\/www.bellunopress.it\\\/\",\"name\":\"Bellunopress - Dolomiti\",\"description\":\"e-mail: redazione@bellunopress.it\",\"publisher\":{\"@id\":\"https:\\\/\\\/www.bellunopress.it\\\/#organization\"},\"potentialAction\":[{\"@type\":\"SearchAction\",\"target\":{\"@type\":\"EntryPoint\",\"urlTemplate\":\"https:\\\/\\\/www.bellunopress.it\\\/?s={search_term_string}\"},\"query-input\":{\"@type\":\"PropertyValueSpecification\",\"valueRequired\":true,\"valueName\":\"search_term_string\"}}],\"inLanguage\":\"fr-FR\"},{\"@type\":\"Organization\",\"@id\":\"https:\\\/\\\/www.bellunopress.it\\\/#organization\",\"name\":\"Bellunopress\",\"url\":\"https:\\\/\\\/www.bellunopress.it\\\/\",\"logo\":{\"@type\":\"ImageObject\",\"inLanguage\":\"fr-FR\",\"@id\":\"https:\\\/\\\/www.bellunopress.it\\\/#\\\/schema\\\/logo\\\/image\\\/\",\"url\":\"https:\\\/\\\/www.bellunopress.it\\\/wp-content\\\/uploads\\\/2011\\\/05\\\/cropped-logo-bellunopress-.jpg\",\"contentUrl\":\"https:\\\/\\\/www.bellunopress.it\\\/wp-content\\\/uploads\\\/2011\\\/05\\\/cropped-logo-bellunopress-.jpg\",\"width\":512,\"height\":512,\"caption\":\"Bellunopress\"},\"image\":{\"@id\":\"https:\\\/\\\/www.bellunopress.it\\\/#\\\/schema\\\/logo\\\/image\\\/\"},\"sameAs\":[\"https:\\\/\\\/www.facebook.com\\\/profile.php?id=100008943462799\",\"https:\\\/\\\/x.com\\\/bellunopress\",\"https:\\\/\\\/www.linkedin.com\\\/hp\\\/?dnr=JBzUWaJfMUw8vbXJJ2tVW5-I3jZKvC4wsoxE&amp;amp;amp;amp;amp;amp;trk=nav_responsive_tab_home\",\"https:\\\/\\\/www.youtube.com\\\/channel\\\/UCxL0wu1uN0_3_7hGG0306cw\"]},{\"@type\":\"Person\",\"@id\":\"https:\\\/\\\/www.bellunopress.it\\\/#\\\/schema\\\/person\\\/79bb06722b37ece1c03d3e94beb30d73\",\"name\":\"redazione\",\"image\":{\"@type\":\"ImageObject\",\"inLanguage\":\"fr-FR\",\"@id\":\"https:\\\/\\\/secure.gravatar.com\\\/avatar\\\/37d968a2e67a6fd04c169c4bdef102d0bc5d31b2546345219e348575eb80e9a0?s=96&d=mm&r=g\",\"url\":\"https:\\\/\\\/secure.gravatar.com\\\/avatar\\\/37d968a2e67a6fd04c169c4bdef102d0bc5d31b2546345219e348575eb80e9a0?s=96&d=mm&r=g\",\"contentUrl\":\"https:\\\/\\\/secure.gravatar.com\\\/avatar\\\/37d968a2e67a6fd04c169c4bdef102d0bc5d31b2546345219e348575eb80e9a0?s=96&d=mm&r=g\",\"caption\":\"redazione\"},\"sameAs\":[\"http:\\\/\\\/www.bellunopress.it\",\"https:\\\/\\\/x.com\\\/bellunopress\"],\"url\":\"https:\\\/\\\/www.bellunopress.it\\\/fr\\\/author\\\/redazione\\\/\"}]}<\/script>\n<!-- \/ Yoast SEO plugin. -->","yoast_head_json":{"title":"I 200 anni dell\u2019Istituto Catullo di Belluno. Venerd\u00ec 25 novembre le celebrazioni - Bellunopress - Dolomiti","robots":{"index":"index","follow":"follow","max-snippet":"max-snippet:-1","max-image-preview":"max-image-preview:large","max-video-preview":"max-video-preview:-1"},"canonical":"https:\/\/www.bellunopress.it\/fr\/2022\/11\/20\/i-200-anni-dellistituto-catullo-di-belluno-venerdi-25-novembre-le-celebrazioni\/","og_locale":"fr_FR","og_type":"article","og_title":"I 200 anni dell\u2019Istituto Catullo di Belluno. Venerd\u00ec 25 novembre le celebrazioni - Bellunopress - Dolomiti","og_description":"Il 25 novembre 1822 l\u2019Istituto T. Catullo iniziava la propria storia. Luned\u00ec 28 novembre al Teatro Comunale di Belluno, avr\u00e0 luogo, a partire dalle ore 10.00, la cerimonia di apertura delle celebrazioni per i 200 anni della scuola pi\u00f9 antica di Belluno. Introduce l&#8217;evento Mauro de Lazzer, dirigente scolastico, con gli interventi di Michele Sardo, [&hellip;]","og_url":"https:\/\/www.bellunopress.it\/fr\/2022\/11\/20\/i-200-anni-dellistituto-catullo-di-belluno-venerdi-25-novembre-le-celebrazioni\/","og_site_name":"Bellunopress - Dolomiti","article_publisher":"https:\/\/www.facebook.com\/profile.php?id=100008943462799","article_published_time":"2022-11-20T10:34:11+00:00","og_image":[{"width":1000,"height":750,"url":"https:\/\/www.bellunopress.it\/wp-content\/uploads\/2021\/02\/Istituto-Catullo-chiostro_edited.jpg","type":"image\/jpeg"}],"author":"redazione","twitter_card":"summary_large_image","twitter_creator":"@bellunopress","twitter_site":"@bellunopress","twitter_misc":{"Written by":"redazione","Est. reading time":"2 minutes"},"schema":{"@context":"https:\/\/schema.org","@graph":[{"@type":"Article","@id":"https:\/\/www.bellunopress.it\/2022\/11\/20\/i-200-anni-dellistituto-catullo-di-belluno-venerdi-25-novembre-le-celebrazioni\/#article","isPartOf":{"@id":"https:\/\/www.bellunopress.it\/2022\/11\/20\/i-200-anni-dellistituto-catullo-di-belluno-venerdi-25-novembre-le-celebrazioni\/"},"author":{"name":"redazione","@id":"https:\/\/www.bellunopress.it\/#\/schema\/person\/79bb06722b37ece1c03d3e94beb30d73"},"headline":"I 200 anni dell\u2019Istituto Catullo di Belluno. Venerd\u00ec 25 novembre le celebrazioni","datePublished":"2022-11-20T10:34:11+00:00","mainEntityOfPage":{"@id":"https:\/\/www.bellunopress.it\/2022\/11\/20\/i-200-anni-dellistituto-catullo-di-belluno-venerdi-25-novembre-le-celebrazioni\/"},"wordCount":216,"publisher":{"@id":"https:\/\/www.bellunopress.it\/#organization"},"image":{"@id":"https:\/\/www.bellunopress.it\/2022\/11\/20\/i-200-anni-dellistituto-catullo-di-belluno-venerdi-25-novembre-le-celebrazioni\/#primaryimage"},"thumbnailUrl":"https:\/\/www.bellunopress.it\/wp-content\/uploads\/2021\/02\/Istituto-Catullo-chiostro_edited.jpg","articleSection":["Prima Pagina","Scuola","Societ\u00e0, Associazioni, Istituzioni"],"inLanguage":"fr-FR"},{"@type":"WebPage","@id":"https:\/\/www.bellunopress.it\/2022\/11\/20\/i-200-anni-dellistituto-catullo-di-belluno-venerdi-25-novembre-le-celebrazioni\/","url":"https:\/\/www.bellunopress.it\/2022\/11\/20\/i-200-anni-dellistituto-catullo-di-belluno-venerdi-25-novembre-le-celebrazioni\/","name":"I 200 anni dell\u2019Istituto Catullo di Belluno. Venerd\u00ec 25 novembre le celebrazioni - Bellunopress - Dolomiti","isPartOf":{"@id":"https:\/\/www.bellunopress.it\/#website"},"primaryImageOfPage":{"@id":"https:\/\/www.bellunopress.it\/2022\/11\/20\/i-200-anni-dellistituto-catullo-di-belluno-venerdi-25-novembre-le-celebrazioni\/#primaryimage"},"image":{"@id":"https:\/\/www.bellunopress.it\/2022\/11\/20\/i-200-anni-dellistituto-catullo-di-belluno-venerdi-25-novembre-le-celebrazioni\/#primaryimage"},"thumbnailUrl":"https:\/\/www.bellunopress.it\/wp-content\/uploads\/2021\/02\/Istituto-Catullo-chiostro_edited.jpg","datePublished":"2022-11-20T10:34:11+00:00","breadcrumb":{"@id":"https:\/\/www.bellunopress.it\/2022\/11\/20\/i-200-anni-dellistituto-catullo-di-belluno-venerdi-25-novembre-le-celebrazioni\/#breadcrumb"},"inLanguage":"fr-FR","potentialAction":[{"@type":"ReadAction","target":["https:\/\/www.bellunopress.it\/2022\/11\/20\/i-200-anni-dellistituto-catullo-di-belluno-venerdi-25-novembre-le-celebrazioni\/"]}]},{"@type":"ImageObject","inLanguage":"fr-FR","@id":"https:\/\/www.bellunopress.it\/2022\/11\/20\/i-200-anni-dellistituto-catullo-di-belluno-venerdi-25-novembre-le-celebrazioni\/#primaryimage","url":"https:\/\/www.bellunopress.it\/wp-content\/uploads\/2021\/02\/Istituto-Catullo-chiostro_edited.jpg","contentUrl":"https:\/\/www.bellunopress.it\/wp-content\/uploads\/2021\/02\/Istituto-Catullo-chiostro_edited.jpg","width":1000,"height":750,"caption":"Istituto \"Catullo\" - Belluno"},{"@type":"BreadcrumbList","@id":"https:\/\/www.bellunopress.it\/2022\/11\/20\/i-200-anni-dellistituto-catullo-di-belluno-venerdi-25-novembre-le-celebrazioni\/#breadcrumb","itemListElement":[{"@type":"ListItem","position":1,"name":"Home","item":"https:\/\/www.bellunopress.it\/"},{"@type":"ListItem","position":2,"name":"I 200 anni dell\u2019Istituto Catullo di Belluno. Venerd\u00ec 25 novembre le celebrazioni"}]},{"@type":"WebSite","@id":"https:\/\/www.bellunopress.it\/#website","url":"https:\/\/www.bellunopress.it\/","name":"Bellunopress - Dolomiti","description":"e-mail: redazione@bellunopress.it","publisher":{"@id":"https:\/\/www.bellunopress.it\/#organization"},"potentialAction":[{"@type":"SearchAction","target":{"@type":"EntryPoint","urlTemplate":"https:\/\/www.bellunopress.it\/?s={search_term_string}"},"query-input":{"@type":"PropertyValueSpecification","valueRequired":true,"valueName":"search_term_string"}}],"inLanguage":"fr-FR"},{"@type":"Organization","@id":"https:\/\/www.bellunopress.it\/#organization","name":"Bellunopress","url":"https:\/\/www.bellunopress.it\/","logo":{"@type":"ImageObject","inLanguage":"fr-FR","@id":"https:\/\/www.bellunopress.it\/#\/schema\/logo\/image\/","url":"https:\/\/www.bellunopress.it\/wp-content\/uploads\/2011\/05\/cropped-logo-bellunopress-.jpg","contentUrl":"https:\/\/www.bellunopress.it\/wp-content\/uploads\/2011\/05\/cropped-logo-bellunopress-.jpg","width":512,"height":512,"caption":"Bellunopress"},"image":{"@id":"https:\/\/www.bellunopress.it\/#\/schema\/logo\/image\/"},"sameAs":["https:\/\/www.facebook.com\/profile.php?id=100008943462799","https:\/\/x.com\/bellunopress","https:\/\/www.linkedin.com\/hp\/?dnr=JBzUWaJfMUw8vbXJJ2tVW5-I3jZKvC4wsoxE&amp;amp;amp;amp;amp;amp;trk=nav_responsive_tab_home","https:\/\/www.youtube.com\/channel\/UCxL0wu1uN0_3_7hGG0306cw"]},{"@type":"Person","@id":"https:\/\/www.bellunopress.it\/#\/schema\/person\/79bb06722b37ece1c03d3e94beb30d73","name":"r\u00e9daction","image":{"@type":"ImageObject","inLanguage":"fr-FR","@id":"https:\/\/secure.gravatar.com\/avatar\/37d968a2e67a6fd04c169c4bdef102d0bc5d31b2546345219e348575eb80e9a0?s=96&d=mm&r=g","url":"https:\/\/secure.gravatar.com\/avatar\/37d968a2e67a6fd04c169c4bdef102d0bc5d31b2546345219e348575eb80e9a0?s=96&d=mm&r=g","contentUrl":"https:\/\/secure.gravatar.com\/avatar\/37d968a2e67a6fd04c169c4bdef102d0bc5d31b2546345219e348575eb80e9a0?s=96&d=mm&r=g","caption":"redazione"},"sameAs":["http:\/\/www.bellunopress.it","https:\/\/x.com\/bellunopress"],"url":"https:\/\/www.bellunopress.it\/fr\/author\/redazione\/"}]}},"_links":{"self":[{"href":"https:\/\/www.bellunopress.it\/fr\/wp-json\/wp\/v2\/posts\/137749","targetHints":{"allow":["GET"]}}],"collection":[{"href":"https:\/\/www.bellunopress.it\/fr\/wp-json\/wp\/v2\/posts"}],"about":[{"href":"https:\/\/www.bellunopress.it\/fr\/wp-json\/wp\/v2\/types\/post"}],"author":[{"embeddable":true,"href":"https:\/\/www.bellunopress.it\/fr\/wp-json\/wp\/v2\/users\/2"}],"replies":[{"embeddable":true,"href":"https:\/\/www.bellunopress.it\/fr\/wp-json\/wp\/v2\/comments?post=137749"}],"version-history":[{"count":1,"href":"https:\/\/www.bellunopress.it\/fr\/wp-json\/wp\/v2\/posts\/137749\/revisions"}],"predecessor-version":[{"id":137750,"href":"https:\/\/www.bellunopress.it\/fr\/wp-json\/wp\/v2\/posts\/137749\/revisions\/137750"}],"wp:featuredmedia":[{"embeddable":true,"href":"https:\/\/www.bellunopress.it\/fr\/wp-json\/wp\/v2\/media\/121879"}],"wp:attachment":[{"href":"https:\/\/www.bellunopress.it\/fr\/wp-json\/wp\/v2\/media?parent=137749"}],"wp:term":[{"taxonomy":"category","embeddable":true,"href":"https:\/\/www.bellunopress.it\/fr\/wp-json\/wp\/v2\/categories?post=137749"},{"taxonomy":"post_tag","embeddable":true,"href":"https:\/\/www.bellunopress.it\/fr\/wp-json\/wp\/v2\/tags?post=137749"}],"curies":[{"name":"wp","href":"https:\/\/api.w.org\/{rel}","templated":true}]}}