{"id":137701,"date":"2022-11-15T13:34:34","date_gmt":"2022-11-15T12:34:34","guid":{"rendered":"https:\/\/www.bellunopress.it\/?p=137701"},"modified":"2022-11-15T13:34:34","modified_gmt":"2022-11-15T12:34:34","slug":"cammino-delle-dolomiti-la-provincia-chiede-ai-comuni-di-adottare-un-segmento-del-tracciato","status":"publish","type":"post","link":"https:\/\/www.bellunopress.it\/fr\/2022\/11\/15\/cammino-delle-dolomiti-la-provincia-chiede-ai-comuni-di-adottare-un-segmento-del-tracciato\/","title":{"rendered":"Cammino delle Dolomiti: la Provincia chiede ai Comuni di adottare un segmento del tracciato"},"content":{"rendered":"<figure id=\"attachment_114439\" aria-describedby=\"caption-attachment-114439\" style=\"width: 564px\" class=\"wp-caption alignleft\"><img loading=\"lazy\" decoding=\"async\" class=\"size-full wp-image-114439\" src=\"https:\/\/www.bellunopress.it\/wp-content\/uploads\/2020\/05\/simone-deola_edited.jpg\" alt=\"\" width=\"564\" height=\"659\" srcset=\"https:\/\/www.bellunopress.it\/wp-content\/uploads\/2020\/05\/simone-deola_edited.jpg 564w, https:\/\/www.bellunopress.it\/wp-content\/uploads\/2020\/05\/simone-deola_edited-428x500.jpg 428w, https:\/\/www.bellunopress.it\/wp-content\/uploads\/2020\/05\/simone-deola_edited-359x420.jpg 359w\" sizes=\"auto, (max-width: 564px) 100vw, 564px\" \/><figcaption id=\"caption-attachment-114439\" class=\"wp-caption-text\">Simone Deola &#8211; consigliere provinciale delegato a cultura e ambiente<\/figcaption><\/figure>\n<p><em>Deola: \u00abGrande occasione di sviluppo del turismo lento. Obiettivo entrare nella Rete dei Cammini veneti\u00bb<\/em><\/p>\n<p>\u00c8 stato avviato nelle ultime settimane il percorso con la Regione Veneto per giungere al riconoscimento regionale del Cammino delle Dolomiti, itinerario ad anello ideato dalla Diocesi a seguito del Sinodo 2005 e promosso dalla Provincia di Belluno. Il riconoscimento \u00e8 una misura che rientra nel progetto regionale &#8220;Cammini veneti&#8221; (legge regionale 4\/2020), con cui vengono ideate diverse azioni di promozione dello sviluppo sostenibile del territorio e del patrimonio naturale, storico-paesaggistico e delle tradizioni locali. La Regione infatti intende definire e individuare la Rete dei Cammini veneti. E all&#8217;interno di questa azione, Provincia e Diocesi, con la partecipazione della Dmo Dolomiti, hanno voluto rinnovare la promozione del cammino, inserendolo nella lista degli itinerari di particolare interesse regionale.<\/p>\n<p><strong>IL CAMMINO<\/strong><\/p>\n<p>Il Cammino delle Dolomiti \u00e8 un percorso ad anello di circa 500 chilometri (senza contare le digressioni) che abbraccia quasi tutto il territorio della provincia di Belluno: trenta tappe con partenza ideale e arrivo a Feltre (al santuario dei Santi Vittore e Corona) e passaggi in Valbelluna, Agordino, Cadore e Alpago, lungo luoghi di pregio naturalistico e di rilievo religioso, sui luoghi di Papa Luciani, tra i boschi meta di vacanza di Papa Giovanni Paolo II e Benedetto XVI.<\/p>\n<p><strong>COLLABORAZIONE CON I COMUNI<\/strong><\/p>\n<p>Il lavoro per l&#8217;inserimento nella Rete dei Cammini veneti \u00e8 stato preceduto nei mesi scorsi da un restyling del sito internet e della promozione. E adesso presuppone che venga individuato un responsabile per ogni segmento dell&#8217;itinerario, cos\u00ec da coordinare la manutenzione e le segnalazioni di eventuali problemi lungo il percorso. \u00c8 per questo che la Provincia, nei giorni scorsi, ha presentato il Cammino ai sindaci, e sta inviando a tutti i municipi la proposta di collaborazione.<\/p>\n<p>\u00abIn un&#8217;epoca di grande attenzione alle politiche green, abbiamo l&#8217;occasione di promuovere il nostro territorio attraverso il turismo &#8220;lento&#8221;. E in questo senso il Cammino delle Dolomiti rappresenta una delle tante possibilit\u00e0 del Bellunese, in grado di tenere insieme trekking, escursionismo e fede\u00bb spiega il consigliere provinciale delegato a cultura e ambiente, Simone Deola. \u00abChiediamo ai Comuni di collaborare, individuando una persona, una figura o un gruppo che possa raccogliere le segnalazioni degli utenti, in modo tale da coordinare gli interventi di manutenzione e di miglioria. La nostra volont\u00e0, di concerto con la Diocesi che ha ideato il Cammino, \u00e8 di promuovere l&#8217;itinerario come proposta turistica, insieme alla Dmo Dolomiti. E il riconoscimento all&#8217;interno del progetto regionale sarebbe un motivo in pi\u00f9 per attirare gli appassionati del turismo sostenibile, che sono sempre pi\u00f9 diffusi\u00bb.<\/p>\n<p>\u00abRingraziamo la Provincia e la Dmo per la collaborazione attiva che rende la misura di quanto il territorio, unito, creda nella promozione del Cammino\u00bb commentano dall&#8217;Ufficio di pastorale sociale e del lavoro della Diocesi. \u00abGrazie a questo lavoro di squadra sar\u00e0 possibile dare nuovo slancio e concretezza a un progetto che \u00e8 gi\u00e0 realt\u00e0 da 15 anni e che ha portato gi\u00e0 diversi escursionisti sulle tappe del Cammino\u00bb.<\/p>","protected":false},"excerpt":{"rendered":"<p>Deola: \u00abGrande occasione di sviluppo del turismo lento. Obiettivo entrare nella Rete dei Cammini veneti\u00bb \u00c8 stato avviato nelle ultime settimane il percorso con la Regione Veneto per giungere al riconoscimento regionale del Cammino delle Dolomiti, itinerario ad anello ideato dalla Diocesi a seguito del Sinodo 2005 e promosso dalla Provincia di Belluno. Il riconoscimento [&hellip;]<\/p>\n","protected":false},"author":2,"featured_media":114439,"comment_status":"closed","ping_status":"open","sticky":false,"template":"","format":"standard","meta":{"footnotes":""},"categories":[5,26],"tags":[],"class_list":["post-137701","post","type-post","status-publish","format-standard","has-post-thumbnail","category-cronaca","category-prima-pagina"],"yoast_head":"<!-- This site is optimized with the Yoast SEO plugin v28.4 - https:\/\/yoast.com\/product\/yoast-seo-wordpress\/ -->\n<title>Cammino delle Dolomiti: la Provincia chiede ai Comuni di adottare un segmento del tracciato - Bellunopress - Dolomiti<\/title>\n<meta name=\"robots\" content=\"index, follow, max-snippet:-1, max-image-preview:large, max-video-preview:-1\" \/>\n<link rel=\"canonical\" href=\"https:\/\/www.bellunopress.it\/fr\/2022\/11\/15\/cammino-delle-dolomiti-la-provincia-chiede-ai-comuni-di-adottare-un-segmento-del-tracciato\/\" \/>\n<meta property=\"og:locale\" content=\"fr_FR\" \/>\n<meta property=\"og:type\" content=\"article\" \/>\n<meta property=\"og:title\" content=\"Cammino delle Dolomiti: la Provincia chiede ai Comuni di adottare un segmento del tracciato - Bellunopress - Dolomiti\" \/>\n<meta property=\"og:description\" content=\"Deola: \u00abGrande occasione di sviluppo del turismo lento. Obiettivo entrare nella Rete dei Cammini veneti\u00bb \u00c8 stato avviato nelle ultime settimane il percorso con la Regione Veneto per giungere al riconoscimento regionale del Cammino delle Dolomiti, itinerario ad anello ideato dalla Diocesi a seguito del Sinodo 2005 e promosso dalla Provincia di Belluno. Il riconoscimento [&hellip;]\" \/>\n<meta property=\"og:url\" content=\"https:\/\/www.bellunopress.it\/fr\/2022\/11\/15\/cammino-delle-dolomiti-la-provincia-chiede-ai-comuni-di-adottare-un-segmento-del-tracciato\/\" \/>\n<meta property=\"og:site_name\" content=\"Bellunopress - Dolomiti\" \/>\n<meta property=\"article:publisher\" content=\"https:\/\/www.facebook.com\/profile.php?id=100008943462799\" \/>\n<meta property=\"article:published_time\" content=\"2022-11-15T12:34:34+00:00\" \/>\n<meta property=\"og:image\" content=\"https:\/\/www.bellunopress.it\/wp-content\/uploads\/2020\/05\/simone-deola_edited.jpg\" \/>\n\t<meta property=\"og:image:width\" content=\"564\" \/>\n\t<meta property=\"og:image:height\" content=\"659\" \/>\n\t<meta property=\"og:image:type\" content=\"image\/jpeg\" \/>\n<meta name=\"author\" content=\"redazione\" \/>\n<meta name=\"twitter:card\" content=\"summary_large_image\" \/>\n<meta name=\"twitter:creator\" content=\"@bellunopress\" \/>\n<meta name=\"twitter:site\" content=\"@bellunopress\" \/>\n<meta name=\"twitter:label1\" content=\"\u00c9crit par\" \/>\n\t<meta name=\"twitter:data1\" content=\"redazione\" \/>\n\t<meta name=\"twitter:label2\" content=\"Dur\u00e9e de lecture estim\u00e9e\" \/>\n\t<meta name=\"twitter:data2\" content=\"3 minutes\" \/>\n<script type=\"application\/ld+json\" class=\"yoast-schema-graph\">{\"@context\":\"https:\\\/\\\/schema.org\",\"@graph\":[{\"@type\":\"Article\",\"@id\":\"https:\\\/\\\/www.bellunopress.it\\\/2022\\\/11\\\/15\\\/cammino-delle-dolomiti-la-provincia-chiede-ai-comuni-di-adottare-un-segmento-del-tracciato\\\/#article\",\"isPartOf\":{\"@id\":\"https:\\\/\\\/www.bellunopress.it\\\/2022\\\/11\\\/15\\\/cammino-delle-dolomiti-la-provincia-chiede-ai-comuni-di-adottare-un-segmento-del-tracciato\\\/\"},\"author\":{\"name\":\"redazione\",\"@id\":\"https:\\\/\\\/www.bellunopress.it\\\/#\\\/schema\\\/person\\\/79bb06722b37ece1c03d3e94beb30d73\"},\"headline\":\"Cammino delle Dolomiti: la Provincia chiede ai Comuni di adottare un segmento del tracciato\",\"datePublished\":\"2022-11-15T12:34:34+00:00\",\"mainEntityOfPage\":{\"@id\":\"https:\\\/\\\/www.bellunopress.it\\\/2022\\\/11\\\/15\\\/cammino-delle-dolomiti-la-provincia-chiede-ai-comuni-di-adottare-un-segmento-del-tracciato\\\/\"},\"wordCount\":523,\"publisher\":{\"@id\":\"https:\\\/\\\/www.bellunopress.it\\\/#organization\"},\"image\":{\"@id\":\"https:\\\/\\\/www.bellunopress.it\\\/2022\\\/11\\\/15\\\/cammino-delle-dolomiti-la-provincia-chiede-ai-comuni-di-adottare-un-segmento-del-tracciato\\\/#primaryimage\"},\"thumbnailUrl\":\"https:\\\/\\\/www.bellunopress.it\\\/wp-content\\\/uploads\\\/2020\\\/05\\\/simone-deola_edited.jpg\",\"articleSection\":[\"Cronaca\\\/Politica\",\"Prima Pagina\"],\"inLanguage\":\"fr-FR\"},{\"@type\":\"WebPage\",\"@id\":\"https:\\\/\\\/www.bellunopress.it\\\/2022\\\/11\\\/15\\\/cammino-delle-dolomiti-la-provincia-chiede-ai-comuni-di-adottare-un-segmento-del-tracciato\\\/\",\"url\":\"https:\\\/\\\/www.bellunopress.it\\\/2022\\\/11\\\/15\\\/cammino-delle-dolomiti-la-provincia-chiede-ai-comuni-di-adottare-un-segmento-del-tracciato\\\/\",\"name\":\"Cammino delle Dolomiti: la Provincia chiede ai Comuni di adottare un segmento del tracciato - Bellunopress - Dolomiti\",\"isPartOf\":{\"@id\":\"https:\\\/\\\/www.bellunopress.it\\\/#website\"},\"primaryImageOfPage\":{\"@id\":\"https:\\\/\\\/www.bellunopress.it\\\/2022\\\/11\\\/15\\\/cammino-delle-dolomiti-la-provincia-chiede-ai-comuni-di-adottare-un-segmento-del-tracciato\\\/#primaryimage\"},\"image\":{\"@id\":\"https:\\\/\\\/www.bellunopress.it\\\/2022\\\/11\\\/15\\\/cammino-delle-dolomiti-la-provincia-chiede-ai-comuni-di-adottare-un-segmento-del-tracciato\\\/#primaryimage\"},\"thumbnailUrl\":\"https:\\\/\\\/www.bellunopress.it\\\/wp-content\\\/uploads\\\/2020\\\/05\\\/simone-deola_edited.jpg\",\"datePublished\":\"2022-11-15T12:34:34+00:00\",\"breadcrumb\":{\"@id\":\"https:\\\/\\\/www.bellunopress.it\\\/2022\\\/11\\\/15\\\/cammino-delle-dolomiti-la-provincia-chiede-ai-comuni-di-adottare-un-segmento-del-tracciato\\\/#breadcrumb\"},\"inLanguage\":\"fr-FR\",\"potentialAction\":[{\"@type\":\"ReadAction\",\"target\":[\"https:\\\/\\\/www.bellunopress.it\\\/2022\\\/11\\\/15\\\/cammino-delle-dolomiti-la-provincia-chiede-ai-comuni-di-adottare-un-segmento-del-tracciato\\\/\"]}]},{\"@type\":\"ImageObject\",\"inLanguage\":\"fr-FR\",\"@id\":\"https:\\\/\\\/www.bellunopress.it\\\/2022\\\/11\\\/15\\\/cammino-delle-dolomiti-la-provincia-chiede-ai-comuni-di-adottare-un-segmento-del-tracciato\\\/#primaryimage\",\"url\":\"https:\\\/\\\/www.bellunopress.it\\\/wp-content\\\/uploads\\\/2020\\\/05\\\/simone-deola_edited.jpg\",\"contentUrl\":\"https:\\\/\\\/www.bellunopress.it\\\/wp-content\\\/uploads\\\/2020\\\/05\\\/simone-deola_edited.jpg\",\"width\":564,\"height\":659,\"caption\":\"Simone Deola - Assessore\"},{\"@type\":\"BreadcrumbList\",\"@id\":\"https:\\\/\\\/www.bellunopress.it\\\/2022\\\/11\\\/15\\\/cammino-delle-dolomiti-la-provincia-chiede-ai-comuni-di-adottare-un-segmento-del-tracciato\\\/#breadcrumb\",\"itemListElement\":[{\"@type\":\"ListItem\",\"position\":1,\"name\":\"Home\",\"item\":\"https:\\\/\\\/www.bellunopress.it\\\/\"},{\"@type\":\"ListItem\",\"position\":2,\"name\":\"Cammino delle Dolomiti: la Provincia chiede ai Comuni di adottare un segmento del tracciato\"}]},{\"@type\":\"WebSite\",\"@id\":\"https:\\\/\\\/www.bellunopress.it\\\/#website\",\"url\":\"https:\\\/\\\/www.bellunopress.it\\\/\",\"name\":\"Bellunopress - Dolomiti\",\"description\":\"e-mail: redazione@bellunopress.it\",\"publisher\":{\"@id\":\"https:\\\/\\\/www.bellunopress.it\\\/#organization\"},\"potentialAction\":[{\"@type\":\"SearchAction\",\"target\":{\"@type\":\"EntryPoint\",\"urlTemplate\":\"https:\\\/\\\/www.bellunopress.it\\\/?s={search_term_string}\"},\"query-input\":{\"@type\":\"PropertyValueSpecification\",\"valueRequired\":true,\"valueName\":\"search_term_string\"}}],\"inLanguage\":\"fr-FR\"},{\"@type\":\"Organization\",\"@id\":\"https:\\\/\\\/www.bellunopress.it\\\/#organization\",\"name\":\"Bellunopress\",\"url\":\"https:\\\/\\\/www.bellunopress.it\\\/\",\"logo\":{\"@type\":\"ImageObject\",\"inLanguage\":\"fr-FR\",\"@id\":\"https:\\\/\\\/www.bellunopress.it\\\/#\\\/schema\\\/logo\\\/image\\\/\",\"url\":\"https:\\\/\\\/www.bellunopress.it\\\/wp-content\\\/uploads\\\/2011\\\/05\\\/cropped-logo-bellunopress-.jpg\",\"contentUrl\":\"https:\\\/\\\/www.bellunopress.it\\\/wp-content\\\/uploads\\\/2011\\\/05\\\/cropped-logo-bellunopress-.jpg\",\"width\":512,\"height\":512,\"caption\":\"Bellunopress\"},\"image\":{\"@id\":\"https:\\\/\\\/www.bellunopress.it\\\/#\\\/schema\\\/logo\\\/image\\\/\"},\"sameAs\":[\"https:\\\/\\\/www.facebook.com\\\/profile.php?id=100008943462799\",\"https:\\\/\\\/x.com\\\/bellunopress\",\"https:\\\/\\\/www.linkedin.com\\\/hp\\\/?dnr=JBzUWaJfMUw8vbXJJ2tVW5-I3jZKvC4wsoxE&amp;amp;amp;amp;amp;amp;trk=nav_responsive_tab_home\",\"https:\\\/\\\/www.youtube.com\\\/channel\\\/UCxL0wu1uN0_3_7hGG0306cw\"]},{\"@type\":\"Person\",\"@id\":\"https:\\\/\\\/www.bellunopress.it\\\/#\\\/schema\\\/person\\\/79bb06722b37ece1c03d3e94beb30d73\",\"name\":\"redazione\",\"image\":{\"@type\":\"ImageObject\",\"inLanguage\":\"fr-FR\",\"@id\":\"https:\\\/\\\/secure.gravatar.com\\\/avatar\\\/37d968a2e67a6fd04c169c4bdef102d0bc5d31b2546345219e348575eb80e9a0?s=96&d=mm&r=g\",\"url\":\"https:\\\/\\\/secure.gravatar.com\\\/avatar\\\/37d968a2e67a6fd04c169c4bdef102d0bc5d31b2546345219e348575eb80e9a0?s=96&d=mm&r=g\",\"contentUrl\":\"https:\\\/\\\/secure.gravatar.com\\\/avatar\\\/37d968a2e67a6fd04c169c4bdef102d0bc5d31b2546345219e348575eb80e9a0?s=96&d=mm&r=g\",\"caption\":\"redazione\"},\"sameAs\":[\"http:\\\/\\\/www.bellunopress.it\",\"https:\\\/\\\/x.com\\\/bellunopress\"],\"url\":\"https:\\\/\\\/www.bellunopress.it\\\/fr\\\/author\\\/redazione\\\/\"}]}<\/script>\n<!-- \/ Yoast SEO plugin. -->","yoast_head_json":{"title":"Cammino delle Dolomiti: la Provincia chiede ai Comuni di adottare un segmento del tracciato - Bellunopress - Dolomiti","robots":{"index":"index","follow":"follow","max-snippet":"max-snippet:-1","max-image-preview":"max-image-preview:large","max-video-preview":"max-video-preview:-1"},"canonical":"https:\/\/www.bellunopress.it\/fr\/2022\/11\/15\/cammino-delle-dolomiti-la-provincia-chiede-ai-comuni-di-adottare-un-segmento-del-tracciato\/","og_locale":"fr_FR","og_type":"article","og_title":"Cammino delle Dolomiti: la Provincia chiede ai Comuni di adottare un segmento del tracciato - Bellunopress - Dolomiti","og_description":"Deola: \u00abGrande occasione di sviluppo del turismo lento. Obiettivo entrare nella Rete dei Cammini veneti\u00bb \u00c8 stato avviato nelle ultime settimane il percorso con la Regione Veneto per giungere al riconoscimento regionale del Cammino delle Dolomiti, itinerario ad anello ideato dalla Diocesi a seguito del Sinodo 2005 e promosso dalla Provincia di Belluno. Il riconoscimento [&hellip;]","og_url":"https:\/\/www.bellunopress.it\/fr\/2022\/11\/15\/cammino-delle-dolomiti-la-provincia-chiede-ai-comuni-di-adottare-un-segmento-del-tracciato\/","og_site_name":"Bellunopress - Dolomiti","article_publisher":"https:\/\/www.facebook.com\/profile.php?id=100008943462799","article_published_time":"2022-11-15T12:34:34+00:00","og_image":[{"width":564,"height":659,"url":"https:\/\/www.bellunopress.it\/wp-content\/uploads\/2020\/05\/simone-deola_edited.jpg","type":"image\/jpeg"}],"author":"redazione","twitter_card":"summary_large_image","twitter_creator":"@bellunopress","twitter_site":"@bellunopress","twitter_misc":{"\u00c9crit par":"redazione","Dur\u00e9e de lecture estim\u00e9e":"3 minutes"},"schema":{"@context":"https:\/\/schema.org","@graph":[{"@type":"Article","@id":"https:\/\/www.bellunopress.it\/2022\/11\/15\/cammino-delle-dolomiti-la-provincia-chiede-ai-comuni-di-adottare-un-segmento-del-tracciato\/#article","isPartOf":{"@id":"https:\/\/www.bellunopress.it\/2022\/11\/15\/cammino-delle-dolomiti-la-provincia-chiede-ai-comuni-di-adottare-un-segmento-del-tracciato\/"},"author":{"name":"redazione","@id":"https:\/\/www.bellunopress.it\/#\/schema\/person\/79bb06722b37ece1c03d3e94beb30d73"},"headline":"Cammino delle Dolomiti: la Provincia chiede ai Comuni di adottare un segmento del tracciato","datePublished":"2022-11-15T12:34:34+00:00","mainEntityOfPage":{"@id":"https:\/\/www.bellunopress.it\/2022\/11\/15\/cammino-delle-dolomiti-la-provincia-chiede-ai-comuni-di-adottare-un-segmento-del-tracciato\/"},"wordCount":523,"publisher":{"@id":"https:\/\/www.bellunopress.it\/#organization"},"image":{"@id":"https:\/\/www.bellunopress.it\/2022\/11\/15\/cammino-delle-dolomiti-la-provincia-chiede-ai-comuni-di-adottare-un-segmento-del-tracciato\/#primaryimage"},"thumbnailUrl":"https:\/\/www.bellunopress.it\/wp-content\/uploads\/2020\/05\/simone-deola_edited.jpg","articleSection":["Cronaca\/Politica","Prima Pagina"],"inLanguage":"fr-FR"},{"@type":"WebPage","@id":"https:\/\/www.bellunopress.it\/2022\/11\/15\/cammino-delle-dolomiti-la-provincia-chiede-ai-comuni-di-adottare-un-segmento-del-tracciato\/","url":"https:\/\/www.bellunopress.it\/2022\/11\/15\/cammino-delle-dolomiti-la-provincia-chiede-ai-comuni-di-adottare-un-segmento-del-tracciato\/","name":"Cammino delle Dolomiti: la Provincia chiede ai Comuni di adottare un segmento del tracciato - Bellunopress - Dolomiti","isPartOf":{"@id":"https:\/\/www.bellunopress.it\/#website"},"primaryImageOfPage":{"@id":"https:\/\/www.bellunopress.it\/2022\/11\/15\/cammino-delle-dolomiti-la-provincia-chiede-ai-comuni-di-adottare-un-segmento-del-tracciato\/#primaryimage"},"image":{"@id":"https:\/\/www.bellunopress.it\/2022\/11\/15\/cammino-delle-dolomiti-la-provincia-chiede-ai-comuni-di-adottare-un-segmento-del-tracciato\/#primaryimage"},"thumbnailUrl":"https:\/\/www.bellunopress.it\/wp-content\/uploads\/2020\/05\/simone-deola_edited.jpg","datePublished":"2022-11-15T12:34:34+00:00","breadcrumb":{"@id":"https:\/\/www.bellunopress.it\/2022\/11\/15\/cammino-delle-dolomiti-la-provincia-chiede-ai-comuni-di-adottare-un-segmento-del-tracciato\/#breadcrumb"},"inLanguage":"fr-FR","potentialAction":[{"@type":"ReadAction","target":["https:\/\/www.bellunopress.it\/2022\/11\/15\/cammino-delle-dolomiti-la-provincia-chiede-ai-comuni-di-adottare-un-segmento-del-tracciato\/"]}]},{"@type":"ImageObject","inLanguage":"fr-FR","@id":"https:\/\/www.bellunopress.it\/2022\/11\/15\/cammino-delle-dolomiti-la-provincia-chiede-ai-comuni-di-adottare-un-segmento-del-tracciato\/#primaryimage","url":"https:\/\/www.bellunopress.it\/wp-content\/uploads\/2020\/05\/simone-deola_edited.jpg","contentUrl":"https:\/\/www.bellunopress.it\/wp-content\/uploads\/2020\/05\/simone-deola_edited.jpg","width":564,"height":659,"caption":"Simone Deola - Assessore"},{"@type":"BreadcrumbList","@id":"https:\/\/www.bellunopress.it\/2022\/11\/15\/cammino-delle-dolomiti-la-provincia-chiede-ai-comuni-di-adottare-un-segmento-del-tracciato\/#breadcrumb","itemListElement":[{"@type":"ListItem","position":1,"name":"Home","item":"https:\/\/www.bellunopress.it\/"},{"@type":"ListItem","position":2,"name":"Cammino delle Dolomiti: la Provincia chiede ai Comuni di adottare un segmento del tracciato"}]},{"@type":"WebSite","@id":"https:\/\/www.bellunopress.it\/#website","url":"https:\/\/www.bellunopress.it\/","name":"Bellunopress - Dolomiti","description":"e-mail: redazione@bellunopress.it","publisher":{"@id":"https:\/\/www.bellunopress.it\/#organization"},"potentialAction":[{"@type":"SearchAction","target":{"@type":"EntryPoint","urlTemplate":"https:\/\/www.bellunopress.it\/?s={search_term_string}"},"query-input":{"@type":"PropertyValueSpecification","valueRequired":true,"valueName":"search_term_string"}}],"inLanguage":"fr-FR"},{"@type":"Organization","@id":"https:\/\/www.bellunopress.it\/#organization","name":"Bellunopress","url":"https:\/\/www.bellunopress.it\/","logo":{"@type":"ImageObject","inLanguage":"fr-FR","@id":"https:\/\/www.bellunopress.it\/#\/schema\/logo\/image\/","url":"https:\/\/www.bellunopress.it\/wp-content\/uploads\/2011\/05\/cropped-logo-bellunopress-.jpg","contentUrl":"https:\/\/www.bellunopress.it\/wp-content\/uploads\/2011\/05\/cropped-logo-bellunopress-.jpg","width":512,"height":512,"caption":"Bellunopress"},"image":{"@id":"https:\/\/www.bellunopress.it\/#\/schema\/logo\/image\/"},"sameAs":["https:\/\/www.facebook.com\/profile.php?id=100008943462799","https:\/\/x.com\/bellunopress","https:\/\/www.linkedin.com\/hp\/?dnr=JBzUWaJfMUw8vbXJJ2tVW5-I3jZKvC4wsoxE&amp;amp;amp;amp;amp;amp;trk=nav_responsive_tab_home","https:\/\/www.youtube.com\/channel\/UCxL0wu1uN0_3_7hGG0306cw"]},{"@type":"Person","@id":"https:\/\/www.bellunopress.it\/#\/schema\/person\/79bb06722b37ece1c03d3e94beb30d73","name":"r\u00e9daction","image":{"@type":"ImageObject","inLanguage":"fr-FR","@id":"https:\/\/secure.gravatar.com\/avatar\/37d968a2e67a6fd04c169c4bdef102d0bc5d31b2546345219e348575eb80e9a0?s=96&d=mm&r=g","url":"https:\/\/secure.gravatar.com\/avatar\/37d968a2e67a6fd04c169c4bdef102d0bc5d31b2546345219e348575eb80e9a0?s=96&d=mm&r=g","contentUrl":"https:\/\/secure.gravatar.com\/avatar\/37d968a2e67a6fd04c169c4bdef102d0bc5d31b2546345219e348575eb80e9a0?s=96&d=mm&r=g","caption":"redazione"},"sameAs":["http:\/\/www.bellunopress.it","https:\/\/x.com\/bellunopress"],"url":"https:\/\/www.bellunopress.it\/fr\/author\/redazione\/"}]}},"_links":{"self":[{"href":"https:\/\/www.bellunopress.it\/fr\/wp-json\/wp\/v2\/posts\/137701","targetHints":{"allow":["GET"]}}],"collection":[{"href":"https:\/\/www.bellunopress.it\/fr\/wp-json\/wp\/v2\/posts"}],"about":[{"href":"https:\/\/www.bellunopress.it\/fr\/wp-json\/wp\/v2\/types\/post"}],"author":[{"embeddable":true,"href":"https:\/\/www.bellunopress.it\/fr\/wp-json\/wp\/v2\/users\/2"}],"replies":[{"embeddable":true,"href":"https:\/\/www.bellunopress.it\/fr\/wp-json\/wp\/v2\/comments?post=137701"}],"version-history":[{"count":1,"href":"https:\/\/www.bellunopress.it\/fr\/wp-json\/wp\/v2\/posts\/137701\/revisions"}],"predecessor-version":[{"id":137702,"href":"https:\/\/www.bellunopress.it\/fr\/wp-json\/wp\/v2\/posts\/137701\/revisions\/137702"}],"wp:featuredmedia":[{"embeddable":true,"href":"https:\/\/www.bellunopress.it\/fr\/wp-json\/wp\/v2\/media\/114439"}],"wp:attachment":[{"href":"https:\/\/www.bellunopress.it\/fr\/wp-json\/wp\/v2\/media?parent=137701"}],"wp:term":[{"taxonomy":"category","embeddable":true,"href":"https:\/\/www.bellunopress.it\/fr\/wp-json\/wp\/v2\/categories?post=137701"},{"taxonomy":"post_tag","embeddable":true,"href":"https:\/\/www.bellunopress.it\/fr\/wp-json\/wp\/v2\/tags?post=137701"}],"curies":[{"name":"wp","href":"https:\/\/api.w.org\/{rel}","templated":true}]}}