{"id":137699,"date":"2022-11-15T13:29:57","date_gmt":"2022-11-15T12:29:57","guid":{"rendered":"https:\/\/www.bellunopress.it\/?p=137699"},"modified":"2022-11-15T13:29:57","modified_gmt":"2022-11-15T12:29:57","slug":"modifica-allo-statuto-comunale-de-pellegrin-primo-passo-verso-la-sussidiarieta-verticale","status":"publish","type":"post","link":"https:\/\/www.bellunopress.it\/fr\/2022\/11\/15\/modifica-allo-statuto-comunale-de-pellegrin-primo-passo-verso-la-sussidiarieta-verticale\/","title":{"rendered":"Modifica allo Statuto comunale. De Pellegrin: &#8220;Primo passo verso la sussidiariet\u00e0 verticale&#8221;"},"content":{"rendered":"<figure id=\"attachment_135245\" aria-describedby=\"caption-attachment-135245\" style=\"width: 803px\" class=\"wp-caption alignleft\"><img loading=\"lazy\" decoding=\"async\" class=\"size-full wp-image-135245\" src=\"https:\/\/www.bellunopress.it\/wp-content\/uploads\/2022\/07\/Oscar-De-Pellegrin-sindaco-di-Belluno_edited.jpg\" alt=\"\" width=\"803\" height=\"1000\" srcset=\"https:\/\/www.bellunopress.it\/wp-content\/uploads\/2022\/07\/Oscar-De-Pellegrin-sindaco-di-Belluno_edited.jpg 803w, https:\/\/www.bellunopress.it\/wp-content\/uploads\/2022\/07\/Oscar-De-Pellegrin-sindaco-di-Belluno_edited-402x500.jpg 402w, https:\/\/www.bellunopress.it\/wp-content\/uploads\/2022\/07\/Oscar-De-Pellegrin-sindaco-di-Belluno_edited-696x867.jpg 696w, https:\/\/www.bellunopress.it\/wp-content\/uploads\/2022\/07\/Oscar-De-Pellegrin-sindaco-di-Belluno_edited-337x420.jpg 337w\" sizes=\"auto, (max-width: 803px) 100vw, 803px\" \/><figcaption id=\"caption-attachment-135245\" class=\"wp-caption-text\">Oscar De Pellegrin, sindaco di Belluno<\/figcaption><\/figure>\n<p>Belluno, 15 novembre 2022 &#8211; \u201cDa oggi si pu\u00f2, finalmente, rafforzare un percorso vero di incontro e di condivisione. Semplicemente perch\u00e9 adesso si pu\u00f2 fare, grazie alla modifica allo statuto comunale\u201d. Sono le parole del sindaco, Oscar De Pellegrin, per descrivere l\u2019approvazione avvenuta luned\u00ec in sede di Consiglio comunale delle modifiche agli articoli 1 e 60 dello Statuto comunale all\u2019interno del progetto di istituzione delle frazioni e di coinvolgimento, maggiore, dei territori nella vita della citt\u00e0.<\/p>\n<p>\u201cLa modifica allo statuto mette in mano ai cittadini il principio della sussidiariet\u00e0 verticale e attua i principi del decentramento amministrativo \u2013 spiega il sindaco -, tutto il resto del progetto verr\u00e0 costruito insieme, con il coinvolgimento delle commissioni e della conferenza dei capigruppo per il confronto su ogni singolo aspetto. Con luned\u00ec \u00e8 stato posto un punto fermo: vogliamo coinvolgere maggiormente le nostre comunit\u00e0 nella gestione del territorio e da qui lavorare insieme. Questo sar\u00e0 propedeutico all\u2019organizzazione della citt\u00e0 in frazioni ai fini della promozione e partecipazione in forme di sussidiariet\u00e0 verticale; l\u2019iter \u00e8 tutto da iniziare e prevedr\u00e0 il pieno coinvolgimento e la massima apertura verso tutti i consiglieri, compresi quelli di minoranza. Il dialogo all\u2019interno del Comune tra maggioranza e minoranza sar\u00e0 un primo esempio di confronto costruttivo tra le parti per realizzare un obiettivo comune, rappresentativo di tutte le esigenze del territorio\u201d.<\/p>\n<p>La volont\u00e0 di organizzare il territorio e di coinvolgere maggiormente i cittadini nella sua gestione e nella vita amministrativa \u00e8 stato, fin dagli inizi, uno degli obiettivi dell\u2019amministrazione De Pellegrin, presente gi\u00e0 nel programma elettorale con il quale il sindaco e le sue liste si sono candidati. \u201cQuesta amministrazione, in modo del tutto coerente rispetto al proprio programma elettorale \u2013 prosegue De Pellegrin -, intende agire attraverso una perimetrazione del territorio delle frazioni che costituisca un\u2019aggregazione ai fini della partecipazione attiva della popolazione alla soluzione delle problematiche del territorio. Si \u00e8 pertanto deciso di chiarire a livello statutario che la competenza di delimitare le frazioni \u00e8 del Consiglio comunale che, di conseguenza, assume anche le competenze per eventuali modifiche. Non vi \u00e8 dunque alcuna contraddizione\u201d.<\/p>\n<p>\u201cIn secondo luogo, si \u00e8 deciso di assegnare in modo chiaro alla competenza del Consiglio comunale la disciplina delle procedure per l\u2019individuazione dei rappresentanti delle frazioni, la durata della rappresentanza, le competenze e le modalit\u00e0 di rapporto con il Comune. Spetter\u00e0 dunque, infine, al Consiglio comunale decidere se, come e in che modo attribuire rappresentanza alle citate aggregazioni\u201d.<\/p>","protected":false},"excerpt":{"rendered":"<p>Belluno, 15 novembre 2022 &#8211; \u201cDa oggi si pu\u00f2, finalmente, rafforzare un percorso vero di incontro e di condivisione. Semplicemente perch\u00e9 adesso si pu\u00f2 fare, grazie alla modifica allo statuto comunale\u201d. Sono le parole del sindaco, Oscar De Pellegrin, per descrivere l\u2019approvazione avvenuta luned\u00ec in sede di Consiglio comunale delle modifiche agli articoli 1 e [&hellip;]<\/p>\n","protected":false},"author":2,"featured_media":135245,"comment_status":"closed","ping_status":"open","sticky":false,"template":"","format":"standard","meta":{"footnotes":""},"categories":[5,26],"tags":[],"class_list":["post-137699","post","type-post","status-publish","format-standard","has-post-thumbnail","category-cronaca","category-prima-pagina"],"yoast_head":"<!-- This site is optimized with the Yoast SEO plugin v28.4 - https:\/\/yoast.com\/product\/yoast-seo-wordpress\/ -->\n<title>Modifica allo Statuto comunale. De Pellegrin: &quot;Primo passo verso la sussidiariet\u00e0 verticale&quot; - Bellunopress - Dolomiti<\/title>\n<meta name=\"robots\" content=\"index, follow, max-snippet:-1, max-image-preview:large, max-video-preview:-1\" \/>\n<link rel=\"canonical\" href=\"https:\/\/www.bellunopress.it\/fr\/2022\/11\/15\/modifica-allo-statuto-comunale-de-pellegrin-primo-passo-verso-la-sussidiarieta-verticale\/\" \/>\n<meta property=\"og:locale\" content=\"fr_FR\" \/>\n<meta property=\"og:type\" content=\"article\" \/>\n<meta property=\"og:title\" content=\"Modifica allo Statuto comunale. De Pellegrin: &quot;Primo passo verso la sussidiariet\u00e0 verticale&quot; - Bellunopress - Dolomiti\" \/>\n<meta property=\"og:description\" content=\"Belluno, 15 novembre 2022 &#8211; \u201cDa oggi si pu\u00f2, finalmente, rafforzare un percorso vero di incontro e di condivisione. Semplicemente perch\u00e9 adesso si pu\u00f2 fare, grazie alla modifica allo statuto comunale\u201d. Sono le parole del sindaco, Oscar De Pellegrin, per descrivere l\u2019approvazione avvenuta luned\u00ec in sede di Consiglio comunale delle modifiche agli articoli 1 e [&hellip;]\" \/>\n<meta property=\"og:url\" content=\"https:\/\/www.bellunopress.it\/fr\/2022\/11\/15\/modifica-allo-statuto-comunale-de-pellegrin-primo-passo-verso-la-sussidiarieta-verticale\/\" \/>\n<meta property=\"og:site_name\" content=\"Bellunopress - Dolomiti\" \/>\n<meta property=\"article:publisher\" content=\"https:\/\/www.facebook.com\/profile.php?id=100008943462799\" \/>\n<meta property=\"article:published_time\" content=\"2022-11-15T12:29:57+00:00\" \/>\n<meta property=\"og:image\" content=\"https:\/\/www.bellunopress.it\/wp-content\/uploads\/2022\/07\/Oscar-De-Pellegrin-sindaco-di-Belluno_edited.jpg\" \/>\n\t<meta property=\"og:image:width\" content=\"803\" \/>\n\t<meta property=\"og:image:height\" content=\"1000\" \/>\n\t<meta property=\"og:image:type\" content=\"image\/jpeg\" \/>\n<meta name=\"author\" content=\"redazione\" \/>\n<meta name=\"twitter:card\" content=\"summary_large_image\" \/>\n<meta name=\"twitter:creator\" content=\"@bellunopress\" \/>\n<meta name=\"twitter:site\" content=\"@bellunopress\" \/>\n<meta name=\"twitter:label1\" content=\"\u00c9crit par\" \/>\n\t<meta name=\"twitter:data1\" content=\"redazione\" \/>\n\t<meta name=\"twitter:label2\" content=\"Dur\u00e9e de lecture estim\u00e9e\" \/>\n\t<meta name=\"twitter:data2\" content=\"3 minutes\" \/>\n<script type=\"application\/ld+json\" class=\"yoast-schema-graph\">{\"@context\":\"https:\\\/\\\/schema.org\",\"@graph\":[{\"@type\":\"Article\",\"@id\":\"https:\\\/\\\/www.bellunopress.it\\\/2022\\\/11\\\/15\\\/modifica-allo-statuto-comunale-de-pellegrin-primo-passo-verso-la-sussidiarieta-verticale\\\/#article\",\"isPartOf\":{\"@id\":\"https:\\\/\\\/www.bellunopress.it\\\/2022\\\/11\\\/15\\\/modifica-allo-statuto-comunale-de-pellegrin-primo-passo-verso-la-sussidiarieta-verticale\\\/\"},\"author\":{\"name\":\"redazione\",\"@id\":\"https:\\\/\\\/www.bellunopress.it\\\/#\\\/schema\\\/person\\\/79bb06722b37ece1c03d3e94beb30d73\"},\"headline\":\"Modifica allo Statuto comunale. De Pellegrin: &#8220;Primo passo verso la sussidiariet\u00e0 verticale&#8221;\",\"datePublished\":\"2022-11-15T12:29:57+00:00\",\"mainEntityOfPage\":{\"@id\":\"https:\\\/\\\/www.bellunopress.it\\\/2022\\\/11\\\/15\\\/modifica-allo-statuto-comunale-de-pellegrin-primo-passo-verso-la-sussidiarieta-verticale\\\/\"},\"wordCount\":425,\"publisher\":{\"@id\":\"https:\\\/\\\/www.bellunopress.it\\\/#organization\"},\"image\":{\"@id\":\"https:\\\/\\\/www.bellunopress.it\\\/2022\\\/11\\\/15\\\/modifica-allo-statuto-comunale-de-pellegrin-primo-passo-verso-la-sussidiarieta-verticale\\\/#primaryimage\"},\"thumbnailUrl\":\"https:\\\/\\\/www.bellunopress.it\\\/wp-content\\\/uploads\\\/2022\\\/07\\\/Oscar-De-Pellegrin-sindaco-di-Belluno_edited.jpg\",\"articleSection\":[\"Cronaca\\\/Politica\",\"Prima Pagina\"],\"inLanguage\":\"fr-FR\"},{\"@type\":\"WebPage\",\"@id\":\"https:\\\/\\\/www.bellunopress.it\\\/2022\\\/11\\\/15\\\/modifica-allo-statuto-comunale-de-pellegrin-primo-passo-verso-la-sussidiarieta-verticale\\\/\",\"url\":\"https:\\\/\\\/www.bellunopress.it\\\/2022\\\/11\\\/15\\\/modifica-allo-statuto-comunale-de-pellegrin-primo-passo-verso-la-sussidiarieta-verticale\\\/\",\"name\":\"Modifica allo Statuto comunale. De Pellegrin: \\\"Primo passo verso la sussidiariet\u00e0 verticale\\\" - Bellunopress - Dolomiti\",\"isPartOf\":{\"@id\":\"https:\\\/\\\/www.bellunopress.it\\\/#website\"},\"primaryImageOfPage\":{\"@id\":\"https:\\\/\\\/www.bellunopress.it\\\/2022\\\/11\\\/15\\\/modifica-allo-statuto-comunale-de-pellegrin-primo-passo-verso-la-sussidiarieta-verticale\\\/#primaryimage\"},\"image\":{\"@id\":\"https:\\\/\\\/www.bellunopress.it\\\/2022\\\/11\\\/15\\\/modifica-allo-statuto-comunale-de-pellegrin-primo-passo-verso-la-sussidiarieta-verticale\\\/#primaryimage\"},\"thumbnailUrl\":\"https:\\\/\\\/www.bellunopress.it\\\/wp-content\\\/uploads\\\/2022\\\/07\\\/Oscar-De-Pellegrin-sindaco-di-Belluno_edited.jpg\",\"datePublished\":\"2022-11-15T12:29:57+00:00\",\"breadcrumb\":{\"@id\":\"https:\\\/\\\/www.bellunopress.it\\\/2022\\\/11\\\/15\\\/modifica-allo-statuto-comunale-de-pellegrin-primo-passo-verso-la-sussidiarieta-verticale\\\/#breadcrumb\"},\"inLanguage\":\"fr-FR\",\"potentialAction\":[{\"@type\":\"ReadAction\",\"target\":[\"https:\\\/\\\/www.bellunopress.it\\\/2022\\\/11\\\/15\\\/modifica-allo-statuto-comunale-de-pellegrin-primo-passo-verso-la-sussidiarieta-verticale\\\/\"]}]},{\"@type\":\"ImageObject\",\"inLanguage\":\"fr-FR\",\"@id\":\"https:\\\/\\\/www.bellunopress.it\\\/2022\\\/11\\\/15\\\/modifica-allo-statuto-comunale-de-pellegrin-primo-passo-verso-la-sussidiarieta-verticale\\\/#primaryimage\",\"url\":\"https:\\\/\\\/www.bellunopress.it\\\/wp-content\\\/uploads\\\/2022\\\/07\\\/Oscar-De-Pellegrin-sindaco-di-Belluno_edited.jpg\",\"contentUrl\":\"https:\\\/\\\/www.bellunopress.it\\\/wp-content\\\/uploads\\\/2022\\\/07\\\/Oscar-De-Pellegrin-sindaco-di-Belluno_edited.jpg\",\"width\":803,\"height\":1000,\"caption\":\"Oscar De Pellegrin, sindaco di Belluno\"},{\"@type\":\"BreadcrumbList\",\"@id\":\"https:\\\/\\\/www.bellunopress.it\\\/2022\\\/11\\\/15\\\/modifica-allo-statuto-comunale-de-pellegrin-primo-passo-verso-la-sussidiarieta-verticale\\\/#breadcrumb\",\"itemListElement\":[{\"@type\":\"ListItem\",\"position\":1,\"name\":\"Home\",\"item\":\"https:\\\/\\\/www.bellunopress.it\\\/\"},{\"@type\":\"ListItem\",\"position\":2,\"name\":\"Modifica allo Statuto comunale. De Pellegrin: &#8220;Primo passo verso la sussidiariet\u00e0 verticale&#8221;\"}]},{\"@type\":\"WebSite\",\"@id\":\"https:\\\/\\\/www.bellunopress.it\\\/#website\",\"url\":\"https:\\\/\\\/www.bellunopress.it\\\/\",\"name\":\"Bellunopress - Dolomiti\",\"description\":\"e-mail: redazione@bellunopress.it\",\"publisher\":{\"@id\":\"https:\\\/\\\/www.bellunopress.it\\\/#organization\"},\"potentialAction\":[{\"@type\":\"SearchAction\",\"target\":{\"@type\":\"EntryPoint\",\"urlTemplate\":\"https:\\\/\\\/www.bellunopress.it\\\/?s={search_term_string}\"},\"query-input\":{\"@type\":\"PropertyValueSpecification\",\"valueRequired\":true,\"valueName\":\"search_term_string\"}}],\"inLanguage\":\"fr-FR\"},{\"@type\":\"Organization\",\"@id\":\"https:\\\/\\\/www.bellunopress.it\\\/#organization\",\"name\":\"Bellunopress\",\"url\":\"https:\\\/\\\/www.bellunopress.it\\\/\",\"logo\":{\"@type\":\"ImageObject\",\"inLanguage\":\"fr-FR\",\"@id\":\"https:\\\/\\\/www.bellunopress.it\\\/#\\\/schema\\\/logo\\\/image\\\/\",\"url\":\"https:\\\/\\\/www.bellunopress.it\\\/wp-content\\\/uploads\\\/2011\\\/05\\\/cropped-logo-bellunopress-.jpg\",\"contentUrl\":\"https:\\\/\\\/www.bellunopress.it\\\/wp-content\\\/uploads\\\/2011\\\/05\\\/cropped-logo-bellunopress-.jpg\",\"width\":512,\"height\":512,\"caption\":\"Bellunopress\"},\"image\":{\"@id\":\"https:\\\/\\\/www.bellunopress.it\\\/#\\\/schema\\\/logo\\\/image\\\/\"},\"sameAs\":[\"https:\\\/\\\/www.facebook.com\\\/profile.php?id=100008943462799\",\"https:\\\/\\\/x.com\\\/bellunopress\",\"https:\\\/\\\/www.linkedin.com\\\/hp\\\/?dnr=JBzUWaJfMUw8vbXJJ2tVW5-I3jZKvC4wsoxE&amp;amp;amp;amp;amp;amp;trk=nav_responsive_tab_home\",\"https:\\\/\\\/www.youtube.com\\\/channel\\\/UCxL0wu1uN0_3_7hGG0306cw\"]},{\"@type\":\"Person\",\"@id\":\"https:\\\/\\\/www.bellunopress.it\\\/#\\\/schema\\\/person\\\/79bb06722b37ece1c03d3e94beb30d73\",\"name\":\"redazione\",\"image\":{\"@type\":\"ImageObject\",\"inLanguage\":\"fr-FR\",\"@id\":\"https:\\\/\\\/secure.gravatar.com\\\/avatar\\\/37d968a2e67a6fd04c169c4bdef102d0bc5d31b2546345219e348575eb80e9a0?s=96&d=mm&r=g\",\"url\":\"https:\\\/\\\/secure.gravatar.com\\\/avatar\\\/37d968a2e67a6fd04c169c4bdef102d0bc5d31b2546345219e348575eb80e9a0?s=96&d=mm&r=g\",\"contentUrl\":\"https:\\\/\\\/secure.gravatar.com\\\/avatar\\\/37d968a2e67a6fd04c169c4bdef102d0bc5d31b2546345219e348575eb80e9a0?s=96&d=mm&r=g\",\"caption\":\"redazione\"},\"sameAs\":[\"http:\\\/\\\/www.bellunopress.it\",\"https:\\\/\\\/x.com\\\/bellunopress\"],\"url\":\"https:\\\/\\\/www.bellunopress.it\\\/fr\\\/author\\\/redazione\\\/\"}]}<\/script>\n<!-- \/ Yoast SEO plugin. -->","yoast_head_json":{"title":"Modifica allo Statuto comunale. De Pellegrin: \"Primo passo verso la sussidiariet\u00e0 verticale\" - Bellunopress - Dolomiti","robots":{"index":"index","follow":"follow","max-snippet":"max-snippet:-1","max-image-preview":"max-image-preview:large","max-video-preview":"max-video-preview:-1"},"canonical":"https:\/\/www.bellunopress.it\/fr\/2022\/11\/15\/modifica-allo-statuto-comunale-de-pellegrin-primo-passo-verso-la-sussidiarieta-verticale\/","og_locale":"fr_FR","og_type":"article","og_title":"Modifica allo Statuto comunale. De Pellegrin: \"Primo passo verso la sussidiariet\u00e0 verticale\" - Bellunopress - Dolomiti","og_description":"Belluno, 15 novembre 2022 &#8211; \u201cDa oggi si pu\u00f2, finalmente, rafforzare un percorso vero di incontro e di condivisione. Semplicemente perch\u00e9 adesso si pu\u00f2 fare, grazie alla modifica allo statuto comunale\u201d. Sono le parole del sindaco, Oscar De Pellegrin, per descrivere l\u2019approvazione avvenuta luned\u00ec in sede di Consiglio comunale delle modifiche agli articoli 1 e [&hellip;]","og_url":"https:\/\/www.bellunopress.it\/fr\/2022\/11\/15\/modifica-allo-statuto-comunale-de-pellegrin-primo-passo-verso-la-sussidiarieta-verticale\/","og_site_name":"Bellunopress - Dolomiti","article_publisher":"https:\/\/www.facebook.com\/profile.php?id=100008943462799","article_published_time":"2022-11-15T12:29:57+00:00","og_image":[{"width":803,"height":1000,"url":"https:\/\/www.bellunopress.it\/wp-content\/uploads\/2022\/07\/Oscar-De-Pellegrin-sindaco-di-Belluno_edited.jpg","type":"image\/jpeg"}],"author":"redazione","twitter_card":"summary_large_image","twitter_creator":"@bellunopress","twitter_site":"@bellunopress","twitter_misc":{"\u00c9crit par":"redazione","Dur\u00e9e de lecture estim\u00e9e":"3 minutes"},"schema":{"@context":"https:\/\/schema.org","@graph":[{"@type":"Article","@id":"https:\/\/www.bellunopress.it\/2022\/11\/15\/modifica-allo-statuto-comunale-de-pellegrin-primo-passo-verso-la-sussidiarieta-verticale\/#article","isPartOf":{"@id":"https:\/\/www.bellunopress.it\/2022\/11\/15\/modifica-allo-statuto-comunale-de-pellegrin-primo-passo-verso-la-sussidiarieta-verticale\/"},"author":{"name":"redazione","@id":"https:\/\/www.bellunopress.it\/#\/schema\/person\/79bb06722b37ece1c03d3e94beb30d73"},"headline":"Modifica allo Statuto comunale. De Pellegrin: &#8220;Primo passo verso la sussidiariet\u00e0 verticale&#8221;","datePublished":"2022-11-15T12:29:57+00:00","mainEntityOfPage":{"@id":"https:\/\/www.bellunopress.it\/2022\/11\/15\/modifica-allo-statuto-comunale-de-pellegrin-primo-passo-verso-la-sussidiarieta-verticale\/"},"wordCount":425,"publisher":{"@id":"https:\/\/www.bellunopress.it\/#organization"},"image":{"@id":"https:\/\/www.bellunopress.it\/2022\/11\/15\/modifica-allo-statuto-comunale-de-pellegrin-primo-passo-verso-la-sussidiarieta-verticale\/#primaryimage"},"thumbnailUrl":"https:\/\/www.bellunopress.it\/wp-content\/uploads\/2022\/07\/Oscar-De-Pellegrin-sindaco-di-Belluno_edited.jpg","articleSection":["Cronaca\/Politica","Prima Pagina"],"inLanguage":"fr-FR"},{"@type":"WebPage","@id":"https:\/\/www.bellunopress.it\/2022\/11\/15\/modifica-allo-statuto-comunale-de-pellegrin-primo-passo-verso-la-sussidiarieta-verticale\/","url":"https:\/\/www.bellunopress.it\/2022\/11\/15\/modifica-allo-statuto-comunale-de-pellegrin-primo-passo-verso-la-sussidiarieta-verticale\/","name":"Modifica allo Statuto comunale. De Pellegrin: \"Primo passo verso la sussidiariet\u00e0 verticale\" - Bellunopress - Dolomiti","isPartOf":{"@id":"https:\/\/www.bellunopress.it\/#website"},"primaryImageOfPage":{"@id":"https:\/\/www.bellunopress.it\/2022\/11\/15\/modifica-allo-statuto-comunale-de-pellegrin-primo-passo-verso-la-sussidiarieta-verticale\/#primaryimage"},"image":{"@id":"https:\/\/www.bellunopress.it\/2022\/11\/15\/modifica-allo-statuto-comunale-de-pellegrin-primo-passo-verso-la-sussidiarieta-verticale\/#primaryimage"},"thumbnailUrl":"https:\/\/www.bellunopress.it\/wp-content\/uploads\/2022\/07\/Oscar-De-Pellegrin-sindaco-di-Belluno_edited.jpg","datePublished":"2022-11-15T12:29:57+00:00","breadcrumb":{"@id":"https:\/\/www.bellunopress.it\/2022\/11\/15\/modifica-allo-statuto-comunale-de-pellegrin-primo-passo-verso-la-sussidiarieta-verticale\/#breadcrumb"},"inLanguage":"fr-FR","potentialAction":[{"@type":"ReadAction","target":["https:\/\/www.bellunopress.it\/2022\/11\/15\/modifica-allo-statuto-comunale-de-pellegrin-primo-passo-verso-la-sussidiarieta-verticale\/"]}]},{"@type":"ImageObject","inLanguage":"fr-FR","@id":"https:\/\/www.bellunopress.it\/2022\/11\/15\/modifica-allo-statuto-comunale-de-pellegrin-primo-passo-verso-la-sussidiarieta-verticale\/#primaryimage","url":"https:\/\/www.bellunopress.it\/wp-content\/uploads\/2022\/07\/Oscar-De-Pellegrin-sindaco-di-Belluno_edited.jpg","contentUrl":"https:\/\/www.bellunopress.it\/wp-content\/uploads\/2022\/07\/Oscar-De-Pellegrin-sindaco-di-Belluno_edited.jpg","width":803,"height":1000,"caption":"Oscar De Pellegrin, sindaco di Belluno"},{"@type":"BreadcrumbList","@id":"https:\/\/www.bellunopress.it\/2022\/11\/15\/modifica-allo-statuto-comunale-de-pellegrin-primo-passo-verso-la-sussidiarieta-verticale\/#breadcrumb","itemListElement":[{"@type":"ListItem","position":1,"name":"Home","item":"https:\/\/www.bellunopress.it\/"},{"@type":"ListItem","position":2,"name":"Modifica allo Statuto comunale. De Pellegrin: &#8220;Primo passo verso la sussidiariet\u00e0 verticale&#8221;"}]},{"@type":"WebSite","@id":"https:\/\/www.bellunopress.it\/#website","url":"https:\/\/www.bellunopress.it\/","name":"Bellunopress - Dolomiti","description":"e-mail: redazione@bellunopress.it","publisher":{"@id":"https:\/\/www.bellunopress.it\/#organization"},"potentialAction":[{"@type":"SearchAction","target":{"@type":"EntryPoint","urlTemplate":"https:\/\/www.bellunopress.it\/?s={search_term_string}"},"query-input":{"@type":"PropertyValueSpecification","valueRequired":true,"valueName":"search_term_string"}}],"inLanguage":"fr-FR"},{"@type":"Organization","@id":"https:\/\/www.bellunopress.it\/#organization","name":"Bellunopress","url":"https:\/\/www.bellunopress.it\/","logo":{"@type":"ImageObject","inLanguage":"fr-FR","@id":"https:\/\/www.bellunopress.it\/#\/schema\/logo\/image\/","url":"https:\/\/www.bellunopress.it\/wp-content\/uploads\/2011\/05\/cropped-logo-bellunopress-.jpg","contentUrl":"https:\/\/www.bellunopress.it\/wp-content\/uploads\/2011\/05\/cropped-logo-bellunopress-.jpg","width":512,"height":512,"caption":"Bellunopress"},"image":{"@id":"https:\/\/www.bellunopress.it\/#\/schema\/logo\/image\/"},"sameAs":["https:\/\/www.facebook.com\/profile.php?id=100008943462799","https:\/\/x.com\/bellunopress","https:\/\/www.linkedin.com\/hp\/?dnr=JBzUWaJfMUw8vbXJJ2tVW5-I3jZKvC4wsoxE&amp;amp;amp;amp;amp;amp;trk=nav_responsive_tab_home","https:\/\/www.youtube.com\/channel\/UCxL0wu1uN0_3_7hGG0306cw"]},{"@type":"Person","@id":"https:\/\/www.bellunopress.it\/#\/schema\/person\/79bb06722b37ece1c03d3e94beb30d73","name":"r\u00e9daction","image":{"@type":"ImageObject","inLanguage":"fr-FR","@id":"https:\/\/secure.gravatar.com\/avatar\/37d968a2e67a6fd04c169c4bdef102d0bc5d31b2546345219e348575eb80e9a0?s=96&d=mm&r=g","url":"https:\/\/secure.gravatar.com\/avatar\/37d968a2e67a6fd04c169c4bdef102d0bc5d31b2546345219e348575eb80e9a0?s=96&d=mm&r=g","contentUrl":"https:\/\/secure.gravatar.com\/avatar\/37d968a2e67a6fd04c169c4bdef102d0bc5d31b2546345219e348575eb80e9a0?s=96&d=mm&r=g","caption":"redazione"},"sameAs":["http:\/\/www.bellunopress.it","https:\/\/x.com\/bellunopress"],"url":"https:\/\/www.bellunopress.it\/fr\/author\/redazione\/"}]}},"_links":{"self":[{"href":"https:\/\/www.bellunopress.it\/fr\/wp-json\/wp\/v2\/posts\/137699","targetHints":{"allow":["GET"]}}],"collection":[{"href":"https:\/\/www.bellunopress.it\/fr\/wp-json\/wp\/v2\/posts"}],"about":[{"href":"https:\/\/www.bellunopress.it\/fr\/wp-json\/wp\/v2\/types\/post"}],"author":[{"embeddable":true,"href":"https:\/\/www.bellunopress.it\/fr\/wp-json\/wp\/v2\/users\/2"}],"replies":[{"embeddable":true,"href":"https:\/\/www.bellunopress.it\/fr\/wp-json\/wp\/v2\/comments?post=137699"}],"version-history":[{"count":1,"href":"https:\/\/www.bellunopress.it\/fr\/wp-json\/wp\/v2\/posts\/137699\/revisions"}],"predecessor-version":[{"id":137700,"href":"https:\/\/www.bellunopress.it\/fr\/wp-json\/wp\/v2\/posts\/137699\/revisions\/137700"}],"wp:featuredmedia":[{"embeddable":true,"href":"https:\/\/www.bellunopress.it\/fr\/wp-json\/wp\/v2\/media\/135245"}],"wp:attachment":[{"href":"https:\/\/www.bellunopress.it\/fr\/wp-json\/wp\/v2\/media?parent=137699"}],"wp:term":[{"taxonomy":"category","embeddable":true,"href":"https:\/\/www.bellunopress.it\/fr\/wp-json\/wp\/v2\/categories?post=137699"},{"taxonomy":"post_tag","embeddable":true,"href":"https:\/\/www.bellunopress.it\/fr\/wp-json\/wp\/v2\/tags?post=137699"}],"curies":[{"name":"wp","href":"https:\/\/api.w.org\/{rel}","templated":true}]}}