{"id":137689,"date":"2022-11-14T15:54:58","date_gmt":"2022-11-14T14:54:58","guid":{"rendered":"https:\/\/www.bellunopress.it\/?p=137689"},"modified":"2022-11-14T15:58:20","modified_gmt":"2022-11-14T14:58:20","slug":"turismo-raddoppiano-i-fondi-regionali-caner-obiettivo-destagionalizzazione-puntando-su-sostenibilita-e-accessibilita","status":"publish","type":"post","link":"https:\/\/www.bellunopress.it\/fr\/2022\/11\/14\/turismo-raddoppiano-i-fondi-regionali-caner-obiettivo-destagionalizzazione-puntando-su-sostenibilita-e-accessibilita\/","title":{"rendered":"Turismo, raddoppiano i fondi regionali. Caner: \u00abObiettivo destagionalizzazione, puntando su sostenibilit\u00e0 e accessibilit\u00e0\u00bb"},"content":{"rendered":"<p>Pedavena, 14 novembre 2022\u00a0 &#8211;\u00a0 Parola d\u2019ordine: destagionalizzare. E mettersi insieme, fare rete. Grazie ai fondi, raddoppiati, messi a disposizione per i, turismo dalla Regione Veneto all\u2019interno della programmazione Por Fesr 2020-2027.<\/p>\n<p>&nbsp;<\/p>\n<figure id=\"attachment_98275\" aria-describedby=\"caption-attachment-98275\" style=\"width: 212px\" class=\"wp-caption alignleft\"><img loading=\"lazy\" decoding=\"async\" class=\"size-full wp-image-98275\" src=\"https:\/\/www.bellunopress.it\/wp-content\/uploads\/2018\/09\/Caner.jpg\" alt=\"\" width=\"212\" height=\"300\" \/><figcaption id=\"caption-attachment-98275\" class=\"wp-caption-text\">Federico Caner, assessore regionale<\/figcaption><\/figure>\n<figure id=\"attachment_79178\" aria-describedby=\"caption-attachment-79178\" style=\"width: 213px\" class=\"wp-caption alignleft\"><img loading=\"lazy\" decoding=\"async\" class=\"size-full wp-image-79178\" src=\"https:\/\/www.bellunopress.it\/wp-content\/uploads\/2016\/07\/Lionello-Gorza-Copia.jpg\" alt=\"\" width=\"213\" height=\"300\" \/><figcaption id=\"caption-attachment-79178\" class=\"wp-caption-text\">Lionello Gorza<\/figcaption><\/figure>\n<p>Le nuove opportunit\u00e0 sono state presentate questa mattina in Birreria Pedavena dall\u2019assessore regionale al Turismo, Federico Caner, che ha risposto del Consorzio Dolomiti Prealpi. L\u2019occasione \u00e8 stata la presentata agli stakeholder dello stato di avanzamento di tre progetti di rete che vedono partner il sodalizio guidato da Lionello Gorza: Dolomiti 360\u00b0, Sport 4&#215;4 (in entrambi i casi il Consorzio dolomiti Prealpi \u00e8 capofila) e Dolomiti Pure Nature, per il quale capofila \u00e8 il Centro consorzi di Sedico.<br \/>\nMessi insieme i tre progetti coinvolgono 62 imprese turistiche e di servizi, 5 consorzi di valle (sia della zona alta della provincia di Belluno che della Valbelluna) e vedono un investimento in attivit\u00e0 promozionali pari 1.303.834 euro.<\/p>\n<p>\u00abIn coerenza ed in sinergia con la strategia regionale ed i piani attuativi annuali per il Turismo in Veneto \u2013 spiega Valentina Colleselli, che con Meraki Spa fornisce la consulenza tecnica per i tre progetti &#8211; , la destinazione turistica Dolomiti Bellunesi ha risposto con forza e interesse alle opportunit\u00e0 offerte dalla Regione grazie ai Bandi del POR FESR 2014- 2020 e dedicati alla promo commercializzazione dei prodotti turistici di destinazione in forma aggregata, con particolare attenzione ai mercati esteri\u00bb.<br \/>\nIn particolare Dolomiti 360\u00b0 (che si avvia alla conclusione) ha visto tra le altre cose la realizzazione di una brochure che punta a destagionalizzare la proposta turistica di un territorio, l\u2019Alta provincia bellunese, storicamente vocata al turismo invernale attraverso proposte di prodotti e servizi turistici legati alla Valbelluna. Cuore centrale del progetto \u00e8 il sito della rete (www.dolomiti-360.com) realizzato da Larin group e collegato al dms regionale.<\/p>\n<p>\u00abQuesto progetto \u00e8 frutto di un grande lavoro di squadra con i tre consorzi(Dolomiti Prealpi, Val di Zoldo turismo e Tre Cime Dolomiti) le strutture e tutti i partner di progetto \u2013 commenta Alberto Nalin, Ceo di Larin Group. Siamo partiti da un&#8217;idea molto semplice: creare un ecosistema digitale che permettesse alle persone di conoscere, in modo facile ed immediato, l&#8217;offerta turistica e culturale di un territorio che, non a caso, \u00e8 patrimonio dell&#8217;UNESCO. Ci auguriamo che questo possa essere solo l&#8217;inizio di un percorso di trasformazione digitale che consenta di intercettare, di pi\u00f9 e meglio, le esigenze dei turisti\u00bb.<\/p>\n<p>Punta invece a sviluppare sinergie tra turismo e artigianato Dolomiti Pure Nature, con un focus particolare sul legno, materia presente in grande abbondanza nel nostro territorio e da sempre utilizzata anche in ambito artistico.<br \/>\n\u00abLa provincia di Belluno ha una tipologia di turismo diversa e pi\u00f9 complessa rispetto al resto del Veneto, ma proprio per questo va sostenuta a piene mani \u2013 sono le parole di Michele Talo, direttore del Centro consorzi di Sedico -. In questo progetto abbiamo lavorato sulla destagionalizzazione, puntando fortemente sul legno e il \u201csaper fare\u201d. Le foreste ricoprono oltre il 50% del nostro territorio, sono una risorsa fondamentale che va valorizzata. E\u2019 quello che in questi giorni stiamo facendo a Belluno, cercando di trasmettere il messaggio di \u201cBelluno citt\u00e0 del legno\u201d\u00bb.<\/p>\n<p>Infine, con Sport 4&#215;4 il territorio bellunese si apre ai vicini. Puntando in particolare alle attivit\u00e0 all\u2019aria aperta che si possono fare attorno all\u2019area del Monte Grappa, neo Riserva della Biosfera Unesco.<br \/>\n\u00abIl covid, prima, e il caro-bollette ora hanno messo un po\u2019 a terra tutto il settore \u2013 commenta Alessandra Magagnin, vicepresidente del consorzio Dolomiti Prealpi \u2013 e quindi sono importantissime tutte le opportunit\u00e0 offerte per la promo commercializzazione. In particolare nello sport e nell\u2019outdoor, dove le sinergie tra territorio non sono solo possibili, ma auspicabili. Dobbiamo far arrivare la gente sul territorio, muovendo l\u2019economia di tutti\u00bb.<\/p>\n<p>Il futuro prossimo del turismo potr\u00e0 godere ancora di finanziamenti da parte della Regione, ha spiegato nel suo intervento l\u2019assessore Caner: \u00abRispetto alla vecchia programmazione POR FESR 2014-2020, la nuova (che in totale vale oltre un miliardo di euro) ha destinato al finanziamento di progetti turistici il doppio dei soldi: da 45 milioni siamo passati a 90. Con tre pilastri attorno ai quali saranno sviluppati i bandi e le azioni possibili: sostenibilit\u00e0, accessibilit\u00e0 e capacit\u00e0 di mettersi insieme, di fare rete\u00bb.<\/p>\n<p>Per Caner, per\u00f2, \u00abEssere sostenibili non significa non investire, come vorrebbe qualcuno, ma investire con attenzione all\u2019ambiente. Senza investimenti la montagna \u00e8 destinata a spopolarsi, la chiave \u00e8 saper investire senza creare danni. La pandemia ci ha insegnato che il turista oggi cerca opportunit\u00e0 nella natura, e da questo punto di vista l\u2019estate 2022 \u00e8 andata alla grande, con numeri superiori alla stagione record 2019. E i dati che provengono dal nostro osservatorio regionale ci dicono che pur in un clima di incertezza come l\u2019attuale, le prenotazioni per l\u2019inverno in montagna sono gi\u00e0 pi\u00f9 che soddisfacenti. In tutto questo \u00e8 importante che gli impiantisti abbiano da subito confermato di voler aprire le piste, programmando la stagione anche in un momento climaticamente avverso\u00bb.<\/p>\n<p>Altro tema fondante \u00e8 l\u2019accessibilit\u00e0: \u00abIl nostro sprone sono le olimpiadi e le paralimpiadi del 2026, che saranno fondamentali non solo per il Bellunese ma per tutta la montagna veneta. Ci sono 36milioni di turisti europei che hanno difficolt\u00e0 di vario tipo, anche solo temporanee. E sono turisti che sempre di pi\u00f9 cercano e vogliono trovare opportunit\u00e0 e servizi accessibili anche a loro. Ed \u00e8 proprio sui servizi e sul valore aggiunto che va combattuta questa battaglia, non pi\u00f9 solo sui prezzi. Perch\u00e9 non dobbiamo dimenticare che a breve ripartiranno destinazioni turistiche internazionali che torneranno ad essere importanti competitor. Non possiamo farci cogliere impreparati\u00bb.<\/p>\n<p>Per riuscirci \u00e8 necessario lavorare sui servizi, ma soprattutto lavorare assieme: \u00abQuesti progetti sono la dimostrazione che si pu\u00f2 fare rete, anche in un territorio difficile come il Bellunese. In questo senso anche la Dmo Dolomiti sta lavorando, anche con la prossima trasformazione in fondazione. Per parte nostra, la Regione supporta per quanto possibile l\u2019organizzazione interna dei territori, ma il vero salto di qualit\u00e0 ci sar\u00e0 quando le Dmo, come avviene nel resto d\u2019Europa, potranno contare almeno su una decina di persone al loro interno. E per arrivare a questo le organizzazioni che gestiscono le destinazioni turistiche dovranno trovare le risorse, principalmente attraverso la imposta di soggiorno\u00bb.<\/p>\n<p>Ad inizio giornata \u00e8 intervenuto anche Maurizio Bee, vicepresidente dell\u2019Associazione Turistica Lamon, che ha invitato a supportare i titolari della Locanda Ponte Serra, interessata da un violento incendio marted\u00ec scorso: \u00ababbiamo aperto un conto corrente dedicato, che in una settimana ha raccolto gi\u00e0 oltre 20mila euro\u00bb. Chi volesse contribuire pu\u00f2 farlo versando quanto desidera all\u2019Iban IT75U0810261140000023001793, Causale: Donazione volontaria per ristrutturazione Ponte Serra.<\/p>","protected":false},"excerpt":{"rendered":"<p>Pedavena, 14 novembre 2022\u00a0 &#8211;\u00a0 Parola d\u2019ordine: destagionalizzare. E mettersi insieme, fare rete. Grazie ai fondi, raddoppiati, messi a disposizione per i, turismo dalla Regione Veneto all\u2019interno della programmazione Por Fesr 2020-2027. &nbsp; Le nuove opportunit\u00e0 sono state presentate questa mattina in Birreria Pedavena dall\u2019assessore regionale al Turismo, Federico Caner, che ha risposto del Consorzio [&hellip;]<\/p>\n","protected":false},"author":2,"featured_media":132066,"comment_status":"closed","ping_status":"open","sticky":false,"template":"","format":"standard","meta":{"footnotes":""},"categories":[5,36],"tags":[],"class_list":["post-137689","post","type-post","status-publish","format-standard","has-post-thumbnail","category-cronaca","category-lavoro-economia"],"yoast_head":"<!-- This site is optimized with the Yoast SEO plugin v28.4 - https:\/\/yoast.com\/product\/yoast-seo-wordpress\/ -->\n<title>Turismo, raddoppiano i fondi regionali. Caner: \u00abObiettivo destagionalizzazione, puntando su sostenibilit\u00e0 e accessibilit\u00e0\u00bb - Bellunopress - Dolomiti<\/title>\n<meta name=\"robots\" content=\"index, follow, max-snippet:-1, max-image-preview:large, max-video-preview:-1\" \/>\n<link rel=\"canonical\" href=\"https:\/\/www.bellunopress.it\/fr\/2022\/11\/14\/turismo-raddoppiano-i-fondi-regionali-caner-obiettivo-destagionalizzazione-puntando-su-sostenibilita-e-accessibilita\/\" \/>\n<meta property=\"og:locale\" content=\"fr_FR\" \/>\n<meta property=\"og:type\" content=\"article\" \/>\n<meta property=\"og:title\" content=\"Turismo, raddoppiano i fondi regionali. Caner: \u00abObiettivo destagionalizzazione, puntando su sostenibilit\u00e0 e accessibilit\u00e0\u00bb - Bellunopress - Dolomiti\" \/>\n<meta property=\"og:description\" content=\"Pedavena, 14 novembre 2022\u00a0 &#8211;\u00a0 Parola d\u2019ordine: destagionalizzare. E mettersi insieme, fare rete. Grazie ai fondi, raddoppiati, messi a disposizione per i, turismo dalla Regione Veneto all\u2019interno della programmazione Por Fesr 2020-2027. &nbsp; Le nuove opportunit\u00e0 sono state presentate questa mattina in Birreria Pedavena dall\u2019assessore regionale al Turismo, Federico Caner, che ha risposto del Consorzio [&hellip;]\" \/>\n<meta property=\"og:url\" content=\"https:\/\/www.bellunopress.it\/fr\/2022\/11\/14\/turismo-raddoppiano-i-fondi-regionali-caner-obiettivo-destagionalizzazione-puntando-su-sostenibilita-e-accessibilita\/\" \/>\n<meta property=\"og:site_name\" content=\"Bellunopress - Dolomiti\" \/>\n<meta property=\"article:publisher\" content=\"https:\/\/www.facebook.com\/profile.php?id=100008943462799\" \/>\n<meta property=\"article:published_time\" content=\"2022-11-14T14:54:58+00:00\" \/>\n<meta property=\"article:modified_time\" content=\"2022-11-14T14:58:20+00:00\" \/>\n<meta property=\"og:image\" content=\"https:\/\/www.bellunopress.it\/wp-content\/uploads\/2022\/03\/birreria-pedavena-facciata-ingresso_edited.jpg\" \/>\n\t<meta property=\"og:image:width\" content=\"1000\" \/>\n\t<meta property=\"og:image:height\" content=\"750\" \/>\n\t<meta property=\"og:image:type\" content=\"image\/jpeg\" \/>\n<meta name=\"author\" content=\"redazione\" \/>\n<meta name=\"twitter:card\" content=\"summary_large_image\" \/>\n<meta name=\"twitter:creator\" content=\"@bellunopress\" \/>\n<meta name=\"twitter:site\" content=\"@bellunopress\" \/>\n<meta name=\"twitter:label1\" content=\"Written by\" \/>\n\t<meta name=\"twitter:data1\" content=\"redazione\" \/>\n\t<meta name=\"twitter:label2\" content=\"Est. reading time\" \/>\n\t<meta name=\"twitter:data2\" content=\"7 minutes\" \/>\n<script type=\"application\/ld+json\" class=\"yoast-schema-graph\">{\"@context\":\"https:\\\/\\\/schema.org\",\"@graph\":[{\"@type\":\"Article\",\"@id\":\"https:\\\/\\\/www.bellunopress.it\\\/2022\\\/11\\\/14\\\/turismo-raddoppiano-i-fondi-regionali-caner-obiettivo-destagionalizzazione-puntando-su-sostenibilita-e-accessibilita\\\/#article\",\"isPartOf\":{\"@id\":\"https:\\\/\\\/www.bellunopress.it\\\/2022\\\/11\\\/14\\\/turismo-raddoppiano-i-fondi-regionali-caner-obiettivo-destagionalizzazione-puntando-su-sostenibilita-e-accessibilita\\\/\"},\"author\":{\"name\":\"redazione\",\"@id\":\"https:\\\/\\\/www.bellunopress.it\\\/#\\\/schema\\\/person\\\/79bb06722b37ece1c03d3e94beb30d73\"},\"headline\":\"Turismo, raddoppiano i fondi regionali. Caner: \u00abObiettivo destagionalizzazione, puntando su sostenibilit\u00e0 e accessibilit\u00e0\u00bb\",\"datePublished\":\"2022-11-14T14:54:58+00:00\",\"dateModified\":\"2022-11-14T14:58:20+00:00\",\"mainEntityOfPage\":{\"@id\":\"https:\\\/\\\/www.bellunopress.it\\\/2022\\\/11\\\/14\\\/turismo-raddoppiano-i-fondi-regionali-caner-obiettivo-destagionalizzazione-puntando-su-sostenibilita-e-accessibilita\\\/\"},\"wordCount\":1121,\"publisher\":{\"@id\":\"https:\\\/\\\/www.bellunopress.it\\\/#organization\"},\"image\":{\"@id\":\"https:\\\/\\\/www.bellunopress.it\\\/2022\\\/11\\\/14\\\/turismo-raddoppiano-i-fondi-regionali-caner-obiettivo-destagionalizzazione-puntando-su-sostenibilita-e-accessibilita\\\/#primaryimage\"},\"thumbnailUrl\":\"https:\\\/\\\/www.bellunopress.it\\\/wp-content\\\/uploads\\\/2022\\\/03\\\/birreria-pedavena-facciata-ingresso_edited.jpg\",\"articleSection\":[\"Cronaca\\\/Politica\",\"Lavoro, Economia, Turismo\"],\"inLanguage\":\"fr-FR\"},{\"@type\":\"WebPage\",\"@id\":\"https:\\\/\\\/www.bellunopress.it\\\/2022\\\/11\\\/14\\\/turismo-raddoppiano-i-fondi-regionali-caner-obiettivo-destagionalizzazione-puntando-su-sostenibilita-e-accessibilita\\\/\",\"url\":\"https:\\\/\\\/www.bellunopress.it\\\/2022\\\/11\\\/14\\\/turismo-raddoppiano-i-fondi-regionali-caner-obiettivo-destagionalizzazione-puntando-su-sostenibilita-e-accessibilita\\\/\",\"name\":\"Turismo, raddoppiano i fondi regionali. Caner: \u00abObiettivo destagionalizzazione, puntando su sostenibilit\u00e0 e accessibilit\u00e0\u00bb - Bellunopress - Dolomiti\",\"isPartOf\":{\"@id\":\"https:\\\/\\\/www.bellunopress.it\\\/#website\"},\"primaryImageOfPage\":{\"@id\":\"https:\\\/\\\/www.bellunopress.it\\\/2022\\\/11\\\/14\\\/turismo-raddoppiano-i-fondi-regionali-caner-obiettivo-destagionalizzazione-puntando-su-sostenibilita-e-accessibilita\\\/#primaryimage\"},\"image\":{\"@id\":\"https:\\\/\\\/www.bellunopress.it\\\/2022\\\/11\\\/14\\\/turismo-raddoppiano-i-fondi-regionali-caner-obiettivo-destagionalizzazione-puntando-su-sostenibilita-e-accessibilita\\\/#primaryimage\"},\"thumbnailUrl\":\"https:\\\/\\\/www.bellunopress.it\\\/wp-content\\\/uploads\\\/2022\\\/03\\\/birreria-pedavena-facciata-ingresso_edited.jpg\",\"datePublished\":\"2022-11-14T14:54:58+00:00\",\"dateModified\":\"2022-11-14T14:58:20+00:00\",\"breadcrumb\":{\"@id\":\"https:\\\/\\\/www.bellunopress.it\\\/2022\\\/11\\\/14\\\/turismo-raddoppiano-i-fondi-regionali-caner-obiettivo-destagionalizzazione-puntando-su-sostenibilita-e-accessibilita\\\/#breadcrumb\"},\"inLanguage\":\"fr-FR\",\"potentialAction\":[{\"@type\":\"ReadAction\",\"target\":[\"https:\\\/\\\/www.bellunopress.it\\\/2022\\\/11\\\/14\\\/turismo-raddoppiano-i-fondi-regionali-caner-obiettivo-destagionalizzazione-puntando-su-sostenibilita-e-accessibilita\\\/\"]}]},{\"@type\":\"ImageObject\",\"inLanguage\":\"fr-FR\",\"@id\":\"https:\\\/\\\/www.bellunopress.it\\\/2022\\\/11\\\/14\\\/turismo-raddoppiano-i-fondi-regionali-caner-obiettivo-destagionalizzazione-puntando-su-sostenibilita-e-accessibilita\\\/#primaryimage\",\"url\":\"https:\\\/\\\/www.bellunopress.it\\\/wp-content\\\/uploads\\\/2022\\\/03\\\/birreria-pedavena-facciata-ingresso_edited.jpg\",\"contentUrl\":\"https:\\\/\\\/www.bellunopress.it\\\/wp-content\\\/uploads\\\/2022\\\/03\\\/birreria-pedavena-facciata-ingresso_edited.jpg\",\"width\":1000,\"height\":750,\"caption\":\"Birreria Pedavena\"},{\"@type\":\"BreadcrumbList\",\"@id\":\"https:\\\/\\\/www.bellunopress.it\\\/2022\\\/11\\\/14\\\/turismo-raddoppiano-i-fondi-regionali-caner-obiettivo-destagionalizzazione-puntando-su-sostenibilita-e-accessibilita\\\/#breadcrumb\",\"itemListElement\":[{\"@type\":\"ListItem\",\"position\":1,\"name\":\"Home\",\"item\":\"https:\\\/\\\/www.bellunopress.it\\\/\"},{\"@type\":\"ListItem\",\"position\":2,\"name\":\"Turismo, raddoppiano i fondi regionali. Caner: \u00abObiettivo destagionalizzazione, puntando su sostenibilit\u00e0 e accessibilit\u00e0\u00bb\"}]},{\"@type\":\"WebSite\",\"@id\":\"https:\\\/\\\/www.bellunopress.it\\\/#website\",\"url\":\"https:\\\/\\\/www.bellunopress.it\\\/\",\"name\":\"Bellunopress - Dolomiti\",\"description\":\"e-mail: redazione@bellunopress.it\",\"publisher\":{\"@id\":\"https:\\\/\\\/www.bellunopress.it\\\/#organization\"},\"potentialAction\":[{\"@type\":\"SearchAction\",\"target\":{\"@type\":\"EntryPoint\",\"urlTemplate\":\"https:\\\/\\\/www.bellunopress.it\\\/?s={search_term_string}\"},\"query-input\":{\"@type\":\"PropertyValueSpecification\",\"valueRequired\":true,\"valueName\":\"search_term_string\"}}],\"inLanguage\":\"fr-FR\"},{\"@type\":\"Organization\",\"@id\":\"https:\\\/\\\/www.bellunopress.it\\\/#organization\",\"name\":\"Bellunopress\",\"url\":\"https:\\\/\\\/www.bellunopress.it\\\/\",\"logo\":{\"@type\":\"ImageObject\",\"inLanguage\":\"fr-FR\",\"@id\":\"https:\\\/\\\/www.bellunopress.it\\\/#\\\/schema\\\/logo\\\/image\\\/\",\"url\":\"https:\\\/\\\/www.bellunopress.it\\\/wp-content\\\/uploads\\\/2011\\\/05\\\/cropped-logo-bellunopress-.jpg\",\"contentUrl\":\"https:\\\/\\\/www.bellunopress.it\\\/wp-content\\\/uploads\\\/2011\\\/05\\\/cropped-logo-bellunopress-.jpg\",\"width\":512,\"height\":512,\"caption\":\"Bellunopress\"},\"image\":{\"@id\":\"https:\\\/\\\/www.bellunopress.it\\\/#\\\/schema\\\/logo\\\/image\\\/\"},\"sameAs\":[\"https:\\\/\\\/www.facebook.com\\\/profile.php?id=100008943462799\",\"https:\\\/\\\/x.com\\\/bellunopress\",\"https:\\\/\\\/www.linkedin.com\\\/hp\\\/?dnr=JBzUWaJfMUw8vbXJJ2tVW5-I3jZKvC4wsoxE&amp;amp;amp;amp;amp;amp;trk=nav_responsive_tab_home\",\"https:\\\/\\\/www.youtube.com\\\/channel\\\/UCxL0wu1uN0_3_7hGG0306cw\"]},{\"@type\":\"Person\",\"@id\":\"https:\\\/\\\/www.bellunopress.it\\\/#\\\/schema\\\/person\\\/79bb06722b37ece1c03d3e94beb30d73\",\"name\":\"redazione\",\"image\":{\"@type\":\"ImageObject\",\"inLanguage\":\"fr-FR\",\"@id\":\"https:\\\/\\\/secure.gravatar.com\\\/avatar\\\/37d968a2e67a6fd04c169c4bdef102d0bc5d31b2546345219e348575eb80e9a0?s=96&d=mm&r=g\",\"url\":\"https:\\\/\\\/secure.gravatar.com\\\/avatar\\\/37d968a2e67a6fd04c169c4bdef102d0bc5d31b2546345219e348575eb80e9a0?s=96&d=mm&r=g\",\"contentUrl\":\"https:\\\/\\\/secure.gravatar.com\\\/avatar\\\/37d968a2e67a6fd04c169c4bdef102d0bc5d31b2546345219e348575eb80e9a0?s=96&d=mm&r=g\",\"caption\":\"redazione\"},\"sameAs\":[\"http:\\\/\\\/www.bellunopress.it\",\"https:\\\/\\\/x.com\\\/bellunopress\"],\"url\":\"https:\\\/\\\/www.bellunopress.it\\\/fr\\\/author\\\/redazione\\\/\"}]}<\/script>\n<!-- \/ Yoast SEO plugin. -->","yoast_head_json":{"title":"Turismo, raddoppiano i fondi regionali. Caner: \u00abObiettivo destagionalizzazione, puntando su sostenibilit\u00e0 e accessibilit\u00e0\u00bb - Bellunopress - Dolomiti","robots":{"index":"index","follow":"follow","max-snippet":"max-snippet:-1","max-image-preview":"max-image-preview:large","max-video-preview":"max-video-preview:-1"},"canonical":"https:\/\/www.bellunopress.it\/fr\/2022\/11\/14\/turismo-raddoppiano-i-fondi-regionali-caner-obiettivo-destagionalizzazione-puntando-su-sostenibilita-e-accessibilita\/","og_locale":"fr_FR","og_type":"article","og_title":"Turismo, raddoppiano i fondi regionali. Caner: \u00abObiettivo destagionalizzazione, puntando su sostenibilit\u00e0 e accessibilit\u00e0\u00bb - Bellunopress - Dolomiti","og_description":"Pedavena, 14 novembre 2022\u00a0 &#8211;\u00a0 Parola d\u2019ordine: destagionalizzare. E mettersi insieme, fare rete. Grazie ai fondi, raddoppiati, messi a disposizione per i, turismo dalla Regione Veneto all\u2019interno della programmazione Por Fesr 2020-2027. &nbsp; Le nuove opportunit\u00e0 sono state presentate questa mattina in Birreria Pedavena dall\u2019assessore regionale al Turismo, Federico Caner, che ha risposto del Consorzio [&hellip;]","og_url":"https:\/\/www.bellunopress.it\/fr\/2022\/11\/14\/turismo-raddoppiano-i-fondi-regionali-caner-obiettivo-destagionalizzazione-puntando-su-sostenibilita-e-accessibilita\/","og_site_name":"Bellunopress - Dolomiti","article_publisher":"https:\/\/www.facebook.com\/profile.php?id=100008943462799","article_published_time":"2022-11-14T14:54:58+00:00","article_modified_time":"2022-11-14T14:58:20+00:00","og_image":[{"width":1000,"height":750,"url":"https:\/\/www.bellunopress.it\/wp-content\/uploads\/2022\/03\/birreria-pedavena-facciata-ingresso_edited.jpg","type":"image\/jpeg"}],"author":"redazione","twitter_card":"summary_large_image","twitter_creator":"@bellunopress","twitter_site":"@bellunopress","twitter_misc":{"Written by":"redazione","Est. reading time":"7 minutes"},"schema":{"@context":"https:\/\/schema.org","@graph":[{"@type":"Article","@id":"https:\/\/www.bellunopress.it\/2022\/11\/14\/turismo-raddoppiano-i-fondi-regionali-caner-obiettivo-destagionalizzazione-puntando-su-sostenibilita-e-accessibilita\/#article","isPartOf":{"@id":"https:\/\/www.bellunopress.it\/2022\/11\/14\/turismo-raddoppiano-i-fondi-regionali-caner-obiettivo-destagionalizzazione-puntando-su-sostenibilita-e-accessibilita\/"},"author":{"name":"redazione","@id":"https:\/\/www.bellunopress.it\/#\/schema\/person\/79bb06722b37ece1c03d3e94beb30d73"},"headline":"Turismo, raddoppiano i fondi regionali. Caner: \u00abObiettivo destagionalizzazione, puntando su sostenibilit\u00e0 e accessibilit\u00e0\u00bb","datePublished":"2022-11-14T14:54:58+00:00","dateModified":"2022-11-14T14:58:20+00:00","mainEntityOfPage":{"@id":"https:\/\/www.bellunopress.it\/2022\/11\/14\/turismo-raddoppiano-i-fondi-regionali-caner-obiettivo-destagionalizzazione-puntando-su-sostenibilita-e-accessibilita\/"},"wordCount":1121,"publisher":{"@id":"https:\/\/www.bellunopress.it\/#organization"},"image":{"@id":"https:\/\/www.bellunopress.it\/2022\/11\/14\/turismo-raddoppiano-i-fondi-regionali-caner-obiettivo-destagionalizzazione-puntando-su-sostenibilita-e-accessibilita\/#primaryimage"},"thumbnailUrl":"https:\/\/www.bellunopress.it\/wp-content\/uploads\/2022\/03\/birreria-pedavena-facciata-ingresso_edited.jpg","articleSection":["Cronaca\/Politica","Lavoro, Economia, Turismo"],"inLanguage":"fr-FR"},{"@type":"WebPage","@id":"https:\/\/www.bellunopress.it\/2022\/11\/14\/turismo-raddoppiano-i-fondi-regionali-caner-obiettivo-destagionalizzazione-puntando-su-sostenibilita-e-accessibilita\/","url":"https:\/\/www.bellunopress.it\/2022\/11\/14\/turismo-raddoppiano-i-fondi-regionali-caner-obiettivo-destagionalizzazione-puntando-su-sostenibilita-e-accessibilita\/","name":"Turismo, raddoppiano i fondi regionali. Caner: \u00abObiettivo destagionalizzazione, puntando su sostenibilit\u00e0 e accessibilit\u00e0\u00bb - Bellunopress - Dolomiti","isPartOf":{"@id":"https:\/\/www.bellunopress.it\/#website"},"primaryImageOfPage":{"@id":"https:\/\/www.bellunopress.it\/2022\/11\/14\/turismo-raddoppiano-i-fondi-regionali-caner-obiettivo-destagionalizzazione-puntando-su-sostenibilita-e-accessibilita\/#primaryimage"},"image":{"@id":"https:\/\/www.bellunopress.it\/2022\/11\/14\/turismo-raddoppiano-i-fondi-regionali-caner-obiettivo-destagionalizzazione-puntando-su-sostenibilita-e-accessibilita\/#primaryimage"},"thumbnailUrl":"https:\/\/www.bellunopress.it\/wp-content\/uploads\/2022\/03\/birreria-pedavena-facciata-ingresso_edited.jpg","datePublished":"2022-11-14T14:54:58+00:00","dateModified":"2022-11-14T14:58:20+00:00","breadcrumb":{"@id":"https:\/\/www.bellunopress.it\/2022\/11\/14\/turismo-raddoppiano-i-fondi-regionali-caner-obiettivo-destagionalizzazione-puntando-su-sostenibilita-e-accessibilita\/#breadcrumb"},"inLanguage":"fr-FR","potentialAction":[{"@type":"ReadAction","target":["https:\/\/www.bellunopress.it\/2022\/11\/14\/turismo-raddoppiano-i-fondi-regionali-caner-obiettivo-destagionalizzazione-puntando-su-sostenibilita-e-accessibilita\/"]}]},{"@type":"ImageObject","inLanguage":"fr-FR","@id":"https:\/\/www.bellunopress.it\/2022\/11\/14\/turismo-raddoppiano-i-fondi-regionali-caner-obiettivo-destagionalizzazione-puntando-su-sostenibilita-e-accessibilita\/#primaryimage","url":"https:\/\/www.bellunopress.it\/wp-content\/uploads\/2022\/03\/birreria-pedavena-facciata-ingresso_edited.jpg","contentUrl":"https:\/\/www.bellunopress.it\/wp-content\/uploads\/2022\/03\/birreria-pedavena-facciata-ingresso_edited.jpg","width":1000,"height":750,"caption":"Birreria Pedavena"},{"@type":"BreadcrumbList","@id":"https:\/\/www.bellunopress.it\/2022\/11\/14\/turismo-raddoppiano-i-fondi-regionali-caner-obiettivo-destagionalizzazione-puntando-su-sostenibilita-e-accessibilita\/#breadcrumb","itemListElement":[{"@type":"ListItem","position":1,"name":"Home","item":"https:\/\/www.bellunopress.it\/"},{"@type":"ListItem","position":2,"name":"Turismo, raddoppiano i fondi regionali. Caner: \u00abObiettivo destagionalizzazione, puntando su sostenibilit\u00e0 e accessibilit\u00e0\u00bb"}]},{"@type":"WebSite","@id":"https:\/\/www.bellunopress.it\/#website","url":"https:\/\/www.bellunopress.it\/","name":"Bellunopress - Dolomiti","description":"e-mail: redazione@bellunopress.it","publisher":{"@id":"https:\/\/www.bellunopress.it\/#organization"},"potentialAction":[{"@type":"SearchAction","target":{"@type":"EntryPoint","urlTemplate":"https:\/\/www.bellunopress.it\/?s={search_term_string}"},"query-input":{"@type":"PropertyValueSpecification","valueRequired":true,"valueName":"search_term_string"}}],"inLanguage":"fr-FR"},{"@type":"Organization","@id":"https:\/\/www.bellunopress.it\/#organization","name":"Bellunopress","url":"https:\/\/www.bellunopress.it\/","logo":{"@type":"ImageObject","inLanguage":"fr-FR","@id":"https:\/\/www.bellunopress.it\/#\/schema\/logo\/image\/","url":"https:\/\/www.bellunopress.it\/wp-content\/uploads\/2011\/05\/cropped-logo-bellunopress-.jpg","contentUrl":"https:\/\/www.bellunopress.it\/wp-content\/uploads\/2011\/05\/cropped-logo-bellunopress-.jpg","width":512,"height":512,"caption":"Bellunopress"},"image":{"@id":"https:\/\/www.bellunopress.it\/#\/schema\/logo\/image\/"},"sameAs":["https:\/\/www.facebook.com\/profile.php?id=100008943462799","https:\/\/x.com\/bellunopress","https:\/\/www.linkedin.com\/hp\/?dnr=JBzUWaJfMUw8vbXJJ2tVW5-I3jZKvC4wsoxE&amp;amp;amp;amp;amp;amp;trk=nav_responsive_tab_home","https:\/\/www.youtube.com\/channel\/UCxL0wu1uN0_3_7hGG0306cw"]},{"@type":"Person","@id":"https:\/\/www.bellunopress.it\/#\/schema\/person\/79bb06722b37ece1c03d3e94beb30d73","name":"r\u00e9daction","image":{"@type":"ImageObject","inLanguage":"fr-FR","@id":"https:\/\/secure.gravatar.com\/avatar\/37d968a2e67a6fd04c169c4bdef102d0bc5d31b2546345219e348575eb80e9a0?s=96&d=mm&r=g","url":"https:\/\/secure.gravatar.com\/avatar\/37d968a2e67a6fd04c169c4bdef102d0bc5d31b2546345219e348575eb80e9a0?s=96&d=mm&r=g","contentUrl":"https:\/\/secure.gravatar.com\/avatar\/37d968a2e67a6fd04c169c4bdef102d0bc5d31b2546345219e348575eb80e9a0?s=96&d=mm&r=g","caption":"redazione"},"sameAs":["http:\/\/www.bellunopress.it","https:\/\/x.com\/bellunopress"],"url":"https:\/\/www.bellunopress.it\/fr\/author\/redazione\/"}]}},"_links":{"self":[{"href":"https:\/\/www.bellunopress.it\/fr\/wp-json\/wp\/v2\/posts\/137689","targetHints":{"allow":["GET"]}}],"collection":[{"href":"https:\/\/www.bellunopress.it\/fr\/wp-json\/wp\/v2\/posts"}],"about":[{"href":"https:\/\/www.bellunopress.it\/fr\/wp-json\/wp\/v2\/types\/post"}],"author":[{"embeddable":true,"href":"https:\/\/www.bellunopress.it\/fr\/wp-json\/wp\/v2\/users\/2"}],"replies":[{"embeddable":true,"href":"https:\/\/www.bellunopress.it\/fr\/wp-json\/wp\/v2\/comments?post=137689"}],"version-history":[{"count":2,"href":"https:\/\/www.bellunopress.it\/fr\/wp-json\/wp\/v2\/posts\/137689\/revisions"}],"predecessor-version":[{"id":137691,"href":"https:\/\/www.bellunopress.it\/fr\/wp-json\/wp\/v2\/posts\/137689\/revisions\/137691"}],"wp:featuredmedia":[{"embeddable":true,"href":"https:\/\/www.bellunopress.it\/fr\/wp-json\/wp\/v2\/media\/132066"}],"wp:attachment":[{"href":"https:\/\/www.bellunopress.it\/fr\/wp-json\/wp\/v2\/media?parent=137689"}],"wp:term":[{"taxonomy":"category","embeddable":true,"href":"https:\/\/www.bellunopress.it\/fr\/wp-json\/wp\/v2\/categories?post=137689"},{"taxonomy":"post_tag","embeddable":true,"href":"https:\/\/www.bellunopress.it\/fr\/wp-json\/wp\/v2\/tags?post=137689"}],"curies":[{"name":"wp","href":"https:\/\/api.w.org\/{rel}","templated":true}]}}