{"id":137683,"date":"2022-11-14T14:18:47","date_gmt":"2022-11-14T13:18:47","guid":{"rendered":"https:\/\/www.bellunopress.it\/?p=137683"},"modified":"2022-11-14T14:18:47","modified_gmt":"2022-11-14T13:18:47","slug":"feltre-la-biblioteca-storica-svela-i-suoi-tesori-alle-scuole","status":"publish","type":"post","link":"https:\/\/www.bellunopress.it\/fr\/2022\/11\/14\/feltre-la-biblioteca-storica-svela-i-suoi-tesori-alle-scuole\/","title":{"rendered":"Feltre. La Biblioteca storica svela i suoi tesori alle scuole"},"content":{"rendered":"<p><em><img loading=\"lazy\" decoding=\"async\" class=\"alignleft size-full wp-image-137684\" src=\"https:\/\/www.bellunopress.it\/wp-content\/uploads\/2022\/11\/Laboratorio-biblioteca-storica-Feltre_edited.jpg\" alt=\"\" width=\"1000\" height=\"750\" srcset=\"https:\/\/www.bellunopress.it\/wp-content\/uploads\/2022\/11\/Laboratorio-biblioteca-storica-Feltre_edited.jpg 1000w, https:\/\/www.bellunopress.it\/wp-content\/uploads\/2022\/11\/Laboratorio-biblioteca-storica-Feltre_edited-500x375.jpg 500w, https:\/\/www.bellunopress.it\/wp-content\/uploads\/2022\/11\/Laboratorio-biblioteca-storica-Feltre_edited-696x522.jpg 696w, https:\/\/www.bellunopress.it\/wp-content\/uploads\/2022\/11\/Laboratorio-biblioteca-storica-Feltre_edited-560x420.jpg 560w, https:\/\/www.bellunopress.it\/wp-content\/uploads\/2022\/11\/Laboratorio-biblioteca-storica-Feltre_edited-80x60.jpg 80w, https:\/\/www.bellunopress.it\/wp-content\/uploads\/2022\/11\/Laboratorio-biblioteca-storica-Feltre_edited-265x198.jpg 265w\" sizes=\"auto, (max-width: 1000px) 100vw, 1000px\" \/>L&#8217;assessore Dalla Palma questa mattina ai bambini del primo laboratorio: \u201cLa biblioteca \u00e8 uno dei tesori di Feltre ed appartiene anche a voi\u201d<\/em><\/p>\n<p>Da questa mattina la Biblioteca Storica di Feltre apre le porte ai bambini di quarta e quinta elementare con una serie di iniziative volte a promuovere la conoscenza del patrimonio documentario in essa conservato.<br \/>\nSar\u00e0 una faccenda polverosa?<br \/>\nTutt&#8217;altro! Gli scaffali della Storica conservano veri e propri tesori, basta solo saperli vedere. Per rendersene conto basta scorrere i titoli dei laboratori preparati da Arianna Viesi, Dottore di Ricerca presso il Dipartimento di Lettere e Filosofia dell&#8217;Universit\u00e0 di Trento:<br \/>\n&#8211; Volta la carta. Dalle tavolette cerate alla carta di stracci, passando per fascicoli e legature.<br \/>\n&#8211; Datemi una penna (e vi sollever\u00f2 il mondo). Mille e una scrittura in un mondo di carta e d&#8217;inchiostro<br \/>\n&#8211; Per fare un libro ci vuole carattere. Alla scoperta dei libri antichi: tra torchi, frontespizi e marche tipografiche<\/p>\n<p>Ciascun appuntamento, della durata di un&#8217;ora e mezza, permetter\u00e0 gratuitamente ai bimbi di scoprire aspetti differenti del mondo del libro antico, con incursioni tra antiche scritture, tecniche di produzione di pergamena e carta, metodi di legatura, pratiche di stampa, attenzioni e cure conservative. Per ogni argomento i bambini potranno sperimentare, calandosi nelle vesti di copisti, stampatori, maestri cartai ed imparando \u201cfacendo\u201d storia e storie del patrimonio librario conservato nella Biblioteca Storica.<br \/>\nSei complessivamente le scuole primarie del Comune di Feltre che hanno aderito al progetto (Farra Boscariz, Istituto Canossiano, Mugnai, Nemeggio, Foen, Vittorino da Feltre), per un totale di dieci classi che dal 14 al 22 novembre si alterneranno nello spazio laboratoriale allestito presso il Polo Bibliotecario Feltrino, organizzatore dell&#8217;iniziativa.<br \/>\nAd accogliere i bambini del primo laboratorio, questa mattina alle 9, l&#8217;Assessore a Cultura e Istruzione di Feltre Claudio Dalla Palma. Una sorpresa inaspettata per i piccoli e i loro insegnanti, ma a cui \u2013 ha dichiarato il vicesindaco \u2013 tenevo molto. \u201cLa Biblioteca storica \u00e8 uno dei tesori di Feltre ed appartiene anche a voi. Per questo \u00e8 importante che la possiate conoscere anche attraverso attivit\u00e0 come queste. Il Polo Bibliotecario non \u00e8 solo la casa dei libri, \u00e8 anche la casa di chi ama e legge i libri. Ed \u00e8 dunque anche casa vostra\u201d.<\/p>","protected":false},"excerpt":{"rendered":"<p>L&#8217;assessore Dalla Palma questa mattina ai bambini del primo laboratorio: \u201cLa biblioteca \u00e8 uno dei tesori di Feltre ed appartiene anche a voi\u201d Da questa mattina la Biblioteca Storica di Feltre apre le porte ai bambini di quarta e quinta elementare con una serie di iniziative volte a promuovere la conoscenza del patrimonio documentario in [&hellip;]<\/p>\n","protected":false},"author":2,"featured_media":137684,"comment_status":"closed","ping_status":"open","sticky":false,"template":"","format":"standard","meta":{"footnotes":""},"categories":[15],"tags":[],"class_list":["post-137683","post","type-post","status-publish","format-standard","has-post-thumbnail","category-scuola"],"yoast_head":"<!-- This site is optimized with the Yoast SEO plugin v28.4 - https:\/\/yoast.com\/product\/yoast-seo-wordpress\/ -->\n<title>Feltre. La Biblioteca storica svela i suoi tesori alle scuole - Bellunopress - Dolomiti<\/title>\n<meta name=\"robots\" content=\"index, follow, max-snippet:-1, max-image-preview:large, max-video-preview:-1\" \/>\n<link rel=\"canonical\" href=\"https:\/\/www.bellunopress.it\/fr\/2022\/11\/14\/feltre-la-biblioteca-storica-svela-i-suoi-tesori-alle-scuole\/\" \/>\n<meta property=\"og:locale\" content=\"fr_FR\" \/>\n<meta property=\"og:type\" content=\"article\" \/>\n<meta property=\"og:title\" content=\"Feltre. La Biblioteca storica svela i suoi tesori alle scuole - Bellunopress - Dolomiti\" \/>\n<meta property=\"og:description\" content=\"L&#8217;assessore Dalla Palma questa mattina ai bambini del primo laboratorio: \u201cLa biblioteca \u00e8 uno dei tesori di Feltre ed appartiene anche a voi\u201d Da questa mattina la Biblioteca Storica di Feltre apre le porte ai bambini di quarta e quinta elementare con una serie di iniziative volte a promuovere la conoscenza del patrimonio documentario in [&hellip;]\" \/>\n<meta property=\"og:url\" content=\"https:\/\/www.bellunopress.it\/fr\/2022\/11\/14\/feltre-la-biblioteca-storica-svela-i-suoi-tesori-alle-scuole\/\" \/>\n<meta property=\"og:site_name\" content=\"Bellunopress - Dolomiti\" \/>\n<meta property=\"article:publisher\" content=\"https:\/\/www.facebook.com\/profile.php?id=100008943462799\" \/>\n<meta property=\"article:published_time\" content=\"2022-11-14T13:18:47+00:00\" \/>\n<meta property=\"og:image\" content=\"https:\/\/www.bellunopress.it\/wp-content\/uploads\/2022\/11\/Laboratorio-biblioteca-storica-Feltre_edited.jpg\" \/>\n\t<meta property=\"og:image:width\" content=\"1000\" \/>\n\t<meta property=\"og:image:height\" content=\"750\" \/>\n\t<meta property=\"og:image:type\" content=\"image\/jpeg\" \/>\n<meta name=\"author\" content=\"redazione\" \/>\n<meta name=\"twitter:card\" content=\"summary_large_image\" \/>\n<meta name=\"twitter:creator\" content=\"@bellunopress\" \/>\n<meta name=\"twitter:site\" content=\"@bellunopress\" \/>\n<meta name=\"twitter:label1\" content=\"Written by\" \/>\n\t<meta name=\"twitter:data1\" content=\"redazione\" \/>\n\t<meta name=\"twitter:label2\" content=\"Est. reading time\" \/>\n\t<meta name=\"twitter:data2\" content=\"3 minutes\" \/>\n<script type=\"application\/ld+json\" class=\"yoast-schema-graph\">{\"@context\":\"https:\\\/\\\/schema.org\",\"@graph\":[{\"@type\":\"Article\",\"@id\":\"https:\\\/\\\/www.bellunopress.it\\\/2022\\\/11\\\/14\\\/feltre-la-biblioteca-storica-svela-i-suoi-tesori-alle-scuole\\\/#article\",\"isPartOf\":{\"@id\":\"https:\\\/\\\/www.bellunopress.it\\\/2022\\\/11\\\/14\\\/feltre-la-biblioteca-storica-svela-i-suoi-tesori-alle-scuole\\\/\"},\"author\":{\"name\":\"redazione\",\"@id\":\"https:\\\/\\\/www.bellunopress.it\\\/#\\\/schema\\\/person\\\/79bb06722b37ece1c03d3e94beb30d73\"},\"headline\":\"Feltre. La Biblioteca storica svela i suoi tesori alle scuole\",\"datePublished\":\"2022-11-14T13:18:47+00:00\",\"mainEntityOfPage\":{\"@id\":\"https:\\\/\\\/www.bellunopress.it\\\/2022\\\/11\\\/14\\\/feltre-la-biblioteca-storica-svela-i-suoi-tesori-alle-scuole\\\/\"},\"wordCount\":378,\"publisher\":{\"@id\":\"https:\\\/\\\/www.bellunopress.it\\\/#organization\"},\"image\":{\"@id\":\"https:\\\/\\\/www.bellunopress.it\\\/2022\\\/11\\\/14\\\/feltre-la-biblioteca-storica-svela-i-suoi-tesori-alle-scuole\\\/#primaryimage\"},\"thumbnailUrl\":\"https:\\\/\\\/www.bellunopress.it\\\/wp-content\\\/uploads\\\/2022\\\/11\\\/Laboratorio-biblioteca-storica-Feltre_edited.jpg\",\"articleSection\":[\"Scuola\"],\"inLanguage\":\"fr-FR\"},{\"@type\":\"WebPage\",\"@id\":\"https:\\\/\\\/www.bellunopress.it\\\/2022\\\/11\\\/14\\\/feltre-la-biblioteca-storica-svela-i-suoi-tesori-alle-scuole\\\/\",\"url\":\"https:\\\/\\\/www.bellunopress.it\\\/2022\\\/11\\\/14\\\/feltre-la-biblioteca-storica-svela-i-suoi-tesori-alle-scuole\\\/\",\"name\":\"Feltre. La Biblioteca storica svela i suoi tesori alle scuole - Bellunopress - Dolomiti\",\"isPartOf\":{\"@id\":\"https:\\\/\\\/www.bellunopress.it\\\/#website\"},\"primaryImageOfPage\":{\"@id\":\"https:\\\/\\\/www.bellunopress.it\\\/2022\\\/11\\\/14\\\/feltre-la-biblioteca-storica-svela-i-suoi-tesori-alle-scuole\\\/#primaryimage\"},\"image\":{\"@id\":\"https:\\\/\\\/www.bellunopress.it\\\/2022\\\/11\\\/14\\\/feltre-la-biblioteca-storica-svela-i-suoi-tesori-alle-scuole\\\/#primaryimage\"},\"thumbnailUrl\":\"https:\\\/\\\/www.bellunopress.it\\\/wp-content\\\/uploads\\\/2022\\\/11\\\/Laboratorio-biblioteca-storica-Feltre_edited.jpg\",\"datePublished\":\"2022-11-14T13:18:47+00:00\",\"breadcrumb\":{\"@id\":\"https:\\\/\\\/www.bellunopress.it\\\/2022\\\/11\\\/14\\\/feltre-la-biblioteca-storica-svela-i-suoi-tesori-alle-scuole\\\/#breadcrumb\"},\"inLanguage\":\"fr-FR\",\"potentialAction\":[{\"@type\":\"ReadAction\",\"target\":[\"https:\\\/\\\/www.bellunopress.it\\\/2022\\\/11\\\/14\\\/feltre-la-biblioteca-storica-svela-i-suoi-tesori-alle-scuole\\\/\"]}]},{\"@type\":\"ImageObject\",\"inLanguage\":\"fr-FR\",\"@id\":\"https:\\\/\\\/www.bellunopress.it\\\/2022\\\/11\\\/14\\\/feltre-la-biblioteca-storica-svela-i-suoi-tesori-alle-scuole\\\/#primaryimage\",\"url\":\"https:\\\/\\\/www.bellunopress.it\\\/wp-content\\\/uploads\\\/2022\\\/11\\\/Laboratorio-biblioteca-storica-Feltre_edited.jpg\",\"contentUrl\":\"https:\\\/\\\/www.bellunopress.it\\\/wp-content\\\/uploads\\\/2022\\\/11\\\/Laboratorio-biblioteca-storica-Feltre_edited.jpg\",\"width\":1000,\"height\":750},{\"@type\":\"BreadcrumbList\",\"@id\":\"https:\\\/\\\/www.bellunopress.it\\\/2022\\\/11\\\/14\\\/feltre-la-biblioteca-storica-svela-i-suoi-tesori-alle-scuole\\\/#breadcrumb\",\"itemListElement\":[{\"@type\":\"ListItem\",\"position\":1,\"name\":\"Home\",\"item\":\"https:\\\/\\\/www.bellunopress.it\\\/\"},{\"@type\":\"ListItem\",\"position\":2,\"name\":\"Feltre. La Biblioteca storica svela i suoi tesori alle scuole\"}]},{\"@type\":\"WebSite\",\"@id\":\"https:\\\/\\\/www.bellunopress.it\\\/#website\",\"url\":\"https:\\\/\\\/www.bellunopress.it\\\/\",\"name\":\"Bellunopress - Dolomiti\",\"description\":\"e-mail: redazione@bellunopress.it\",\"publisher\":{\"@id\":\"https:\\\/\\\/www.bellunopress.it\\\/#organization\"},\"potentialAction\":[{\"@type\":\"SearchAction\",\"target\":{\"@type\":\"EntryPoint\",\"urlTemplate\":\"https:\\\/\\\/www.bellunopress.it\\\/?s={search_term_string}\"},\"query-input\":{\"@type\":\"PropertyValueSpecification\",\"valueRequired\":true,\"valueName\":\"search_term_string\"}}],\"inLanguage\":\"fr-FR\"},{\"@type\":\"Organization\",\"@id\":\"https:\\\/\\\/www.bellunopress.it\\\/#organization\",\"name\":\"Bellunopress\",\"url\":\"https:\\\/\\\/www.bellunopress.it\\\/\",\"logo\":{\"@type\":\"ImageObject\",\"inLanguage\":\"fr-FR\",\"@id\":\"https:\\\/\\\/www.bellunopress.it\\\/#\\\/schema\\\/logo\\\/image\\\/\",\"url\":\"https:\\\/\\\/www.bellunopress.it\\\/wp-content\\\/uploads\\\/2011\\\/05\\\/cropped-logo-bellunopress-.jpg\",\"contentUrl\":\"https:\\\/\\\/www.bellunopress.it\\\/wp-content\\\/uploads\\\/2011\\\/05\\\/cropped-logo-bellunopress-.jpg\",\"width\":512,\"height\":512,\"caption\":\"Bellunopress\"},\"image\":{\"@id\":\"https:\\\/\\\/www.bellunopress.it\\\/#\\\/schema\\\/logo\\\/image\\\/\"},\"sameAs\":[\"https:\\\/\\\/www.facebook.com\\\/profile.php?id=100008943462799\",\"https:\\\/\\\/x.com\\\/bellunopress\",\"https:\\\/\\\/www.linkedin.com\\\/hp\\\/?dnr=JBzUWaJfMUw8vbXJJ2tVW5-I3jZKvC4wsoxE&amp;amp;amp;amp;amp;amp;trk=nav_responsive_tab_home\",\"https:\\\/\\\/www.youtube.com\\\/channel\\\/UCxL0wu1uN0_3_7hGG0306cw\"]},{\"@type\":\"Person\",\"@id\":\"https:\\\/\\\/www.bellunopress.it\\\/#\\\/schema\\\/person\\\/79bb06722b37ece1c03d3e94beb30d73\",\"name\":\"redazione\",\"image\":{\"@type\":\"ImageObject\",\"inLanguage\":\"fr-FR\",\"@id\":\"https:\\\/\\\/secure.gravatar.com\\\/avatar\\\/37d968a2e67a6fd04c169c4bdef102d0bc5d31b2546345219e348575eb80e9a0?s=96&d=mm&r=g\",\"url\":\"https:\\\/\\\/secure.gravatar.com\\\/avatar\\\/37d968a2e67a6fd04c169c4bdef102d0bc5d31b2546345219e348575eb80e9a0?s=96&d=mm&r=g\",\"contentUrl\":\"https:\\\/\\\/secure.gravatar.com\\\/avatar\\\/37d968a2e67a6fd04c169c4bdef102d0bc5d31b2546345219e348575eb80e9a0?s=96&d=mm&r=g\",\"caption\":\"redazione\"},\"sameAs\":[\"http:\\\/\\\/www.bellunopress.it\",\"https:\\\/\\\/x.com\\\/bellunopress\"],\"url\":\"https:\\\/\\\/www.bellunopress.it\\\/fr\\\/author\\\/redazione\\\/\"}]}<\/script>\n<!-- \/ Yoast SEO plugin. -->","yoast_head_json":{"title":"Feltre. La Biblioteca storica svela i suoi tesori alle scuole - Bellunopress - Dolomiti","robots":{"index":"index","follow":"follow","max-snippet":"max-snippet:-1","max-image-preview":"max-image-preview:large","max-video-preview":"max-video-preview:-1"},"canonical":"https:\/\/www.bellunopress.it\/fr\/2022\/11\/14\/feltre-la-biblioteca-storica-svela-i-suoi-tesori-alle-scuole\/","og_locale":"fr_FR","og_type":"article","og_title":"Feltre. La Biblioteca storica svela i suoi tesori alle scuole - Bellunopress - Dolomiti","og_description":"L&#8217;assessore Dalla Palma questa mattina ai bambini del primo laboratorio: \u201cLa biblioteca \u00e8 uno dei tesori di Feltre ed appartiene anche a voi\u201d Da questa mattina la Biblioteca Storica di Feltre apre le porte ai bambini di quarta e quinta elementare con una serie di iniziative volte a promuovere la conoscenza del patrimonio documentario in [&hellip;]","og_url":"https:\/\/www.bellunopress.it\/fr\/2022\/11\/14\/feltre-la-biblioteca-storica-svela-i-suoi-tesori-alle-scuole\/","og_site_name":"Bellunopress - Dolomiti","article_publisher":"https:\/\/www.facebook.com\/profile.php?id=100008943462799","article_published_time":"2022-11-14T13:18:47+00:00","og_image":[{"width":1000,"height":750,"url":"https:\/\/www.bellunopress.it\/wp-content\/uploads\/2022\/11\/Laboratorio-biblioteca-storica-Feltre_edited.jpg","type":"image\/jpeg"}],"author":"redazione","twitter_card":"summary_large_image","twitter_creator":"@bellunopress","twitter_site":"@bellunopress","twitter_misc":{"Written by":"redazione","Est. reading time":"3 minutes"},"schema":{"@context":"https:\/\/schema.org","@graph":[{"@type":"Article","@id":"https:\/\/www.bellunopress.it\/2022\/11\/14\/feltre-la-biblioteca-storica-svela-i-suoi-tesori-alle-scuole\/#article","isPartOf":{"@id":"https:\/\/www.bellunopress.it\/2022\/11\/14\/feltre-la-biblioteca-storica-svela-i-suoi-tesori-alle-scuole\/"},"author":{"name":"redazione","@id":"https:\/\/www.bellunopress.it\/#\/schema\/person\/79bb06722b37ece1c03d3e94beb30d73"},"headline":"Feltre. La Biblioteca storica svela i suoi tesori alle scuole","datePublished":"2022-11-14T13:18:47+00:00","mainEntityOfPage":{"@id":"https:\/\/www.bellunopress.it\/2022\/11\/14\/feltre-la-biblioteca-storica-svela-i-suoi-tesori-alle-scuole\/"},"wordCount":378,"publisher":{"@id":"https:\/\/www.bellunopress.it\/#organization"},"image":{"@id":"https:\/\/www.bellunopress.it\/2022\/11\/14\/feltre-la-biblioteca-storica-svela-i-suoi-tesori-alle-scuole\/#primaryimage"},"thumbnailUrl":"https:\/\/www.bellunopress.it\/wp-content\/uploads\/2022\/11\/Laboratorio-biblioteca-storica-Feltre_edited.jpg","articleSection":["Scuola"],"inLanguage":"fr-FR"},{"@type":"WebPage","@id":"https:\/\/www.bellunopress.it\/2022\/11\/14\/feltre-la-biblioteca-storica-svela-i-suoi-tesori-alle-scuole\/","url":"https:\/\/www.bellunopress.it\/2022\/11\/14\/feltre-la-biblioteca-storica-svela-i-suoi-tesori-alle-scuole\/","name":"Feltre. La Biblioteca storica svela i suoi tesori alle scuole - Bellunopress - Dolomiti","isPartOf":{"@id":"https:\/\/www.bellunopress.it\/#website"},"primaryImageOfPage":{"@id":"https:\/\/www.bellunopress.it\/2022\/11\/14\/feltre-la-biblioteca-storica-svela-i-suoi-tesori-alle-scuole\/#primaryimage"},"image":{"@id":"https:\/\/www.bellunopress.it\/2022\/11\/14\/feltre-la-biblioteca-storica-svela-i-suoi-tesori-alle-scuole\/#primaryimage"},"thumbnailUrl":"https:\/\/www.bellunopress.it\/wp-content\/uploads\/2022\/11\/Laboratorio-biblioteca-storica-Feltre_edited.jpg","datePublished":"2022-11-14T13:18:47+00:00","breadcrumb":{"@id":"https:\/\/www.bellunopress.it\/2022\/11\/14\/feltre-la-biblioteca-storica-svela-i-suoi-tesori-alle-scuole\/#breadcrumb"},"inLanguage":"fr-FR","potentialAction":[{"@type":"ReadAction","target":["https:\/\/www.bellunopress.it\/2022\/11\/14\/feltre-la-biblioteca-storica-svela-i-suoi-tesori-alle-scuole\/"]}]},{"@type":"ImageObject","inLanguage":"fr-FR","@id":"https:\/\/www.bellunopress.it\/2022\/11\/14\/feltre-la-biblioteca-storica-svela-i-suoi-tesori-alle-scuole\/#primaryimage","url":"https:\/\/www.bellunopress.it\/wp-content\/uploads\/2022\/11\/Laboratorio-biblioteca-storica-Feltre_edited.jpg","contentUrl":"https:\/\/www.bellunopress.it\/wp-content\/uploads\/2022\/11\/Laboratorio-biblioteca-storica-Feltre_edited.jpg","width":1000,"height":750},{"@type":"BreadcrumbList","@id":"https:\/\/www.bellunopress.it\/2022\/11\/14\/feltre-la-biblioteca-storica-svela-i-suoi-tesori-alle-scuole\/#breadcrumb","itemListElement":[{"@type":"ListItem","position":1,"name":"Home","item":"https:\/\/www.bellunopress.it\/"},{"@type":"ListItem","position":2,"name":"Feltre. La Biblioteca storica svela i suoi tesori alle scuole"}]},{"@type":"WebSite","@id":"https:\/\/www.bellunopress.it\/#website","url":"https:\/\/www.bellunopress.it\/","name":"Bellunopress - Dolomiti","description":"e-mail: redazione@bellunopress.it","publisher":{"@id":"https:\/\/www.bellunopress.it\/#organization"},"potentialAction":[{"@type":"SearchAction","target":{"@type":"EntryPoint","urlTemplate":"https:\/\/www.bellunopress.it\/?s={search_term_string}"},"query-input":{"@type":"PropertyValueSpecification","valueRequired":true,"valueName":"search_term_string"}}],"inLanguage":"fr-FR"},{"@type":"Organization","@id":"https:\/\/www.bellunopress.it\/#organization","name":"Bellunopress","url":"https:\/\/www.bellunopress.it\/","logo":{"@type":"ImageObject","inLanguage":"fr-FR","@id":"https:\/\/www.bellunopress.it\/#\/schema\/logo\/image\/","url":"https:\/\/www.bellunopress.it\/wp-content\/uploads\/2011\/05\/cropped-logo-bellunopress-.jpg","contentUrl":"https:\/\/www.bellunopress.it\/wp-content\/uploads\/2011\/05\/cropped-logo-bellunopress-.jpg","width":512,"height":512,"caption":"Bellunopress"},"image":{"@id":"https:\/\/www.bellunopress.it\/#\/schema\/logo\/image\/"},"sameAs":["https:\/\/www.facebook.com\/profile.php?id=100008943462799","https:\/\/x.com\/bellunopress","https:\/\/www.linkedin.com\/hp\/?dnr=JBzUWaJfMUw8vbXJJ2tVW5-I3jZKvC4wsoxE&amp;amp;amp;amp;amp;amp;trk=nav_responsive_tab_home","https:\/\/www.youtube.com\/channel\/UCxL0wu1uN0_3_7hGG0306cw"]},{"@type":"Person","@id":"https:\/\/www.bellunopress.it\/#\/schema\/person\/79bb06722b37ece1c03d3e94beb30d73","name":"r\u00e9daction","image":{"@type":"ImageObject","inLanguage":"fr-FR","@id":"https:\/\/secure.gravatar.com\/avatar\/37d968a2e67a6fd04c169c4bdef102d0bc5d31b2546345219e348575eb80e9a0?s=96&d=mm&r=g","url":"https:\/\/secure.gravatar.com\/avatar\/37d968a2e67a6fd04c169c4bdef102d0bc5d31b2546345219e348575eb80e9a0?s=96&d=mm&r=g","contentUrl":"https:\/\/secure.gravatar.com\/avatar\/37d968a2e67a6fd04c169c4bdef102d0bc5d31b2546345219e348575eb80e9a0?s=96&d=mm&r=g","caption":"redazione"},"sameAs":["http:\/\/www.bellunopress.it","https:\/\/x.com\/bellunopress"],"url":"https:\/\/www.bellunopress.it\/fr\/author\/redazione\/"}]}},"_links":{"self":[{"href":"https:\/\/www.bellunopress.it\/fr\/wp-json\/wp\/v2\/posts\/137683","targetHints":{"allow":["GET"]}}],"collection":[{"href":"https:\/\/www.bellunopress.it\/fr\/wp-json\/wp\/v2\/posts"}],"about":[{"href":"https:\/\/www.bellunopress.it\/fr\/wp-json\/wp\/v2\/types\/post"}],"author":[{"embeddable":true,"href":"https:\/\/www.bellunopress.it\/fr\/wp-json\/wp\/v2\/users\/2"}],"replies":[{"embeddable":true,"href":"https:\/\/www.bellunopress.it\/fr\/wp-json\/wp\/v2\/comments?post=137683"}],"version-history":[{"count":1,"href":"https:\/\/www.bellunopress.it\/fr\/wp-json\/wp\/v2\/posts\/137683\/revisions"}],"predecessor-version":[{"id":137685,"href":"https:\/\/www.bellunopress.it\/fr\/wp-json\/wp\/v2\/posts\/137683\/revisions\/137685"}],"wp:featuredmedia":[{"embeddable":true,"href":"https:\/\/www.bellunopress.it\/fr\/wp-json\/wp\/v2\/media\/137684"}],"wp:attachment":[{"href":"https:\/\/www.bellunopress.it\/fr\/wp-json\/wp\/v2\/media?parent=137683"}],"wp:term":[{"taxonomy":"category","embeddable":true,"href":"https:\/\/www.bellunopress.it\/fr\/wp-json\/wp\/v2\/categories?post=137683"},{"taxonomy":"post_tag","embeddable":true,"href":"https:\/\/www.bellunopress.it\/fr\/wp-json\/wp\/v2\/tags?post=137683"}],"curies":[{"name":"wp","href":"https:\/\/api.w.org\/{rel}","templated":true}]}}