{"id":137681,"date":"2022-11-14T14:13:30","date_gmt":"2022-11-14T13:13:30","guid":{"rendered":"https:\/\/www.bellunopress.it\/?p=137681"},"modified":"2022-11-14T14:13:30","modified_gmt":"2022-11-14T13:13:30","slug":"il-progetto-stacco-in-provincia-di-belluno","status":"publish","type":"post","link":"https:\/\/www.bellunopress.it\/fr\/2022\/11\/14\/il-progetto-stacco-in-provincia-di-belluno\/","title":{"rendered":"Il Progetto Stacco in Provincia di Belluno"},"content":{"rendered":"<p><em><img loading=\"lazy\" decoding=\"async\" class=\"alignleft size-full wp-image-118485\" src=\"https:\/\/www.bellunopress.it\/wp-content\/uploads\/2020\/10\/comitato-dintesa_edited.jpg\" alt=\"\" width=\"768\" height=\"339\" srcset=\"https:\/\/www.bellunopress.it\/wp-content\/uploads\/2020\/10\/comitato-dintesa_edited.jpg 768w, https:\/\/www.bellunopress.it\/wp-content\/uploads\/2020\/10\/comitato-dintesa_edited-500x221.jpg 500w, https:\/\/www.bellunopress.it\/wp-content\/uploads\/2020\/10\/comitato-dintesa_edited-696x307.jpg 696w\" sizes=\"auto, (max-width: 768px) 100vw, 768px\" \/>L\u2019analisi del Servizio di trasporto e accompagnamento nel pre e post pandemia<\/em><br \/>\n<em>Sabato 19 novembre un incontro celebrativo e di confronto in Piazza Duomo<\/em><\/p>\n<p>Si terr\u00e0 sabato 19 novembre alle 15 in Piazza Duomo l\u2019incontro celebrativo del progetto STAcco (Servizio di trasporto e accompagnamento) in provincia di Belluno. Il progetto \u00e8 il frutto di vent\u2019anni di collaborazione tra il Comitato d\u2019Intesa, nella sua veste di rappresentante e coordinatore del territorio, e le associazioni di volontariato coinvolte.<br \/>\nInterverranno Gianluca Corsetti, presidente del Comitato d\u2019Intesa, il referente del Comitato per STAcco Sisto Da Roit e altri rappresentanti e volontari che consentono di portare avanti il progetto; l\u2019incontro, oltre che momento di festa, sar\u00e0 anche occasione per un confronto dei dati pre e post pandemia e per una discussione sullo stato dell\u2019arte ed eventuali problematiche.<\/p>\n<p><strong>Scopo del progetto e numeri<\/strong><\/p>\n<p>Trasportare e accompagnare persone anziane e\/o con disabilit\u00e0 dal proprio domicilio alle strutture ospedaliere. In provincia di Belluno, data la sua notevole estensione territoriale, ce n\u2019\u00e8 costante bisogno.<br \/>\nPer questo STAcco trova la sua ragione d\u2019agire ormai da molti anni: si tratta di un progetto di trasporto a finalit\u00e0 sociale, svolto in tutto il Bellunese e la rete conta 23 associazioni dislocate in tutto il territorio della provincia.<br \/>\nOltre 360 mila i km percorsi in questo 2022, 9.554 viaggi e un numero di utenti serviti pari a 1.864 con 508 volontari coinvolti per un impegno orario di 17.426 ore di lavoro. Guardando agli ultimi cinque anni, in media sono stati percorsi 500 mila km l\u2019anno, con una flessione nel biennio segnato dalla pandemia. In ogni caso, nemmeno durante il periodo segnato dal Covid, i trasporti si sono fermati (207.637 km percorsi nel 2020, 296.728 nel 2021), con tutte le difficolt\u00e0 del caso.<br \/>\nFacendo una proporzione tra i dati del biennio 2020-21 e gli anni precedenti si nota un aumento dell\u2019impegno orario dei volontari, un aumento dei km percorsi, a testimonianza che le prestazioni dei servizi stanno riprendendo quota, ma al contempo una diminuzione dei volontari.<br \/>\n\u00abIl trend evidenzia il fenomeno che per i volontari rimasti in servizio \u00e8 aumentato l\u2019impegno in termini di tempo. Al contempo la diminuzione dei volontari, legata soprattutto alla pandemia, ha un effetto impattante per il servizio di trasporto, in particolar modo nelle zone montane della provincia, che rischia di non avere pi\u00f9 risorse umane per garantire il servizio\u00bb spiega il presidente Gianluca Corsetti. \u00abPer quanto riguarda la tipologia di prestazione, si pu\u00f2 affermare che praticamente quasi tutti i trasporti vengono effettuati dall\u2019abitazione dei cittadini alle sedi ospedaliere o dei medici di base (nel 2022 la percentuale \u00e8 del 98%)\u00bb.<\/p>\n<p><strong>Le difficolt\u00e0<\/strong><\/p>\n<p>La pandemia nell\u2019ambito dell\u2019attivit\u00e0 di volontariato e nello specifico del trasporto ha avuto un particolare impatto.<br \/>\nChiarisce Corsetti: \u00abPer la situazione dei volontari pesano difficolt\u00e0 nel ricambio generazionale, et\u00e0 del pensionamento, spopolamento. Con la pandemia, poi, molti volontari hanno deciso di non mettersi pi\u00f9 a disposizione, anche per una percepita paura di ammalarsi e perch\u00e9 l\u2019et\u00e0 media stimata dei volontari \u00e8 di 70 anni. Oggi ci troviamo, per la maggior parte delle realt\u00e0 associative, con una diminuzione importante di volontari e con la difficolt\u00e0 sempre maggiore di trovare risorse uomo.<br \/>\nIl periodo post pandemia, patisce inoltre la modifica dell\u2019organizzazione e dell\u2019accesso ai servizi ospedalieri, pi\u00f9 penalizzante soprattutto in termini di distanze e orari per i familiari impegnati al lavoro, che ha comportato l\u2019aumento delle richieste\u00bb.<\/p>\n<p><strong>La storia<\/strong><\/p>\n<p>Nel 2004 l\u2019allora Ulss 1 di Belluno individua nel Comitato d&#8217;Intesa l&#8217;ente capofila del progetto. Dopo il primo anno sperimentale, finanziato con fondo regionale, fu deciso di estendere il servizio al territorio dell\u2019allora Ulss 2 di Feltre. Da allora la crescita dei servizi \u00e8 stata progressiva e costante. Fin dalle origini lo STAcco ha potuto usufruire del supporto da parte dell\u2019allora Csv Belluno per la fase progettuale e di rendicontazione delle attivit\u00e0. Le tipologie si dividono in trasporto a chiamata (verso strutture mediche, socio-sanitarie, di assistenza) e programmato (verso strutture mediche, socio-sanitarie per cicli di terapie, verso luoghi di lavoro, istituti scolastici, ecc.). I finanziamenti provengono dalla Regione del Veneto (110 mila euro a partire dal 2014 pi\u00f9 un contributo speciale di 15 mila euro nel 2021) e dalle Conferenze dei sindaci delle Ulss provinciali, oggi Comitati dei sindaci dell\u2019Ulss 1 (circa 47 mila l\u2019anno a partire dal 2016).<\/p>\n<p><strong>Le prospettive<\/strong><br \/>\n\u00abIl Comitato d\u2019Intesa pu\u00f2 impegnarsi, al fine di accrescere il numero di volontari, nel promuovere azioni e strumenti di sensibilizzazione e incontri nelle realt\u00e0 non coperte dal servizio. Inoltre ci impegneremo a formulare un regolamento che definisca in modo chiaro i compiti dei volontari e i limiti del loro intervento affinch\u00e9 diventi anche una specie di \u201ccertificato di qualit\u00e0\u201d. Infine, amplieremo l\u2019offerta formativa rivolta a tutti i volontari, dalla privacy ai corsi di primo soccorso a guida sicura, ecc. \u00bb anticipa il presidente. \u00abAlle istituzioni chiediamo un supporto affinch\u00e9 venga agevolato l\u2019accesso alle prestazioni ambulatoriali tenendo conto delle distanze, dell\u2019et\u00e0 degli utenti e anche dei costi, in termini economici e temporali, per le associazioni e i volontari, ad esempio nell\u2019assegnazione degli orari delle visite, oltre che il proseguimento di collaborazione e sostegno\u00bb.<\/p>\n<p>&nbsp;<\/p>\n<p>&nbsp;<\/p>\n<p>&nbsp;<\/p>","protected":false},"excerpt":{"rendered":"<p>L\u2019analisi del Servizio di trasporto e accompagnamento nel pre e post pandemia Sabato 19 novembre un incontro celebrativo e di confronto in Piazza Duomo Si terr\u00e0 sabato 19 novembre alle 15 in Piazza Duomo l\u2019incontro celebrativo del progetto STAcco (Servizio di trasporto e accompagnamento) in provincia di Belluno. Il progetto \u00e8 il frutto di vent\u2019anni [&hellip;]<\/p>\n","protected":false},"author":2,"featured_media":118485,"comment_status":"closed","ping_status":"open","sticky":false,"template":"","format":"standard","meta":{"footnotes":""},"categories":[8],"tags":[],"class_list":["post-137681","post","type-post","status-publish","format-standard","has-post-thumbnail","category-societa-istituzioni"],"yoast_head":"<!-- This site is optimized with the Yoast SEO plugin v28.4 - https:\/\/yoast.com\/product\/yoast-seo-wordpress\/ -->\n<title>Il Progetto Stacco in Provincia di Belluno - Bellunopress - Dolomiti<\/title>\n<meta name=\"robots\" content=\"index, follow, max-snippet:-1, max-image-preview:large, max-video-preview:-1\" \/>\n<link rel=\"canonical\" href=\"https:\/\/www.bellunopress.it\/fr\/2022\/11\/14\/il-progetto-stacco-in-provincia-di-belluno\/\" \/>\n<meta property=\"og:locale\" content=\"fr_FR\" \/>\n<meta property=\"og:type\" content=\"article\" \/>\n<meta property=\"og:title\" content=\"Il Progetto Stacco in Provincia di Belluno - Bellunopress - Dolomiti\" \/>\n<meta property=\"og:description\" content=\"L\u2019analisi del Servizio di trasporto e accompagnamento nel pre e post pandemia Sabato 19 novembre un incontro celebrativo e di confronto in Piazza Duomo Si terr\u00e0 sabato 19 novembre alle 15 in Piazza Duomo l\u2019incontro celebrativo del progetto STAcco (Servizio di trasporto e accompagnamento) in provincia di Belluno. Il progetto \u00e8 il frutto di vent\u2019anni [&hellip;]\" \/>\n<meta property=\"og:url\" content=\"https:\/\/www.bellunopress.it\/fr\/2022\/11\/14\/il-progetto-stacco-in-provincia-di-belluno\/\" \/>\n<meta property=\"og:site_name\" content=\"Bellunopress - Dolomiti\" \/>\n<meta property=\"article:publisher\" content=\"https:\/\/www.facebook.com\/profile.php?id=100008943462799\" \/>\n<meta property=\"article:published_time\" content=\"2022-11-14T13:13:30+00:00\" \/>\n<meta property=\"og:image\" content=\"https:\/\/www.bellunopress.it\/wp-content\/uploads\/2020\/10\/comitato-dintesa_edited.jpg\" \/>\n\t<meta property=\"og:image:width\" content=\"768\" \/>\n\t<meta property=\"og:image:height\" content=\"339\" \/>\n\t<meta property=\"og:image:type\" content=\"image\/jpeg\" \/>\n<meta name=\"author\" content=\"redazione\" \/>\n<meta name=\"twitter:card\" content=\"summary_large_image\" \/>\n<meta name=\"twitter:creator\" content=\"@bellunopress\" \/>\n<meta name=\"twitter:site\" content=\"@bellunopress\" \/>\n<meta name=\"twitter:label1\" content=\"Written by\" \/>\n\t<meta name=\"twitter:data1\" content=\"redazione\" \/>\n\t<meta name=\"twitter:label2\" content=\"Est. reading time\" \/>\n\t<meta name=\"twitter:data2\" content=\"5 minutes\" \/>\n<script type=\"application\/ld+json\" class=\"yoast-schema-graph\">{\"@context\":\"https:\\\/\\\/schema.org\",\"@graph\":[{\"@type\":\"Article\",\"@id\":\"https:\\\/\\\/www.bellunopress.it\\\/2022\\\/11\\\/14\\\/il-progetto-stacco-in-provincia-di-belluno\\\/#article\",\"isPartOf\":{\"@id\":\"https:\\\/\\\/www.bellunopress.it\\\/2022\\\/11\\\/14\\\/il-progetto-stacco-in-provincia-di-belluno\\\/\"},\"author\":{\"name\":\"redazione\",\"@id\":\"https:\\\/\\\/www.bellunopress.it\\\/#\\\/schema\\\/person\\\/79bb06722b37ece1c03d3e94beb30d73\"},\"headline\":\"Il Progetto Stacco in Provincia di Belluno\",\"datePublished\":\"2022-11-14T13:13:30+00:00\",\"mainEntityOfPage\":{\"@id\":\"https:\\\/\\\/www.bellunopress.it\\\/2022\\\/11\\\/14\\\/il-progetto-stacco-in-provincia-di-belluno\\\/\"},\"wordCount\":850,\"publisher\":{\"@id\":\"https:\\\/\\\/www.bellunopress.it\\\/#organization\"},\"image\":{\"@id\":\"https:\\\/\\\/www.bellunopress.it\\\/2022\\\/11\\\/14\\\/il-progetto-stacco-in-provincia-di-belluno\\\/#primaryimage\"},\"thumbnailUrl\":\"https:\\\/\\\/www.bellunopress.it\\\/wp-content\\\/uploads\\\/2020\\\/10\\\/comitato-dintesa_edited.jpg\",\"articleSection\":[\"Societ\u00e0, Associazioni, Istituzioni\"],\"inLanguage\":\"fr-FR\"},{\"@type\":\"WebPage\",\"@id\":\"https:\\\/\\\/www.bellunopress.it\\\/2022\\\/11\\\/14\\\/il-progetto-stacco-in-provincia-di-belluno\\\/\",\"url\":\"https:\\\/\\\/www.bellunopress.it\\\/2022\\\/11\\\/14\\\/il-progetto-stacco-in-provincia-di-belluno\\\/\",\"name\":\"Il Progetto Stacco in Provincia di Belluno - Bellunopress - Dolomiti\",\"isPartOf\":{\"@id\":\"https:\\\/\\\/www.bellunopress.it\\\/#website\"},\"primaryImageOfPage\":{\"@id\":\"https:\\\/\\\/www.bellunopress.it\\\/2022\\\/11\\\/14\\\/il-progetto-stacco-in-provincia-di-belluno\\\/#primaryimage\"},\"image\":{\"@id\":\"https:\\\/\\\/www.bellunopress.it\\\/2022\\\/11\\\/14\\\/il-progetto-stacco-in-provincia-di-belluno\\\/#primaryimage\"},\"thumbnailUrl\":\"https:\\\/\\\/www.bellunopress.it\\\/wp-content\\\/uploads\\\/2020\\\/10\\\/comitato-dintesa_edited.jpg\",\"datePublished\":\"2022-11-14T13:13:30+00:00\",\"breadcrumb\":{\"@id\":\"https:\\\/\\\/www.bellunopress.it\\\/2022\\\/11\\\/14\\\/il-progetto-stacco-in-provincia-di-belluno\\\/#breadcrumb\"},\"inLanguage\":\"fr-FR\",\"potentialAction\":[{\"@type\":\"ReadAction\",\"target\":[\"https:\\\/\\\/www.bellunopress.it\\\/2022\\\/11\\\/14\\\/il-progetto-stacco-in-provincia-di-belluno\\\/\"]}]},{\"@type\":\"ImageObject\",\"inLanguage\":\"fr-FR\",\"@id\":\"https:\\\/\\\/www.bellunopress.it\\\/2022\\\/11\\\/14\\\/il-progetto-stacco-in-provincia-di-belluno\\\/#primaryimage\",\"url\":\"https:\\\/\\\/www.bellunopress.it\\\/wp-content\\\/uploads\\\/2020\\\/10\\\/comitato-dintesa_edited.jpg\",\"contentUrl\":\"https:\\\/\\\/www.bellunopress.it\\\/wp-content\\\/uploads\\\/2020\\\/10\\\/comitato-dintesa_edited.jpg\",\"width\":768,\"height\":339},{\"@type\":\"BreadcrumbList\",\"@id\":\"https:\\\/\\\/www.bellunopress.it\\\/2022\\\/11\\\/14\\\/il-progetto-stacco-in-provincia-di-belluno\\\/#breadcrumb\",\"itemListElement\":[{\"@type\":\"ListItem\",\"position\":1,\"name\":\"Home\",\"item\":\"https:\\\/\\\/www.bellunopress.it\\\/\"},{\"@type\":\"ListItem\",\"position\":2,\"name\":\"Il Progetto Stacco in Provincia di Belluno\"}]},{\"@type\":\"WebSite\",\"@id\":\"https:\\\/\\\/www.bellunopress.it\\\/#website\",\"url\":\"https:\\\/\\\/www.bellunopress.it\\\/\",\"name\":\"Bellunopress - Dolomiti\",\"description\":\"e-mail: redazione@bellunopress.it\",\"publisher\":{\"@id\":\"https:\\\/\\\/www.bellunopress.it\\\/#organization\"},\"potentialAction\":[{\"@type\":\"SearchAction\",\"target\":{\"@type\":\"EntryPoint\",\"urlTemplate\":\"https:\\\/\\\/www.bellunopress.it\\\/?s={search_term_string}\"},\"query-input\":{\"@type\":\"PropertyValueSpecification\",\"valueRequired\":true,\"valueName\":\"search_term_string\"}}],\"inLanguage\":\"fr-FR\"},{\"@type\":\"Organization\",\"@id\":\"https:\\\/\\\/www.bellunopress.it\\\/#organization\",\"name\":\"Bellunopress\",\"url\":\"https:\\\/\\\/www.bellunopress.it\\\/\",\"logo\":{\"@type\":\"ImageObject\",\"inLanguage\":\"fr-FR\",\"@id\":\"https:\\\/\\\/www.bellunopress.it\\\/#\\\/schema\\\/logo\\\/image\\\/\",\"url\":\"https:\\\/\\\/www.bellunopress.it\\\/wp-content\\\/uploads\\\/2011\\\/05\\\/cropped-logo-bellunopress-.jpg\",\"contentUrl\":\"https:\\\/\\\/www.bellunopress.it\\\/wp-content\\\/uploads\\\/2011\\\/05\\\/cropped-logo-bellunopress-.jpg\",\"width\":512,\"height\":512,\"caption\":\"Bellunopress\"},\"image\":{\"@id\":\"https:\\\/\\\/www.bellunopress.it\\\/#\\\/schema\\\/logo\\\/image\\\/\"},\"sameAs\":[\"https:\\\/\\\/www.facebook.com\\\/profile.php?id=100008943462799\",\"https:\\\/\\\/x.com\\\/bellunopress\",\"https:\\\/\\\/www.linkedin.com\\\/hp\\\/?dnr=JBzUWaJfMUw8vbXJJ2tVW5-I3jZKvC4wsoxE&amp;amp;amp;amp;amp;amp;trk=nav_responsive_tab_home\",\"https:\\\/\\\/www.youtube.com\\\/channel\\\/UCxL0wu1uN0_3_7hGG0306cw\"]},{\"@type\":\"Person\",\"@id\":\"https:\\\/\\\/www.bellunopress.it\\\/#\\\/schema\\\/person\\\/79bb06722b37ece1c03d3e94beb30d73\",\"name\":\"redazione\",\"image\":{\"@type\":\"ImageObject\",\"inLanguage\":\"fr-FR\",\"@id\":\"https:\\\/\\\/secure.gravatar.com\\\/avatar\\\/37d968a2e67a6fd04c169c4bdef102d0bc5d31b2546345219e348575eb80e9a0?s=96&d=mm&r=g\",\"url\":\"https:\\\/\\\/secure.gravatar.com\\\/avatar\\\/37d968a2e67a6fd04c169c4bdef102d0bc5d31b2546345219e348575eb80e9a0?s=96&d=mm&r=g\",\"contentUrl\":\"https:\\\/\\\/secure.gravatar.com\\\/avatar\\\/37d968a2e67a6fd04c169c4bdef102d0bc5d31b2546345219e348575eb80e9a0?s=96&d=mm&r=g\",\"caption\":\"redazione\"},\"sameAs\":[\"http:\\\/\\\/www.bellunopress.it\",\"https:\\\/\\\/x.com\\\/bellunopress\"],\"url\":\"https:\\\/\\\/www.bellunopress.it\\\/fr\\\/author\\\/redazione\\\/\"}]}<\/script>\n<!-- \/ Yoast SEO plugin. -->","yoast_head_json":{"title":"Il Progetto Stacco in Provincia di Belluno - Bellunopress - Dolomiti","robots":{"index":"index","follow":"follow","max-snippet":"max-snippet:-1","max-image-preview":"max-image-preview:large","max-video-preview":"max-video-preview:-1"},"canonical":"https:\/\/www.bellunopress.it\/fr\/2022\/11\/14\/il-progetto-stacco-in-provincia-di-belluno\/","og_locale":"fr_FR","og_type":"article","og_title":"Il Progetto Stacco in Provincia di Belluno - Bellunopress - Dolomiti","og_description":"L\u2019analisi del Servizio di trasporto e accompagnamento nel pre e post pandemia Sabato 19 novembre un incontro celebrativo e di confronto in Piazza Duomo Si terr\u00e0 sabato 19 novembre alle 15 in Piazza Duomo l\u2019incontro celebrativo del progetto STAcco (Servizio di trasporto e accompagnamento) in provincia di Belluno. Il progetto \u00e8 il frutto di vent\u2019anni [&hellip;]","og_url":"https:\/\/www.bellunopress.it\/fr\/2022\/11\/14\/il-progetto-stacco-in-provincia-di-belluno\/","og_site_name":"Bellunopress - Dolomiti","article_publisher":"https:\/\/www.facebook.com\/profile.php?id=100008943462799","article_published_time":"2022-11-14T13:13:30+00:00","og_image":[{"width":768,"height":339,"url":"https:\/\/www.bellunopress.it\/wp-content\/uploads\/2020\/10\/comitato-dintesa_edited.jpg","type":"image\/jpeg"}],"author":"redazione","twitter_card":"summary_large_image","twitter_creator":"@bellunopress","twitter_site":"@bellunopress","twitter_misc":{"Written by":"redazione","Est. reading time":"5 minutes"},"schema":{"@context":"https:\/\/schema.org","@graph":[{"@type":"Article","@id":"https:\/\/www.bellunopress.it\/2022\/11\/14\/il-progetto-stacco-in-provincia-di-belluno\/#article","isPartOf":{"@id":"https:\/\/www.bellunopress.it\/2022\/11\/14\/il-progetto-stacco-in-provincia-di-belluno\/"},"author":{"name":"redazione","@id":"https:\/\/www.bellunopress.it\/#\/schema\/person\/79bb06722b37ece1c03d3e94beb30d73"},"headline":"Il Progetto Stacco in Provincia di Belluno","datePublished":"2022-11-14T13:13:30+00:00","mainEntityOfPage":{"@id":"https:\/\/www.bellunopress.it\/2022\/11\/14\/il-progetto-stacco-in-provincia-di-belluno\/"},"wordCount":850,"publisher":{"@id":"https:\/\/www.bellunopress.it\/#organization"},"image":{"@id":"https:\/\/www.bellunopress.it\/2022\/11\/14\/il-progetto-stacco-in-provincia-di-belluno\/#primaryimage"},"thumbnailUrl":"https:\/\/www.bellunopress.it\/wp-content\/uploads\/2020\/10\/comitato-dintesa_edited.jpg","articleSection":["Societ\u00e0, Associazioni, Istituzioni"],"inLanguage":"fr-FR"},{"@type":"WebPage","@id":"https:\/\/www.bellunopress.it\/2022\/11\/14\/il-progetto-stacco-in-provincia-di-belluno\/","url":"https:\/\/www.bellunopress.it\/2022\/11\/14\/il-progetto-stacco-in-provincia-di-belluno\/","name":"Il Progetto Stacco in Provincia di Belluno - Bellunopress - Dolomiti","isPartOf":{"@id":"https:\/\/www.bellunopress.it\/#website"},"primaryImageOfPage":{"@id":"https:\/\/www.bellunopress.it\/2022\/11\/14\/il-progetto-stacco-in-provincia-di-belluno\/#primaryimage"},"image":{"@id":"https:\/\/www.bellunopress.it\/2022\/11\/14\/il-progetto-stacco-in-provincia-di-belluno\/#primaryimage"},"thumbnailUrl":"https:\/\/www.bellunopress.it\/wp-content\/uploads\/2020\/10\/comitato-dintesa_edited.jpg","datePublished":"2022-11-14T13:13:30+00:00","breadcrumb":{"@id":"https:\/\/www.bellunopress.it\/2022\/11\/14\/il-progetto-stacco-in-provincia-di-belluno\/#breadcrumb"},"inLanguage":"fr-FR","potentialAction":[{"@type":"ReadAction","target":["https:\/\/www.bellunopress.it\/2022\/11\/14\/il-progetto-stacco-in-provincia-di-belluno\/"]}]},{"@type":"ImageObject","inLanguage":"fr-FR","@id":"https:\/\/www.bellunopress.it\/2022\/11\/14\/il-progetto-stacco-in-provincia-di-belluno\/#primaryimage","url":"https:\/\/www.bellunopress.it\/wp-content\/uploads\/2020\/10\/comitato-dintesa_edited.jpg","contentUrl":"https:\/\/www.bellunopress.it\/wp-content\/uploads\/2020\/10\/comitato-dintesa_edited.jpg","width":768,"height":339},{"@type":"BreadcrumbList","@id":"https:\/\/www.bellunopress.it\/2022\/11\/14\/il-progetto-stacco-in-provincia-di-belluno\/#breadcrumb","itemListElement":[{"@type":"ListItem","position":1,"name":"Home","item":"https:\/\/www.bellunopress.it\/"},{"@type":"ListItem","position":2,"name":"Il Progetto Stacco in Provincia di Belluno"}]},{"@type":"WebSite","@id":"https:\/\/www.bellunopress.it\/#website","url":"https:\/\/www.bellunopress.it\/","name":"Bellunopress - Dolomiti","description":"e-mail: redazione@bellunopress.it","publisher":{"@id":"https:\/\/www.bellunopress.it\/#organization"},"potentialAction":[{"@type":"SearchAction","target":{"@type":"EntryPoint","urlTemplate":"https:\/\/www.bellunopress.it\/?s={search_term_string}"},"query-input":{"@type":"PropertyValueSpecification","valueRequired":true,"valueName":"search_term_string"}}],"inLanguage":"fr-FR"},{"@type":"Organization","@id":"https:\/\/www.bellunopress.it\/#organization","name":"Bellunopress","url":"https:\/\/www.bellunopress.it\/","logo":{"@type":"ImageObject","inLanguage":"fr-FR","@id":"https:\/\/www.bellunopress.it\/#\/schema\/logo\/image\/","url":"https:\/\/www.bellunopress.it\/wp-content\/uploads\/2011\/05\/cropped-logo-bellunopress-.jpg","contentUrl":"https:\/\/www.bellunopress.it\/wp-content\/uploads\/2011\/05\/cropped-logo-bellunopress-.jpg","width":512,"height":512,"caption":"Bellunopress"},"image":{"@id":"https:\/\/www.bellunopress.it\/#\/schema\/logo\/image\/"},"sameAs":["https:\/\/www.facebook.com\/profile.php?id=100008943462799","https:\/\/x.com\/bellunopress","https:\/\/www.linkedin.com\/hp\/?dnr=JBzUWaJfMUw8vbXJJ2tVW5-I3jZKvC4wsoxE&amp;amp;amp;amp;amp;amp;trk=nav_responsive_tab_home","https:\/\/www.youtube.com\/channel\/UCxL0wu1uN0_3_7hGG0306cw"]},{"@type":"Person","@id":"https:\/\/www.bellunopress.it\/#\/schema\/person\/79bb06722b37ece1c03d3e94beb30d73","name":"r\u00e9daction","image":{"@type":"ImageObject","inLanguage":"fr-FR","@id":"https:\/\/secure.gravatar.com\/avatar\/37d968a2e67a6fd04c169c4bdef102d0bc5d31b2546345219e348575eb80e9a0?s=96&d=mm&r=g","url":"https:\/\/secure.gravatar.com\/avatar\/37d968a2e67a6fd04c169c4bdef102d0bc5d31b2546345219e348575eb80e9a0?s=96&d=mm&r=g","contentUrl":"https:\/\/secure.gravatar.com\/avatar\/37d968a2e67a6fd04c169c4bdef102d0bc5d31b2546345219e348575eb80e9a0?s=96&d=mm&r=g","caption":"redazione"},"sameAs":["http:\/\/www.bellunopress.it","https:\/\/x.com\/bellunopress"],"url":"https:\/\/www.bellunopress.it\/fr\/author\/redazione\/"}]}},"_links":{"self":[{"href":"https:\/\/www.bellunopress.it\/fr\/wp-json\/wp\/v2\/posts\/137681","targetHints":{"allow":["GET"]}}],"collection":[{"href":"https:\/\/www.bellunopress.it\/fr\/wp-json\/wp\/v2\/posts"}],"about":[{"href":"https:\/\/www.bellunopress.it\/fr\/wp-json\/wp\/v2\/types\/post"}],"author":[{"embeddable":true,"href":"https:\/\/www.bellunopress.it\/fr\/wp-json\/wp\/v2\/users\/2"}],"replies":[{"embeddable":true,"href":"https:\/\/www.bellunopress.it\/fr\/wp-json\/wp\/v2\/comments?post=137681"}],"version-history":[{"count":1,"href":"https:\/\/www.bellunopress.it\/fr\/wp-json\/wp\/v2\/posts\/137681\/revisions"}],"predecessor-version":[{"id":137682,"href":"https:\/\/www.bellunopress.it\/fr\/wp-json\/wp\/v2\/posts\/137681\/revisions\/137682"}],"wp:featuredmedia":[{"embeddable":true,"href":"https:\/\/www.bellunopress.it\/fr\/wp-json\/wp\/v2\/media\/118485"}],"wp:attachment":[{"href":"https:\/\/www.bellunopress.it\/fr\/wp-json\/wp\/v2\/media?parent=137681"}],"wp:term":[{"taxonomy":"category","embeddable":true,"href":"https:\/\/www.bellunopress.it\/fr\/wp-json\/wp\/v2\/categories?post=137681"},{"taxonomy":"post_tag","embeddable":true,"href":"https:\/\/www.bellunopress.it\/fr\/wp-json\/wp\/v2\/tags?post=137681"}],"curies":[{"name":"wp","href":"https:\/\/api.w.org\/{rel}","templated":true}]}}