{"id":137674,"date":"2022-11-14T12:13:52","date_gmt":"2022-11-14T11:13:52","guid":{"rendered":"https:\/\/www.bellunopress.it\/?p=137674"},"modified":"2022-11-14T12:13:52","modified_gmt":"2022-11-14T11:13:52","slug":"nevegal-padrin-e-una-delle-stazioni-sciistiche-del-territorio-provinciale-riconosciuta-come-grande-campo-scuola","status":"publish","type":"post","link":"https:\/\/www.bellunopress.it\/fr\/2022\/11\/14\/nevegal-padrin-e-una-delle-stazioni-sciistiche-del-territorio-provinciale-riconosciuta-come-grande-campo-scuola\/","title":{"rendered":"Nevegal. Padrin: E&#8217; una delle stazioni sciistiche del territorio provinciale riconosciuta come &#8220;grande campo scuola&#8221;"},"content":{"rendered":"<p><img loading=\"lazy\" decoding=\"async\" class=\"alignleft size-full wp-image-130584\" src=\"https:\/\/www.bellunopress.it\/wp-content\/uploads\/2022\/01\/Roberto-Padrin_edited.jpg\" alt=\"\" width=\"889\" height=\"684\" srcset=\"https:\/\/www.bellunopress.it\/wp-content\/uploads\/2022\/01\/Roberto-Padrin_edited.jpg 889w, https:\/\/www.bellunopress.it\/wp-content\/uploads\/2022\/01\/Roberto-Padrin_edited-500x385.jpg 500w, https:\/\/www.bellunopress.it\/wp-content\/uploads\/2022\/01\/Roberto-Padrin_edited-696x536.jpg 696w, https:\/\/www.bellunopress.it\/wp-content\/uploads\/2022\/01\/Roberto-Padrin_edited-546x420.jpg 546w\" sizes=\"auto, (max-width: 889px) 100vw, 889px\" \/>\u00abIl Nevegal \u00e8 una delle stazioni sciistiche del territorio provinciale riconosciuta come &#8220;grande campo scuola&#8221;. Per questo motivo, per l&#8217;importanza che assume quale base di partenza per le altre ski aree dolomitiche, \u00e8 di particolare attenzione da parte dell&#8217;ente Provincia. Spiace constatare che si attacchi l&#8217;amministrazione provinciale su questo aspetto, perch\u00e9 \u00e8 il modo pi\u00f9 semplice per scaricare le responsabilit\u00e0, senza fare il bene del Nevegal\u00bb.<\/p>\n<p>Cos\u00ec il presidente della Provincia di Belluno, Roberto Padrin, in risposta alle ultime uscite stampa dell&#8217;ex vice sindaca e assessora al bilancio Lucia Olivotto, che nei giorni scorsi ha accusato Palazzo Piloni di \u00abpromettere risorse, ma di non dare seguito agli intenti\u00bb.<\/p>\n<p>\u00abNon intendo entrare in una polemica che \u00e8 palesemente tutta interna al consiglio comunale di Belluno. Non lo faccio per la delicatezza e la complessit\u00e0 del tema del Nevegal, di cui ho gi\u00e0 parlato con il sindaco De Pellegrin. E del resto non \u00e8 nel mio stile raccogliere le provocazioni, ma mi vedo costretto a puntualizzare, perch\u00e9 l&#8217;ente che rappresento \u00e8 stato tirato in ballo a sproposito\u00bb afferma il presidente Padrin. \u00abLa Provincia nel 2021, all&#8217;interno della cosiddetta &#8220;manovra Covid&#8221;, ha erogato contributi a tutti gli impianti di risalita, riconoscendone il valore economico, turistico e sociale per il territorio provinciale. E all&#8217;interno di quella misura straordinaria ha premiato in particolare le ski aree con un campo scuola attivo, tra cui il Nevegal. Sempre in quest&#8217;ottica, abbiamo manifestato la volont\u00e0 di venire incontro al Comune di Belluno in sinergia con la Regione per agevolare la fase di transizione gestione del Nevegal, proprio in considerazione del ruolo di &#8220;campo scuola&#8221; provinciale. Ma il sostegno economico non \u00e8 mai stato quantificato, dato il periodo di grande incertezza e difficolt\u00e0 economica degli enti locali, in particolare delle Province. Alla Provincia di Belluno sono stati azzerati i trasferimenti statali per la viabilit\u00e0 &#8211; che ammontavano a 15 milioni l&#8217;anno &#8211; e sono stati ridotti anche i fondi per la funzione fondamentale dell&#8217;edilizia scolastica. Tra tante difficolt\u00e0, un&#8217;amministrazione \u00e8 costretta a stilare la lista delle priorit\u00e0. E nella lista, la gestione di frane e situazioni di dissesto idrogeologico, di messa in sicurezza delle scuole superiori e di altre misure sociali come Investi scuola, \u00e8 per forza di cose dovuta venire prima del Nevegal, costringendoci a rinviare a un secondo momento i finanziamenti a progetti non di diretta competenza provinciale, e che comunque, come in questo caso, non sarebbero risultati pregiudicati in caso di posticipazione; ricordo infatti che il finanziamento regionale di 300.000 euro non richiedeva cofinanziamento provinciale, ma comunale. In ogni caso, le porte della Provincia sono aperte: la consigliera Olivotto pu\u00f2 venire a parlare di Nevegal e di altri temi quando vuole\u00bb.<\/p>\n<p>&nbsp;<\/p>\n<p>&nbsp;<\/p>","protected":false},"excerpt":{"rendered":"<p>\u00abIl Nevegal \u00e8 una delle stazioni sciistiche del territorio provinciale riconosciuta come &#8220;grande campo scuola&#8221;. Per questo motivo, per l&#8217;importanza che assume quale base di partenza per le altre ski aree dolomitiche, \u00e8 di particolare attenzione da parte dell&#8217;ente Provincia. Spiace constatare che si attacchi l&#8217;amministrazione provinciale su questo aspetto, perch\u00e9 \u00e8 il modo pi\u00f9 [&hellip;]<\/p>\n","protected":false},"author":2,"featured_media":130584,"comment_status":"closed","ping_status":"open","sticky":false,"template":"","format":"standard","meta":{"footnotes":""},"categories":[5,36,26],"tags":[],"class_list":["post-137674","post","type-post","status-publish","format-standard","has-post-thumbnail","category-cronaca","category-lavoro-economia","category-prima-pagina"],"yoast_head":"<!-- This site is optimized with the Yoast SEO plugin v28.4 - https:\/\/yoast.com\/product\/yoast-seo-wordpress\/ -->\n<title>Nevegal. Padrin: E&#039; una delle stazioni sciistiche del territorio provinciale riconosciuta come &quot;grande campo scuola&quot; - Bellunopress - Dolomiti<\/title>\n<meta name=\"robots\" content=\"index, follow, max-snippet:-1, max-image-preview:large, max-video-preview:-1\" \/>\n<link rel=\"canonical\" href=\"https:\/\/www.bellunopress.it\/fr\/2022\/11\/14\/nevegal-padrin-e-una-delle-stazioni-sciistiche-del-territorio-provinciale-riconosciuta-come-grande-campo-scuola\/\" \/>\n<meta property=\"og:locale\" content=\"fr_FR\" \/>\n<meta property=\"og:type\" content=\"article\" \/>\n<meta property=\"og:title\" content=\"Nevegal. Padrin: E&#039; una delle stazioni sciistiche del territorio provinciale riconosciuta come &quot;grande campo scuola&quot; - Bellunopress - Dolomiti\" \/>\n<meta property=\"og:description\" content=\"\u00abIl Nevegal \u00e8 una delle stazioni sciistiche del territorio provinciale riconosciuta come &#8220;grande campo scuola&#8221;. Per questo motivo, per l&#8217;importanza che assume quale base di partenza per le altre ski aree dolomitiche, \u00e8 di particolare attenzione da parte dell&#8217;ente Provincia. Spiace constatare che si attacchi l&#8217;amministrazione provinciale su questo aspetto, perch\u00e9 \u00e8 il modo pi\u00f9 [&hellip;]\" \/>\n<meta property=\"og:url\" content=\"https:\/\/www.bellunopress.it\/fr\/2022\/11\/14\/nevegal-padrin-e-una-delle-stazioni-sciistiche-del-territorio-provinciale-riconosciuta-come-grande-campo-scuola\/\" \/>\n<meta property=\"og:site_name\" content=\"Bellunopress - Dolomiti\" \/>\n<meta property=\"article:publisher\" content=\"https:\/\/www.facebook.com\/profile.php?id=100008943462799\" \/>\n<meta property=\"article:published_time\" content=\"2022-11-14T11:13:52+00:00\" \/>\n<meta property=\"og:image\" content=\"https:\/\/www.bellunopress.it\/wp-content\/uploads\/2022\/01\/Roberto-Padrin_edited.jpg\" \/>\n\t<meta property=\"og:image:width\" content=\"889\" \/>\n\t<meta property=\"og:image:height\" content=\"684\" \/>\n\t<meta property=\"og:image:type\" content=\"image\/jpeg\" \/>\n<meta name=\"author\" content=\"redazione\" \/>\n<meta name=\"twitter:card\" content=\"summary_large_image\" \/>\n<meta name=\"twitter:creator\" content=\"@bellunopress\" \/>\n<meta name=\"twitter:site\" content=\"@bellunopress\" \/>\n<meta name=\"twitter:label1\" content=\"Written by\" \/>\n\t<meta name=\"twitter:data1\" content=\"redazione\" \/>\n\t<meta name=\"twitter:label2\" content=\"Est. reading time\" \/>\n\t<meta name=\"twitter:data2\" content=\"3 minutes\" \/>\n<script type=\"application\/ld+json\" class=\"yoast-schema-graph\">{\"@context\":\"https:\\\/\\\/schema.org\",\"@graph\":[{\"@type\":\"Article\",\"@id\":\"https:\\\/\\\/www.bellunopress.it\\\/2022\\\/11\\\/14\\\/nevegal-padrin-e-una-delle-stazioni-sciistiche-del-territorio-provinciale-riconosciuta-come-grande-campo-scuola\\\/#article\",\"isPartOf\":{\"@id\":\"https:\\\/\\\/www.bellunopress.it\\\/2022\\\/11\\\/14\\\/nevegal-padrin-e-una-delle-stazioni-sciistiche-del-territorio-provinciale-riconosciuta-come-grande-campo-scuola\\\/\"},\"author\":{\"name\":\"redazione\",\"@id\":\"https:\\\/\\\/www.bellunopress.it\\\/#\\\/schema\\\/person\\\/79bb06722b37ece1c03d3e94beb30d73\"},\"headline\":\"Nevegal. Padrin: E&#8217; una delle stazioni sciistiche del territorio provinciale riconosciuta come &#8220;grande campo scuola&#8221;\",\"datePublished\":\"2022-11-14T11:13:52+00:00\",\"mainEntityOfPage\":{\"@id\":\"https:\\\/\\\/www.bellunopress.it\\\/2022\\\/11\\\/14\\\/nevegal-padrin-e-una-delle-stazioni-sciistiche-del-territorio-provinciale-riconosciuta-come-grande-campo-scuola\\\/\"},\"wordCount\":461,\"publisher\":{\"@id\":\"https:\\\/\\\/www.bellunopress.it\\\/#organization\"},\"image\":{\"@id\":\"https:\\\/\\\/www.bellunopress.it\\\/2022\\\/11\\\/14\\\/nevegal-padrin-e-una-delle-stazioni-sciistiche-del-territorio-provinciale-riconosciuta-come-grande-campo-scuola\\\/#primaryimage\"},\"thumbnailUrl\":\"https:\\\/\\\/www.bellunopress.it\\\/wp-content\\\/uploads\\\/2022\\\/01\\\/Roberto-Padrin_edited.jpg\",\"articleSection\":[\"Cronaca\\\/Politica\",\"Lavoro, Economia, Turismo\",\"Prima Pagina\"],\"inLanguage\":\"fr-FR\"},{\"@type\":\"WebPage\",\"@id\":\"https:\\\/\\\/www.bellunopress.it\\\/2022\\\/11\\\/14\\\/nevegal-padrin-e-una-delle-stazioni-sciistiche-del-territorio-provinciale-riconosciuta-come-grande-campo-scuola\\\/\",\"url\":\"https:\\\/\\\/www.bellunopress.it\\\/2022\\\/11\\\/14\\\/nevegal-padrin-e-una-delle-stazioni-sciistiche-del-territorio-provinciale-riconosciuta-come-grande-campo-scuola\\\/\",\"name\":\"Nevegal. Padrin: E' una delle stazioni sciistiche del territorio provinciale riconosciuta come \\\"grande campo scuola\\\" - Bellunopress - Dolomiti\",\"isPartOf\":{\"@id\":\"https:\\\/\\\/www.bellunopress.it\\\/#website\"},\"primaryImageOfPage\":{\"@id\":\"https:\\\/\\\/www.bellunopress.it\\\/2022\\\/11\\\/14\\\/nevegal-padrin-e-una-delle-stazioni-sciistiche-del-territorio-provinciale-riconosciuta-come-grande-campo-scuola\\\/#primaryimage\"},\"image\":{\"@id\":\"https:\\\/\\\/www.bellunopress.it\\\/2022\\\/11\\\/14\\\/nevegal-padrin-e-una-delle-stazioni-sciistiche-del-territorio-provinciale-riconosciuta-come-grande-campo-scuola\\\/#primaryimage\"},\"thumbnailUrl\":\"https:\\\/\\\/www.bellunopress.it\\\/wp-content\\\/uploads\\\/2022\\\/01\\\/Roberto-Padrin_edited.jpg\",\"datePublished\":\"2022-11-14T11:13:52+00:00\",\"breadcrumb\":{\"@id\":\"https:\\\/\\\/www.bellunopress.it\\\/2022\\\/11\\\/14\\\/nevegal-padrin-e-una-delle-stazioni-sciistiche-del-territorio-provinciale-riconosciuta-come-grande-campo-scuola\\\/#breadcrumb\"},\"inLanguage\":\"fr-FR\",\"potentialAction\":[{\"@type\":\"ReadAction\",\"target\":[\"https:\\\/\\\/www.bellunopress.it\\\/2022\\\/11\\\/14\\\/nevegal-padrin-e-una-delle-stazioni-sciistiche-del-territorio-provinciale-riconosciuta-come-grande-campo-scuola\\\/\"]}]},{\"@type\":\"ImageObject\",\"inLanguage\":\"fr-FR\",\"@id\":\"https:\\\/\\\/www.bellunopress.it\\\/2022\\\/11\\\/14\\\/nevegal-padrin-e-una-delle-stazioni-sciistiche-del-territorio-provinciale-riconosciuta-come-grande-campo-scuola\\\/#primaryimage\",\"url\":\"https:\\\/\\\/www.bellunopress.it\\\/wp-content\\\/uploads\\\/2022\\\/01\\\/Roberto-Padrin_edited.jpg\",\"contentUrl\":\"https:\\\/\\\/www.bellunopress.it\\\/wp-content\\\/uploads\\\/2022\\\/01\\\/Roberto-Padrin_edited.jpg\",\"width\":889,\"height\":684},{\"@type\":\"BreadcrumbList\",\"@id\":\"https:\\\/\\\/www.bellunopress.it\\\/2022\\\/11\\\/14\\\/nevegal-padrin-e-una-delle-stazioni-sciistiche-del-territorio-provinciale-riconosciuta-come-grande-campo-scuola\\\/#breadcrumb\",\"itemListElement\":[{\"@type\":\"ListItem\",\"position\":1,\"name\":\"Home\",\"item\":\"https:\\\/\\\/www.bellunopress.it\\\/\"},{\"@type\":\"ListItem\",\"position\":2,\"name\":\"Nevegal. Padrin: E&#8217; una delle stazioni sciistiche del territorio provinciale riconosciuta come &#8220;grande campo scuola&#8221;\"}]},{\"@type\":\"WebSite\",\"@id\":\"https:\\\/\\\/www.bellunopress.it\\\/#website\",\"url\":\"https:\\\/\\\/www.bellunopress.it\\\/\",\"name\":\"Bellunopress - Dolomiti\",\"description\":\"e-mail: redazione@bellunopress.it\",\"publisher\":{\"@id\":\"https:\\\/\\\/www.bellunopress.it\\\/#organization\"},\"potentialAction\":[{\"@type\":\"SearchAction\",\"target\":{\"@type\":\"EntryPoint\",\"urlTemplate\":\"https:\\\/\\\/www.bellunopress.it\\\/?s={search_term_string}\"},\"query-input\":{\"@type\":\"PropertyValueSpecification\",\"valueRequired\":true,\"valueName\":\"search_term_string\"}}],\"inLanguage\":\"fr-FR\"},{\"@type\":\"Organization\",\"@id\":\"https:\\\/\\\/www.bellunopress.it\\\/#organization\",\"name\":\"Bellunopress\",\"url\":\"https:\\\/\\\/www.bellunopress.it\\\/\",\"logo\":{\"@type\":\"ImageObject\",\"inLanguage\":\"fr-FR\",\"@id\":\"https:\\\/\\\/www.bellunopress.it\\\/#\\\/schema\\\/logo\\\/image\\\/\",\"url\":\"https:\\\/\\\/www.bellunopress.it\\\/wp-content\\\/uploads\\\/2011\\\/05\\\/cropped-logo-bellunopress-.jpg\",\"contentUrl\":\"https:\\\/\\\/www.bellunopress.it\\\/wp-content\\\/uploads\\\/2011\\\/05\\\/cropped-logo-bellunopress-.jpg\",\"width\":512,\"height\":512,\"caption\":\"Bellunopress\"},\"image\":{\"@id\":\"https:\\\/\\\/www.bellunopress.it\\\/#\\\/schema\\\/logo\\\/image\\\/\"},\"sameAs\":[\"https:\\\/\\\/www.facebook.com\\\/profile.php?id=100008943462799\",\"https:\\\/\\\/x.com\\\/bellunopress\",\"https:\\\/\\\/www.linkedin.com\\\/hp\\\/?dnr=JBzUWaJfMUw8vbXJJ2tVW5-I3jZKvC4wsoxE&amp;amp;amp;amp;amp;amp;trk=nav_responsive_tab_home\",\"https:\\\/\\\/www.youtube.com\\\/channel\\\/UCxL0wu1uN0_3_7hGG0306cw\"]},{\"@type\":\"Person\",\"@id\":\"https:\\\/\\\/www.bellunopress.it\\\/#\\\/schema\\\/person\\\/79bb06722b37ece1c03d3e94beb30d73\",\"name\":\"redazione\",\"image\":{\"@type\":\"ImageObject\",\"inLanguage\":\"fr-FR\",\"@id\":\"https:\\\/\\\/secure.gravatar.com\\\/avatar\\\/37d968a2e67a6fd04c169c4bdef102d0bc5d31b2546345219e348575eb80e9a0?s=96&d=mm&r=g\",\"url\":\"https:\\\/\\\/secure.gravatar.com\\\/avatar\\\/37d968a2e67a6fd04c169c4bdef102d0bc5d31b2546345219e348575eb80e9a0?s=96&d=mm&r=g\",\"contentUrl\":\"https:\\\/\\\/secure.gravatar.com\\\/avatar\\\/37d968a2e67a6fd04c169c4bdef102d0bc5d31b2546345219e348575eb80e9a0?s=96&d=mm&r=g\",\"caption\":\"redazione\"},\"sameAs\":[\"http:\\\/\\\/www.bellunopress.it\",\"https:\\\/\\\/x.com\\\/bellunopress\"],\"url\":\"https:\\\/\\\/www.bellunopress.it\\\/fr\\\/author\\\/redazione\\\/\"}]}<\/script>\n<!-- \/ Yoast SEO plugin. -->","yoast_head_json":{"title":"Nevegal. Padrin: E' una delle stazioni sciistiche del territorio provinciale riconosciuta come \"grande campo scuola\" - Bellunopress - Dolomiti","robots":{"index":"index","follow":"follow","max-snippet":"max-snippet:-1","max-image-preview":"max-image-preview:large","max-video-preview":"max-video-preview:-1"},"canonical":"https:\/\/www.bellunopress.it\/fr\/2022\/11\/14\/nevegal-padrin-e-una-delle-stazioni-sciistiche-del-territorio-provinciale-riconosciuta-come-grande-campo-scuola\/","og_locale":"fr_FR","og_type":"article","og_title":"Nevegal. Padrin: E' una delle stazioni sciistiche del territorio provinciale riconosciuta come \"grande campo scuola\" - Bellunopress - Dolomiti","og_description":"\u00abIl Nevegal \u00e8 una delle stazioni sciistiche del territorio provinciale riconosciuta come &#8220;grande campo scuola&#8221;. Per questo motivo, per l&#8217;importanza che assume quale base di partenza per le altre ski aree dolomitiche, \u00e8 di particolare attenzione da parte dell&#8217;ente Provincia. Spiace constatare che si attacchi l&#8217;amministrazione provinciale su questo aspetto, perch\u00e9 \u00e8 il modo pi\u00f9 [&hellip;]","og_url":"https:\/\/www.bellunopress.it\/fr\/2022\/11\/14\/nevegal-padrin-e-una-delle-stazioni-sciistiche-del-territorio-provinciale-riconosciuta-come-grande-campo-scuola\/","og_site_name":"Bellunopress - Dolomiti","article_publisher":"https:\/\/www.facebook.com\/profile.php?id=100008943462799","article_published_time":"2022-11-14T11:13:52+00:00","og_image":[{"width":889,"height":684,"url":"https:\/\/www.bellunopress.it\/wp-content\/uploads\/2022\/01\/Roberto-Padrin_edited.jpg","type":"image\/jpeg"}],"author":"redazione","twitter_card":"summary_large_image","twitter_creator":"@bellunopress","twitter_site":"@bellunopress","twitter_misc":{"Written by":"redazione","Est. reading time":"3 minutes"},"schema":{"@context":"https:\/\/schema.org","@graph":[{"@type":"Article","@id":"https:\/\/www.bellunopress.it\/2022\/11\/14\/nevegal-padrin-e-una-delle-stazioni-sciistiche-del-territorio-provinciale-riconosciuta-come-grande-campo-scuola\/#article","isPartOf":{"@id":"https:\/\/www.bellunopress.it\/2022\/11\/14\/nevegal-padrin-e-una-delle-stazioni-sciistiche-del-territorio-provinciale-riconosciuta-come-grande-campo-scuola\/"},"author":{"name":"redazione","@id":"https:\/\/www.bellunopress.it\/#\/schema\/person\/79bb06722b37ece1c03d3e94beb30d73"},"headline":"Nevegal. Padrin: E&#8217; una delle stazioni sciistiche del territorio provinciale riconosciuta come &#8220;grande campo scuola&#8221;","datePublished":"2022-11-14T11:13:52+00:00","mainEntityOfPage":{"@id":"https:\/\/www.bellunopress.it\/2022\/11\/14\/nevegal-padrin-e-una-delle-stazioni-sciistiche-del-territorio-provinciale-riconosciuta-come-grande-campo-scuola\/"},"wordCount":461,"publisher":{"@id":"https:\/\/www.bellunopress.it\/#organization"},"image":{"@id":"https:\/\/www.bellunopress.it\/2022\/11\/14\/nevegal-padrin-e-una-delle-stazioni-sciistiche-del-territorio-provinciale-riconosciuta-come-grande-campo-scuola\/#primaryimage"},"thumbnailUrl":"https:\/\/www.bellunopress.it\/wp-content\/uploads\/2022\/01\/Roberto-Padrin_edited.jpg","articleSection":["Cronaca\/Politica","Lavoro, Economia, Turismo","Prima Pagina"],"inLanguage":"fr-FR"},{"@type":"WebPage","@id":"https:\/\/www.bellunopress.it\/2022\/11\/14\/nevegal-padrin-e-una-delle-stazioni-sciistiche-del-territorio-provinciale-riconosciuta-come-grande-campo-scuola\/","url":"https:\/\/www.bellunopress.it\/2022\/11\/14\/nevegal-padrin-e-una-delle-stazioni-sciistiche-del-territorio-provinciale-riconosciuta-come-grande-campo-scuola\/","name":"Nevegal. Padrin: E' una delle stazioni sciistiche del territorio provinciale riconosciuta come \"grande campo scuola\" - Bellunopress - Dolomiti","isPartOf":{"@id":"https:\/\/www.bellunopress.it\/#website"},"primaryImageOfPage":{"@id":"https:\/\/www.bellunopress.it\/2022\/11\/14\/nevegal-padrin-e-una-delle-stazioni-sciistiche-del-territorio-provinciale-riconosciuta-come-grande-campo-scuola\/#primaryimage"},"image":{"@id":"https:\/\/www.bellunopress.it\/2022\/11\/14\/nevegal-padrin-e-una-delle-stazioni-sciistiche-del-territorio-provinciale-riconosciuta-come-grande-campo-scuola\/#primaryimage"},"thumbnailUrl":"https:\/\/www.bellunopress.it\/wp-content\/uploads\/2022\/01\/Roberto-Padrin_edited.jpg","datePublished":"2022-11-14T11:13:52+00:00","breadcrumb":{"@id":"https:\/\/www.bellunopress.it\/2022\/11\/14\/nevegal-padrin-e-una-delle-stazioni-sciistiche-del-territorio-provinciale-riconosciuta-come-grande-campo-scuola\/#breadcrumb"},"inLanguage":"fr-FR","potentialAction":[{"@type":"ReadAction","target":["https:\/\/www.bellunopress.it\/2022\/11\/14\/nevegal-padrin-e-una-delle-stazioni-sciistiche-del-territorio-provinciale-riconosciuta-come-grande-campo-scuola\/"]}]},{"@type":"ImageObject","inLanguage":"fr-FR","@id":"https:\/\/www.bellunopress.it\/2022\/11\/14\/nevegal-padrin-e-una-delle-stazioni-sciistiche-del-territorio-provinciale-riconosciuta-come-grande-campo-scuola\/#primaryimage","url":"https:\/\/www.bellunopress.it\/wp-content\/uploads\/2022\/01\/Roberto-Padrin_edited.jpg","contentUrl":"https:\/\/www.bellunopress.it\/wp-content\/uploads\/2022\/01\/Roberto-Padrin_edited.jpg","width":889,"height":684},{"@type":"BreadcrumbList","@id":"https:\/\/www.bellunopress.it\/2022\/11\/14\/nevegal-padrin-e-una-delle-stazioni-sciistiche-del-territorio-provinciale-riconosciuta-come-grande-campo-scuola\/#breadcrumb","itemListElement":[{"@type":"ListItem","position":1,"name":"Home","item":"https:\/\/www.bellunopress.it\/"},{"@type":"ListItem","position":2,"name":"Nevegal. Padrin: E&#8217; una delle stazioni sciistiche del territorio provinciale riconosciuta come &#8220;grande campo scuola&#8221;"}]},{"@type":"WebSite","@id":"https:\/\/www.bellunopress.it\/#website","url":"https:\/\/www.bellunopress.it\/","name":"Bellunopress - Dolomiti","description":"e-mail: redazione@bellunopress.it","publisher":{"@id":"https:\/\/www.bellunopress.it\/#organization"},"potentialAction":[{"@type":"SearchAction","target":{"@type":"EntryPoint","urlTemplate":"https:\/\/www.bellunopress.it\/?s={search_term_string}"},"query-input":{"@type":"PropertyValueSpecification","valueRequired":true,"valueName":"search_term_string"}}],"inLanguage":"fr-FR"},{"@type":"Organization","@id":"https:\/\/www.bellunopress.it\/#organization","name":"Bellunopress","url":"https:\/\/www.bellunopress.it\/","logo":{"@type":"ImageObject","inLanguage":"fr-FR","@id":"https:\/\/www.bellunopress.it\/#\/schema\/logo\/image\/","url":"https:\/\/www.bellunopress.it\/wp-content\/uploads\/2011\/05\/cropped-logo-bellunopress-.jpg","contentUrl":"https:\/\/www.bellunopress.it\/wp-content\/uploads\/2011\/05\/cropped-logo-bellunopress-.jpg","width":512,"height":512,"caption":"Bellunopress"},"image":{"@id":"https:\/\/www.bellunopress.it\/#\/schema\/logo\/image\/"},"sameAs":["https:\/\/www.facebook.com\/profile.php?id=100008943462799","https:\/\/x.com\/bellunopress","https:\/\/www.linkedin.com\/hp\/?dnr=JBzUWaJfMUw8vbXJJ2tVW5-I3jZKvC4wsoxE&amp;amp;amp;amp;amp;amp;trk=nav_responsive_tab_home","https:\/\/www.youtube.com\/channel\/UCxL0wu1uN0_3_7hGG0306cw"]},{"@type":"Person","@id":"https:\/\/www.bellunopress.it\/#\/schema\/person\/79bb06722b37ece1c03d3e94beb30d73","name":"r\u00e9daction","image":{"@type":"ImageObject","inLanguage":"fr-FR","@id":"https:\/\/secure.gravatar.com\/avatar\/37d968a2e67a6fd04c169c4bdef102d0bc5d31b2546345219e348575eb80e9a0?s=96&d=mm&r=g","url":"https:\/\/secure.gravatar.com\/avatar\/37d968a2e67a6fd04c169c4bdef102d0bc5d31b2546345219e348575eb80e9a0?s=96&d=mm&r=g","contentUrl":"https:\/\/secure.gravatar.com\/avatar\/37d968a2e67a6fd04c169c4bdef102d0bc5d31b2546345219e348575eb80e9a0?s=96&d=mm&r=g","caption":"redazione"},"sameAs":["http:\/\/www.bellunopress.it","https:\/\/x.com\/bellunopress"],"url":"https:\/\/www.bellunopress.it\/fr\/author\/redazione\/"}]}},"_links":{"self":[{"href":"https:\/\/www.bellunopress.it\/fr\/wp-json\/wp\/v2\/posts\/137674","targetHints":{"allow":["GET"]}}],"collection":[{"href":"https:\/\/www.bellunopress.it\/fr\/wp-json\/wp\/v2\/posts"}],"about":[{"href":"https:\/\/www.bellunopress.it\/fr\/wp-json\/wp\/v2\/types\/post"}],"author":[{"embeddable":true,"href":"https:\/\/www.bellunopress.it\/fr\/wp-json\/wp\/v2\/users\/2"}],"replies":[{"embeddable":true,"href":"https:\/\/www.bellunopress.it\/fr\/wp-json\/wp\/v2\/comments?post=137674"}],"version-history":[{"count":1,"href":"https:\/\/www.bellunopress.it\/fr\/wp-json\/wp\/v2\/posts\/137674\/revisions"}],"predecessor-version":[{"id":137675,"href":"https:\/\/www.bellunopress.it\/fr\/wp-json\/wp\/v2\/posts\/137674\/revisions\/137675"}],"wp:featuredmedia":[{"embeddable":true,"href":"https:\/\/www.bellunopress.it\/fr\/wp-json\/wp\/v2\/media\/130584"}],"wp:attachment":[{"href":"https:\/\/www.bellunopress.it\/fr\/wp-json\/wp\/v2\/media?parent=137674"}],"wp:term":[{"taxonomy":"category","embeddable":true,"href":"https:\/\/www.bellunopress.it\/fr\/wp-json\/wp\/v2\/categories?post=137674"},{"taxonomy":"post_tag","embeddable":true,"href":"https:\/\/www.bellunopress.it\/fr\/wp-json\/wp\/v2\/tags?post=137674"}],"curies":[{"name":"wp","href":"https:\/\/api.w.org\/{rel}","templated":true}]}}