{"id":137668,"date":"2022-11-14T07:08:59","date_gmt":"2022-11-14T06:08:59","guid":{"rendered":"https:\/\/www.bellunopress.it\/?p=137668"},"modified":"2022-11-14T07:08:59","modified_gmt":"2022-11-14T06:08:59","slug":"uno-nessuna-centomila-lo-spettacolo-venerdi-18-novembre-ad-auronzo-di-cadore","status":"publish","type":"post","link":"https:\/\/www.bellunopress.it\/fr\/2022\/11\/14\/uno-nessuna-centomila-lo-spettacolo-venerdi-18-novembre-ad-auronzo-di-cadore\/","title":{"rendered":"Uno NessunA Centomila. Lo spettacolo venerd\u00ec 18 novembre ad Auronzo di Cadore"},"content":{"rendered":"<h5 style=\"text-align: left;\" align=\"center\"><span lang=\"EN-US\"><img loading=\"lazy\" decoding=\"async\" class=\"alignleft  wp-image-137669\" src=\"https:\/\/www.bellunopress.it\/wp-content\/uploads\/2022\/11\/Uno-nessuna-centomila_edited.jpg\" alt=\"\" width=\"354\" height=\"236\" srcset=\"https:\/\/www.bellunopress.it\/wp-content\/uploads\/2022\/11\/Uno-nessuna-centomila_edited.jpg 600w, https:\/\/www.bellunopress.it\/wp-content\/uploads\/2022\/11\/Uno-nessuna-centomila_edited-500x333.jpg 500w\" sizes=\"auto, (max-width: 354px) 100vw, 354px\" \/>Uno NessunA Centomila, Mat\u00e0z teatro. <\/span><span lang=\"EN-US\">Sala Consiliare del Municipio di Auronzo di Cadore \u2013 Via Roma, 24\u00a0<\/span><span lang=\"EN-US\">Auronzo di Cadore (BL)<\/span><\/h5>\n<p class=\"v1MsoNormal\" style=\"text-align: left;\" align=\"center\"><b>18 novembre 2022 ore 21.00<\/b><\/p>\n<p class=\"v1MsoNormal\">Organizzato dal Comune di Auronzo di Cadore in collaborazione con Luisa Trevisi \u2013 Idee che danno spettacolo in occasione della Giornata internazionale per l&#8217;eliminazione della violenza contro le donne 2022, reading Uno NessunA Centomila di Mat\u00e0z Teatro con Evarossella Biolo e Marco Artusi.<\/p>\n<p class=\"v1MsoNormal\">Una serie di racconti e di dati per riflettere riguardo alla dolorosa realt\u00e0 della violenza sulle donne.<\/p>\n<p class=\"v1MsoNormal\">Parlare di violenza \u00e8 sempre una &#8220;violenza&#8221;.<\/p>\n<p class=\"v1MsoNormal\">Ma \u00e8 importane parlarne: \u00e8 importante non rimuovere, \u00e8 importante continuare a riflettere.<\/p>\n<p class=\"v1MsoNormal\">E le violenze hanno un tratto in comune: sono consumate da un forte su un debole e riguardano l&#8217;umanit\u00e0 intera perch\u00e9, prima o poi, tutti potremmo trovarci in posizione di debolezza, donne, uomini, bambini&#8230;<\/p>\n<p class=\"v1MsoNormal\">I testi che vengono proposti riguardano violenze perpetrate ai danni di donne.<\/p>\n<p class=\"v1MsoNormal\">Alcune delle violenze narrate sono quasi impercettibili, quasi fatichiamo a definirle violenze e le troviamo addirittura comiche; altre ci fanno salire una rabbia che non ha nome.<\/p>\n<p class=\"v1MsoNormal\">Uno: un uomo, un popolo, un&#8217;idea.<\/p>\n<p class=\"v1MsoNormal\">Nessuna: voi che vivete sicuri nelle vostre tiepide case&#8230; considerate. (P. Levi)<\/p>\n<p class=\"v1MsoNormal\">Centomila: nessun&#8217;uomo \u00e8 un&#8217;isola&#8230; perci\u00f2 non chiedere mai per chi suona la campana&#8230; (J. Donne)<\/p>\n<p class=\"v1MsoNormal\"><u>\u00a0<\/u><\/p>\n<p class=\"v1MsoNormal\"><b><u>CURRICULUM ARTISTI:<\/u><\/b><\/p>\n<p class=\"v1MsoNormal\"><span id=\"v1m_-4820656056860020168gmail-_x0000_t75\"><\/span><span id=\"v1m_-4820656056860020168gmail-Immagine_x0020_5\"><\/span><b>EVAROSSELLA BIOLO<\/b><\/p>\n<p>Laureata in Sc. dell&#8217;Educazione e Dottoressa in Sc. Storiche specializzata in ricerche su teatro e territorio.<\/p>\n<p>Attrice professionista e formatrice.<\/p>\n<p>Nell&#8217;ambito del teatro si \u00e8 formata principalmente con Eugenio Allegri, Carlos Alsina, Enrico Bonavera, Cristina Pezzoli sul lavoro d&#8217;attore.<\/p>\n<p>Ha approfondito per diversi anni il clown con alcuni insegnanti della scuola francese di stampo lecoquiano tra cui Giovanni Fusetti, Paola Coletto, Ted Kaijser, Andres Casaca.<\/p>\n<p>Ha costantemente lavorato sul corpo approfondendone le possibilit\u00e0 espressive con la danza di Carolin Carson, attraverso il teatro-danza e il canto con la compagnia il Balletto Civile diretto da Michela Lucenti e, negli ultimi anni, con il danzatore butoh Atsushi Takenouchi.<\/p>\n<p>Ha approfondito il lavoro sul racconto e sulla scrittura con Laura Curino, Roberto Anglisani ma soprattutto con Ascanio Celestini e Giuliana Musso, due artisti che uniscono ricerca e teatro, seguendoli e studiando anche da un punto di vista accademico il loro approccio.<\/p>\n<p>Collabora con l&#8217;Universit\u00e0 di Padova (Dipartimento di Geografia): l&#8217;ambito di ricerca \u00e8 il teatro e le relazioni con il territorio.<\/p>\n<p>Fa parte di Manonuda Teatro. Manonuda Teatro \u00e8 un contenitore nel quale sviluppano i propri progetti, in costante dialogo e confronto ma in autonomia, il danzatore e formatore Alberto Cacopardi e l&#8217;attore e formatore Mirco Trevisan.<\/p>\n<p>Ha collaborato con La Piccionaia-I Carrara al progetto di compagnia giovane La Piccionaia-Tradimenti, con la quale ha prodotto spettacoli sia come attrice sia come ideazione e regia.<\/p>\n<p>Produce spettacoli di clown con il C&#8217;art (Castelfiorentino &#8211; FI) e di teatro con Mat\u00e0z (Dueville &#8211; Vicenza).<\/p>\n<p>In ambito formativo si occupa di racconto a diversi livelli: sia con professionisti che all&#8217;interno di scuole e progetti di teatro sociale. Il filo conduttore \u00e8 la persona, posta al centro del percorso: fare teatro \u00e8 un&#8217;occasione di scambio e di messa in gioco che non pu\u00f2 risolversi nella costruzione di forme estetiche.<\/p>\n<p><span id=\"v1m_-4820656056860020168gmail-Immagine_x0020_4\"><\/span><b>MARCO ARTUSI<\/b><\/p>\n<p>Attore, regista e formatore teatrale.<\/p>\n<p>Inizia il proprio percorso artistico con la danza, studiando sia la forma classica che quelle pi\u00f9 contemporanee e lavorando in seguito con diverse compagnie: Compagnia Comini, compagnia ErAcquario, Tanzprojekt di M\u00fcnchen.<\/p>\n<p>Nel contempo si avvicina al teatro interpretando parti in maschera di commedia dell&#8217;arte in cui pu\u00f2 mettere a frutto le proprie abilit\u00e0 acrobatiche.<\/p>\n<p>Nel 1989 viene ammesso alla scuola di Teatro dello Stabile di Genova dove si diploma nel &#8217;92.<\/p>\n<p>Partecipa ai saggi di fine anno per le regie di Annalaura Messeri.<\/p>\n<p>Dal 1992 collabora come attore con la compagnia &#8220;La Piccionaia \u2013 I Carrara&#8221; di Vicenza (con registi come Armando Carrara, Marcello Bartoli, Enrico Bonavera, Mirko Artuso, Tonino Conte, Antonella Cirigliano, Flavio Albanese, Ketty Grunchi, Maril Van Den Broek).<\/p>\n<p>La struttura e la storia della compagnia vicentina, sorta attorno alla famiglia d&#8217;arte, gli permettono di mettersi alla prova in innumerevoli messinscene e in diversi ruoli, e in seguito di proporre anche proprie regie soprattutto nell&#8217;ambito del teatro ragazzi (Barbabl\u00f9, Un aquilone Viola, L&#8217;impaziente Orlando, Arrabbiati).<\/p>\n<p>Segue laboratori di formazione e approfondimento del mestiere dell&#8217;attore con diversi docenti fra cui: Yoshi Oida, Antonella Cirigliano, Enrico Bonavera, Mirko Artuso e per il clown con Maril Van Den Broek.<\/p>\n<p>Sua la regia de &#8220;La seconda sorella&#8221; su testo di F. Bertozzi che vince il premio Palcoscenico 2004 di Bassano Operaestate 2004.<\/p>\n<p>Dal 2002 collabora, con l&#8217;incarico di regista e direttore artistico, con il gruppo sloveno di teatrodanza &#8220;Skysma&#8221; col quale nel 2005 vince il premio \u017dupan\u010di\u010d con lo spettacolo &#8220;Pogon&#8221;.<\/p>\n<p>Nel 2014 fonda assieme ad altri suoi colleghi &#8220;Mat\u00e0z teatro&#8221; per il quale firma la regia de &#8220;Le allegre comari&#8221;.<\/p>\n<p>Nel 2013 lo spettacolo &#8220;Corpo in affitto&#8221;, di cui cura la regia, \u00e8 finalista al premio Off del Teatro Stabile del Veneto.<\/p>\n<p>\u00c8 aiuto regia di Natalino Balasso ne &#8220;La cativ\u00ecssima&#8221; produzione Teatro Stabile del Veneto 2015.<\/p>\n<p>Affianca all&#8217;attivit\u00e0 di palcoscenico anche quella d&#8217;insegnante di teatro ed educatore teatrale nelle scuole. Come educatore teatrale ha lavorato anche nel carcere di Vicenza.<\/p>\n<p class=\"v1MsoNormal\"><u>Organizzazione a cura di Luisa Trevisi \u2013 Idee che danno spettacolo<\/u><\/p>\n<p><span id=\"v1m_-4820656056860020168gmail-Immagine_x0020_2\"><\/span><b>LUISA TREVISI<\/b><\/p>\n<p>Sono un\u00a0<b>Artist Manager e un organizzatore di eventi<\/b>.<\/p>\n<p>Mi dedico alla diffusione della musica e del teatro attraverso la distribuzione di spettacoli, letture, concerti, e l&#8217;organizzazione di festival e rassegne.<\/p>\n<p>Rappresentando e occupandomi trasversalmente delle carriere degli artisti, sono una figura che gode della loro fiducia e che sa guadagnarsi quella dei potenziali clienti grazie alla qualit\u00e0 che contraddistingue la mia offerta artistica.<\/p>\n<p>Sono convinta che il teatro e la musica debbano invadere lo spazio, non solo quello scenico. Scuole, sale consiliari, case di riposo, biblioteche, piazze, teatri, navi e spiagge tropicali rappresentano solo alcune delle cornici raggiunte dagli oltre 500 eventi organizzati attualmente al mio attivo.<\/p>","protected":false},"excerpt":{"rendered":"<p>Uno NessunA Centomila, Mat\u00e0z teatro. Sala Consiliare del Municipio di Auronzo di Cadore \u2013 Via Roma, 24\u00a0Auronzo di Cadore (BL) 18 novembre 2022 ore 21.00 Organizzato dal Comune di Auronzo di Cadore in collaborazione con Luisa Trevisi \u2013 Idee che danno spettacolo in occasione della Giornata internazionale per l&#8217;eliminazione della violenza contro le donne 2022, [&hellip;]<\/p>\n","protected":false},"author":2,"featured_media":137669,"comment_status":"closed","ping_status":"open","sticky":false,"template":"","format":"standard","meta":{"footnotes":""},"categories":[27,3,25],"tags":[],"class_list":["post-137668","post","type-post","status-publish","format-standard","has-post-thumbnail","category-appuntamenti","category-arte-cultura-spettacoli-scienza-archivi","category-pausa-caffe"],"yoast_head":"<!-- This site is optimized with the Yoast SEO plugin v28.4 - https:\/\/yoast.com\/product\/yoast-seo-wordpress\/ -->\n<title>Uno NessunA Centomila. Lo spettacolo venerd\u00ec 18 novembre ad Auronzo di Cadore - Bellunopress - Dolomiti<\/title>\n<meta name=\"robots\" content=\"index, follow, max-snippet:-1, max-image-preview:large, max-video-preview:-1\" \/>\n<link rel=\"canonical\" href=\"https:\/\/www.bellunopress.it\/fr\/2022\/11\/14\/uno-nessuna-centomila-lo-spettacolo-venerdi-18-novembre-ad-auronzo-di-cadore\/\" \/>\n<meta property=\"og:locale\" content=\"fr_FR\" \/>\n<meta property=\"og:type\" content=\"article\" \/>\n<meta property=\"og:title\" content=\"Uno NessunA Centomila. Lo spettacolo venerd\u00ec 18 novembre ad Auronzo di Cadore - Bellunopress - Dolomiti\" \/>\n<meta property=\"og:description\" content=\"Uno NessunA Centomila, Mat\u00e0z teatro. Sala Consiliare del Municipio di Auronzo di Cadore \u2013 Via Roma, 24\u00a0Auronzo di Cadore (BL) 18 novembre 2022 ore 21.00 Organizzato dal Comune di Auronzo di Cadore in collaborazione con Luisa Trevisi \u2013 Idee che danno spettacolo in occasione della Giornata internazionale per l&#8217;eliminazione della violenza contro le donne 2022, [&hellip;]\" \/>\n<meta property=\"og:url\" content=\"https:\/\/www.bellunopress.it\/fr\/2022\/11\/14\/uno-nessuna-centomila-lo-spettacolo-venerdi-18-novembre-ad-auronzo-di-cadore\/\" \/>\n<meta property=\"og:site_name\" content=\"Bellunopress - Dolomiti\" \/>\n<meta property=\"article:publisher\" content=\"https:\/\/www.facebook.com\/profile.php?id=100008943462799\" \/>\n<meta property=\"article:published_time\" content=\"2022-11-14T06:08:59+00:00\" \/>\n<meta property=\"og:image\" content=\"https:\/\/www.bellunopress.it\/wp-content\/uploads\/2022\/11\/Uno-nessuna-centomila_edited.jpg\" \/>\n\t<meta property=\"og:image:width\" content=\"600\" \/>\n\t<meta property=\"og:image:height\" content=\"400\" \/>\n\t<meta property=\"og:image:type\" content=\"image\/jpeg\" \/>\n<meta name=\"author\" content=\"redazione\" \/>\n<meta name=\"twitter:card\" content=\"summary_large_image\" \/>\n<meta name=\"twitter:creator\" content=\"@bellunopress\" \/>\n<meta name=\"twitter:site\" content=\"@bellunopress\" \/>\n<meta name=\"twitter:label1\" content=\"Written by\" \/>\n\t<meta name=\"twitter:data1\" content=\"redazione\" \/>\n\t<meta name=\"twitter:label2\" content=\"Est. reading time\" \/>\n\t<meta name=\"twitter:data2\" content=\"6 minutes\" \/>\n<script type=\"application\/ld+json\" class=\"yoast-schema-graph\">{\"@context\":\"https:\\\/\\\/schema.org\",\"@graph\":[{\"@type\":\"Article\",\"@id\":\"https:\\\/\\\/www.bellunopress.it\\\/2022\\\/11\\\/14\\\/uno-nessuna-centomila-lo-spettacolo-venerdi-18-novembre-ad-auronzo-di-cadore\\\/#article\",\"isPartOf\":{\"@id\":\"https:\\\/\\\/www.bellunopress.it\\\/2022\\\/11\\\/14\\\/uno-nessuna-centomila-lo-spettacolo-venerdi-18-novembre-ad-auronzo-di-cadore\\\/\"},\"author\":{\"name\":\"redazione\",\"@id\":\"https:\\\/\\\/www.bellunopress.it\\\/#\\\/schema\\\/person\\\/79bb06722b37ece1c03d3e94beb30d73\"},\"headline\":\"Uno NessunA Centomila. Lo spettacolo venerd\u00ec 18 novembre ad Auronzo di Cadore\",\"datePublished\":\"2022-11-14T06:08:59+00:00\",\"mainEntityOfPage\":{\"@id\":\"https:\\\/\\\/www.bellunopress.it\\\/2022\\\/11\\\/14\\\/uno-nessuna-centomila-lo-spettacolo-venerdi-18-novembre-ad-auronzo-di-cadore\\\/\"},\"wordCount\":985,\"publisher\":{\"@id\":\"https:\\\/\\\/www.bellunopress.it\\\/#organization\"},\"image\":{\"@id\":\"https:\\\/\\\/www.bellunopress.it\\\/2022\\\/11\\\/14\\\/uno-nessuna-centomila-lo-spettacolo-venerdi-18-novembre-ad-auronzo-di-cadore\\\/#primaryimage\"},\"thumbnailUrl\":\"https:\\\/\\\/www.bellunopress.it\\\/wp-content\\\/uploads\\\/2022\\\/11\\\/Uno-nessuna-centomila_edited.jpg\",\"articleSection\":[\"Appuntamenti, Eventi\",\"Arte, Cultura, Spettacoli, Scienza\",\"Pausa Caff\u00e8\"],\"inLanguage\":\"fr-FR\"},{\"@type\":\"WebPage\",\"@id\":\"https:\\\/\\\/www.bellunopress.it\\\/2022\\\/11\\\/14\\\/uno-nessuna-centomila-lo-spettacolo-venerdi-18-novembre-ad-auronzo-di-cadore\\\/\",\"url\":\"https:\\\/\\\/www.bellunopress.it\\\/2022\\\/11\\\/14\\\/uno-nessuna-centomila-lo-spettacolo-venerdi-18-novembre-ad-auronzo-di-cadore\\\/\",\"name\":\"Uno NessunA Centomila. Lo spettacolo venerd\u00ec 18 novembre ad Auronzo di Cadore - Bellunopress - Dolomiti\",\"isPartOf\":{\"@id\":\"https:\\\/\\\/www.bellunopress.it\\\/#website\"},\"primaryImageOfPage\":{\"@id\":\"https:\\\/\\\/www.bellunopress.it\\\/2022\\\/11\\\/14\\\/uno-nessuna-centomila-lo-spettacolo-venerdi-18-novembre-ad-auronzo-di-cadore\\\/#primaryimage\"},\"image\":{\"@id\":\"https:\\\/\\\/www.bellunopress.it\\\/2022\\\/11\\\/14\\\/uno-nessuna-centomila-lo-spettacolo-venerdi-18-novembre-ad-auronzo-di-cadore\\\/#primaryimage\"},\"thumbnailUrl\":\"https:\\\/\\\/www.bellunopress.it\\\/wp-content\\\/uploads\\\/2022\\\/11\\\/Uno-nessuna-centomila_edited.jpg\",\"datePublished\":\"2022-11-14T06:08:59+00:00\",\"breadcrumb\":{\"@id\":\"https:\\\/\\\/www.bellunopress.it\\\/2022\\\/11\\\/14\\\/uno-nessuna-centomila-lo-spettacolo-venerdi-18-novembre-ad-auronzo-di-cadore\\\/#breadcrumb\"},\"inLanguage\":\"fr-FR\",\"potentialAction\":[{\"@type\":\"ReadAction\",\"target\":[\"https:\\\/\\\/www.bellunopress.it\\\/2022\\\/11\\\/14\\\/uno-nessuna-centomila-lo-spettacolo-venerdi-18-novembre-ad-auronzo-di-cadore\\\/\"]}]},{\"@type\":\"ImageObject\",\"inLanguage\":\"fr-FR\",\"@id\":\"https:\\\/\\\/www.bellunopress.it\\\/2022\\\/11\\\/14\\\/uno-nessuna-centomila-lo-spettacolo-venerdi-18-novembre-ad-auronzo-di-cadore\\\/#primaryimage\",\"url\":\"https:\\\/\\\/www.bellunopress.it\\\/wp-content\\\/uploads\\\/2022\\\/11\\\/Uno-nessuna-centomila_edited.jpg\",\"contentUrl\":\"https:\\\/\\\/www.bellunopress.it\\\/wp-content\\\/uploads\\\/2022\\\/11\\\/Uno-nessuna-centomila_edited.jpg\",\"width\":600,\"height\":400},{\"@type\":\"BreadcrumbList\",\"@id\":\"https:\\\/\\\/www.bellunopress.it\\\/2022\\\/11\\\/14\\\/uno-nessuna-centomila-lo-spettacolo-venerdi-18-novembre-ad-auronzo-di-cadore\\\/#breadcrumb\",\"itemListElement\":[{\"@type\":\"ListItem\",\"position\":1,\"name\":\"Home\",\"item\":\"https:\\\/\\\/www.bellunopress.it\\\/\"},{\"@type\":\"ListItem\",\"position\":2,\"name\":\"Uno NessunA Centomila. Lo spettacolo venerd\u00ec 18 novembre ad Auronzo di Cadore\"}]},{\"@type\":\"WebSite\",\"@id\":\"https:\\\/\\\/www.bellunopress.it\\\/#website\",\"url\":\"https:\\\/\\\/www.bellunopress.it\\\/\",\"name\":\"Bellunopress - Dolomiti\",\"description\":\"e-mail: redazione@bellunopress.it\",\"publisher\":{\"@id\":\"https:\\\/\\\/www.bellunopress.it\\\/#organization\"},\"potentialAction\":[{\"@type\":\"SearchAction\",\"target\":{\"@type\":\"EntryPoint\",\"urlTemplate\":\"https:\\\/\\\/www.bellunopress.it\\\/?s={search_term_string}\"},\"query-input\":{\"@type\":\"PropertyValueSpecification\",\"valueRequired\":true,\"valueName\":\"search_term_string\"}}],\"inLanguage\":\"fr-FR\"},{\"@type\":\"Organization\",\"@id\":\"https:\\\/\\\/www.bellunopress.it\\\/#organization\",\"name\":\"Bellunopress\",\"url\":\"https:\\\/\\\/www.bellunopress.it\\\/\",\"logo\":{\"@type\":\"ImageObject\",\"inLanguage\":\"fr-FR\",\"@id\":\"https:\\\/\\\/www.bellunopress.it\\\/#\\\/schema\\\/logo\\\/image\\\/\",\"url\":\"https:\\\/\\\/www.bellunopress.it\\\/wp-content\\\/uploads\\\/2011\\\/05\\\/cropped-logo-bellunopress-.jpg\",\"contentUrl\":\"https:\\\/\\\/www.bellunopress.it\\\/wp-content\\\/uploads\\\/2011\\\/05\\\/cropped-logo-bellunopress-.jpg\",\"width\":512,\"height\":512,\"caption\":\"Bellunopress\"},\"image\":{\"@id\":\"https:\\\/\\\/www.bellunopress.it\\\/#\\\/schema\\\/logo\\\/image\\\/\"},\"sameAs\":[\"https:\\\/\\\/www.facebook.com\\\/profile.php?id=100008943462799\",\"https:\\\/\\\/x.com\\\/bellunopress\",\"https:\\\/\\\/www.linkedin.com\\\/hp\\\/?dnr=JBzUWaJfMUw8vbXJJ2tVW5-I3jZKvC4wsoxE&amp;amp;amp;amp;amp;amp;trk=nav_responsive_tab_home\",\"https:\\\/\\\/www.youtube.com\\\/channel\\\/UCxL0wu1uN0_3_7hGG0306cw\"]},{\"@type\":\"Person\",\"@id\":\"https:\\\/\\\/www.bellunopress.it\\\/#\\\/schema\\\/person\\\/79bb06722b37ece1c03d3e94beb30d73\",\"name\":\"redazione\",\"image\":{\"@type\":\"ImageObject\",\"inLanguage\":\"fr-FR\",\"@id\":\"https:\\\/\\\/secure.gravatar.com\\\/avatar\\\/37d968a2e67a6fd04c169c4bdef102d0bc5d31b2546345219e348575eb80e9a0?s=96&d=mm&r=g\",\"url\":\"https:\\\/\\\/secure.gravatar.com\\\/avatar\\\/37d968a2e67a6fd04c169c4bdef102d0bc5d31b2546345219e348575eb80e9a0?s=96&d=mm&r=g\",\"contentUrl\":\"https:\\\/\\\/secure.gravatar.com\\\/avatar\\\/37d968a2e67a6fd04c169c4bdef102d0bc5d31b2546345219e348575eb80e9a0?s=96&d=mm&r=g\",\"caption\":\"redazione\"},\"sameAs\":[\"http:\\\/\\\/www.bellunopress.it\",\"https:\\\/\\\/x.com\\\/bellunopress\"],\"url\":\"https:\\\/\\\/www.bellunopress.it\\\/fr\\\/author\\\/redazione\\\/\"}]}<\/script>\n<!-- \/ Yoast SEO plugin. -->","yoast_head_json":{"title":"Uno NessunA Centomila. Lo spettacolo venerd\u00ec 18 novembre ad Auronzo di Cadore - Bellunopress - Dolomiti","robots":{"index":"index","follow":"follow","max-snippet":"max-snippet:-1","max-image-preview":"max-image-preview:large","max-video-preview":"max-video-preview:-1"},"canonical":"https:\/\/www.bellunopress.it\/fr\/2022\/11\/14\/uno-nessuna-centomila-lo-spettacolo-venerdi-18-novembre-ad-auronzo-di-cadore\/","og_locale":"fr_FR","og_type":"article","og_title":"Uno NessunA Centomila. Lo spettacolo venerd\u00ec 18 novembre ad Auronzo di Cadore - Bellunopress - Dolomiti","og_description":"Uno NessunA Centomila, Mat\u00e0z teatro. Sala Consiliare del Municipio di Auronzo di Cadore \u2013 Via Roma, 24\u00a0Auronzo di Cadore (BL) 18 novembre 2022 ore 21.00 Organizzato dal Comune di Auronzo di Cadore in collaborazione con Luisa Trevisi \u2013 Idee che danno spettacolo in occasione della Giornata internazionale per l&#8217;eliminazione della violenza contro le donne 2022, [&hellip;]","og_url":"https:\/\/www.bellunopress.it\/fr\/2022\/11\/14\/uno-nessuna-centomila-lo-spettacolo-venerdi-18-novembre-ad-auronzo-di-cadore\/","og_site_name":"Bellunopress - Dolomiti","article_publisher":"https:\/\/www.facebook.com\/profile.php?id=100008943462799","article_published_time":"2022-11-14T06:08:59+00:00","og_image":[{"width":600,"height":400,"url":"https:\/\/www.bellunopress.it\/wp-content\/uploads\/2022\/11\/Uno-nessuna-centomila_edited.jpg","type":"image\/jpeg"}],"author":"redazione","twitter_card":"summary_large_image","twitter_creator":"@bellunopress","twitter_site":"@bellunopress","twitter_misc":{"Written by":"redazione","Est. reading time":"6 minutes"},"schema":{"@context":"https:\/\/schema.org","@graph":[{"@type":"Article","@id":"https:\/\/www.bellunopress.it\/2022\/11\/14\/uno-nessuna-centomila-lo-spettacolo-venerdi-18-novembre-ad-auronzo-di-cadore\/#article","isPartOf":{"@id":"https:\/\/www.bellunopress.it\/2022\/11\/14\/uno-nessuna-centomila-lo-spettacolo-venerdi-18-novembre-ad-auronzo-di-cadore\/"},"author":{"name":"redazione","@id":"https:\/\/www.bellunopress.it\/#\/schema\/person\/79bb06722b37ece1c03d3e94beb30d73"},"headline":"Uno NessunA Centomila. Lo spettacolo venerd\u00ec 18 novembre ad Auronzo di Cadore","datePublished":"2022-11-14T06:08:59+00:00","mainEntityOfPage":{"@id":"https:\/\/www.bellunopress.it\/2022\/11\/14\/uno-nessuna-centomila-lo-spettacolo-venerdi-18-novembre-ad-auronzo-di-cadore\/"},"wordCount":985,"publisher":{"@id":"https:\/\/www.bellunopress.it\/#organization"},"image":{"@id":"https:\/\/www.bellunopress.it\/2022\/11\/14\/uno-nessuna-centomila-lo-spettacolo-venerdi-18-novembre-ad-auronzo-di-cadore\/#primaryimage"},"thumbnailUrl":"https:\/\/www.bellunopress.it\/wp-content\/uploads\/2022\/11\/Uno-nessuna-centomila_edited.jpg","articleSection":["Appuntamenti, Eventi","Arte, Cultura, Spettacoli, Scienza","Pausa Caff\u00e8"],"inLanguage":"fr-FR"},{"@type":"WebPage","@id":"https:\/\/www.bellunopress.it\/2022\/11\/14\/uno-nessuna-centomila-lo-spettacolo-venerdi-18-novembre-ad-auronzo-di-cadore\/","url":"https:\/\/www.bellunopress.it\/2022\/11\/14\/uno-nessuna-centomila-lo-spettacolo-venerdi-18-novembre-ad-auronzo-di-cadore\/","name":"Uno NessunA Centomila. Lo spettacolo venerd\u00ec 18 novembre ad Auronzo di Cadore - Bellunopress - Dolomiti","isPartOf":{"@id":"https:\/\/www.bellunopress.it\/#website"},"primaryImageOfPage":{"@id":"https:\/\/www.bellunopress.it\/2022\/11\/14\/uno-nessuna-centomila-lo-spettacolo-venerdi-18-novembre-ad-auronzo-di-cadore\/#primaryimage"},"image":{"@id":"https:\/\/www.bellunopress.it\/2022\/11\/14\/uno-nessuna-centomila-lo-spettacolo-venerdi-18-novembre-ad-auronzo-di-cadore\/#primaryimage"},"thumbnailUrl":"https:\/\/www.bellunopress.it\/wp-content\/uploads\/2022\/11\/Uno-nessuna-centomila_edited.jpg","datePublished":"2022-11-14T06:08:59+00:00","breadcrumb":{"@id":"https:\/\/www.bellunopress.it\/2022\/11\/14\/uno-nessuna-centomila-lo-spettacolo-venerdi-18-novembre-ad-auronzo-di-cadore\/#breadcrumb"},"inLanguage":"fr-FR","potentialAction":[{"@type":"ReadAction","target":["https:\/\/www.bellunopress.it\/2022\/11\/14\/uno-nessuna-centomila-lo-spettacolo-venerdi-18-novembre-ad-auronzo-di-cadore\/"]}]},{"@type":"ImageObject","inLanguage":"fr-FR","@id":"https:\/\/www.bellunopress.it\/2022\/11\/14\/uno-nessuna-centomila-lo-spettacolo-venerdi-18-novembre-ad-auronzo-di-cadore\/#primaryimage","url":"https:\/\/www.bellunopress.it\/wp-content\/uploads\/2022\/11\/Uno-nessuna-centomila_edited.jpg","contentUrl":"https:\/\/www.bellunopress.it\/wp-content\/uploads\/2022\/11\/Uno-nessuna-centomila_edited.jpg","width":600,"height":400},{"@type":"BreadcrumbList","@id":"https:\/\/www.bellunopress.it\/2022\/11\/14\/uno-nessuna-centomila-lo-spettacolo-venerdi-18-novembre-ad-auronzo-di-cadore\/#breadcrumb","itemListElement":[{"@type":"ListItem","position":1,"name":"Home","item":"https:\/\/www.bellunopress.it\/"},{"@type":"ListItem","position":2,"name":"Uno NessunA Centomila. Lo spettacolo venerd\u00ec 18 novembre ad Auronzo di Cadore"}]},{"@type":"WebSite","@id":"https:\/\/www.bellunopress.it\/#website","url":"https:\/\/www.bellunopress.it\/","name":"Bellunopress - Dolomiti","description":"e-mail: redazione@bellunopress.it","publisher":{"@id":"https:\/\/www.bellunopress.it\/#organization"},"potentialAction":[{"@type":"SearchAction","target":{"@type":"EntryPoint","urlTemplate":"https:\/\/www.bellunopress.it\/?s={search_term_string}"},"query-input":{"@type":"PropertyValueSpecification","valueRequired":true,"valueName":"search_term_string"}}],"inLanguage":"fr-FR"},{"@type":"Organization","@id":"https:\/\/www.bellunopress.it\/#organization","name":"Bellunopress","url":"https:\/\/www.bellunopress.it\/","logo":{"@type":"ImageObject","inLanguage":"fr-FR","@id":"https:\/\/www.bellunopress.it\/#\/schema\/logo\/image\/","url":"https:\/\/www.bellunopress.it\/wp-content\/uploads\/2011\/05\/cropped-logo-bellunopress-.jpg","contentUrl":"https:\/\/www.bellunopress.it\/wp-content\/uploads\/2011\/05\/cropped-logo-bellunopress-.jpg","width":512,"height":512,"caption":"Bellunopress"},"image":{"@id":"https:\/\/www.bellunopress.it\/#\/schema\/logo\/image\/"},"sameAs":["https:\/\/www.facebook.com\/profile.php?id=100008943462799","https:\/\/x.com\/bellunopress","https:\/\/www.linkedin.com\/hp\/?dnr=JBzUWaJfMUw8vbXJJ2tVW5-I3jZKvC4wsoxE&amp;amp;amp;amp;amp;amp;trk=nav_responsive_tab_home","https:\/\/www.youtube.com\/channel\/UCxL0wu1uN0_3_7hGG0306cw"]},{"@type":"Person","@id":"https:\/\/www.bellunopress.it\/#\/schema\/person\/79bb06722b37ece1c03d3e94beb30d73","name":"r\u00e9daction","image":{"@type":"ImageObject","inLanguage":"fr-FR","@id":"https:\/\/secure.gravatar.com\/avatar\/37d968a2e67a6fd04c169c4bdef102d0bc5d31b2546345219e348575eb80e9a0?s=96&d=mm&r=g","url":"https:\/\/secure.gravatar.com\/avatar\/37d968a2e67a6fd04c169c4bdef102d0bc5d31b2546345219e348575eb80e9a0?s=96&d=mm&r=g","contentUrl":"https:\/\/secure.gravatar.com\/avatar\/37d968a2e67a6fd04c169c4bdef102d0bc5d31b2546345219e348575eb80e9a0?s=96&d=mm&r=g","caption":"redazione"},"sameAs":["http:\/\/www.bellunopress.it","https:\/\/x.com\/bellunopress"],"url":"https:\/\/www.bellunopress.it\/fr\/author\/redazione\/"}]}},"_links":{"self":[{"href":"https:\/\/www.bellunopress.it\/fr\/wp-json\/wp\/v2\/posts\/137668","targetHints":{"allow":["GET"]}}],"collection":[{"href":"https:\/\/www.bellunopress.it\/fr\/wp-json\/wp\/v2\/posts"}],"about":[{"href":"https:\/\/www.bellunopress.it\/fr\/wp-json\/wp\/v2\/types\/post"}],"author":[{"embeddable":true,"href":"https:\/\/www.bellunopress.it\/fr\/wp-json\/wp\/v2\/users\/2"}],"replies":[{"embeddable":true,"href":"https:\/\/www.bellunopress.it\/fr\/wp-json\/wp\/v2\/comments?post=137668"}],"version-history":[{"count":1,"href":"https:\/\/www.bellunopress.it\/fr\/wp-json\/wp\/v2\/posts\/137668\/revisions"}],"predecessor-version":[{"id":137670,"href":"https:\/\/www.bellunopress.it\/fr\/wp-json\/wp\/v2\/posts\/137668\/revisions\/137670"}],"wp:featuredmedia":[{"embeddable":true,"href":"https:\/\/www.bellunopress.it\/fr\/wp-json\/wp\/v2\/media\/137669"}],"wp:attachment":[{"href":"https:\/\/www.bellunopress.it\/fr\/wp-json\/wp\/v2\/media?parent=137668"}],"wp:term":[{"taxonomy":"category","embeddable":true,"href":"https:\/\/www.bellunopress.it\/fr\/wp-json\/wp\/v2\/categories?post=137668"},{"taxonomy":"post_tag","embeddable":true,"href":"https:\/\/www.bellunopress.it\/fr\/wp-json\/wp\/v2\/tags?post=137668"}],"curies":[{"name":"wp","href":"https:\/\/api.w.org\/{rel}","templated":true}]}}