{"id":137660,"date":"2022-11-13T16:05:24","date_gmt":"2022-11-13T15:05:24","guid":{"rendered":"https:\/\/www.bellunopress.it\/?p=137660"},"modified":"2022-11-13T21:09:13","modified_gmt":"2022-11-13T20:09:13","slug":"vittoria-dolomitica-a-caldero","status":"publish","type":"post","link":"https:\/\/www.bellunopress.it\/fr\/2022\/11\/13\/vittoria-dolomitica-a-caldero\/","title":{"rendered":"Vittoria dolomitica a Caldero"},"content":{"rendered":"<figure id=\"attachment_137661\" aria-describedby=\"caption-attachment-137661\" style=\"width: 1193px\" class=\"wp-caption alignleft\"><img loading=\"lazy\" decoding=\"async\" class=\"size-full wp-image-137661\" src=\"https:\/\/www.bellunopress.it\/wp-content\/uploads\/2022\/11\/Arcopinto_attaccato_da_dietro.jpg\" alt=\"Dolomiti Bellunesi calcio\" width=\"1193\" height=\"715\" srcset=\"https:\/\/www.bellunopress.it\/wp-content\/uploads\/2022\/11\/Arcopinto_attaccato_da_dietro.jpg 1193w, https:\/\/www.bellunopress.it\/wp-content\/uploads\/2022\/11\/Arcopinto_attaccato_da_dietro-500x300.jpg 500w, https:\/\/www.bellunopress.it\/wp-content\/uploads\/2022\/11\/Arcopinto_attaccato_da_dietro-1000x599.jpg 1000w, https:\/\/www.bellunopress.it\/wp-content\/uploads\/2022\/11\/Arcopinto_attaccato_da_dietro-696x417.jpg 696w, https:\/\/www.bellunopress.it\/wp-content\/uploads\/2022\/11\/Arcopinto_attaccato_da_dietro-1068x640.jpg 1068w, https:\/\/www.bellunopress.it\/wp-content\/uploads\/2022\/11\/Arcopinto_attaccato_da_dietro-701x420.jpg 701w\" sizes=\"auto, (max-width: 1193px) 100vw, 1193px\" \/><figcaption id=\"caption-attachment-137661\" class=\"wp-caption-text\">Arcopinto_attaccato_da_dietro (Foto: Giuseppe De Zanet)<\/figcaption><\/figure>\n<p>Tre punti, due espulsioni, un gol: successo dolomitico a Caldiero<\/p>\n<p>CALDIERO TERME-DOLOMITI BELLUNESI 0-1<\/p>\n<p>GOL: st 15&#8242; Svidercoschi.<\/p>\n<p>CALDIERO TERME: Kuqi, Cherubin (st 38&#8242; Miloradovic), Braga, Filiciotto, Rossi, Roverato, Zerbato, Boldini (st 31&#8242; Fiumicetti), Battistini (st 37&#8242; Boni), Manarin, Pimazzoni (st 20&#8242; Orfeini) (a disposizione: Bega, Lerco, Cinel, Marini, Cordioli). Allenatore: F. Cacciatore.<\/p>\n<p>DOLOMITI BELLUNESI: Virvilas; Cucchisi, Alari, Conti, Macchioni; Artioli, Onescu, Arcopinto (st 28&#8242; De Paoli, 49&#8242; Faraon); T. Cossalter (st 28&#8242; A. Cossalter); Corbanese (st 23&#8242; Alcides), Svidercoschi (a disposizione: Saccon, Pasqualino, Casella, Toniolo, De Carli). Allenatore: D. Zanin.<\/p>\n<p>ARBITRO: Kristian Bell\u00f2 di Castelfranco Veneto (assistenti: Simone Ambrosino di Nichelino e Giuseppe Lugaro di Palermo).<\/p>\n<p>NOTE. Ammoniti: Macchioni, Onescu, Zerbato, De Paoli. Angoli: 9-5. Espulsi: st 21&#8242; Cucchisi e 36&#8242; Alex Cossalter. Angoli: 9-4. Recupero: pt 0&#8242;; st 5&#8242;.<\/p>\n<p>\u00c8 la vittoria del sacrificio, della forza di volont\u00e0, dello spirito di gruppo. Una vittoria che matura nonostante le assenze (Pettin\u00e0 e Sommacal), gli acciacchi (De Paoli e Alex Cossalter, partiti entrambi dalla panchina). E a dispetto della doppia inferiorit\u00e0 numerica (espulsi Cucchisi e Alex Cossalter). Ma la SSD Dolomiti Bellunesi va oltre qualsiasi tipo di imprevisto e di avversit\u00e0. Mira dritta al bersaglio, con determinazione, razionalit\u00e0, sangue freddo. E a Caldiero, contro la terza della classe, conquista tre punti di assoluta rilevanza: per la classifica (agganciato il dodicesimo posto: la zona playout \u00e8 alle spalle), il morale e le certezze di un gruppo che, in trasferta, infila il terzo risultato utile consecutivo. A decidere \u00e8 un lampo di Svidercoschi, al quinto centro stagionale tra campionato e coppa.<\/p>\n<p>SARACINESCA VIRVILAS &#8211; Passando alla cronaca, Virvilas \u00e8 decisivo in tre circostanze: al 18&#8242;, quando devia in maniera provvidenziale un colpo di testa di Pimazzoni. Alla mezz&#8217;ora, nel momento in cui allunga in corner una punizione centrale di Filiciotto. E a ridosso dell&#8217;intervallo: in questo caso, l&#8217;estremo difensore lituano si supera intercettando un gran destro di Manarin, dal limite. I dolomitici, invece, sono pericolosi con Onescu, che di testa non inquadra il bersaglio.<\/p>\n<p>EPISODIO &#8211; La gara \u00e8 piuttosto bloccata. E solo un episodio la pu\u00f2 indirizzare, in un verso o nell&#8217;altro. Episodio che puntualmente si materializza allo scoccare dell&#8217;ora di gioco: Svidercoschi approfitta di una lettura rivedibile della retroguardia veronese, si avventa sulla sfera, la mette gi\u00f9 e lascia partire un tiro che si insacca sotto la traversa. \u00c8 il vantaggio dolomitico. Solo che, 6&#8242; pi\u00f9 tardi, Cucchisi ferma in maniera irregolare una ripartenza gialloverde, all&#8217;altezza della mediana. E l&#8217;arbitro estrae il rosso diretto: oltre mezz&#8217;ora in inferiorit\u00e0 numerica, quindi. Inferiorit\u00e0 che diventa addirittura duplice, a 9&#8242; dallo scadere, in seguito all&#8217;espulsione di Alex Cossalter, la cui gara dura appena 8 giri di lancette. Ancora una volta viene punito con la massima severit\u00e0 un fallo da dietro. Ma il fortino dolomitico regge.<\/p>\n<p>L&#8217;ANALISI &#8211; \u00abComplimenti alla squadra, ha disputato una partita straordinaria contro la terza in classifica &#8211; afferma mister Diego Zanin -. La fase di non possesso \u00e8 stata interpretata molto bene e il gol lo abbiamo cercato con insistenza. Le due espulsioni? Abbiamo dimostrato di saper soffrire: una caratteristica che dobbiamo portare con noi pure in futuro. S\u00ec, siamo stati anche coraggiosi: consapevoli di chi avevamo di fronte, dopo una sconfitta in casa, il gruppo ha risposto al meglio\u00bb. Zanin &#8220;consola&#8221; Cucchisi, espulso a met\u00e0 ripresa: \u00abProva strepitosa, \u00e8 stato bravissimo e non si deve minimamente preoccupare. Il rosso ad Alex? Forse poteva essere valutato in maniera diversa\u00bb. E domenica prossima si torna al polisportivo per affrontare il Levico. Parola d&#8217;ordine? Continuit\u00e0.<\/p>","protected":false},"excerpt":{"rendered":"<p>Tre punti, due espulsioni, un gol: successo dolomitico a Caldiero CALDIERO TERME-DOLOMITI BELLUNESI 0-1 GOL: st 15&#8242; Svidercoschi. CALDIERO TERME: Kuqi, Cherubin (st 38&#8242; Miloradovic), Braga, Filiciotto, Rossi, Roverato, Zerbato, Boldini (st 31&#8242; Fiumicetti), Battistini (st 37&#8242; Boni), Manarin, Pimazzoni (st 20&#8242; Orfeini) (a disposizione: Bega, Lerco, Cinel, Marini, Cordioli). Allenatore: F. Cacciatore. DOLOMITI BELLUNESI: [&hellip;]<\/p>\n","protected":false},"author":2,"featured_media":137661,"comment_status":"closed","ping_status":"open","sticky":false,"template":"","format":"standard","meta":{"footnotes":""},"categories":[26,4],"tags":[],"class_list":["post-137660","post","type-post","status-publish","format-standard","has-post-thumbnail","category-prima-pagina","category-sport"],"yoast_head":"<!-- This site is optimized with the Yoast SEO plugin v28.4 - https:\/\/yoast.com\/product\/yoast-seo-wordpress\/ -->\n<title>Vittoria dolomitica a Caldero - Bellunopress - Dolomiti<\/title>\n<meta name=\"robots\" content=\"index, follow, max-snippet:-1, max-image-preview:large, max-video-preview:-1\" \/>\n<link rel=\"canonical\" href=\"https:\/\/www.bellunopress.it\/fr\/2022\/11\/13\/vittoria-dolomitica-a-caldero\/\" \/>\n<meta property=\"og:locale\" content=\"fr_FR\" \/>\n<meta property=\"og:type\" content=\"article\" \/>\n<meta property=\"og:title\" content=\"Vittoria dolomitica a Caldero - Bellunopress - Dolomiti\" \/>\n<meta property=\"og:description\" content=\"Tre punti, due espulsioni, un gol: successo dolomitico a Caldiero CALDIERO TERME-DOLOMITI BELLUNESI 0-1 GOL: st 15&#8242; Svidercoschi. CALDIERO TERME: Kuqi, Cherubin (st 38&#8242; Miloradovic), Braga, Filiciotto, Rossi, Roverato, Zerbato, Boldini (st 31&#8242; Fiumicetti), Battistini (st 37&#8242; Boni), Manarin, Pimazzoni (st 20&#8242; Orfeini) (a disposizione: Bega, Lerco, Cinel, Marini, Cordioli). Allenatore: F. Cacciatore. DOLOMITI BELLUNESI: [&hellip;]\" \/>\n<meta property=\"og:url\" content=\"https:\/\/www.bellunopress.it\/fr\/2022\/11\/13\/vittoria-dolomitica-a-caldero\/\" \/>\n<meta property=\"og:site_name\" content=\"Bellunopress - Dolomiti\" \/>\n<meta property=\"article:publisher\" content=\"https:\/\/www.facebook.com\/profile.php?id=100008943462799\" \/>\n<meta property=\"article:published_time\" content=\"2022-11-13T15:05:24+00:00\" \/>\n<meta property=\"article:modified_time\" content=\"2022-11-13T20:09:13+00:00\" \/>\n<meta property=\"og:image\" content=\"https:\/\/www.bellunopress.it\/wp-content\/uploads\/2022\/11\/Arcopinto_attaccato_da_dietro.jpg\" \/>\n\t<meta property=\"og:image:width\" content=\"1193\" \/>\n\t<meta property=\"og:image:height\" content=\"715\" \/>\n\t<meta property=\"og:image:type\" content=\"image\/jpeg\" \/>\n<meta name=\"author\" content=\"redazione\" \/>\n<meta name=\"twitter:card\" content=\"summary_large_image\" \/>\n<meta name=\"twitter:creator\" content=\"@bellunopress\" \/>\n<meta name=\"twitter:site\" content=\"@bellunopress\" \/>\n<meta name=\"twitter:label1\" content=\"Written by\" \/>\n\t<meta name=\"twitter:data1\" content=\"redazione\" \/>\n\t<meta name=\"twitter:label2\" content=\"Est. reading time\" \/>\n\t<meta name=\"twitter:data2\" content=\"4 minutes\" \/>\n<script type=\"application\/ld+json\" class=\"yoast-schema-graph\">{\"@context\":\"https:\\\/\\\/schema.org\",\"@graph\":[{\"@type\":\"Article\",\"@id\":\"https:\\\/\\\/www.bellunopress.it\\\/2022\\\/11\\\/13\\\/vittoria-dolomitica-a-caldero\\\/#article\",\"isPartOf\":{\"@id\":\"https:\\\/\\\/www.bellunopress.it\\\/2022\\\/11\\\/13\\\/vittoria-dolomitica-a-caldero\\\/\"},\"author\":{\"name\":\"redazione\",\"@id\":\"https:\\\/\\\/www.bellunopress.it\\\/#\\\/schema\\\/person\\\/79bb06722b37ece1c03d3e94beb30d73\"},\"headline\":\"Vittoria dolomitica a Caldero\",\"datePublished\":\"2022-11-13T15:05:24+00:00\",\"dateModified\":\"2022-11-13T20:09:13+00:00\",\"mainEntityOfPage\":{\"@id\":\"https:\\\/\\\/www.bellunopress.it\\\/2022\\\/11\\\/13\\\/vittoria-dolomitica-a-caldero\\\/\"},\"wordCount\":589,\"publisher\":{\"@id\":\"https:\\\/\\\/www.bellunopress.it\\\/#organization\"},\"image\":{\"@id\":\"https:\\\/\\\/www.bellunopress.it\\\/2022\\\/11\\\/13\\\/vittoria-dolomitica-a-caldero\\\/#primaryimage\"},\"thumbnailUrl\":\"https:\\\/\\\/www.bellunopress.it\\\/wp-content\\\/uploads\\\/2022\\\/11\\\/Arcopinto_attaccato_da_dietro.jpg\",\"articleSection\":[\"Prima Pagina\",\"Sport, tempo libero\"],\"inLanguage\":\"fr-FR\"},{\"@type\":\"WebPage\",\"@id\":\"https:\\\/\\\/www.bellunopress.it\\\/2022\\\/11\\\/13\\\/vittoria-dolomitica-a-caldero\\\/\",\"url\":\"https:\\\/\\\/www.bellunopress.it\\\/2022\\\/11\\\/13\\\/vittoria-dolomitica-a-caldero\\\/\",\"name\":\"Vittoria dolomitica a Caldero - Bellunopress - Dolomiti\",\"isPartOf\":{\"@id\":\"https:\\\/\\\/www.bellunopress.it\\\/#website\"},\"primaryImageOfPage\":{\"@id\":\"https:\\\/\\\/www.bellunopress.it\\\/2022\\\/11\\\/13\\\/vittoria-dolomitica-a-caldero\\\/#primaryimage\"},\"image\":{\"@id\":\"https:\\\/\\\/www.bellunopress.it\\\/2022\\\/11\\\/13\\\/vittoria-dolomitica-a-caldero\\\/#primaryimage\"},\"thumbnailUrl\":\"https:\\\/\\\/www.bellunopress.it\\\/wp-content\\\/uploads\\\/2022\\\/11\\\/Arcopinto_attaccato_da_dietro.jpg\",\"datePublished\":\"2022-11-13T15:05:24+00:00\",\"dateModified\":\"2022-11-13T20:09:13+00:00\",\"breadcrumb\":{\"@id\":\"https:\\\/\\\/www.bellunopress.it\\\/2022\\\/11\\\/13\\\/vittoria-dolomitica-a-caldero\\\/#breadcrumb\"},\"inLanguage\":\"fr-FR\",\"potentialAction\":[{\"@type\":\"ReadAction\",\"target\":[\"https:\\\/\\\/www.bellunopress.it\\\/2022\\\/11\\\/13\\\/vittoria-dolomitica-a-caldero\\\/\"]}]},{\"@type\":\"ImageObject\",\"inLanguage\":\"fr-FR\",\"@id\":\"https:\\\/\\\/www.bellunopress.it\\\/2022\\\/11\\\/13\\\/vittoria-dolomitica-a-caldero\\\/#primaryimage\",\"url\":\"https:\\\/\\\/www.bellunopress.it\\\/wp-content\\\/uploads\\\/2022\\\/11\\\/Arcopinto_attaccato_da_dietro.jpg\",\"contentUrl\":\"https:\\\/\\\/www.bellunopress.it\\\/wp-content\\\/uploads\\\/2022\\\/11\\\/Arcopinto_attaccato_da_dietro.jpg\",\"width\":1193,\"height\":715,\"caption\":\"Arcopinto_attaccato_da_dietro (Foto: Giuseppe De Zanet)\"},{\"@type\":\"BreadcrumbList\",\"@id\":\"https:\\\/\\\/www.bellunopress.it\\\/2022\\\/11\\\/13\\\/vittoria-dolomitica-a-caldero\\\/#breadcrumb\",\"itemListElement\":[{\"@type\":\"ListItem\",\"position\":1,\"name\":\"Home\",\"item\":\"https:\\\/\\\/www.bellunopress.it\\\/\"},{\"@type\":\"ListItem\",\"position\":2,\"name\":\"Vittoria dolomitica a Caldero\"}]},{\"@type\":\"WebSite\",\"@id\":\"https:\\\/\\\/www.bellunopress.it\\\/#website\",\"url\":\"https:\\\/\\\/www.bellunopress.it\\\/\",\"name\":\"Bellunopress - Dolomiti\",\"description\":\"e-mail: redazione@bellunopress.it\",\"publisher\":{\"@id\":\"https:\\\/\\\/www.bellunopress.it\\\/#organization\"},\"potentialAction\":[{\"@type\":\"SearchAction\",\"target\":{\"@type\":\"EntryPoint\",\"urlTemplate\":\"https:\\\/\\\/www.bellunopress.it\\\/?s={search_term_string}\"},\"query-input\":{\"@type\":\"PropertyValueSpecification\",\"valueRequired\":true,\"valueName\":\"search_term_string\"}}],\"inLanguage\":\"fr-FR\"},{\"@type\":\"Organization\",\"@id\":\"https:\\\/\\\/www.bellunopress.it\\\/#organization\",\"name\":\"Bellunopress\",\"url\":\"https:\\\/\\\/www.bellunopress.it\\\/\",\"logo\":{\"@type\":\"ImageObject\",\"inLanguage\":\"fr-FR\",\"@id\":\"https:\\\/\\\/www.bellunopress.it\\\/#\\\/schema\\\/logo\\\/image\\\/\",\"url\":\"https:\\\/\\\/www.bellunopress.it\\\/wp-content\\\/uploads\\\/2011\\\/05\\\/cropped-logo-bellunopress-.jpg\",\"contentUrl\":\"https:\\\/\\\/www.bellunopress.it\\\/wp-content\\\/uploads\\\/2011\\\/05\\\/cropped-logo-bellunopress-.jpg\",\"width\":512,\"height\":512,\"caption\":\"Bellunopress\"},\"image\":{\"@id\":\"https:\\\/\\\/www.bellunopress.it\\\/#\\\/schema\\\/logo\\\/image\\\/\"},\"sameAs\":[\"https:\\\/\\\/www.facebook.com\\\/profile.php?id=100008943462799\",\"https:\\\/\\\/x.com\\\/bellunopress\",\"https:\\\/\\\/www.linkedin.com\\\/hp\\\/?dnr=JBzUWaJfMUw8vbXJJ2tVW5-I3jZKvC4wsoxE&amp;amp;amp;amp;amp;amp;trk=nav_responsive_tab_home\",\"https:\\\/\\\/www.youtube.com\\\/channel\\\/UCxL0wu1uN0_3_7hGG0306cw\"]},{\"@type\":\"Person\",\"@id\":\"https:\\\/\\\/www.bellunopress.it\\\/#\\\/schema\\\/person\\\/79bb06722b37ece1c03d3e94beb30d73\",\"name\":\"redazione\",\"image\":{\"@type\":\"ImageObject\",\"inLanguage\":\"fr-FR\",\"@id\":\"https:\\\/\\\/secure.gravatar.com\\\/avatar\\\/37d968a2e67a6fd04c169c4bdef102d0bc5d31b2546345219e348575eb80e9a0?s=96&d=mm&r=g\",\"url\":\"https:\\\/\\\/secure.gravatar.com\\\/avatar\\\/37d968a2e67a6fd04c169c4bdef102d0bc5d31b2546345219e348575eb80e9a0?s=96&d=mm&r=g\",\"contentUrl\":\"https:\\\/\\\/secure.gravatar.com\\\/avatar\\\/37d968a2e67a6fd04c169c4bdef102d0bc5d31b2546345219e348575eb80e9a0?s=96&d=mm&r=g\",\"caption\":\"redazione\"},\"sameAs\":[\"http:\\\/\\\/www.bellunopress.it\",\"https:\\\/\\\/x.com\\\/bellunopress\"],\"url\":\"https:\\\/\\\/www.bellunopress.it\\\/fr\\\/author\\\/redazione\\\/\"}]}<\/script>\n<!-- \/ Yoast SEO plugin. -->","yoast_head_json":{"title":"Vittoria dolomitica a Caldero - Bellunopress - Dolomiti","robots":{"index":"index","follow":"follow","max-snippet":"max-snippet:-1","max-image-preview":"max-image-preview:large","max-video-preview":"max-video-preview:-1"},"canonical":"https:\/\/www.bellunopress.it\/fr\/2022\/11\/13\/vittoria-dolomitica-a-caldero\/","og_locale":"fr_FR","og_type":"article","og_title":"Vittoria dolomitica a Caldero - Bellunopress - Dolomiti","og_description":"Tre punti, due espulsioni, un gol: successo dolomitico a Caldiero CALDIERO TERME-DOLOMITI BELLUNESI 0-1 GOL: st 15&#8242; Svidercoschi. CALDIERO TERME: Kuqi, Cherubin (st 38&#8242; Miloradovic), Braga, Filiciotto, Rossi, Roverato, Zerbato, Boldini (st 31&#8242; Fiumicetti), Battistini (st 37&#8242; Boni), Manarin, Pimazzoni (st 20&#8242; Orfeini) (a disposizione: Bega, Lerco, Cinel, Marini, Cordioli). Allenatore: F. Cacciatore. DOLOMITI BELLUNESI: [&hellip;]","og_url":"https:\/\/www.bellunopress.it\/fr\/2022\/11\/13\/vittoria-dolomitica-a-caldero\/","og_site_name":"Bellunopress - Dolomiti","article_publisher":"https:\/\/www.facebook.com\/profile.php?id=100008943462799","article_published_time":"2022-11-13T15:05:24+00:00","article_modified_time":"2022-11-13T20:09:13+00:00","og_image":[{"width":1193,"height":715,"url":"https:\/\/www.bellunopress.it\/wp-content\/uploads\/2022\/11\/Arcopinto_attaccato_da_dietro.jpg","type":"image\/jpeg"}],"author":"redazione","twitter_card":"summary_large_image","twitter_creator":"@bellunopress","twitter_site":"@bellunopress","twitter_misc":{"Written by":"redazione","Est. reading time":"4 minutes"},"schema":{"@context":"https:\/\/schema.org","@graph":[{"@type":"Article","@id":"https:\/\/www.bellunopress.it\/2022\/11\/13\/vittoria-dolomitica-a-caldero\/#article","isPartOf":{"@id":"https:\/\/www.bellunopress.it\/2022\/11\/13\/vittoria-dolomitica-a-caldero\/"},"author":{"name":"redazione","@id":"https:\/\/www.bellunopress.it\/#\/schema\/person\/79bb06722b37ece1c03d3e94beb30d73"},"headline":"Vittoria dolomitica a Caldero","datePublished":"2022-11-13T15:05:24+00:00","dateModified":"2022-11-13T20:09:13+00:00","mainEntityOfPage":{"@id":"https:\/\/www.bellunopress.it\/2022\/11\/13\/vittoria-dolomitica-a-caldero\/"},"wordCount":589,"publisher":{"@id":"https:\/\/www.bellunopress.it\/#organization"},"image":{"@id":"https:\/\/www.bellunopress.it\/2022\/11\/13\/vittoria-dolomitica-a-caldero\/#primaryimage"},"thumbnailUrl":"https:\/\/www.bellunopress.it\/wp-content\/uploads\/2022\/11\/Arcopinto_attaccato_da_dietro.jpg","articleSection":["Prima Pagina","Sport, tempo libero"],"inLanguage":"fr-FR"},{"@type":"WebPage","@id":"https:\/\/www.bellunopress.it\/2022\/11\/13\/vittoria-dolomitica-a-caldero\/","url":"https:\/\/www.bellunopress.it\/2022\/11\/13\/vittoria-dolomitica-a-caldero\/","name":"Vittoria dolomitica a Caldero - Bellunopress - Dolomiti","isPartOf":{"@id":"https:\/\/www.bellunopress.it\/#website"},"primaryImageOfPage":{"@id":"https:\/\/www.bellunopress.it\/2022\/11\/13\/vittoria-dolomitica-a-caldero\/#primaryimage"},"image":{"@id":"https:\/\/www.bellunopress.it\/2022\/11\/13\/vittoria-dolomitica-a-caldero\/#primaryimage"},"thumbnailUrl":"https:\/\/www.bellunopress.it\/wp-content\/uploads\/2022\/11\/Arcopinto_attaccato_da_dietro.jpg","datePublished":"2022-11-13T15:05:24+00:00","dateModified":"2022-11-13T20:09:13+00:00","breadcrumb":{"@id":"https:\/\/www.bellunopress.it\/2022\/11\/13\/vittoria-dolomitica-a-caldero\/#breadcrumb"},"inLanguage":"fr-FR","potentialAction":[{"@type":"ReadAction","target":["https:\/\/www.bellunopress.it\/2022\/11\/13\/vittoria-dolomitica-a-caldero\/"]}]},{"@type":"ImageObject","inLanguage":"fr-FR","@id":"https:\/\/www.bellunopress.it\/2022\/11\/13\/vittoria-dolomitica-a-caldero\/#primaryimage","url":"https:\/\/www.bellunopress.it\/wp-content\/uploads\/2022\/11\/Arcopinto_attaccato_da_dietro.jpg","contentUrl":"https:\/\/www.bellunopress.it\/wp-content\/uploads\/2022\/11\/Arcopinto_attaccato_da_dietro.jpg","width":1193,"height":715,"caption":"Arcopinto_attaccato_da_dietro (Foto: Giuseppe De Zanet)"},{"@type":"BreadcrumbList","@id":"https:\/\/www.bellunopress.it\/2022\/11\/13\/vittoria-dolomitica-a-caldero\/#breadcrumb","itemListElement":[{"@type":"ListItem","position":1,"name":"Home","item":"https:\/\/www.bellunopress.it\/"},{"@type":"ListItem","position":2,"name":"Vittoria dolomitica a Caldero"}]},{"@type":"WebSite","@id":"https:\/\/www.bellunopress.it\/#website","url":"https:\/\/www.bellunopress.it\/","name":"Bellunopress - Dolomiti","description":"e-mail: redazione@bellunopress.it","publisher":{"@id":"https:\/\/www.bellunopress.it\/#organization"},"potentialAction":[{"@type":"SearchAction","target":{"@type":"EntryPoint","urlTemplate":"https:\/\/www.bellunopress.it\/?s={search_term_string}"},"query-input":{"@type":"PropertyValueSpecification","valueRequired":true,"valueName":"search_term_string"}}],"inLanguage":"fr-FR"},{"@type":"Organization","@id":"https:\/\/www.bellunopress.it\/#organization","name":"Bellunopress","url":"https:\/\/www.bellunopress.it\/","logo":{"@type":"ImageObject","inLanguage":"fr-FR","@id":"https:\/\/www.bellunopress.it\/#\/schema\/logo\/image\/","url":"https:\/\/www.bellunopress.it\/wp-content\/uploads\/2011\/05\/cropped-logo-bellunopress-.jpg","contentUrl":"https:\/\/www.bellunopress.it\/wp-content\/uploads\/2011\/05\/cropped-logo-bellunopress-.jpg","width":512,"height":512,"caption":"Bellunopress"},"image":{"@id":"https:\/\/www.bellunopress.it\/#\/schema\/logo\/image\/"},"sameAs":["https:\/\/www.facebook.com\/profile.php?id=100008943462799","https:\/\/x.com\/bellunopress","https:\/\/www.linkedin.com\/hp\/?dnr=JBzUWaJfMUw8vbXJJ2tVW5-I3jZKvC4wsoxE&amp;amp;amp;amp;amp;amp;trk=nav_responsive_tab_home","https:\/\/www.youtube.com\/channel\/UCxL0wu1uN0_3_7hGG0306cw"]},{"@type":"Person","@id":"https:\/\/www.bellunopress.it\/#\/schema\/person\/79bb06722b37ece1c03d3e94beb30d73","name":"r\u00e9daction","image":{"@type":"ImageObject","inLanguage":"fr-FR","@id":"https:\/\/secure.gravatar.com\/avatar\/37d968a2e67a6fd04c169c4bdef102d0bc5d31b2546345219e348575eb80e9a0?s=96&d=mm&r=g","url":"https:\/\/secure.gravatar.com\/avatar\/37d968a2e67a6fd04c169c4bdef102d0bc5d31b2546345219e348575eb80e9a0?s=96&d=mm&r=g","contentUrl":"https:\/\/secure.gravatar.com\/avatar\/37d968a2e67a6fd04c169c4bdef102d0bc5d31b2546345219e348575eb80e9a0?s=96&d=mm&r=g","caption":"redazione"},"sameAs":["http:\/\/www.bellunopress.it","https:\/\/x.com\/bellunopress"],"url":"https:\/\/www.bellunopress.it\/fr\/author\/redazione\/"}]}},"_links":{"self":[{"href":"https:\/\/www.bellunopress.it\/fr\/wp-json\/wp\/v2\/posts\/137660","targetHints":{"allow":["GET"]}}],"collection":[{"href":"https:\/\/www.bellunopress.it\/fr\/wp-json\/wp\/v2\/posts"}],"about":[{"href":"https:\/\/www.bellunopress.it\/fr\/wp-json\/wp\/v2\/types\/post"}],"author":[{"embeddable":true,"href":"https:\/\/www.bellunopress.it\/fr\/wp-json\/wp\/v2\/users\/2"}],"replies":[{"embeddable":true,"href":"https:\/\/www.bellunopress.it\/fr\/wp-json\/wp\/v2\/comments?post=137660"}],"version-history":[{"count":1,"href":"https:\/\/www.bellunopress.it\/fr\/wp-json\/wp\/v2\/posts\/137660\/revisions"}],"predecessor-version":[{"id":137662,"href":"https:\/\/www.bellunopress.it\/fr\/wp-json\/wp\/v2\/posts\/137660\/revisions\/137662"}],"wp:featuredmedia":[{"embeddable":true,"href":"https:\/\/www.bellunopress.it\/fr\/wp-json\/wp\/v2\/media\/137661"}],"wp:attachment":[{"href":"https:\/\/www.bellunopress.it\/fr\/wp-json\/wp\/v2\/media?parent=137660"}],"wp:term":[{"taxonomy":"category","embeddable":true,"href":"https:\/\/www.bellunopress.it\/fr\/wp-json\/wp\/v2\/categories?post=137660"},{"taxonomy":"post_tag","embeddable":true,"href":"https:\/\/www.bellunopress.it\/fr\/wp-json\/wp\/v2\/tags?post=137660"}],"curies":[{"name":"wp","href":"https:\/\/api.w.org\/{rel}","templated":true}]}}